{"id":248604,"date":"2024-10-17T14:33:40","date_gmt":"2024-10-17T12:33:40","guid":{"rendered":"https:\/\/legrandcontinent.eu\/fr\/?p=248604"},"modified":"2024-10-17T14:36:40","modified_gmt":"2024-10-17T12:36:40","slug":"la-bce-procede-a-une-troisieme-baisse-de-ses-taux-de-25-points-de-base","status":"publish","type":"post","link":"https:\/\/legrandcontinent.eu\/fr\/2024\/10\/17\/la-bce-procede-a-une-troisieme-baisse-de-ses-taux-de-25-points-de-base\/","title":{"rendered":"La BCE proc\u00e8de \u00e0 une troisi\u00e8me baisse de ses taux de 25 points de base"},"content":{"rendered":"\n<p>Depuis juin 2024, la BCE a proc\u00e9d\u00e9 \u00e0 2 baisses de taux de 25 points de base (en juin puis <a href=\"https:\/\/legrandcontinent.eu\/fr\/2024\/09\/12\/la-bce-annonce-une-nouvelle-baisse-de-taux-de-25-points-de-base\/\">en septembre<\/a>). La plupart des analystes s\u2019attendaient \u00e0 une nouvelle baisse aujourd\u2019hui, jeudi 17 octobre, notamment apr\u00e8s que la R\u00e9serve f\u00e9d\u00e9rale am\u00e9ricaine <a href=\"https:\/\/legrandcontinent.eu\/fr\/2024\/09\/18\/la-reserve-federale-americaine-a-baisse-ses-taux-directeurs-de-50-points-de-base\/\">a enclench\u00e9 en force<\/a> le 18 septembre le cycle d&rsquo;assouplissement de sa politique mon\u00e9taire.&nbsp;<\/p>\n\n\n\n<div class=\"iframe-container wp-block-image wp-block-image-medium  iframe-dw\">\n\t<div>\n\t\t<iframe class=\"absolute w-full h-full pin-t pin-l\" title=\"titolo\" aria-label=\"Interactive line chart\" src=\"\/\/datawrapper.dwcdn.net\/Ss9tH\" scrolling=\"no\" frameborder=\"0\"><\/iframe>\n\t<\/div>\n<\/div>\n\n\n\n<p>Joachim Nagel, pr\u00e9sident de la Banque f\u00e9d\u00e9rale d&rsquo;Allemagne et l&rsquo;un des membres les plus \u00ab&#160;faucon&#160;\u00bb du Conseil des gouverneurs, avait d\u00e9clar\u00e9 la semaine derni\u00e8re \u00eatre ouvert \u00e0 une nouvelle baisse.&nbsp;<\/p>\n\n\n\n<ul class=\"wp-block-list\">\n<li>La d\u00e9cision de la BCE s\u2019appuie sur l\u2019\u00e9volution de l\u2019inflation annuelle en zone euro&#160;: 1,7&#160;%\u00a0 en septembre contre 2,2&#160;% en ao\u00fbt. Dans sa communication, la BCE souligne que \u00ab&#160;l&rsquo;inflation devrait augmenter au cours des prochains mois, avant de revenir \u00e0 l&rsquo;objectif dans le courant de l&rsquo;ann\u00e9e prochaine&#160;\u00bb.<\/li>\n\n\n\n<li>Le ralentissement de l\u2019\u00e9conomie europ\u00e9enne, et tout particuli\u00e8rement de l\u2019Allemagne, pourrait indiquer que la BCE sera en mesure de poursuivre l&rsquo;assouplissement de sa politique au m\u00eame rythme.<\/li>\n\n\n\n<li>Le 9 octobre, le ministre de l&rsquo;\u00e9conomie Robert Habeck a confirm\u00e9 que le PIB allemand devrait se contracter pour la deuxi\u00e8me ann\u00e9e cons\u00e9cutive.<\/li>\n\n\n\n<li>Lors de sa r\u00e9union de septembre, la BCE avait revu \u00e0 la baisse ses pr\u00e9visions de croissance de 0,1 point de pourcentage par rapport \u00e0 juin pour les ann\u00e9es 2024, 2025 et 2026.<\/li>\n<\/ul>\n\n\n\n<div class=\"iframe-container wp-block-image wp-block-image-medium  iframe-dw\">\n\t<div>\n\t\t<iframe class=\"absolute w-full h-full pin-t pin-l\" title=\"titolo\" aria-label=\"Interactive line chart\" src=\"\/\/datawrapper.dwcdn.net\/uX7Bp\" scrolling=\"no\" frameborder=\"0\"><\/iframe>\n\t<\/div>\n<\/div>\n\n\n\n<p>Dans <a href=\"https:\/\/legrandcontinent.eu\/fr\/2024\/10\/15\/la-bce-devrait-reduire-ses-taux-directeurs-ne-pas-le-faire-serait-une-erreur-une-conversation-avec-vitor-constancio\/\">un entretien publi\u00e9 mardi 15 octobre<\/a>, l&rsquo;ancien vice-pr\u00e9sident de la Banque centrale europ\u00e9enne, V\u00edtor Const\u00e2ncio, consid\u00e8re qu\u2019une nouvelle baisse des taux pourrait avoir lieu en d\u00e9cembre&#160;: \u00ab&#160;La politique mon\u00e9taire r\u00e9pond \u00e0 des objectifs \u00e0 moyen terme et met du temps \u00e0 produire ses effets. Je pense que l\u2019inflation est en baisse et qu\u2019elle se stabilisera autour de 2&#160;%&#160;\u00bb.<\/p>\n","protected":false},"excerpt":{"rendered":"<p>Le Conseil des gouverneurs de la Banque centrale europ\u00e9enne (BCE) a annonc\u00e9 aujourd\u2019hui, jeudi 17 octobre, sa d\u00e9cision de proc\u00e9der \u00e0 une nouvelle baisse de ses taux directeurs de 25 points de base. Il s\u2019agit de la troisi\u00e8me baisse depuis juin dernier. <\/p>\n","protected":false},"author":2622,"featured_media":248609,"comment_status":"closed","ping_status":"closed","sticky":false,"template":"templates\/post-briefings.php","format":"standard","meta":{"_acf_changed":false,"_trash_the_other_posts":false,"_yoast_wpseo_estimated-reading-time-minutes":2,"footnotes":""},"categories":[1727],"tags":[],"staff":[],"editorial_format":[],"serie":[],"audience":[],"geo":[1917],"class_list":["post-248604","post","type-post","status-publish","format-standard","hentry","category-economie","geo-europe"],"acf":{"open_in_webview":false,"accent":false},"yoast_head":"<!-- This site is optimized with the Yoast SEO plugin v26.1.1 - https:\/\/yoast.com\/wordpress\/plugins\/seo\/ -->\n<title>La BCE proc\u00e8de \u00e0 une troisi\u00e8me baisse de ses taux de 25 points de base | Le Grand Continent<\/title>\n<meta name=\"robots\" content=\"index, follow, max-snippet:-1, max-image-preview:large, max-video-preview:-1\" \/>\n<link rel=\"canonical\" href=\"https:\/\/legrandcontinent.eu\/fr\/2024\/10\/17\/la-bce-procede-a-une-troisieme-baisse-de-ses-taux-de-25-points-de-base\/\" \/>\n<meta property=\"og:locale\" content=\"fr_FR\" \/>\n<meta property=\"og:type\" content=\"article\" \/>\n<meta property=\"og:title\" content=\"La BCE proc\u00e8de \u00e0 une troisi\u00e8me baisse de ses taux de 25 points de base | Le Grand Continent\" \/>\n<meta property=\"og:description\" content=\"Le Conseil des gouverneurs de la Banque centrale europ\u00e9enne (BCE) a annonc\u00e9 aujourd\u2019hui, jeudi 17 octobre, sa d\u00e9cision de proc\u00e9der \u00e0 une nouvelle baisse de ses taux directeurs de 25 points de base. Il s\u2019agit de la troisi\u00e8me baisse depuis juin dernier.\" \/>\n<meta property=\"og:url\" content=\"https:\/\/legrandcontinent.eu\/fr\/2024\/10\/17\/la-bce-procede-a-une-troisieme-baisse-de-ses-taux-de-25-points-de-base\/\" \/>\n<meta property=\"og:site_name\" content=\"Le Grand Continent\" \/>\n<meta property=\"article:published_time\" content=\"2024-10-17T12:33:40+00:00\" \/>\n<meta property=\"article:modified_time\" content=\"2024-10-17T12:36:40+00:00\" \/>\n<meta property=\"og:image\" content=\"https:\/\/legrandcontinent.eu\/fr\/wp-content\/uploads\/sites\/2\/2024\/10\/gc-share-ECB-cut-rate-octobre.png\" \/>\n\t<meta property=\"og:image:width\" content=\"1746\" \/>\n\t<meta property=\"og:image:height\" content=\"982\" \/>\n\t<meta property=\"og:image:type\" content=\"image\/png\" \/>\n<meta name=\"author\" content=\"Marin Saillofest\" \/>\n<meta name=\"twitter:card\" content=\"summary_large_image\" \/>\n<meta name=\"twitter:image\" content=\"https:\/\/legrandcontinent.eu\/fr\/wp-content\/uploads\/sites\/2\/2024\/10\/gc-share-ECB-cut-rate-octobre.png\" \/>\n<meta name=\"twitter:label1\" content=\"\u00c9crit par\" \/>\n\t<meta name=\"twitter:data1\" content=\"Marin Saillofest\" \/>\n\t<meta name=\"twitter:label2\" content=\"Dur\u00e9e de lecture estim\u00e9e\" \/>\n\t<meta name=\"twitter:data2\" content=\"2 minutes\" \/>\n<script type=\"application\/ld+json\" class=\"yoast-schema-graph\">{\"@context\":\"https:\/\/schema.org\",\"@graph\":[{\"@type\":\"WebPage\",\"@id\":\"https:\/\/legrandcontinent.eu\/fr\/2024\/10\/17\/la-bce-procede-a-une-troisieme-baisse-de-ses-taux-de-25-points-de-base\/\",\"url\":\"https:\/\/legrandcontinent.eu\/fr\/2024\/10\/17\/la-bce-procede-a-une-troisieme-baisse-de-ses-taux-de-25-points-de-base\/\",\"name\":\"La BCE proc\u00e8de \u00e0 une troisi\u00e8me baisse de ses taux de 25 points de base | Le Grand Continent\",\"isPartOf\":{\"@id\":\"https:\/\/legrandcontinent.eu\/fr\/#website\"},\"primaryImageOfPage\":{\"@id\":\"https:\/\/legrandcontinent.eu\/fr\/2024\/10\/17\/la-bce-procede-a-une-troisieme-baisse-de-ses-taux-de-25-points-de-base\/#primaryimage\"},\"image\":{\"@id\":\"https:\/\/legrandcontinent.eu\/fr\/2024\/10\/17\/la-bce-procede-a-une-troisieme-baisse-de-ses-taux-de-25-points-de-base\/#primaryimage\"},\"thumbnailUrl\":\"https:\/\/legrandcontinent.eu\/fr\/wp-content\/uploads\/sites\/2\/2024\/10\/gc-ECB-cut-rate-octobre.png\",\"datePublished\":\"2024-10-17T12:33:40+00:00\",\"dateModified\":\"2024-10-17T12:36:40+00:00\",\"author\":{\"@id\":\"https:\/\/legrandcontinent.eu\/fr\/#\/schema\/person\/e4f85f52220fc7b4cc3cfdb86d88e833\"},\"breadcrumb\":{\"@id\":\"https:\/\/legrandcontinent.eu\/fr\/2024\/10\/17\/la-bce-procede-a-une-troisieme-baisse-de-ses-taux-de-25-points-de-base\/#breadcrumb\"},\"inLanguage\":\"fr-FR\",\"potentialAction\":[{\"@type\":\"ReadAction\",\"target\":[\"https:\/\/legrandcontinent.eu\/fr\/2024\/10\/17\/la-bce-procede-a-une-troisieme-baisse-de-ses-taux-de-25-points-de-base\/\"]}]},{\"@type\":\"ImageObject\",\"inLanguage\":\"fr-FR\",\"@id\":\"https:\/\/legrandcontinent.eu\/fr\/2024\/10\/17\/la-bce-procede-a-une-troisieme-baisse-de-ses-taux-de-25-points-de-base\/#primaryimage\",\"url\":\"https:\/\/legrandcontinent.eu\/fr\/wp-content\/uploads\/sites\/2\/2024\/10\/gc-ECB-cut-rate-octobre.png\",\"contentUrl\":\"https:\/\/legrandcontinent.eu\/fr\/wp-content\/uploads\/sites\/2\/2024\/10\/gc-ECB-cut-rate-octobre.png\",\"width\":1744,\"height\":980},{\"@type\":\"BreadcrumbList\",\"@id\":\"https:\/\/legrandcontinent.eu\/fr\/2024\/10\/17\/la-bce-procede-a-une-troisieme-baisse-de-ses-taux-de-25-points-de-base\/#breadcrumb\",\"itemListElement\":[{\"@type\":\"ListItem\",\"position\":1,\"name\":\"Accueil\",\"item\":\"https:\/\/legrandcontinent.eu\/fr\/\"},{\"@type\":\"ListItem\",\"position\":2,\"name\":\"La BCE proc\u00e8de \u00e0 une troisi\u00e8me baisse de ses taux de 25 points de base\"}]},{\"@type\":\"WebSite\",\"@id\":\"https:\/\/legrandcontinent.eu\/fr\/#website\",\"url\":\"https:\/\/legrandcontinent.eu\/fr\/\",\"name\":\"Le Grand Continent\",\"description\":\"L&#039;\u00e9chelle pertinente\",\"potentialAction\":[{\"@type\":\"SearchAction\",\"target\":{\"@type\":\"EntryPoint\",\"urlTemplate\":\"https:\/\/legrandcontinent.eu\/fr\/?s={search_term_string}\"},\"query-input\":{\"@type\":\"PropertyValueSpecification\",\"valueRequired\":true,\"valueName\":\"search_term_string\"}}],\"inLanguage\":\"fr-FR\"},{\"@type\":\"Person\",\"@id\":\"https:\/\/legrandcontinent.eu\/fr\/#\/schema\/person\/e4f85f52220fc7b4cc3cfdb86d88e833\",\"name\":\"Marin Saillofest\",\"image\":{\"@type\":\"ImageObject\",\"inLanguage\":\"fr-FR\",\"@id\":\"https:\/\/legrandcontinent.eu\/fr\/#\/schema\/person\/image\/\",\"url\":\"https:\/\/secure.gravatar.com\/avatar\/87088698b4d967390c49ae6d4f1aa459?s=96&d=mm&r=g\",\"contentUrl\":\"https:\/\/secure.gravatar.com\/avatar\/87088698b4d967390c49ae6d4f1aa459?s=96&d=mm&r=g\",\"caption\":\"Marin Saillofest\"}}]}<\/script>\n<!-- \/ Yoast SEO plugin. -->","yoast_head_json":{"title":"La BCE proc\u00e8de \u00e0 une troisi\u00e8me baisse de ses taux de 25 points de base | Le Grand Continent","robots":{"index":"index","follow":"follow","max-snippet":"max-snippet:-1","max-image-preview":"max-image-preview:large","max-video-preview":"max-video-preview:-1"},"canonical":"https:\/\/legrandcontinent.eu\/fr\/2024\/10\/17\/la-bce-procede-a-une-troisieme-baisse-de-ses-taux-de-25-points-de-base\/","og_locale":"fr_FR","og_type":"article","og_title":"La BCE proc\u00e8de \u00e0 une troisi\u00e8me baisse de ses taux de 25 points de base | Le Grand Continent","og_description":"Le Conseil des gouverneurs de la Banque centrale europ\u00e9enne (BCE) a annonc\u00e9 aujourd\u2019hui, jeudi 17 octobre, sa d\u00e9cision de proc\u00e9der \u00e0 une nouvelle baisse de ses taux directeurs de 25 points de base. Il s\u2019agit de la troisi\u00e8me baisse depuis juin dernier.","og_url":"https:\/\/legrandcontinent.eu\/fr\/2024\/10\/17\/la-bce-procede-a-une-troisieme-baisse-de-ses-taux-de-25-points-de-base\/","og_site_name":"Le Grand Continent","article_published_time":"2024-10-17T12:33:40+00:00","article_modified_time":"2024-10-17T12:36:40+00:00","og_image":[{"width":1746,"height":982,"url":"https:\/\/legrandcontinent.eu\/fr\/wp-content\/uploads\/sites\/2\/2024\/10\/gc-share-ECB-cut-rate-octobre.png","type":"image\/png"}],"author":"Marin Saillofest","twitter_card":"summary_large_image","twitter_image":"https:\/\/legrandcontinent.eu\/fr\/wp-content\/uploads\/sites\/2\/2024\/10\/gc-share-ECB-cut-rate-octobre.png","twitter_misc":{"\u00c9crit par":"Marin Saillofest","Dur\u00e9e de lecture estim\u00e9e":"2 minutes"},"schema":{"@context":"https:\/\/schema.org","@graph":[{"@type":"WebPage","@id":"https:\/\/legrandcontinent.eu\/fr\/2024\/10\/17\/la-bce-procede-a-une-troisieme-baisse-de-ses-taux-de-25-points-de-base\/","url":"https:\/\/legrandcontinent.eu\/fr\/2024\/10\/17\/la-bce-procede-a-une-troisieme-baisse-de-ses-taux-de-25-points-de-base\/","name":"La BCE proc\u00e8de \u00e0 une troisi\u00e8me baisse de ses taux de 25 points de base | Le Grand Continent","isPartOf":{"@id":"https:\/\/legrandcontinent.eu\/fr\/#website"},"primaryImageOfPage":{"@id":"https:\/\/legrandcontinent.eu\/fr\/2024\/10\/17\/la-bce-procede-a-une-troisieme-baisse-de-ses-taux-de-25-points-de-base\/#primaryimage"},"image":{"@id":"https:\/\/legrandcontinent.eu\/fr\/2024\/10\/17\/la-bce-procede-a-une-troisieme-baisse-de-ses-taux-de-25-points-de-base\/#primaryimage"},"thumbnailUrl":"https:\/\/legrandcontinent.eu\/fr\/wp-content\/uploads\/sites\/2\/2024\/10\/gc-ECB-cut-rate-octobre.png","datePublished":"2024-10-17T12:33:40+00:00","dateModified":"2024-10-17T12:36:40+00:00","author":{"@id":"https:\/\/legrandcontinent.eu\/fr\/#\/schema\/person\/e4f85f52220fc7b4cc3cfdb86d88e833"},"breadcrumb":{"@id":"https:\/\/legrandcontinent.eu\/fr\/2024\/10\/17\/la-bce-procede-a-une-troisieme-baisse-de-ses-taux-de-25-points-de-base\/#breadcrumb"},"inLanguage":"fr-FR","potentialAction":[{"@type":"ReadAction","target":["https:\/\/legrandcontinent.eu\/fr\/2024\/10\/17\/la-bce-procede-a-une-troisieme-baisse-de-ses-taux-de-25-points-de-base\/"]}]},{"@type":"ImageObject","inLanguage":"fr-FR","@id":"https:\/\/legrandcontinent.eu\/fr\/2024\/10\/17\/la-bce-procede-a-une-troisieme-baisse-de-ses-taux-de-25-points-de-base\/#primaryimage","url":"https:\/\/legrandcontinent.eu\/fr\/wp-content\/uploads\/sites\/2\/2024\/10\/gc-ECB-cut-rate-octobre.png","contentUrl":"https:\/\/legrandcontinent.eu\/fr\/wp-content\/uploads\/sites\/2\/2024\/10\/gc-ECB-cut-rate-octobre.png","width":1744,"height":980},{"@type":"BreadcrumbList","@id":"https:\/\/legrandcontinent.eu\/fr\/2024\/10\/17\/la-bce-procede-a-une-troisieme-baisse-de-ses-taux-de-25-points-de-base\/#breadcrumb","itemListElement":[{"@type":"ListItem","position":1,"name":"Accueil","item":"https:\/\/legrandcontinent.eu\/fr\/"},{"@type":"ListItem","position":2,"name":"La BCE proc\u00e8de \u00e0 une troisi\u00e8me baisse de ses taux de 25 points de base"}]},{"@type":"WebSite","@id":"https:\/\/legrandcontinent.eu\/fr\/#website","url":"https:\/\/legrandcontinent.eu\/fr\/","name":"Le Grand Continent","description":"L&#039;\u00e9chelle pertinente","potentialAction":[{"@type":"SearchAction","target":{"@type":"EntryPoint","urlTemplate":"https:\/\/legrandcontinent.eu\/fr\/?s={search_term_string}"},"query-input":{"@type":"PropertyValueSpecification","valueRequired":true,"valueName":"search_term_string"}}],"inLanguage":"fr-FR"},{"@type":"Person","@id":"https:\/\/legrandcontinent.eu\/fr\/#\/schema\/person\/e4f85f52220fc7b4cc3cfdb86d88e833","name":"Marin Saillofest","image":{"@type":"ImageObject","inLanguage":"fr-FR","@id":"https:\/\/legrandcontinent.eu\/fr\/#\/schema\/person\/image\/","url":"https:\/\/secure.gravatar.com\/avatar\/87088698b4d967390c49ae6d4f1aa459?s=96&d=mm&r=g","contentUrl":"https:\/\/secure.gravatar.com\/avatar\/87088698b4d967390c49ae6d4f1aa459?s=96&d=mm&r=g","caption":"Marin Saillofest"}}]}},"lgc_categories":[{"id":1727,"name":"\u00c9conomie","slug":"economie"}],"lgc_author":null,"feature_image_summary":{"url":"https:\/\/legrandcontinent.eu\/fr\/wp-content\/uploads\/sites\/2\/2024\/10\/gc-ECB-cut-rate-octobre.png","width":1744,"height":980,"alt":""},"feature_image_cover":null,"term_position_data":null,"_links":{"self":[{"href":"https:\/\/legrandcontinent.eu\/fr\/wp-json\/wp\/v2\/posts\/248604","targetHints":{"allow":["GET"]}}],"collection":[{"href":"https:\/\/legrandcontinent.eu\/fr\/wp-json\/wp\/v2\/posts"}],"about":[{"href":"https:\/\/legrandcontinent.eu\/fr\/wp-json\/wp\/v2\/types\/post"}],"author":[{"embeddable":true,"href":"https:\/\/legrandcontinent.eu\/fr\/wp-json\/wp\/v2\/users\/2622"}],"replies":[{"embeddable":true,"href":"https:\/\/legrandcontinent.eu\/fr\/wp-json\/wp\/v2\/comments?post=248604"}],"version-history":[{"count":0,"href":"https:\/\/legrandcontinent.eu\/fr\/wp-json\/wp\/v2\/posts\/248604\/revisions"}],"wp:featuredmedia":[{"embeddable":true,"href":"https:\/\/legrandcontinent.eu\/fr\/wp-json\/wp\/v2\/media\/248609"}],"wp:attachment":[{"href":"https:\/\/legrandcontinent.eu\/fr\/wp-json\/wp\/v2\/media?parent=248604"}],"wp:term":[{"taxonomy":"category","embeddable":true,"href":"https:\/\/legrandcontinent.eu\/fr\/wp-json\/wp\/v2\/categories?post=248604"},{"taxonomy":"post_tag","embeddable":true,"href":"https:\/\/legrandcontinent.eu\/fr\/wp-json\/wp\/v2\/tags?post=248604"},{"taxonomy":"staff","embeddable":true,"href":"https:\/\/legrandcontinent.eu\/fr\/wp-json\/wp\/v2\/staff?post=248604"},{"taxonomy":"editorial_format","embeddable":true,"href":"https:\/\/legrandcontinent.eu\/fr\/wp-json\/wp\/v2\/editorial_format?post=248604"},{"taxonomy":"serie","embeddable":true,"href":"https:\/\/legrandcontinent.eu\/fr\/wp-json\/wp\/v2\/serie?post=248604"},{"taxonomy":"audience","embeddable":true,"href":"https:\/\/legrandcontinent.eu\/fr\/wp-json\/wp\/v2\/audience?post=248604"},{"taxonomy":"geo","embeddable":true,"href":"https:\/\/legrandcontinent.eu\/fr\/wp-json\/wp\/v2\/geo?post=248604"}],"curies":[{"name":"wp","href":"https:\/\/api.w.org\/{rel}","templated":true}]}}