{"id":247904,"date":"2024-10-08T19:00:00","date_gmt":"2024-10-08T17:00:00","guid":{"rendered":"https:\/\/legrandcontinent.eu\/fr\/?p=247904"},"modified":"2024-10-08T17:19:11","modified_gmt":"2024-10-08T15:19:11","slug":"la-bei-et-lespagne-presentent-de-nouvelles-pistes-pour-sortir-de-limpasse-autour-de-lunion-des-marches-de-capitaux","status":"publish","type":"post","link":"https:\/\/legrandcontinent.eu\/fr\/2024\/10\/08\/la-bei-et-lespagne-presentent-de-nouvelles-pistes-pour-sortir-de-limpasse-autour-de-lunion-des-marches-de-capitaux\/","title":{"rendered":"La BEI et l&rsquo;Espagne pr\u00e9sentent de nouvelles pistes pour sortir de l\u2019impasse autour de l&rsquo;union des march\u00e9s de capitaux"},"content":{"rendered":"\n<p>Le gouvernement espagnol et la Banque europ\u00e9enne d&rsquo;investissement (BEI) ont pr\u00e9sent\u00e9 des plans visant \u00e0 mobiliser des capitaux lors d&rsquo;une r\u00e9union des ministres des Finances de la zone euro \u00e0 Luxembourg hier, lundi 7 octobre.<\/p>\n\n\n\n<ul class=\"wp-block-list\">\n<li>La proposition de la BEI est bas\u00e9e sur un plan \u00e0 deux piliers. Le premier consiste en l&rsquo;expansion de l&rsquo;Initiative des champions de la technologie europ\u00e9enne (European Tech Champions), cr\u00e9\u00e9e en 2023 pour fournir des financements aux entreprises technologiques en phase de croissance. Le second est la cr\u00e9ation d&rsquo;une nouvelle \u00ab&#160;plateforme de sortie&#160;\u00bb (exit platform) pour aider \u00e0 financer l&rsquo;acquisition et la cotation des start-ups technologiques afin que, une fois d\u00e9velopp\u00e9es, elles restent en Europe plut\u00f4t que de partir vers des zones plus comp\u00e9titives telles que les \u00c9tats-Unis.\u00a0<\/li>\n\n\n\n<li>Selon l&rsquo;analyse de la BEI, les start-ups peuvent lever jusqu&rsquo;\u00e0 cinq fois plus de fonds aux \u00c9tats-Unis qu&rsquo;en Europe, ce qui entra\u00eene un ph\u00e9nom\u00e8ne de d\u00e9localisation ou de vente \u00e0 un acheteur \u00e9tranger plus important. Avec sa proposition, la BEI a d\u00e9clar\u00e9 qu&rsquo;elle visait \u00e0 combler le d\u00e9ficit d&rsquo;investissement et \u00e0 inverser ce processus.<\/li>\n\n\n\n<li>Nadia Calvi\u00f1o, la pr\u00e9sidente de la BEI, a d\u00e9clar\u00e9 \u00e0 Luxembourg&#160;: \u00ab&#160;Les entreprises europ\u00e9ennes n\u00e9es en Europe devraient rester en Europe&#160;\u00bb.<\/li>\n<\/ul>\n\n\n\n<div class=\"iframe-container wp-block-image wp-block-image-medium  iframe-dw\">\n\t<div>\n\t\t<iframe class=\"absolute w-full h-full pin-t pin-l\" title=\"titolo\" aria-label=\"Interactive line chart\" src=\"\/\/datawrapper.dwcdn.net\/RsIad\" scrolling=\"no\" frameborder=\"0\"><\/iframe>\n\t<\/div>\n<\/div>\n\n\n\n<p>En parall\u00e8le, le ministre espagnol de l&rsquo;\u00c9conomie, <a href=\"https:\/\/legrandcontinent.eu\/fr\/2024\/09\/19\/une-europe-pragmatique-et-realiste-la-doctrine-espagnole-en-reponse-au-rapport-draghi\/\">Carlos Cuerpo<\/a>, a pr\u00e9sent\u00e9 un plan permettant \u00e0 de petits groupes de pays d\u00e9sireux de travailler ensemble autour d\u2019un \u00ab&#160;laboratoire d&rsquo;id\u00e9es&#160;\u00bb.&nbsp;<\/p>\n\n\n\n<ul class=\"wp-block-list\">\n<li>L\u2019id\u00e9e serait de faire avancer les discussions en petits groupes, une \u00ab&#160;coalition de pays volontaires&#160;\u00bb compos\u00e9e d&rsquo;au moins trois pays, qui pourraient avancer au lieu d&rsquo;attendre des accords approuv\u00e9s par l&rsquo;ensemble des 27 \u00c9tats membres. Selon Cuerpo, une premi\u00e8re mesure pourrait consister \u00e0 \u00e9tablir une norme europ\u00e9enne commune pour les notations des PME. Il estime en effet que cela aiderait ces derni\u00e8res \u00e0 recevoir plus facilement des financements \u00e0 l&rsquo;\u00e9chelle europ\u00e9enne.<\/li>\n<\/ul>\n\n\n\n<ul class=\"wp-block-list\">\n<li>Ce n&rsquo;est pas la premi\u00e8re fois qu&rsquo;un \u00c9tat membre lance cette id\u00e9e de \u00ab&#160;coalition de pays volontaires&#160;\u00bb. En f\u00e9vrier dernier, l&rsquo;ancien ministre fran\u00e7ais de l\u2019\u00c9conomie et des Finances Bruno Le Maire avait sugg\u00e9r\u00e9 que ceux qui souhaitaient mettre en \u0153uvre des mesures susceptibles de renforcer le march\u00e9 europ\u00e9en des capitaux passent \u00e0 l&rsquo;action sans attendre un accord \u00e0 27. \u00c0 l&rsquo;\u00e9poque, il avait exprim\u00e9 sa frustration face \u00e0 la lenteur des progr\u00e8s.<\/li>\n\n\n\n<li>Au mois de f\u00e9vrier, dans un non-paper, la Banque des Pays-Bas avait \u00e9galement propos\u00e9 de recourir \u00e0 une coop\u00e9ration renforc\u00e9e dans certains domaines afin de pouvoir avancer&nbsp;<span class='whitespace-nowrap'><span id='easy-footnote-1-247904' class='easy-footnote-margin-adjust'><\/span><span class='easy-footnote'><a href='https:\/\/legrandcontinent.eu\/fr\/2024\/10\/08\/la-bei-et-lespagne-presentent-de-nouvelles-pistes-pour-sortir-de-limpasse-autour-de-lunion-des-marches-de-capitaux\/#easy-footnote-bottom-1-247904' title='De Nederlandsche Bank, &lt;a href=&quot;https:\/\/www.dnb.nl\/media\/yvoblmwu\/77976-2400069-dnb-brochure-kapitaalmarktunie-met-de-afm_tg-pdfa.pdf&quot;&gt;Next steps for the European Capital Markets Union (CMU), Contribution by the Dutch Authority for the Financial Markets (AFM) and De Nederlandsche Bank (DNB)&lt;\/a&gt;, 16 f\u00e9vrier 2024.'><sup>1<\/sup><\/a><\/span><\/span>.\u00a0<\/li>\n<\/ul>\n\n\n\n<div class=\"iframe-container wp-block-image wp-block-image-medium  iframe-dw\">\n\t<div>\n\t\t<iframe class=\"absolute w-full h-full pin-t pin-l\" title=\"titolo\" aria-label=\"Interactive line chart\" src=\"\/\/datawrapper.dwcdn.net\/QZPhG\" scrolling=\"no\" frameborder=\"0\"><\/iframe>\n\t<\/div>\n<\/div>\n\n\n\n<p>Les rapports d&rsquo;Enrico <a href=\"https:\/\/legrandcontinent.eu\/fr\/2024\/04\/18\/beaucoup-plus-quun-marche\/\">Letta<\/a> et de Mario <a href=\"https:\/\/legrandcontinent.eu\/fr\/themes\/economie\/rapport-draghi-un-debat-europeen\/\">Draghi<\/a> appellent tous deux \u00e0 la mise en place d&rsquo;une union des march\u00e9s de capitaux qui permettrait aux entreprises de lever des fonds et de se d\u00e9velopper afin de stimuler la croissance, de cr\u00e9er des emplois et d&rsquo;am\u00e9liorer la comp\u00e9titivit\u00e9 de l\u2019Union.&nbsp;<\/p>\n\n\n\n<ul class=\"wp-block-list\">\n<li>Bien qu\u2019en th\u00e9orie la proposition b\u00e9n\u00e9ficie d&rsquo;un large soutien, des divisions subsistent sur des points cl\u00e9s tels que la question de l\u2019europ\u00e9anisation des pouvoirs de surveillance et de supervision.\u00a0<\/li>\n\n\n\n<li>Paschal Donohoe, pr\u00e9sident de l&rsquo;Eurogroupe et ministre irlandais des Finances, a not\u00e9 qu\u2019il s\u2019agissait de la deuxi\u00e8me fois en un an qu&rsquo;un pays sugg\u00e8re de progresser au sein d&rsquo;un groupe plus restreint pour sortir de l&rsquo;impasse, affirmant que cela refl\u00e9tait le moment politique en faveur de l&rsquo;union des march\u00e9s de capitaux, mais aussi la frustration face au manque de progr\u00e8s.<\/li>\n\n\n\n<li>Il a toutefois mis en garde contre le risque d&rsquo;\u00e9clatement du march\u00e9 unique en cas d&rsquo;accords \u00e0 trois ou quatre&#160;: \u00ab&#160;La flexibilit\u00e9 pour certains signifie la fragmentation pour d&rsquo;autres&#160;\u00bb. Donohoe a \u00e9galement d\u00e9clar\u00e9 que la poursuite des discussions \u00e0 27 resterait toujours sa priorit\u00e9.\u00a0<\/li>\n\n\n\n<li>En mars, <a href=\"https:\/\/legrandcontinent.eu\/fr\/2024\/03\/18\/lunion-des-marches-de-capitaux-et-lavenir-de-la-zone-euro-une-conversation-exclusive-avec-le-president-de-leurogroupe-paschal-donohoe\/\">il affirmait dans un entretien au Grand Continent<\/a>&#160;: \u00ab&#160;Mon r\u00f4le est d\u2019obtenir un accord \u00e0 27 sur le plus haut d\u00e9nominateur commun possible \u2014 et c\u2019est ce que nous avons fait. Si d\u2019autres pays souhaitent proc\u00e9der \u00e0 une coop\u00e9ration renforc\u00e9e dans un domaine particulier, ils peuvent le faire \u00e0 leur guise. Toutefois, il est important de ne pas perdre de vue le tableau d\u2019ensemble. Le concept de collaboration entre pays a toujours port\u00e9 sur les avantages potentiels de la supervision. Cependant, nous sommes d\u2019accord sur d\u2019autres points&#160;: par exemple le potentiel de la titrisation et la facilitation de la cotation des entreprises europ\u00e9ennes de taille moyenne. Ce sont des domaines dans lesquels nous pouvons collaborer et progresser ensemble, \u00e0 27. Il est crucial de ne pas perdre de vue ces opportunit\u00e9s&#160;\u00bb.<\/li>\n<\/ul>\n","protected":false},"excerpt":{"rendered":"<p>La Banque europ\u00e9enne d&rsquo;investissement et Madrid ont pr\u00e9sent\u00e9 aux ministres des Finances de la zone euro r\u00e9unis \u00e0 Luxembourg hier, lundi 7 octobre, de nouveaux instruments destin\u00e9s \u00e0 mobiliser des capitaux pour les entreprises europ\u00e9ennes et \u00e0 combler le d\u00e9ficit d&rsquo;investissement que l\u2019Europe affiche notamment avec les \u00c9tats-Unis. La finalisation de l\u2019union des march\u00e9s des capitaux est l\u2019un des objectifs mis en avant par les rapports Draghi et Letta mais aussi par la pr\u00e9sidente de la Commission, pour qui les investissements seront une priorit\u00e9 pour les cinq ann\u00e9es \u00e0 venir.<\/p>\n","protected":false},"author":2622,"featured_media":247908,"comment_status":"closed","ping_status":"closed","sticky":false,"template":"templates\/post-briefings.php","format":"standard","meta":{"_acf_changed":false,"_trash_the_other_posts":false,"_yoast_wpseo_estimated-reading-time-minutes":4,"footnotes":""},"categories":[1731],"tags":[],"staff":[],"editorial_format":[],"serie":[],"audience":[],"geo":[1917],"class_list":["post-247904","post","type-post","status-publish","format-standard","hentry","category-politique","geo-europe"],"acf":{"open_in_webview":false,"accent":false},"yoast_head":"<!-- This site is optimized with the Yoast SEO plugin v26.1.1 - https:\/\/yoast.com\/wordpress\/plugins\/seo\/ -->\n<title>La BEI et l&#039;Espagne pr\u00e9sentent de nouvelles pistes pour sortir de l\u2019impasse autour de l&#039;union des march\u00e9s de capitaux | Le Grand Continent<\/title>\n<meta name=\"robots\" content=\"index, follow, max-snippet:-1, max-image-preview:large, max-video-preview:-1\" \/>\n<link rel=\"canonical\" href=\"https:\/\/legrandcontinent.eu\/fr\/2024\/10\/08\/la-bei-et-lespagne-presentent-de-nouvelles-pistes-pour-sortir-de-limpasse-autour-de-lunion-des-marches-de-capitaux\/\" \/>\n<meta property=\"og:locale\" content=\"fr_FR\" \/>\n<meta property=\"og:type\" content=\"article\" \/>\n<meta property=\"og:title\" content=\"La BEI et l&#039;Espagne pr\u00e9sentent de nouvelles pistes pour sortir de l\u2019impasse autour de l&#039;union des march\u00e9s de capitaux | Le Grand Continent\" \/>\n<meta property=\"og:description\" content=\"La Banque europ\u00e9enne d&#039;investissement et Madrid ont pr\u00e9sent\u00e9 aux ministres des Finances de la zone euro r\u00e9unis \u00e0 Luxembourg hier, lundi 7 octobre, de nouveaux instruments destin\u00e9s \u00e0 mobiliser des capitaux pour les entreprises europ\u00e9ennes et \u00e0 combler le d\u00e9ficit d&#039;investissement que l\u2019Europe affiche notamment avec les \u00c9tats-Unis. La finalisation de l\u2019union des march\u00e9s des capitaux est l\u2019un des objectifs mis en avant par les rapports Draghi et Letta mais aussi par la pr\u00e9sidente de la Commission, pour qui les investissements seront une priorit\u00e9 pour les cinq ann\u00e9es \u00e0 venir.\" \/>\n<meta property=\"og:url\" content=\"https:\/\/legrandcontinent.eu\/fr\/2024\/10\/08\/la-bei-et-lespagne-presentent-de-nouvelles-pistes-pour-sortir-de-limpasse-autour-de-lunion-des-marches-de-capitaux\/\" \/>\n<meta property=\"og:site_name\" content=\"Le Grand Continent\" \/>\n<meta property=\"article:published_time\" content=\"2024-10-08T17:00:00+00:00\" \/>\n<meta property=\"og:image\" content=\"https:\/\/legrandcontinent.eu\/fr\/wp-content\/uploads\/sites\/2\/2024\/10\/gc-share-BEU-espagne-union-capitaux.png\" \/>\n\t<meta property=\"og:image:width\" content=\"1910\" \/>\n\t<meta property=\"og:image:height\" content=\"1074\" \/>\n\t<meta property=\"og:image:type\" content=\"image\/png\" \/>\n<meta name=\"author\" content=\"Marin Saillofest\" \/>\n<meta name=\"twitter:card\" content=\"summary_large_image\" \/>\n<meta name=\"twitter:image\" content=\"https:\/\/legrandcontinent.eu\/fr\/wp-content\/uploads\/sites\/2\/2024\/10\/gc-share-BEU-espagne-union-capitaux.png\" \/>\n<meta name=\"twitter:label1\" content=\"\u00c9crit par\" \/>\n\t<meta name=\"twitter:data1\" content=\"Marin Saillofest\" \/>\n\t<meta name=\"twitter:label2\" content=\"Dur\u00e9e de lecture estim\u00e9e\" \/>\n\t<meta name=\"twitter:data2\" content=\"4 minutes\" \/>\n<script type=\"application\/ld+json\" class=\"yoast-schema-graph\">{\"@context\":\"https:\/\/schema.org\",\"@graph\":[{\"@type\":\"WebPage\",\"@id\":\"https:\/\/legrandcontinent.eu\/fr\/2024\/10\/08\/la-bei-et-lespagne-presentent-de-nouvelles-pistes-pour-sortir-de-limpasse-autour-de-lunion-des-marches-de-capitaux\/\",\"url\":\"https:\/\/legrandcontinent.eu\/fr\/2024\/10\/08\/la-bei-et-lespagne-presentent-de-nouvelles-pistes-pour-sortir-de-limpasse-autour-de-lunion-des-marches-de-capitaux\/\",\"name\":\"La BEI et l'Espagne pr\u00e9sentent de nouvelles pistes pour sortir de l\u2019impasse autour de l'union des march\u00e9s de capitaux | Le Grand Continent\",\"isPartOf\":{\"@id\":\"https:\/\/legrandcontinent.eu\/fr\/#website\"},\"primaryImageOfPage\":{\"@id\":\"https:\/\/legrandcontinent.eu\/fr\/2024\/10\/08\/la-bei-et-lespagne-presentent-de-nouvelles-pistes-pour-sortir-de-limpasse-autour-de-lunion-des-marches-de-capitaux\/#primaryimage\"},\"image\":{\"@id\":\"https:\/\/legrandcontinent.eu\/fr\/2024\/10\/08\/la-bei-et-lespagne-presentent-de-nouvelles-pistes-pour-sortir-de-limpasse-autour-de-lunion-des-marches-de-capitaux\/#primaryimage\"},\"thumbnailUrl\":\"https:\/\/legrandcontinent.eu\/fr\/wp-content\/uploads\/sites\/2\/2024\/10\/gc-BEU-espagne-union-capitaux.png\",\"datePublished\":\"2024-10-08T17:00:00+00:00\",\"author\":{\"@id\":\"https:\/\/legrandcontinent.eu\/fr\/#\/schema\/person\/e4f85f52220fc7b4cc3cfdb86d88e833\"},\"breadcrumb\":{\"@id\":\"https:\/\/legrandcontinent.eu\/fr\/2024\/10\/08\/la-bei-et-lespagne-presentent-de-nouvelles-pistes-pour-sortir-de-limpasse-autour-de-lunion-des-marches-de-capitaux\/#breadcrumb\"},\"inLanguage\":\"fr-FR\",\"potentialAction\":[{\"@type\":\"ReadAction\",\"target\":[\"https:\/\/legrandcontinent.eu\/fr\/2024\/10\/08\/la-bei-et-lespagne-presentent-de-nouvelles-pistes-pour-sortir-de-limpasse-autour-de-lunion-des-marches-de-capitaux\/\"]}]},{\"@type\":\"ImageObject\",\"inLanguage\":\"fr-FR\",\"@id\":\"https:\/\/legrandcontinent.eu\/fr\/2024\/10\/08\/la-bei-et-lespagne-presentent-de-nouvelles-pistes-pour-sortir-de-limpasse-autour-de-lunion-des-marches-de-capitaux\/#primaryimage\",\"url\":\"https:\/\/legrandcontinent.eu\/fr\/wp-content\/uploads\/sites\/2\/2024\/10\/gc-BEU-espagne-union-capitaux.png\",\"contentUrl\":\"https:\/\/legrandcontinent.eu\/fr\/wp-content\/uploads\/sites\/2\/2024\/10\/gc-BEU-espagne-union-capitaux.png\",\"width\":1918,\"height\":1070},{\"@type\":\"BreadcrumbList\",\"@id\":\"https:\/\/legrandcontinent.eu\/fr\/2024\/10\/08\/la-bei-et-lespagne-presentent-de-nouvelles-pistes-pour-sortir-de-limpasse-autour-de-lunion-des-marches-de-capitaux\/#breadcrumb\",\"itemListElement\":[{\"@type\":\"ListItem\",\"position\":1,\"name\":\"Accueil\",\"item\":\"https:\/\/legrandcontinent.eu\/fr\/\"},{\"@type\":\"ListItem\",\"position\":2,\"name\":\"La BEI et l&rsquo;Espagne pr\u00e9sentent de nouvelles pistes pour sortir de l\u2019impasse autour de l&rsquo;union des march\u00e9s de capitaux\"}]},{\"@type\":\"WebSite\",\"@id\":\"https:\/\/legrandcontinent.eu\/fr\/#website\",\"url\":\"https:\/\/legrandcontinent.eu\/fr\/\",\"name\":\"Le Grand Continent\",\"description\":\"L&#039;\u00e9chelle pertinente\",\"potentialAction\":[{\"@type\":\"SearchAction\",\"target\":{\"@type\":\"EntryPoint\",\"urlTemplate\":\"https:\/\/legrandcontinent.eu\/fr\/?s={search_term_string}\"},\"query-input\":{\"@type\":\"PropertyValueSpecification\",\"valueRequired\":true,\"valueName\":\"search_term_string\"}}],\"inLanguage\":\"fr-FR\"},{\"@type\":\"Person\",\"@id\":\"https:\/\/legrandcontinent.eu\/fr\/#\/schema\/person\/e4f85f52220fc7b4cc3cfdb86d88e833\",\"name\":\"Marin Saillofest\",\"image\":{\"@type\":\"ImageObject\",\"inLanguage\":\"fr-FR\",\"@id\":\"https:\/\/legrandcontinent.eu\/fr\/#\/schema\/person\/image\/\",\"url\":\"https:\/\/secure.gravatar.com\/avatar\/87088698b4d967390c49ae6d4f1aa459?s=96&d=mm&r=g\",\"contentUrl\":\"https:\/\/secure.gravatar.com\/avatar\/87088698b4d967390c49ae6d4f1aa459?s=96&d=mm&r=g\",\"caption\":\"Marin Saillofest\"}}]}<\/script>\n<!-- \/ Yoast SEO plugin. -->","yoast_head_json":{"title":"La BEI et l'Espagne pr\u00e9sentent de nouvelles pistes pour sortir de l\u2019impasse autour de l'union des march\u00e9s de capitaux | Le Grand Continent","robots":{"index":"index","follow":"follow","max-snippet":"max-snippet:-1","max-image-preview":"max-image-preview:large","max-video-preview":"max-video-preview:-1"},"canonical":"https:\/\/legrandcontinent.eu\/fr\/2024\/10\/08\/la-bei-et-lespagne-presentent-de-nouvelles-pistes-pour-sortir-de-limpasse-autour-de-lunion-des-marches-de-capitaux\/","og_locale":"fr_FR","og_type":"article","og_title":"La BEI et l'Espagne pr\u00e9sentent de nouvelles pistes pour sortir de l\u2019impasse autour de l'union des march\u00e9s de capitaux | Le Grand Continent","og_description":"La Banque europ\u00e9enne d'investissement et Madrid ont pr\u00e9sent\u00e9 aux ministres des Finances de la zone euro r\u00e9unis \u00e0 Luxembourg hier, lundi 7 octobre, de nouveaux instruments destin\u00e9s \u00e0 mobiliser des capitaux pour les entreprises europ\u00e9ennes et \u00e0 combler le d\u00e9ficit d'investissement que l\u2019Europe affiche notamment avec les \u00c9tats-Unis. La finalisation de l\u2019union des march\u00e9s des capitaux est l\u2019un des objectifs mis en avant par les rapports Draghi et Letta mais aussi par la pr\u00e9sidente de la Commission, pour qui les investissements seront une priorit\u00e9 pour les cinq ann\u00e9es \u00e0 venir.","og_url":"https:\/\/legrandcontinent.eu\/fr\/2024\/10\/08\/la-bei-et-lespagne-presentent-de-nouvelles-pistes-pour-sortir-de-limpasse-autour-de-lunion-des-marches-de-capitaux\/","og_site_name":"Le Grand Continent","article_published_time":"2024-10-08T17:00:00+00:00","og_image":[{"width":1910,"height":1074,"url":"https:\/\/legrandcontinent.eu\/fr\/wp-content\/uploads\/sites\/2\/2024\/10\/gc-share-BEU-espagne-union-capitaux.png","type":"image\/png"}],"author":"Marin Saillofest","twitter_card":"summary_large_image","twitter_image":"https:\/\/legrandcontinent.eu\/fr\/wp-content\/uploads\/sites\/2\/2024\/10\/gc-share-BEU-espagne-union-capitaux.png","twitter_misc":{"\u00c9crit par":"Marin Saillofest","Dur\u00e9e de lecture estim\u00e9e":"4 minutes"},"schema":{"@context":"https:\/\/schema.org","@graph":[{"@type":"WebPage","@id":"https:\/\/legrandcontinent.eu\/fr\/2024\/10\/08\/la-bei-et-lespagne-presentent-de-nouvelles-pistes-pour-sortir-de-limpasse-autour-de-lunion-des-marches-de-capitaux\/","url":"https:\/\/legrandcontinent.eu\/fr\/2024\/10\/08\/la-bei-et-lespagne-presentent-de-nouvelles-pistes-pour-sortir-de-limpasse-autour-de-lunion-des-marches-de-capitaux\/","name":"La BEI et l'Espagne pr\u00e9sentent de nouvelles pistes pour sortir de l\u2019impasse autour de l'union des march\u00e9s de capitaux | Le Grand Continent","isPartOf":{"@id":"https:\/\/legrandcontinent.eu\/fr\/#website"},"primaryImageOfPage":{"@id":"https:\/\/legrandcontinent.eu\/fr\/2024\/10\/08\/la-bei-et-lespagne-presentent-de-nouvelles-pistes-pour-sortir-de-limpasse-autour-de-lunion-des-marches-de-capitaux\/#primaryimage"},"image":{"@id":"https:\/\/legrandcontinent.eu\/fr\/2024\/10\/08\/la-bei-et-lespagne-presentent-de-nouvelles-pistes-pour-sortir-de-limpasse-autour-de-lunion-des-marches-de-capitaux\/#primaryimage"},"thumbnailUrl":"https:\/\/legrandcontinent.eu\/fr\/wp-content\/uploads\/sites\/2\/2024\/10\/gc-BEU-espagne-union-capitaux.png","datePublished":"2024-10-08T17:00:00+00:00","author":{"@id":"https:\/\/legrandcontinent.eu\/fr\/#\/schema\/person\/e4f85f52220fc7b4cc3cfdb86d88e833"},"breadcrumb":{"@id":"https:\/\/legrandcontinent.eu\/fr\/2024\/10\/08\/la-bei-et-lespagne-presentent-de-nouvelles-pistes-pour-sortir-de-limpasse-autour-de-lunion-des-marches-de-capitaux\/#breadcrumb"},"inLanguage":"fr-FR","potentialAction":[{"@type":"ReadAction","target":["https:\/\/legrandcontinent.eu\/fr\/2024\/10\/08\/la-bei-et-lespagne-presentent-de-nouvelles-pistes-pour-sortir-de-limpasse-autour-de-lunion-des-marches-de-capitaux\/"]}]},{"@type":"ImageObject","inLanguage":"fr-FR","@id":"https:\/\/legrandcontinent.eu\/fr\/2024\/10\/08\/la-bei-et-lespagne-presentent-de-nouvelles-pistes-pour-sortir-de-limpasse-autour-de-lunion-des-marches-de-capitaux\/#primaryimage","url":"https:\/\/legrandcontinent.eu\/fr\/wp-content\/uploads\/sites\/2\/2024\/10\/gc-BEU-espagne-union-capitaux.png","contentUrl":"https:\/\/legrandcontinent.eu\/fr\/wp-content\/uploads\/sites\/2\/2024\/10\/gc-BEU-espagne-union-capitaux.png","width":1918,"height":1070},{"@type":"BreadcrumbList","@id":"https:\/\/legrandcontinent.eu\/fr\/2024\/10\/08\/la-bei-et-lespagne-presentent-de-nouvelles-pistes-pour-sortir-de-limpasse-autour-de-lunion-des-marches-de-capitaux\/#breadcrumb","itemListElement":[{"@type":"ListItem","position":1,"name":"Accueil","item":"https:\/\/legrandcontinent.eu\/fr\/"},{"@type":"ListItem","position":2,"name":"La BEI et l&rsquo;Espagne pr\u00e9sentent de nouvelles pistes pour sortir de l\u2019impasse autour de l&rsquo;union des march\u00e9s de capitaux"}]},{"@type":"WebSite","@id":"https:\/\/legrandcontinent.eu\/fr\/#website","url":"https:\/\/legrandcontinent.eu\/fr\/","name":"Le Grand Continent","description":"L&#039;\u00e9chelle pertinente","potentialAction":[{"@type":"SearchAction","target":{"@type":"EntryPoint","urlTemplate":"https:\/\/legrandcontinent.eu\/fr\/?s={search_term_string}"},"query-input":{"@type":"PropertyValueSpecification","valueRequired":true,"valueName":"search_term_string"}}],"inLanguage":"fr-FR"},{"@type":"Person","@id":"https:\/\/legrandcontinent.eu\/fr\/#\/schema\/person\/e4f85f52220fc7b4cc3cfdb86d88e833","name":"Marin Saillofest","image":{"@type":"ImageObject","inLanguage":"fr-FR","@id":"https:\/\/legrandcontinent.eu\/fr\/#\/schema\/person\/image\/","url":"https:\/\/secure.gravatar.com\/avatar\/87088698b4d967390c49ae6d4f1aa459?s=96&d=mm&r=g","contentUrl":"https:\/\/secure.gravatar.com\/avatar\/87088698b4d967390c49ae6d4f1aa459?s=96&d=mm&r=g","caption":"Marin Saillofest"}}]}},"lgc_categories":[{"id":1731,"name":"Politique","slug":"politique"}],"lgc_author":null,"feature_image_summary":{"url":"https:\/\/legrandcontinent.eu\/fr\/wp-content\/uploads\/sites\/2\/2024\/10\/gc-BEU-espagne-union-capitaux.png","width":1918,"height":1070,"alt":""},"feature_image_cover":null,"term_position_data":null,"_links":{"self":[{"href":"https:\/\/legrandcontinent.eu\/fr\/wp-json\/wp\/v2\/posts\/247904","targetHints":{"allow":["GET"]}}],"collection":[{"href":"https:\/\/legrandcontinent.eu\/fr\/wp-json\/wp\/v2\/posts"}],"about":[{"href":"https:\/\/legrandcontinent.eu\/fr\/wp-json\/wp\/v2\/types\/post"}],"author":[{"embeddable":true,"href":"https:\/\/legrandcontinent.eu\/fr\/wp-json\/wp\/v2\/users\/2622"}],"replies":[{"embeddable":true,"href":"https:\/\/legrandcontinent.eu\/fr\/wp-json\/wp\/v2\/comments?post=247904"}],"version-history":[{"count":0,"href":"https:\/\/legrandcontinent.eu\/fr\/wp-json\/wp\/v2\/posts\/247904\/revisions"}],"wp:featuredmedia":[{"embeddable":true,"href":"https:\/\/legrandcontinent.eu\/fr\/wp-json\/wp\/v2\/media\/247908"}],"wp:attachment":[{"href":"https:\/\/legrandcontinent.eu\/fr\/wp-json\/wp\/v2\/media?parent=247904"}],"wp:term":[{"taxonomy":"category","embeddable":true,"href":"https:\/\/legrandcontinent.eu\/fr\/wp-json\/wp\/v2\/categories?post=247904"},{"taxonomy":"post_tag","embeddable":true,"href":"https:\/\/legrandcontinent.eu\/fr\/wp-json\/wp\/v2\/tags?post=247904"},{"taxonomy":"staff","embeddable":true,"href":"https:\/\/legrandcontinent.eu\/fr\/wp-json\/wp\/v2\/staff?post=247904"},{"taxonomy":"editorial_format","embeddable":true,"href":"https:\/\/legrandcontinent.eu\/fr\/wp-json\/wp\/v2\/editorial_format?post=247904"},{"taxonomy":"serie","embeddable":true,"href":"https:\/\/legrandcontinent.eu\/fr\/wp-json\/wp\/v2\/serie?post=247904"},{"taxonomy":"audience","embeddable":true,"href":"https:\/\/legrandcontinent.eu\/fr\/wp-json\/wp\/v2\/audience?post=247904"},{"taxonomy":"geo","embeddable":true,"href":"https:\/\/legrandcontinent.eu\/fr\/wp-json\/wp\/v2\/geo?post=247904"}],"curies":[{"name":"wp","href":"https:\/\/api.w.org\/{rel}","templated":true}]}}