{"id":245589,"date":"2024-09-18T17:44:08","date_gmt":"2024-09-18T15:44:08","guid":{"rendered":"https:\/\/legrandcontinent.eu\/fr\/?p=245589"},"modified":"2024-09-18T19:02:01","modified_gmt":"2024-09-18T17:02:01","slug":"la-prochaine-commission-europeenne-presentee-par-ursula-von-der-leyen-sera-la-plus-a-droite-de-lhistoire-si-elle-est-confirmee-par-le-parlement-europeen-calculs-exclusifs","status":"publish","type":"post","link":"https:\/\/legrandcontinent.eu\/fr\/2024\/09\/18\/la-prochaine-commission-europeenne-presentee-par-ursula-von-der-leyen-sera-la-plus-a-droite-de-lhistoire-si-elle-est-confirmee-par-le-parlement-europeen-calculs-exclusifs\/","title":{"rendered":"La prochaine Commission europ\u00e9enne pr\u00e9sent\u00e9e par Ursula von der Leyen sera la plus \u00e0 droite de l\u2019histoire, si elle est confirm\u00e9e par le Parlement europ\u00e9en (calculs exclusifs)"},"content":{"rendered":"\n<p>Le Coll\u00e8ge des Commissaires, tel qu\u2019annonc\u00e9 par Ursula von der Leyen mardi 17 septembre, pr\u00e9sente 59&#160;% de membres appartenant \u00e0 des partis de centre-droite et de droite \u2014 soit la part la plus importante depuis 1985.<\/p>\n\n\n\n<p>Ursula von der Leyen <a href=\"https:\/\/legrandcontinent.eu\/fr\/2024\/09\/17\/von-der-leyen-presente-son-nouveau-college-des-commissaires-axe-sur-la-competitivite\/\">a pr\u00e9sent\u00e9 mardi 17 septembre la composition du Coll\u00e8ge des Commissaires<\/a> qui sera soumise \u00e0 un vote d\u2019approbation du Parlement europ\u00e9en. Celui-ci, qui doit tenir compte du r\u00e9sultat des \u00e9lections europ\u00e9ennes, est compos\u00e9 de 14 membres de partis appartenant au Parti populaire europ\u00e9en (PPE) \u2014 contre 9 au cours de la pr\u00e9c\u00e9dente mandature, alors que le PPE n\u2019a que l\u00e9g\u00e8rement augment\u00e9 le nombre de ses d\u00e9put\u00e9s, passant de 182 en 2019 \u00e0 188.\u00a0<\/p>\n\n\n\n<div class=\"iframe-container wp-block-image wp-block-image-medium  iframe-dw\">\n\t<div>\n\t\t<iframe class=\"absolute w-full h-full pin-t pin-l\" title=\"titolo\" aria-label=\"Interactive line chart\" src=\"\/\/datawrapper.dwcdn.net\/tCN4E\" scrolling=\"no\" frameborder=\"0\"><\/iframe>\n\t<\/div>\n<\/div>\n\n\n\n<ul class=\"wp-block-list\">\n<li>Si la nouvelle Commission von der Leyen est enti\u00e8rement confirm\u00e9e par le Parlement \u2014 historiquement, les auditions peuvent aboutir au rejet d\u2019un ou deux candidats \u2014, elle sera la plus \u00e0 droite depuis la premi\u00e8re Commission Delors en 1985.<\/li>\n<\/ul>\n\n\n\n<div class=\"iframe-container wp-block-image wp-block-image-medium  iframe-dw\">\n\t<div>\n\t\t<iframe class=\"absolute w-full h-full pin-t pin-l\" title=\"titolo\" aria-label=\"Interactive line chart\" src=\"\/\/datawrapper.dwcdn.net\/jMa3E\" scrolling=\"no\" frameborder=\"0\"><\/iframe>\n\t<\/div>\n<\/div>\n\n\n\n<ul class=\"wp-block-list\">\n<li>Cette \u00e9volution constitue l\u2019aboutissement d\u2019une dynamique en cours depuis la fin des ann\u00e9es 1990, lorsque le Coll\u00e8ge de Romano Prodi (1999) comportait une majorit\u00e9 (11) de Commissaires appartenant au centre-gauche.<\/li>\n\n\n\n<li>La pr\u00e9sence de membres issus de formations politiques de centre-droit s\u2019est progressivement accentu\u00e9e depuis, bien qu\u2019elle ait connu un recul lors de la premi\u00e8re Commission von der Leyen (33&#160;%).<\/li>\n\n\n\n<li>Il s\u2019agirait par ailleurs de la premi\u00e8re Commission comportant deux membres de partis europ\u00e9ens de droite et d\u2019extr\u00eame-droite&#160;: l\u2019Italien Raffaele Fitto (CRE) et le Hongrois Oliv\u00e9r V\u00e1rhelyi (PfE).<\/li>\n\n\n\n<li>Seulement trois commissaires sont issus de l\u2019Alliance progressiste des socialistes et d\u00e9mocrates, deuxi\u00e8me groupe au Parlement&#160;: l\u2019Espagnole Teresa Ribera, la Roumaine Roxana M\u00eenzatu et le Danois Dan J\u00f8rgensen. Si les socialistes ont obtenu le portefeuille de la comp\u00e9titivit\u00e9, pour la premi\u00e8re fois depuis sa cr\u00e9ation, le poste de Haut repr\u00e9sentant pour les affaires \u00e9trang\u00e8res et la politique de s\u00e9curit\u00e9 n\u2019est pas d\u00e9tenu par le S&amp;D.\u00a0\u00a0\u00a0\u00a0<\/li>\n\n\n\n<li>Renew, qui a \u00e9t\u00e9 rel\u00e9gu\u00e9 \u00e0 la cinqui\u00e8me place au Parlement apr\u00e8s le scrutin de juin, compte au total cinq commissaires.\u00a0<\/li>\n<\/ul>\n\n\n\n<div class=\"iframe-container wp-block-image wp-block-image-medium  iframe-dw\">\n\t<div>\n\t\t<iframe class=\"absolute w-full h-full pin-t pin-l\" title=\"titolo\" aria-label=\"Interactive line chart\" src=\"\/\/datawrapper.dwcdn.net\/obQzt\" scrolling=\"no\" frameborder=\"0\"><\/iframe>\n\t<\/div>\n<\/div>\n\n\n\n<p>La part repr\u00e9sent\u00e9e par le centre-droit et la droite \u00e0 la Commission est sup\u00e9rieure \u00e0 celle au Parlement europ\u00e9en (52,08&#160;%) et au Conseil (55&#160;%).\u00a0<\/p>\n\n\n\n<div class=\"iframe-container wp-block-image wp-block-image-medium  iframe-dw\">\n\t<div>\n\t\t<iframe class=\"absolute w-full h-full pin-t pin-l\" title=\"titolo\" aria-label=\"Interactive line chart\" src=\"\/\/datawrapper.dwcdn.net\/uvtOm\" scrolling=\"no\" frameborder=\"0\"><\/iframe>\n\t<\/div>\n<\/div>\n\n\n\n<ul class=\"wp-block-list\">\n<li><a href=\"https:\/\/legrandcontinent.eu\/fr\/2024\/09\/10\/von-der-leyen-2-0-5-points-sur-les-equilibres-politiques-dans-la-nouvelle-commission-europeenne\/\">Si les institutions de l\u2019Union ne sont plus align\u00e9es politiquement<\/a>, le PPE occupe d\u00e9sormais une position encore plus centrale et strat\u00e9gique, en jouant un r\u00f4le clef dans l&rsquo;\u00e9quilibre des forces et dans la construction des majorit\u00e9s.\u00a0<\/li>\n<\/ul>\n\n\n\n<ul class=\"wp-block-list\">\n<li>La composition de la nouvelle Commission pr\u00e9pare un jeu de majorit\u00e9s \u00e0 droite, avec une alliance autour du PPE, qui semble pouvoir renforcer les partis \u00e0 sa droite.<\/li>\n\n\n\n<li>De l\u2019autre c\u00f4t\u00e9, la gauche se retrouve nettement affaiblie \u2014 aussi \u00e0 cause de la perte de vitesse des Verts \u2014, avec une repr\u00e9sentation r\u00e9duite qui limite sa capacit\u00e9 \u00e0 former des majorit\u00e9s ou \u00e0 peser dans la d\u00e9finition des axes structurants des institutions europ\u00e9ennes.<\/li>\n<\/ul>\n","protected":false},"excerpt":{"rendered":"<p>La part du centre-droit et de la droite de la Commission pr\u00e9sent\u00e9e par Ursula von der Leyen serait sup\u00e9rieure \u00e0 celle que cette tendance politique occupe au Conseil (55&#160;&#160;%) et au Parlement europ\u00e9en (52&#160;&#160;%). Selon nos calculs exclusifs, cette Commission europ\u00e9enne pourrait \u00eatre la plus \u00e0 droite de l\u2019histoire.<\/p>\n","protected":false},"author":2622,"featured_media":245594,"comment_status":"closed","ping_status":"closed","sticky":false,"template":"templates\/post-briefings.php","format":"standard","meta":{"_acf_changed":true,"_trash_the_other_posts":false,"_yoast_wpseo_estimated-reading-time-minutes":3,"footnotes":""},"categories":[3468],"tags":[],"staff":[],"editorial_format":[],"serie":[],"audience":[],"geo":[534],"class_list":["post-245589","post","type-post","status-publish","format-standard","hentry","category-donnees-qui-changent-la-donne","geo-bulles"],"acf":{"open_in_webview":false,"accent":false,"_thumbnail_id":245594,"excerpt":"La part du centre-droit et de la droite de la Commission pr\u00e9sent\u00e9e par Ursula von der Leyen serait sup\u00e9rieure \u00e0 celle que cette tendance politique occupe au Conseil (55 %) et au Parlement europ\u00e9en (52 %). Selon nos calculs exclusifs, cette Commission europ\u00e9enne pourrait \u00eatre la plus \u00e0 droite de l\u2019histoire.","display_date":"","new_abstract":true},"yoast_head":"<!-- This site is optimized with the Yoast SEO plugin v26.1.1 - https:\/\/yoast.com\/wordpress\/plugins\/seo\/ -->\n<title>La prochaine Commission europ\u00e9enne pr\u00e9sent\u00e9e par Ursula von der Leyen sera la plus \u00e0 droite de l\u2019histoire, si elle est confirm\u00e9e par le Parlement europ\u00e9en (calculs exclusifs) | Le Grand Continent<\/title>\n<meta name=\"robots\" content=\"index, follow, max-snippet:-1, max-image-preview:large, max-video-preview:-1\" \/>\n<link rel=\"canonical\" href=\"https:\/\/legrandcontinent.eu\/fr\/2024\/09\/18\/la-prochaine-commission-europeenne-presentee-par-ursula-von-der-leyen-sera-la-plus-a-droite-de-lhistoire-si-elle-est-confirmee-par-le-parlement-europeen-calculs-exclusifs\/\" \/>\n<meta property=\"og:locale\" content=\"fr_FR\" \/>\n<meta property=\"og:type\" content=\"article\" \/>\n<meta property=\"og:title\" content=\"La prochaine Commission europ\u00e9enne pr\u00e9sent\u00e9e par Ursula von der Leyen sera la plus \u00e0 droite de l\u2019histoire, si elle est confirm\u00e9e par le Parlement europ\u00e9en (calculs exclusifs) | Le Grand Continent\" \/>\n<meta property=\"og:description\" content=\"La part du centre-droit et de la droite de la Commission pr\u00e9sent\u00e9e par Ursula von der Leyen serait sup\u00e9rieure \u00e0 celle que cette tendance politique occupe au Conseil (55&#160;%) et au Parlement europ\u00e9en (52&#160;%). Selon nos calculs exclusifs, cette Commission europ\u00e9enne pourrait \u00eatre la plus \u00e0 droite de l\u2019histoire.\" \/>\n<meta property=\"og:url\" content=\"https:\/\/legrandcontinent.eu\/fr\/2024\/09\/18\/la-prochaine-commission-europeenne-presentee-par-ursula-von-der-leyen-sera-la-plus-a-droite-de-lhistoire-si-elle-est-confirmee-par-le-parlement-europeen-calculs-exclusifs\/\" \/>\n<meta property=\"og:site_name\" content=\"Le Grand Continent\" \/>\n<meta property=\"article:published_time\" content=\"2024-09-18T15:44:08+00:00\" \/>\n<meta property=\"article:modified_time\" content=\"2024-09-18T17:02:01+00:00\" \/>\n<meta property=\"og:image\" content=\"https:\/\/legrandcontinent.eu\/fr\/wp-content\/uploads\/sites\/2\/2024\/09\/gc-share-commission-VDL-2-droite.jpg\" \/>\n\t<meta property=\"og:image:width\" content=\"1902\" \/>\n\t<meta property=\"og:image:height\" content=\"1070\" \/>\n\t<meta property=\"og:image:type\" content=\"image\/jpeg\" \/>\n<meta name=\"author\" content=\"Marin Saillofest\" \/>\n<meta name=\"twitter:card\" content=\"summary_large_image\" \/>\n<meta name=\"twitter:image\" content=\"https:\/\/legrandcontinent.eu\/fr\/wp-content\/uploads\/sites\/2\/2024\/09\/gc-share-commission-VDL-2-droite.jpg\" \/>\n<meta name=\"twitter:label1\" content=\"\u00c9crit par\" \/>\n\t<meta name=\"twitter:data1\" content=\"Marin Saillofest\" \/>\n\t<meta name=\"twitter:label2\" content=\"Dur\u00e9e de lecture estim\u00e9e\" \/>\n\t<meta name=\"twitter:data2\" content=\"3 minutes\" \/>\n<script type=\"application\/ld+json\" class=\"yoast-schema-graph\">{\"@context\":\"https:\/\/schema.org\",\"@graph\":[{\"@type\":\"WebPage\",\"@id\":\"https:\/\/legrandcontinent.eu\/fr\/2024\/09\/18\/la-prochaine-commission-europeenne-presentee-par-ursula-von-der-leyen-sera-la-plus-a-droite-de-lhistoire-si-elle-est-confirmee-par-le-parlement-europeen-calculs-exclusifs\/\",\"url\":\"https:\/\/legrandcontinent.eu\/fr\/2024\/09\/18\/la-prochaine-commission-europeenne-presentee-par-ursula-von-der-leyen-sera-la-plus-a-droite-de-lhistoire-si-elle-est-confirmee-par-le-parlement-europeen-calculs-exclusifs\/\",\"name\":\"La prochaine Commission europ\u00e9enne pr\u00e9sent\u00e9e par Ursula von der Leyen sera la plus \u00e0 droite de l\u2019histoire, si elle est confirm\u00e9e par le Parlement europ\u00e9en (calculs exclusifs) | Le Grand Continent\",\"isPartOf\":{\"@id\":\"https:\/\/legrandcontinent.eu\/fr\/#website\"},\"primaryImageOfPage\":{\"@id\":\"https:\/\/legrandcontinent.eu\/fr\/2024\/09\/18\/la-prochaine-commission-europeenne-presentee-par-ursula-von-der-leyen-sera-la-plus-a-droite-de-lhistoire-si-elle-est-confirmee-par-le-parlement-europeen-calculs-exclusifs\/#primaryimage\"},\"image\":{\"@id\":\"https:\/\/legrandcontinent.eu\/fr\/2024\/09\/18\/la-prochaine-commission-europeenne-presentee-par-ursula-von-der-leyen-sera-la-plus-a-droite-de-lhistoire-si-elle-est-confirmee-par-le-parlement-europeen-calculs-exclusifs\/#primaryimage\"},\"thumbnailUrl\":\"https:\/\/legrandcontinent.eu\/fr\/wp-content\/uploads\/sites\/2\/2024\/09\/gc-commission-VDL-2-droite.jpg\",\"datePublished\":\"2024-09-18T15:44:08+00:00\",\"dateModified\":\"2024-09-18T17:02:01+00:00\",\"author\":{\"@id\":\"https:\/\/legrandcontinent.eu\/fr\/#\/schema\/person\/e4f85f52220fc7b4cc3cfdb86d88e833\"},\"breadcrumb\":{\"@id\":\"https:\/\/legrandcontinent.eu\/fr\/2024\/09\/18\/la-prochaine-commission-europeenne-presentee-par-ursula-von-der-leyen-sera-la-plus-a-droite-de-lhistoire-si-elle-est-confirmee-par-le-parlement-europeen-calculs-exclusifs\/#breadcrumb\"},\"inLanguage\":\"fr-FR\",\"potentialAction\":[{\"@type\":\"ReadAction\",\"target\":[\"https:\/\/legrandcontinent.eu\/fr\/2024\/09\/18\/la-prochaine-commission-europeenne-presentee-par-ursula-von-der-leyen-sera-la-plus-a-droite-de-lhistoire-si-elle-est-confirmee-par-le-parlement-europeen-calculs-exclusifs\/\"]}]},{\"@type\":\"ImageObject\",\"inLanguage\":\"fr-FR\",\"@id\":\"https:\/\/legrandcontinent.eu\/fr\/2024\/09\/18\/la-prochaine-commission-europeenne-presentee-par-ursula-von-der-leyen-sera-la-plus-a-droite-de-lhistoire-si-elle-est-confirmee-par-le-parlement-europeen-calculs-exclusifs\/#primaryimage\",\"url\":\"https:\/\/legrandcontinent.eu\/fr\/wp-content\/uploads\/sites\/2\/2024\/09\/gc-commission-VDL-2-droite.jpg\",\"contentUrl\":\"https:\/\/legrandcontinent.eu\/fr\/wp-content\/uploads\/sites\/2\/2024\/09\/gc-commission-VDL-2-droite.jpg\",\"width\":1904,\"height\":1066},{\"@type\":\"BreadcrumbList\",\"@id\":\"https:\/\/legrandcontinent.eu\/fr\/2024\/09\/18\/la-prochaine-commission-europeenne-presentee-par-ursula-von-der-leyen-sera-la-plus-a-droite-de-lhistoire-si-elle-est-confirmee-par-le-parlement-europeen-calculs-exclusifs\/#breadcrumb\",\"itemListElement\":[{\"@type\":\"ListItem\",\"position\":1,\"name\":\"Accueil\",\"item\":\"https:\/\/legrandcontinent.eu\/fr\/\"},{\"@type\":\"ListItem\",\"position\":2,\"name\":\"La prochaine Commission europ\u00e9enne pr\u00e9sent\u00e9e par Ursula von der Leyen sera la plus \u00e0 droite de l\u2019histoire, si elle est confirm\u00e9e par le Parlement europ\u00e9en (calculs exclusifs)\"}]},{\"@type\":\"WebSite\",\"@id\":\"https:\/\/legrandcontinent.eu\/fr\/#website\",\"url\":\"https:\/\/legrandcontinent.eu\/fr\/\",\"name\":\"Le Grand Continent\",\"description\":\"L&#039;\u00e9chelle pertinente\",\"potentialAction\":[{\"@type\":\"SearchAction\",\"target\":{\"@type\":\"EntryPoint\",\"urlTemplate\":\"https:\/\/legrandcontinent.eu\/fr\/?s={search_term_string}\"},\"query-input\":{\"@type\":\"PropertyValueSpecification\",\"valueRequired\":true,\"valueName\":\"search_term_string\"}}],\"inLanguage\":\"fr-FR\"},{\"@type\":\"Person\",\"@id\":\"https:\/\/legrandcontinent.eu\/fr\/#\/schema\/person\/e4f85f52220fc7b4cc3cfdb86d88e833\",\"name\":\"Marin Saillofest\",\"image\":{\"@type\":\"ImageObject\",\"inLanguage\":\"fr-FR\",\"@id\":\"https:\/\/legrandcontinent.eu\/fr\/#\/schema\/person\/image\/\",\"url\":\"https:\/\/secure.gravatar.com\/avatar\/87088698b4d967390c49ae6d4f1aa459?s=96&d=mm&r=g\",\"contentUrl\":\"https:\/\/secure.gravatar.com\/avatar\/87088698b4d967390c49ae6d4f1aa459?s=96&d=mm&r=g\",\"caption\":\"Marin Saillofest\"}}]}<\/script>\n<!-- \/ Yoast SEO plugin. -->","yoast_head_json":{"title":"La prochaine Commission europ\u00e9enne pr\u00e9sent\u00e9e par Ursula von der Leyen sera la plus \u00e0 droite de l\u2019histoire, si elle est confirm\u00e9e par le Parlement europ\u00e9en (calculs exclusifs) | Le Grand Continent","robots":{"index":"index","follow":"follow","max-snippet":"max-snippet:-1","max-image-preview":"max-image-preview:large","max-video-preview":"max-video-preview:-1"},"canonical":"https:\/\/legrandcontinent.eu\/fr\/2024\/09\/18\/la-prochaine-commission-europeenne-presentee-par-ursula-von-der-leyen-sera-la-plus-a-droite-de-lhistoire-si-elle-est-confirmee-par-le-parlement-europeen-calculs-exclusifs\/","og_locale":"fr_FR","og_type":"article","og_title":"La prochaine Commission europ\u00e9enne pr\u00e9sent\u00e9e par Ursula von der Leyen sera la plus \u00e0 droite de l\u2019histoire, si elle est confirm\u00e9e par le Parlement europ\u00e9en (calculs exclusifs) | Le Grand Continent","og_description":"La part du centre-droit et de la droite de la Commission pr\u00e9sent\u00e9e par Ursula von der Leyen serait sup\u00e9rieure \u00e0 celle que cette tendance politique occupe au Conseil (55&#160;%) et au Parlement europ\u00e9en (52&#160;%). Selon nos calculs exclusifs, cette Commission europ\u00e9enne pourrait \u00eatre la plus \u00e0 droite de l\u2019histoire.","og_url":"https:\/\/legrandcontinent.eu\/fr\/2024\/09\/18\/la-prochaine-commission-europeenne-presentee-par-ursula-von-der-leyen-sera-la-plus-a-droite-de-lhistoire-si-elle-est-confirmee-par-le-parlement-europeen-calculs-exclusifs\/","og_site_name":"Le Grand Continent","article_published_time":"2024-09-18T15:44:08+00:00","article_modified_time":"2024-09-18T17:02:01+00:00","og_image":[{"width":1902,"height":1070,"url":"https:\/\/legrandcontinent.eu\/fr\/wp-content\/uploads\/sites\/2\/2024\/09\/gc-share-commission-VDL-2-droite.jpg","type":"image\/jpeg"}],"author":"Marin Saillofest","twitter_card":"summary_large_image","twitter_image":"https:\/\/legrandcontinent.eu\/fr\/wp-content\/uploads\/sites\/2\/2024\/09\/gc-share-commission-VDL-2-droite.jpg","twitter_misc":{"\u00c9crit par":"Marin Saillofest","Dur\u00e9e de lecture estim\u00e9e":"3 minutes"},"schema":{"@context":"https:\/\/schema.org","@graph":[{"@type":"WebPage","@id":"https:\/\/legrandcontinent.eu\/fr\/2024\/09\/18\/la-prochaine-commission-europeenne-presentee-par-ursula-von-der-leyen-sera-la-plus-a-droite-de-lhistoire-si-elle-est-confirmee-par-le-parlement-europeen-calculs-exclusifs\/","url":"https:\/\/legrandcontinent.eu\/fr\/2024\/09\/18\/la-prochaine-commission-europeenne-presentee-par-ursula-von-der-leyen-sera-la-plus-a-droite-de-lhistoire-si-elle-est-confirmee-par-le-parlement-europeen-calculs-exclusifs\/","name":"La prochaine Commission europ\u00e9enne pr\u00e9sent\u00e9e par Ursula von der Leyen sera la plus \u00e0 droite de l\u2019histoire, si elle est confirm\u00e9e par le Parlement europ\u00e9en (calculs exclusifs) | Le Grand Continent","isPartOf":{"@id":"https:\/\/legrandcontinent.eu\/fr\/#website"},"primaryImageOfPage":{"@id":"https:\/\/legrandcontinent.eu\/fr\/2024\/09\/18\/la-prochaine-commission-europeenne-presentee-par-ursula-von-der-leyen-sera-la-plus-a-droite-de-lhistoire-si-elle-est-confirmee-par-le-parlement-europeen-calculs-exclusifs\/#primaryimage"},"image":{"@id":"https:\/\/legrandcontinent.eu\/fr\/2024\/09\/18\/la-prochaine-commission-europeenne-presentee-par-ursula-von-der-leyen-sera-la-plus-a-droite-de-lhistoire-si-elle-est-confirmee-par-le-parlement-europeen-calculs-exclusifs\/#primaryimage"},"thumbnailUrl":"https:\/\/legrandcontinent.eu\/fr\/wp-content\/uploads\/sites\/2\/2024\/09\/gc-commission-VDL-2-droite.jpg","datePublished":"2024-09-18T15:44:08+00:00","dateModified":"2024-09-18T17:02:01+00:00","author":{"@id":"https:\/\/legrandcontinent.eu\/fr\/#\/schema\/person\/e4f85f52220fc7b4cc3cfdb86d88e833"},"breadcrumb":{"@id":"https:\/\/legrandcontinent.eu\/fr\/2024\/09\/18\/la-prochaine-commission-europeenne-presentee-par-ursula-von-der-leyen-sera-la-plus-a-droite-de-lhistoire-si-elle-est-confirmee-par-le-parlement-europeen-calculs-exclusifs\/#breadcrumb"},"inLanguage":"fr-FR","potentialAction":[{"@type":"ReadAction","target":["https:\/\/legrandcontinent.eu\/fr\/2024\/09\/18\/la-prochaine-commission-europeenne-presentee-par-ursula-von-der-leyen-sera-la-plus-a-droite-de-lhistoire-si-elle-est-confirmee-par-le-parlement-europeen-calculs-exclusifs\/"]}]},{"@type":"ImageObject","inLanguage":"fr-FR","@id":"https:\/\/legrandcontinent.eu\/fr\/2024\/09\/18\/la-prochaine-commission-europeenne-presentee-par-ursula-von-der-leyen-sera-la-plus-a-droite-de-lhistoire-si-elle-est-confirmee-par-le-parlement-europeen-calculs-exclusifs\/#primaryimage","url":"https:\/\/legrandcontinent.eu\/fr\/wp-content\/uploads\/sites\/2\/2024\/09\/gc-commission-VDL-2-droite.jpg","contentUrl":"https:\/\/legrandcontinent.eu\/fr\/wp-content\/uploads\/sites\/2\/2024\/09\/gc-commission-VDL-2-droite.jpg","width":1904,"height":1066},{"@type":"BreadcrumbList","@id":"https:\/\/legrandcontinent.eu\/fr\/2024\/09\/18\/la-prochaine-commission-europeenne-presentee-par-ursula-von-der-leyen-sera-la-plus-a-droite-de-lhistoire-si-elle-est-confirmee-par-le-parlement-europeen-calculs-exclusifs\/#breadcrumb","itemListElement":[{"@type":"ListItem","position":1,"name":"Accueil","item":"https:\/\/legrandcontinent.eu\/fr\/"},{"@type":"ListItem","position":2,"name":"La prochaine Commission europ\u00e9enne pr\u00e9sent\u00e9e par Ursula von der Leyen sera la plus \u00e0 droite de l\u2019histoire, si elle est confirm\u00e9e par le Parlement europ\u00e9en (calculs exclusifs)"}]},{"@type":"WebSite","@id":"https:\/\/legrandcontinent.eu\/fr\/#website","url":"https:\/\/legrandcontinent.eu\/fr\/","name":"Le Grand Continent","description":"L&#039;\u00e9chelle pertinente","potentialAction":[{"@type":"SearchAction","target":{"@type":"EntryPoint","urlTemplate":"https:\/\/legrandcontinent.eu\/fr\/?s={search_term_string}"},"query-input":{"@type":"PropertyValueSpecification","valueRequired":true,"valueName":"search_term_string"}}],"inLanguage":"fr-FR"},{"@type":"Person","@id":"https:\/\/legrandcontinent.eu\/fr\/#\/schema\/person\/e4f85f52220fc7b4cc3cfdb86d88e833","name":"Marin Saillofest","image":{"@type":"ImageObject","inLanguage":"fr-FR","@id":"https:\/\/legrandcontinent.eu\/fr\/#\/schema\/person\/image\/","url":"https:\/\/secure.gravatar.com\/avatar\/87088698b4d967390c49ae6d4f1aa459?s=96&d=mm&r=g","contentUrl":"https:\/\/secure.gravatar.com\/avatar\/87088698b4d967390c49ae6d4f1aa459?s=96&d=mm&r=g","caption":"Marin Saillofest"}}]}},"lgc_categories":[{"id":3468,"name":"Donn\u00e9es qui changent la donne","slug":"donnees-qui-changent-la-donne"}],"lgc_author":null,"feature_image_summary":{"url":"https:\/\/legrandcontinent.eu\/fr\/wp-content\/uploads\/sites\/2\/2024\/09\/gc-commission-VDL-2-droite.jpg","width":1904,"height":1066,"alt":""},"feature_image_cover":null,"term_position_data":null,"_links":{"self":[{"href":"https:\/\/legrandcontinent.eu\/fr\/wp-json\/wp\/v2\/posts\/245589","targetHints":{"allow":["GET"]}}],"collection":[{"href":"https:\/\/legrandcontinent.eu\/fr\/wp-json\/wp\/v2\/posts"}],"about":[{"href":"https:\/\/legrandcontinent.eu\/fr\/wp-json\/wp\/v2\/types\/post"}],"author":[{"embeddable":true,"href":"https:\/\/legrandcontinent.eu\/fr\/wp-json\/wp\/v2\/users\/2622"}],"replies":[{"embeddable":true,"href":"https:\/\/legrandcontinent.eu\/fr\/wp-json\/wp\/v2\/comments?post=245589"}],"version-history":[{"count":0,"href":"https:\/\/legrandcontinent.eu\/fr\/wp-json\/wp\/v2\/posts\/245589\/revisions"}],"wp:featuredmedia":[{"embeddable":true,"href":"https:\/\/legrandcontinent.eu\/fr\/wp-json\/wp\/v2\/media\/245594"}],"wp:attachment":[{"href":"https:\/\/legrandcontinent.eu\/fr\/wp-json\/wp\/v2\/media?parent=245589"}],"wp:term":[{"taxonomy":"category","embeddable":true,"href":"https:\/\/legrandcontinent.eu\/fr\/wp-json\/wp\/v2\/categories?post=245589"},{"taxonomy":"post_tag","embeddable":true,"href":"https:\/\/legrandcontinent.eu\/fr\/wp-json\/wp\/v2\/tags?post=245589"},{"taxonomy":"staff","embeddable":true,"href":"https:\/\/legrandcontinent.eu\/fr\/wp-json\/wp\/v2\/staff?post=245589"},{"taxonomy":"editorial_format","embeddable":true,"href":"https:\/\/legrandcontinent.eu\/fr\/wp-json\/wp\/v2\/editorial_format?post=245589"},{"taxonomy":"serie","embeddable":true,"href":"https:\/\/legrandcontinent.eu\/fr\/wp-json\/wp\/v2\/serie?post=245589"},{"taxonomy":"audience","embeddable":true,"href":"https:\/\/legrandcontinent.eu\/fr\/wp-json\/wp\/v2\/audience?post=245589"},{"taxonomy":"geo","embeddable":true,"href":"https:\/\/legrandcontinent.eu\/fr\/wp-json\/wp\/v2\/geo?post=245589"}],"curies":[{"name":"wp","href":"https:\/\/api.w.org\/{rel}","templated":true}]}}