{"id":243317,"date":"2024-08-26T13:26:27","date_gmt":"2024-08-26T11:26:27","guid":{"rendered":"https:\/\/legrandcontinent.eu\/fr\/?p=243317"},"modified":"2024-08-26T13:26:28","modified_gmt":"2024-08-26T11:26:28","slug":"le-belarus-concentre-ses-troupes-a-la-frontiere-avec-lukraine","status":"publish","type":"post","link":"https:\/\/legrandcontinent.eu\/fr\/2024\/08\/26\/le-belarus-concentre-ses-troupes-a-la-frontiere-avec-lukraine\/","title":{"rendered":"Le B\u00e9larus concentre ses troupes \u00e0 la fronti\u00e8re avec l\u2019Ukraine\u00a0"},"content":{"rendered":"\n<p>Le 18 ao\u00fbt, invoquant le d\u00e9ploiement par Kiev de \u00ab&#160;plus de 120 000 militaires pr\u00e8s de la fronti\u00e8re avec le Belarus&#160;\u00bb, Minsk a d\u00e9clar\u00e9 avoir eu \u00e0 initier le \u00ab&#160;red\u00e9ploiement de pr\u00e8s d\u2019un tiers de son arm\u00e9e \u00e0 la fronti\u00e8re avec l\u2019Ukraine&#160;\u00bb dans le cadre de ce que le r\u00e9gime bi\u00e9lorusse pr\u00e9sente comme un \u00ab&#160;exercice&#160;\u00bb&nbsp;<span class='whitespace-nowrap'><span id='easy-footnote-1-243317' class='easy-footnote-margin-adjust'><\/span><span class='easy-footnote'><a href='https:\/\/legrandcontinent.eu\/fr\/2024\/08\/26\/le-belarus-concentre-ses-troupes-a-la-frontiere-avec-lukraine\/#easy-footnote-bottom-1-243317' title='\u00ab&amp;#160;&lt;a href=&quot;https:\/\/eng.belta.by\/president\/view\/lukashenko-belarus-had-to-redeploy-a-third-of-its-army-to-the-border-with-ukraine-160599-2024\/&quot;&gt;Lukashenko&amp;#160;: Belarus had to redeploy a third of its army to the border with Ukraine&lt;\/a&gt;&amp;#160;\u00bb, &lt;em&gt;Belta&lt;\/em&gt;, 18 ao\u00fbt 2024.'><sup>1<\/sup><\/a><\/span><\/span>.<\/p>\n\n\n\n<ul class=\"wp-block-list\">\n<li>Hier, dimanche, 25 ao\u00fbt, le minist\u00e8re des Affaires \u00e9trang\u00e8res ukrainien a appel\u00e9 dans un communiqu\u00e9 \u00ab&#160;les forces arm\u00e9es bi\u00e9lorusses \u00e0 cesser leurs actions inamicales et \u00e0 retirer leurs forces de la fronti\u00e8re de l&rsquo;Ukraine&#160;\u00bb&nbsp;<span class='whitespace-nowrap'><span id='easy-footnote-2-243317' class='easy-footnote-margin-adjust'><\/span><span class='easy-footnote'><a href='https:\/\/legrandcontinent.eu\/fr\/2024\/08\/26\/le-belarus-concentre-ses-troupes-a-la-frontiere-avec-lukraine\/#easy-footnote-bottom-2-243317' title='&lt;a href=&quot;https:\/\/mfa.gov.ua\/news\/zayava-mzs-ukrayini-shchodo-nedruzhnih-dij-respubliki-bilorus&quot;&gt;\u0417\u0430\u044f\u0432\u0430 \u041c\u0417\u0421 \u0423\u043a\u0440\u0430\u0457\u043d\u0438 \u0449\u043e\u0434\u043e \u043d\u0435\u0434\u0440\u0443\u0436\u043d\u0456\u0445 \u0434\u0456\u0439 \u0420\u0435\u0441\u043f\u0443\u0431\u043b\u0456\u043a\u0438 \u0411\u0456\u043b\u043e\u0440\u0443\u0441\u044c&lt;\/a&gt;, Minist\u00e8re des Affaires \u00e9trang\u00e8res ukrainien, 25 ao\u00fbt 2024.'><sup>2<\/sup><\/a><\/span><\/span>.<\/li>\n\n\n\n<li>Kiev d\u00e9nonce notamment la pr\u00e9sence pr\u00e8s de son territoire d\u2019un \u00ab&#160;nombre important&#160;\u00bb de forces d\u2019op\u00e9rations sp\u00e9ciales, de mat\u00e9riel militaire lourd, d\u2019\u00e9quipements d&rsquo;ing\u00e9nierie ainsi que d\u2019ex-mercenaires de Wagner.<\/li>\n\n\n\n<li>Les \u00ab&#160;exercices militaires&#160;\u00bb bi\u00e9lorusses pr\u00e8s des fronti\u00e8res des pays de l\u2019OTAN (Pologne, Lituanie, Lettonie) ou de l\u2019Ukraine sont assez fr\u00e9quents, le dernier en date ayant eu lieu <a href=\"https:\/\/legrandcontinent.eu\/fr\/2024\/07\/11\/alors-que-lotan-se-reunit-a-washington-et-sapprete-a-denoncer-le-soutien-de-la-chine-a-leffort-de-guerre-russe-xi-jinping-envoie-des-militaires-au-belarus\/\">en juillet aux c\u00f4t\u00e9s de militaires chinois<\/a>.<\/li>\n<\/ul>\n\n\n\n<div class=\"iframe-container wp-block-image wp-block-image-medium  iframe-dw\">\n\t<div>\n\t\t<iframe class=\"absolute w-full h-full pin-t pin-l\" title=\"titolo\" aria-label=\"Interactive line chart\" src=\"\/\/datawrapper.dwcdn.net\/zPry7\" scrolling=\"no\" frameborder=\"0\"><\/iframe>\n\t<\/div>\n<\/div>\n\n\n\n<p>Le d\u00e9ploiement auquel on assiste depuis une semaine se distingue n\u00e9anmoins par son ampleur. Si le tiers de l\u2019arm\u00e9e bi\u00e9lorusse repr\u00e9sente seulement un effectif d\u2019environ 16 000 militaires&nbsp;<span class='whitespace-nowrap'><span id='easy-footnote-3-243317' class='easy-footnote-margin-adjust'><\/span><span class='easy-footnote'><a href='https:\/\/legrandcontinent.eu\/fr\/2024\/08\/26\/le-belarus-concentre-ses-troupes-a-la-frontiere-avec-lukraine\/#easy-footnote-bottom-3-243317' title='The Military Balance 2024, The International Institute for Strategic Studies.'><sup>3<\/sup><\/a><\/span><\/span> \u2014 un chiffre relativement faible compte tenu de la taille de l\u2019arm\u00e9e ukrainienne ainsi que de la longueur de la fronti\u00e8re (plus de 1 000 km) \u2014, la menace est prise tr\u00e8s au s\u00e9rieux par Kiev alors que ses troupes combattent \u00e0 la fois dans le sud et l\u2019est du pays <a href=\"https:\/\/legrandcontinent.eu\/fr\/2024\/08\/22\/incursion-de-koursk-comment-le-kremlin-veut-preparer-la-population-russe-a-une-nouvelle-realite\/\">ainsi que sur le territoire russe<\/a>.<\/p>\n\n\n\n<p>Il est toutefois tr\u00e8s peu probable que Minsk lance une offensive contre l\u2019Ukraine.<\/p>\n\n\n\n<ul class=\"wp-block-list\">\n<li>Bien que le B\u00e9larus ait, \u00e0 bien des \u00e9gards, <a href=\"https:\/\/legrandcontinent.eu\/fr\/2022\/03\/01\/comment-la-bielorussie-a-cesse-detre-un-etat-souverain\/\">cess\u00e9 d\u2019\u00eatre un \u00c9tat souverain<\/a> \u00e0 mesure que la Russie a renforc\u00e9 son emprise sur le pays, le rapport de forces est largement en faveur de l\u2019Ukraine.\u00a0<\/li>\n\n\n\n<li>Moscou pourrait cependant chercher \u00e0 impliquer davantage son vassal dans la guerre afin de contraindre le commandement ukrainien \u00e0 d\u00e9placer des troupes mobilis\u00e9es sur d\u2019autres secteurs pour renforcer sa fronti\u00e8re&nbsp;<span class='whitespace-nowrap'><span id='easy-footnote-4-243317' class='easy-footnote-margin-adjust'><\/span><span class='easy-footnote'><a href='https:\/\/legrandcontinent.eu\/fr\/2024\/08\/26\/le-belarus-concentre-ses-troupes-a-la-frontiere-avec-lukraine\/#easy-footnote-bottom-4-243317' title='Nadia Prychliak, \u00ab&amp;#160;&lt;a href=&quot;https:\/\/www.unian.ua\/war\/perekidannya-biloruskih-viysk-u-dpsu-rozpovili-shcho-kojitsya-bilya-ukrajinskogo-kordonu-12738525.html&quot;&gt;\u041f\u0435\u0440\u0435\u043a\u0438\u0434\u0430\u043d\u043d\u044f \u0431\u0456\u043b\u043e\u0440\u0443\u0441\u044c\u043a\u0438\u0445 \u0432\u0456\u0439\u0441\u044c\u043a&amp;#160;: \u0443 \u0414\u041f\u0421\u0423 \u0440\u043e\u0437\u043f\u043e\u0432\u0456\u043b\u0438, \u0449\u043e \u043a\u043e\u0457\u0442\u044c\u0441\u044f \u0431\u0456\u043b\u044f \u0443\u043a\u0440\u0430\u0457\u043d\u0441\u044c\u043a\u043e\u0433\u043e \u043a\u043e\u0440\u0434\u043e\u043d\u0443&lt;\/a&gt;&amp;#160;\u00bb, &lt;em&gt;Unian&lt;\/em&gt;, 26 ao\u00fbt 2024.'><sup>4<\/sup><\/a><\/span><\/span>.<\/li>\n\n\n\n<li>C\u2019est du territoire bi\u00e9lorusse qu\u2019avait \u00e9t\u00e9 lanc\u00e9e une partie de l\u2019invasion russe en f\u00e9vrier 2022, qui se trouve \u00e0 moins de 100 kilom\u00e8tres de Kiev.<\/li>\n<\/ul>\n\n\n\n<div class=\"iframe-container wp-block-image wp-block-image-medium  iframe-dw\">\n\t<div>\n\t\t<iframe class=\"absolute w-full h-full pin-t pin-l\" title=\"titolo\" aria-label=\"Interactive line chart\" src=\"\/\/datawrapper.dwcdn.net\/64HIb\" scrolling=\"no\" frameborder=\"0\"><\/iframe>\n\t<\/div>\n<\/div>\n\n\n\n<p>La menace que fait peser le Kremlin sur l\u2019Ukraine via le B\u00e9larus rel\u00e8ve d\u2019une op\u00e9ration psychologique (PsyOp) \u00e9prouv\u00e9e par les autorit\u00e9s russes depuis 2022&nbsp;<span class='whitespace-nowrap'><span id='easy-footnote-5-243317' class='easy-footnote-margin-adjust'><\/span><span class='easy-footnote'><a href='https:\/\/legrandcontinent.eu\/fr\/2024\/08\/26\/le-belarus-concentre-ses-troupes-a-la-frontiere-avec-lukraine\/#easy-footnote-bottom-5-243317' title='Riley Bailey, Kateryna Stepanenko et Frederick W. Kagan, &lt;a href=&quot;https:\/\/www.understandingwar.org\/sites\/default\/files\/20221211%20Russian%20Offensive%20Campaign%20Assessment.pdf&quot;&gt;Russian Offensive Campaign Assessment, 11 d\u00e9cembre 2022&lt;\/a&gt;, Institute for the Study of War.'><sup>5<\/sup><\/a><\/span><\/span>. Son efficacit\u00e9 est n\u00e9anmoins relative en raison de la faible menace que l\u2019arm\u00e9e bi\u00e9lorusse est capable de poser sans une participation directe russe.<\/p>\n","protected":false},"excerpt":{"rendered":"<p>Depuis une semaine, Minsk a consid\u00e9rablement renforc\u00e9 ses effectifs militaires \u00e0 la fronti\u00e8re avec le territoire ukrainien sous couvert d\u2019un \u00ab&#160;&#160;exercice&#160;&#160;\u00bb. Le pr\u00e9sident bi\u00e9lorusse Alexandre Loukachenko dit agir en r\u00e9action \u00e0 une massification pr\u00e9alable de la pr\u00e9sence militaire ukrainienne, dans ce qui pourrait constituer une op\u00e9ration psychologique mont\u00e9e par Moscou.<\/p>\n","protected":false},"author":2622,"featured_media":243322,"comment_status":"closed","ping_status":"closed","sticky":false,"template":"templates\/post-briefings.php","format":"standard","meta":{"_acf_changed":false,"_trash_the_other_posts":false,"_yoast_wpseo_estimated-reading-time-minutes":1,"footnotes":""},"categories":[2345],"tags":[],"staff":[],"editorial_format":[],"serie":[],"audience":[],"geo":[1917],"class_list":["post-243317","post","type-post","status-publish","format-standard","hentry","category-securite","geo-europe"],"acf":{"open_in_webview":false,"accent":false,"_thumbnail_id":243322,"excerpt":"Depuis une semaine, Minsk a consid\u00e9rablement renforc\u00e9 ses effectifs militaires \u00e0 la fronti\u00e8re avec le territoire ukrainien sous couvert d\u2019un \u00abexercice\u00bb. Le pr\u00e9sident bi\u00e9lorusse Alexandre Loukachenko dit agir en r\u00e9action \u00e0 une massification pr\u00e9alable de la pr\u00e9sence militaire ukrainienne, dans ce qui pourrait constituer une op\u00e9ration psychologique mont\u00e9e par Moscou.","display_date":"","new_abstract":true},"yoast_head":"<!-- This site is optimized with the Yoast SEO plugin v26.1.1 - https:\/\/yoast.com\/wordpress\/plugins\/seo\/ -->\n<title>Le B\u00e9larus concentre ses troupes \u00e0 la fronti\u00e8re avec l\u2019Ukraine\u00a0 | Le Grand Continent<\/title>\n<meta name=\"robots\" content=\"index, follow, max-snippet:-1, max-image-preview:large, max-video-preview:-1\" \/>\n<link rel=\"canonical\" href=\"https:\/\/legrandcontinent.eu\/fr\/2024\/08\/26\/le-belarus-concentre-ses-troupes-a-la-frontiere-avec-lukraine\/\" \/>\n<meta property=\"og:locale\" content=\"fr_FR\" \/>\n<meta property=\"og:type\" content=\"article\" \/>\n<meta property=\"og:title\" content=\"Le B\u00e9larus concentre ses troupes \u00e0 la fronti\u00e8re avec l\u2019Ukraine\u00a0 | Le Grand Continent\" \/>\n<meta property=\"og:description\" content=\"Depuis une semaine, Minsk a consid\u00e9rablement renforc\u00e9 ses effectifs militaires \u00e0 la fronti\u00e8re avec le territoire ukrainien sous couvert d\u2019un \u00ab&#160;exercice&#160;\u00bb. Le pr\u00e9sident bi\u00e9lorusse Alexandre Loukachenko dit agir en r\u00e9action \u00e0 une massification pr\u00e9alable de la pr\u00e9sence militaire ukrainienne, dans ce qui pourrait constituer une op\u00e9ration psychologique mont\u00e9e par Moscou.\" \/>\n<meta property=\"og:url\" content=\"https:\/\/legrandcontinent.eu\/fr\/2024\/08\/26\/le-belarus-concentre-ses-troupes-a-la-frontiere-avec-lukraine\/\" \/>\n<meta property=\"og:site_name\" content=\"Le Grand Continent\" \/>\n<meta property=\"article:published_time\" content=\"2024-08-26T11:26:27+00:00\" \/>\n<meta property=\"article:modified_time\" content=\"2024-08-26T11:26:28+00:00\" \/>\n<meta property=\"og:image\" content=\"https:\/\/legrandcontinent.eu\/fr\/wp-content\/uploads\/sites\/2\/2024\/08\/gc-share-tiers-armee-belarus-frontiere-ukr-e1724666513135.png\" \/>\n\t<meta property=\"og:image:width\" content=\"1453\" \/>\n\t<meta property=\"og:image:height\" content=\"815\" \/>\n\t<meta property=\"og:image:type\" content=\"image\/png\" \/>\n<meta name=\"author\" content=\"Marin Saillofest\" \/>\n<meta name=\"twitter:card\" content=\"summary_large_image\" \/>\n<meta name=\"twitter:image\" content=\"https:\/\/legrandcontinent.eu\/fr\/wp-content\/uploads\/sites\/2\/2024\/08\/gc-share-tiers-armee-belarus-frontiere-ukr-e1724666513135.png\" \/>\n<meta name=\"twitter:label1\" content=\"\u00c9crit par\" \/>\n\t<meta name=\"twitter:data1\" content=\"Marin Saillofest\" \/>\n\t<meta name=\"twitter:label2\" content=\"Dur\u00e9e de lecture estim\u00e9e\" \/>\n\t<meta name=\"twitter:data2\" content=\"1 minute\" \/>\n<script type=\"application\/ld+json\" class=\"yoast-schema-graph\">{\"@context\":\"https:\/\/schema.org\",\"@graph\":[{\"@type\":\"WebPage\",\"@id\":\"https:\/\/legrandcontinent.eu\/fr\/2024\/08\/26\/le-belarus-concentre-ses-troupes-a-la-frontiere-avec-lukraine\/\",\"url\":\"https:\/\/legrandcontinent.eu\/fr\/2024\/08\/26\/le-belarus-concentre-ses-troupes-a-la-frontiere-avec-lukraine\/\",\"name\":\"Le B\u00e9larus concentre ses troupes \u00e0 la fronti\u00e8re avec l\u2019Ukraine\u00a0 | Le Grand Continent\",\"isPartOf\":{\"@id\":\"https:\/\/legrandcontinent.eu\/fr\/#website\"},\"primaryImageOfPage\":{\"@id\":\"https:\/\/legrandcontinent.eu\/fr\/2024\/08\/26\/le-belarus-concentre-ses-troupes-a-la-frontiere-avec-lukraine\/#primaryimage\"},\"image\":{\"@id\":\"https:\/\/legrandcontinent.eu\/fr\/2024\/08\/26\/le-belarus-concentre-ses-troupes-a-la-frontiere-avec-lukraine\/#primaryimage\"},\"thumbnailUrl\":\"https:\/\/legrandcontinent.eu\/fr\/wp-content\/uploads\/sites\/2\/2024\/08\/gc-tiers-armee-belarus-frontiere-ukr.png\",\"datePublished\":\"2024-08-26T11:26:27+00:00\",\"dateModified\":\"2024-08-26T11:26:28+00:00\",\"author\":{\"@id\":\"https:\/\/legrandcontinent.eu\/fr\/#\/schema\/person\/e4f85f52220fc7b4cc3cfdb86d88e833\"},\"breadcrumb\":{\"@id\":\"https:\/\/legrandcontinent.eu\/fr\/2024\/08\/26\/le-belarus-concentre-ses-troupes-a-la-frontiere-avec-lukraine\/#breadcrumb\"},\"inLanguage\":\"fr-FR\",\"potentialAction\":[{\"@type\":\"ReadAction\",\"target\":[\"https:\/\/legrandcontinent.eu\/fr\/2024\/08\/26\/le-belarus-concentre-ses-troupes-a-la-frontiere-avec-lukraine\/\"]}]},{\"@type\":\"ImageObject\",\"inLanguage\":\"fr-FR\",\"@id\":\"https:\/\/legrandcontinent.eu\/fr\/2024\/08\/26\/le-belarus-concentre-ses-troupes-a-la-frontiere-avec-lukraine\/#primaryimage\",\"url\":\"https:\/\/legrandcontinent.eu\/fr\/wp-content\/uploads\/sites\/2\/2024\/08\/gc-tiers-armee-belarus-frontiere-ukr.png\",\"contentUrl\":\"https:\/\/legrandcontinent.eu\/fr\/wp-content\/uploads\/sites\/2\/2024\/08\/gc-tiers-armee-belarus-frontiere-ukr.png\",\"width\":1916,\"height\":1072},{\"@type\":\"BreadcrumbList\",\"@id\":\"https:\/\/legrandcontinent.eu\/fr\/2024\/08\/26\/le-belarus-concentre-ses-troupes-a-la-frontiere-avec-lukraine\/#breadcrumb\",\"itemListElement\":[{\"@type\":\"ListItem\",\"position\":1,\"name\":\"Accueil\",\"item\":\"https:\/\/legrandcontinent.eu\/fr\/\"},{\"@type\":\"ListItem\",\"position\":2,\"name\":\"Le B\u00e9larus concentre ses troupes \u00e0 la fronti\u00e8re avec l\u2019Ukraine\u00a0\"}]},{\"@type\":\"WebSite\",\"@id\":\"https:\/\/legrandcontinent.eu\/fr\/#website\",\"url\":\"https:\/\/legrandcontinent.eu\/fr\/\",\"name\":\"Le Grand Continent\",\"description\":\"L&#039;\u00e9chelle pertinente\",\"potentialAction\":[{\"@type\":\"SearchAction\",\"target\":{\"@type\":\"EntryPoint\",\"urlTemplate\":\"https:\/\/legrandcontinent.eu\/fr\/?s={search_term_string}\"},\"query-input\":{\"@type\":\"PropertyValueSpecification\",\"valueRequired\":true,\"valueName\":\"search_term_string\"}}],\"inLanguage\":\"fr-FR\"},{\"@type\":\"Person\",\"@id\":\"https:\/\/legrandcontinent.eu\/fr\/#\/schema\/person\/e4f85f52220fc7b4cc3cfdb86d88e833\",\"name\":\"Marin Saillofest\",\"image\":{\"@type\":\"ImageObject\",\"inLanguage\":\"fr-FR\",\"@id\":\"https:\/\/legrandcontinent.eu\/fr\/#\/schema\/person\/image\/\",\"url\":\"https:\/\/secure.gravatar.com\/avatar\/87088698b4d967390c49ae6d4f1aa459?s=96&d=mm&r=g\",\"contentUrl\":\"https:\/\/secure.gravatar.com\/avatar\/87088698b4d967390c49ae6d4f1aa459?s=96&d=mm&r=g\",\"caption\":\"Marin Saillofest\"}}]}<\/script>\n<!-- \/ Yoast SEO plugin. -->","yoast_head_json":{"title":"Le B\u00e9larus concentre ses troupes \u00e0 la fronti\u00e8re avec l\u2019Ukraine\u00a0 | Le Grand Continent","robots":{"index":"index","follow":"follow","max-snippet":"max-snippet:-1","max-image-preview":"max-image-preview:large","max-video-preview":"max-video-preview:-1"},"canonical":"https:\/\/legrandcontinent.eu\/fr\/2024\/08\/26\/le-belarus-concentre-ses-troupes-a-la-frontiere-avec-lukraine\/","og_locale":"fr_FR","og_type":"article","og_title":"Le B\u00e9larus concentre ses troupes \u00e0 la fronti\u00e8re avec l\u2019Ukraine\u00a0 | Le Grand Continent","og_description":"Depuis une semaine, Minsk a consid\u00e9rablement renforc\u00e9 ses effectifs militaires \u00e0 la fronti\u00e8re avec le territoire ukrainien sous couvert d\u2019un \u00ab&#160;exercice&#160;\u00bb. Le pr\u00e9sident bi\u00e9lorusse Alexandre Loukachenko dit agir en r\u00e9action \u00e0 une massification pr\u00e9alable de la pr\u00e9sence militaire ukrainienne, dans ce qui pourrait constituer une op\u00e9ration psychologique mont\u00e9e par Moscou.","og_url":"https:\/\/legrandcontinent.eu\/fr\/2024\/08\/26\/le-belarus-concentre-ses-troupes-a-la-frontiere-avec-lukraine\/","og_site_name":"Le Grand Continent","article_published_time":"2024-08-26T11:26:27+00:00","article_modified_time":"2024-08-26T11:26:28+00:00","og_image":[{"width":1453,"height":815,"url":"https:\/\/legrandcontinent.eu\/fr\/wp-content\/uploads\/sites\/2\/2024\/08\/gc-share-tiers-armee-belarus-frontiere-ukr-e1724666513135.png","type":"image\/png"}],"author":"Marin Saillofest","twitter_card":"summary_large_image","twitter_image":"https:\/\/legrandcontinent.eu\/fr\/wp-content\/uploads\/sites\/2\/2024\/08\/gc-share-tiers-armee-belarus-frontiere-ukr-e1724666513135.png","twitter_misc":{"\u00c9crit par":"Marin Saillofest","Dur\u00e9e de lecture estim\u00e9e":"1 minute"},"schema":{"@context":"https:\/\/schema.org","@graph":[{"@type":"WebPage","@id":"https:\/\/legrandcontinent.eu\/fr\/2024\/08\/26\/le-belarus-concentre-ses-troupes-a-la-frontiere-avec-lukraine\/","url":"https:\/\/legrandcontinent.eu\/fr\/2024\/08\/26\/le-belarus-concentre-ses-troupes-a-la-frontiere-avec-lukraine\/","name":"Le B\u00e9larus concentre ses troupes \u00e0 la fronti\u00e8re avec l\u2019Ukraine\u00a0 | Le Grand Continent","isPartOf":{"@id":"https:\/\/legrandcontinent.eu\/fr\/#website"},"primaryImageOfPage":{"@id":"https:\/\/legrandcontinent.eu\/fr\/2024\/08\/26\/le-belarus-concentre-ses-troupes-a-la-frontiere-avec-lukraine\/#primaryimage"},"image":{"@id":"https:\/\/legrandcontinent.eu\/fr\/2024\/08\/26\/le-belarus-concentre-ses-troupes-a-la-frontiere-avec-lukraine\/#primaryimage"},"thumbnailUrl":"https:\/\/legrandcontinent.eu\/fr\/wp-content\/uploads\/sites\/2\/2024\/08\/gc-tiers-armee-belarus-frontiere-ukr.png","datePublished":"2024-08-26T11:26:27+00:00","dateModified":"2024-08-26T11:26:28+00:00","author":{"@id":"https:\/\/legrandcontinent.eu\/fr\/#\/schema\/person\/e4f85f52220fc7b4cc3cfdb86d88e833"},"breadcrumb":{"@id":"https:\/\/legrandcontinent.eu\/fr\/2024\/08\/26\/le-belarus-concentre-ses-troupes-a-la-frontiere-avec-lukraine\/#breadcrumb"},"inLanguage":"fr-FR","potentialAction":[{"@type":"ReadAction","target":["https:\/\/legrandcontinent.eu\/fr\/2024\/08\/26\/le-belarus-concentre-ses-troupes-a-la-frontiere-avec-lukraine\/"]}]},{"@type":"ImageObject","inLanguage":"fr-FR","@id":"https:\/\/legrandcontinent.eu\/fr\/2024\/08\/26\/le-belarus-concentre-ses-troupes-a-la-frontiere-avec-lukraine\/#primaryimage","url":"https:\/\/legrandcontinent.eu\/fr\/wp-content\/uploads\/sites\/2\/2024\/08\/gc-tiers-armee-belarus-frontiere-ukr.png","contentUrl":"https:\/\/legrandcontinent.eu\/fr\/wp-content\/uploads\/sites\/2\/2024\/08\/gc-tiers-armee-belarus-frontiere-ukr.png","width":1916,"height":1072},{"@type":"BreadcrumbList","@id":"https:\/\/legrandcontinent.eu\/fr\/2024\/08\/26\/le-belarus-concentre-ses-troupes-a-la-frontiere-avec-lukraine\/#breadcrumb","itemListElement":[{"@type":"ListItem","position":1,"name":"Accueil","item":"https:\/\/legrandcontinent.eu\/fr\/"},{"@type":"ListItem","position":2,"name":"Le B\u00e9larus concentre ses troupes \u00e0 la fronti\u00e8re avec l\u2019Ukraine\u00a0"}]},{"@type":"WebSite","@id":"https:\/\/legrandcontinent.eu\/fr\/#website","url":"https:\/\/legrandcontinent.eu\/fr\/","name":"Le Grand Continent","description":"L&#039;\u00e9chelle pertinente","potentialAction":[{"@type":"SearchAction","target":{"@type":"EntryPoint","urlTemplate":"https:\/\/legrandcontinent.eu\/fr\/?s={search_term_string}"},"query-input":{"@type":"PropertyValueSpecification","valueRequired":true,"valueName":"search_term_string"}}],"inLanguage":"fr-FR"},{"@type":"Person","@id":"https:\/\/legrandcontinent.eu\/fr\/#\/schema\/person\/e4f85f52220fc7b4cc3cfdb86d88e833","name":"Marin Saillofest","image":{"@type":"ImageObject","inLanguage":"fr-FR","@id":"https:\/\/legrandcontinent.eu\/fr\/#\/schema\/person\/image\/","url":"https:\/\/secure.gravatar.com\/avatar\/87088698b4d967390c49ae6d4f1aa459?s=96&d=mm&r=g","contentUrl":"https:\/\/secure.gravatar.com\/avatar\/87088698b4d967390c49ae6d4f1aa459?s=96&d=mm&r=g","caption":"Marin Saillofest"}}]}},"lgc_categories":[{"id":2345,"name":"S\u00e9curit\u00e9","slug":"securite"}],"lgc_author":null,"feature_image_summary":{"url":"https:\/\/legrandcontinent.eu\/fr\/wp-content\/uploads\/sites\/2\/2024\/08\/gc-tiers-armee-belarus-frontiere-ukr.png","width":1916,"height":1072,"alt":""},"feature_image_cover":null,"term_position_data":null,"_links":{"self":[{"href":"https:\/\/legrandcontinent.eu\/fr\/wp-json\/wp\/v2\/posts\/243317","targetHints":{"allow":["GET"]}}],"collection":[{"href":"https:\/\/legrandcontinent.eu\/fr\/wp-json\/wp\/v2\/posts"}],"about":[{"href":"https:\/\/legrandcontinent.eu\/fr\/wp-json\/wp\/v2\/types\/post"}],"author":[{"embeddable":true,"href":"https:\/\/legrandcontinent.eu\/fr\/wp-json\/wp\/v2\/users\/2622"}],"replies":[{"embeddable":true,"href":"https:\/\/legrandcontinent.eu\/fr\/wp-json\/wp\/v2\/comments?post=243317"}],"version-history":[{"count":0,"href":"https:\/\/legrandcontinent.eu\/fr\/wp-json\/wp\/v2\/posts\/243317\/revisions"}],"wp:featuredmedia":[{"embeddable":true,"href":"https:\/\/legrandcontinent.eu\/fr\/wp-json\/wp\/v2\/media\/243322"}],"wp:attachment":[{"href":"https:\/\/legrandcontinent.eu\/fr\/wp-json\/wp\/v2\/media?parent=243317"}],"wp:term":[{"taxonomy":"category","embeddable":true,"href":"https:\/\/legrandcontinent.eu\/fr\/wp-json\/wp\/v2\/categories?post=243317"},{"taxonomy":"post_tag","embeddable":true,"href":"https:\/\/legrandcontinent.eu\/fr\/wp-json\/wp\/v2\/tags?post=243317"},{"taxonomy":"staff","embeddable":true,"href":"https:\/\/legrandcontinent.eu\/fr\/wp-json\/wp\/v2\/staff?post=243317"},{"taxonomy":"editorial_format","embeddable":true,"href":"https:\/\/legrandcontinent.eu\/fr\/wp-json\/wp\/v2\/editorial_format?post=243317"},{"taxonomy":"serie","embeddable":true,"href":"https:\/\/legrandcontinent.eu\/fr\/wp-json\/wp\/v2\/serie?post=243317"},{"taxonomy":"audience","embeddable":true,"href":"https:\/\/legrandcontinent.eu\/fr\/wp-json\/wp\/v2\/audience?post=243317"},{"taxonomy":"geo","embeddable":true,"href":"https:\/\/legrandcontinent.eu\/fr\/wp-json\/wp\/v2\/geo?post=243317"}],"curies":[{"name":"wp","href":"https:\/\/api.w.org\/{rel}","templated":true}]}}