{"id":243042,"date":"2024-08-21T16:30:00","date_gmt":"2024-08-21T14:30:00","guid":{"rendered":"https:\/\/legrandcontinent.eu\/fr\/?p=243042"},"modified":"2024-08-21T16:13:06","modified_gmt":"2024-08-21T14:13:06","slug":"plus-dun-mois-apres-la-demission-du-gouvernement-les-francais-prefereraient-gabriel-attal-ou-jordan-bardella-comme-premier-ministre","status":"publish","type":"post","link":"https:\/\/legrandcontinent.eu\/fr\/2024\/08\/21\/plus-dun-mois-apres-la-demission-du-gouvernement-les-francais-prefereraient-gabriel-attal-ou-jordan-bardella-comme-premier-ministre\/","title":{"rendered":"Plus d\u2019un mois apr\u00e8s la d\u00e9mission du gouvernement, les Fran\u00e7ais pr\u00e9f\u00e8reraient Gabriel Attal ou Jordan Bardella comme Premier ministre"},"content":{"rendered":"\n<p>Selon une enqu\u00eate r\u00e9alis\u00e9e du 19 au 20 ao\u00fbt par Harris Interactive, une majorit\u00e9 de Fran\u00e7ais (54&#160;%) souhaite qu\u2019Emmanuel Macron nomme un nouveau Premier ministre dans les prochains jours \u00ab&#160;m\u00eame s\u2019il n\u2019est pas assur\u00e9 d\u2019avoir une majorit\u00e9 solide et si le gouvernement qu\u2019il conduirait pourrait \u00eatre renvers\u00e9 rapidement&#160;\u00bb&nbsp;<span class='whitespace-nowrap'><span id='easy-footnote-1-243042' class='easy-footnote-margin-adjust'><\/span><span class='easy-footnote'><a href='https:\/\/legrandcontinent.eu\/fr\/2024\/08\/21\/plus-dun-mois-apres-la-demission-du-gouvernement-les-francais-prefereraient-gabriel-attal-ou-jordan-bardella-comme-premier-ministre\/#easy-footnote-bottom-1-243042' title='&lt;a href=&quot;https:\/\/harris-interactive.fr\/wp-content\/uploads\/sites\/6\/2024\/08\/Rapport-Toluna-Harris-Les-Francais-et-la-nomination-du-prochain-Premier-ministre.pdf&quot;&gt;Les Fran\u00e7ais et la nomination du prochain Premier ministre&lt;\/a&gt;, Harris Interactive, 21 ao\u00fbt 2024.'><sup>1<\/sup><\/a><\/span><\/span>.<\/p>\n\n\n\n<div class=\"iframe-container wp-block-image wp-block-image-medium  iframe-dw\">\n\t<div>\n\t\t<iframe class=\"absolute w-full h-full pin-t pin-l\" title=\"titolo\" aria-label=\"Interactive line chart\" src=\"\/\/datawrapper.dwcdn.net\/UUYGL\" scrolling=\"no\" frameborder=\"0\"><\/iframe>\n\t<\/div>\n<\/div>\n\n\n\n<ul class=\"wp-block-list\">\n<li>Une part moins importante mais n\u00e9anmoins significative (39&#160;%) consid\u00e8re que le pr\u00e9sident \u00ab&#160;doit attendre le temps que se d\u00e9gage une majorit\u00e9 solide avant de nommer un Premier ministre afin d\u2019\u00e9viter que le gouvernement qu\u2019il conduirait soit renvers\u00e9 rapidement&#160;\u00bb.<\/li>\n\n\n\n<li>Les sympathisants des forces politiques de gauche et d\u2019extr\u00eame-droite sont les plus favorables \u00e0 la nomination rapide d\u2019un nouveau chef de gouvernement, tandis que les \u00e9lecteurs du centre \/ de droite (Ensemble, LR) sont majoritairement favorables \u00e0 la seconde option.<\/li>\n<\/ul>\n\n\n\n<p>Sur les 35 personnalit\u00e9s politiques soumises au panel, aucun nom ne se d\u00e9gage clairement. Seulement deux options obtiennent plus d\u2019un tiers d\u2019opinion positive&#160;: l\u2019actuel Premier ministre d\u00e9missionnaire Gabriel Attal (en t\u00eate avec 40&#160;%) ainsi que le pr\u00e9sident du Rassemblement National Jordan Bardella (39&#160;%).<\/p>\n\n\n\n<div class=\"iframe-container wp-block-image wp-block-image-medium  iframe-dw\">\n\t<div>\n\t\t<iframe class=\"absolute w-full h-full pin-t pin-l\" title=\"titolo\" aria-label=\"Interactive line chart\" src=\"\/\/datawrapper.dwcdn.net\/SrayI\" scrolling=\"no\" frameborder=\"0\"><\/iframe>\n\t<\/div>\n<\/div>\n\n\n\n<ul class=\"wp-block-list\">\n<li>Lucie Castets, soutenue par le Nouveau Front Populaire pour former un nouveau gouvernement, n\u2019est cr\u00e9dit\u00e9e que de 17&#160;% d\u2019opinion favorable, en l\u00e9g\u00e8re baisse (-1 point) par rapport \u00e0 la pr\u00e9c\u00e9dente enqu\u00eate r\u00e9alis\u00e9e en juillet.<\/li>\n\n\n\n<li>Xavier Bertrand, pr\u00e9sident du conseil r\u00e9gional des Hauts-de-France et ancien candidat \u00e0 la primaire LR pour l\u2019\u00e9lection pr\u00e9sidentielle de 2022, est en nette progression par rapport \u00e0 juillet&#160;: 32&#160;% d\u2019opinions favorables (+ 6 points).<\/li>\n\n\n\n<li>Parmi les quelques noms ayant progress\u00e9 entre juillet et ao\u00fbt, on retrouve l\u2019ex-d\u00e9put\u00e9 Beno\u00eet Hamon (20&#160;%, +3 points), l\u2019ex-secr\u00e9taire g\u00e9n\u00e9ral de la CFDT Laurent Berger (22&#160;%, +2 points), l\u2019ancien pr\u00e9sident Fran\u00e7ois Hollande (26&#160;%, +1 point) et l\u2019ancien ministre Jean-Fran\u00e7ois Cop\u00e9 (20&#160;%, +1 point).<\/li>\n<\/ul>\n\n\n\n<div class=\"iframe-container wp-block-image wp-block-image-medium  iframe-dw\">\n\t<div>\n\t\t<iframe class=\"absolute w-full h-full pin-t pin-l\" title=\"titolo\" aria-label=\"Interactive line chart\" src=\"\/\/datawrapper.dwcdn.net\/QAWxy\" scrolling=\"no\" frameborder=\"0\"><\/iframe>\n\t<\/div>\n<\/div>\n\n\n\n<p>Cette enqu\u00eate souligne la faible notori\u00e9t\u00e9 publique dont jouissent les candidats au poste de Premier ministre propos\u00e9s par le Nouveau Front populaire ou par les chefs des partis membres de la coalition.<\/p>\n\n\n\n<ul class=\"wp-block-list\">\n<li>Ainsi, 40&#160;% des sond\u00e9s disent \u00ab&#160;ne pas assez conna\u00eetre&#160;\u00bb Lucie Castets pour dire si elle ferait ou non une bonne Premi\u00e8re ministre, 48&#160;% pour Laurence Tubiana (dont la candidature avait \u00e9t\u00e9 \u00e9voqu\u00e9e en juillet) et 59&#160;% pour Huguette Bello (propos\u00e9e quelques jours plus t\u00f4t par le PC avec le soutien de LFI).<\/li>\n<\/ul>\n","protected":false},"excerpt":{"rendered":"<p>Plus d\u2019un mois apr\u00e8s la d\u00e9mission de Gabriel Attal, aucun candidat n\u2019est soutenu par une majorit\u00e9 de Fran\u00e7ais pour former un nouveau gouvernement selon une enqu\u00eate Harris Interactive command\u00e9e par Challenges et publi\u00e9e mercredi 21 ao\u00fbt. Les noms propos\u00e9s par le Nouveau Front populaire semblent quant \u00e0 eux accuser un important manque de notori\u00e9t\u00e9 publique.<\/p>\n","protected":false},"author":2622,"featured_media":243046,"comment_status":"closed","ping_status":"closed","sticky":false,"template":"templates\/post-briefings.php","format":"standard","meta":{"_acf_changed":false,"_trash_the_other_posts":false,"_yoast_wpseo_estimated-reading-time-minutes":2,"footnotes":""},"categories":[1731],"tags":[],"staff":[],"editorial_format":[],"serie":[],"audience":[],"geo":[1917],"class_list":["post-243042","post","type-post","status-publish","format-standard","hentry","category-politique","geo-europe"],"acf":{"open_in_webview":false,"accent":false,"_thumbnail_id":243046,"excerpt":"Plus d\u2019un mois apr\u00e8s la d\u00e9mission de Gabriel Attal, aucun candidat n\u2019est soutenu par une majorit\u00e9 de Fran\u00e7ais pour former un nouveau gouvernement selon une enqu\u00eate Harris Interactive command\u00e9e par Challenges et publi\u00e9e mercredi 21 ao\u00fbt. Les noms propos\u00e9s par le Nouveau Front populaire semblent quant \u00e0 eux accuser un important manque de notori\u00e9t\u00e9 publique.","display_date":"","new_abstract":true},"yoast_head":"<!-- This site is optimized with the Yoast SEO plugin v26.1.1 - https:\/\/yoast.com\/wordpress\/plugins\/seo\/ -->\n<title>Plus d\u2019un mois apr\u00e8s la d\u00e9mission du gouvernement, les Fran\u00e7ais pr\u00e9f\u00e8reraient Gabriel Attal ou Jordan Bardella comme Premier ministre | Le Grand Continent<\/title>\n<meta name=\"robots\" content=\"index, follow, max-snippet:-1, max-image-preview:large, max-video-preview:-1\" \/>\n<link rel=\"canonical\" href=\"https:\/\/legrandcontinent.eu\/fr\/2024\/08\/21\/plus-dun-mois-apres-la-demission-du-gouvernement-les-francais-prefereraient-gabriel-attal-ou-jordan-bardella-comme-premier-ministre\/\" \/>\n<meta property=\"og:locale\" content=\"fr_FR\" \/>\n<meta property=\"og:type\" content=\"article\" \/>\n<meta property=\"og:title\" content=\"Plus d\u2019un mois apr\u00e8s la d\u00e9mission du gouvernement, les Fran\u00e7ais pr\u00e9f\u00e8reraient Gabriel Attal ou Jordan Bardella comme Premier ministre | Le Grand Continent\" \/>\n<meta property=\"og:description\" content=\"Plus d\u2019un mois apr\u00e8s la d\u00e9mission de Gabriel Attal, aucun candidat n\u2019est soutenu par une majorit\u00e9 de Fran\u00e7ais pour former un nouveau gouvernement selon une enqu\u00eate Harris Interactive command\u00e9e par Challenges et publi\u00e9e mercredi 21 ao\u00fbt. Les noms propos\u00e9s par le Nouveau Front populaire semblent quant \u00e0 eux accuser un important manque de notori\u00e9t\u00e9 publique.\" \/>\n<meta property=\"og:url\" content=\"https:\/\/legrandcontinent.eu\/fr\/2024\/08\/21\/plus-dun-mois-apres-la-demission-du-gouvernement-les-francais-prefereraient-gabriel-attal-ou-jordan-bardella-comme-premier-ministre\/\" \/>\n<meta property=\"og:site_name\" content=\"Le Grand Continent\" \/>\n<meta property=\"article:published_time\" content=\"2024-08-21T14:30:00+00:00\" \/>\n<meta property=\"og:image\" content=\"https:\/\/legrandcontinent.eu\/fr\/wp-content\/uploads\/sites\/2\/2024\/08\/gc-share-bardella-attal-premier-ministre-e1724249492455.jpg\" \/>\n\t<meta property=\"og:image:width\" content=\"1453\" \/>\n\t<meta property=\"og:image:height\" content=\"812\" \/>\n\t<meta property=\"og:image:type\" content=\"image\/jpeg\" \/>\n<meta name=\"author\" content=\"Marin Saillofest\" \/>\n<meta name=\"twitter:card\" content=\"summary_large_image\" \/>\n<meta name=\"twitter:image\" content=\"https:\/\/legrandcontinent.eu\/fr\/wp-content\/uploads\/sites\/2\/2024\/08\/gc-share-bardella-attal-premier-ministre-e1724249492455.jpg\" \/>\n<meta name=\"twitter:label1\" content=\"\u00c9crit par\" \/>\n\t<meta name=\"twitter:data1\" content=\"Marin Saillofest\" \/>\n\t<meta name=\"twitter:label2\" content=\"Dur\u00e9e de lecture estim\u00e9e\" \/>\n\t<meta name=\"twitter:data2\" content=\"2 minutes\" \/>\n<script type=\"application\/ld+json\" class=\"yoast-schema-graph\">{\"@context\":\"https:\/\/schema.org\",\"@graph\":[{\"@type\":\"WebPage\",\"@id\":\"https:\/\/legrandcontinent.eu\/fr\/2024\/08\/21\/plus-dun-mois-apres-la-demission-du-gouvernement-les-francais-prefereraient-gabriel-attal-ou-jordan-bardella-comme-premier-ministre\/\",\"url\":\"https:\/\/legrandcontinent.eu\/fr\/2024\/08\/21\/plus-dun-mois-apres-la-demission-du-gouvernement-les-francais-prefereraient-gabriel-attal-ou-jordan-bardella-comme-premier-ministre\/\",\"name\":\"Plus d\u2019un mois apr\u00e8s la d\u00e9mission du gouvernement, les Fran\u00e7ais pr\u00e9f\u00e8reraient Gabriel Attal ou Jordan Bardella comme Premier ministre | Le Grand Continent\",\"isPartOf\":{\"@id\":\"https:\/\/legrandcontinent.eu\/fr\/#website\"},\"primaryImageOfPage\":{\"@id\":\"https:\/\/legrandcontinent.eu\/fr\/2024\/08\/21\/plus-dun-mois-apres-la-demission-du-gouvernement-les-francais-prefereraient-gabriel-attal-ou-jordan-bardella-comme-premier-ministre\/#primaryimage\"},\"image\":{\"@id\":\"https:\/\/legrandcontinent.eu\/fr\/2024\/08\/21\/plus-dun-mois-apres-la-demission-du-gouvernement-les-francais-prefereraient-gabriel-attal-ou-jordan-bardella-comme-premier-ministre\/#primaryimage\"},\"thumbnailUrl\":\"https:\/\/legrandcontinent.eu\/fr\/wp-content\/uploads\/sites\/2\/2024\/08\/gc-bardella-attal-premier-ministre.jpg\",\"datePublished\":\"2024-08-21T14:30:00+00:00\",\"author\":{\"@id\":\"https:\/\/legrandcontinent.eu\/fr\/#\/schema\/person\/e4f85f52220fc7b4cc3cfdb86d88e833\"},\"breadcrumb\":{\"@id\":\"https:\/\/legrandcontinent.eu\/fr\/2024\/08\/21\/plus-dun-mois-apres-la-demission-du-gouvernement-les-francais-prefereraient-gabriel-attal-ou-jordan-bardella-comme-premier-ministre\/#breadcrumb\"},\"inLanguage\":\"fr-FR\",\"potentialAction\":[{\"@type\":\"ReadAction\",\"target\":[\"https:\/\/legrandcontinent.eu\/fr\/2024\/08\/21\/plus-dun-mois-apres-la-demission-du-gouvernement-les-francais-prefereraient-gabriel-attal-ou-jordan-bardella-comme-premier-ministre\/\"]}]},{\"@type\":\"ImageObject\",\"inLanguage\":\"fr-FR\",\"@id\":\"https:\/\/legrandcontinent.eu\/fr\/2024\/08\/21\/plus-dun-mois-apres-la-demission-du-gouvernement-les-francais-prefereraient-gabriel-attal-ou-jordan-bardella-comme-premier-ministre\/#primaryimage\",\"url\":\"https:\/\/legrandcontinent.eu\/fr\/wp-content\/uploads\/sites\/2\/2024\/08\/gc-bardella-attal-premier-ministre.jpg\",\"contentUrl\":\"https:\/\/legrandcontinent.eu\/fr\/wp-content\/uploads\/sites\/2\/2024\/08\/gc-bardella-attal-premier-ministre.jpg\",\"width\":1906,\"height\":1074},{\"@type\":\"BreadcrumbList\",\"@id\":\"https:\/\/legrandcontinent.eu\/fr\/2024\/08\/21\/plus-dun-mois-apres-la-demission-du-gouvernement-les-francais-prefereraient-gabriel-attal-ou-jordan-bardella-comme-premier-ministre\/#breadcrumb\",\"itemListElement\":[{\"@type\":\"ListItem\",\"position\":1,\"name\":\"Accueil\",\"item\":\"https:\/\/legrandcontinent.eu\/fr\/\"},{\"@type\":\"ListItem\",\"position\":2,\"name\":\"Plus d\u2019un mois apr\u00e8s la d\u00e9mission du gouvernement, les Fran\u00e7ais pr\u00e9f\u00e8reraient Gabriel Attal ou Jordan Bardella comme Premier ministre\"}]},{\"@type\":\"WebSite\",\"@id\":\"https:\/\/legrandcontinent.eu\/fr\/#website\",\"url\":\"https:\/\/legrandcontinent.eu\/fr\/\",\"name\":\"Le Grand Continent\",\"description\":\"L&#039;\u00e9chelle pertinente\",\"potentialAction\":[{\"@type\":\"SearchAction\",\"target\":{\"@type\":\"EntryPoint\",\"urlTemplate\":\"https:\/\/legrandcontinent.eu\/fr\/?s={search_term_string}\"},\"query-input\":{\"@type\":\"PropertyValueSpecification\",\"valueRequired\":true,\"valueName\":\"search_term_string\"}}],\"inLanguage\":\"fr-FR\"},{\"@type\":\"Person\",\"@id\":\"https:\/\/legrandcontinent.eu\/fr\/#\/schema\/person\/e4f85f52220fc7b4cc3cfdb86d88e833\",\"name\":\"Marin Saillofest\",\"image\":{\"@type\":\"ImageObject\",\"inLanguage\":\"fr-FR\",\"@id\":\"https:\/\/legrandcontinent.eu\/fr\/#\/schema\/person\/image\/\",\"url\":\"https:\/\/secure.gravatar.com\/avatar\/87088698b4d967390c49ae6d4f1aa459?s=96&d=mm&r=g\",\"contentUrl\":\"https:\/\/secure.gravatar.com\/avatar\/87088698b4d967390c49ae6d4f1aa459?s=96&d=mm&r=g\",\"caption\":\"Marin Saillofest\"}}]}<\/script>\n<!-- \/ Yoast SEO plugin. -->","yoast_head_json":{"title":"Plus d\u2019un mois apr\u00e8s la d\u00e9mission du gouvernement, les Fran\u00e7ais pr\u00e9f\u00e8reraient Gabriel Attal ou Jordan Bardella comme Premier ministre | Le Grand Continent","robots":{"index":"index","follow":"follow","max-snippet":"max-snippet:-1","max-image-preview":"max-image-preview:large","max-video-preview":"max-video-preview:-1"},"canonical":"https:\/\/legrandcontinent.eu\/fr\/2024\/08\/21\/plus-dun-mois-apres-la-demission-du-gouvernement-les-francais-prefereraient-gabriel-attal-ou-jordan-bardella-comme-premier-ministre\/","og_locale":"fr_FR","og_type":"article","og_title":"Plus d\u2019un mois apr\u00e8s la d\u00e9mission du gouvernement, les Fran\u00e7ais pr\u00e9f\u00e8reraient Gabriel Attal ou Jordan Bardella comme Premier ministre | Le Grand Continent","og_description":"Plus d\u2019un mois apr\u00e8s la d\u00e9mission de Gabriel Attal, aucun candidat n\u2019est soutenu par une majorit\u00e9 de Fran\u00e7ais pour former un nouveau gouvernement selon une enqu\u00eate Harris Interactive command\u00e9e par Challenges et publi\u00e9e mercredi 21 ao\u00fbt. Les noms propos\u00e9s par le Nouveau Front populaire semblent quant \u00e0 eux accuser un important manque de notori\u00e9t\u00e9 publique.","og_url":"https:\/\/legrandcontinent.eu\/fr\/2024\/08\/21\/plus-dun-mois-apres-la-demission-du-gouvernement-les-francais-prefereraient-gabriel-attal-ou-jordan-bardella-comme-premier-ministre\/","og_site_name":"Le Grand Continent","article_published_time":"2024-08-21T14:30:00+00:00","og_image":[{"width":1453,"height":812,"url":"https:\/\/legrandcontinent.eu\/fr\/wp-content\/uploads\/sites\/2\/2024\/08\/gc-share-bardella-attal-premier-ministre-e1724249492455.jpg","type":"image\/jpeg"}],"author":"Marin Saillofest","twitter_card":"summary_large_image","twitter_image":"https:\/\/legrandcontinent.eu\/fr\/wp-content\/uploads\/sites\/2\/2024\/08\/gc-share-bardella-attal-premier-ministre-e1724249492455.jpg","twitter_misc":{"\u00c9crit par":"Marin Saillofest","Dur\u00e9e de lecture estim\u00e9e":"2 minutes"},"schema":{"@context":"https:\/\/schema.org","@graph":[{"@type":"WebPage","@id":"https:\/\/legrandcontinent.eu\/fr\/2024\/08\/21\/plus-dun-mois-apres-la-demission-du-gouvernement-les-francais-prefereraient-gabriel-attal-ou-jordan-bardella-comme-premier-ministre\/","url":"https:\/\/legrandcontinent.eu\/fr\/2024\/08\/21\/plus-dun-mois-apres-la-demission-du-gouvernement-les-francais-prefereraient-gabriel-attal-ou-jordan-bardella-comme-premier-ministre\/","name":"Plus d\u2019un mois apr\u00e8s la d\u00e9mission du gouvernement, les Fran\u00e7ais pr\u00e9f\u00e8reraient Gabriel Attal ou Jordan Bardella comme Premier ministre | Le Grand Continent","isPartOf":{"@id":"https:\/\/legrandcontinent.eu\/fr\/#website"},"primaryImageOfPage":{"@id":"https:\/\/legrandcontinent.eu\/fr\/2024\/08\/21\/plus-dun-mois-apres-la-demission-du-gouvernement-les-francais-prefereraient-gabriel-attal-ou-jordan-bardella-comme-premier-ministre\/#primaryimage"},"image":{"@id":"https:\/\/legrandcontinent.eu\/fr\/2024\/08\/21\/plus-dun-mois-apres-la-demission-du-gouvernement-les-francais-prefereraient-gabriel-attal-ou-jordan-bardella-comme-premier-ministre\/#primaryimage"},"thumbnailUrl":"https:\/\/legrandcontinent.eu\/fr\/wp-content\/uploads\/sites\/2\/2024\/08\/gc-bardella-attal-premier-ministre.jpg","datePublished":"2024-08-21T14:30:00+00:00","author":{"@id":"https:\/\/legrandcontinent.eu\/fr\/#\/schema\/person\/e4f85f52220fc7b4cc3cfdb86d88e833"},"breadcrumb":{"@id":"https:\/\/legrandcontinent.eu\/fr\/2024\/08\/21\/plus-dun-mois-apres-la-demission-du-gouvernement-les-francais-prefereraient-gabriel-attal-ou-jordan-bardella-comme-premier-ministre\/#breadcrumb"},"inLanguage":"fr-FR","potentialAction":[{"@type":"ReadAction","target":["https:\/\/legrandcontinent.eu\/fr\/2024\/08\/21\/plus-dun-mois-apres-la-demission-du-gouvernement-les-francais-prefereraient-gabriel-attal-ou-jordan-bardella-comme-premier-ministre\/"]}]},{"@type":"ImageObject","inLanguage":"fr-FR","@id":"https:\/\/legrandcontinent.eu\/fr\/2024\/08\/21\/plus-dun-mois-apres-la-demission-du-gouvernement-les-francais-prefereraient-gabriel-attal-ou-jordan-bardella-comme-premier-ministre\/#primaryimage","url":"https:\/\/legrandcontinent.eu\/fr\/wp-content\/uploads\/sites\/2\/2024\/08\/gc-bardella-attal-premier-ministre.jpg","contentUrl":"https:\/\/legrandcontinent.eu\/fr\/wp-content\/uploads\/sites\/2\/2024\/08\/gc-bardella-attal-premier-ministre.jpg","width":1906,"height":1074},{"@type":"BreadcrumbList","@id":"https:\/\/legrandcontinent.eu\/fr\/2024\/08\/21\/plus-dun-mois-apres-la-demission-du-gouvernement-les-francais-prefereraient-gabriel-attal-ou-jordan-bardella-comme-premier-ministre\/#breadcrumb","itemListElement":[{"@type":"ListItem","position":1,"name":"Accueil","item":"https:\/\/legrandcontinent.eu\/fr\/"},{"@type":"ListItem","position":2,"name":"Plus d\u2019un mois apr\u00e8s la d\u00e9mission du gouvernement, les Fran\u00e7ais pr\u00e9f\u00e8reraient Gabriel Attal ou Jordan Bardella comme Premier ministre"}]},{"@type":"WebSite","@id":"https:\/\/legrandcontinent.eu\/fr\/#website","url":"https:\/\/legrandcontinent.eu\/fr\/","name":"Le Grand Continent","description":"L&#039;\u00e9chelle pertinente","potentialAction":[{"@type":"SearchAction","target":{"@type":"EntryPoint","urlTemplate":"https:\/\/legrandcontinent.eu\/fr\/?s={search_term_string}"},"query-input":{"@type":"PropertyValueSpecification","valueRequired":true,"valueName":"search_term_string"}}],"inLanguage":"fr-FR"},{"@type":"Person","@id":"https:\/\/legrandcontinent.eu\/fr\/#\/schema\/person\/e4f85f52220fc7b4cc3cfdb86d88e833","name":"Marin Saillofest","image":{"@type":"ImageObject","inLanguage":"fr-FR","@id":"https:\/\/legrandcontinent.eu\/fr\/#\/schema\/person\/image\/","url":"https:\/\/secure.gravatar.com\/avatar\/87088698b4d967390c49ae6d4f1aa459?s=96&d=mm&r=g","contentUrl":"https:\/\/secure.gravatar.com\/avatar\/87088698b4d967390c49ae6d4f1aa459?s=96&d=mm&r=g","caption":"Marin Saillofest"}}]}},"lgc_categories":[{"id":1731,"name":"Politique","slug":"politique"}],"lgc_author":null,"feature_image_summary":{"url":"https:\/\/legrandcontinent.eu\/fr\/wp-content\/uploads\/sites\/2\/2024\/08\/gc-bardella-attal-premier-ministre.jpg","width":1906,"height":1074,"alt":""},"feature_image_cover":null,"term_position_data":null,"_links":{"self":[{"href":"https:\/\/legrandcontinent.eu\/fr\/wp-json\/wp\/v2\/posts\/243042","targetHints":{"allow":["GET"]}}],"collection":[{"href":"https:\/\/legrandcontinent.eu\/fr\/wp-json\/wp\/v2\/posts"}],"about":[{"href":"https:\/\/legrandcontinent.eu\/fr\/wp-json\/wp\/v2\/types\/post"}],"author":[{"embeddable":true,"href":"https:\/\/legrandcontinent.eu\/fr\/wp-json\/wp\/v2\/users\/2622"}],"replies":[{"embeddable":true,"href":"https:\/\/legrandcontinent.eu\/fr\/wp-json\/wp\/v2\/comments?post=243042"}],"version-history":[{"count":0,"href":"https:\/\/legrandcontinent.eu\/fr\/wp-json\/wp\/v2\/posts\/243042\/revisions"}],"wp:featuredmedia":[{"embeddable":true,"href":"https:\/\/legrandcontinent.eu\/fr\/wp-json\/wp\/v2\/media\/243046"}],"wp:attachment":[{"href":"https:\/\/legrandcontinent.eu\/fr\/wp-json\/wp\/v2\/media?parent=243042"}],"wp:term":[{"taxonomy":"category","embeddable":true,"href":"https:\/\/legrandcontinent.eu\/fr\/wp-json\/wp\/v2\/categories?post=243042"},{"taxonomy":"post_tag","embeddable":true,"href":"https:\/\/legrandcontinent.eu\/fr\/wp-json\/wp\/v2\/tags?post=243042"},{"taxonomy":"staff","embeddable":true,"href":"https:\/\/legrandcontinent.eu\/fr\/wp-json\/wp\/v2\/staff?post=243042"},{"taxonomy":"editorial_format","embeddable":true,"href":"https:\/\/legrandcontinent.eu\/fr\/wp-json\/wp\/v2\/editorial_format?post=243042"},{"taxonomy":"serie","embeddable":true,"href":"https:\/\/legrandcontinent.eu\/fr\/wp-json\/wp\/v2\/serie?post=243042"},{"taxonomy":"audience","embeddable":true,"href":"https:\/\/legrandcontinent.eu\/fr\/wp-json\/wp\/v2\/audience?post=243042"},{"taxonomy":"geo","embeddable":true,"href":"https:\/\/legrandcontinent.eu\/fr\/wp-json\/wp\/v2\/geo?post=243042"}],"curies":[{"name":"wp","href":"https:\/\/api.w.org\/{rel}","templated":true}]}}