{"id":242865,"date":"2024-08-19T12:52:59","date_gmt":"2024-08-19T10:52:59","guid":{"rendered":"https:\/\/legrandcontinent.eu\/fr\/?p=242865"},"modified":"2024-08-19T18:06:18","modified_gmt":"2024-08-19T16:06:18","slug":"la-percee-ukrainienne-dans-loblast-de-koursk-pourra-t-elle-arreter-la-progression-russe-dans-le-donbass","status":"publish","type":"post","link":"https:\/\/legrandcontinent.eu\/fr\/2024\/08\/19\/la-percee-ukrainienne-dans-loblast-de-koursk-pourra-t-elle-arreter-la-progression-russe-dans-le-donbass\/","title":{"rendered":"L&rsquo;offensive ukrainienne dans l\u2019oblast de Koursk pourra-t-elle arr\u00eater la progression russe dans le Donbass&#160;?"},"content":{"rendered":"\n<p>Alors que <a href=\"https:\/\/legrandcontinent.eu\/fr\/2024\/08\/16\/le-tournant-de-koursk-10-points-sur-loffensive-ukrainienne-en-russie\/\">la perc\u00e9e ukrainienne dans l\u2019oblast frontalier de Koursk<\/a> est sur le point d\u2019entrer dans sa troisi\u00e8me semaine, Kiev continue sa progression en territoire russe \u2014 bien qu\u2019\u00e0 un rythme moins soutenu par rapport aux premiers jours.<\/p>\n\n\n\n<ul class=\"wp-block-list\">\n<li>Des images g\u00e9olocalis\u00e9es publi\u00e9es samedi 17 ao\u00fbt sugg\u00e8rent que les forces ukrainiennes avancent au nord-est du village de Martynovka, \u00e0 l\u2019est de la \u00ab&#160;poche&#160;\u00bb ouverte par Kiev&nbsp;<span class='whitespace-nowrap'><span id='easy-footnote-1-242865' class='easy-footnote-margin-adjust'><\/span><span class='easy-footnote'><a href='https:\/\/legrandcontinent.eu\/fr\/2024\/08\/19\/la-percee-ukrainienne-dans-loblast-de-koursk-pourra-t-elle-arreter-la-progression-russe-dans-le-donbass\/#easy-footnote-bottom-1-242865' title='Christina Harward, Riley Bailey, Grace Mappes, Nicole Wolkov, Davit Gasparyan et Frederick W. Kagan, &lt;a href=&quot;https:\/\/www.understandingwar.org\/backgrounder\/russian-offensive-campaign-assessment-august-18-2024&quot;&gt;Russian Offensive Campaign Assessment, August 18, 2024&lt;\/a&gt;, Institute for the Study of War.'><sup>1<\/sup><\/a><\/span><\/span>.<\/li>\n\n\n\n<li>Au cours du week-end, au moins 2 ponts permettant de traverser le Se\u00efm (une rivi\u00e8re de plus de 700 kilom\u00e8tres de long \u00e0 cheval entre l\u2019Ukraine et la Russie) ont \u00e9t\u00e9 lourdement endommag\u00e9s par des frappes a\u00e9riennes ukrainiennes&nbsp;<span class='whitespace-nowrap'><span id='easy-footnote-2-242865' class='easy-footnote-margin-adjust'><\/span><span class='easy-footnote'><a href='https:\/\/legrandcontinent.eu\/fr\/2024\/08\/19\/la-percee-ukrainienne-dans-loblast-de-koursk-pourra-t-elle-arreter-la-progression-russe-dans-le-donbass\/#easy-footnote-bottom-2-242865' title='Moscou a d\u00e9clar\u00e9 lundi 19 ao\u00fbt qu\u2019un troisi\u00e8me pont, situ\u00e9 aux alentours de Karyzh, avait \u00e9galement \u00e9t\u00e9 attaqu\u00e9&amp;#160;: Martin Fornusek, \u00ab&amp;#160;&lt;a href=&quot;https:\/\/kyivindependent.com\/ukraine-allegedly-hits-3rd-bridge\/&quot;&gt;Ukraine hits 3rd bridge in Kursk Oblast, Russia claims&lt;\/a&gt;&amp;#160;\u00bb, &lt;em&gt;The Kyiv Independant&lt;\/em&gt;, 19 ao\u00fbt 2024.'><sup>2<\/sup><\/a><\/span><\/span>.<\/li>\n\n\n\n<li>La strat\u00e9gie de Kiev consiste \u00e0 entraver les capacit\u00e9s logistiques russes dans l\u2019oblast de Koursk et \u00e0 consolider ses emprises en territoire russe.<\/li>\n<\/ul>\n\n\n\n<div class=\"iframe-container wp-block-image wp-block-image-medium  iframe-dw\">\n\t<div>\n\t\t<iframe class=\"absolute w-full h-full pin-t pin-l\" title=\"titolo\" aria-label=\"Interactive line chart\" src=\"\/\/datawrapper.dwcdn.net\/2nQ06\" scrolling=\"no\" frameborder=\"0\"><\/iframe>\n\t<\/div>\n<\/div>\n\n\n\n<p>Malgr\u00e9 des r\u00e9ticences initiales, il appara\u00eet de plus en plus clairement que l\u2019arm\u00e9e ukrainienne pourrait effectivement \u00eatre en mesure de cr\u00e9er une \u00ab&#160;zone tampon&#160;\u00bb \u2014 selon les mots employ\u00e9s par Zelensky&nbsp;<span class='whitespace-nowrap'><span id='easy-footnote-3-242865' class='easy-footnote-margin-adjust'><\/span><span class='easy-footnote'><a href='https:\/\/legrandcontinent.eu\/fr\/2024\/08\/19\/la-percee-ukrainienne-dans-loblast-de-koursk-pourra-t-elle-arreter-la-progression-russe-dans-le-donbass\/#easy-footnote-bottom-3-242865' title='&lt;a href=&quot;https:\/\/www.president.gov.ua\/en\/news\/u-vijni-nemaye-vidpustok-potribna-vchasna-logistika-ogoloshe-92661&quot;&gt;There Are No Vacations in War&amp;#160;; Timely Logistics for the Announced Aid Packages Is Needed \u2013 Address by the President&lt;\/a&gt;, Pr\u00e9sidence ukrainienne, 18 ao\u00fbt 2024.'><sup>3<\/sup><\/a><\/span><\/span> \u2014 visant \u00e0 limiter les attaques transfrontali\u00e8res russes. C\u2019est pour atteindre cet objectif que l\u2019\u00e9tat-major ukrainien semble avoir d\u00e9ploy\u00e9 une brigade du g\u00e9nie dans la zone saisie par Kiev&nbsp;<span class='whitespace-nowrap'><span id='easy-footnote-4-242865' class='easy-footnote-margin-adjust'><\/span><span class='easy-footnote'><a href='https:\/\/legrandcontinent.eu\/fr\/2024\/08\/19\/la-percee-ukrainienne-dans-loblast-de-koursk-pourra-t-elle-arreter-la-progression-russe-dans-le-donbass\/#easy-footnote-bottom-4-242865' title='Mick Ryan, &lt;a href=&quot;https:\/\/mickryan.substack.com\/p\/the-kursk-offensive-dilemma&quot;&gt;The Kursk Offensive Dilemma&lt;\/a&gt;, 19 ao\u00fbt 2024.'><sup>4<\/sup><\/a><\/span><\/span>.<\/p>\n\n\n\n<ul class=\"wp-block-list\">\n<li>La r\u00e9ussite de l\u2019op\u00e9ration ukrainienne n\u2019a toutefois pas mis fin \u00e0 la progression de l\u2019arm\u00e9e russe dans le Donbass, <a href=\"https:\/\/legrandcontinent.eu\/fr\/2024\/08\/02\/larmee-russe-pourrait-etre-sur-le-point-de-realiser-une-percee-en-direction-de-pokrovsk\/\">notamment en direction des villes de Pokrovsk<\/a> et Toretsk.<\/li>\n\n\n\n<li>Dimanche 18 ao\u00fbt, Moscou a revendiqu\u00e9 la capture de Svyrydonivka, un hameau situ\u00e9 \u00e0 20 kilom\u00e8tres \u00e0 l\u2019est de Pokrovsk.<\/li>\n\n\n\n<li>Depuis la semaine derni\u00e8re, les autorit\u00e9s militaires ukrainiennes acc\u00e9l\u00e8rent l\u2019\u00e9vacuation des civils face. Chaque jour, entre 500 et 600 personnes quittent d\u00e9sormais Pokrovsk (environ 60 000 habitants avant la guerre)&nbsp;<span class='whitespace-nowrap'><span id='easy-footnote-5-242865' class='easy-footnote-margin-adjust'><\/span><span class='easy-footnote'><a href='https:\/\/legrandcontinent.eu\/fr\/2024\/08\/19\/la-percee-ukrainienne-dans-loblast-de-koursk-pourra-t-elle-arreter-la-progression-russe-dans-le-donbass\/#easy-footnote-bottom-5-242865' title='\u00ab&amp;#160;&lt;a href=&quot;https:\/\/www.radiosvoboda.org\/a\/news-pokrovsk-evakuatsiya-sytuatsiya\/33083966.html&quot;&gt;\u0423 \u0436\u0438\u0442\u0435\u043b\u0456\u0432 \u041f\u043e\u043a\u0440\u043e\u0432\u0441\u044c\u043a\u0430 \u0454 \u043c\u0430\u043a\u0441\u0438\u043c\u0443\u043c \u0434\u0432\u0430 \u0442\u0438\u0436\u043d\u0456 \u043d\u0430 \u0435\u0432\u0430\u043a\u0443\u0430\u0446\u0456\u044e \u2013 \u043d\u0430\u0447\u0430\u043b\u044c\u043d\u0438\u043a \u041c\u0412\u0410&lt;\/a&gt;&amp;#160;\u00bb, &lt;em&gt;\u0420\u0430\u0434\u0456\u043e \u0421\u0432\u043e\u0431\u043e\u0434\u0430&lt;\/em&gt;, 19 ao\u00fbt 2024.'><sup>5<\/sup><\/a><\/span><\/span>.<\/li>\n<\/ul>\n\n\n\n<div class=\"iframe-container wp-block-image wp-block-image-medium  iframe-dw\">\n\t<div>\n\t\t<iframe class=\"absolute w-full h-full pin-t pin-l\" title=\"titolo\" aria-label=\"Interactive line chart\" src=\"\/\/datawrapper.dwcdn.net\/wvHE2\" scrolling=\"no\" frameborder=\"0\"><\/iframe>\n\t<\/div>\n<\/div>\n\n\n\n<p>L\u2019\u00e9tat-major russe a \u00e9t\u00e9 contraint de red\u00e9ployer certaines de ses unit\u00e9s de la ligne de front en Ukraine vers l\u2019oblast de Koursk, et pourrait \u00eatre amen\u00e9 \u00e0 investir davantage de ressources afin de repousser les assaillants et s\u00e9curiser la fronti\u00e8re&nbsp;<span class='whitespace-nowrap'><span id='easy-footnote-6-242865' class='easy-footnote-margin-adjust'><\/span><span class='easy-footnote'><a href='https:\/\/legrandcontinent.eu\/fr\/2024\/08\/19\/la-percee-ukrainienne-dans-loblast-de-koursk-pourra-t-elle-arreter-la-progression-russe-dans-le-donbass\/#easy-footnote-bottom-6-242865' title='&lt;a href=&quot;https:\/\/x.com\/DefenceHQ\/status\/1824409044863406412&quot;&gt;Publication sur X (Twitter) du minist\u00e8re de la D\u00e9fense britannique&lt;\/a&gt;, 16 ao\u00fbt 2024.'><sup>6<\/sup><\/a><\/span><\/span>. Il semble n\u00e9anmoins \u00e0 ce stade peu probable que l\u2019op\u00e9ration ukrainienne en territoire russe ne mette fin \u00e0 l\u2019inexorable offensive russe dans le Donbass.<\/p>\n","protected":false},"excerpt":{"rendered":"<p>La perc\u00e9e ukrainienne dans l\u2019oblast de Koursk a d\u2019ores et d\u00e9j\u00e0 conduit l\u2019\u00e9tat-major russe \u00e0 retirer certaines unit\u00e9s d\u00e9ploy\u00e9es dans le Donbass afin de renforcer la d\u00e9fense de son territoire. Malgr\u00e9 l\u2019effet de surprise et la taille de la poche ouverte par Kiev, la progression russe vers Pokrovsk, Toretsk ou Tchassiv Yar continue.<\/p>\n","protected":false},"author":2622,"featured_media":242868,"comment_status":"closed","ping_status":"closed","sticky":false,"template":"templates\/post-briefings.php","format":"standard","meta":{"_acf_changed":false,"_trash_the_other_posts":false,"_yoast_wpseo_estimated-reading-time-minutes":1,"footnotes":""},"categories":[3116],"tags":[],"staff":[],"editorial_format":[],"serie":[],"audience":[],"geo":[1917],"class_list":["post-242865","post","type-post","status-publish","format-standard","hentry","category-la-guerre-en-ukraine-au-jour-le-jour","geo-europe"],"acf":{"open_in_webview":false,"accent":false},"yoast_head":"<!-- This site is optimized with the Yoast SEO plugin v26.1.1 - https:\/\/yoast.com\/wordpress\/plugins\/seo\/ -->\n<title>L&#039;offensive ukrainienne dans l\u2019oblast de Koursk pourra-t-elle arr\u00eater la progression russe dans le Donbass ? | Le Grand Continent<\/title>\n<meta name=\"robots\" content=\"index, follow, max-snippet:-1, max-image-preview:large, max-video-preview:-1\" \/>\n<link rel=\"canonical\" href=\"https:\/\/legrandcontinent.eu\/fr\/2024\/08\/19\/la-percee-ukrainienne-dans-loblast-de-koursk-pourra-t-elle-arreter-la-progression-russe-dans-le-donbass\/\" \/>\n<meta property=\"og:locale\" content=\"fr_FR\" \/>\n<meta property=\"og:type\" content=\"article\" \/>\n<meta property=\"og:title\" content=\"L&#039;offensive ukrainienne dans l\u2019oblast de Koursk pourra-t-elle arr\u00eater la progression russe dans le Donbass ? | Le Grand Continent\" \/>\n<meta property=\"og:description\" content=\"La perc\u00e9e ukrainienne dans l\u2019oblast de Koursk a d\u2019ores et d\u00e9j\u00e0 conduit l\u2019\u00e9tat-major russe \u00e0 retirer certaines unit\u00e9s d\u00e9ploy\u00e9es dans le Donbass afin de renforcer la d\u00e9fense de son territoire. Malgr\u00e9 l\u2019effet de surprise et la taille de la poche ouverte par Kiev, la progression russe vers Pokrovsk, Toretsk ou Tchassiv Yar continue.\" \/>\n<meta property=\"og:url\" content=\"https:\/\/legrandcontinent.eu\/fr\/2024\/08\/19\/la-percee-ukrainienne-dans-loblast-de-koursk-pourra-t-elle-arreter-la-progression-russe-dans-le-donbass\/\" \/>\n<meta property=\"og:site_name\" content=\"Le Grand Continent\" \/>\n<meta property=\"article:published_time\" content=\"2024-08-19T10:52:59+00:00\" \/>\n<meta property=\"article:modified_time\" content=\"2024-08-19T16:06:18+00:00\" \/>\n<meta property=\"og:image\" content=\"https:\/\/legrandcontinent.eu\/fr\/wp-content\/uploads\/sites\/2\/2024\/08\/gc-share-kourks-donbass-e1724064514648.png\" \/>\n\t<meta property=\"og:image:width\" content=\"1453\" \/>\n\t<meta property=\"og:image:height\" content=\"816\" \/>\n\t<meta property=\"og:image:type\" content=\"image\/png\" \/>\n<meta name=\"author\" content=\"Marin Saillofest\" \/>\n<meta name=\"twitter:card\" content=\"summary_large_image\" \/>\n<meta name=\"twitter:image\" content=\"https:\/\/legrandcontinent.eu\/fr\/wp-content\/uploads\/sites\/2\/2024\/08\/gc-share-kourks-donbass-e1724064514648.png\" \/>\n<meta name=\"twitter:label1\" content=\"\u00c9crit par\" \/>\n\t<meta name=\"twitter:data1\" content=\"Marin Saillofest\" \/>\n\t<meta name=\"twitter:label2\" content=\"Dur\u00e9e de lecture estim\u00e9e\" \/>\n\t<meta name=\"twitter:data2\" content=\"1 minute\" \/>\n<script type=\"application\/ld+json\" class=\"yoast-schema-graph\">{\"@context\":\"https:\/\/schema.org\",\"@graph\":[{\"@type\":\"WebPage\",\"@id\":\"https:\/\/legrandcontinent.eu\/fr\/2024\/08\/19\/la-percee-ukrainienne-dans-loblast-de-koursk-pourra-t-elle-arreter-la-progression-russe-dans-le-donbass\/\",\"url\":\"https:\/\/legrandcontinent.eu\/fr\/2024\/08\/19\/la-percee-ukrainienne-dans-loblast-de-koursk-pourra-t-elle-arreter-la-progression-russe-dans-le-donbass\/\",\"name\":\"L'offensive ukrainienne dans l\u2019oblast de Koursk pourra-t-elle arr\u00eater la progression russe dans le Donbass ? | Le Grand Continent\",\"isPartOf\":{\"@id\":\"https:\/\/legrandcontinent.eu\/fr\/#website\"},\"primaryImageOfPage\":{\"@id\":\"https:\/\/legrandcontinent.eu\/fr\/2024\/08\/19\/la-percee-ukrainienne-dans-loblast-de-koursk-pourra-t-elle-arreter-la-progression-russe-dans-le-donbass\/#primaryimage\"},\"image\":{\"@id\":\"https:\/\/legrandcontinent.eu\/fr\/2024\/08\/19\/la-percee-ukrainienne-dans-loblast-de-koursk-pourra-t-elle-arreter-la-progression-russe-dans-le-donbass\/#primaryimage\"},\"thumbnailUrl\":\"https:\/\/legrandcontinent.eu\/fr\/wp-content\/uploads\/sites\/2\/2024\/08\/gc-kourks-donbass.png\",\"datePublished\":\"2024-08-19T10:52:59+00:00\",\"dateModified\":\"2024-08-19T16:06:18+00:00\",\"author\":{\"@id\":\"https:\/\/legrandcontinent.eu\/fr\/#\/schema\/person\/e4f85f52220fc7b4cc3cfdb86d88e833\"},\"breadcrumb\":{\"@id\":\"https:\/\/legrandcontinent.eu\/fr\/2024\/08\/19\/la-percee-ukrainienne-dans-loblast-de-koursk-pourra-t-elle-arreter-la-progression-russe-dans-le-donbass\/#breadcrumb\"},\"inLanguage\":\"fr-FR\",\"potentialAction\":[{\"@type\":\"ReadAction\",\"target\":[\"https:\/\/legrandcontinent.eu\/fr\/2024\/08\/19\/la-percee-ukrainienne-dans-loblast-de-koursk-pourra-t-elle-arreter-la-progression-russe-dans-le-donbass\/\"]}]},{\"@type\":\"ImageObject\",\"inLanguage\":\"fr-FR\",\"@id\":\"https:\/\/legrandcontinent.eu\/fr\/2024\/08\/19\/la-percee-ukrainienne-dans-loblast-de-koursk-pourra-t-elle-arreter-la-progression-russe-dans-le-donbass\/#primaryimage\",\"url\":\"https:\/\/legrandcontinent.eu\/fr\/wp-content\/uploads\/sites\/2\/2024\/08\/gc-kourks-donbass.png\",\"contentUrl\":\"https:\/\/legrandcontinent.eu\/fr\/wp-content\/uploads\/sites\/2\/2024\/08\/gc-kourks-donbass.png\",\"width\":1912,\"height\":1072},{\"@type\":\"BreadcrumbList\",\"@id\":\"https:\/\/legrandcontinent.eu\/fr\/2024\/08\/19\/la-percee-ukrainienne-dans-loblast-de-koursk-pourra-t-elle-arreter-la-progression-russe-dans-le-donbass\/#breadcrumb\",\"itemListElement\":[{\"@type\":\"ListItem\",\"position\":1,\"name\":\"Accueil\",\"item\":\"https:\/\/legrandcontinent.eu\/fr\/\"},{\"@type\":\"ListItem\",\"position\":2,\"name\":\"L&rsquo;offensive ukrainienne dans l\u2019oblast de Koursk pourra-t-elle arr\u00eater la progression russe dans le Donbass&#160;?\"}]},{\"@type\":\"WebSite\",\"@id\":\"https:\/\/legrandcontinent.eu\/fr\/#website\",\"url\":\"https:\/\/legrandcontinent.eu\/fr\/\",\"name\":\"Le Grand Continent\",\"description\":\"L&#039;\u00e9chelle pertinente\",\"potentialAction\":[{\"@type\":\"SearchAction\",\"target\":{\"@type\":\"EntryPoint\",\"urlTemplate\":\"https:\/\/legrandcontinent.eu\/fr\/?s={search_term_string}\"},\"query-input\":{\"@type\":\"PropertyValueSpecification\",\"valueRequired\":true,\"valueName\":\"search_term_string\"}}],\"inLanguage\":\"fr-FR\"},{\"@type\":\"Person\",\"@id\":\"https:\/\/legrandcontinent.eu\/fr\/#\/schema\/person\/e4f85f52220fc7b4cc3cfdb86d88e833\",\"name\":\"Marin Saillofest\",\"image\":{\"@type\":\"ImageObject\",\"inLanguage\":\"fr-FR\",\"@id\":\"https:\/\/legrandcontinent.eu\/fr\/#\/schema\/person\/image\/\",\"url\":\"https:\/\/secure.gravatar.com\/avatar\/87088698b4d967390c49ae6d4f1aa459?s=96&d=mm&r=g\",\"contentUrl\":\"https:\/\/secure.gravatar.com\/avatar\/87088698b4d967390c49ae6d4f1aa459?s=96&d=mm&r=g\",\"caption\":\"Marin Saillofest\"}}]}<\/script>\n<!-- \/ Yoast SEO plugin. -->","yoast_head_json":{"title":"L'offensive ukrainienne dans l\u2019oblast de Koursk pourra-t-elle arr\u00eater la progression russe dans le Donbass ? | Le Grand Continent","robots":{"index":"index","follow":"follow","max-snippet":"max-snippet:-1","max-image-preview":"max-image-preview:large","max-video-preview":"max-video-preview:-1"},"canonical":"https:\/\/legrandcontinent.eu\/fr\/2024\/08\/19\/la-percee-ukrainienne-dans-loblast-de-koursk-pourra-t-elle-arreter-la-progression-russe-dans-le-donbass\/","og_locale":"fr_FR","og_type":"article","og_title":"L'offensive ukrainienne dans l\u2019oblast de Koursk pourra-t-elle arr\u00eater la progression russe dans le Donbass ? | Le Grand Continent","og_description":"La perc\u00e9e ukrainienne dans l\u2019oblast de Koursk a d\u2019ores et d\u00e9j\u00e0 conduit l\u2019\u00e9tat-major russe \u00e0 retirer certaines unit\u00e9s d\u00e9ploy\u00e9es dans le Donbass afin de renforcer la d\u00e9fense de son territoire. Malgr\u00e9 l\u2019effet de surprise et la taille de la poche ouverte par Kiev, la progression russe vers Pokrovsk, Toretsk ou Tchassiv Yar continue.","og_url":"https:\/\/legrandcontinent.eu\/fr\/2024\/08\/19\/la-percee-ukrainienne-dans-loblast-de-koursk-pourra-t-elle-arreter-la-progression-russe-dans-le-donbass\/","og_site_name":"Le Grand Continent","article_published_time":"2024-08-19T10:52:59+00:00","article_modified_time":"2024-08-19T16:06:18+00:00","og_image":[{"width":1453,"height":816,"url":"https:\/\/legrandcontinent.eu\/fr\/wp-content\/uploads\/sites\/2\/2024\/08\/gc-share-kourks-donbass-e1724064514648.png","type":"image\/png"}],"author":"Marin Saillofest","twitter_card":"summary_large_image","twitter_image":"https:\/\/legrandcontinent.eu\/fr\/wp-content\/uploads\/sites\/2\/2024\/08\/gc-share-kourks-donbass-e1724064514648.png","twitter_misc":{"\u00c9crit par":"Marin Saillofest","Dur\u00e9e de lecture estim\u00e9e":"1 minute"},"schema":{"@context":"https:\/\/schema.org","@graph":[{"@type":"WebPage","@id":"https:\/\/legrandcontinent.eu\/fr\/2024\/08\/19\/la-percee-ukrainienne-dans-loblast-de-koursk-pourra-t-elle-arreter-la-progression-russe-dans-le-donbass\/","url":"https:\/\/legrandcontinent.eu\/fr\/2024\/08\/19\/la-percee-ukrainienne-dans-loblast-de-koursk-pourra-t-elle-arreter-la-progression-russe-dans-le-donbass\/","name":"L'offensive ukrainienne dans l\u2019oblast de Koursk pourra-t-elle arr\u00eater la progression russe dans le Donbass ? | Le Grand Continent","isPartOf":{"@id":"https:\/\/legrandcontinent.eu\/fr\/#website"},"primaryImageOfPage":{"@id":"https:\/\/legrandcontinent.eu\/fr\/2024\/08\/19\/la-percee-ukrainienne-dans-loblast-de-koursk-pourra-t-elle-arreter-la-progression-russe-dans-le-donbass\/#primaryimage"},"image":{"@id":"https:\/\/legrandcontinent.eu\/fr\/2024\/08\/19\/la-percee-ukrainienne-dans-loblast-de-koursk-pourra-t-elle-arreter-la-progression-russe-dans-le-donbass\/#primaryimage"},"thumbnailUrl":"https:\/\/legrandcontinent.eu\/fr\/wp-content\/uploads\/sites\/2\/2024\/08\/gc-kourks-donbass.png","datePublished":"2024-08-19T10:52:59+00:00","dateModified":"2024-08-19T16:06:18+00:00","author":{"@id":"https:\/\/legrandcontinent.eu\/fr\/#\/schema\/person\/e4f85f52220fc7b4cc3cfdb86d88e833"},"breadcrumb":{"@id":"https:\/\/legrandcontinent.eu\/fr\/2024\/08\/19\/la-percee-ukrainienne-dans-loblast-de-koursk-pourra-t-elle-arreter-la-progression-russe-dans-le-donbass\/#breadcrumb"},"inLanguage":"fr-FR","potentialAction":[{"@type":"ReadAction","target":["https:\/\/legrandcontinent.eu\/fr\/2024\/08\/19\/la-percee-ukrainienne-dans-loblast-de-koursk-pourra-t-elle-arreter-la-progression-russe-dans-le-donbass\/"]}]},{"@type":"ImageObject","inLanguage":"fr-FR","@id":"https:\/\/legrandcontinent.eu\/fr\/2024\/08\/19\/la-percee-ukrainienne-dans-loblast-de-koursk-pourra-t-elle-arreter-la-progression-russe-dans-le-donbass\/#primaryimage","url":"https:\/\/legrandcontinent.eu\/fr\/wp-content\/uploads\/sites\/2\/2024\/08\/gc-kourks-donbass.png","contentUrl":"https:\/\/legrandcontinent.eu\/fr\/wp-content\/uploads\/sites\/2\/2024\/08\/gc-kourks-donbass.png","width":1912,"height":1072},{"@type":"BreadcrumbList","@id":"https:\/\/legrandcontinent.eu\/fr\/2024\/08\/19\/la-percee-ukrainienne-dans-loblast-de-koursk-pourra-t-elle-arreter-la-progression-russe-dans-le-donbass\/#breadcrumb","itemListElement":[{"@type":"ListItem","position":1,"name":"Accueil","item":"https:\/\/legrandcontinent.eu\/fr\/"},{"@type":"ListItem","position":2,"name":"L&rsquo;offensive ukrainienne dans l\u2019oblast de Koursk pourra-t-elle arr\u00eater la progression russe dans le Donbass&#160;?"}]},{"@type":"WebSite","@id":"https:\/\/legrandcontinent.eu\/fr\/#website","url":"https:\/\/legrandcontinent.eu\/fr\/","name":"Le Grand Continent","description":"L&#039;\u00e9chelle pertinente","potentialAction":[{"@type":"SearchAction","target":{"@type":"EntryPoint","urlTemplate":"https:\/\/legrandcontinent.eu\/fr\/?s={search_term_string}"},"query-input":{"@type":"PropertyValueSpecification","valueRequired":true,"valueName":"search_term_string"}}],"inLanguage":"fr-FR"},{"@type":"Person","@id":"https:\/\/legrandcontinent.eu\/fr\/#\/schema\/person\/e4f85f52220fc7b4cc3cfdb86d88e833","name":"Marin Saillofest","image":{"@type":"ImageObject","inLanguage":"fr-FR","@id":"https:\/\/legrandcontinent.eu\/fr\/#\/schema\/person\/image\/","url":"https:\/\/secure.gravatar.com\/avatar\/87088698b4d967390c49ae6d4f1aa459?s=96&d=mm&r=g","contentUrl":"https:\/\/secure.gravatar.com\/avatar\/87088698b4d967390c49ae6d4f1aa459?s=96&d=mm&r=g","caption":"Marin Saillofest"}}]}},"lgc_categories":[{"id":3116,"name":"La guerre en Ukraine au jour le jour","slug":"la-guerre-en-ukraine-au-jour-le-jour"}],"lgc_author":null,"feature_image_summary":{"url":"https:\/\/legrandcontinent.eu\/fr\/wp-content\/uploads\/sites\/2\/2024\/08\/gc-kourks-donbass.png","width":1912,"height":1072,"alt":""},"feature_image_cover":null,"term_position_data":null,"_links":{"self":[{"href":"https:\/\/legrandcontinent.eu\/fr\/wp-json\/wp\/v2\/posts\/242865","targetHints":{"allow":["GET"]}}],"collection":[{"href":"https:\/\/legrandcontinent.eu\/fr\/wp-json\/wp\/v2\/posts"}],"about":[{"href":"https:\/\/legrandcontinent.eu\/fr\/wp-json\/wp\/v2\/types\/post"}],"author":[{"embeddable":true,"href":"https:\/\/legrandcontinent.eu\/fr\/wp-json\/wp\/v2\/users\/2622"}],"replies":[{"embeddable":true,"href":"https:\/\/legrandcontinent.eu\/fr\/wp-json\/wp\/v2\/comments?post=242865"}],"version-history":[{"count":0,"href":"https:\/\/legrandcontinent.eu\/fr\/wp-json\/wp\/v2\/posts\/242865\/revisions"}],"wp:featuredmedia":[{"embeddable":true,"href":"https:\/\/legrandcontinent.eu\/fr\/wp-json\/wp\/v2\/media\/242868"}],"wp:attachment":[{"href":"https:\/\/legrandcontinent.eu\/fr\/wp-json\/wp\/v2\/media?parent=242865"}],"wp:term":[{"taxonomy":"category","embeddable":true,"href":"https:\/\/legrandcontinent.eu\/fr\/wp-json\/wp\/v2\/categories?post=242865"},{"taxonomy":"post_tag","embeddable":true,"href":"https:\/\/legrandcontinent.eu\/fr\/wp-json\/wp\/v2\/tags?post=242865"},{"taxonomy":"staff","embeddable":true,"href":"https:\/\/legrandcontinent.eu\/fr\/wp-json\/wp\/v2\/staff?post=242865"},{"taxonomy":"editorial_format","embeddable":true,"href":"https:\/\/legrandcontinent.eu\/fr\/wp-json\/wp\/v2\/editorial_format?post=242865"},{"taxonomy":"serie","embeddable":true,"href":"https:\/\/legrandcontinent.eu\/fr\/wp-json\/wp\/v2\/serie?post=242865"},{"taxonomy":"audience","embeddable":true,"href":"https:\/\/legrandcontinent.eu\/fr\/wp-json\/wp\/v2\/audience?post=242865"},{"taxonomy":"geo","embeddable":true,"href":"https:\/\/legrandcontinent.eu\/fr\/wp-json\/wp\/v2\/geo?post=242865"}],"curies":[{"name":"wp","href":"https:\/\/api.w.org\/{rel}","templated":true}]}}