{"id":236884,"date":"2024-07-07T21:11:00","date_gmt":"2024-07-07T19:11:00","guid":{"rendered":"https:\/\/legrandcontinent.eu\/fr\/?p=236884"},"modified":"2024-07-08T08:15:04","modified_gmt":"2024-07-08T06:15:04","slug":"francois-hollande-elu-dans-la-1ere-circonscription-de-correze-avec-4329-des-voix","status":"publish","type":"post","link":"https:\/\/legrandcontinent.eu\/fr\/2024\/07\/07\/francois-hollande-elu-dans-la-1ere-circonscription-de-correze-avec-4329-des-voix\/","title":{"rendered":"L\u00e9gislatives&#160;: V\u00e9ran, Dupont-Aignan, Habib battus&#160;; Attal, Riester, Lescure \u00e9lus. Les r\u00e9sultats des personnalit\u00e9s politiques"},"content":{"rendered":"\n<div class=\"iframe-container wp-block-image wp-block-image-medium  iframe-dw\">\n\t<div>\n\t\t<iframe class=\"absolute w-full h-full pin-t pin-l\" title=\"titolo\" aria-label=\"Interactive line chart\" src=\"\/\/datawrapper.dwcdn.net\/fZ9eu\" scrolling=\"no\" frameborder=\"0\"><\/iframe>\n\t<\/div>\n<\/div>\n\n\n\n<p><strong>Fran\u00e7ois Hollande \u00e9lu dans la 1\u00e8re circonscription de Corr\u00e8ze avec 43,29&#160;% des voix<\/strong><\/p>\n\n\n\n<ul class=\"wp-block-list\">\n<li>L\u2019ancien pr\u00e9sident socialiste Fran\u00e7ois Hollande a \u00e9t\u00e9 \u00e9lu au second tour dans la premi\u00e8re circonscription de Corr\u00e8ze avec 43,29&#160;% des voix. Il faisait face \u00e0 la candidate RN Ma\u00eftey Pouget (30,9&#160;% des voix au premier tour) ainsi qu\u2019au candidat LR et d\u00e9put\u00e9 sortant Francis Dubois (28,6&#160;%).<\/li>\n\n\n\n<li>Cette circonscription revient ainsi aux socialistes qui avaient remport\u00e9 tous les scrutins entre 1997 et 2017 sans discontinuer.<\/li>\n\n\n\n<li>L\u2019ex-pr\u00e9sident avait \u00e9t\u00e9 \u00e9lu pour la premi\u00e8re fois en 1988, puis a servi trois mandats entre 1997 et 2012. Il entame ainsi son cinqui\u00e8me mandat de d\u00e9put\u00e9.<\/li>\n<\/ul>\n\n\n\n<div class=\"iframe-container wp-block-image wp-block-image-medium  iframe-dw\">\n\t<div>\n\t\t<iframe class=\"absolute w-full h-full pin-t pin-l\" title=\"titolo\" aria-label=\"Interactive line chart\" src=\"\/\/datawrapper.dwcdn.net\/ct6NU\/\" scrolling=\"no\" frameborder=\"0\"><\/iframe>\n\t<\/div>\n<\/div>\n\n\n\n<p><strong>G\u00e9rald Darmanin \u00e9lu dans la 10\u00e8me circonscription du Nord avec 58,92&#160;% des voix<\/strong><\/p>\n\n\n\n<ul class=\"wp-block-list\">\n<li>Le ministre de l&rsquo;Int\u00e9rieur G\u00e9rald Darmanin (ENS) a \u00e9t\u00e9 r\u00e9\u00e9lu dans la 10\u00e8me circonscription du Nord avec 58,92&#160;% des voix face au candidat RN Bastien Verbrugghe (34,31&#160;% au premier tour).<\/li>\n<\/ul>\n\n\n\n<ul class=\"wp-block-list\">\n<li>Arriv\u00e9e troisi\u00e8me au premier tour avec 24,82&#160;% des voix, la candidate LFI (NFP) Leslie Mortreux s&rsquo;\u00e9tait d\u00e9sist\u00e9e en amont du second tour.<\/li>\n<\/ul>\n\n\n\n<p><strong>Fran\u00e7ois Ruffin \u00e9lu dans la 1\u00e8re circonscription de la Somme avec 51,21&#160;% des voix<\/strong><\/p>\n\n\n\n<ul class=\"wp-block-list\">\n<li>Le d\u00e9put\u00e9 et porte-parole de Picardie debout&#160;! Fran\u00e7ois Ruffin a \u00e9t\u00e9 r\u00e9\u00e9lu dans la 1\u00e8re circonscription de la Somme avec 51,21&#160;% des voix face \u00e0 la candidate du RN Nathalie Ribeiro Billet, arriv\u00e9e en t\u00eate au premier tour avec 40,69&#160;% des voix.<\/li>\n<\/ul>\n\n\n\n<ul class=\"wp-block-list\">\n<li>Bien que qualifi\u00e9e pour le second tour (22,68&#160;% des voix), la candidat ENS Albane Branlant s&rsquo;\u00e9tait d\u00e9sist\u00e9e afin de faire barrage contre la candidate RN.<\/li>\n<\/ul>\n\n\n\n<p><strong>\u00c9lisabeth Borne \u00e9lue dans la 6\u00e8me circonscription du Calvados avec 56,37&#160;% des voix<\/strong><\/p>\n\n\n\n<ul class=\"wp-block-list\">\n<li>L&rsquo;ancienne Premi\u00e8re ministre d&rsquo;Emmanuel Macron \u00c9lisabeth Borne a \u00e9t\u00e9 r\u00e9\u00e9lue dans la 6\u00e8me circonscription du Caldavos avec 56,37&#160;% des voix dans un duel contre le candidat RN Nicolas Calbrix, qui obtient 43,63&#160;% des suffrages. <\/li>\n<\/ul>\n\n\n\n<p><strong>Agn\u00e8s Pannier-Runacher \u00e9lue dans la 2\u00e8me circonscription du Pas-de-Calais<\/strong><\/p>\n\n\n\n<ul class=\"wp-block-list\">\n<li>La ministre d\u00e9l\u00e9gu\u00e9e aupr\u00e8s du ministre de l&rsquo;Agriculture et de la Souverainet\u00e9 alimentaire Agn\u00e8s Pannier-Runacher (28,47&#160;% des voix au premier tour) a \u00e9t\u00e9 \u00e9lue dans la 2\u00e8me circonscription du Pas-de-Calais face \u00e0 la candidate RN Alban Heus\u00e8le arriv\u00e9e en t\u00eate du premier tour avec 37,31&#160;% des voix.<\/li>\n<\/ul>\n\n\n\n<p><strong>Herv\u00e9 Berville \u00e9lu dans la 2\u00e8me circonscription des C\u00f4tes-d&rsquo;Armor<\/strong><\/p>\n\n\n\n<ul class=\"wp-block-list\">\n<li>Le secr\u00e9taire d&rsquo;\u00c9tat charg\u00e9 de la Mer et de la Biodiversit\u00e9 Herv\u00e9 Berville, candidat dans la 2\u00e8me circonscription des C\u00f4tes-d&rsquo;Armor, a \u00e9t\u00e9 \u00e9lu face au candidat RN Antoine Kieffer avec 63,34&#160;% des voix.<\/li>\n<\/ul>\n\n\n\n<p><strong>Marina Ferrari \u00e9lue dans la 1\u00e8re circonscription de Savoie avec 57,93&#160;% des voix <\/strong><\/p>\n\n\n\n<ul class=\"wp-block-list\">\n<li>Marina Ferrari, secr\u00e9taire d&rsquo;\u00c9tat charg\u00e9e du Num\u00e9rique, a \u00e9t\u00e9 \u00e9lue d\u00e9put\u00e9 dans la 1\u00e8re circonscription de Savoie avec 57,93&#160;% des voix face \u00e0 la candidate RN Typhanie Degois, qui a obtenu 42,07&#160;% des suffrages au second tour.<\/li>\n<\/ul>\n\n\n\n<p><strong>Marc Fesneau \u00e9lu dans la 1\u00e8re circonscription du Loir-et-Cher<\/strong><\/p>\n\n\n\n<ul class=\"wp-block-list\">\n<li>Le ministre de l&rsquo;Agriculture et de la Souverainet\u00e9 alimentaire Marc Fesneau a \u00e9t\u00e9 \u00e9lu dans la 1\u00e8re circonscription du Loir-et-Cher avec 60,2&#160;% des voix contre la candidate du Rassemblement National Marine Bardet, qui termine le second tour avec 39,8&#160;% des suffrages.<\/li>\n<\/ul>\n\n\n\n<p><strong>Marie-Caroline Le Pen battue au second tour dans la Sarthe<\/strong><\/p>\n\n\n\n<ul class=\"wp-block-list\">\n<li>La soeur de Marine Le Pen et candidate du Rassemblement National dans la 4\u00e8me circonscription de la Sarthe, Marie-Caroline Le Pen, a perdu \u00e0 225 voix d&rsquo;\u00e9cart au second tour contre la candidate du Nouveau Front populaire Elise Leboucher.<\/li>\n<\/ul>\n\n\n\n<p><strong>Charles De Courson \u00e9lu dans la 5\u00e8me circonscription de la Marne <\/strong><\/p>\n\n\n\n<ul class=\"wp-block-list\">\n<li>Le d\u00e9put\u00e9 centriste Charles De Courson a \u00e9t\u00e9 \u00e9lu avec 50,42&#160;% des voix dans la 5\u00e8me circonscription de la Marne face au candidat du RN Thierry Besson. Il entame ainsi son 8\u00e8me mandat cons\u00e9cutif \u00e0 l&rsquo;Assembl\u00e9e nationale.<\/li>\n<\/ul>\n\n\n\n<p><strong>Laurent Wauquiez \u00e9lu dans la 1\u00e8re circonscription de Haute-Loire<\/strong><\/p>\n\n\n\n<ul class=\"wp-block-list\">\n<li>Le pr\u00e9sident de la r\u00e9gion Auvergne-Rh\u00f4ne-Alpes Laurent Wauquiez a \u00e9t\u00e9 \u00e9lu avec 61,61&#160;% des voix \u00e0 l&rsquo;issue du second tour qui l&rsquo;opposait au candidat Rassemblement National Alexandre Heuzey, qui a obtenu 38,19&#160;% des voix.<\/li>\n<\/ul>\n\n\n\n<p><strong>Jean-Philippe Tanguy \u00e9lu dans la 4\u00e8me circonscription de la Somme<\/strong><\/p>\n\n\n\n<ul class=\"wp-block-list\">\n<li>Le vice-pr\u00e9sident du Rassemblement National \u00e0 l&rsquo;Assembl\u00e9e, Jean-Philippe Tanguy, a \u00e9t\u00e9 r\u00e9\u00e9lu dans la 4\u00e8me circonscription de la Somme avec 57,48&#160;% des voix contre contre le candidat Ensemble Anthony Gest qui obtient 42,52&#160;% des suffrages exprim\u00e9s &#8211; contre 18,47&#160;% au premier tour.<\/li>\n<\/ul>\n\n\n\n<p><strong>Val\u00e9rie Rabault battue dans la 1\u00e8re circonscription de Tarn-et-Garonne<\/strong><\/p>\n\n\n\n<ul class=\"wp-block-list\">\n<li>La d\u00e9put\u00e9 sortante et vice-pr\u00e9sidente de l&rsquo;Assembl\u00e9e nationale Val\u00e9rie Rabault, candidate sous \u00e9tiquette du Nouveau Front populaire dans la 1\u00e8re circonscription de Tarn-et-Garonne, a \u00e9t\u00e9 battue par la candidate LR-RN Brigitte Barege (51,25&#160;% des suffrages)<\/li>\n<\/ul>\n\n\n\n<p><strong>Boris Vallaud \u00e9lu dans la 3\u00e8me circonscription des Landes<\/strong><\/p>\n\n\n\n<ul class=\"wp-block-list\">\n<li>Le pr\u00e9sident du groupe socialiste \u00e0 l&rsquo;Assembl\u00e9e nationale et d\u00e9put\u00e9 sortant dans la 3\u00e8me circonscription des Landes, Boris Vallaud, a \u00e9t\u00e9 r\u00e9\u00e9lu au second tour avec 56,65&#160;% des voix face \u00e0 la candidate du Rassemblement National Sylvie Franceschini.<\/li>\n<\/ul>\n\n\n\n<p><strong>Rapha\u00ebl Arnault \u00e9lu dans la 1\u00e8re circonscription du Vaucluse<\/strong><\/p>\n\n\n\n<ul class=\"wp-block-list\">\n<li>Le candidat du Nouveau Front populaire et fondateur de la Jeune Garde antifasciste, Rapha\u00ebl Arnault, a \u00e9t\u00e9 \u00e9lu au second tour dans la 1\u00e8re circonscription du Vaucluse avec 54,98&#160;% des voix face \u00e0 la candidate du RN Catherine Jaouen (45,02&#160;%).<\/li>\n<\/ul>\n\n\n\n<p><strong>Philippe Poutou battu dans la 1\u00e8re circonscription de l&rsquo;Aude<\/strong><\/p>\n\n\n\n<ul class=\"wp-block-list\">\n<li>L&rsquo;ex-candidat \u00e0 l&rsquo;\u00e9lection pr\u00e9sidentielle (2012, 2017,2022) et candidat sous \u00e9tiquette du Nouveau Front populaire, Philippe Poutou, a \u00e9t\u00e9 battu dans la 1\u00e8re circonscription de l&rsquo;Aude par le candidat RN Christophe Barth\u00e8s, qui sort vainqueur du second tour avec 61,44&#160;% des voix.<\/li>\n<\/ul>\n\n\n\n<p><strong>St\u00e9phane S\u00e9journ\u00e9 \u00e9lu dans la 9\u00e8me circonscription des Hauts-de-Seine<\/strong><\/p>\n\n\n\n<ul class=\"wp-block-list\">\n<li>Le ministre de l&rsquo;Europe et des Affaires \u00e9trang\u00e8res et candidat de la majorit\u00e9 pr\u00e9sidentielle dans la 9\u00e8me circonscription des Hauts-de-Seine, St\u00e9phane S\u00e9journ\u00e9, a \u00e9t\u00e9 \u00e9lu avec 72,63&#160;% des voix face \u00e0 la candidate du NFP Pauline Rapilly-Ferniot (21,39&#160;%).<\/li>\n<\/ul>\n\n\n\n<p><strong>Stanislas Gu\u00e9rini battu dans la 3\u00e8me circonscription de Paris<\/strong><\/p>\n\n\n\n<ul class=\"wp-block-list\">\n<li>Le ministre de la Transformation et de la Fonction publiques et candidat de la majorit\u00e9 pr\u00e9sidentielle dans la 3\u00e8me circonscription de Paris, Stanislas Gu\u00e9rini, a \u00e9t\u00e9 battu au second tour par la candidate du NFP Balage El MarikyBalage El Mariky, qui obtient 53,09&#160;% des voix.<\/li>\n<\/ul>\n\n\n\n<p><strong>Sarah El Ha\u00efry battue dans la 5\u00e8me circonscription de Loire-Atlantique<\/strong><\/p>\n\n\n\n<ul class=\"wp-block-list\">\n<li>La ministre d\u00e9l\u00e9gu\u00e9e charg\u00e9e de l&rsquo;Enfance, de la Jeunesse et des Familles Sarah El Ha\u00efry a \u00e9galement \u00e9t\u00e9 battue dans la 5\u00e8me circonscription de Loire-Atlantique par Fabrice Roussel (NFP), dans une triangulaire avec un candidat LR-RN Bruno Comby.<\/li>\n<\/ul>\n\n\n\n<p><strong>Alexis Corbi\u00e8re r\u00e9\u00e9lu dans la 7\u00e8me circonscription de Seine-Saint-Denis<\/strong><\/p>\n\n\n\n<ul class=\"wp-block-list\">\n<li>Le frondeur et d\u00e9put\u00e9 sortant dans la 7\u00e8me circonscription de Saint-Saint-Denis, Alexis Corbi\u00e8re (candidat sous \u00e9tiquette DVG), a \u00e9t\u00e9 r\u00e9\u00e9lu avec 57,16&#160;% des voix face \u00e0 la candidate du Nouveau Front populaire Sabrina Ali-Benali (42,84&#160;% des voix).<\/li>\n<\/ul>\n\n\n\n<p><strong>Ya\u00ebl Braun-Pivet r\u00e9\u00e9lue dans la 5\u00e8me circonscription des Yvelines<\/strong><\/p>\n\n\n\n<ul class=\"wp-block-list\">\n<li>La pr\u00e9sidente de l&rsquo;Assembl\u00e9e nationale, candidate de la majorit\u00e9 pr\u00e9sidentielle dans la 5\u00e8me circonscription des Yvelines, Ya\u00ebl Braun-Pivet, a \u00e9t\u00e9 r\u00e9\u00e9lue pour un troisi\u00e8me mandat dans une triangulaire face \u00e0 un candidat du NFP et un candidat divers-droite.<\/li>\n<\/ul>\n\n\n\n<p><strong>Nicolas Dupont-Aignan battu dans la 8\u00e8me circonscription de l&rsquo;Essonne<\/strong><\/p>\n\n\n\n<ul class=\"wp-block-list\">\n<li>Nicolas Dupont-Aignan, \u00e9lu de la 8\u00e8me circonscription de l&rsquo;Essonne depuis 1997 sans discontinuer, a \u00e9t\u00e9 battu (37,48&#160;%) par la candidate du Nouveau Front populaire B\u00e9reng\u00e8re Cernon (40,52&#160;%) dans une triangulaire avec le candidat divers droite Fran\u00e7ois Durovray.<\/li>\n<\/ul>\n\n\n\n<p><strong>Pierre Gentillet battu dans la 3\u00e8me circonscription du Cher<\/strong><\/p>\n\n\n\n<ul class=\"wp-block-list\">\n<li>Le candidat Rassemblement National arriv\u00e9 en t\u00eate dans la 3\u00e8me circonscription du Cher lors du premier tour, Pierre Gentillet, a \u00e9t\u00e9 battu par le candidat de la coalition pr\u00e9sidentielle Lo\u00efc Kervran qui a obtenu 52,76&#160;% des voix.<\/li>\n<\/ul>\n\n\n\n<p><strong>Aur\u00e9lien Rousseau \u00e9lu dans la 7\u00e8me circonscription des Yvelines<\/strong><\/p>\n\n\n\n<ul class=\"wp-block-list\">\n<li>L&rsquo;ancien ministre de la Sant\u00e9 et de la Pr\u00e9vention Aur\u00e9lien Rousseau a \u00e9t\u00e9 \u00e9lu sous \u00e9tiquette du Nouveau Front populaire dans une triangulaire l&rsquo;opposant \u00e0 une candidate Ensemble et une candidate investie par la liste LR-RN<\/li>\n<\/ul>\n\n\n\n<p><strong>Aurore Berg\u00e9 \u00e9lue dans la 10\u00e8me circonscription des Yvelines<\/strong><\/p>\n\n\n\n<ul class=\"wp-block-list\">\n<li>La ministre d\u00e9l\u00e9gu\u00e9e charg\u00e9e de l&rsquo;\u00c9galit\u00e9 entre les femmes et les hommes et de la Lutte contre les discriminations, Aurore Berg\u00e9, a \u00e9t\u00e9 \u00e9lue avec 49,05&#160;% des voix lors d&rsquo;une triangulaire l&rsquo;opposant \u00e0 un candidat du Rassemblement National et un candidat du Nouveau Front populaire.<\/li>\n<\/ul>\n\n\n\n<p><strong>\u00c9ric Ciotti r\u00e9\u00e9lu dans la 1\u00e8re circonscription des Alpes-Maritimes<\/strong><\/p>\n\n\n\n<ul class=\"wp-block-list\">\n<li>Le d\u00e9put\u00e9 LR-RN \u00c9ric Ciotti a \u00e9t\u00e9 r\u00e9\u00e9lu avec dans la 1\u00e8re circonscription des Alpes-Maritimes avec 45,14&#160;% des voix dans une triangulaire avec un candidat du Nouveau Front populaire, Olivier Salerno, et de la majorit\u00e9 pr\u00e9sidentielle, Graig Monetti.<\/li>\n<\/ul>\n\n\n\n<p><strong>Olivier V\u00e9ran battu dans la 1\u00e8re circonscription de l&rsquo;Is\u00e8re<\/strong><\/p>\n\n\n\n<ul class=\"wp-block-list\">\n<li>L&rsquo;ancien ministre de la Sant\u00e9 d&rsquo;Emmanuel Macron, Olivier V\u00e9ran, a \u00e9t\u00e9 battu dans la 1\u00e8re circonscription de l&rsquo;Is\u00e8re et termine deuxi\u00e8me d&rsquo;une triangulaire derri\u00e8re le candidat du Nouveau Front populaire Hugo Prevost (42,35&#160;% des voix).<\/li>\n<\/ul>\n\n\n\n<p><strong>Louis Boyard r\u00e9\u00e9lu dans la 3\u00e8me circonscription du Val-de-Marne<\/strong><\/p>\n\n\n\n<ul class=\"wp-block-list\">\n<li>Le d\u00e9put\u00e9 sortant du Nouveau Front populaire, Louis Boyard, a \u00e9t\u00e9 r\u00e9\u00e9lu dans la 3\u00e8me circonscription du Val-de-Marne avec 46,92&#160;% des voix dans une triangulaire l&rsquo;opposant \u00e0 un candidat LR-RN ainsi qu&rsquo;\u00e0 un candidat d&rsquo;Ensemble.<\/li>\n<\/ul>\n\n\n\n<p><strong>Prisca Th\u00e9venot \u00e9lue dans la 8\u00e8me circonscription des Hauts-de-Seine<\/strong><\/p>\n\n\n\n<ul class=\"wp-block-list\">\n<li>La ministre d\u00e9l\u00e9gu\u00e9e charg\u00e9e du Renouveau d\u00e9mocratique et porte-parole du gouvernement, Prisca Th\u00e9venot, a \u00e9t\u00e9 \u00e9lue dans la 8\u00e8me circonscription des Hauts-de-Seine avec 62,44&#160;% des voix lors d&rsquo;un duel l&rsquo;opposant \u00e0 la candidate du Nouveau Front populaire Salom\u00e9 Nicolas-Chavance.<\/li>\n<\/ul>\n\n\n\n<p><strong>Delphine Batho \u00e9lue dans la 2\u00e8me circonscription des Deux-S\u00e8vres<\/strong><\/p>\n\n\n\n<ul class=\"wp-block-list\">\n<li>La pr\u00e9sidente de G\u00e9n\u00e9ration \u00e9cologie, Delphine Batho, a \u00e9t\u00e9 \u00e9lue dans la 2\u00e8me circonscription des Deux-S\u00e8vres avec 59,21&#160;% des voix, contre 40,79&#160;% pour la candidate Rassemblement National M\u00e9lody Garault.<\/li>\n<\/ul>\n\n\n\n<p><strong>Fr\u00e9d\u00e9ric Valletoux \u00e9lu dans la 2\u00e8me circonscription de Seine-et-Marne<\/strong><\/p>\n\n\n\n<ul class=\"wp-block-list\">\n<li>Le ministre d\u00e9l\u00e9gu\u00e9 charg\u00e9 de la Sant\u00e9 et de la Pr\u00e9vention Fr\u00e9d\u00e9ric Valletoux a \u00e9t\u00e9 \u00e9lu \u00e0 l&rsquo;issue d&rsquo;un second tour l&rsquo;opposant \u00e0 la candidate Rassemblement National Ivanka Dimitrova, qui avait termin\u00e9 premi\u00e8re du premier tour, dans la 2\u00e8me circonscription de Seine-et-Marne.<\/li>\n<\/ul>\n\n\n\n<p><strong>Jean-No\u00ebl Barrot \u00e9lu dans la 2\u00e8me circonscription des Yvelines<\/strong><\/p>\n\n\n\n<ul class=\"wp-block-list\">\n<li>Le ministre d\u00e9l\u00e9gu\u00e9 charg\u00e9 de l&rsquo;Europe, Jean-No\u00ebl Barrot, a \u00e9t\u00e9 \u00e9lu dans la 2\u00e8me circonscription des Yvelines face au candidat du Rassemblement National Gaetan Brault, qui a obtenu 26,29&#160;% des voix au premier tour et 27,31&#160;% au second.<\/li>\n<\/ul>\n\n\n\n<p><strong>Franck Riester \u00e9lu dans la 5\u00e8me circonscription de Seine-et-Marne<\/strong><\/p>\n\n\n\n<ul class=\"wp-block-list\">\n<li>Le ministre d\u00e9l\u00e9gu\u00e9 charg\u00e9 du Commerce ext\u00e9rieur, de l&rsquo;Attractivit\u00e9, de la Francophonie et des Fran\u00e7ais de l&rsquo;\u00e9tranger, Franck Riester, a \u00e9t\u00e9 \u00e9lu dans la 5\u00e8me circonscription de Seine-et-Marne avec 54,4&#160;% des voix contre le candidat LR-RN Philippe Fontana.<\/li>\n<\/ul>\n\n\n\n<p><strong>Roland Lescure \u00e9lu dans la 1\u00e8re circonscription des Fran\u00e7ais \u00e9tablis hors de France<\/strong><\/p>\n\n\n\n<ul class=\"wp-block-list\">\n<li>Le ministre d\u00e9l\u00e9gu\u00e9 charg\u00e9 de l&rsquo;Industrie et de l&rsquo;\u00c9nergie, Roland Lescure, a \u00e9t\u00e9 \u00e9lu dans la 1\u00e8re circonscription des Fran\u00e7ais \u00e9tablis hors de France (Am\u00e9rique du Nord) face au candidat du Nouveau Front populaire Oussama Laraichi.<\/li>\n<\/ul>\n\n\n\n<p><strong>Meyer Habib battu dans la 8\u00e8me circonscription des Fran\u00e7ais \u00e9tablis hors de France<\/strong><\/p>\n\n\n\n<ul class=\"wp-block-list\">\n<li>Le d\u00e9put\u00e9 sortant dans la 8\u00e8me circonscription des Fran\u00e7ais \u00e9tablis hors de France, Meyer Habib (LR), a \u00e9t\u00e9 battu par Caroline Yadan (ENS) apr\u00e8s avoir remport\u00e9 le premier tour avec une avance de 10 points de pourcentage.<\/li>\n<\/ul>\n\n\n\n<p><strong>Gabriel Attal \u00e9lu dans la 10\u00e8me circonscription des Hauts-de-Seine<\/strong><\/p>\n\n\n\n<ul class=\"wp-block-list\">\n<li>Le Premier ministre d\u00e9missionnaire, Gabriel Attal, a \u00e9t\u00e9 \u00e9lu avec 58,23&#160;% des voix dans la 10\u00e8me circonscription des Hauts-de-Seine contre la candidate du Nouveau Front populaire C\u00e9cile Soubelet (41,77&#160;%).<\/li>\n<\/ul>\n","protected":false},"excerpt":{"rendered":"<p>Cette page sera r\u00e9guli\u00e8rement mise \u00e0 jour pour suivre les r\u00e9sultats du second tour dans les circonscriptions o\u00f9 se pr\u00e9sentent des figures politiques majeures. <\/p>\n<p>Derni\u00e8re mise \u00e0 jour&#160;&#160;: lundi 8 juillet \u00e0 01h30 (Paris).<\/p>\n","protected":false},"author":2622,"featured_media":237006,"comment_status":"closed","ping_status":"closed","sticky":false,"template":"templates\/post-briefings.php","format":"standard","meta":{"_acf_changed":true,"_trash_the_other_posts":false,"_yoast_wpseo_estimated-reading-time-minutes":10,"footnotes":""},"categories":[3811],"tags":[],"staff":[],"editorial_format":[],"serie":[],"audience":[],"geo":[1917],"class_list":["post-236884","post","type-post","status-publish","format-standard","hentry","category-legislatives-2024","geo-europe"],"acf":{"open_in_webview":false,"accent":false},"yoast_head":"<!-- This site is optimized with the Yoast SEO plugin v26.1.1 - https:\/\/yoast.com\/wordpress\/plugins\/seo\/ -->\n<title>L\u00e9gislatives : V\u00e9ran, Dupont-Aignan, Habib battus ; Attal, Riester, Lescure \u00e9lus. Les r\u00e9sultats des personnalit\u00e9s politiques | Le Grand Continent<\/title>\n<meta name=\"robots\" content=\"index, follow, max-snippet:-1, max-image-preview:large, max-video-preview:-1\" \/>\n<link rel=\"canonical\" href=\"https:\/\/legrandcontinent.eu\/fr\/2024\/07\/07\/francois-hollande-elu-dans-la-1ere-circonscription-de-correze-avec-4329-des-voix\/\" \/>\n<meta property=\"og:locale\" content=\"fr_FR\" \/>\n<meta property=\"og:type\" content=\"article\" \/>\n<meta property=\"og:title\" content=\"L\u00e9gislatives : V\u00e9ran, Dupont-Aignan, Habib battus ; Attal, Riester, Lescure \u00e9lus. Les r\u00e9sultats des personnalit\u00e9s politiques | Le Grand Continent\" \/>\n<meta property=\"og:description\" content=\"Cette page sera r\u00e9guli\u00e8rement mise \u00e0 jour pour suivre les r\u00e9sultats du second tour dans les circonscriptions o\u00f9 se pr\u00e9sentent des figures politiques majeures.   Derni\u00e8re mise \u00e0 jour&#160;: lundi 8 juillet \u00e0 01h30 (Paris).\" \/>\n<meta property=\"og:url\" content=\"https:\/\/legrandcontinent.eu\/fr\/2024\/07\/07\/francois-hollande-elu-dans-la-1ere-circonscription-de-correze-avec-4329-des-voix\/\" \/>\n<meta property=\"og:site_name\" content=\"Le Grand Continent\" \/>\n<meta property=\"article:published_time\" content=\"2024-07-07T19:11:00+00:00\" \/>\n<meta property=\"article:modified_time\" content=\"2024-07-08T06:15:04+00:00\" \/>\n<meta property=\"og:image\" content=\"https:\/\/legrandcontinent.eu\/fr\/wp-content\/uploads\/sites\/2\/2024\/07\/gc-second-tour-e1720377006716.png\" \/>\n\t<meta property=\"og:image:width\" content=\"1453\" \/>\n\t<meta property=\"og:image:height\" content=\"812\" \/>\n\t<meta property=\"og:image:type\" content=\"image\/png\" \/>\n<meta name=\"author\" content=\"Marin Saillofest\" \/>\n<meta name=\"twitter:card\" content=\"summary_large_image\" \/>\n<meta name=\"twitter:image\" content=\"https:\/\/legrandcontinent.eu\/fr\/wp-content\/uploads\/sites\/2\/2024\/07\/gc-second-tour-e1720377006716.png\" \/>\n<meta name=\"twitter:label1\" content=\"\u00c9crit par\" \/>\n\t<meta name=\"twitter:data1\" content=\"Marin Saillofest\" \/>\n\t<meta name=\"twitter:label2\" content=\"Dur\u00e9e de lecture estim\u00e9e\" \/>\n\t<meta name=\"twitter:data2\" content=\"10 minutes\" \/>\n<script type=\"application\/ld+json\" class=\"yoast-schema-graph\">{\"@context\":\"https:\/\/schema.org\",\"@graph\":[{\"@type\":\"WebPage\",\"@id\":\"https:\/\/legrandcontinent.eu\/fr\/2024\/07\/07\/francois-hollande-elu-dans-la-1ere-circonscription-de-correze-avec-4329-des-voix\/\",\"url\":\"https:\/\/legrandcontinent.eu\/fr\/2024\/07\/07\/francois-hollande-elu-dans-la-1ere-circonscription-de-correze-avec-4329-des-voix\/\",\"name\":\"L\u00e9gislatives : V\u00e9ran, Dupont-Aignan, Habib battus ; Attal, Riester, Lescure \u00e9lus. Les r\u00e9sultats des personnalit\u00e9s politiques | Le Grand Continent\",\"isPartOf\":{\"@id\":\"https:\/\/legrandcontinent.eu\/fr\/#website\"},\"primaryImageOfPage\":{\"@id\":\"https:\/\/legrandcontinent.eu\/fr\/2024\/07\/07\/francois-hollande-elu-dans-la-1ere-circonscription-de-correze-avec-4329-des-voix\/#primaryimage\"},\"image\":{\"@id\":\"https:\/\/legrandcontinent.eu\/fr\/2024\/07\/07\/francois-hollande-elu-dans-la-1ere-circonscription-de-correze-avec-4329-des-voix\/#primaryimage\"},\"thumbnailUrl\":\"https:\/\/legrandcontinent.eu\/fr\/wp-content\/uploads\/sites\/2\/2024\/07\/gc-second-tour-e1720377006716.png\",\"datePublished\":\"2024-07-07T19:11:00+00:00\",\"dateModified\":\"2024-07-08T06:15:04+00:00\",\"author\":{\"@id\":\"https:\/\/legrandcontinent.eu\/fr\/#\/schema\/person\/e4f85f52220fc7b4cc3cfdb86d88e833\"},\"breadcrumb\":{\"@id\":\"https:\/\/legrandcontinent.eu\/fr\/2024\/07\/07\/francois-hollande-elu-dans-la-1ere-circonscription-de-correze-avec-4329-des-voix\/#breadcrumb\"},\"inLanguage\":\"fr-FR\",\"potentialAction\":[{\"@type\":\"ReadAction\",\"target\":[\"https:\/\/legrandcontinent.eu\/fr\/2024\/07\/07\/francois-hollande-elu-dans-la-1ere-circonscription-de-correze-avec-4329-des-voix\/\"]}]},{\"@type\":\"ImageObject\",\"inLanguage\":\"fr-FR\",\"@id\":\"https:\/\/legrandcontinent.eu\/fr\/2024\/07\/07\/francois-hollande-elu-dans-la-1ere-circonscription-de-correze-avec-4329-des-voix\/#primaryimage\",\"url\":\"https:\/\/legrandcontinent.eu\/fr\/wp-content\/uploads\/sites\/2\/2024\/07\/gc-second-tour-e1720377006716.png\",\"contentUrl\":\"https:\/\/legrandcontinent.eu\/fr\/wp-content\/uploads\/sites\/2\/2024\/07\/gc-second-tour-e1720377006716.png\",\"width\":1453,\"height\":812},{\"@type\":\"BreadcrumbList\",\"@id\":\"https:\/\/legrandcontinent.eu\/fr\/2024\/07\/07\/francois-hollande-elu-dans-la-1ere-circonscription-de-correze-avec-4329-des-voix\/#breadcrumb\",\"itemListElement\":[{\"@type\":\"ListItem\",\"position\":1,\"name\":\"Accueil\",\"item\":\"https:\/\/legrandcontinent.eu\/fr\/\"},{\"@type\":\"ListItem\",\"position\":2,\"name\":\"L\u00e9gislatives&#160;: V\u00e9ran, Dupont-Aignan, Habib battus&#160;; Attal, Riester, Lescure \u00e9lus. Les r\u00e9sultats des personnalit\u00e9s politiques\"}]},{\"@type\":\"WebSite\",\"@id\":\"https:\/\/legrandcontinent.eu\/fr\/#website\",\"url\":\"https:\/\/legrandcontinent.eu\/fr\/\",\"name\":\"Le Grand Continent\",\"description\":\"L&#039;\u00e9chelle pertinente\",\"potentialAction\":[{\"@type\":\"SearchAction\",\"target\":{\"@type\":\"EntryPoint\",\"urlTemplate\":\"https:\/\/legrandcontinent.eu\/fr\/?s={search_term_string}\"},\"query-input\":{\"@type\":\"PropertyValueSpecification\",\"valueRequired\":true,\"valueName\":\"search_term_string\"}}],\"inLanguage\":\"fr-FR\"},{\"@type\":\"Person\",\"@id\":\"https:\/\/legrandcontinent.eu\/fr\/#\/schema\/person\/e4f85f52220fc7b4cc3cfdb86d88e833\",\"name\":\"Marin Saillofest\",\"image\":{\"@type\":\"ImageObject\",\"inLanguage\":\"fr-FR\",\"@id\":\"https:\/\/legrandcontinent.eu\/fr\/#\/schema\/person\/image\/\",\"url\":\"https:\/\/secure.gravatar.com\/avatar\/87088698b4d967390c49ae6d4f1aa459?s=96&d=mm&r=g\",\"contentUrl\":\"https:\/\/secure.gravatar.com\/avatar\/87088698b4d967390c49ae6d4f1aa459?s=96&d=mm&r=g\",\"caption\":\"Marin Saillofest\"}}]}<\/script>\n<!-- \/ Yoast SEO plugin. -->","yoast_head_json":{"title":"L\u00e9gislatives : V\u00e9ran, Dupont-Aignan, Habib battus ; Attal, Riester, Lescure \u00e9lus. Les r\u00e9sultats des personnalit\u00e9s politiques | Le Grand Continent","robots":{"index":"index","follow":"follow","max-snippet":"max-snippet:-1","max-image-preview":"max-image-preview:large","max-video-preview":"max-video-preview:-1"},"canonical":"https:\/\/legrandcontinent.eu\/fr\/2024\/07\/07\/francois-hollande-elu-dans-la-1ere-circonscription-de-correze-avec-4329-des-voix\/","og_locale":"fr_FR","og_type":"article","og_title":"L\u00e9gislatives : V\u00e9ran, Dupont-Aignan, Habib battus ; Attal, Riester, Lescure \u00e9lus. Les r\u00e9sultats des personnalit\u00e9s politiques | Le Grand Continent","og_description":"Cette page sera r\u00e9guli\u00e8rement mise \u00e0 jour pour suivre les r\u00e9sultats du second tour dans les circonscriptions o\u00f9 se pr\u00e9sentent des figures politiques majeures.   Derni\u00e8re mise \u00e0 jour&#160;: lundi 8 juillet \u00e0 01h30 (Paris).","og_url":"https:\/\/legrandcontinent.eu\/fr\/2024\/07\/07\/francois-hollande-elu-dans-la-1ere-circonscription-de-correze-avec-4329-des-voix\/","og_site_name":"Le Grand Continent","article_published_time":"2024-07-07T19:11:00+00:00","article_modified_time":"2024-07-08T06:15:04+00:00","og_image":[{"width":1453,"height":812,"url":"https:\/\/legrandcontinent.eu\/fr\/wp-content\/uploads\/sites\/2\/2024\/07\/gc-second-tour-e1720377006716.png","type":"image\/png"}],"author":"Marin Saillofest","twitter_card":"summary_large_image","twitter_image":"https:\/\/legrandcontinent.eu\/fr\/wp-content\/uploads\/sites\/2\/2024\/07\/gc-second-tour-e1720377006716.png","twitter_misc":{"\u00c9crit par":"Marin Saillofest","Dur\u00e9e de lecture estim\u00e9e":"10 minutes"},"schema":{"@context":"https:\/\/schema.org","@graph":[{"@type":"WebPage","@id":"https:\/\/legrandcontinent.eu\/fr\/2024\/07\/07\/francois-hollande-elu-dans-la-1ere-circonscription-de-correze-avec-4329-des-voix\/","url":"https:\/\/legrandcontinent.eu\/fr\/2024\/07\/07\/francois-hollande-elu-dans-la-1ere-circonscription-de-correze-avec-4329-des-voix\/","name":"L\u00e9gislatives : V\u00e9ran, Dupont-Aignan, Habib battus ; Attal, Riester, Lescure \u00e9lus. Les r\u00e9sultats des personnalit\u00e9s politiques | Le Grand Continent","isPartOf":{"@id":"https:\/\/legrandcontinent.eu\/fr\/#website"},"primaryImageOfPage":{"@id":"https:\/\/legrandcontinent.eu\/fr\/2024\/07\/07\/francois-hollande-elu-dans-la-1ere-circonscription-de-correze-avec-4329-des-voix\/#primaryimage"},"image":{"@id":"https:\/\/legrandcontinent.eu\/fr\/2024\/07\/07\/francois-hollande-elu-dans-la-1ere-circonscription-de-correze-avec-4329-des-voix\/#primaryimage"},"thumbnailUrl":"https:\/\/legrandcontinent.eu\/fr\/wp-content\/uploads\/sites\/2\/2024\/07\/gc-second-tour-e1720377006716.png","datePublished":"2024-07-07T19:11:00+00:00","dateModified":"2024-07-08T06:15:04+00:00","author":{"@id":"https:\/\/legrandcontinent.eu\/fr\/#\/schema\/person\/e4f85f52220fc7b4cc3cfdb86d88e833"},"breadcrumb":{"@id":"https:\/\/legrandcontinent.eu\/fr\/2024\/07\/07\/francois-hollande-elu-dans-la-1ere-circonscription-de-correze-avec-4329-des-voix\/#breadcrumb"},"inLanguage":"fr-FR","potentialAction":[{"@type":"ReadAction","target":["https:\/\/legrandcontinent.eu\/fr\/2024\/07\/07\/francois-hollande-elu-dans-la-1ere-circonscription-de-correze-avec-4329-des-voix\/"]}]},{"@type":"ImageObject","inLanguage":"fr-FR","@id":"https:\/\/legrandcontinent.eu\/fr\/2024\/07\/07\/francois-hollande-elu-dans-la-1ere-circonscription-de-correze-avec-4329-des-voix\/#primaryimage","url":"https:\/\/legrandcontinent.eu\/fr\/wp-content\/uploads\/sites\/2\/2024\/07\/gc-second-tour-e1720377006716.png","contentUrl":"https:\/\/legrandcontinent.eu\/fr\/wp-content\/uploads\/sites\/2\/2024\/07\/gc-second-tour-e1720377006716.png","width":1453,"height":812},{"@type":"BreadcrumbList","@id":"https:\/\/legrandcontinent.eu\/fr\/2024\/07\/07\/francois-hollande-elu-dans-la-1ere-circonscription-de-correze-avec-4329-des-voix\/#breadcrumb","itemListElement":[{"@type":"ListItem","position":1,"name":"Accueil","item":"https:\/\/legrandcontinent.eu\/fr\/"},{"@type":"ListItem","position":2,"name":"L\u00e9gislatives&#160;: V\u00e9ran, Dupont-Aignan, Habib battus&#160;; Attal, Riester, Lescure \u00e9lus. Les r\u00e9sultats des personnalit\u00e9s politiques"}]},{"@type":"WebSite","@id":"https:\/\/legrandcontinent.eu\/fr\/#website","url":"https:\/\/legrandcontinent.eu\/fr\/","name":"Le Grand Continent","description":"L&#039;\u00e9chelle pertinente","potentialAction":[{"@type":"SearchAction","target":{"@type":"EntryPoint","urlTemplate":"https:\/\/legrandcontinent.eu\/fr\/?s={search_term_string}"},"query-input":{"@type":"PropertyValueSpecification","valueRequired":true,"valueName":"search_term_string"}}],"inLanguage":"fr-FR"},{"@type":"Person","@id":"https:\/\/legrandcontinent.eu\/fr\/#\/schema\/person\/e4f85f52220fc7b4cc3cfdb86d88e833","name":"Marin Saillofest","image":{"@type":"ImageObject","inLanguage":"fr-FR","@id":"https:\/\/legrandcontinent.eu\/fr\/#\/schema\/person\/image\/","url":"https:\/\/secure.gravatar.com\/avatar\/87088698b4d967390c49ae6d4f1aa459?s=96&d=mm&r=g","contentUrl":"https:\/\/secure.gravatar.com\/avatar\/87088698b4d967390c49ae6d4f1aa459?s=96&d=mm&r=g","caption":"Marin Saillofest"}}]}},"lgc_categories":[{"id":3811,"name":"Les l\u00e9gislatives 2024 \u00e0 l\u2019\u00e9chelle pertinente","slug":"legislatives-2024"}],"lgc_author":null,"feature_image_summary":{"url":"https:\/\/legrandcontinent.eu\/fr\/wp-content\/uploads\/sites\/2\/2024\/07\/gc-second-tour-e1720377006716.png","width":1453,"height":812,"alt":""},"feature_image_cover":null,"term_position_data":null,"_links":{"self":[{"href":"https:\/\/legrandcontinent.eu\/fr\/wp-json\/wp\/v2\/posts\/236884","targetHints":{"allow":["GET"]}}],"collection":[{"href":"https:\/\/legrandcontinent.eu\/fr\/wp-json\/wp\/v2\/posts"}],"about":[{"href":"https:\/\/legrandcontinent.eu\/fr\/wp-json\/wp\/v2\/types\/post"}],"author":[{"embeddable":true,"href":"https:\/\/legrandcontinent.eu\/fr\/wp-json\/wp\/v2\/users\/2622"}],"replies":[{"embeddable":true,"href":"https:\/\/legrandcontinent.eu\/fr\/wp-json\/wp\/v2\/comments?post=236884"}],"version-history":[{"count":0,"href":"https:\/\/legrandcontinent.eu\/fr\/wp-json\/wp\/v2\/posts\/236884\/revisions"}],"wp:featuredmedia":[{"embeddable":true,"href":"https:\/\/legrandcontinent.eu\/fr\/wp-json\/wp\/v2\/media\/237006"}],"wp:attachment":[{"href":"https:\/\/legrandcontinent.eu\/fr\/wp-json\/wp\/v2\/media?parent=236884"}],"wp:term":[{"taxonomy":"category","embeddable":true,"href":"https:\/\/legrandcontinent.eu\/fr\/wp-json\/wp\/v2\/categories?post=236884"},{"taxonomy":"post_tag","embeddable":true,"href":"https:\/\/legrandcontinent.eu\/fr\/wp-json\/wp\/v2\/tags?post=236884"},{"taxonomy":"staff","embeddable":true,"href":"https:\/\/legrandcontinent.eu\/fr\/wp-json\/wp\/v2\/staff?post=236884"},{"taxonomy":"editorial_format","embeddable":true,"href":"https:\/\/legrandcontinent.eu\/fr\/wp-json\/wp\/v2\/editorial_format?post=236884"},{"taxonomy":"serie","embeddable":true,"href":"https:\/\/legrandcontinent.eu\/fr\/wp-json\/wp\/v2\/serie?post=236884"},{"taxonomy":"audience","embeddable":true,"href":"https:\/\/legrandcontinent.eu\/fr\/wp-json\/wp\/v2\/audience?post=236884"},{"taxonomy":"geo","embeddable":true,"href":"https:\/\/legrandcontinent.eu\/fr\/wp-json\/wp\/v2\/geo?post=236884"}],"curies":[{"name":"wp","href":"https:\/\/api.w.org\/{rel}","templated":true}]}}