{"id":236677,"date":"2024-07-05T22:30:00","date_gmt":"2024-07-05T20:30:00","guid":{"rendered":"https:\/\/legrandcontinent.eu\/fr\/?p=236677"},"modified":"2024-07-05T20:55:42","modified_gmt":"2024-07-05T18:55:42","slug":"les-previsions-de-depart-en-vacances-de-bison-fute-permettent-elles-danticiper-la-participation-au-second-tour","status":"publish","type":"post","link":"https:\/\/legrandcontinent.eu\/fr\/2024\/07\/05\/les-previsions-de-depart-en-vacances-de-bison-fute-permettent-elles-danticiper-la-participation-au-second-tour\/","title":{"rendered":"Les pr\u00e9visions de d\u00e9part en vacances de Bison Fut\u00e9 permettent-elles d&rsquo;anticiper la participation au second tour&#160;?"},"content":{"rendered":"\n<p>En France, le premier week-end de juillet est traditionnellement l\u2019une des p\u00e9riodes les plus charg\u00e9es de d\u00e9part en vacances (avec le week-end de la f\u00eate nationale, le 14 juillet, et lors du pont du 15 ao\u00fbt). Malgr\u00e9 le deuxi\u00e8me tour des l\u00e9gislatives, cette ann\u00e9e ne devrait pas d\u00e9roger \u00e0 la r\u00e8gle. En effet, Bison Fut\u00e9 pr\u00e9voit une circulation tr\u00e8s difficile sur l\u2019ensemble du territoire m\u00e9tropolitain samedi 6 juillet, la veille du vote.<\/p>\n\n\n\n<figure class=\"wp-block-embed is-type-rich is-provider-twitter wp-block-embed-twitter\"><div class=\"wp-block-embed__wrapper\">\n<blockquote class=\"twitter-tweet\" data-width=\"550\" data-dnt=\"true\"><p lang=\"fr\" dir=\"ltr\">\u2139\ufe0f<a href=\"https:\/\/twitter.com\/hashtag\/InfoTrafic?src=hash&amp;ref_src=twsrc%5Etfw\">#InfoTrafic<\/a>  <a href=\"https:\/\/twitter.com\/hashtag\/weekend?src=hash&amp;ref_src=twsrc%5Etfw\">#weekend<\/a> 2 <a href=\"https:\/\/twitter.com\/hashtag\/vacances?src=hash&amp;ref_src=twsrc%5Etfw\">#vacances<\/a> <a href=\"https:\/\/twitter.com\/hashtag\/%C3%A9t%C3%A92024?src=hash&amp;ref_src=twsrc%5Etfw\">#\u00e9t\u00e92024<\/a><a href=\"https:\/\/twitter.com\/hashtag\/D%C3%A9parts?src=hash&amp;ref_src=twsrc%5Etfw\">#D\u00e9parts<\/a><br>\ud83d\udfe7Difficile National,\ud83d\udfe5Tr\u00e8s difficile IdF le 05\/07  <br>\ud83d\udfe5Tr\u00e8s difficile National le 06\/07<br>\ud83d\udfe7Difficile Grand-Ouest, Nord et Auvergne-Rh\u00f4ne-Alpes le 07\/07<a href=\"https:\/\/twitter.com\/hashtag\/Retours?src=hash&amp;ref_src=twsrc%5Etfw\">#Retours<\/a><br>\ud83d\udfe9Habituel les 3 jours<br>D\u00e9tails\u27a1\ufe0f<a href=\"https:\/\/t.co\/eO3RkUyX6z\">https:\/\/t.co\/eO3RkUyX6z<\/a>\ud83d\udee3\ufe0f\ud83d\ude97 <a href=\"https:\/\/t.co\/tJBGVkYgPo\">pic.twitter.com\/tJBGVkYgPo<\/a><\/p>&mdash; Bison Fut\u00e9 (@BisonFute_MT) <a href=\"https:\/\/twitter.com\/BisonFute_MT\/status\/1808475353695850567?ref_src=twsrc%5Etfw\">July 3, 2024<\/a><\/blockquote><script async src=\"https:\/\/platform.twitter.com\/widgets.js\" charset=\"utf-8\"><\/script>\n<\/div><\/figure>\n\n\n\n<ul class=\"wp-block-list\">\n<li>Tout comme le vote des fran\u00e7ais de l\u2019\u00e9tranger ou le nombre de procurations donn\u00e9es, les pr\u00e9visions de circulation constituent un signal faible offrant des renseignements sur la participation au second tour.<\/li>\n\n\n\n<li>Depuis l\u2019instauration de la Cinqui\u00e8me R\u00e9publique en 1958, aucune \u00e9lection l\u00e9gislative ne s&rsquo;est tenue plus tard que le 30 juin. Il s\u2019agit de la premi\u00e8re fois qu\u2019un scrutin a lieu en juillet.<\/li>\n<\/ul>\n\n\n\n<div class=\"iframe-container wp-block-image wp-block-image-medium  iframe-dw\">\n\t<div>\n\t\t<iframe class=\"absolute w-full h-full pin-t pin-l\" title=\"titolo\" aria-label=\"Interactive line chart\" src=\"\/\/datawrapper.dwcdn.net\/c5ZCh\" scrolling=\"no\" frameborder=\"0\"><\/iframe>\n\t<\/div>\n<\/div>\n\n\n\n<p>Toutes <a href=\"https:\/\/legrandcontinent.eu\/fr\/2024\/07\/02\/la-baisse-de-la-participation-au-second-tour-pourrait-donner-la-majorite-absolue-au-rn\/\">nos projections<\/a> le montrent&#160;: l\u2019abstention est \u00e0 ce stade <a href=\"https:\/\/legrandcontinent.eu\/fr\/2024\/07\/03\/sabstenir-cest-en-realite-choisir-lextreme-droite-une-conversation-avec-vincent-pons-x\/\">le principal facteur susceptible de permettre au Rassemblement National de disposer d\u2019une majorit\u00e9 absolue<\/a> \u00e0 l\u2019Assembl\u00e9e. Si la plupart des instituts de sondage (Opinionway, Elabe, Ipsos) anticipaient vendredi 5 juillet un taux de participation sensiblement similaire au premier tour (66,71&#160;%), les donn\u00e9es historiques indiquent que l\u2019abstention augmente quasi-syst\u00e9matiquement entre le premier et le second tour des l\u00e9gislatives (mis \u00e0 part quelques exceptions, comme en 1997).&nbsp;<\/p>\n\n\n\n<div class=\"iframe-container wp-block-image wp-block-image-medium  iframe-dw\">\n\t<div>\n\t\t<iframe class=\"absolute w-full h-full pin-t pin-l\" title=\"titolo\" aria-label=\"Interactive line chart\" src=\"\/\/datawrapper.dwcdn.net\/QCOFl\" scrolling=\"no\" frameborder=\"0\"><\/iframe>\n\t<\/div>\n<\/div>\n\n\n\n<p>L\u2019augmentation du nombre de procurations entre le premier (2,6 millions, soit quatre fois plus qu\u2019en 2022) et le second (3,3 millions au 5 juillet) tour sugg\u00e8re que la participation pourrait encore augmenter cette ann\u00e9e face au risque de l\u2019arriv\u00e9e de Jordan Bardella \u00e0 Matignon. Cependant, sur ces 3,3 millions de procurations, 2,5 millions sont \u00ab&#160;actives&#160;\u00bb, ce qui signifie qu\u2019elles ne sont pas encore arriv\u00e9es \u00e0 \u00e9ch\u00e9ance.<\/p>\n","protected":false},"excerpt":{"rendered":"<p>Le d\u00e9part en vacances caract\u00e9ristique du premier week-end de juillet pourrait-il contribuer \u00e0 propulser Jordan Bardella \u00e0 Matignon&#160;&#160;? Les donn\u00e9es le montrent&#160;&#160;: une abstention plus \u00e9lev\u00e9e au second tour contribuerait \u00e0 rapprocher le Rassemblement National du seuil de la majorit\u00e9 absolue.<\/p>\n","protected":false},"author":40,"featured_media":236678,"comment_status":"closed","ping_status":"","sticky":false,"template":"templates\/post-briefings.php","format":"standard","meta":{"_acf_changed":false,"_trash_the_other_posts":false,"_yoast_wpseo_estimated-reading-time-minutes":2,"footnotes":""},"categories":[3811],"tags":[],"staff":[],"editorial_format":[],"serie":[],"audience":[],"geo":[],"class_list":["post-236677","post","type-post","status-publish","format-standard","hentry","category-legislatives-2024"],"acf":{"open_in_webview":false,"accent":false,"_thumbnail_id":236678,"excerpt":"Le d\u00e9part en vacances caract\u00e9ristique du premier week-end de juillet pourrait-il contribuer \u00e0 propulser Jordan Bardella \u00e0 Matignon ? Les donn\u00e9es le montrent : une abstention plus \u00e9lev\u00e9e au second tour contribuerait \u00e0 rapprocher le Rassemblement National du seuil de la majorit\u00e9 absolue.","display_date":"","new_abstract":true},"yoast_head":"<!-- This site is optimized with the Yoast SEO plugin v26.1.1 - https:\/\/yoast.com\/wordpress\/plugins\/seo\/ -->\n<title>Les pr\u00e9visions de d\u00e9part en vacances de Bison Fut\u00e9 permettent-elles d&#039;anticiper la participation au second tour ? | Le Grand Continent<\/title>\n<meta name=\"robots\" content=\"index, follow, max-snippet:-1, max-image-preview:large, max-video-preview:-1\" \/>\n<link rel=\"canonical\" href=\"https:\/\/legrandcontinent.eu\/fr\/2024\/07\/05\/les-previsions-de-depart-en-vacances-de-bison-fute-permettent-elles-danticiper-la-participation-au-second-tour\/\" \/>\n<meta property=\"og:locale\" content=\"fr_FR\" \/>\n<meta property=\"og:type\" content=\"article\" \/>\n<meta property=\"og:title\" content=\"Les pr\u00e9visions de d\u00e9part en vacances de Bison Fut\u00e9 permettent-elles d&#039;anticiper la participation au second tour ? | Le Grand Continent\" \/>\n<meta property=\"og:description\" content=\"Le d\u00e9part en vacances caract\u00e9ristique du premier week-end de juillet pourrait-il contribuer \u00e0 propulser Jordan Bardella \u00e0 Matignon&#160;? Les donn\u00e9es le montrent&#160;: une abstention plus \u00e9lev\u00e9e au second tour contribuerait \u00e0 rapprocher le Rassemblement National du seuil de la majorit\u00e9 absolue.\" \/>\n<meta property=\"og:url\" content=\"https:\/\/legrandcontinent.eu\/fr\/2024\/07\/05\/les-previsions-de-depart-en-vacances-de-bison-fute-permettent-elles-danticiper-la-participation-au-second-tour\/\" \/>\n<meta property=\"og:site_name\" content=\"Le Grand Continent\" \/>\n<meta property=\"article:published_time\" content=\"2024-07-05T20:30:00+00:00\" \/>\n<meta property=\"og:image\" content=\"https:\/\/legrandcontinent.eu\/fr\/wp-content\/uploads\/sites\/2\/2024\/07\/Capture-decran-2024-07-05-a-20.49.41.png\" \/>\n\t<meta property=\"og:image:width\" content=\"2164\" \/>\n\t<meta property=\"og:image:height\" content=\"1202\" \/>\n\t<meta property=\"og:image:type\" content=\"image\/png\" \/>\n<meta name=\"author\" content=\"Ramona Bloj\" \/>\n<meta name=\"twitter:card\" content=\"summary_large_image\" \/>\n<meta name=\"twitter:image\" content=\"https:\/\/legrandcontinent.eu\/fr\/wp-content\/uploads\/sites\/2\/2024\/07\/Capture-decran-2024-07-05-a-20.49.41.png\" \/>\n<meta name=\"twitter:label1\" content=\"\u00c9crit par\" \/>\n\t<meta name=\"twitter:data1\" content=\"Ramona Bloj\" \/>\n\t<meta name=\"twitter:label2\" content=\"Dur\u00e9e de lecture estim\u00e9e\" \/>\n\t<meta name=\"twitter:data2\" content=\"2 minutes\" \/>\n<script type=\"application\/ld+json\" class=\"yoast-schema-graph\">{\"@context\":\"https:\/\/schema.org\",\"@graph\":[{\"@type\":\"WebPage\",\"@id\":\"https:\/\/legrandcontinent.eu\/fr\/2024\/07\/05\/les-previsions-de-depart-en-vacances-de-bison-fute-permettent-elles-danticiper-la-participation-au-second-tour\/\",\"url\":\"https:\/\/legrandcontinent.eu\/fr\/2024\/07\/05\/les-previsions-de-depart-en-vacances-de-bison-fute-permettent-elles-danticiper-la-participation-au-second-tour\/\",\"name\":\"Les pr\u00e9visions de d\u00e9part en vacances de Bison Fut\u00e9 permettent-elles d'anticiper la participation au second tour ? | Le Grand Continent\",\"isPartOf\":{\"@id\":\"https:\/\/legrandcontinent.eu\/fr\/#website\"},\"primaryImageOfPage\":{\"@id\":\"https:\/\/legrandcontinent.eu\/fr\/2024\/07\/05\/les-previsions-de-depart-en-vacances-de-bison-fute-permettent-elles-danticiper-la-participation-au-second-tour\/#primaryimage\"},\"image\":{\"@id\":\"https:\/\/legrandcontinent.eu\/fr\/2024\/07\/05\/les-previsions-de-depart-en-vacances-de-bison-fute-permettent-elles-danticiper-la-participation-au-second-tour\/#primaryimage\"},\"thumbnailUrl\":\"https:\/\/legrandcontinent.eu\/fr\/wp-content\/uploads\/sites\/2\/2024\/07\/Capture-decran-2024-07-05-a-20.49.03.png\",\"datePublished\":\"2024-07-05T20:30:00+00:00\",\"author\":{\"@id\":\"https:\/\/legrandcontinent.eu\/fr\/#\/schema\/person\/bee86896b403754f76b6b1515ff0b697\"},\"breadcrumb\":{\"@id\":\"https:\/\/legrandcontinent.eu\/fr\/2024\/07\/05\/les-previsions-de-depart-en-vacances-de-bison-fute-permettent-elles-danticiper-la-participation-au-second-tour\/#breadcrumb\"},\"inLanguage\":\"fr-FR\",\"potentialAction\":[{\"@type\":\"ReadAction\",\"target\":[\"https:\/\/legrandcontinent.eu\/fr\/2024\/07\/05\/les-previsions-de-depart-en-vacances-de-bison-fute-permettent-elles-danticiper-la-participation-au-second-tour\/\"]}]},{\"@type\":\"ImageObject\",\"inLanguage\":\"fr-FR\",\"@id\":\"https:\/\/legrandcontinent.eu\/fr\/2024\/07\/05\/les-previsions-de-depart-en-vacances-de-bison-fute-permettent-elles-danticiper-la-participation-au-second-tour\/#primaryimage\",\"url\":\"https:\/\/legrandcontinent.eu\/fr\/wp-content\/uploads\/sites\/2\/2024\/07\/Capture-decran-2024-07-05-a-20.49.03.png\",\"contentUrl\":\"https:\/\/legrandcontinent.eu\/fr\/wp-content\/uploads\/sites\/2\/2024\/07\/Capture-decran-2024-07-05-a-20.49.03.png\",\"width\":2056,\"height\":1186},{\"@type\":\"BreadcrumbList\",\"@id\":\"https:\/\/legrandcontinent.eu\/fr\/2024\/07\/05\/les-previsions-de-depart-en-vacances-de-bison-fute-permettent-elles-danticiper-la-participation-au-second-tour\/#breadcrumb\",\"itemListElement\":[{\"@type\":\"ListItem\",\"position\":1,\"name\":\"Accueil\",\"item\":\"https:\/\/legrandcontinent.eu\/fr\/\"},{\"@type\":\"ListItem\",\"position\":2,\"name\":\"Les pr\u00e9visions de d\u00e9part en vacances de Bison Fut\u00e9 permettent-elles d&rsquo;anticiper la participation au second tour&#160;?\"}]},{\"@type\":\"WebSite\",\"@id\":\"https:\/\/legrandcontinent.eu\/fr\/#website\",\"url\":\"https:\/\/legrandcontinent.eu\/fr\/\",\"name\":\"Le Grand Continent\",\"description\":\"L&#039;\u00e9chelle pertinente\",\"potentialAction\":[{\"@type\":\"SearchAction\",\"target\":{\"@type\":\"EntryPoint\",\"urlTemplate\":\"https:\/\/legrandcontinent.eu\/fr\/?s={search_term_string}\"},\"query-input\":{\"@type\":\"PropertyValueSpecification\",\"valueRequired\":true,\"valueName\":\"search_term_string\"}}],\"inLanguage\":\"fr-FR\"},{\"@type\":\"Person\",\"@id\":\"https:\/\/legrandcontinent.eu\/fr\/#\/schema\/person\/bee86896b403754f76b6b1515ff0b697\",\"name\":\"Ramona Bloj\",\"image\":{\"@type\":\"ImageObject\",\"inLanguage\":\"fr-FR\",\"@id\":\"https:\/\/legrandcontinent.eu\/fr\/#\/schema\/person\/image\/\",\"url\":\"https:\/\/secure.gravatar.com\/avatar\/c1d91adb7c4c1eed266b81c0f9915707?s=96&d=mm&r=g\",\"contentUrl\":\"https:\/\/secure.gravatar.com\/avatar\/c1d91adb7c4c1eed266b81c0f9915707?s=96&d=mm&r=g\",\"caption\":\"Ramona Bloj\"}}]}<\/script>\n<!-- \/ Yoast SEO plugin. -->","yoast_head_json":{"title":"Les pr\u00e9visions de d\u00e9part en vacances de Bison Fut\u00e9 permettent-elles d'anticiper la participation au second tour ? | Le Grand Continent","robots":{"index":"index","follow":"follow","max-snippet":"max-snippet:-1","max-image-preview":"max-image-preview:large","max-video-preview":"max-video-preview:-1"},"canonical":"https:\/\/legrandcontinent.eu\/fr\/2024\/07\/05\/les-previsions-de-depart-en-vacances-de-bison-fute-permettent-elles-danticiper-la-participation-au-second-tour\/","og_locale":"fr_FR","og_type":"article","og_title":"Les pr\u00e9visions de d\u00e9part en vacances de Bison Fut\u00e9 permettent-elles d'anticiper la participation au second tour ? | Le Grand Continent","og_description":"Le d\u00e9part en vacances caract\u00e9ristique du premier week-end de juillet pourrait-il contribuer \u00e0 propulser Jordan Bardella \u00e0 Matignon&#160;? Les donn\u00e9es le montrent&#160;: une abstention plus \u00e9lev\u00e9e au second tour contribuerait \u00e0 rapprocher le Rassemblement National du seuil de la majorit\u00e9 absolue.","og_url":"https:\/\/legrandcontinent.eu\/fr\/2024\/07\/05\/les-previsions-de-depart-en-vacances-de-bison-fute-permettent-elles-danticiper-la-participation-au-second-tour\/","og_site_name":"Le Grand Continent","article_published_time":"2024-07-05T20:30:00+00:00","og_image":[{"width":2164,"height":1202,"url":"https:\/\/legrandcontinent.eu\/fr\/wp-content\/uploads\/sites\/2\/2024\/07\/Capture-decran-2024-07-05-a-20.49.41.png","type":"image\/png"}],"author":"Ramona Bloj","twitter_card":"summary_large_image","twitter_image":"https:\/\/legrandcontinent.eu\/fr\/wp-content\/uploads\/sites\/2\/2024\/07\/Capture-decran-2024-07-05-a-20.49.41.png","twitter_misc":{"\u00c9crit par":"Ramona Bloj","Dur\u00e9e de lecture estim\u00e9e":"2 minutes"},"schema":{"@context":"https:\/\/schema.org","@graph":[{"@type":"WebPage","@id":"https:\/\/legrandcontinent.eu\/fr\/2024\/07\/05\/les-previsions-de-depart-en-vacances-de-bison-fute-permettent-elles-danticiper-la-participation-au-second-tour\/","url":"https:\/\/legrandcontinent.eu\/fr\/2024\/07\/05\/les-previsions-de-depart-en-vacances-de-bison-fute-permettent-elles-danticiper-la-participation-au-second-tour\/","name":"Les pr\u00e9visions de d\u00e9part en vacances de Bison Fut\u00e9 permettent-elles d'anticiper la participation au second tour ? | Le Grand Continent","isPartOf":{"@id":"https:\/\/legrandcontinent.eu\/fr\/#website"},"primaryImageOfPage":{"@id":"https:\/\/legrandcontinent.eu\/fr\/2024\/07\/05\/les-previsions-de-depart-en-vacances-de-bison-fute-permettent-elles-danticiper-la-participation-au-second-tour\/#primaryimage"},"image":{"@id":"https:\/\/legrandcontinent.eu\/fr\/2024\/07\/05\/les-previsions-de-depart-en-vacances-de-bison-fute-permettent-elles-danticiper-la-participation-au-second-tour\/#primaryimage"},"thumbnailUrl":"https:\/\/legrandcontinent.eu\/fr\/wp-content\/uploads\/sites\/2\/2024\/07\/Capture-decran-2024-07-05-a-20.49.03.png","datePublished":"2024-07-05T20:30:00+00:00","author":{"@id":"https:\/\/legrandcontinent.eu\/fr\/#\/schema\/person\/bee86896b403754f76b6b1515ff0b697"},"breadcrumb":{"@id":"https:\/\/legrandcontinent.eu\/fr\/2024\/07\/05\/les-previsions-de-depart-en-vacances-de-bison-fute-permettent-elles-danticiper-la-participation-au-second-tour\/#breadcrumb"},"inLanguage":"fr-FR","potentialAction":[{"@type":"ReadAction","target":["https:\/\/legrandcontinent.eu\/fr\/2024\/07\/05\/les-previsions-de-depart-en-vacances-de-bison-fute-permettent-elles-danticiper-la-participation-au-second-tour\/"]}]},{"@type":"ImageObject","inLanguage":"fr-FR","@id":"https:\/\/legrandcontinent.eu\/fr\/2024\/07\/05\/les-previsions-de-depart-en-vacances-de-bison-fute-permettent-elles-danticiper-la-participation-au-second-tour\/#primaryimage","url":"https:\/\/legrandcontinent.eu\/fr\/wp-content\/uploads\/sites\/2\/2024\/07\/Capture-decran-2024-07-05-a-20.49.03.png","contentUrl":"https:\/\/legrandcontinent.eu\/fr\/wp-content\/uploads\/sites\/2\/2024\/07\/Capture-decran-2024-07-05-a-20.49.03.png","width":2056,"height":1186},{"@type":"BreadcrumbList","@id":"https:\/\/legrandcontinent.eu\/fr\/2024\/07\/05\/les-previsions-de-depart-en-vacances-de-bison-fute-permettent-elles-danticiper-la-participation-au-second-tour\/#breadcrumb","itemListElement":[{"@type":"ListItem","position":1,"name":"Accueil","item":"https:\/\/legrandcontinent.eu\/fr\/"},{"@type":"ListItem","position":2,"name":"Les pr\u00e9visions de d\u00e9part en vacances de Bison Fut\u00e9 permettent-elles d&rsquo;anticiper la participation au second tour&#160;?"}]},{"@type":"WebSite","@id":"https:\/\/legrandcontinent.eu\/fr\/#website","url":"https:\/\/legrandcontinent.eu\/fr\/","name":"Le Grand Continent","description":"L&#039;\u00e9chelle pertinente","potentialAction":[{"@type":"SearchAction","target":{"@type":"EntryPoint","urlTemplate":"https:\/\/legrandcontinent.eu\/fr\/?s={search_term_string}"},"query-input":{"@type":"PropertyValueSpecification","valueRequired":true,"valueName":"search_term_string"}}],"inLanguage":"fr-FR"},{"@type":"Person","@id":"https:\/\/legrandcontinent.eu\/fr\/#\/schema\/person\/bee86896b403754f76b6b1515ff0b697","name":"Ramona Bloj","image":{"@type":"ImageObject","inLanguage":"fr-FR","@id":"https:\/\/legrandcontinent.eu\/fr\/#\/schema\/person\/image\/","url":"https:\/\/secure.gravatar.com\/avatar\/c1d91adb7c4c1eed266b81c0f9915707?s=96&d=mm&r=g","contentUrl":"https:\/\/secure.gravatar.com\/avatar\/c1d91adb7c4c1eed266b81c0f9915707?s=96&d=mm&r=g","caption":"Ramona Bloj"}}]}},"lgc_categories":[{"id":3811,"name":"Les l\u00e9gislatives 2024 \u00e0 l\u2019\u00e9chelle pertinente","slug":"legislatives-2024"}],"lgc_author":null,"feature_image_summary":{"url":"https:\/\/legrandcontinent.eu\/fr\/wp-content\/uploads\/sites\/2\/2024\/07\/Capture-decran-2024-07-05-a-20.49.03.png","width":2056,"height":1186,"alt":""},"feature_image_cover":null,"term_position_data":null,"_links":{"self":[{"href":"https:\/\/legrandcontinent.eu\/fr\/wp-json\/wp\/v2\/posts\/236677","targetHints":{"allow":["GET"]}}],"collection":[{"href":"https:\/\/legrandcontinent.eu\/fr\/wp-json\/wp\/v2\/posts"}],"about":[{"href":"https:\/\/legrandcontinent.eu\/fr\/wp-json\/wp\/v2\/types\/post"}],"author":[{"embeddable":true,"href":"https:\/\/legrandcontinent.eu\/fr\/wp-json\/wp\/v2\/users\/40"}],"replies":[{"embeddable":true,"href":"https:\/\/legrandcontinent.eu\/fr\/wp-json\/wp\/v2\/comments?post=236677"}],"version-history":[{"count":0,"href":"https:\/\/legrandcontinent.eu\/fr\/wp-json\/wp\/v2\/posts\/236677\/revisions"}],"wp:featuredmedia":[{"embeddable":true,"href":"https:\/\/legrandcontinent.eu\/fr\/wp-json\/wp\/v2\/media\/236678"}],"wp:attachment":[{"href":"https:\/\/legrandcontinent.eu\/fr\/wp-json\/wp\/v2\/media?parent=236677"}],"wp:term":[{"taxonomy":"category","embeddable":true,"href":"https:\/\/legrandcontinent.eu\/fr\/wp-json\/wp\/v2\/categories?post=236677"},{"taxonomy":"post_tag","embeddable":true,"href":"https:\/\/legrandcontinent.eu\/fr\/wp-json\/wp\/v2\/tags?post=236677"},{"taxonomy":"staff","embeddable":true,"href":"https:\/\/legrandcontinent.eu\/fr\/wp-json\/wp\/v2\/staff?post=236677"},{"taxonomy":"editorial_format","embeddable":true,"href":"https:\/\/legrandcontinent.eu\/fr\/wp-json\/wp\/v2\/editorial_format?post=236677"},{"taxonomy":"serie","embeddable":true,"href":"https:\/\/legrandcontinent.eu\/fr\/wp-json\/wp\/v2\/serie?post=236677"},{"taxonomy":"audience","embeddable":true,"href":"https:\/\/legrandcontinent.eu\/fr\/wp-json\/wp\/v2\/audience?post=236677"},{"taxonomy":"geo","embeddable":true,"href":"https:\/\/legrandcontinent.eu\/fr\/wp-json\/wp\/v2\/geo?post=236677"}],"curies":[{"name":"wp","href":"https:\/\/api.w.org\/{rel}","templated":true}]}}