{"id":228241,"date":"2024-05-02T18:30:00","date_gmt":"2024-05-02T16:30:00","guid":{"rendered":"https:\/\/legrandcontinent.eu\/fr\/?p=228241"},"modified":"2024-05-02T17:07:37","modified_gmt":"2024-05-02T15:07:37","slug":"un-accord-washington-riyad-sans-participation-disrael-constituerait-une-defaite-pour-ladministration-biden","status":"publish","type":"post","link":"https:\/\/legrandcontinent.eu\/fr\/2024\/05\/02\/un-accord-washington-riyad-sans-participation-disrael-constituerait-une-defaite-pour-ladministration-biden\/","title":{"rendered":"Un accord Washington-Riyad sans participation d\u2019Isra\u00ebl constituerait une d\u00e9faite pour l\u2019administration Biden"},"content":{"rendered":"\n<p>Selon des sources proches du dossier, les discussions relatives \u00e0 la conclusion d\u2019un accord entre les \u00c9tats-Unis et l\u2019Arabie saoudite \u2014 le \u00ab&#160;<em>megadeal<\/em>&#160;\u00bb qui doit conduire \u00e0 la normalisation des relations entre Riyad et Tel-Aviv \u2014 ont progress\u00e9 lors de la visite d\u2019Antony Blinken dans le Royaume saoudien qui s\u2019est achev\u00e9e mardi 30 avril&nbsp;<span class='whitespace-nowrap'><span id='easy-footnote-1-228241' class='easy-footnote-margin-adjust'><\/span><span class='easy-footnote'><a href='https:\/\/legrandcontinent.eu\/fr\/2024\/05\/02\/un-accord-washington-riyad-sans-participation-disrael-constituerait-une-defaite-pour-ladministration-biden\/#easy-footnote-bottom-1-228241' title='Alberto Nardelli, Jennifer Jacobs et Peter Martin, \u00ab&amp;#160;&lt;a href=&quot;https:\/\/www.bloomberg.com\/news\/articles\/2024-05-01\/us-and-saudis-near-defense-pact-aimed-at-reshaping-middle-east&quot;&gt;US and Saudis Near Defense Pact Meant to Reshape Middle East&lt;\/a&gt;&amp;#160;\u00bb, &lt;em&gt;Bloomberg&lt;\/em&gt;, 1er mai 2024.'><sup>1<\/sup><\/a><\/span><\/span>.<\/p>\n\n\n\n<div class=\"iframe-container wp-block-image wp-block-image-large  iframe-dw\">\n\t<div>\n\t\t<iframe class=\"absolute w-full h-full pin-t pin-l\" title=\"titolo\" aria-label=\"Interactive line chart\" src=\"\/\/datawrapper.dwcdn.net\/mKGfV\" scrolling=\"no\" frameborder=\"0\"><\/iframe>\n\t<\/div>\n<\/div>\n\n\n\n<p><a href=\"https:\/\/legrandcontinent.eu\/fr\/2023\/10\/09\/israel-et-gaza-guerre-etendue-une-conversation-avec-gerard-araud\/\">L\u2019extension des Accords d\u2019Abraham<\/a> \u00e0 l\u2019Arabie saoudite constitue l\u2019une des priorit\u00e9s de la politique de l\u2019administration Biden au Moyen-Orient. Celle-ci a \u00e9t\u00e9 durablement mise \u00e0 mal par l\u2019attaque du Hamas du 7 octobre et ses ramifications.<\/p>\n\n\n\n<ul class=\"wp-block-list\">\n<li>Depuis l\u2019arriv\u00e9e au pouvoir de Mohammed ben Salmane (MBS) fin 2022, Riyad a amorc\u00e9 une politique audacieuse de rapprochement et de normalisation avec Isra\u00ebl.\u00a0<\/li>\n\n\n\n<li>Avant l\u2019attaque du Hamas sur Isra\u00ebl le 7 octobre, <a href=\"https:\/\/legrandcontinent.eu\/fr\/2023\/10\/12\/les-pays-arabes-et-musulmans-dans-la-guerre-de-soukkot-cartographier-une-rupture-x\/\">le consensus portait sur une concr\u00e9tisation de cet effort<\/a> \u00e0 l\u2019automne 2023 ou au cours de l\u2019ann\u00e9e 2024.<\/li>\n\n\n\n<li>Le volet de l\u2019accord portant sur les relations Arabie saoudite-Isra\u00ebl semble aujourd\u2019hui au point mort, tandis que les tentatives de mise en place d\u2019un cessez-le-feu entre le Hamas et Isra\u00ebl ont jusqu\u2019\u00e0 pr\u00e9sent toutes \u00e9chou\u00e9.<\/li>\n\n\n\n<li>Benjamin Netanyahou refuse quant \u00e0 lui toute reconnaissance d\u2019un \u00c9tat palestinien.<\/li>\n<\/ul>\n\n\n\n\n\n<figure class=\"wp-block-image wp-block-image-large\"\n    data-shadow=\"false\"\n    data-use-original-file=\"false\">\n    <a\n        data-pswp-src=\"https:\/\/legrandcontinent.eu\/fr\/wp-content\/uploads\/sites\/2\/2024\/04\/gc-carte-MO.png\"\n        class=\"inline-block gallery-item no-underline \"\n        data-pswp-width=\"2440\"\n        data-pswp-height=\"1840\">\n                                        <picture>\r\n                    <source\r\n                srcset=\"https:\/\/legrandcontinent.eu\/fr\/wp-content\/uploads\/sites\/2\/2024\/04\/gc-carte-MO-330x249.png\"\r\n                media=\"(max-width: 374px)\" \/>\r\n                    <source\r\n                srcset=\"https:\/\/legrandcontinent.eu\/fr\/wp-content\/uploads\/sites\/2\/2024\/04\/gc-carte-MO-690x520.png\"\r\n                media=\"(max-width: 989px)\" \/>\r\n                    <source\r\n                srcset=\"https:\/\/legrandcontinent.eu\/fr\/wp-content\/uploads\/sites\/2\/2024\/04\/gc-carte-MO-1340x1010.png\"\r\n                media=\"(min-width: 990px)\" \/>\r\n                <img decoding=\"async\" src=\"https:\/\/legrandcontinent.eu\/fr\/wp-content\/uploads\/sites\/2\/2024\/04\/gc-carte-MO-125x94.png\" \/>\r\n        <\/picture>\r\n                            \n            <\/a>\n<\/figure>\n\n\n<p>Riyad souhaite poursuivre un rapprochement bilat\u00e9ral avec Washington en excluant toute conditionnalit\u00e9 de l\u2019accord \u00e0 l\u2019acceptation par Isra\u00ebl d\u2019une solution \u00e0 deux \u00c9tats \u2014 comme cela \u00e9tait initialement pr\u00e9vu&nbsp;<span class='whitespace-nowrap'><span id='easy-footnote-2-228241' class='easy-footnote-margin-adjust'><\/span><span class='easy-footnote'><a href='https:\/\/legrandcontinent.eu\/fr\/2024\/05\/02\/un-accord-washington-riyad-sans-participation-disrael-constituerait-une-defaite-pour-ladministration-biden\/#easy-footnote-bottom-2-228241' title='Julian Borger, \u00ab&amp;#160;&lt;a href=&quot;https:\/\/www.theguardian.com\/world\/2024\/may\/01\/saudi-us-biden-deal-israel&quot;&gt;Saudis push for \u2018plan B\u2019 that excludes Israel from key deal with US&lt;\/a&gt;&amp;#160;\u00bb, &lt;em&gt;The Guardian&lt;\/em&gt;, 1er mai 2024.'><sup>2<\/sup><\/a><\/span><\/span>. Ce \u00ab&#160;plan B&#160;\u00bb offrirait une victoire strat\u00e9gique \u00e0 MBS qui obtiendrait un rapprochement avec les \u00c9tats-Unis dans le domaine de la d\u00e9fense, de l\u2019intelligence artificielle et du nucl\u00e9aire mais constituerait une d\u00e9faite (au moins temporaire) pour l\u2019administration Biden, repoussant davantage un potentiel r\u00e8glement de la question palestinienne.<\/p>\n\n\n\n<p>Si Blinken continue \u00e0 appeler publiquement \u00e0 la mise en place d\u2019un cessez-le-feu \u00e0 Gaza&nbsp;<span class='whitespace-nowrap'><span id='easy-footnote-3-228241' class='easy-footnote-margin-adjust'><\/span><span class='easy-footnote'><a href='https:\/\/legrandcontinent.eu\/fr\/2024\/05\/02\/un-accord-washington-riyad-sans-participation-disrael-constituerait-une-defaite-pour-ladministration-biden\/#easy-footnote-bottom-3-228241' title='&lt;a href=&quot;https:\/\/twitter.com\/kann_news\/status\/1785673218264539529&quot;&gt;Publication X (Twitter) de \u05db\u05d0\u05df \u05d7\u05d3\u05e9\u05d5\u05ea&lt;\/a&gt;, premier mai 2024.'><sup>3<\/sup><\/a><\/span><\/span>, des informations rendues publiques permettent de dessiner les contours potentiels de l\u2019accord avec l\u2019Arabie saoudite&#160;:\u00a0<\/p>\n\n\n\n<ul class=\"wp-block-list\">\n<li>celui-ci consisterait en un pacte de d\u00e9fense mutuelle proche du trait\u00e9 sign\u00e9 entre Washington et S\u00e9oul suite \u00e0 l\u2019armistice de Panmunjeom de 1953&#160;;<\/li>\n\n\n\n<li>les \u00c9tats-Unis aideraient Riyad \u00e0 d\u00e9velopper un programme nucl\u00e9aire civil, et le Royaume donnerait acc\u00e8s \u00e0 Washington \u00e0 ses r\u00e9serves d\u2019uranium&#160;;<\/li>\n\n\n\n<li>en \u00e9change d\u2019une limitation des investissements chinois en Arabie saoudite, les \u00c9tats-Unis augmenteraient leurs investissements en mati\u00e8re d\u2019intelligence artificielle et de quantique dans le pays, et pourraient autoriser le transfert d\u2019\u00e9quipements militaires plus sophistiqu\u00e9s.<\/li>\n<\/ul>\n\n\n\n<div class=\"iframe-container wp-block-image wp-block-image-medium  iframe-dw\">\n\t<div>\n\t\t<iframe class=\"absolute w-full h-full pin-t pin-l\" title=\"titolo\" aria-label=\"Interactive line chart\" src=\"\/\/datawrapper.dwcdn.net\/VcJKq\" scrolling=\"no\" frameborder=\"0\"><\/iframe>\n\t<\/div>\n<\/div>\n\n\n\n<p>Si les \u00c9tats-Unis et l\u2019Arabie saoudite parviennent \u00e0 trouver une position commune sur un tel accord, celui-ci ferait tr\u00e8s certainement face \u00e0 une forte opposition au S\u00e9nat \u2014 dont les deux-tiers des votes sont requis pour qu\u2019un trait\u00e9 soit ratifi\u00e9. Au-del\u00e0 des r\u00e9ticences relatives au partage de technologies militaires et nucl\u00e9aires avec un \u00c9tat largement critiqu\u00e9 pour ses violations des droits de l\u2019homme, des s\u00e9nateurs dont le r\u00e9publicain Lindsey Graham consid\u00e8rent qu\u2019un accord sans normalisation des relations isra\u00e9lo-saoudiennes ne recevrait pas la majorit\u00e9 de 67 votes requise&nbsp;<span class='whitespace-nowrap'><span id='easy-footnote-4-228241' class='easy-footnote-margin-adjust'><\/span><span class='easy-footnote'><a href='https:\/\/legrandcontinent.eu\/fr\/2024\/05\/02\/un-accord-washington-riyad-sans-participation-disrael-constituerait-une-defaite-pour-ladministration-biden\/#easy-footnote-bottom-4-228241' title='&lt;a href=&quot;https:\/\/twitter.com\/LindseyGrahamSC\/status\/1785666198891307214&quot;&gt;Publication de Lindsey Graham sur X (Twitter)&lt;\/a&gt;, 1er mai 2024.'><sup>4<\/sup><\/a><\/span><\/span>.<\/p>\n","protected":false},"excerpt":{"rendered":"<p>Les n\u00e9gociations relatives \u00e0 un accord de d\u00e9fense Riyad-Washington ont progress\u00e9 \u00e0 l\u2019occasion de la visite d\u2019Antony Blinken en Arabie saoudite fin avril. Face au refus de Benjamin Netanyahou de reconna\u00eetre un \u00c9tat palestinien et aux \u00e9checs successifs de la mise en place d\u2019un cessez-le-feu, un accord bilat\u00e9ral excluant <em>de facto<\/em> Isra\u00ebl mettrait fin, au moins temporairement, aux efforts de l\u2019administration Biden de r\u00e8glement de la question palestinienne.<\/p>\n","protected":false},"author":2622,"featured_media":228250,"comment_status":"closed","ping_status":"closed","sticky":false,"template":"templates\/post-briefings.php","format":"standard","meta":{"_acf_changed":false,"_trash_the_other_posts":false,"_yoast_wpseo_estimated-reading-time-minutes":3,"footnotes":""},"categories":[3611],"tags":[],"staff":[],"editorial_format":[],"serie":[],"audience":[],"geo":[530],"class_list":["post-228241","post","type-post","status-publish","format-standard","hentry","category-la-guerre-de-soukkot","geo-asie-intermediaire"],"acf":{"open_in_webview":false,"accent":false},"yoast_head":"<!-- This site is optimized with the Yoast SEO plugin v26.1.1 - https:\/\/yoast.com\/wordpress\/plugins\/seo\/ -->\n<title>Un accord Washington-Riyad sans participation d\u2019Isra\u00ebl constituerait une d\u00e9faite pour l\u2019administration Biden | Le Grand Continent<\/title>\n<meta name=\"robots\" content=\"index, follow, max-snippet:-1, max-image-preview:large, max-video-preview:-1\" \/>\n<link rel=\"canonical\" href=\"https:\/\/legrandcontinent.eu\/fr\/2024\/05\/02\/un-accord-washington-riyad-sans-participation-disrael-constituerait-une-defaite-pour-ladministration-biden\/\" \/>\n<meta property=\"og:locale\" content=\"fr_FR\" \/>\n<meta property=\"og:type\" content=\"article\" \/>\n<meta property=\"og:title\" content=\"Un accord Washington-Riyad sans participation d\u2019Isra\u00ebl constituerait une d\u00e9faite pour l\u2019administration Biden | Le Grand Continent\" \/>\n<meta property=\"og:description\" content=\"Les n\u00e9gociations relatives \u00e0 un accord de d\u00e9fense Riyad-Washington ont progress\u00e9 \u00e0 l\u2019occasion de la visite d\u2019Antony Blinken en Arabie saoudite fin avril. Face au refus de Benjamin Netanyahou de reconna\u00eetre un \u00c9tat palestinien et aux \u00e9checs successifs de la mise en place d\u2019un cessez-le-feu, un accord bilat\u00e9ral excluant de facto Isra\u00ebl mettrait fin, au moins temporairement, aux efforts de l\u2019administration Biden de r\u00e8glement de la question palestinienne.\" \/>\n<meta property=\"og:url\" content=\"https:\/\/legrandcontinent.eu\/fr\/2024\/05\/02\/un-accord-washington-riyad-sans-participation-disrael-constituerait-une-defaite-pour-ladministration-biden\/\" \/>\n<meta property=\"og:site_name\" content=\"Le Grand Continent\" \/>\n<meta property=\"article:published_time\" content=\"2024-05-02T16:30:00+00:00\" \/>\n<meta property=\"og:image\" content=\"https:\/\/legrandcontinent.eu\/fr\/wp-content\/uploads\/sites\/2\/2024\/05\/gc-mega-deal-riyad-wash-e1714662207721.png\" \/>\n\t<meta property=\"og:image:width\" content=\"1453\" \/>\n\t<meta property=\"og:image:height\" content=\"810\" \/>\n\t<meta property=\"og:image:type\" content=\"image\/png\" \/>\n<meta name=\"author\" content=\"Marin Saillofest\" \/>\n<meta name=\"twitter:card\" content=\"summary_large_image\" \/>\n<meta name=\"twitter:image\" content=\"https:\/\/legrandcontinent.eu\/fr\/wp-content\/uploads\/sites\/2\/2024\/05\/gc-mega-deal-riyad-wash-e1714662207721.png\" \/>\n<meta name=\"twitter:label1\" content=\"\u00c9crit par\" \/>\n\t<meta name=\"twitter:data1\" content=\"Marin Saillofest\" \/>\n\t<meta name=\"twitter:label2\" content=\"Dur\u00e9e de lecture estim\u00e9e\" \/>\n\t<meta name=\"twitter:data2\" content=\"3 minutes\" \/>\n<script type=\"application\/ld+json\" class=\"yoast-schema-graph\">{\"@context\":\"https:\/\/schema.org\",\"@graph\":[{\"@type\":\"WebPage\",\"@id\":\"https:\/\/legrandcontinent.eu\/fr\/2024\/05\/02\/un-accord-washington-riyad-sans-participation-disrael-constituerait-une-defaite-pour-ladministration-biden\/\",\"url\":\"https:\/\/legrandcontinent.eu\/fr\/2024\/05\/02\/un-accord-washington-riyad-sans-participation-disrael-constituerait-une-defaite-pour-ladministration-biden\/\",\"name\":\"Un accord Washington-Riyad sans participation d\u2019Isra\u00ebl constituerait une d\u00e9faite pour l\u2019administration Biden | Le Grand Continent\",\"isPartOf\":{\"@id\":\"https:\/\/legrandcontinent.eu\/fr\/#website\"},\"primaryImageOfPage\":{\"@id\":\"https:\/\/legrandcontinent.eu\/fr\/2024\/05\/02\/un-accord-washington-riyad-sans-participation-disrael-constituerait-une-defaite-pour-ladministration-biden\/#primaryimage\"},\"image\":{\"@id\":\"https:\/\/legrandcontinent.eu\/fr\/2024\/05\/02\/un-accord-washington-riyad-sans-participation-disrael-constituerait-une-defaite-pour-ladministration-biden\/#primaryimage\"},\"thumbnailUrl\":\"https:\/\/legrandcontinent.eu\/fr\/wp-content\/uploads\/sites\/2\/2024\/05\/gc-mega-deal-riyad-wash-e1714662207721.png\",\"datePublished\":\"2024-05-02T16:30:00+00:00\",\"author\":{\"@id\":\"https:\/\/legrandcontinent.eu\/fr\/#\/schema\/person\/e4f85f52220fc7b4cc3cfdb86d88e833\"},\"breadcrumb\":{\"@id\":\"https:\/\/legrandcontinent.eu\/fr\/2024\/05\/02\/un-accord-washington-riyad-sans-participation-disrael-constituerait-une-defaite-pour-ladministration-biden\/#breadcrumb\"},\"inLanguage\":\"fr-FR\",\"potentialAction\":[{\"@type\":\"ReadAction\",\"target\":[\"https:\/\/legrandcontinent.eu\/fr\/2024\/05\/02\/un-accord-washington-riyad-sans-participation-disrael-constituerait-une-defaite-pour-ladministration-biden\/\"]}]},{\"@type\":\"ImageObject\",\"inLanguage\":\"fr-FR\",\"@id\":\"https:\/\/legrandcontinent.eu\/fr\/2024\/05\/02\/un-accord-washington-riyad-sans-participation-disrael-constituerait-une-defaite-pour-ladministration-biden\/#primaryimage\",\"url\":\"https:\/\/legrandcontinent.eu\/fr\/wp-content\/uploads\/sites\/2\/2024\/05\/gc-mega-deal-riyad-wash-e1714662207721.png\",\"contentUrl\":\"https:\/\/legrandcontinent.eu\/fr\/wp-content\/uploads\/sites\/2\/2024\/05\/gc-mega-deal-riyad-wash-e1714662207721.png\",\"width\":1453,\"height\":810},{\"@type\":\"BreadcrumbList\",\"@id\":\"https:\/\/legrandcontinent.eu\/fr\/2024\/05\/02\/un-accord-washington-riyad-sans-participation-disrael-constituerait-une-defaite-pour-ladministration-biden\/#breadcrumb\",\"itemListElement\":[{\"@type\":\"ListItem\",\"position\":1,\"name\":\"Accueil\",\"item\":\"https:\/\/legrandcontinent.eu\/fr\/\"},{\"@type\":\"ListItem\",\"position\":2,\"name\":\"Un accord Washington-Riyad sans participation d\u2019Isra\u00ebl constituerait une d\u00e9faite pour l\u2019administration Biden\"}]},{\"@type\":\"WebSite\",\"@id\":\"https:\/\/legrandcontinent.eu\/fr\/#website\",\"url\":\"https:\/\/legrandcontinent.eu\/fr\/\",\"name\":\"Le Grand Continent\",\"description\":\"L&#039;\u00e9chelle pertinente\",\"potentialAction\":[{\"@type\":\"SearchAction\",\"target\":{\"@type\":\"EntryPoint\",\"urlTemplate\":\"https:\/\/legrandcontinent.eu\/fr\/?s={search_term_string}\"},\"query-input\":{\"@type\":\"PropertyValueSpecification\",\"valueRequired\":true,\"valueName\":\"search_term_string\"}}],\"inLanguage\":\"fr-FR\"},{\"@type\":\"Person\",\"@id\":\"https:\/\/legrandcontinent.eu\/fr\/#\/schema\/person\/e4f85f52220fc7b4cc3cfdb86d88e833\",\"name\":\"Marin Saillofest\",\"image\":{\"@type\":\"ImageObject\",\"inLanguage\":\"fr-FR\",\"@id\":\"https:\/\/legrandcontinent.eu\/fr\/#\/schema\/person\/image\/\",\"url\":\"https:\/\/secure.gravatar.com\/avatar\/87088698b4d967390c49ae6d4f1aa459?s=96&d=mm&r=g\",\"contentUrl\":\"https:\/\/secure.gravatar.com\/avatar\/87088698b4d967390c49ae6d4f1aa459?s=96&d=mm&r=g\",\"caption\":\"Marin Saillofest\"}}]}<\/script>\n<!-- \/ Yoast SEO plugin. -->","yoast_head_json":{"title":"Un accord Washington-Riyad sans participation d\u2019Isra\u00ebl constituerait une d\u00e9faite pour l\u2019administration Biden | Le Grand Continent","robots":{"index":"index","follow":"follow","max-snippet":"max-snippet:-1","max-image-preview":"max-image-preview:large","max-video-preview":"max-video-preview:-1"},"canonical":"https:\/\/legrandcontinent.eu\/fr\/2024\/05\/02\/un-accord-washington-riyad-sans-participation-disrael-constituerait-une-defaite-pour-ladministration-biden\/","og_locale":"fr_FR","og_type":"article","og_title":"Un accord Washington-Riyad sans participation d\u2019Isra\u00ebl constituerait une d\u00e9faite pour l\u2019administration Biden | Le Grand Continent","og_description":"Les n\u00e9gociations relatives \u00e0 un accord de d\u00e9fense Riyad-Washington ont progress\u00e9 \u00e0 l\u2019occasion de la visite d\u2019Antony Blinken en Arabie saoudite fin avril. Face au refus de Benjamin Netanyahou de reconna\u00eetre un \u00c9tat palestinien et aux \u00e9checs successifs de la mise en place d\u2019un cessez-le-feu, un accord bilat\u00e9ral excluant de facto Isra\u00ebl mettrait fin, au moins temporairement, aux efforts de l\u2019administration Biden de r\u00e8glement de la question palestinienne.","og_url":"https:\/\/legrandcontinent.eu\/fr\/2024\/05\/02\/un-accord-washington-riyad-sans-participation-disrael-constituerait-une-defaite-pour-ladministration-biden\/","og_site_name":"Le Grand Continent","article_published_time":"2024-05-02T16:30:00+00:00","og_image":[{"width":1453,"height":810,"url":"https:\/\/legrandcontinent.eu\/fr\/wp-content\/uploads\/sites\/2\/2024\/05\/gc-mega-deal-riyad-wash-e1714662207721.png","type":"image\/png"}],"author":"Marin Saillofest","twitter_card":"summary_large_image","twitter_image":"https:\/\/legrandcontinent.eu\/fr\/wp-content\/uploads\/sites\/2\/2024\/05\/gc-mega-deal-riyad-wash-e1714662207721.png","twitter_misc":{"\u00c9crit par":"Marin Saillofest","Dur\u00e9e de lecture estim\u00e9e":"3 minutes"},"schema":{"@context":"https:\/\/schema.org","@graph":[{"@type":"WebPage","@id":"https:\/\/legrandcontinent.eu\/fr\/2024\/05\/02\/un-accord-washington-riyad-sans-participation-disrael-constituerait-une-defaite-pour-ladministration-biden\/","url":"https:\/\/legrandcontinent.eu\/fr\/2024\/05\/02\/un-accord-washington-riyad-sans-participation-disrael-constituerait-une-defaite-pour-ladministration-biden\/","name":"Un accord Washington-Riyad sans participation d\u2019Isra\u00ebl constituerait une d\u00e9faite pour l\u2019administration Biden | Le Grand Continent","isPartOf":{"@id":"https:\/\/legrandcontinent.eu\/fr\/#website"},"primaryImageOfPage":{"@id":"https:\/\/legrandcontinent.eu\/fr\/2024\/05\/02\/un-accord-washington-riyad-sans-participation-disrael-constituerait-une-defaite-pour-ladministration-biden\/#primaryimage"},"image":{"@id":"https:\/\/legrandcontinent.eu\/fr\/2024\/05\/02\/un-accord-washington-riyad-sans-participation-disrael-constituerait-une-defaite-pour-ladministration-biden\/#primaryimage"},"thumbnailUrl":"https:\/\/legrandcontinent.eu\/fr\/wp-content\/uploads\/sites\/2\/2024\/05\/gc-mega-deal-riyad-wash-e1714662207721.png","datePublished":"2024-05-02T16:30:00+00:00","author":{"@id":"https:\/\/legrandcontinent.eu\/fr\/#\/schema\/person\/e4f85f52220fc7b4cc3cfdb86d88e833"},"breadcrumb":{"@id":"https:\/\/legrandcontinent.eu\/fr\/2024\/05\/02\/un-accord-washington-riyad-sans-participation-disrael-constituerait-une-defaite-pour-ladministration-biden\/#breadcrumb"},"inLanguage":"fr-FR","potentialAction":[{"@type":"ReadAction","target":["https:\/\/legrandcontinent.eu\/fr\/2024\/05\/02\/un-accord-washington-riyad-sans-participation-disrael-constituerait-une-defaite-pour-ladministration-biden\/"]}]},{"@type":"ImageObject","inLanguage":"fr-FR","@id":"https:\/\/legrandcontinent.eu\/fr\/2024\/05\/02\/un-accord-washington-riyad-sans-participation-disrael-constituerait-une-defaite-pour-ladministration-biden\/#primaryimage","url":"https:\/\/legrandcontinent.eu\/fr\/wp-content\/uploads\/sites\/2\/2024\/05\/gc-mega-deal-riyad-wash-e1714662207721.png","contentUrl":"https:\/\/legrandcontinent.eu\/fr\/wp-content\/uploads\/sites\/2\/2024\/05\/gc-mega-deal-riyad-wash-e1714662207721.png","width":1453,"height":810},{"@type":"BreadcrumbList","@id":"https:\/\/legrandcontinent.eu\/fr\/2024\/05\/02\/un-accord-washington-riyad-sans-participation-disrael-constituerait-une-defaite-pour-ladministration-biden\/#breadcrumb","itemListElement":[{"@type":"ListItem","position":1,"name":"Accueil","item":"https:\/\/legrandcontinent.eu\/fr\/"},{"@type":"ListItem","position":2,"name":"Un accord Washington-Riyad sans participation d\u2019Isra\u00ebl constituerait une d\u00e9faite pour l\u2019administration Biden"}]},{"@type":"WebSite","@id":"https:\/\/legrandcontinent.eu\/fr\/#website","url":"https:\/\/legrandcontinent.eu\/fr\/","name":"Le Grand Continent","description":"L&#039;\u00e9chelle pertinente","potentialAction":[{"@type":"SearchAction","target":{"@type":"EntryPoint","urlTemplate":"https:\/\/legrandcontinent.eu\/fr\/?s={search_term_string}"},"query-input":{"@type":"PropertyValueSpecification","valueRequired":true,"valueName":"search_term_string"}}],"inLanguage":"fr-FR"},{"@type":"Person","@id":"https:\/\/legrandcontinent.eu\/fr\/#\/schema\/person\/e4f85f52220fc7b4cc3cfdb86d88e833","name":"Marin Saillofest","image":{"@type":"ImageObject","inLanguage":"fr-FR","@id":"https:\/\/legrandcontinent.eu\/fr\/#\/schema\/person\/image\/","url":"https:\/\/secure.gravatar.com\/avatar\/87088698b4d967390c49ae6d4f1aa459?s=96&d=mm&r=g","contentUrl":"https:\/\/secure.gravatar.com\/avatar\/87088698b4d967390c49ae6d4f1aa459?s=96&d=mm&r=g","caption":"Marin Saillofest"}}]}},"lgc_categories":[{"id":3611,"name":"Isra\u00ebl, Hamas&#160;: le 7-Octobre deux ans apr\u00e8s","slug":"la-guerre-de-soukkot"}],"lgc_author":null,"feature_image_summary":{"url":"https:\/\/legrandcontinent.eu\/fr\/wp-content\/uploads\/sites\/2\/2024\/05\/gc-mega-deal-riyad-wash-e1714662207721.png","width":1453,"height":810,"alt":""},"feature_image_cover":null,"term_position_data":null,"_links":{"self":[{"href":"https:\/\/legrandcontinent.eu\/fr\/wp-json\/wp\/v2\/posts\/228241","targetHints":{"allow":["GET"]}}],"collection":[{"href":"https:\/\/legrandcontinent.eu\/fr\/wp-json\/wp\/v2\/posts"}],"about":[{"href":"https:\/\/legrandcontinent.eu\/fr\/wp-json\/wp\/v2\/types\/post"}],"author":[{"embeddable":true,"href":"https:\/\/legrandcontinent.eu\/fr\/wp-json\/wp\/v2\/users\/2622"}],"replies":[{"embeddable":true,"href":"https:\/\/legrandcontinent.eu\/fr\/wp-json\/wp\/v2\/comments?post=228241"}],"version-history":[{"count":0,"href":"https:\/\/legrandcontinent.eu\/fr\/wp-json\/wp\/v2\/posts\/228241\/revisions"}],"wp:featuredmedia":[{"embeddable":true,"href":"https:\/\/legrandcontinent.eu\/fr\/wp-json\/wp\/v2\/media\/228250"}],"wp:attachment":[{"href":"https:\/\/legrandcontinent.eu\/fr\/wp-json\/wp\/v2\/media?parent=228241"}],"wp:term":[{"taxonomy":"category","embeddable":true,"href":"https:\/\/legrandcontinent.eu\/fr\/wp-json\/wp\/v2\/categories?post=228241"},{"taxonomy":"post_tag","embeddable":true,"href":"https:\/\/legrandcontinent.eu\/fr\/wp-json\/wp\/v2\/tags?post=228241"},{"taxonomy":"staff","embeddable":true,"href":"https:\/\/legrandcontinent.eu\/fr\/wp-json\/wp\/v2\/staff?post=228241"},{"taxonomy":"editorial_format","embeddable":true,"href":"https:\/\/legrandcontinent.eu\/fr\/wp-json\/wp\/v2\/editorial_format?post=228241"},{"taxonomy":"serie","embeddable":true,"href":"https:\/\/legrandcontinent.eu\/fr\/wp-json\/wp\/v2\/serie?post=228241"},{"taxonomy":"audience","embeddable":true,"href":"https:\/\/legrandcontinent.eu\/fr\/wp-json\/wp\/v2\/audience?post=228241"},{"taxonomy":"geo","embeddable":true,"href":"https:\/\/legrandcontinent.eu\/fr\/wp-json\/wp\/v2\/geo?post=228241"}],"curies":[{"name":"wp","href":"https:\/\/api.w.org\/{rel}","templated":true}]}}