{"id":226914,"date":"2024-04-19T10:50:00","date_gmt":"2024-04-19T08:50:00","guid":{"rendered":"https:\/\/legrandcontinent.eu\/fr\/?p=226914"},"modified":"2024-04-19T12:15:46","modified_gmt":"2024-04-19T10:15:46","slug":"que-savons-nous-de-la-frappe-israelienne-en-iran","status":"publish","type":"post","link":"https:\/\/legrandcontinent.eu\/fr\/2024\/04\/19\/que-savons-nous-de-la-frappe-israelienne-en-iran\/","title":{"rendered":"Que savons-nous de la frappe isra\u00e9lienne en Iran&#160;?"},"content":{"rendered":"\n<p>Le risque d\u2019une escalade r\u00e9gionale est important, alors que T\u00e9h\u00e9ran avait <a href=\"https:\/\/legrandcontinent.eu\/fr\/2024\/04\/14\/pourquoi-liran-a-attaque-israel-comprendre-la-doctrine-de-la-nouvelle-equation\/\">d\u00e9clar\u00e9<\/a> que si Isra\u00ebl envisageait \u00ab&#160;une quelconque action contre la R\u00e9publique islamique, que ce soit \u00e0 l\u2019int\u00e9rieur du territoire du pays ou \u00e0 l\u2019encontre de centres appartenant \u00e0 l\u2019Iran, en Syrie ou ailleurs, la prochaine riposte sera beaucoup plus importante&#160;\u00bb.<\/p>\n\n\n\n<ul class=\"wp-block-list\">\n<li>Selon l&rsquo;agence de presse iranienne Fars, trois explosions ont \u00e9t\u00e9 entendues pr\u00e8s d&rsquo;une base militaire de l\u2019arm\u00e9e de l\u2019air, dans le nord-ouest d&rsquo;Ispahan, \u00e0 Ghahjaworstan.<\/li>\n<\/ul>\n\n\n\n<ul class=\"wp-block-list\">\n<li>La porte-parole du Centre national iranien du cyberespace, Hossein Dalirian, a d\u00e9clar\u00e9 que la d\u00e9fense a\u00e9rienne avait abattu trois drones. L&rsquo;espace a\u00e9rien au-dessus des r\u00e9gions de l\u2019ouest du pays a \u00e9t\u00e9 ferm\u00e9.<\/li>\n<\/ul>\n\n\n\n<div class=\"iframe-container wp-block-image wp-block-image-medium  iframe-dw\">\n\t<div>\n\t\t<iframe class=\"absolute w-full h-full pin-t pin-l\" title=\"titolo\" aria-label=\"Interactive line chart\" src=\"\/\/datawrapper.dwcdn.net\/N7fpg\/\" scrolling=\"no\" frameborder=\"0\"><\/iframe>\n\t<\/div>\n<\/div>\n\n\n\n<ul class=\"wp-block-list\">\n<li>Le commandant en chef de l&rsquo;arm\u00e9e iranienne a d\u00e9clar\u00e9 que les explosions sont dues aux syst\u00e8mes antia\u00e9riens qui ont tir\u00e9 sur \u00ab&#160;un objet suspect&#160;\u00bb qui n&rsquo;a pas caus\u00e9 de d\u00e9g\u00e2ts.<\/li>\n<\/ul>\n\n\n\n<ul class=\"wp-block-list\">\n<li>Les m\u00e9dias d&rsquo;\u00c9tat affirment qu&rsquo;il s&rsquo;agit de drones isra\u00e9liens et que l&rsquo;attaque a \u00e9chou\u00e9, tandis que les m\u00e9dias isra\u00e9liens titrent que l&rsquo;attaque a \u00e9t\u00e9 men\u00e9e avec des missiles.<\/li>\n<\/ul>\n\n\n\n<ul class=\"wp-block-list\">\n<li>La cible vis\u00e9e n\u2019est pas connue, mais selon Washington elle n\u2019\u00e9tait pas nucl\u00e9aire. L&rsquo;Agence internationale de l&rsquo;\u00e9nergie atomique a \u00e9galement confirm\u00e9 que \u00ab&#160;les sites nucl\u00e9aires iraniens n&rsquo;ont subi aucun dommage&#160;\u00bb&nbsp;<span class='whitespace-nowrap'><span id='easy-footnote-1-226914' class='easy-footnote-margin-adjust'><\/span><span class='easy-footnote'><a href='https:\/\/legrandcontinent.eu\/fr\/2024\/04\/19\/que-savons-nous-de-la-frappe-israelienne-en-iran\/#easy-footnote-bottom-1-226914' title='&lt;a href=&quot;https:\/\/twitter.com\/iaeaorg\/status\/1781196309329793463&quot;&gt;https:\/\/twitter.com\/iaeaorg\/status\/1781196309329793463&lt;\/a&gt;'><sup>1<\/sup><\/a><\/span><\/span>. Fars a cit\u00e9 comme possible cible un radar militaire.<\/li>\n<\/ul>\n\n\n\n<div class=\"iframe-container wp-block-image wp-block-image-medium  iframe-dw\">\n\t<div>\n\t\t<iframe class=\"absolute w-full h-full pin-t pin-l\" title=\"titolo\" aria-label=\"Interactive line chart\" src=\"\/\/datawrapper.dwcdn.net\/oMD70\/ \" scrolling=\"no\" frameborder=\"0\"><\/iframe>\n\t<\/div>\n<\/div>\n\n\n\n<p>L\u2019attaque aurait \u00e9galement vis\u00e9 des sites de d\u00e9fense a\u00e9rienne dans le Sud de la Syrie, selon l&rsquo;Agence de presse syrienne, et aurait caus\u00e9 \u00ab&#160;quelques d\u00e9g\u00e2ts&#160;\u00bb.<\/p>\n\n\n\n<p>Les \u00c9tats-Unis auraient \u00e9t\u00e9 pr\u00e9venus jeudi d&rsquo;une frappe isra\u00e9lienne dans les jours \u00e0 venir, mais n&rsquo;ont pas donn\u00e9 leur feu vert \u00e0 la riposte. Les responsables des pays ayant d\u00e9fendu l&rsquo;Isra\u00ebl lors de l\u2019attaque du 13-14 avril <a href=\"https:\/\/legrandcontinent.eu\/fr\/2024\/04\/15\/le-monde-face-a-lattaque-de-liran-sur-israel-cartographie-des-reactions-carte-exclusive\/\">avaient appel\u00e9 \u00e0 la d\u00e9sescalade<\/a>, l\u2019administration Biden \u00e9tant all\u00e9e jusqu\u2019\u00e0 d\u00e9clarer qu\u2019elle ne soutiendra pas Tel-Aviv dans le cas d\u2019une riposte contre l\u2019Iran.<\/p>\n","protected":false},"excerpt":{"rendered":"<p>Selon les \u00c9tats-Unis, Isra\u00ebl a men\u00e9 une frappe en Iran et dans le sud de la Syrie t\u00f4t vendredi matin en r\u00e9ponse \u00e0 l\u2019attaque iranienne de missiles et drones du 13-14 avril, qui avait vu pour la premi\u00e8re fois T\u00e9h\u00e9ran attaquer Isra\u00ebl depuis son propre territoire. Tel-Aviv n\u2019a pas pour le moment confirm\u00e9 la frappe.<\/p>\n","protected":false},"author":40,"featured_media":226929,"comment_status":"closed","ping_status":"","sticky":false,"template":"templates\/post-briefings.php","format":"standard","meta":{"_acf_changed":true,"_trash_the_other_posts":false,"_yoast_wpseo_estimated-reading-time-minutes":2,"footnotes":""},"categories":[3611],"tags":[],"staff":[],"editorial_format":[],"serie":[],"audience":[],"geo":[],"class_list":["post-226914","post","type-post","status-publish","format-standard","hentry","category-la-guerre-de-soukkot"],"acf":{"open_in_webview":false,"accent":false,"_thumbnail_id":226929,"excerpt":"Selon les \u00c9tats-Unis, Isra\u00ebl a men\u00e9 une frappe en Iran et dans le sud de la Syrie t\u00f4t vendredi matin en r\u00e9ponse \u00e0 l\u2019attaque iranienne de missiles et drones du 13-14 avril, qui avait vu pour la premi\u00e8re fois T\u00e9h\u00e9ran attaquer Isra\u00ebl depuis son propre territoire. Tel-Aviv n\u2019a pas pour le moment confirm\u00e9 la frappe.","display_date":"","new_abstract":true},"yoast_head":"<!-- This site is optimized with the Yoast SEO plugin v26.1.1 - https:\/\/yoast.com\/wordpress\/plugins\/seo\/ -->\n<title>Que savons-nous de la frappe isra\u00e9lienne en Iran ? | Le Grand Continent<\/title>\n<meta name=\"robots\" content=\"index, follow, max-snippet:-1, max-image-preview:large, max-video-preview:-1\" \/>\n<link rel=\"canonical\" href=\"https:\/\/legrandcontinent.eu\/fr\/2024\/04\/19\/que-savons-nous-de-la-frappe-israelienne-en-iran\/\" \/>\n<meta property=\"og:locale\" content=\"fr_FR\" \/>\n<meta property=\"og:type\" content=\"article\" \/>\n<meta property=\"og:title\" content=\"Que savons-nous de la frappe isra\u00e9lienne en Iran ? | Le Grand Continent\" \/>\n<meta property=\"og:description\" content=\"Selon les \u00c9tats-Unis, Isra\u00ebl a men\u00e9 une frappe en Iran et dans le sud de la Syrie t\u00f4t vendredi matin en r\u00e9ponse \u00e0 l\u2019attaque iranienne de missiles et drones du 13-14 avril, qui avait vu pour la premi\u00e8re fois T\u00e9h\u00e9ran attaquer Isra\u00ebl depuis son propre territoire. Tel-Aviv n\u2019a pas pour le moment confirm\u00e9 la frappe.\" \/>\n<meta property=\"og:url\" content=\"https:\/\/legrandcontinent.eu\/fr\/2024\/04\/19\/que-savons-nous-de-la-frappe-israelienne-en-iran\/\" \/>\n<meta property=\"og:site_name\" content=\"Le Grand Continent\" \/>\n<meta property=\"article:published_time\" content=\"2024-04-19T08:50:00+00:00\" \/>\n<meta property=\"article:modified_time\" content=\"2024-04-19T10:15:46+00:00\" \/>\n<meta property=\"og:image\" content=\"https:\/\/legrandcontinent.eu\/fr\/wp-content\/uploads\/sites\/2\/2024\/04\/Capture-decran-2024-04-19-a-12.14.35.png\" \/>\n\t<meta property=\"og:image:width\" content=\"1230\" \/>\n\t<meta property=\"og:image:height\" content=\"1172\" \/>\n\t<meta property=\"og:image:type\" content=\"image\/png\" \/>\n<meta name=\"author\" content=\"Ramona Bloj\" \/>\n<meta name=\"twitter:card\" content=\"summary_large_image\" \/>\n<meta name=\"twitter:label1\" content=\"\u00c9crit par\" \/>\n\t<meta name=\"twitter:data1\" content=\"Ramona Bloj\" \/>\n\t<meta name=\"twitter:label2\" content=\"Dur\u00e9e de lecture estim\u00e9e\" \/>\n\t<meta name=\"twitter:data2\" content=\"2 minutes\" \/>\n<script type=\"application\/ld+json\" class=\"yoast-schema-graph\">{\"@context\":\"https:\/\/schema.org\",\"@graph\":[{\"@type\":\"WebPage\",\"@id\":\"https:\/\/legrandcontinent.eu\/fr\/2024\/04\/19\/que-savons-nous-de-la-frappe-israelienne-en-iran\/\",\"url\":\"https:\/\/legrandcontinent.eu\/fr\/2024\/04\/19\/que-savons-nous-de-la-frappe-israelienne-en-iran\/\",\"name\":\"Que savons-nous de la frappe isra\u00e9lienne en Iran ? | Le Grand Continent\",\"isPartOf\":{\"@id\":\"https:\/\/legrandcontinent.eu\/fr\/#website\"},\"primaryImageOfPage\":{\"@id\":\"https:\/\/legrandcontinent.eu\/fr\/2024\/04\/19\/que-savons-nous-de-la-frappe-israelienne-en-iran\/#primaryimage\"},\"image\":{\"@id\":\"https:\/\/legrandcontinent.eu\/fr\/2024\/04\/19\/que-savons-nous-de-la-frappe-israelienne-en-iran\/#primaryimage\"},\"thumbnailUrl\":\"https:\/\/legrandcontinent.eu\/fr\/wp-content\/uploads\/sites\/2\/2024\/04\/Capture-decran-2024-04-19-a-12.14.35.png\",\"datePublished\":\"2024-04-19T08:50:00+00:00\",\"dateModified\":\"2024-04-19T10:15:46+00:00\",\"author\":{\"@id\":\"https:\/\/legrandcontinent.eu\/fr\/#\/schema\/person\/bee86896b403754f76b6b1515ff0b697\"},\"breadcrumb\":{\"@id\":\"https:\/\/legrandcontinent.eu\/fr\/2024\/04\/19\/que-savons-nous-de-la-frappe-israelienne-en-iran\/#breadcrumb\"},\"inLanguage\":\"fr-FR\",\"potentialAction\":[{\"@type\":\"ReadAction\",\"target\":[\"https:\/\/legrandcontinent.eu\/fr\/2024\/04\/19\/que-savons-nous-de-la-frappe-israelienne-en-iran\/\"]}]},{\"@type\":\"ImageObject\",\"inLanguage\":\"fr-FR\",\"@id\":\"https:\/\/legrandcontinent.eu\/fr\/2024\/04\/19\/que-savons-nous-de-la-frappe-israelienne-en-iran\/#primaryimage\",\"url\":\"https:\/\/legrandcontinent.eu\/fr\/wp-content\/uploads\/sites\/2\/2024\/04\/Capture-decran-2024-04-19-a-12.14.35.png\",\"contentUrl\":\"https:\/\/legrandcontinent.eu\/fr\/wp-content\/uploads\/sites\/2\/2024\/04\/Capture-decran-2024-04-19-a-12.14.35.png\",\"width\":1230,\"height\":1172},{\"@type\":\"BreadcrumbList\",\"@id\":\"https:\/\/legrandcontinent.eu\/fr\/2024\/04\/19\/que-savons-nous-de-la-frappe-israelienne-en-iran\/#breadcrumb\",\"itemListElement\":[{\"@type\":\"ListItem\",\"position\":1,\"name\":\"Accueil\",\"item\":\"https:\/\/legrandcontinent.eu\/fr\/\"},{\"@type\":\"ListItem\",\"position\":2,\"name\":\"Que savons-nous de la frappe isra\u00e9lienne en Iran&#160;?\"}]},{\"@type\":\"WebSite\",\"@id\":\"https:\/\/legrandcontinent.eu\/fr\/#website\",\"url\":\"https:\/\/legrandcontinent.eu\/fr\/\",\"name\":\"Le Grand Continent\",\"description\":\"L&#039;\u00e9chelle pertinente\",\"potentialAction\":[{\"@type\":\"SearchAction\",\"target\":{\"@type\":\"EntryPoint\",\"urlTemplate\":\"https:\/\/legrandcontinent.eu\/fr\/?s={search_term_string}\"},\"query-input\":{\"@type\":\"PropertyValueSpecification\",\"valueRequired\":true,\"valueName\":\"search_term_string\"}}],\"inLanguage\":\"fr-FR\"},{\"@type\":\"Person\",\"@id\":\"https:\/\/legrandcontinent.eu\/fr\/#\/schema\/person\/bee86896b403754f76b6b1515ff0b697\",\"name\":\"Ramona Bloj\",\"image\":{\"@type\":\"ImageObject\",\"inLanguage\":\"fr-FR\",\"@id\":\"https:\/\/legrandcontinent.eu\/fr\/#\/schema\/person\/image\/\",\"url\":\"https:\/\/secure.gravatar.com\/avatar\/c1d91adb7c4c1eed266b81c0f9915707?s=96&d=mm&r=g\",\"contentUrl\":\"https:\/\/secure.gravatar.com\/avatar\/c1d91adb7c4c1eed266b81c0f9915707?s=96&d=mm&r=g\",\"caption\":\"Ramona Bloj\"}}]}<\/script>\n<!-- \/ Yoast SEO plugin. -->","yoast_head_json":{"title":"Que savons-nous de la frappe isra\u00e9lienne en Iran ? | Le Grand Continent","robots":{"index":"index","follow":"follow","max-snippet":"max-snippet:-1","max-image-preview":"max-image-preview:large","max-video-preview":"max-video-preview:-1"},"canonical":"https:\/\/legrandcontinent.eu\/fr\/2024\/04\/19\/que-savons-nous-de-la-frappe-israelienne-en-iran\/","og_locale":"fr_FR","og_type":"article","og_title":"Que savons-nous de la frappe isra\u00e9lienne en Iran ? | Le Grand Continent","og_description":"Selon les \u00c9tats-Unis, Isra\u00ebl a men\u00e9 une frappe en Iran et dans le sud de la Syrie t\u00f4t vendredi matin en r\u00e9ponse \u00e0 l\u2019attaque iranienne de missiles et drones du 13-14 avril, qui avait vu pour la premi\u00e8re fois T\u00e9h\u00e9ran attaquer Isra\u00ebl depuis son propre territoire. Tel-Aviv n\u2019a pas pour le moment confirm\u00e9 la frappe.","og_url":"https:\/\/legrandcontinent.eu\/fr\/2024\/04\/19\/que-savons-nous-de-la-frappe-israelienne-en-iran\/","og_site_name":"Le Grand Continent","article_published_time":"2024-04-19T08:50:00+00:00","article_modified_time":"2024-04-19T10:15:46+00:00","og_image":[{"width":1230,"height":1172,"url":"https:\/\/legrandcontinent.eu\/fr\/wp-content\/uploads\/sites\/2\/2024\/04\/Capture-decran-2024-04-19-a-12.14.35.png","type":"image\/png"}],"author":"Ramona Bloj","twitter_card":"summary_large_image","twitter_misc":{"\u00c9crit par":"Ramona Bloj","Dur\u00e9e de lecture estim\u00e9e":"2 minutes"},"schema":{"@context":"https:\/\/schema.org","@graph":[{"@type":"WebPage","@id":"https:\/\/legrandcontinent.eu\/fr\/2024\/04\/19\/que-savons-nous-de-la-frappe-israelienne-en-iran\/","url":"https:\/\/legrandcontinent.eu\/fr\/2024\/04\/19\/que-savons-nous-de-la-frappe-israelienne-en-iran\/","name":"Que savons-nous de la frappe isra\u00e9lienne en Iran ? | Le Grand Continent","isPartOf":{"@id":"https:\/\/legrandcontinent.eu\/fr\/#website"},"primaryImageOfPage":{"@id":"https:\/\/legrandcontinent.eu\/fr\/2024\/04\/19\/que-savons-nous-de-la-frappe-israelienne-en-iran\/#primaryimage"},"image":{"@id":"https:\/\/legrandcontinent.eu\/fr\/2024\/04\/19\/que-savons-nous-de-la-frappe-israelienne-en-iran\/#primaryimage"},"thumbnailUrl":"https:\/\/legrandcontinent.eu\/fr\/wp-content\/uploads\/sites\/2\/2024\/04\/Capture-decran-2024-04-19-a-12.14.35.png","datePublished":"2024-04-19T08:50:00+00:00","dateModified":"2024-04-19T10:15:46+00:00","author":{"@id":"https:\/\/legrandcontinent.eu\/fr\/#\/schema\/person\/bee86896b403754f76b6b1515ff0b697"},"breadcrumb":{"@id":"https:\/\/legrandcontinent.eu\/fr\/2024\/04\/19\/que-savons-nous-de-la-frappe-israelienne-en-iran\/#breadcrumb"},"inLanguage":"fr-FR","potentialAction":[{"@type":"ReadAction","target":["https:\/\/legrandcontinent.eu\/fr\/2024\/04\/19\/que-savons-nous-de-la-frappe-israelienne-en-iran\/"]}]},{"@type":"ImageObject","inLanguage":"fr-FR","@id":"https:\/\/legrandcontinent.eu\/fr\/2024\/04\/19\/que-savons-nous-de-la-frappe-israelienne-en-iran\/#primaryimage","url":"https:\/\/legrandcontinent.eu\/fr\/wp-content\/uploads\/sites\/2\/2024\/04\/Capture-decran-2024-04-19-a-12.14.35.png","contentUrl":"https:\/\/legrandcontinent.eu\/fr\/wp-content\/uploads\/sites\/2\/2024\/04\/Capture-decran-2024-04-19-a-12.14.35.png","width":1230,"height":1172},{"@type":"BreadcrumbList","@id":"https:\/\/legrandcontinent.eu\/fr\/2024\/04\/19\/que-savons-nous-de-la-frappe-israelienne-en-iran\/#breadcrumb","itemListElement":[{"@type":"ListItem","position":1,"name":"Accueil","item":"https:\/\/legrandcontinent.eu\/fr\/"},{"@type":"ListItem","position":2,"name":"Que savons-nous de la frappe isra\u00e9lienne en Iran&#160;?"}]},{"@type":"WebSite","@id":"https:\/\/legrandcontinent.eu\/fr\/#website","url":"https:\/\/legrandcontinent.eu\/fr\/","name":"Le Grand Continent","description":"L&#039;\u00e9chelle pertinente","potentialAction":[{"@type":"SearchAction","target":{"@type":"EntryPoint","urlTemplate":"https:\/\/legrandcontinent.eu\/fr\/?s={search_term_string}"},"query-input":{"@type":"PropertyValueSpecification","valueRequired":true,"valueName":"search_term_string"}}],"inLanguage":"fr-FR"},{"@type":"Person","@id":"https:\/\/legrandcontinent.eu\/fr\/#\/schema\/person\/bee86896b403754f76b6b1515ff0b697","name":"Ramona Bloj","image":{"@type":"ImageObject","inLanguage":"fr-FR","@id":"https:\/\/legrandcontinent.eu\/fr\/#\/schema\/person\/image\/","url":"https:\/\/secure.gravatar.com\/avatar\/c1d91adb7c4c1eed266b81c0f9915707?s=96&d=mm&r=g","contentUrl":"https:\/\/secure.gravatar.com\/avatar\/c1d91adb7c4c1eed266b81c0f9915707?s=96&d=mm&r=g","caption":"Ramona Bloj"}}]}},"lgc_categories":[{"id":3611,"name":"Isra\u00ebl, Hamas&#160;: le 7-Octobre deux ans apr\u00e8s","slug":"la-guerre-de-soukkot"}],"lgc_author":null,"feature_image_summary":{"url":"https:\/\/legrandcontinent.eu\/fr\/wp-content\/uploads\/sites\/2\/2024\/04\/Capture-decran-2024-04-19-a-12.14.35.png","width":1230,"height":1172,"alt":""},"feature_image_cover":null,"term_position_data":null,"_links":{"self":[{"href":"https:\/\/legrandcontinent.eu\/fr\/wp-json\/wp\/v2\/posts\/226914","targetHints":{"allow":["GET"]}}],"collection":[{"href":"https:\/\/legrandcontinent.eu\/fr\/wp-json\/wp\/v2\/posts"}],"about":[{"href":"https:\/\/legrandcontinent.eu\/fr\/wp-json\/wp\/v2\/types\/post"}],"author":[{"embeddable":true,"href":"https:\/\/legrandcontinent.eu\/fr\/wp-json\/wp\/v2\/users\/40"}],"replies":[{"embeddable":true,"href":"https:\/\/legrandcontinent.eu\/fr\/wp-json\/wp\/v2\/comments?post=226914"}],"version-history":[{"count":0,"href":"https:\/\/legrandcontinent.eu\/fr\/wp-json\/wp\/v2\/posts\/226914\/revisions"}],"wp:featuredmedia":[{"embeddable":true,"href":"https:\/\/legrandcontinent.eu\/fr\/wp-json\/wp\/v2\/media\/226929"}],"wp:attachment":[{"href":"https:\/\/legrandcontinent.eu\/fr\/wp-json\/wp\/v2\/media?parent=226914"}],"wp:term":[{"taxonomy":"category","embeddable":true,"href":"https:\/\/legrandcontinent.eu\/fr\/wp-json\/wp\/v2\/categories?post=226914"},{"taxonomy":"post_tag","embeddable":true,"href":"https:\/\/legrandcontinent.eu\/fr\/wp-json\/wp\/v2\/tags?post=226914"},{"taxonomy":"staff","embeddable":true,"href":"https:\/\/legrandcontinent.eu\/fr\/wp-json\/wp\/v2\/staff?post=226914"},{"taxonomy":"editorial_format","embeddable":true,"href":"https:\/\/legrandcontinent.eu\/fr\/wp-json\/wp\/v2\/editorial_format?post=226914"},{"taxonomy":"serie","embeddable":true,"href":"https:\/\/legrandcontinent.eu\/fr\/wp-json\/wp\/v2\/serie?post=226914"},{"taxonomy":"audience","embeddable":true,"href":"https:\/\/legrandcontinent.eu\/fr\/wp-json\/wp\/v2\/audience?post=226914"},{"taxonomy":"geo","embeddable":true,"href":"https:\/\/legrandcontinent.eu\/fr\/wp-json\/wp\/v2\/geo?post=226914"}],"curies":[{"name":"wp","href":"https:\/\/api.w.org\/{rel}","templated":true}]}}