{"id":225654,"date":"2024-04-11T06:30:00","date_gmt":"2024-04-11T04:30:00","guid":{"rendered":"https:\/\/legrandcontinent.eu\/fr\/?p=225654"},"modified":"2024-04-10T22:21:19","modified_gmt":"2024-04-10T20:21:19","slug":"en-zone-euro-aucune-baisse-des-taux-directeurs-nest-prevue-aujourdhui","status":"publish","type":"post","link":"https:\/\/legrandcontinent.eu\/fr\/2024\/04\/11\/en-zone-euro-aucune-baisse-des-taux-directeurs-nest-prevue-aujourdhui\/","title":{"rendered":"En zone euro, aucune baisse des taux n\u2019est pr\u00e9vue aujourd&rsquo;hui"},"content":{"rendered":"\n<p>Le dilemme de la BCE persiste sur le moment le plus appropri\u00e9 pour commencer \u00e0 baisser ses taux directeurs.<\/p>\n\n\n\n<ul class=\"wp-block-list\">\n<li>Il est certain que les taux vont rester inchang\u00e9s lors de la r\u00e9union d\u2019aujourd\u2019hui.&nbsp;<\/li>\n<\/ul>\n\n\n\n<ul class=\"wp-block-list\">\n<li>Les investisseurs tablent sur une premi\u00e8re baisse en juin, suivie par deux autres baisses avant la fin de l\u2019ann\u00e9e.<\/li>\n<\/ul>\n\n\n\n<p>Plusieurs membres du Conseil des gouverneurs se sont d\u00e9j\u00e0 exprim\u00e9s sur le rythme du prochain assouplissement.<\/p>\n\n\n\n<ul class=\"wp-block-list\">\n<li>Yannis Stournaras, gouverneur de la Banque de Gr\u00e8ce, est le plus favorable \u00e0 deux baisses cons\u00e9cutives en juin et juillet. Edward Scicluna, ministre maltais des Finances et Fran\u00e7ois Villeroy de Galhau, gouverneur de la Banque de France, pr\u00e9f\u00e9reraient une baisse d\u00e8s cette semaine.<\/li>\n<\/ul>\n\n\n\n<ul class=\"wp-block-list\">\n<li>Le pr\u00e9sident de la Banque des Pays-Bas, Klaas Knot, s\u2019est exprim\u00e9 en faveur d\u2019une deuxi\u00e8me baisse en septembre, inform\u00e9e par les derni\u00e8res donn\u00e9es sur l\u2019\u00e9tat de l\u2019\u00e9conomie.<\/li>\n<\/ul>\n\n\n\n<ul class=\"wp-block-list\">\n<li>De m\u00eame pour le pr\u00e9sident de la Bundesbank, Joachim Nagel, qui a indiqu\u00e9 qu\u2019il n\u2019y aurait pas automatiquement et de mani\u00e8re cons\u00e9cutive d\u2019autres baisses de taux suite \u00e0 une premi\u00e8re.<\/li>\n<\/ul>\n\n\n\n<p>Au-del\u00e0 des donn\u00e9es sur l\u2019inflation, l\u2019inflation sous-jacente et les dynamiques salariales qui informeront les d\u00e9cisions de la BCE, les choix de la R\u00e9serve f\u00e9d\u00e9rale am\u00e9ricaine pourraient \u00e9galement influencer les prochains pas des Europ\u00e9ens.<\/p>\n\n\n\n<div class=\"iframe-container wp-block-image wp-block-image-medium  iframe-dw\">\n\t<div>\n\t\t<iframe class=\"absolute w-full h-full pin-t pin-l\" title=\"titolo\" aria-label=\"Interactive line chart\" src=\"\/\/datawrapper.dwcdn.net\/jZMw5\/\" scrolling=\"no\" frameborder=\"0\"><\/iframe>\n\t<\/div>\n<\/div>\n\n\n\n<ul class=\"wp-block-list\">\n<li>Or, l&rsquo;inflation baisse actuellement plus rapidement que pr\u00e9vu en Europe, alors qu&rsquo;elle d\u00e9passe les attentes aux \u00c9tats-Unis&#160;: quatri\u00e8me baisse mensuelle cons\u00e9cutive, l&rsquo;inflation dans la zone euro s\u2019est situ\u00e9e \u00e0 2,4&#160;% en mars, contre 3.5&#160;% aux \u00c9tats-Unis, o\u00f9 elle rebondit.&nbsp;&nbsp;<\/li>\n<\/ul>\n\n\n\n<div class=\"iframe-container wp-block-image wp-block-image-medium  iframe-dw\">\n\t<div>\n\t\t<iframe class=\"absolute w-full h-full pin-t pin-l\" title=\"titolo\" aria-label=\"Interactive line chart\" src=\"\/\/datawrapper.dwcdn.net\/W8xw8\/\" scrolling=\"no\" frameborder=\"0\"><\/iframe>\n\t<\/div>\n<\/div>\n\n\n\n<p>G\u00e9n\u00e9ralement, dans un contexte de fortes attentes, les discours des banques centrales se sont mod\u00e9r\u00e9s ces derniers mois, indiquant un assouplissement sur l\u2019ann\u00e9e moins important qu\u2019esp\u00e9r\u00e9 par les investisseurs. Christine Lagarde&nbsp;<span class='whitespace-nowrap'><span id='easy-footnote-1-225654' class='easy-footnote-margin-adjust'><\/span><span class='easy-footnote'><a href='https:\/\/legrandcontinent.eu\/fr\/2024\/04\/11\/en-zone-euro-aucune-baisse-des-taux-directeurs-nest-prevue-aujourdhui\/#easy-footnote-bottom-1-225654' title='&lt;a href=&quot;https:\/\/www.ecb.europa.eu\/press\/press_conference\/monetary-policy-statement\/2024\/html\/ecb.is240307~314650bd5c.en.html&quot;&gt;Conf\u00e9rence de presse&lt;\/a&gt;, BCE, 7 mars 2024.'><sup>1<\/sup><\/a><\/span><\/span> a insist\u00e9 en mars que la BCE a \u00e0 peine commenc\u00e9 \u00e0 discuter de la baisse des taux et Jerome Powell a d\u00e9clar\u00e9 qu\u2019un assouplissement interviendra \u00ab&#160;\u00e0 un moment ou \u00e0 un autre de l&rsquo;ann\u00e9e&#160;\u00bb&nbsp;<span class='whitespace-nowrap'><span id='easy-footnote-2-225654' class='easy-footnote-margin-adjust'><\/span><span class='easy-footnote'><a href='https:\/\/legrandcontinent.eu\/fr\/2024\/04\/11\/en-zone-euro-aucune-baisse-des-taux-directeurs-nest-prevue-aujourdhui\/#easy-footnote-bottom-2-225654' title='&lt;a href=&quot;https:\/\/www.federalreserve.gov\/mediacenter\/files\/FOMCpresconf20240320.pdf&quot;&gt;Transcript of Chair Powell\u2019s Press Conference&lt;\/a&gt;, 20 mars 2024.'><sup>2<\/sup><\/a><\/span><\/span>.\u00a0\u00a0<\/p>\n\n\n\n<div class=\"iframe-container wp-block-image wp-block-image-medium  iframe-dw\">\n\t<div>\n\t\t<iframe class=\"absolute w-full h-full pin-t pin-l\" title=\"titolo\" aria-label=\"Interactive line chart\" src=\"\/\/datawrapper.dwcdn.net\/8Dke4\/ \" scrolling=\"no\" frameborder=\"0\"><\/iframe>\n\t<\/div>\n<\/div>\n\n\n\n<p>Lors de leurs derni\u00e8res r\u00e9unions en mars, la <a href=\"https:\/\/legrandcontinent.eu\/fr\/2024\/03\/07\/la-bce-maintient-ses-taux-inchanges-a-leur-plus-haut-niveau-historique\/\">BCE<\/a> comme la FED ont d\u00e9cid\u00e9 de maintenir leurs taux inchang\u00e9s, \u00e0 4-4,75&#160;% et 5,25-5,50&#160;% respectivement.<\/p>\n\n\n\n<p>En f\u00e9vrier, la Commission europ\u00e9enne a revu \u00e0 la baisse ses pr\u00e9visions de croissance pour 2024 \u00e0 0,8&#160;% contre 1,2&#160;% pr\u00e9c\u00e9demment. Le gouverneur de la banque du Portugal, M\u00e1rio Centeno, a d\u00e9clar\u00e9 en mars qu\u2019une baisse des taux pourrait pr\u00e9venir une r\u00e9cession&#160;: \u00ab&#160;Pour l&rsquo;instant, nous ne parlons pas de r\u00e9cession dans la zone euro \u2013 la r\u00e9gion stagne en termes \u00e9conomiques depuis pratiquement un an et demi. Il est probable que lorsque la baisse des taux d&rsquo;int\u00e9r\u00eat commencera \u00e0 se mat\u00e9rialiser, ce sera l&rsquo;un des facteurs qui permettra d&rsquo;\u00e9viter une r\u00e9cession&#160;\u00bb&nbsp;<span class='whitespace-nowrap'><span id='easy-footnote-3-225654' class='easy-footnote-margin-adjust'><\/span><span class='easy-footnote'><a href='https:\/\/legrandcontinent.eu\/fr\/2024\/04\/11\/en-zone-euro-aucune-baisse-des-taux-directeurs-nest-prevue-aujourdhui\/#easy-footnote-bottom-3-225654' title='&lt;a href=&quot;https:\/\/www.bnnbloomberg.ca\/ecb-s-centeno-says-cutting-rates-may-help-prevent-a-recession-1.2048407&quot;&gt;ECB\u2019s Centeno Says Cutting Rates May Help Prevent a Recession&lt;\/a&gt;, Bloomberg, 18 mars 2024.'><sup>3<\/sup><\/a><\/span><\/span>.<\/p>\n","protected":false},"excerpt":{"rendered":"<p>Aujourd\u2019hui, jeudi 11 avril, la BCE tient sa r\u00e9union de politique mon\u00e9taire. Si aucun changement n&rsquo;est attendu, les discussions devraient se concentrer sur le rythme des prochaines baisses de taux directeurs. En mars, l\u2019inflation dans la zone euro a enregistr\u00e9 sa quatri\u00e8me baisse mensuelle cons\u00e9cutive.<\/p>\n","protected":false},"author":40,"featured_media":225656,"comment_status":"closed","ping_status":"","sticky":false,"template":"templates\/post-briefings.php","format":"standard","meta":{"_acf_changed":false,"_trash_the_other_posts":false,"_yoast_wpseo_estimated-reading-time-minutes":3,"footnotes":""},"categories":[1727],"tags":[],"staff":[],"editorial_format":[],"serie":[],"audience":[],"geo":[],"class_list":["post-225654","post","type-post","status-publish","format-standard","hentry","category-economie"],"acf":{"open_in_webview":false,"accent":false,"_thumbnail_id":225656,"excerpt":"Aujourd\u2019hui, jeudi 11 avril, la BCE tient sa r\u00e9union de politique mon\u00e9taire. Si aucun changement n'est attendu, les discussions devraient se concentrer sur le rythme des prochaines baisses de taux directeurs. En mars, l\u2019inflation dans la zone euro a enregistr\u00e9 sa quatri\u00e8me baisse mensuelle cons\u00e9cutive.","display_date":"","new_abstract":true},"yoast_head":"<!-- This site is optimized with the Yoast SEO plugin v26.1.1 - https:\/\/yoast.com\/wordpress\/plugins\/seo\/ -->\n<title>En zone euro, aucune baisse des taux n\u2019est pr\u00e9vue aujourd&#039;hui | Le Grand Continent<\/title>\n<meta name=\"robots\" content=\"index, follow, max-snippet:-1, max-image-preview:large, max-video-preview:-1\" \/>\n<link rel=\"canonical\" href=\"https:\/\/legrandcontinent.eu\/fr\/2024\/04\/11\/en-zone-euro-aucune-baisse-des-taux-directeurs-nest-prevue-aujourdhui\/\" \/>\n<meta property=\"og:locale\" content=\"fr_FR\" \/>\n<meta property=\"og:type\" content=\"article\" \/>\n<meta property=\"og:title\" content=\"En zone euro, aucune baisse des taux n\u2019est pr\u00e9vue aujourd&#039;hui | Le Grand Continent\" \/>\n<meta property=\"og:description\" content=\"Aujourd\u2019hui, jeudi 11 avril, la BCE tient sa r\u00e9union de politique mon\u00e9taire. Si aucun changement n&#039;est attendu, les discussions devraient se concentrer sur le rythme des prochaines baisses de taux directeurs. En mars, l\u2019inflation dans la zone euro a enregistr\u00e9 sa quatri\u00e8me baisse mensuelle cons\u00e9cutive.\" \/>\n<meta property=\"og:url\" content=\"https:\/\/legrandcontinent.eu\/fr\/2024\/04\/11\/en-zone-euro-aucune-baisse-des-taux-directeurs-nest-prevue-aujourdhui\/\" \/>\n<meta property=\"og:site_name\" content=\"Le Grand Continent\" \/>\n<meta property=\"article:published_time\" content=\"2024-04-11T04:30:00+00:00\" \/>\n<meta property=\"og:image\" content=\"https:\/\/legrandcontinent.eu\/fr\/wp-content\/uploads\/sites\/2\/2024\/04\/Capture-decran-2024-04-10-a-19.38.35.png\" \/>\n\t<meta property=\"og:image:width\" content=\"1394\" \/>\n\t<meta property=\"og:image:height\" content=\"744\" \/>\n\t<meta property=\"og:image:type\" content=\"image\/png\" \/>\n<meta name=\"author\" content=\"Ramona Bloj\" \/>\n<meta name=\"twitter:card\" content=\"summary_large_image\" \/>\n<meta name=\"twitter:label1\" content=\"\u00c9crit par\" \/>\n\t<meta name=\"twitter:data1\" content=\"Ramona Bloj\" \/>\n\t<meta name=\"twitter:label2\" content=\"Dur\u00e9e de lecture estim\u00e9e\" \/>\n\t<meta name=\"twitter:data2\" content=\"3 minutes\" \/>\n<script type=\"application\/ld+json\" class=\"yoast-schema-graph\">{\"@context\":\"https:\/\/schema.org\",\"@graph\":[{\"@type\":\"WebPage\",\"@id\":\"https:\/\/legrandcontinent.eu\/fr\/2024\/04\/11\/en-zone-euro-aucune-baisse-des-taux-directeurs-nest-prevue-aujourdhui\/\",\"url\":\"https:\/\/legrandcontinent.eu\/fr\/2024\/04\/11\/en-zone-euro-aucune-baisse-des-taux-directeurs-nest-prevue-aujourdhui\/\",\"name\":\"En zone euro, aucune baisse des taux n\u2019est pr\u00e9vue aujourd'hui | Le Grand Continent\",\"isPartOf\":{\"@id\":\"https:\/\/legrandcontinent.eu\/fr\/#website\"},\"primaryImageOfPage\":{\"@id\":\"https:\/\/legrandcontinent.eu\/fr\/2024\/04\/11\/en-zone-euro-aucune-baisse-des-taux-directeurs-nest-prevue-aujourdhui\/#primaryimage\"},\"image\":{\"@id\":\"https:\/\/legrandcontinent.eu\/fr\/2024\/04\/11\/en-zone-euro-aucune-baisse-des-taux-directeurs-nest-prevue-aujourdhui\/#primaryimage\"},\"thumbnailUrl\":\"https:\/\/legrandcontinent.eu\/fr\/wp-content\/uploads\/sites\/2\/2024\/04\/Capture-decran-2024-04-10-a-19.38.35.png\",\"datePublished\":\"2024-04-11T04:30:00+00:00\",\"author\":{\"@id\":\"https:\/\/legrandcontinent.eu\/fr\/#\/schema\/person\/bee86896b403754f76b6b1515ff0b697\"},\"breadcrumb\":{\"@id\":\"https:\/\/legrandcontinent.eu\/fr\/2024\/04\/11\/en-zone-euro-aucune-baisse-des-taux-directeurs-nest-prevue-aujourdhui\/#breadcrumb\"},\"inLanguage\":\"fr-FR\",\"potentialAction\":[{\"@type\":\"ReadAction\",\"target\":[\"https:\/\/legrandcontinent.eu\/fr\/2024\/04\/11\/en-zone-euro-aucune-baisse-des-taux-directeurs-nest-prevue-aujourdhui\/\"]}]},{\"@type\":\"ImageObject\",\"inLanguage\":\"fr-FR\",\"@id\":\"https:\/\/legrandcontinent.eu\/fr\/2024\/04\/11\/en-zone-euro-aucune-baisse-des-taux-directeurs-nest-prevue-aujourdhui\/#primaryimage\",\"url\":\"https:\/\/legrandcontinent.eu\/fr\/wp-content\/uploads\/sites\/2\/2024\/04\/Capture-decran-2024-04-10-a-19.38.35.png\",\"contentUrl\":\"https:\/\/legrandcontinent.eu\/fr\/wp-content\/uploads\/sites\/2\/2024\/04\/Capture-decran-2024-04-10-a-19.38.35.png\",\"width\":1394,\"height\":744},{\"@type\":\"BreadcrumbList\",\"@id\":\"https:\/\/legrandcontinent.eu\/fr\/2024\/04\/11\/en-zone-euro-aucune-baisse-des-taux-directeurs-nest-prevue-aujourdhui\/#breadcrumb\",\"itemListElement\":[{\"@type\":\"ListItem\",\"position\":1,\"name\":\"Accueil\",\"item\":\"https:\/\/legrandcontinent.eu\/fr\/\"},{\"@type\":\"ListItem\",\"position\":2,\"name\":\"En zone euro, aucune baisse des taux n\u2019est pr\u00e9vue aujourd&rsquo;hui\"}]},{\"@type\":\"WebSite\",\"@id\":\"https:\/\/legrandcontinent.eu\/fr\/#website\",\"url\":\"https:\/\/legrandcontinent.eu\/fr\/\",\"name\":\"Le Grand Continent\",\"description\":\"L&#039;\u00e9chelle pertinente\",\"potentialAction\":[{\"@type\":\"SearchAction\",\"target\":{\"@type\":\"EntryPoint\",\"urlTemplate\":\"https:\/\/legrandcontinent.eu\/fr\/?s={search_term_string}\"},\"query-input\":{\"@type\":\"PropertyValueSpecification\",\"valueRequired\":true,\"valueName\":\"search_term_string\"}}],\"inLanguage\":\"fr-FR\"},{\"@type\":\"Person\",\"@id\":\"https:\/\/legrandcontinent.eu\/fr\/#\/schema\/person\/bee86896b403754f76b6b1515ff0b697\",\"name\":\"Ramona Bloj\",\"image\":{\"@type\":\"ImageObject\",\"inLanguage\":\"fr-FR\",\"@id\":\"https:\/\/legrandcontinent.eu\/fr\/#\/schema\/person\/image\/\",\"url\":\"https:\/\/secure.gravatar.com\/avatar\/c1d91adb7c4c1eed266b81c0f9915707?s=96&d=mm&r=g\",\"contentUrl\":\"https:\/\/secure.gravatar.com\/avatar\/c1d91adb7c4c1eed266b81c0f9915707?s=96&d=mm&r=g\",\"caption\":\"Ramona Bloj\"}}]}<\/script>\n<!-- \/ Yoast SEO plugin. -->","yoast_head_json":{"title":"En zone euro, aucune baisse des taux n\u2019est pr\u00e9vue aujourd'hui | Le Grand Continent","robots":{"index":"index","follow":"follow","max-snippet":"max-snippet:-1","max-image-preview":"max-image-preview:large","max-video-preview":"max-video-preview:-1"},"canonical":"https:\/\/legrandcontinent.eu\/fr\/2024\/04\/11\/en-zone-euro-aucune-baisse-des-taux-directeurs-nest-prevue-aujourdhui\/","og_locale":"fr_FR","og_type":"article","og_title":"En zone euro, aucune baisse des taux n\u2019est pr\u00e9vue aujourd'hui | Le Grand Continent","og_description":"Aujourd\u2019hui, jeudi 11 avril, la BCE tient sa r\u00e9union de politique mon\u00e9taire. Si aucun changement n'est attendu, les discussions devraient se concentrer sur le rythme des prochaines baisses de taux directeurs. En mars, l\u2019inflation dans la zone euro a enregistr\u00e9 sa quatri\u00e8me baisse mensuelle cons\u00e9cutive.","og_url":"https:\/\/legrandcontinent.eu\/fr\/2024\/04\/11\/en-zone-euro-aucune-baisse-des-taux-directeurs-nest-prevue-aujourdhui\/","og_site_name":"Le Grand Continent","article_published_time":"2024-04-11T04:30:00+00:00","og_image":[{"width":1394,"height":744,"url":"https:\/\/legrandcontinent.eu\/fr\/wp-content\/uploads\/sites\/2\/2024\/04\/Capture-decran-2024-04-10-a-19.38.35.png","type":"image\/png"}],"author":"Ramona Bloj","twitter_card":"summary_large_image","twitter_misc":{"\u00c9crit par":"Ramona Bloj","Dur\u00e9e de lecture estim\u00e9e":"3 minutes"},"schema":{"@context":"https:\/\/schema.org","@graph":[{"@type":"WebPage","@id":"https:\/\/legrandcontinent.eu\/fr\/2024\/04\/11\/en-zone-euro-aucune-baisse-des-taux-directeurs-nest-prevue-aujourdhui\/","url":"https:\/\/legrandcontinent.eu\/fr\/2024\/04\/11\/en-zone-euro-aucune-baisse-des-taux-directeurs-nest-prevue-aujourdhui\/","name":"En zone euro, aucune baisse des taux n\u2019est pr\u00e9vue aujourd'hui | Le Grand Continent","isPartOf":{"@id":"https:\/\/legrandcontinent.eu\/fr\/#website"},"primaryImageOfPage":{"@id":"https:\/\/legrandcontinent.eu\/fr\/2024\/04\/11\/en-zone-euro-aucune-baisse-des-taux-directeurs-nest-prevue-aujourdhui\/#primaryimage"},"image":{"@id":"https:\/\/legrandcontinent.eu\/fr\/2024\/04\/11\/en-zone-euro-aucune-baisse-des-taux-directeurs-nest-prevue-aujourdhui\/#primaryimage"},"thumbnailUrl":"https:\/\/legrandcontinent.eu\/fr\/wp-content\/uploads\/sites\/2\/2024\/04\/Capture-decran-2024-04-10-a-19.38.35.png","datePublished":"2024-04-11T04:30:00+00:00","author":{"@id":"https:\/\/legrandcontinent.eu\/fr\/#\/schema\/person\/bee86896b403754f76b6b1515ff0b697"},"breadcrumb":{"@id":"https:\/\/legrandcontinent.eu\/fr\/2024\/04\/11\/en-zone-euro-aucune-baisse-des-taux-directeurs-nest-prevue-aujourdhui\/#breadcrumb"},"inLanguage":"fr-FR","potentialAction":[{"@type":"ReadAction","target":["https:\/\/legrandcontinent.eu\/fr\/2024\/04\/11\/en-zone-euro-aucune-baisse-des-taux-directeurs-nest-prevue-aujourdhui\/"]}]},{"@type":"ImageObject","inLanguage":"fr-FR","@id":"https:\/\/legrandcontinent.eu\/fr\/2024\/04\/11\/en-zone-euro-aucune-baisse-des-taux-directeurs-nest-prevue-aujourdhui\/#primaryimage","url":"https:\/\/legrandcontinent.eu\/fr\/wp-content\/uploads\/sites\/2\/2024\/04\/Capture-decran-2024-04-10-a-19.38.35.png","contentUrl":"https:\/\/legrandcontinent.eu\/fr\/wp-content\/uploads\/sites\/2\/2024\/04\/Capture-decran-2024-04-10-a-19.38.35.png","width":1394,"height":744},{"@type":"BreadcrumbList","@id":"https:\/\/legrandcontinent.eu\/fr\/2024\/04\/11\/en-zone-euro-aucune-baisse-des-taux-directeurs-nest-prevue-aujourdhui\/#breadcrumb","itemListElement":[{"@type":"ListItem","position":1,"name":"Accueil","item":"https:\/\/legrandcontinent.eu\/fr\/"},{"@type":"ListItem","position":2,"name":"En zone euro, aucune baisse des taux n\u2019est pr\u00e9vue aujourd&rsquo;hui"}]},{"@type":"WebSite","@id":"https:\/\/legrandcontinent.eu\/fr\/#website","url":"https:\/\/legrandcontinent.eu\/fr\/","name":"Le Grand Continent","description":"L&#039;\u00e9chelle pertinente","potentialAction":[{"@type":"SearchAction","target":{"@type":"EntryPoint","urlTemplate":"https:\/\/legrandcontinent.eu\/fr\/?s={search_term_string}"},"query-input":{"@type":"PropertyValueSpecification","valueRequired":true,"valueName":"search_term_string"}}],"inLanguage":"fr-FR"},{"@type":"Person","@id":"https:\/\/legrandcontinent.eu\/fr\/#\/schema\/person\/bee86896b403754f76b6b1515ff0b697","name":"Ramona Bloj","image":{"@type":"ImageObject","inLanguage":"fr-FR","@id":"https:\/\/legrandcontinent.eu\/fr\/#\/schema\/person\/image\/","url":"https:\/\/secure.gravatar.com\/avatar\/c1d91adb7c4c1eed266b81c0f9915707?s=96&d=mm&r=g","contentUrl":"https:\/\/secure.gravatar.com\/avatar\/c1d91adb7c4c1eed266b81c0f9915707?s=96&d=mm&r=g","caption":"Ramona Bloj"}}]}},"lgc_categories":[{"id":1727,"name":"\u00c9conomie","slug":"economie"}],"lgc_author":null,"feature_image_summary":{"url":"https:\/\/legrandcontinent.eu\/fr\/wp-content\/uploads\/sites\/2\/2024\/04\/Capture-decran-2024-04-10-a-19.38.35.png","width":1394,"height":744,"alt":""},"feature_image_cover":null,"term_position_data":null,"_links":{"self":[{"href":"https:\/\/legrandcontinent.eu\/fr\/wp-json\/wp\/v2\/posts\/225654","targetHints":{"allow":["GET"]}}],"collection":[{"href":"https:\/\/legrandcontinent.eu\/fr\/wp-json\/wp\/v2\/posts"}],"about":[{"href":"https:\/\/legrandcontinent.eu\/fr\/wp-json\/wp\/v2\/types\/post"}],"author":[{"embeddable":true,"href":"https:\/\/legrandcontinent.eu\/fr\/wp-json\/wp\/v2\/users\/40"}],"replies":[{"embeddable":true,"href":"https:\/\/legrandcontinent.eu\/fr\/wp-json\/wp\/v2\/comments?post=225654"}],"version-history":[{"count":0,"href":"https:\/\/legrandcontinent.eu\/fr\/wp-json\/wp\/v2\/posts\/225654\/revisions"}],"wp:featuredmedia":[{"embeddable":true,"href":"https:\/\/legrandcontinent.eu\/fr\/wp-json\/wp\/v2\/media\/225656"}],"wp:attachment":[{"href":"https:\/\/legrandcontinent.eu\/fr\/wp-json\/wp\/v2\/media?parent=225654"}],"wp:term":[{"taxonomy":"category","embeddable":true,"href":"https:\/\/legrandcontinent.eu\/fr\/wp-json\/wp\/v2\/categories?post=225654"},{"taxonomy":"post_tag","embeddable":true,"href":"https:\/\/legrandcontinent.eu\/fr\/wp-json\/wp\/v2\/tags?post=225654"},{"taxonomy":"staff","embeddable":true,"href":"https:\/\/legrandcontinent.eu\/fr\/wp-json\/wp\/v2\/staff?post=225654"},{"taxonomy":"editorial_format","embeddable":true,"href":"https:\/\/legrandcontinent.eu\/fr\/wp-json\/wp\/v2\/editorial_format?post=225654"},{"taxonomy":"serie","embeddable":true,"href":"https:\/\/legrandcontinent.eu\/fr\/wp-json\/wp\/v2\/serie?post=225654"},{"taxonomy":"audience","embeddable":true,"href":"https:\/\/legrandcontinent.eu\/fr\/wp-json\/wp\/v2\/audience?post=225654"},{"taxonomy":"geo","embeddable":true,"href":"https:\/\/legrandcontinent.eu\/fr\/wp-json\/wp\/v2\/geo?post=225654"}],"curies":[{"name":"wp","href":"https:\/\/api.w.org\/{rel}","templated":true}]}}