{"id":218592,"date":"2024-02-15T17:00:00","date_gmt":"2024-02-15T16:00:00","guid":{"rendered":"https:\/\/legrandcontinent.eu\/fr\/?p=218592"},"modified":"2024-02-15T17:23:33","modified_gmt":"2024-02-15T16:23:33","slug":"global-lula-le-president-bresilien-en-visite-en-egypte-et-en-ethiopie","status":"publish","type":"post","link":"https:\/\/legrandcontinent.eu\/fr\/2024\/02\/15\/global-lula-le-president-bresilien-en-visite-en-egypte-et-en-ethiopie\/","title":{"rendered":"<em>Global Lula<\/em>&#160;: le pr\u00e9sident br\u00e9silien en visite en \u00c9gypte et en \u00c9thiopie"},"content":{"rendered":"\n<p>L\u2019\u00c9gypte et l\u2019\u00c9thiopie, o\u00f9 Lula est en visite cette semaine, sont deux des cinq nouveaux membres des BRICS officiellement entr\u00e9s dans l\u2019organisation le 1er janvier. Il s\u2019agit du deuxi\u00e8me voyage de Lula en Afrique depuis le d\u00e9but de son mandat.<\/p>\n\n\n\n<div class=\"iframe-container wp-block-image wp-block-image-medium  iframe-dw\">\n\t<div>\n\t\t<iframe class=\"absolute w-full h-full pin-t pin-l\" title=\"titolo\" aria-label=\"Interactive line chart\" src=\"\/\/datawrapper.dwcdn.net\/jzG2c\/\" scrolling=\"no\" frameborder=\"0\"><\/iframe>\n\t<\/div>\n<\/div>\n\n\n\n<p>L\u2019\u00c9gypte est le deuxi\u00e8me partenaire commercial du Br\u00e9sil en Afrique (2,86 milliards de dollars d\u2019\u00e9changes en 2023), derri\u00e8re l\u2019Alg\u00e9rie (4,29 milliards).<\/p>\n\n\n\n<ul class=\"wp-block-list\">\n<li>La balance commerciale entre les deux pays est cependant d\u00e9s\u00e9quilibr\u00e9e en faveur du Br\u00e9sil, Caire accusant un d\u00e9ficit commercial de 1,77 milliards de dollars vis-\u00e0-vis du Br\u00e9sil.<\/li>\n\n\n\n<li>L\u2019\u00c9gypte avait suspendu en octobre une taxe douani\u00e8re de 30&#160;% sur le poulet br\u00e9siliens, qui repr\u00e9sente 90&#160;% de ses importations&nbsp;<span class='whitespace-nowrap'><span id='easy-footnote-1-218592' class='easy-footnote-margin-adjust'><\/span><span class='easy-footnote'><a href='https:\/\/legrandcontinent.eu\/fr\/2024\/02\/15\/global-lula-le-president-bresilien-en-visite-en-egypte-et-en-ethiopie\/#easy-footnote-bottom-1-218592' title='Reuters, \u00ab&amp;#160;&lt;a href=&quot;https:\/\/www.reuters.com\/article\/idUSL1N3BJ2H7\/&quot;&gt;Egypt&amp;rsquo;s tariff exemption to favor Brazilian chicken&amp;#160;: industry group&lt;\/a&gt;&amp;#160;\u00bb, 13 October 2023.'><sup>1<\/sup><\/a><\/span><\/span>.\u00a0<\/li>\n\n\n\n<li>La facilitation des importations de b\u0153uf br\u00e9silien serait \u00e9galement en passe d\u2019\u00eatre approuv\u00e9e par le gouvernement \u00e9gyptien. 2024 marque d\u2019ailleurs le centenaire des relations diplomatiques entre les deux pays.<\/li>\n<\/ul>\n\n\n\n<div class=\"iframe-container wp-block-image wp-block-image-medium  iframe-dw\">\n\t<div>\n\t\t<iframe class=\"absolute w-full h-full pin-t pin-l\" title=\"titolo\" aria-label=\"Interactive line chart\" src=\"\/\/datawrapper.dwcdn.net\/u78Oz\/ \" scrolling=\"no\" frameborder=\"0\"><\/iframe>\n\t<\/div>\n<\/div>\n\n\n\n<p>Dans le contexte de la guerre \u00e0 Gaza, l\u2019\u00c9gypte a \u00e9t\u00e9 un interlocuteur majeur du Br\u00e9sil pour le rapatriement de ses citoyens, qui ont pu \u00e9vacuer en novembre par le point de passage de Rafah&nbsp;<span class='whitespace-nowrap'><span id='easy-footnote-2-218592' class='easy-footnote-margin-adjust'><\/span><span class='easy-footnote'><a href='https:\/\/legrandcontinent.eu\/fr\/2024\/02\/15\/global-lula-le-president-bresilien-en-visite-en-egypte-et-en-ethiopie\/#easy-footnote-bottom-2-218592' title='Reuters, \u00ab&amp;#160;&lt;a href=&quot;https:\/\/www.reuters.com\/world\/brazils-lula-welcomes-citizens-rescued-gaza-condemns-inhumane-violence-2023-11-14\/&quot;&gt;Brazil&amp;rsquo;s Lula welcomes citizens rescued from Gaza, condemns &amp;lsquo;inhumane violence&amp;rsquo;&lt;\/a&gt;&amp;#160;\u00bb, 14 November 2023.'><sup>2<\/sup><\/a><\/span><\/span>.<\/p>\n\n\n\n<ul class=\"wp-block-list\">\n<li>Signe de la centralit\u00e9 du pays dans le contexte du conflit Isra\u00ebl-Hamas, mercredi 14 f\u00e9vrier, Al-Sissi a \u00e9galement re\u00e7u Erdo\u011fan. Il s\u2019agit de la premi\u00e8re visite du pr\u00e9sident turc en \u00c9gypte depuis 2012. Les relations entre les deux pays avait \u00e9t\u00e9 rompues \u00e0 la suite du coup d\u2019\u00c9tat d\u2019Al-Sissi contre Mohammed Morsi, issu des Fr\u00e8res Musulmans et alli\u00e9 d\u2019Erdo\u011fan.<\/li>\n<\/ul>\n\n\n\n<p>Lula se rendra du 16 au 18 f\u00e9vrier en \u00c9thiopie, o\u00f9 il assistera au sommet de l\u2019Union africaine, officiellement membre du G20, dont le Br\u00e9sil d\u00e9tient la pr\u00e9sidence tournante jusqu\u2019en septembre. Le prochain sommet du G20 devrait avoir lieu en juillet \u00e0 Rio de Janeiro.<\/p>\n","protected":false},"excerpt":{"rendered":"<p>Lula a achev\u00e9 aujourd&rsquo;hui, jeudi 15 f\u00e9vrier, une visite officielle de deux jours en \u00c9gypte, avant de se rendre demain en \u00c9thiopie o\u00f9 il participera au sommet de l\u2019Union africaine. Visite \u00e0 ses nouveaux partenaires des BRICS, pr\u00e9sidence du G20 en 2024, Lula continue de jouer une partition destin\u00e9e \u00e0 redonner au Br\u00e9sil son rang mondial.<\/p>\n","protected":false},"author":6617,"featured_media":218593,"comment_status":"closed","ping_status":"closed","sticky":false,"template":"templates\/post-briefings.php","format":"standard","meta":{"_acf_changed":false,"_trash_the_other_posts":false,"_yoast_wpseo_estimated-reading-time-minutes":2,"footnotes":""},"categories":[3585],"tags":[],"staff":[],"editorial_format":[],"serie":[],"audience":[],"geo":[2163],"class_list":["post-218592","post","type-post","status-publish","format-standard","hentry","category-suds","geo-monde"],"acf":{"open_in_webview":false,"accent":false,"_thumbnail_id":218593,"excerpt":"Lula a achev\u00e9 aujourd'hui, jeudi 15 f\u00e9vrier, une visite officielle de deux jours en \u00c9gypte, avant de se rendre demain en \u00c9thiopie o\u00f9 il participera au sommet de l\u2019Union africaine. Visite \u00e0 ses nouveaux partenaires des BRICS, pr\u00e9sidence du G20 en 2024, Lula continue de jouer une partition destin\u00e9e \u00e0 redonner au Br\u00e9sil son rang mondial.","display_date":"","new_abstract":true},"yoast_head":"<!-- This site is optimized with the Yoast SEO plugin v26.1.1 - https:\/\/yoast.com\/wordpress\/plugins\/seo\/ -->\n<title>Global Lula : le pr\u00e9sident br\u00e9silien en visite en \u00c9gypte et en \u00c9thiopie | Le Grand Continent<\/title>\n<meta name=\"robots\" content=\"index, follow, max-snippet:-1, max-image-preview:large, max-video-preview:-1\" \/>\n<link rel=\"canonical\" href=\"https:\/\/legrandcontinent.eu\/fr\/2024\/02\/15\/global-lula-le-president-bresilien-en-visite-en-egypte-et-en-ethiopie\/\" \/>\n<meta property=\"og:locale\" content=\"fr_FR\" \/>\n<meta property=\"og:type\" content=\"article\" \/>\n<meta property=\"og:title\" content=\"Global Lula : le pr\u00e9sident br\u00e9silien en visite en \u00c9gypte et en \u00c9thiopie | Le Grand Continent\" \/>\n<meta property=\"og:description\" content=\"Lula a achev\u00e9 aujourd&#039;hui, jeudi 15 f\u00e9vrier, une visite officielle de deux jours en \u00c9gypte, avant de se rendre demain en \u00c9thiopie o\u00f9 il participera au sommet de l\u2019Union africaine. Visite \u00e0 ses nouveaux partenaires des BRICS, pr\u00e9sidence du G20 en 2024, Lula continue de jouer une partition destin\u00e9e \u00e0 redonner au Br\u00e9sil son rang mondial.\" \/>\n<meta property=\"og:url\" content=\"https:\/\/legrandcontinent.eu\/fr\/2024\/02\/15\/global-lula-le-president-bresilien-en-visite-en-egypte-et-en-ethiopie\/\" \/>\n<meta property=\"og:site_name\" content=\"Le Grand Continent\" \/>\n<meta property=\"article:published_time\" content=\"2024-02-15T16:00:00+00:00\" \/>\n<meta property=\"article:modified_time\" content=\"2024-02-15T16:23:33+00:00\" \/>\n<meta property=\"og:image\" content=\"https:\/\/legrandcontinent.eu\/fr\/wp-content\/uploads\/sites\/2\/2024\/02\/gc-share-commerce-bresil-egypte.png\" \/>\n\t<meta property=\"og:image:width\" content=\"1458\" \/>\n\t<meta property=\"og:image:height\" content=\"952\" \/>\n\t<meta property=\"og:image:type\" content=\"image\/png\" \/>\n<meta name=\"author\" content=\"elenam\" \/>\n<meta name=\"twitter:card\" content=\"summary_large_image\" \/>\n<meta name=\"twitter:label1\" content=\"\u00c9crit par\" \/>\n\t<meta name=\"twitter:data1\" content=\"elenam\" \/>\n\t<meta name=\"twitter:label2\" content=\"Dur\u00e9e de lecture estim\u00e9e\" \/>\n\t<meta name=\"twitter:data2\" content=\"2 minutes\" \/>\n<script type=\"application\/ld+json\" class=\"yoast-schema-graph\">{\"@context\":\"https:\/\/schema.org\",\"@graph\":[{\"@type\":\"WebPage\",\"@id\":\"https:\/\/legrandcontinent.eu\/fr\/2024\/02\/15\/global-lula-le-president-bresilien-en-visite-en-egypte-et-en-ethiopie\/\",\"url\":\"https:\/\/legrandcontinent.eu\/fr\/2024\/02\/15\/global-lula-le-president-bresilien-en-visite-en-egypte-et-en-ethiopie\/\",\"name\":\"Global Lula : le pr\u00e9sident br\u00e9silien en visite en \u00c9gypte et en \u00c9thiopie | Le Grand Continent\",\"isPartOf\":{\"@id\":\"https:\/\/legrandcontinent.eu\/fr\/#website\"},\"primaryImageOfPage\":{\"@id\":\"https:\/\/legrandcontinent.eu\/fr\/2024\/02\/15\/global-lula-le-president-bresilien-en-visite-en-egypte-et-en-ethiopie\/#primaryimage\"},\"image\":{\"@id\":\"https:\/\/legrandcontinent.eu\/fr\/2024\/02\/15\/global-lula-le-president-bresilien-en-visite-en-egypte-et-en-ethiopie\/#primaryimage\"},\"thumbnailUrl\":\"https:\/\/legrandcontinent.eu\/fr\/wp-content\/uploads\/sites\/2\/2024\/02\/gc-share-commerce-bresil-egypte.png\",\"datePublished\":\"2024-02-15T16:00:00+00:00\",\"dateModified\":\"2024-02-15T16:23:33+00:00\",\"author\":{\"@id\":\"https:\/\/legrandcontinent.eu\/fr\/#\/schema\/person\/4321684816ae1d7e501f1fe2d98dbf48\"},\"breadcrumb\":{\"@id\":\"https:\/\/legrandcontinent.eu\/fr\/2024\/02\/15\/global-lula-le-president-bresilien-en-visite-en-egypte-et-en-ethiopie\/#breadcrumb\"},\"inLanguage\":\"fr-FR\",\"potentialAction\":[{\"@type\":\"ReadAction\",\"target\":[\"https:\/\/legrandcontinent.eu\/fr\/2024\/02\/15\/global-lula-le-president-bresilien-en-visite-en-egypte-et-en-ethiopie\/\"]}]},{\"@type\":\"ImageObject\",\"inLanguage\":\"fr-FR\",\"@id\":\"https:\/\/legrandcontinent.eu\/fr\/2024\/02\/15\/global-lula-le-president-bresilien-en-visite-en-egypte-et-en-ethiopie\/#primaryimage\",\"url\":\"https:\/\/legrandcontinent.eu\/fr\/wp-content\/uploads\/sites\/2\/2024\/02\/gc-share-commerce-bresil-egypte.png\",\"contentUrl\":\"https:\/\/legrandcontinent.eu\/fr\/wp-content\/uploads\/sites\/2\/2024\/02\/gc-share-commerce-bresil-egypte.png\",\"width\":1458,\"height\":952},{\"@type\":\"BreadcrumbList\",\"@id\":\"https:\/\/legrandcontinent.eu\/fr\/2024\/02\/15\/global-lula-le-president-bresilien-en-visite-en-egypte-et-en-ethiopie\/#breadcrumb\",\"itemListElement\":[{\"@type\":\"ListItem\",\"position\":1,\"name\":\"Accueil\",\"item\":\"https:\/\/legrandcontinent.eu\/fr\/\"},{\"@type\":\"ListItem\",\"position\":2,\"name\":\"Global Lula&#160;: le pr\u00e9sident br\u00e9silien en visite en \u00c9gypte et en \u00c9thiopie\"}]},{\"@type\":\"WebSite\",\"@id\":\"https:\/\/legrandcontinent.eu\/fr\/#website\",\"url\":\"https:\/\/legrandcontinent.eu\/fr\/\",\"name\":\"Le Grand Continent\",\"description\":\"L&#039;\u00e9chelle pertinente\",\"potentialAction\":[{\"@type\":\"SearchAction\",\"target\":{\"@type\":\"EntryPoint\",\"urlTemplate\":\"https:\/\/legrandcontinent.eu\/fr\/?s={search_term_string}\"},\"query-input\":{\"@type\":\"PropertyValueSpecification\",\"valueRequired\":true,\"valueName\":\"search_term_string\"}}],\"inLanguage\":\"fr-FR\"},{\"@type\":\"Person\",\"@id\":\"https:\/\/legrandcontinent.eu\/fr\/#\/schema\/person\/4321684816ae1d7e501f1fe2d98dbf48\",\"name\":\"elenam\",\"image\":{\"@type\":\"ImageObject\",\"inLanguage\":\"fr-FR\",\"@id\":\"https:\/\/legrandcontinent.eu\/fr\/#\/schema\/person\/image\/\",\"url\":\"https:\/\/secure.gravatar.com\/avatar\/bac1ca1e34271700e00edbab2385d1dc?s=96&d=mm&r=g\",\"contentUrl\":\"https:\/\/secure.gravatar.com\/avatar\/bac1ca1e34271700e00edbab2385d1dc?s=96&d=mm&r=g\",\"caption\":\"elenam\"}}]}<\/script>\n<!-- \/ Yoast SEO plugin. -->","yoast_head_json":{"title":"Global Lula : le pr\u00e9sident br\u00e9silien en visite en \u00c9gypte et en \u00c9thiopie | Le Grand Continent","robots":{"index":"index","follow":"follow","max-snippet":"max-snippet:-1","max-image-preview":"max-image-preview:large","max-video-preview":"max-video-preview:-1"},"canonical":"https:\/\/legrandcontinent.eu\/fr\/2024\/02\/15\/global-lula-le-president-bresilien-en-visite-en-egypte-et-en-ethiopie\/","og_locale":"fr_FR","og_type":"article","og_title":"Global Lula : le pr\u00e9sident br\u00e9silien en visite en \u00c9gypte et en \u00c9thiopie | Le Grand Continent","og_description":"Lula a achev\u00e9 aujourd'hui, jeudi 15 f\u00e9vrier, une visite officielle de deux jours en \u00c9gypte, avant de se rendre demain en \u00c9thiopie o\u00f9 il participera au sommet de l\u2019Union africaine. Visite \u00e0 ses nouveaux partenaires des BRICS, pr\u00e9sidence du G20 en 2024, Lula continue de jouer une partition destin\u00e9e \u00e0 redonner au Br\u00e9sil son rang mondial.","og_url":"https:\/\/legrandcontinent.eu\/fr\/2024\/02\/15\/global-lula-le-president-bresilien-en-visite-en-egypte-et-en-ethiopie\/","og_site_name":"Le Grand Continent","article_published_time":"2024-02-15T16:00:00+00:00","article_modified_time":"2024-02-15T16:23:33+00:00","og_image":[{"width":1458,"height":952,"url":"https:\/\/legrandcontinent.eu\/fr\/wp-content\/uploads\/sites\/2\/2024\/02\/gc-share-commerce-bresil-egypte.png","type":"image\/png"}],"author":"elenam","twitter_card":"summary_large_image","twitter_misc":{"\u00c9crit par":"elenam","Dur\u00e9e de lecture estim\u00e9e":"2 minutes"},"schema":{"@context":"https:\/\/schema.org","@graph":[{"@type":"WebPage","@id":"https:\/\/legrandcontinent.eu\/fr\/2024\/02\/15\/global-lula-le-president-bresilien-en-visite-en-egypte-et-en-ethiopie\/","url":"https:\/\/legrandcontinent.eu\/fr\/2024\/02\/15\/global-lula-le-president-bresilien-en-visite-en-egypte-et-en-ethiopie\/","name":"Global Lula : le pr\u00e9sident br\u00e9silien en visite en \u00c9gypte et en \u00c9thiopie | Le Grand Continent","isPartOf":{"@id":"https:\/\/legrandcontinent.eu\/fr\/#website"},"primaryImageOfPage":{"@id":"https:\/\/legrandcontinent.eu\/fr\/2024\/02\/15\/global-lula-le-president-bresilien-en-visite-en-egypte-et-en-ethiopie\/#primaryimage"},"image":{"@id":"https:\/\/legrandcontinent.eu\/fr\/2024\/02\/15\/global-lula-le-president-bresilien-en-visite-en-egypte-et-en-ethiopie\/#primaryimage"},"thumbnailUrl":"https:\/\/legrandcontinent.eu\/fr\/wp-content\/uploads\/sites\/2\/2024\/02\/gc-share-commerce-bresil-egypte.png","datePublished":"2024-02-15T16:00:00+00:00","dateModified":"2024-02-15T16:23:33+00:00","author":{"@id":"https:\/\/legrandcontinent.eu\/fr\/#\/schema\/person\/4321684816ae1d7e501f1fe2d98dbf48"},"breadcrumb":{"@id":"https:\/\/legrandcontinent.eu\/fr\/2024\/02\/15\/global-lula-le-president-bresilien-en-visite-en-egypte-et-en-ethiopie\/#breadcrumb"},"inLanguage":"fr-FR","potentialAction":[{"@type":"ReadAction","target":["https:\/\/legrandcontinent.eu\/fr\/2024\/02\/15\/global-lula-le-president-bresilien-en-visite-en-egypte-et-en-ethiopie\/"]}]},{"@type":"ImageObject","inLanguage":"fr-FR","@id":"https:\/\/legrandcontinent.eu\/fr\/2024\/02\/15\/global-lula-le-president-bresilien-en-visite-en-egypte-et-en-ethiopie\/#primaryimage","url":"https:\/\/legrandcontinent.eu\/fr\/wp-content\/uploads\/sites\/2\/2024\/02\/gc-share-commerce-bresil-egypte.png","contentUrl":"https:\/\/legrandcontinent.eu\/fr\/wp-content\/uploads\/sites\/2\/2024\/02\/gc-share-commerce-bresil-egypte.png","width":1458,"height":952},{"@type":"BreadcrumbList","@id":"https:\/\/legrandcontinent.eu\/fr\/2024\/02\/15\/global-lula-le-president-bresilien-en-visite-en-egypte-et-en-ethiopie\/#breadcrumb","itemListElement":[{"@type":"ListItem","position":1,"name":"Accueil","item":"https:\/\/legrandcontinent.eu\/fr\/"},{"@type":"ListItem","position":2,"name":"Global Lula&#160;: le pr\u00e9sident br\u00e9silien en visite en \u00c9gypte et en \u00c9thiopie"}]},{"@type":"WebSite","@id":"https:\/\/legrandcontinent.eu\/fr\/#website","url":"https:\/\/legrandcontinent.eu\/fr\/","name":"Le Grand Continent","description":"L&#039;\u00e9chelle pertinente","potentialAction":[{"@type":"SearchAction","target":{"@type":"EntryPoint","urlTemplate":"https:\/\/legrandcontinent.eu\/fr\/?s={search_term_string}"},"query-input":{"@type":"PropertyValueSpecification","valueRequired":true,"valueName":"search_term_string"}}],"inLanguage":"fr-FR"},{"@type":"Person","@id":"https:\/\/legrandcontinent.eu\/fr\/#\/schema\/person\/4321684816ae1d7e501f1fe2d98dbf48","name":"elenam","image":{"@type":"ImageObject","inLanguage":"fr-FR","@id":"https:\/\/legrandcontinent.eu\/fr\/#\/schema\/person\/image\/","url":"https:\/\/secure.gravatar.com\/avatar\/bac1ca1e34271700e00edbab2385d1dc?s=96&d=mm&r=g","contentUrl":"https:\/\/secure.gravatar.com\/avatar\/bac1ca1e34271700e00edbab2385d1dc?s=96&d=mm&r=g","caption":"elenam"}}]}},"lgc_categories":[{"id":3585,"name":"Suds","slug":"suds"}],"lgc_author":null,"feature_image_summary":{"url":"https:\/\/legrandcontinent.eu\/fr\/wp-content\/uploads\/sites\/2\/2024\/02\/gc-share-commerce-bresil-egypte.png","width":1458,"height":952,"alt":""},"feature_image_cover":null,"term_position_data":null,"_links":{"self":[{"href":"https:\/\/legrandcontinent.eu\/fr\/wp-json\/wp\/v2\/posts\/218592","targetHints":{"allow":["GET"]}}],"collection":[{"href":"https:\/\/legrandcontinent.eu\/fr\/wp-json\/wp\/v2\/posts"}],"about":[{"href":"https:\/\/legrandcontinent.eu\/fr\/wp-json\/wp\/v2\/types\/post"}],"author":[{"embeddable":true,"href":"https:\/\/legrandcontinent.eu\/fr\/wp-json\/wp\/v2\/users\/6617"}],"replies":[{"embeddable":true,"href":"https:\/\/legrandcontinent.eu\/fr\/wp-json\/wp\/v2\/comments?post=218592"}],"version-history":[{"count":0,"href":"https:\/\/legrandcontinent.eu\/fr\/wp-json\/wp\/v2\/posts\/218592\/revisions"}],"wp:featuredmedia":[{"embeddable":true,"href":"https:\/\/legrandcontinent.eu\/fr\/wp-json\/wp\/v2\/media\/218593"}],"wp:attachment":[{"href":"https:\/\/legrandcontinent.eu\/fr\/wp-json\/wp\/v2\/media?parent=218592"}],"wp:term":[{"taxonomy":"category","embeddable":true,"href":"https:\/\/legrandcontinent.eu\/fr\/wp-json\/wp\/v2\/categories?post=218592"},{"taxonomy":"post_tag","embeddable":true,"href":"https:\/\/legrandcontinent.eu\/fr\/wp-json\/wp\/v2\/tags?post=218592"},{"taxonomy":"staff","embeddable":true,"href":"https:\/\/legrandcontinent.eu\/fr\/wp-json\/wp\/v2\/staff?post=218592"},{"taxonomy":"editorial_format","embeddable":true,"href":"https:\/\/legrandcontinent.eu\/fr\/wp-json\/wp\/v2\/editorial_format?post=218592"},{"taxonomy":"serie","embeddable":true,"href":"https:\/\/legrandcontinent.eu\/fr\/wp-json\/wp\/v2\/serie?post=218592"},{"taxonomy":"audience","embeddable":true,"href":"https:\/\/legrandcontinent.eu\/fr\/wp-json\/wp\/v2\/audience?post=218592"},{"taxonomy":"geo","embeddable":true,"href":"https:\/\/legrandcontinent.eu\/fr\/wp-json\/wp\/v2\/geo?post=218592"}],"curies":[{"name":"wp","href":"https:\/\/api.w.org\/{rel}","templated":true}]}}