{"id":208965,"date":"2023-11-17T15:13:43","date_gmt":"2023-11-17T14:13:43","guid":{"rendered":"https:\/\/legrandcontinent.eu\/fr\/?p=208965"},"modified":"2023-11-17T15:13:45","modified_gmt":"2023-11-17T14:13:45","slug":"qui-appelle-a-un-cessez-le-feu-a-gaza-carte-inedite","status":"publish","type":"post","link":"https:\/\/legrandcontinent.eu\/fr\/2023\/11\/17\/qui-appelle-a-un-cessez-le-feu-a-gaza-carte-inedite\/","title":{"rendered":"Qui appelle \u00e0 un cessez-le-feu \u00e0 Gaza&#160;? Carte in\u00e9dite"},"content":{"rendered":"\n<p>Afin de prolonger notre <a href=\"https:\/\/legrandcontinent.eu\/fr\/2023\/10\/07\/israel-et-la-guerre-du-soukkot-geopolitique-des-reactions-a-lattaque-du-hamas-du-7-octobre-carte-exclusive-mise-a-jour-15h30-x-x-x-x-x\/\">effort de cartographie<\/a> des r\u00e9actions internationales \u00e0 la <a href=\"https:\/\/legrandcontinent.eu\/fr\/themes\/guerre\/la-guerre-de-soukkot\/\">guerre de Soukkot<\/a>, cette nouvelle carte montre quels pays ont appel\u00e9 \u00e0 la mise en place d\u2019un cessez-le-feu \u00e0 Gaza depuis le 7 octobre.<\/p>\n\n\n\n<p>La m\u00e9thodologie appliqu\u00e9e est la suivante&#160;:&nbsp;<\/p>\n\n\n\n<ul class=\"wp-block-list\">\n<li>Seuls sont pris en compte ici les pays ayant clairement appel\u00e9 \u00e0 un cessez-le-feu ou \u00e0 une fin des combats durable dans la bande de Gaza.<\/li>\n\n\n\n<li>Les pays ayant d\u00e9clar\u00e9 \u00eatre en faveur de \u00ab&#160;pause humanitaire&#160;\u00bb, \u00ab&#160;d&rsquo;arr\u00eat temporaire des combats&#160;\u00bb, de la mise en place d\u2019un \u00ab&#160;corridor humanitaire&#160;\u00bb, etc. ne sont pas repr\u00e9sent\u00e9s.<\/li>\n\n\n\n<li>Consid\u00e9rant les controverses autour des votes lors de r\u00e9solutions aux Nations unies (Assembl\u00e9e g\u00e9n\u00e9rale et Conseil de s\u00e9curit\u00e9), ces derniers ne sont pas pris en compte ici comme traduisant la position officielle d\u2019un pays.<\/li>\n\n\n\n<li>Les pays membres d\u2019organisations internationales ayant clairement appel\u00e9 \u00e0 un cessez-le-feu suite \u00e0 un sommet ou \u00e0 travers un communiqu\u00e9 (Ligue arabe, Organisation de la Coop\u00e9ration Islamique, ASEAN, Communaut\u00e9 carib\u00e9enne) sont consid\u00e9r\u00e9s ici comme d\u00e9fendant cette position.<\/li>\n<\/ul>\n\n\n\n<div class=\"iframe-container wp-block-image wp-block-image-large  iframe-dw\">\n\t<div>\n\t\t<iframe class=\"absolute w-full h-full pin-t pin-l\" title=\"titolo\" aria-label=\"Interactive line chart\" src=\"\/\/datawrapper.dwcdn.net\/aKfEx\/\" scrolling=\"no\" frameborder=\"0\"><\/iframe>\n\t<\/div>\n<\/div>\n\n\n\n<p>Au total, 99 pays (en prenant en compte la Palestine) se sont publiquement prononc\u00e9s en faveur d\u2019un cessez-le-feu par le biais de d\u00e9clarations officielles ou bien par la voix de leurs chefs d\u2019\u00c9tat ou de gouvernement.<\/p>\n\n\n\n<ul class=\"wp-block-list\">\n<li>Plus de la majorit\u00e9 de ces derniers sont membres de l\u2019Organisation de la Coop\u00e9ration Islamique (OCI), qui regroupe 57 \u00c9tats.<\/li>\n\n\n\n<li>Samedi 11 novembre, l\u2019Arabie saoudite organisait \u00e0 Riyad un <a href=\"https:\/\/legrandcontinent.eu\/fr\/2023\/11\/14\/israel-hamas-le-plan-de-larabie-saoudite-pour-peser-sur-lapres\/\">sommet<\/a> r\u00e9unissant les pays membres de la Ligue arabe et de l\u2019OCI afin d\u2019appeler conjointement \u00e0 la mise en place d\u2019un cessez-le-feu imm\u00e9diat dans la bande de Gaza.<\/li>\n\n\n\n<li>Dans l\u2019Union, seuls la Belgique, la France, la Gr\u00e8ce, l\u2019Irlande, Malte, la Pologne, le Portugal, l\u2019Espagne et la Slov\u00e9nie ont appel\u00e9 officiellement \u00e0 un cessez-le-feu au 17 novembre 2023.<\/li>\n\n\n\n<li>En Allemagne, si la premi\u00e8re porte-parole adjointe du gouvernement f\u00e9d\u00e9ral, Christiane Hoffmann, d\u00e9clarait le 8 novembre \u00ab&#160;nous nous sommes prononc\u00e9s en faveur d&rsquo;un cessez-le-feu humanitaire&#160;\u00bb, la ministre des Affaires \u00e9trang\u00e8res Annalena Baerbock disait quelques jours plus tard \u00ab&#160;comprendre l&rsquo;\u00e9lan en faveur d&rsquo;un cessez-le-feu&#160;\u00bb&nbsp;<span class='whitespace-nowrap'><span id='easy-footnote-1-208965' class='easy-footnote-margin-adjust'><\/span><span class='easy-footnote'><a href='https:\/\/legrandcontinent.eu\/fr\/2023\/11\/17\/qui-appelle-a-un-cessez-le-feu-a-gaza-carte-inedite\/#easy-footnote-bottom-1-208965' title='&lt;a href=&quot;https:\/\/www.auswaertiges-amt.de\/de\/newsroom\/regierungspressekonferenz\/2630274&quot;&gt;Erkl\u00e4rungen des Ausw\u00e4rtigen Amts in der Regierungs\u00ad\u00ad\u00ad\u00ad\u00adpressekonferenz vom 08.11.2023&lt;\/a&gt;, Minist\u00e8re des Affaires \u00e9trang\u00e8res allemand.'><sup>1<\/sup><\/a><\/span><\/span>.<\/li>\n\n\n\n<li>Elle ajoutait toutefois que \u00ab&#160;ceux qui cherchent \u00e0 obtenir un cessez-le-feu doivent r\u00e9pondre \u00e0 des questions&#160;: par exemple, comment l&rsquo;exigence d&rsquo;un cessez-le-feu, de mani\u00e8re aigu\u00eb et maintenant dans cette terrible situation, peut-elle garantir que la s\u00e9curit\u00e9 d&rsquo;Isra\u00ebl est assur\u00e9e&#160;?&#160;\u00bb, sugg\u00e9rant qu\u2019elle s\u2019opposait \u00e0 une telle mesure&nbsp;<span class='whitespace-nowrap'><span id='easy-footnote-2-208965' class='easy-footnote-margin-adjust'><\/span><span class='easy-footnote'><a href='https:\/\/legrandcontinent.eu\/fr\/2023\/11\/17\/qui-appelle-a-un-cessez-le-feu-a-gaza-carte-inedite\/#easy-footnote-bottom-2-208965' title='Raf Casert, \u00ab&amp;#160;&lt;a href=&quot;https:\/\/apnews.com\/article\/european-union-condemn-hamas-human-shields-2c0d1c04cb38fc4acce37d8d624e1a3f&quot;&gt;EU nations condemn Hamas for what they describe as use of hospitals, civilians as \u2018human shields\u2019&lt;\/a&gt;&amp;#160;\u00bb, &lt;em&gt;Associated Press&lt;\/em&gt;, 13 novembre 2023.'><sup>2<\/sup><\/a><\/span><\/span>.<\/li>\n<\/ul>\n\n\n\n<div class=\"iframe-container wp-block-image wp-block-image-medium  iframe-dw\">\n\t<div>\n\t\t<iframe class=\"absolute w-full h-full pin-t pin-l\" title=\"titolo\" aria-label=\"Interactive line chart\" src=\"\/\/datawrapper.dwcdn.net\/Nhwpd\/\" scrolling=\"no\" frameborder=\"0\"><\/iframe>\n\t<\/div>\n<\/div>\n\n\n\n<p>Au-del\u00e0 de la condamnation de l\u2019invasion terrestre de la bande de Gaza par Tsahal et de l\u2019appel \u00e0 un cessez-le-feu, plusieurs pays ont pris des mesures diplomatiques contre Isra\u00ebl afin de \u00ab&#160;protester contre les violations du droit international humanitaire&#160;\u00bb, comme le Chili qui a rappel\u00e9 son ambassadeur pour consultations le 31 octobre&nbsp;<span class='whitespace-nowrap'><span id='easy-footnote-3-208965' class='easy-footnote-margin-adjust'><\/span><span class='easy-footnote'><a href='https:\/\/legrandcontinent.eu\/fr\/2023\/11\/17\/qui-appelle-a-un-cessez-le-feu-a-gaza-carte-inedite\/#easy-footnote-bottom-3-208965' title='&lt;a href=&quot;https:\/\/minrel.gob.cl\/noticias-anteriores\/chile-llama-en-consultas-a-embajador-de-chile-en-israel&quot;&gt;Chile llama en consultas a embajador de Chile en Israel&lt;\/a&gt;, Minist\u00e8re des Affaires \u00e9trang\u00e8res du Chili, 31 octobre 2023.'><sup>3<\/sup><\/a><\/span><\/span>.<\/p>\n","protected":false},"excerpt":{"rendered":"<p>La situation humanitaire empire \u00e0 Gaza avec plus de 11 000 morts et 1,6 million de personnes d\u00e9plac\u00e9es. \u00c0 l\u2019\u00e9chelle globale, la solution privil\u00e9gi\u00e9e par les \u00c9tats pour appeler \u00e0 la fin des violences diverge, laissant appara\u00eetre des lignes de fracture entre ceux plaidant pour un cessez-le-feu, une pause humanitaire ou bien d\u2019autres mesures.<\/p>\n","protected":false},"author":2622,"featured_media":208969,"comment_status":"closed","ping_status":"closed","sticky":false,"template":"templates\/post-briefings.php","format":"standard","meta":{"_acf_changed":false,"_trash_the_other_posts":false,"_yoast_wpseo_estimated-reading-time-minutes":3,"footnotes":""},"categories":[3611],"tags":[],"staff":[],"editorial_format":[],"serie":[],"audience":[],"geo":[2163],"class_list":["post-208965","post","type-post","status-publish","format-standard","hentry","category-la-guerre-de-soukkot","geo-monde"],"acf":{"open_in_webview":false,"accent":false,"_thumbnail_id":208969,"excerpt":"La situation humanitaire empire \u00e0 Gaza avec plus de 11 000 morts et 1,6 million de personnes d\u00e9plac\u00e9es. \u00c0 l\u2019\u00e9chelle globale, la solution privil\u00e9gi\u00e9e par les \u00c9tats pour appeler \u00e0 la fin des violences diverge, laissant appara\u00eetre des lignes de fracture entre ceux plaidant pour un cessez-le-feu, une pause humanitaire ou bien d\u2019autres mesures.","display_date":"","new_abstract":true},"yoast_head":"<!-- This site is optimized with the Yoast SEO plugin v26.1.1 - https:\/\/yoast.com\/wordpress\/plugins\/seo\/ -->\n<title>Qui appelle \u00e0 un cessez-le-feu \u00e0 Gaza ? Carte in\u00e9dite | Le Grand Continent<\/title>\n<meta name=\"robots\" content=\"index, follow, max-snippet:-1, max-image-preview:large, max-video-preview:-1\" \/>\n<link rel=\"canonical\" href=\"https:\/\/legrandcontinent.eu\/fr\/2023\/11\/17\/qui-appelle-a-un-cessez-le-feu-a-gaza-carte-inedite\/\" \/>\n<meta property=\"og:locale\" content=\"fr_FR\" \/>\n<meta property=\"og:type\" content=\"article\" \/>\n<meta property=\"og:title\" content=\"Qui appelle \u00e0 un cessez-le-feu \u00e0 Gaza ? Carte in\u00e9dite | Le Grand Continent\" \/>\n<meta property=\"og:description\" content=\"La situation humanitaire empire \u00e0 Gaza avec plus de 11 000 morts et 1,6 million de personnes d\u00e9plac\u00e9es. \u00c0 l\u2019\u00e9chelle globale, la solution privil\u00e9gi\u00e9e par les \u00c9tats pour appeler \u00e0 la fin des violences diverge, laissant appara\u00eetre des lignes de fracture entre ceux plaidant pour un cessez-le-feu, une pause humanitaire ou bien d\u2019autres mesures.\" \/>\n<meta property=\"og:url\" content=\"https:\/\/legrandcontinent.eu\/fr\/2023\/11\/17\/qui-appelle-a-un-cessez-le-feu-a-gaza-carte-inedite\/\" \/>\n<meta property=\"og:site_name\" content=\"Le Grand Continent\" \/>\n<meta property=\"article:published_time\" content=\"2023-11-17T14:13:43+00:00\" \/>\n<meta property=\"article:modified_time\" content=\"2023-11-17T14:13:45+00:00\" \/>\n<meta property=\"og:image\" content=\"https:\/\/legrandcontinent.eu\/fr\/wp-content\/uploads\/sites\/2\/2023\/11\/gc-carte-cessez-le-feu-e1700229896982.png\" \/>\n\t<meta property=\"og:image:width\" content=\"1453\" \/>\n\t<meta property=\"og:image:height\" content=\"809\" \/>\n\t<meta property=\"og:image:type\" content=\"image\/png\" \/>\n<meta name=\"author\" content=\"Marin Saillofest\" \/>\n<meta name=\"twitter:card\" content=\"summary_large_image\" \/>\n<meta name=\"twitter:label1\" content=\"\u00c9crit par\" \/>\n\t<meta name=\"twitter:data1\" content=\"Marin Saillofest\" \/>\n\t<meta name=\"twitter:label2\" content=\"Dur\u00e9e de lecture estim\u00e9e\" \/>\n\t<meta name=\"twitter:data2\" content=\"3 minutes\" \/>\n<script type=\"application\/ld+json\" class=\"yoast-schema-graph\">{\"@context\":\"https:\/\/schema.org\",\"@graph\":[{\"@type\":\"WebPage\",\"@id\":\"https:\/\/legrandcontinent.eu\/fr\/2023\/11\/17\/qui-appelle-a-un-cessez-le-feu-a-gaza-carte-inedite\/\",\"url\":\"https:\/\/legrandcontinent.eu\/fr\/2023\/11\/17\/qui-appelle-a-un-cessez-le-feu-a-gaza-carte-inedite\/\",\"name\":\"Qui appelle \u00e0 un cessez-le-feu \u00e0 Gaza ? Carte in\u00e9dite | Le Grand Continent\",\"isPartOf\":{\"@id\":\"https:\/\/legrandcontinent.eu\/fr\/#website\"},\"primaryImageOfPage\":{\"@id\":\"https:\/\/legrandcontinent.eu\/fr\/2023\/11\/17\/qui-appelle-a-un-cessez-le-feu-a-gaza-carte-inedite\/#primaryimage\"},\"image\":{\"@id\":\"https:\/\/legrandcontinent.eu\/fr\/2023\/11\/17\/qui-appelle-a-un-cessez-le-feu-a-gaza-carte-inedite\/#primaryimage\"},\"thumbnailUrl\":\"https:\/\/legrandcontinent.eu\/fr\/wp-content\/uploads\/sites\/2\/2023\/11\/gc-carte-cessez-le-feu-e1700229896982.png\",\"datePublished\":\"2023-11-17T14:13:43+00:00\",\"dateModified\":\"2023-11-17T14:13:45+00:00\",\"author\":{\"@id\":\"https:\/\/legrandcontinent.eu\/fr\/#\/schema\/person\/e4f85f52220fc7b4cc3cfdb86d88e833\"},\"breadcrumb\":{\"@id\":\"https:\/\/legrandcontinent.eu\/fr\/2023\/11\/17\/qui-appelle-a-un-cessez-le-feu-a-gaza-carte-inedite\/#breadcrumb\"},\"inLanguage\":\"fr-FR\",\"potentialAction\":[{\"@type\":\"ReadAction\",\"target\":[\"https:\/\/legrandcontinent.eu\/fr\/2023\/11\/17\/qui-appelle-a-un-cessez-le-feu-a-gaza-carte-inedite\/\"]}]},{\"@type\":\"ImageObject\",\"inLanguage\":\"fr-FR\",\"@id\":\"https:\/\/legrandcontinent.eu\/fr\/2023\/11\/17\/qui-appelle-a-un-cessez-le-feu-a-gaza-carte-inedite\/#primaryimage\",\"url\":\"https:\/\/legrandcontinent.eu\/fr\/wp-content\/uploads\/sites\/2\/2023\/11\/gc-carte-cessez-le-feu-e1700229896982.png\",\"contentUrl\":\"https:\/\/legrandcontinent.eu\/fr\/wp-content\/uploads\/sites\/2\/2023\/11\/gc-carte-cessez-le-feu-e1700229896982.png\",\"width\":1453,\"height\":809},{\"@type\":\"BreadcrumbList\",\"@id\":\"https:\/\/legrandcontinent.eu\/fr\/2023\/11\/17\/qui-appelle-a-un-cessez-le-feu-a-gaza-carte-inedite\/#breadcrumb\",\"itemListElement\":[{\"@type\":\"ListItem\",\"position\":1,\"name\":\"Accueil\",\"item\":\"https:\/\/legrandcontinent.eu\/fr\/\"},{\"@type\":\"ListItem\",\"position\":2,\"name\":\"Qui appelle \u00e0 un cessez-le-feu \u00e0 Gaza&#160;? Carte in\u00e9dite\"}]},{\"@type\":\"WebSite\",\"@id\":\"https:\/\/legrandcontinent.eu\/fr\/#website\",\"url\":\"https:\/\/legrandcontinent.eu\/fr\/\",\"name\":\"Le Grand Continent\",\"description\":\"L&#039;\u00e9chelle pertinente\",\"potentialAction\":[{\"@type\":\"SearchAction\",\"target\":{\"@type\":\"EntryPoint\",\"urlTemplate\":\"https:\/\/legrandcontinent.eu\/fr\/?s={search_term_string}\"},\"query-input\":{\"@type\":\"PropertyValueSpecification\",\"valueRequired\":true,\"valueName\":\"search_term_string\"}}],\"inLanguage\":\"fr-FR\"},{\"@type\":\"Person\",\"@id\":\"https:\/\/legrandcontinent.eu\/fr\/#\/schema\/person\/e4f85f52220fc7b4cc3cfdb86d88e833\",\"name\":\"Marin Saillofest\",\"image\":{\"@type\":\"ImageObject\",\"inLanguage\":\"fr-FR\",\"@id\":\"https:\/\/legrandcontinent.eu\/fr\/#\/schema\/person\/image\/\",\"url\":\"https:\/\/secure.gravatar.com\/avatar\/87088698b4d967390c49ae6d4f1aa459?s=96&d=mm&r=g\",\"contentUrl\":\"https:\/\/secure.gravatar.com\/avatar\/87088698b4d967390c49ae6d4f1aa459?s=96&d=mm&r=g\",\"caption\":\"Marin Saillofest\"}}]}<\/script>\n<!-- \/ Yoast SEO plugin. -->","yoast_head_json":{"title":"Qui appelle \u00e0 un cessez-le-feu \u00e0 Gaza ? Carte in\u00e9dite | Le Grand Continent","robots":{"index":"index","follow":"follow","max-snippet":"max-snippet:-1","max-image-preview":"max-image-preview:large","max-video-preview":"max-video-preview:-1"},"canonical":"https:\/\/legrandcontinent.eu\/fr\/2023\/11\/17\/qui-appelle-a-un-cessez-le-feu-a-gaza-carte-inedite\/","og_locale":"fr_FR","og_type":"article","og_title":"Qui appelle \u00e0 un cessez-le-feu \u00e0 Gaza ? Carte in\u00e9dite | Le Grand Continent","og_description":"La situation humanitaire empire \u00e0 Gaza avec plus de 11 000 morts et 1,6 million de personnes d\u00e9plac\u00e9es. \u00c0 l\u2019\u00e9chelle globale, la solution privil\u00e9gi\u00e9e par les \u00c9tats pour appeler \u00e0 la fin des violences diverge, laissant appara\u00eetre des lignes de fracture entre ceux plaidant pour un cessez-le-feu, une pause humanitaire ou bien d\u2019autres mesures.","og_url":"https:\/\/legrandcontinent.eu\/fr\/2023\/11\/17\/qui-appelle-a-un-cessez-le-feu-a-gaza-carte-inedite\/","og_site_name":"Le Grand Continent","article_published_time":"2023-11-17T14:13:43+00:00","article_modified_time":"2023-11-17T14:13:45+00:00","og_image":[{"width":1453,"height":809,"url":"https:\/\/legrandcontinent.eu\/fr\/wp-content\/uploads\/sites\/2\/2023\/11\/gc-carte-cessez-le-feu-e1700229896982.png","type":"image\/png"}],"author":"Marin Saillofest","twitter_card":"summary_large_image","twitter_misc":{"\u00c9crit par":"Marin Saillofest","Dur\u00e9e de lecture estim\u00e9e":"3 minutes"},"schema":{"@context":"https:\/\/schema.org","@graph":[{"@type":"WebPage","@id":"https:\/\/legrandcontinent.eu\/fr\/2023\/11\/17\/qui-appelle-a-un-cessez-le-feu-a-gaza-carte-inedite\/","url":"https:\/\/legrandcontinent.eu\/fr\/2023\/11\/17\/qui-appelle-a-un-cessez-le-feu-a-gaza-carte-inedite\/","name":"Qui appelle \u00e0 un cessez-le-feu \u00e0 Gaza ? Carte in\u00e9dite | Le Grand Continent","isPartOf":{"@id":"https:\/\/legrandcontinent.eu\/fr\/#website"},"primaryImageOfPage":{"@id":"https:\/\/legrandcontinent.eu\/fr\/2023\/11\/17\/qui-appelle-a-un-cessez-le-feu-a-gaza-carte-inedite\/#primaryimage"},"image":{"@id":"https:\/\/legrandcontinent.eu\/fr\/2023\/11\/17\/qui-appelle-a-un-cessez-le-feu-a-gaza-carte-inedite\/#primaryimage"},"thumbnailUrl":"https:\/\/legrandcontinent.eu\/fr\/wp-content\/uploads\/sites\/2\/2023\/11\/gc-carte-cessez-le-feu-e1700229896982.png","datePublished":"2023-11-17T14:13:43+00:00","dateModified":"2023-11-17T14:13:45+00:00","author":{"@id":"https:\/\/legrandcontinent.eu\/fr\/#\/schema\/person\/e4f85f52220fc7b4cc3cfdb86d88e833"},"breadcrumb":{"@id":"https:\/\/legrandcontinent.eu\/fr\/2023\/11\/17\/qui-appelle-a-un-cessez-le-feu-a-gaza-carte-inedite\/#breadcrumb"},"inLanguage":"fr-FR","potentialAction":[{"@type":"ReadAction","target":["https:\/\/legrandcontinent.eu\/fr\/2023\/11\/17\/qui-appelle-a-un-cessez-le-feu-a-gaza-carte-inedite\/"]}]},{"@type":"ImageObject","inLanguage":"fr-FR","@id":"https:\/\/legrandcontinent.eu\/fr\/2023\/11\/17\/qui-appelle-a-un-cessez-le-feu-a-gaza-carte-inedite\/#primaryimage","url":"https:\/\/legrandcontinent.eu\/fr\/wp-content\/uploads\/sites\/2\/2023\/11\/gc-carte-cessez-le-feu-e1700229896982.png","contentUrl":"https:\/\/legrandcontinent.eu\/fr\/wp-content\/uploads\/sites\/2\/2023\/11\/gc-carte-cessez-le-feu-e1700229896982.png","width":1453,"height":809},{"@type":"BreadcrumbList","@id":"https:\/\/legrandcontinent.eu\/fr\/2023\/11\/17\/qui-appelle-a-un-cessez-le-feu-a-gaza-carte-inedite\/#breadcrumb","itemListElement":[{"@type":"ListItem","position":1,"name":"Accueil","item":"https:\/\/legrandcontinent.eu\/fr\/"},{"@type":"ListItem","position":2,"name":"Qui appelle \u00e0 un cessez-le-feu \u00e0 Gaza&#160;? Carte in\u00e9dite"}]},{"@type":"WebSite","@id":"https:\/\/legrandcontinent.eu\/fr\/#website","url":"https:\/\/legrandcontinent.eu\/fr\/","name":"Le Grand Continent","description":"L&#039;\u00e9chelle pertinente","potentialAction":[{"@type":"SearchAction","target":{"@type":"EntryPoint","urlTemplate":"https:\/\/legrandcontinent.eu\/fr\/?s={search_term_string}"},"query-input":{"@type":"PropertyValueSpecification","valueRequired":true,"valueName":"search_term_string"}}],"inLanguage":"fr-FR"},{"@type":"Person","@id":"https:\/\/legrandcontinent.eu\/fr\/#\/schema\/person\/e4f85f52220fc7b4cc3cfdb86d88e833","name":"Marin Saillofest","image":{"@type":"ImageObject","inLanguage":"fr-FR","@id":"https:\/\/legrandcontinent.eu\/fr\/#\/schema\/person\/image\/","url":"https:\/\/secure.gravatar.com\/avatar\/87088698b4d967390c49ae6d4f1aa459?s=96&d=mm&r=g","contentUrl":"https:\/\/secure.gravatar.com\/avatar\/87088698b4d967390c49ae6d4f1aa459?s=96&d=mm&r=g","caption":"Marin Saillofest"}}]}},"lgc_categories":[{"id":3611,"name":"Isra\u00ebl, Hamas&#160;: le 7-Octobre deux ans apr\u00e8s","slug":"la-guerre-de-soukkot"}],"lgc_author":null,"feature_image_summary":{"url":"https:\/\/legrandcontinent.eu\/fr\/wp-content\/uploads\/sites\/2\/2023\/11\/gc-carte-cessez-le-feu-e1700229896982.png","width":1453,"height":809,"alt":""},"feature_image_cover":null,"term_position_data":null,"_links":{"self":[{"href":"https:\/\/legrandcontinent.eu\/fr\/wp-json\/wp\/v2\/posts\/208965","targetHints":{"allow":["GET"]}}],"collection":[{"href":"https:\/\/legrandcontinent.eu\/fr\/wp-json\/wp\/v2\/posts"}],"about":[{"href":"https:\/\/legrandcontinent.eu\/fr\/wp-json\/wp\/v2\/types\/post"}],"author":[{"embeddable":true,"href":"https:\/\/legrandcontinent.eu\/fr\/wp-json\/wp\/v2\/users\/2622"}],"replies":[{"embeddable":true,"href":"https:\/\/legrandcontinent.eu\/fr\/wp-json\/wp\/v2\/comments?post=208965"}],"version-history":[{"count":0,"href":"https:\/\/legrandcontinent.eu\/fr\/wp-json\/wp\/v2\/posts\/208965\/revisions"}],"wp:featuredmedia":[{"embeddable":true,"href":"https:\/\/legrandcontinent.eu\/fr\/wp-json\/wp\/v2\/media\/208969"}],"wp:attachment":[{"href":"https:\/\/legrandcontinent.eu\/fr\/wp-json\/wp\/v2\/media?parent=208965"}],"wp:term":[{"taxonomy":"category","embeddable":true,"href":"https:\/\/legrandcontinent.eu\/fr\/wp-json\/wp\/v2\/categories?post=208965"},{"taxonomy":"post_tag","embeddable":true,"href":"https:\/\/legrandcontinent.eu\/fr\/wp-json\/wp\/v2\/tags?post=208965"},{"taxonomy":"staff","embeddable":true,"href":"https:\/\/legrandcontinent.eu\/fr\/wp-json\/wp\/v2\/staff?post=208965"},{"taxonomy":"editorial_format","embeddable":true,"href":"https:\/\/legrandcontinent.eu\/fr\/wp-json\/wp\/v2\/editorial_format?post=208965"},{"taxonomy":"serie","embeddable":true,"href":"https:\/\/legrandcontinent.eu\/fr\/wp-json\/wp\/v2\/serie?post=208965"},{"taxonomy":"audience","embeddable":true,"href":"https:\/\/legrandcontinent.eu\/fr\/wp-json\/wp\/v2\/audience?post=208965"},{"taxonomy":"geo","embeddable":true,"href":"https:\/\/legrandcontinent.eu\/fr\/wp-json\/wp\/v2\/geo?post=208965"}],"curies":[{"name":"wp","href":"https:\/\/api.w.org\/{rel}","templated":true}]}}