{"id":207182,"date":"2023-11-06T06:00:00","date_gmt":"2023-11-06T05:00:00","guid":{"rendered":"https:\/\/legrandcontinent.eu\/fr\/?p=207182"},"modified":"2024-01-18T17:20:38","modified_gmt":"2024-01-18T16:20:38","slug":"lavenir-du-spatial-europeen-discute-a-seville-dans-une-contexte-de-penurie-de-lanceurs","status":"publish","type":"post","link":"https:\/\/legrandcontinent.eu\/fr\/2023\/11\/06\/lavenir-du-spatial-europeen-discute-a-seville-dans-une-contexte-de-penurie-de-lanceurs\/","title":{"rendered":"L\u2019avenir du spatial europ\u00e9en discut\u00e9 \u00e0 S\u00e9ville, dans une contexte de p\u00e9nurie de lanceurs"},"content":{"rendered":"\n<p>La semaine spatiale 2023 s\u2019ouvre aujourd\u2019hui \u00e0 S\u00e9ville. L\u2019Union europ\u00e9enne tente d\u2019adapter son agenda spatial \u00e0 ses priorit\u00e9s strat\u00e9giques actuelles, mais aussi aux r\u00e9centes transformations du secteur \u2013 dont l\u2019un des traits est l\u2019\u00e9mergence d\u2019acteurs priv\u00e9s influents.<\/p>\n\n\n\n<div class=\"iframe-container wp-block-image wp-block-image-medium  iframe-dw\">\n\t<div>\n\t\t<iframe class=\"absolute w-full h-full pin-t pin-l\" title=\"titolo\" aria-label=\"Interactive line chart\" src=\"\/\/datawrapper.dwcdn.net\/dEzaa\/\" scrolling=\"no\" frameborder=\"0\"><\/iframe>\n\t<\/div>\n<\/div>\n\n\n\n<ul class=\"wp-block-list\">\n<li>L\u2019agenda spatial europ\u00e9en comprend notamment un volet d\u2019\u00e9valuation des risques li\u00e9s aux d\u00e9pendances strat\u00e9giques des cha\u00eenes de valeur du secteur spatial et d\u2019am\u00e9lioration de l\u2019autonomie technologique de l\u2019Union.<\/li>\n<\/ul>\n\n\n\n<ul class=\"wp-block-list\">\n<li>Les usages du spatial dans la transition \u00e9cologique et climatique seront abord\u00e9s avec les repr\u00e9sentants de l\u2019Agence spatiale europ\u00e9enne (ESA).&nbsp;<\/li>\n<\/ul>\n\n\n\n<ul class=\"wp-block-list\">\n<li>Le rapprochement de l\u2019Agence spatiale europ\u00e9enne et des institutions de l\u2019Union fait \u00e9galement partie des objectifs de l\u2019Agence \u00e0 horizon 2025.<\/li>\n<\/ul>\n\n\n\n<ul class=\"wp-block-list\">\n<li>Le d\u00e9veloppement du spatial commercial et des investissements priv\u00e9s est \u00e9galement un objectif de l\u2019Agence, avec \u00ab&#160;un r\u00f4le d\u00e9terminant \u00e0 jouer dans la pr\u00e9servation de la souverainet\u00e9 num\u00e9rique de l\u2019Europe&#160;\u00bb.<\/li>\n<\/ul>\n\n\n\n<p>L\u2019actualit\u00e9 spatiale europ\u00e9enne est cependant domin\u00e9e par la p\u00e9nurie de lanceurs europ\u00e9ens\u00a0 \u2013 fus\u00e9es permettant de placer des satellites en orbite.<\/p>\n\n\n\n<ul class=\"wp-block-list\">\n<li>La fus\u00e9e Ariane 6 a vu son premier d\u00e9collage report\u00e9 \u00e0 2024. La fus\u00e9e italienne Vega-C n\u2019effectuera pas non plus de vol cette ann\u00e9e, comme annonc\u00e9 par le pr\u00e9sident de l\u2019ESA en octobre.<\/li>\n<\/ul>\n\n\n\n<ul class=\"wp-block-list\">\n<li>Ces retards mettent ainsi actuellement en question l\u2019acc\u00e8s ind\u00e9pendant \u00e0 l\u2019espace qu\u2019appelle de ses v\u0153ux l\u2019Union europ\u00e9enne, qui envisagerait en recours d\u2019utiliser des lanceurs de l&rsquo;entreprise SpaceX en 2024&nbsp;<span class='whitespace-nowrap'><span id='easy-footnote-1-207182' class='easy-footnote-margin-adjust'><\/span><span class='easy-footnote'><a href='https:\/\/legrandcontinent.eu\/fr\/2023\/11\/06\/lavenir-du-spatial-europeen-discute-a-seville-dans-une-contexte-de-penurie-de-lanceurs\/#easy-footnote-bottom-1-207182' title='&amp;nbsp;Wall Street Journal, \u00ab&amp;#160;&lt;a href=&quot;https:\/\/www.wsj.com\/tech\/spacex-signs-deal-to-launch-key-european-satellites-c3b5fc7c&quot;&gt;SpaceX Signs Deal to Launch Key European Satellites&lt;\/a&gt;&amp;#160;\u00bb, 23 October 2023.'><sup>1<\/sup><\/a><\/span><\/span> pour le lancement de satellites du programme Galileo.<\/li>\n<\/ul>\n\n\n\n<p>Au cours de cette semaine, la coop\u00e9ration spatiale avec les pays d\u2019Am\u00e9rique latine sera \u00e9galement \u00e0 l\u2019ordre du jour, avec un forum d\u00e9di\u00e9 \u00e0 la collaboration entre l\u2019Espagne et le Chili ce lundi, suivi d\u2019une rencontre sur la coop\u00e9ration entre l\u2019Espagne et la Communaut\u00e9 d&rsquo;\u00c9tats latino-am\u00e9ricains et cara\u00efbes (CELAC).&nbsp;<\/p>\n","protected":false},"excerpt":{"rendered":"<p>Aujourd\u2019hui, 6 novembre, les ministres europ\u00e9ens charg\u00e9s des affaires spatiales se r\u00e9unissent \u00e0 S\u00e9ville pour une r\u00e9union informelle sur la comp\u00e9titivit\u00e9 et \u00e0 l\u2019occasion de la semaine spatiale de l\u2019Union europ\u00e9enne, dans un contexte de p\u00e9nurie de lanceurs spatiaux europ\u00e9ens. <\/p>\n","protected":false},"author":6617,"featured_media":207191,"comment_status":"closed","ping_status":"closed","sticky":false,"template":"templates\/post-briefings.php","format":"standard","meta":{"_acf_changed":false,"_trash_the_other_posts":false,"_yoast_wpseo_estimated-reading-time-minutes":2,"footnotes":""},"categories":[2040],"tags":[],"staff":[],"editorial_format":[],"serie":[],"audience":[],"geo":[1917],"class_list":["post-207182","post","type-post","status-publish","format-standard","hentry","category-science","geo-europe"],"acf":{"open_in_webview":false,"accent":false,"_thumbnail_id":207191,"excerpt":"Aujourd\u2019hui, 6 novembre, les ministres europ\u00e9ens charg\u00e9s des affaires spatiales se r\u00e9unissent \u00e0 S\u00e9ville pour une r\u00e9union informelle sur la comp\u00e9titivit\u00e9 et \u00e0 l\u2019occasion de la semaine spatiale de l\u2019Union europ\u00e9enne, dans un contexte de p\u00e9nurie de lanceurs spatiaux europ\u00e9ens. ","display_date":"","new_abstract":true},"yoast_head":"<!-- This site is optimized with the Yoast SEO plugin v26.1.1 - https:\/\/yoast.com\/wordpress\/plugins\/seo\/ -->\n<title>L\u2019avenir du spatial europ\u00e9en discut\u00e9 \u00e0 S\u00e9ville, dans une contexte de p\u00e9nurie de lanceurs | Le Grand Continent<\/title>\n<meta name=\"robots\" content=\"index, follow, max-snippet:-1, max-image-preview:large, max-video-preview:-1\" \/>\n<link rel=\"canonical\" href=\"https:\/\/legrandcontinent.eu\/fr\/2023\/11\/06\/lavenir-du-spatial-europeen-discute-a-seville-dans-une-contexte-de-penurie-de-lanceurs\/\" \/>\n<meta property=\"og:locale\" content=\"fr_FR\" \/>\n<meta property=\"og:type\" content=\"article\" \/>\n<meta property=\"og:title\" content=\"L\u2019avenir du spatial europ\u00e9en discut\u00e9 \u00e0 S\u00e9ville, dans une contexte de p\u00e9nurie de lanceurs | Le Grand Continent\" \/>\n<meta property=\"og:description\" content=\"Aujourd\u2019hui, 6 novembre, les ministres europ\u00e9ens charg\u00e9s des affaires spatiales se r\u00e9unissent \u00e0 S\u00e9ville pour une r\u00e9union informelle sur la comp\u00e9titivit\u00e9 et \u00e0 l\u2019occasion de la semaine spatiale de l\u2019Union europ\u00e9enne, dans un contexte de p\u00e9nurie de lanceurs spatiaux europ\u00e9ens.\" \/>\n<meta property=\"og:url\" content=\"https:\/\/legrandcontinent.eu\/fr\/2023\/11\/06\/lavenir-du-spatial-europeen-discute-a-seville-dans-une-contexte-de-penurie-de-lanceurs\/\" \/>\n<meta property=\"og:site_name\" content=\"Le Grand Continent\" \/>\n<meta property=\"article:published_time\" content=\"2023-11-06T05:00:00+00:00\" \/>\n<meta property=\"article:modified_time\" content=\"2024-01-18T16:20:38+00:00\" \/>\n<meta property=\"og:image\" content=\"https:\/\/legrandcontinent.eu\/fr\/wp-content\/uploads\/sites\/2\/2023\/11\/dEzaa-budget-de-l-agence-spatiale-europ-ene.png\" \/>\n\t<meta property=\"og:image:width\" content=\"1240\" \/>\n\t<meta property=\"og:image:height\" content=\"840\" \/>\n\t<meta property=\"og:image:type\" content=\"image\/png\" \/>\n<meta name=\"author\" content=\"elenam\" \/>\n<meta name=\"twitter:card\" content=\"summary_large_image\" \/>\n<meta name=\"twitter:label1\" content=\"\u00c9crit par\" \/>\n\t<meta name=\"twitter:data1\" content=\"elenam\" \/>\n\t<meta name=\"twitter:label2\" content=\"Dur\u00e9e de lecture estim\u00e9e\" \/>\n\t<meta name=\"twitter:data2\" content=\"2 minutes\" \/>\n<script type=\"application\/ld+json\" class=\"yoast-schema-graph\">{\"@context\":\"https:\/\/schema.org\",\"@graph\":[{\"@type\":\"WebPage\",\"@id\":\"https:\/\/legrandcontinent.eu\/fr\/2023\/11\/06\/lavenir-du-spatial-europeen-discute-a-seville-dans-une-contexte-de-penurie-de-lanceurs\/\",\"url\":\"https:\/\/legrandcontinent.eu\/fr\/2023\/11\/06\/lavenir-du-spatial-europeen-discute-a-seville-dans-une-contexte-de-penurie-de-lanceurs\/\",\"name\":\"L\u2019avenir du spatial europ\u00e9en discut\u00e9 \u00e0 S\u00e9ville, dans une contexte de p\u00e9nurie de lanceurs | Le Grand Continent\",\"isPartOf\":{\"@id\":\"https:\/\/legrandcontinent.eu\/fr\/#website\"},\"primaryImageOfPage\":{\"@id\":\"https:\/\/legrandcontinent.eu\/fr\/2023\/11\/06\/lavenir-du-spatial-europeen-discute-a-seville-dans-une-contexte-de-penurie-de-lanceurs\/#primaryimage\"},\"image\":{\"@id\":\"https:\/\/legrandcontinent.eu\/fr\/2023\/11\/06\/lavenir-du-spatial-europeen-discute-a-seville-dans-une-contexte-de-penurie-de-lanceurs\/#primaryimage\"},\"thumbnailUrl\":\"https:\/\/legrandcontinent.eu\/fr\/wp-content\/uploads\/sites\/2\/2023\/11\/dEzaa-budget-de-l-agence-spatiale-europ-ene.png\",\"datePublished\":\"2023-11-06T05:00:00+00:00\",\"dateModified\":\"2024-01-18T16:20:38+00:00\",\"author\":{\"@id\":\"https:\/\/legrandcontinent.eu\/fr\/#\/schema\/person\/4321684816ae1d7e501f1fe2d98dbf48\"},\"breadcrumb\":{\"@id\":\"https:\/\/legrandcontinent.eu\/fr\/2023\/11\/06\/lavenir-du-spatial-europeen-discute-a-seville-dans-une-contexte-de-penurie-de-lanceurs\/#breadcrumb\"},\"inLanguage\":\"fr-FR\",\"potentialAction\":[{\"@type\":\"ReadAction\",\"target\":[\"https:\/\/legrandcontinent.eu\/fr\/2023\/11\/06\/lavenir-du-spatial-europeen-discute-a-seville-dans-une-contexte-de-penurie-de-lanceurs\/\"]}]},{\"@type\":\"ImageObject\",\"inLanguage\":\"fr-FR\",\"@id\":\"https:\/\/legrandcontinent.eu\/fr\/2023\/11\/06\/lavenir-du-spatial-europeen-discute-a-seville-dans-une-contexte-de-penurie-de-lanceurs\/#primaryimage\",\"url\":\"https:\/\/legrandcontinent.eu\/fr\/wp-content\/uploads\/sites\/2\/2023\/11\/dEzaa-budget-de-l-agence-spatiale-europ-ene.png\",\"contentUrl\":\"https:\/\/legrandcontinent.eu\/fr\/wp-content\/uploads\/sites\/2\/2023\/11\/dEzaa-budget-de-l-agence-spatiale-europ-ene.png\",\"width\":1240,\"height\":840},{\"@type\":\"BreadcrumbList\",\"@id\":\"https:\/\/legrandcontinent.eu\/fr\/2023\/11\/06\/lavenir-du-spatial-europeen-discute-a-seville-dans-une-contexte-de-penurie-de-lanceurs\/#breadcrumb\",\"itemListElement\":[{\"@type\":\"ListItem\",\"position\":1,\"name\":\"Accueil\",\"item\":\"https:\/\/legrandcontinent.eu\/fr\/\"},{\"@type\":\"ListItem\",\"position\":2,\"name\":\"L\u2019avenir du spatial europ\u00e9en discut\u00e9 \u00e0 S\u00e9ville, dans une contexte de p\u00e9nurie de lanceurs\"}]},{\"@type\":\"WebSite\",\"@id\":\"https:\/\/legrandcontinent.eu\/fr\/#website\",\"url\":\"https:\/\/legrandcontinent.eu\/fr\/\",\"name\":\"Le Grand Continent\",\"description\":\"L&#039;\u00e9chelle pertinente\",\"potentialAction\":[{\"@type\":\"SearchAction\",\"target\":{\"@type\":\"EntryPoint\",\"urlTemplate\":\"https:\/\/legrandcontinent.eu\/fr\/?s={search_term_string}\"},\"query-input\":{\"@type\":\"PropertyValueSpecification\",\"valueRequired\":true,\"valueName\":\"search_term_string\"}}],\"inLanguage\":\"fr-FR\"},{\"@type\":\"Person\",\"@id\":\"https:\/\/legrandcontinent.eu\/fr\/#\/schema\/person\/4321684816ae1d7e501f1fe2d98dbf48\",\"name\":\"elenam\",\"image\":{\"@type\":\"ImageObject\",\"inLanguage\":\"fr-FR\",\"@id\":\"https:\/\/legrandcontinent.eu\/fr\/#\/schema\/person\/image\/\",\"url\":\"https:\/\/secure.gravatar.com\/avatar\/bac1ca1e34271700e00edbab2385d1dc?s=96&d=mm&r=g\",\"contentUrl\":\"https:\/\/secure.gravatar.com\/avatar\/bac1ca1e34271700e00edbab2385d1dc?s=96&d=mm&r=g\",\"caption\":\"elenam\"}}]}<\/script>\n<!-- \/ Yoast SEO plugin. -->","yoast_head_json":{"title":"L\u2019avenir du spatial europ\u00e9en discut\u00e9 \u00e0 S\u00e9ville, dans une contexte de p\u00e9nurie de lanceurs | Le Grand Continent","robots":{"index":"index","follow":"follow","max-snippet":"max-snippet:-1","max-image-preview":"max-image-preview:large","max-video-preview":"max-video-preview:-1"},"canonical":"https:\/\/legrandcontinent.eu\/fr\/2023\/11\/06\/lavenir-du-spatial-europeen-discute-a-seville-dans-une-contexte-de-penurie-de-lanceurs\/","og_locale":"fr_FR","og_type":"article","og_title":"L\u2019avenir du spatial europ\u00e9en discut\u00e9 \u00e0 S\u00e9ville, dans une contexte de p\u00e9nurie de lanceurs | Le Grand Continent","og_description":"Aujourd\u2019hui, 6 novembre, les ministres europ\u00e9ens charg\u00e9s des affaires spatiales se r\u00e9unissent \u00e0 S\u00e9ville pour une r\u00e9union informelle sur la comp\u00e9titivit\u00e9 et \u00e0 l\u2019occasion de la semaine spatiale de l\u2019Union europ\u00e9enne, dans un contexte de p\u00e9nurie de lanceurs spatiaux europ\u00e9ens.","og_url":"https:\/\/legrandcontinent.eu\/fr\/2023\/11\/06\/lavenir-du-spatial-europeen-discute-a-seville-dans-une-contexte-de-penurie-de-lanceurs\/","og_site_name":"Le Grand Continent","article_published_time":"2023-11-06T05:00:00+00:00","article_modified_time":"2024-01-18T16:20:38+00:00","og_image":[{"width":1240,"height":840,"url":"https:\/\/legrandcontinent.eu\/fr\/wp-content\/uploads\/sites\/2\/2023\/11\/dEzaa-budget-de-l-agence-spatiale-europ-ene.png","type":"image\/png"}],"author":"elenam","twitter_card":"summary_large_image","twitter_misc":{"\u00c9crit par":"elenam","Dur\u00e9e de lecture estim\u00e9e":"2 minutes"},"schema":{"@context":"https:\/\/schema.org","@graph":[{"@type":"WebPage","@id":"https:\/\/legrandcontinent.eu\/fr\/2023\/11\/06\/lavenir-du-spatial-europeen-discute-a-seville-dans-une-contexte-de-penurie-de-lanceurs\/","url":"https:\/\/legrandcontinent.eu\/fr\/2023\/11\/06\/lavenir-du-spatial-europeen-discute-a-seville-dans-une-contexte-de-penurie-de-lanceurs\/","name":"L\u2019avenir du spatial europ\u00e9en discut\u00e9 \u00e0 S\u00e9ville, dans une contexte de p\u00e9nurie de lanceurs | Le Grand Continent","isPartOf":{"@id":"https:\/\/legrandcontinent.eu\/fr\/#website"},"primaryImageOfPage":{"@id":"https:\/\/legrandcontinent.eu\/fr\/2023\/11\/06\/lavenir-du-spatial-europeen-discute-a-seville-dans-une-contexte-de-penurie-de-lanceurs\/#primaryimage"},"image":{"@id":"https:\/\/legrandcontinent.eu\/fr\/2023\/11\/06\/lavenir-du-spatial-europeen-discute-a-seville-dans-une-contexte-de-penurie-de-lanceurs\/#primaryimage"},"thumbnailUrl":"https:\/\/legrandcontinent.eu\/fr\/wp-content\/uploads\/sites\/2\/2023\/11\/dEzaa-budget-de-l-agence-spatiale-europ-ene.png","datePublished":"2023-11-06T05:00:00+00:00","dateModified":"2024-01-18T16:20:38+00:00","author":{"@id":"https:\/\/legrandcontinent.eu\/fr\/#\/schema\/person\/4321684816ae1d7e501f1fe2d98dbf48"},"breadcrumb":{"@id":"https:\/\/legrandcontinent.eu\/fr\/2023\/11\/06\/lavenir-du-spatial-europeen-discute-a-seville-dans-une-contexte-de-penurie-de-lanceurs\/#breadcrumb"},"inLanguage":"fr-FR","potentialAction":[{"@type":"ReadAction","target":["https:\/\/legrandcontinent.eu\/fr\/2023\/11\/06\/lavenir-du-spatial-europeen-discute-a-seville-dans-une-contexte-de-penurie-de-lanceurs\/"]}]},{"@type":"ImageObject","inLanguage":"fr-FR","@id":"https:\/\/legrandcontinent.eu\/fr\/2023\/11\/06\/lavenir-du-spatial-europeen-discute-a-seville-dans-une-contexte-de-penurie-de-lanceurs\/#primaryimage","url":"https:\/\/legrandcontinent.eu\/fr\/wp-content\/uploads\/sites\/2\/2023\/11\/dEzaa-budget-de-l-agence-spatiale-europ-ene.png","contentUrl":"https:\/\/legrandcontinent.eu\/fr\/wp-content\/uploads\/sites\/2\/2023\/11\/dEzaa-budget-de-l-agence-spatiale-europ-ene.png","width":1240,"height":840},{"@type":"BreadcrumbList","@id":"https:\/\/legrandcontinent.eu\/fr\/2023\/11\/06\/lavenir-du-spatial-europeen-discute-a-seville-dans-une-contexte-de-penurie-de-lanceurs\/#breadcrumb","itemListElement":[{"@type":"ListItem","position":1,"name":"Accueil","item":"https:\/\/legrandcontinent.eu\/fr\/"},{"@type":"ListItem","position":2,"name":"L\u2019avenir du spatial europ\u00e9en discut\u00e9 \u00e0 S\u00e9ville, dans une contexte de p\u00e9nurie de lanceurs"}]},{"@type":"WebSite","@id":"https:\/\/legrandcontinent.eu\/fr\/#website","url":"https:\/\/legrandcontinent.eu\/fr\/","name":"Le Grand Continent","description":"L&#039;\u00e9chelle pertinente","potentialAction":[{"@type":"SearchAction","target":{"@type":"EntryPoint","urlTemplate":"https:\/\/legrandcontinent.eu\/fr\/?s={search_term_string}"},"query-input":{"@type":"PropertyValueSpecification","valueRequired":true,"valueName":"search_term_string"}}],"inLanguage":"fr-FR"},{"@type":"Person","@id":"https:\/\/legrandcontinent.eu\/fr\/#\/schema\/person\/4321684816ae1d7e501f1fe2d98dbf48","name":"elenam","image":{"@type":"ImageObject","inLanguage":"fr-FR","@id":"https:\/\/legrandcontinent.eu\/fr\/#\/schema\/person\/image\/","url":"https:\/\/secure.gravatar.com\/avatar\/bac1ca1e34271700e00edbab2385d1dc?s=96&d=mm&r=g","contentUrl":"https:\/\/secure.gravatar.com\/avatar\/bac1ca1e34271700e00edbab2385d1dc?s=96&d=mm&r=g","caption":"elenam"}}]}},"lgc_categories":[{"id":2040,"name":"Science","slug":"science"}],"lgc_author":null,"feature_image_summary":{"url":"https:\/\/legrandcontinent.eu\/fr\/wp-content\/uploads\/sites\/2\/2023\/11\/dEzaa-budget-de-l-agence-spatiale-europ-ene.png","width":1240,"height":840,"alt":""},"feature_image_cover":null,"term_position_data":null,"_links":{"self":[{"href":"https:\/\/legrandcontinent.eu\/fr\/wp-json\/wp\/v2\/posts\/207182","targetHints":{"allow":["GET"]}}],"collection":[{"href":"https:\/\/legrandcontinent.eu\/fr\/wp-json\/wp\/v2\/posts"}],"about":[{"href":"https:\/\/legrandcontinent.eu\/fr\/wp-json\/wp\/v2\/types\/post"}],"author":[{"embeddable":true,"href":"https:\/\/legrandcontinent.eu\/fr\/wp-json\/wp\/v2\/users\/6617"}],"replies":[{"embeddable":true,"href":"https:\/\/legrandcontinent.eu\/fr\/wp-json\/wp\/v2\/comments?post=207182"}],"version-history":[{"count":0,"href":"https:\/\/legrandcontinent.eu\/fr\/wp-json\/wp\/v2\/posts\/207182\/revisions"}],"wp:featuredmedia":[{"embeddable":true,"href":"https:\/\/legrandcontinent.eu\/fr\/wp-json\/wp\/v2\/media\/207191"}],"wp:attachment":[{"href":"https:\/\/legrandcontinent.eu\/fr\/wp-json\/wp\/v2\/media?parent=207182"}],"wp:term":[{"taxonomy":"category","embeddable":true,"href":"https:\/\/legrandcontinent.eu\/fr\/wp-json\/wp\/v2\/categories?post=207182"},{"taxonomy":"post_tag","embeddable":true,"href":"https:\/\/legrandcontinent.eu\/fr\/wp-json\/wp\/v2\/tags?post=207182"},{"taxonomy":"staff","embeddable":true,"href":"https:\/\/legrandcontinent.eu\/fr\/wp-json\/wp\/v2\/staff?post=207182"},{"taxonomy":"editorial_format","embeddable":true,"href":"https:\/\/legrandcontinent.eu\/fr\/wp-json\/wp\/v2\/editorial_format?post=207182"},{"taxonomy":"serie","embeddable":true,"href":"https:\/\/legrandcontinent.eu\/fr\/wp-json\/wp\/v2\/serie?post=207182"},{"taxonomy":"audience","embeddable":true,"href":"https:\/\/legrandcontinent.eu\/fr\/wp-json\/wp\/v2\/audience?post=207182"},{"taxonomy":"geo","embeddable":true,"href":"https:\/\/legrandcontinent.eu\/fr\/wp-json\/wp\/v2\/geo?post=207182"}],"curies":[{"name":"wp","href":"https:\/\/api.w.org\/{rel}","templated":true}]}}