{"id":206712,"date":"2023-11-02T06:00:00","date_gmt":"2023-11-02T05:00:00","guid":{"rendered":"https:\/\/legrandcontinent.eu\/fr\/?p=206712"},"modified":"2023-11-02T09:23:01","modified_gmt":"2023-11-02T08:23:01","slug":"ethiopie-un-an-apres-laccord-de-paix-sur-lun-des-conflits-les-plus-meurtriers-du-21e-siecle-les-violences-se-poursuivent","status":"publish","type":"post","link":"https:\/\/legrandcontinent.eu\/fr\/2023\/11\/02\/ethiopie-un-an-apres-laccord-de-paix-sur-lun-des-conflits-les-plus-meurtriers-du-21e-siecle-les-violences-se-poursuivent\/","title":{"rendered":"\u00c9thiopie&#160;: les violences se poursuivent, un an apr\u00e8s l\u2019accord de paix sur l\u2019un des conflits les plus meurtriers du XXIe si\u00e8cle"},"content":{"rendered":"\n<p>Le conflit arm\u00e9 en \u00c9thiopie fait partie des plus meurtriers du XXIe si\u00e8cle. Sur l\u2019ann\u00e9e 2022, la guerre du Tigr\u00e9 a fait plus de morts au combat que la guerre d\u2019Ukraine, selon l\u2019Institut de Recherche sur la Paix d\u2019Oslo, avec plus d\u2019une centaine de milliers de morts contre 81 000 en Ukraine&nbsp;<span class='whitespace-nowrap'><span id='easy-footnote-1-206712' class='easy-footnote-margin-adjust'><\/span><span class='easy-footnote'><a href='https:\/\/legrandcontinent.eu\/fr\/2023\/11\/02\/ethiopie-un-an-apres-laccord-de-paix-sur-lun-des-conflits-les-plus-meurtriers-du-21e-siecle-les-violences-se-poursuivent\/#easy-footnote-bottom-1-206712' title='\u00a0Peace Research Institute Oslo, \u00ab&amp;#160;&lt;a href=&quot;https:\/\/cdn.cloud.prio.org\/files\/dc754702-b1ec-4787-97bb-7a41f187036a\/Obermeier%20%20Rustad%20-%20Conflict%20Trends%20A%20Global%20Overview%201946-2022%20PRIO%20Paper%202023.pdf?inline=true&quot;&gt;Conflict Trends&amp;#160;: A Global Overview, 1946-2022&lt;\/a&gt;&amp;#160;\u00bb, June 2023.'><sup>1<\/sup><\/a><\/span><\/span>. Les estimations du nombre de victimes civiles se situent par ailleurs entre 300 000 et 800 000&nbsp;<span class='whitespace-nowrap'><span id='easy-footnote-2-206712' class='easy-footnote-margin-adjust'><\/span><span class='easy-footnote'><a href='https:\/\/legrandcontinent.eu\/fr\/2023\/11\/02\/ethiopie-un-an-apres-laccord-de-paix-sur-lun-des-conflits-les-plus-meurtriers-du-21e-siecle-les-violences-se-poursuivent\/#easy-footnote-bottom-2-206712' title='\u00a0Selon une \u00e9tude de l\u2019universit\u00e9 Ghent, Jan Nyssen, \u00ab&amp;#160;&lt;a href=&quot;https:\/\/www.researchgate.net\/publication\/367272415_Documenting_the_civilian_victims_of_the_Tigray_war&quot;&gt;Documenting the civilian victims of the Tigray war&lt;\/a&gt;&amp;#160;\u00bb, January 2023.'><sup>2<\/sup><\/a><\/span><\/span>.<\/p>\n\n\n\n<ul class=\"wp-block-list\">\n<li>La guerre du Tigr\u00e9 a commenc\u00e9 le 4 novembre 2020 avec l\u2019entr\u00e9e en r\u00e9bellion du Front pour la lib\u00e9ration du peuple du Tigr\u00e9 (FLPT) contre le gouvernement du Premier ministre Abiy Ahmed \u2013 arriv\u00e9 deux ans plus t\u00f4t au pouvoir \u2013 et \u00e0 l\u2019offensive du gouvernement de ce dernier.&nbsp;<\/li>\n<\/ul>\n\n\n\n<ul class=\"wp-block-list\">\n<li>La r\u00e9bellion des forces tigr\u00e9ennes a fait suite au remplacement par Abiy Ahmed de sa coalition du Front d\u00e9mocratique r\u00e9volutionnaire du peuple \u00e9thiopien, par un parti unifi\u00e9 sans r\u00e9f\u00e9rence ethnique, le Parti de la Prosp\u00e9rit\u00e9, provoquant l\u2019\u00e9loignement du FLPT, l\u2019ethnie tigr\u00e9enne subissant par ailleurs des discriminations de la part du nouveau gouvernement.&nbsp;<\/li>\n<\/ul>\n\n\n\n<ul class=\"wp-block-list\">\n<li>L\u2019accord de paix sign\u00e9 le 2 novembre 2022, avec la m\u00e9diation de l\u2019Union africaine, devait marquer l\u2019arr\u00eat des combats et du blocus de la r\u00e9gion du Tigr\u00e9 par le gouvernement, permettre l\u2019acc\u00e8s de l\u2019aide humanitaire dans la r\u00e9gion et y r\u00e9tablir les services essentiels \u00e0 la population.<\/li>\n<\/ul>\n\n\n\n<p>En octobre dernier, les Nations Unies ont annonc\u00e9 que le mandat de la commission&nbsp; d\u2019enqu\u00eate sur les crimes de guerre et les exactions commises dans le cadre du conflit \u2013 mise en place en d\u00e9cembre 2021 avec le soutien notamment de l\u2019Union europ\u00e9enne \u2013 ne serait pas renouvel\u00e9 par le Conseil des droits de l\u2019homme.&nbsp;<\/p>\n\n\n\n<ul class=\"wp-block-list\">\n<li>Dans le communiqu\u00e9 de presse accompagnant la publication de son dernier rapport, le 13 octobre, le pr\u00e9sident de la commission a averti sur le fait que la communaut\u00e9 r\u00e9gionale et internationale \u00ab&#160;ne devraient pas oublier les victimes de ce conflit brutal&#160;\u00bb.&nbsp;<\/li>\n<\/ul>\n\n\n\n<ul class=\"wp-block-list\">\n<li>Des crimes de guerre en \u00c9thiopie ont \u00e9t\u00e9 document\u00e9s d\u00e8s 2021, dans un rapport des Nations Unies qui pointait du doigt&nbsp; la \u00ab&#160;brutalit\u00e9 extr\u00eame&#160;\u00bb du conflit et de possibles violations du droit international humanitaire \u2013 avec des exactions commises par les forces du gouvernement \u00e9thiopien comme des insurg\u00e9s du Tigr\u00e9.<\/li>\n<\/ul>\n\n\n\n<ul class=\"wp-block-list\">\n<li>Une \u00e9tude publi\u00e9e en juillet 2023&nbsp;<span class='whitespace-nowrap'><span id='easy-footnote-3-206712' class='easy-footnote-margin-adjust'><\/span><span class='easy-footnote'><a href='https:\/\/legrandcontinent.eu\/fr\/2023\/11\/02\/ethiopie-un-an-apres-laccord-de-paix-sur-lun-des-conflits-les-plus-meurtriers-du-21e-siecle-les-violences-se-poursuivent\/#easy-footnote-bottom-3-206712' title='Fisseha G. et al., &amp;nbsp;\u00ab&amp;#160;&lt;a href=&quot;https:\/\/gh.bmj.com\/content\/8\/7\/e010270?rss=1&quot;&gt;War-related sexual and gender-based violence in Tigray, Northern Ethiopia&amp;#160;: a community-based study&lt;\/a&gt;&amp;#160;\u00bb, BMJ Global Health, 2023.'><sup>3<\/sup><\/a><\/span><\/span> fait par ailleurs \u00e9tat du caract\u00e8re r\u00e9pandu des violences sexistes et sexuelles dans le cadre du conflit. Pr\u00e8s de 10&#160;% des femmes et des filles interrog\u00e9es ont subi des violences sexuelles, en majorit\u00e9 des viols&#160;; 30&#160;% ont subi des violences physiques.&nbsp;<\/li>\n<\/ul>\n\n\n\n<div class=\"iframe-container wp-block-image wp-block-image-medium  iframe-dw\">\n\t<div>\n\t\t<iframe class=\"absolute w-full h-full pin-t pin-l\" title=\"titolo\" aria-label=\"Interactive line chart\" src=\"\/\/datawrapper.dwcdn.net\/FBawc\/\" scrolling=\"no\" frameborder=\"0\"><\/iframe>\n\t<\/div>\n<\/div>\n\n\n\n<p>Les conflits territoriaux restent d\u2019actualit\u00e9 en \u00c9thiopie. Des affrontements et des violences ont \u00e9galement \u00e9t\u00e9 constat\u00e9s dans la r\u00e9gion de l&rsquo;Oromia&nbsp;<span class='whitespace-nowrap'><span id='easy-footnote-4-206712' class='easy-footnote-margin-adjust'><\/span><span class='easy-footnote'><a href='https:\/\/legrandcontinent.eu\/fr\/2023\/11\/02\/ethiopie-un-an-apres-laccord-de-paix-sur-lun-des-conflits-les-plus-meurtriers-du-21e-siecle-les-violences-se-poursuivent\/#easy-footnote-bottom-4-206712' title='&amp;nbsp;RFI, \u00ab&amp;#160;&lt;a href=&quot;https:\/\/www.rfi.fr\/fr\/afrique\/20230520-%C3%A9thiopie-violents-combats-dans-l-oromia-malgr%C3%A9-des-pourparlers-entre-gouvernement-et-rebelles&quot;&gt;\u00c9thiopie&amp;#160;: violents combats dans l\u2019Oromia malgr\u00e9 des pourparlers entre gouvernement et rebelles&lt;\/a&gt;&amp;#160;\u00bb, Mai 2023.'><sup>4<\/sup><\/a><\/span><\/span>. Le Premier ministre Abiy Ahmed a par ailleurs d\u00e9clar\u00e9 en ao\u00fbt un \u00e9tat d\u2019urgence de six mois dans la r\u00e9gion de l&rsquo;Amhara&nbsp;<span class='whitespace-nowrap'><span id='easy-footnote-5-206712' class='easy-footnote-margin-adjust'><\/span><span class='easy-footnote'><a href='https:\/\/legrandcontinent.eu\/fr\/2023\/11\/02\/ethiopie-un-an-apres-laccord-de-paix-sur-lun-des-conflits-les-plus-meurtriers-du-21e-siecle-les-violences-se-poursuivent\/#easy-footnote-bottom-5-206712' title='&amp;nbsp;France 24, \u00ab&amp;#160;&lt;a href=&quot;https:\/\/www.france24.com\/en\/video\/20230804-ethiopia-declares-state-of-emergency-over-amhara-violence&quot;&gt;Ethiopia declares &amp;lsquo;state of emergency&amp;rsquo; over Amhara violence&lt;\/a&gt;&amp;#160;\u00bb, 4 August 2023.'><sup>5<\/sup><\/a><\/span><\/span>, limitrophe du Tigr\u00e9, actuellement en proie \u00e0 des affrontements entre les forces gouvernementales et les forces arm\u00e9es r\u00e9gionales \u2013 anciennement alli\u00e9es dans le cadre du conflit du Tigr\u00e9 \u2013 notamment celles de la milice Fano. Une frappe a\u00e9rienne a tu\u00e9 plus d\u2019une vingtaine de personnes en ao\u00fbt et les Nations Unies ont annonc\u00e9&nbsp;<span class='whitespace-nowrap'><span id='easy-footnote-6-206712' class='easy-footnote-margin-adjust'><\/span><span class='easy-footnote'><a href='https:\/\/legrandcontinent.eu\/fr\/2023\/11\/02\/ethiopie-un-an-apres-laccord-de-paix-sur-lun-des-conflits-les-plus-meurtriers-du-21e-siecle-les-violences-se-poursuivent\/#easy-footnote-bottom-6-206712' title='&amp;nbsp;Reuters, \u00ab&amp;#160;&lt;a href=&quot;https:\/\/www.reuters.com\/article\/ethiopie-conflit-ahmara-idFRKBN31U1A2&quot;&gt;Fighting in Ethiopia&amp;rsquo;s Amhara kills at least 183, UN says&lt;\/a&gt;&amp;#160;\u00bb, 29 August 2023.'><sup>6<\/sup><\/a><\/span><\/span> qu\u2019au moins 183 personnes avaient \u00e9t\u00e9 tu\u00e9es dans des affrontements entre juillet et ao\u00fbt.&nbsp;<\/p>\n","protected":false},"excerpt":{"rendered":"<p>La guerre du Tigr\u00e9 est l\u2019un des conflits les plus meurtriers des deux derni\u00e8res d\u00e9cennies et a caus\u00e9 en 2022 plus de morts au combat que la guerre en Ukraine. Alors qu\u2019aujourd\u2019hui, jeudi 2 novembre, cela fait un an que l\u2019accord de paix entre le gouvernement \u00e9thiopien et le Front de lib\u00e9ration des peuples du Tigr\u00e9 a \u00e9t\u00e9 sign\u00e9, des violences persistent en \u00c9thiopie.<\/p>\n","protected":false},"author":6617,"featured_media":206713,"comment_status":"closed","ping_status":"closed","sticky":false,"template":"templates\/post-briefings.php","format":"standard","meta":{"_acf_changed":false,"_trash_the_other_posts":false,"_yoast_wpseo_estimated-reading-time-minutes":4,"footnotes":""},"categories":[1732],"tags":[],"staff":[],"editorial_format":[],"serie":[],"audience":[],"geo":[522],"class_list":["post-206712","post","type-post","status-publish","format-standard","hentry","category-guerre","geo-afriques-subsahariennes"],"acf":{"open_in_webview":false,"accent":false},"yoast_head":"<!-- This site is optimized with the Yoast SEO plugin v26.1.1 - https:\/\/yoast.com\/wordpress\/plugins\/seo\/ -->\n<title>\u00c9thiopie : les violences se poursuivent, un an apr\u00e8s l\u2019accord de paix sur l\u2019un des conflits les plus meurtriers du XXIe si\u00e8cle | Le Grand Continent<\/title>\n<meta name=\"robots\" content=\"index, follow, max-snippet:-1, max-image-preview:large, max-video-preview:-1\" \/>\n<link rel=\"canonical\" href=\"https:\/\/legrandcontinent.eu\/fr\/2023\/11\/02\/ethiopie-un-an-apres-laccord-de-paix-sur-lun-des-conflits-les-plus-meurtriers-du-21e-siecle-les-violences-se-poursuivent\/\" \/>\n<meta property=\"og:locale\" content=\"fr_FR\" \/>\n<meta property=\"og:type\" content=\"article\" \/>\n<meta property=\"og:title\" content=\"\u00c9thiopie : les violences se poursuivent, un an apr\u00e8s l\u2019accord de paix sur l\u2019un des conflits les plus meurtriers du XXIe si\u00e8cle | Le Grand Continent\" \/>\n<meta property=\"og:description\" content=\"La guerre du Tigr\u00e9 est l\u2019un des conflits les plus meurtriers des deux derni\u00e8res d\u00e9cennies et a caus\u00e9 en 2022 plus de morts au combat que la guerre en Ukraine. Alors qu\u2019aujourd\u2019hui, jeudi 2 novembre, cela fait un an que l\u2019accord de paix entre le gouvernement \u00e9thiopien et le Front de lib\u00e9ration des peuples du Tigr\u00e9 a \u00e9t\u00e9 sign\u00e9, des violences persistent en \u00c9thiopie.\" \/>\n<meta property=\"og:url\" content=\"https:\/\/legrandcontinent.eu\/fr\/2023\/11\/02\/ethiopie-un-an-apres-laccord-de-paix-sur-lun-des-conflits-les-plus-meurtriers-du-21e-siecle-les-violences-se-poursuivent\/\" \/>\n<meta property=\"og:site_name\" content=\"Le Grand Continent\" \/>\n<meta property=\"article:published_time\" content=\"2023-11-02T05:00:00+00:00\" \/>\n<meta property=\"article:modified_time\" content=\"2023-11-02T08:23:01+00:00\" \/>\n<meta property=\"og:image\" content=\"https:\/\/legrandcontinent.eu\/fr\/wp-content\/uploads\/sites\/2\/2023\/11\/FBawc-thiopie-guerre-du-tigr-et-r-gions-ayant-r-cemment-connu-des-violences.png\" \/>\n\t<meta property=\"og:image:width\" content=\"1140\" \/>\n\t<meta property=\"og:image:height\" content=\"1116\" \/>\n\t<meta property=\"og:image:type\" content=\"image\/png\" \/>\n<meta name=\"author\" content=\"elenam\" \/>\n<meta name=\"twitter:card\" content=\"summary_large_image\" \/>\n<meta name=\"twitter:label1\" content=\"\u00c9crit par\" \/>\n\t<meta name=\"twitter:data1\" content=\"elenam\" \/>\n\t<meta name=\"twitter:label2\" content=\"Dur\u00e9e de lecture estim\u00e9e\" \/>\n\t<meta name=\"twitter:data2\" content=\"4 minutes\" \/>\n<script type=\"application\/ld+json\" class=\"yoast-schema-graph\">{\"@context\":\"https:\/\/schema.org\",\"@graph\":[{\"@type\":\"WebPage\",\"@id\":\"https:\/\/legrandcontinent.eu\/fr\/2023\/11\/02\/ethiopie-un-an-apres-laccord-de-paix-sur-lun-des-conflits-les-plus-meurtriers-du-21e-siecle-les-violences-se-poursuivent\/\",\"url\":\"https:\/\/legrandcontinent.eu\/fr\/2023\/11\/02\/ethiopie-un-an-apres-laccord-de-paix-sur-lun-des-conflits-les-plus-meurtriers-du-21e-siecle-les-violences-se-poursuivent\/\",\"name\":\"\u00c9thiopie : les violences se poursuivent, un an apr\u00e8s l\u2019accord de paix sur l\u2019un des conflits les plus meurtriers du XXIe si\u00e8cle | Le Grand Continent\",\"isPartOf\":{\"@id\":\"https:\/\/legrandcontinent.eu\/fr\/#website\"},\"primaryImageOfPage\":{\"@id\":\"https:\/\/legrandcontinent.eu\/fr\/2023\/11\/02\/ethiopie-un-an-apres-laccord-de-paix-sur-lun-des-conflits-les-plus-meurtriers-du-21e-siecle-les-violences-se-poursuivent\/#primaryimage\"},\"image\":{\"@id\":\"https:\/\/legrandcontinent.eu\/fr\/2023\/11\/02\/ethiopie-un-an-apres-laccord-de-paix-sur-lun-des-conflits-les-plus-meurtriers-du-21e-siecle-les-violences-se-poursuivent\/#primaryimage\"},\"thumbnailUrl\":\"https:\/\/legrandcontinent.eu\/fr\/wp-content\/uploads\/sites\/2\/2023\/11\/FBawc-thiopie-guerre-du-tigr-et-r-gions-ayant-r-cemment-connu-des-violences.png\",\"datePublished\":\"2023-11-02T05:00:00+00:00\",\"dateModified\":\"2023-11-02T08:23:01+00:00\",\"author\":{\"@id\":\"https:\/\/legrandcontinent.eu\/fr\/#\/schema\/person\/4321684816ae1d7e501f1fe2d98dbf48\"},\"breadcrumb\":{\"@id\":\"https:\/\/legrandcontinent.eu\/fr\/2023\/11\/02\/ethiopie-un-an-apres-laccord-de-paix-sur-lun-des-conflits-les-plus-meurtriers-du-21e-siecle-les-violences-se-poursuivent\/#breadcrumb\"},\"inLanguage\":\"fr-FR\",\"potentialAction\":[{\"@type\":\"ReadAction\",\"target\":[\"https:\/\/legrandcontinent.eu\/fr\/2023\/11\/02\/ethiopie-un-an-apres-laccord-de-paix-sur-lun-des-conflits-les-plus-meurtriers-du-21e-siecle-les-violences-se-poursuivent\/\"]}]},{\"@type\":\"ImageObject\",\"inLanguage\":\"fr-FR\",\"@id\":\"https:\/\/legrandcontinent.eu\/fr\/2023\/11\/02\/ethiopie-un-an-apres-laccord-de-paix-sur-lun-des-conflits-les-plus-meurtriers-du-21e-siecle-les-violences-se-poursuivent\/#primaryimage\",\"url\":\"https:\/\/legrandcontinent.eu\/fr\/wp-content\/uploads\/sites\/2\/2023\/11\/FBawc-thiopie-guerre-du-tigr-et-r-gions-ayant-r-cemment-connu-des-violences.png\",\"contentUrl\":\"https:\/\/legrandcontinent.eu\/fr\/wp-content\/uploads\/sites\/2\/2023\/11\/FBawc-thiopie-guerre-du-tigr-et-r-gions-ayant-r-cemment-connu-des-violences.png\",\"width\":1140,\"height\":1116},{\"@type\":\"BreadcrumbList\",\"@id\":\"https:\/\/legrandcontinent.eu\/fr\/2023\/11\/02\/ethiopie-un-an-apres-laccord-de-paix-sur-lun-des-conflits-les-plus-meurtriers-du-21e-siecle-les-violences-se-poursuivent\/#breadcrumb\",\"itemListElement\":[{\"@type\":\"ListItem\",\"position\":1,\"name\":\"Accueil\",\"item\":\"https:\/\/legrandcontinent.eu\/fr\/\"},{\"@type\":\"ListItem\",\"position\":2,\"name\":\"\u00c9thiopie&#160;: les violences se poursuivent, un an apr\u00e8s l\u2019accord de paix sur l\u2019un des conflits les plus meurtriers du XXIe si\u00e8cle\"}]},{\"@type\":\"WebSite\",\"@id\":\"https:\/\/legrandcontinent.eu\/fr\/#website\",\"url\":\"https:\/\/legrandcontinent.eu\/fr\/\",\"name\":\"Le Grand Continent\",\"description\":\"L&#039;\u00e9chelle pertinente\",\"potentialAction\":[{\"@type\":\"SearchAction\",\"target\":{\"@type\":\"EntryPoint\",\"urlTemplate\":\"https:\/\/legrandcontinent.eu\/fr\/?s={search_term_string}\"},\"query-input\":{\"@type\":\"PropertyValueSpecification\",\"valueRequired\":true,\"valueName\":\"search_term_string\"}}],\"inLanguage\":\"fr-FR\"},{\"@type\":\"Person\",\"@id\":\"https:\/\/legrandcontinent.eu\/fr\/#\/schema\/person\/4321684816ae1d7e501f1fe2d98dbf48\",\"name\":\"elenam\",\"image\":{\"@type\":\"ImageObject\",\"inLanguage\":\"fr-FR\",\"@id\":\"https:\/\/legrandcontinent.eu\/fr\/#\/schema\/person\/image\/\",\"url\":\"https:\/\/secure.gravatar.com\/avatar\/bac1ca1e34271700e00edbab2385d1dc?s=96&d=mm&r=g\",\"contentUrl\":\"https:\/\/secure.gravatar.com\/avatar\/bac1ca1e34271700e00edbab2385d1dc?s=96&d=mm&r=g\",\"caption\":\"elenam\"}}]}<\/script>\n<!-- \/ Yoast SEO plugin. -->","yoast_head_json":{"title":"\u00c9thiopie : les violences se poursuivent, un an apr\u00e8s l\u2019accord de paix sur l\u2019un des conflits les plus meurtriers du XXIe si\u00e8cle | Le Grand Continent","robots":{"index":"index","follow":"follow","max-snippet":"max-snippet:-1","max-image-preview":"max-image-preview:large","max-video-preview":"max-video-preview:-1"},"canonical":"https:\/\/legrandcontinent.eu\/fr\/2023\/11\/02\/ethiopie-un-an-apres-laccord-de-paix-sur-lun-des-conflits-les-plus-meurtriers-du-21e-siecle-les-violences-se-poursuivent\/","og_locale":"fr_FR","og_type":"article","og_title":"\u00c9thiopie : les violences se poursuivent, un an apr\u00e8s l\u2019accord de paix sur l\u2019un des conflits les plus meurtriers du XXIe si\u00e8cle | Le Grand Continent","og_description":"La guerre du Tigr\u00e9 est l\u2019un des conflits les plus meurtriers des deux derni\u00e8res d\u00e9cennies et a caus\u00e9 en 2022 plus de morts au combat que la guerre en Ukraine. Alors qu\u2019aujourd\u2019hui, jeudi 2 novembre, cela fait un an que l\u2019accord de paix entre le gouvernement \u00e9thiopien et le Front de lib\u00e9ration des peuples du Tigr\u00e9 a \u00e9t\u00e9 sign\u00e9, des violences persistent en \u00c9thiopie.","og_url":"https:\/\/legrandcontinent.eu\/fr\/2023\/11\/02\/ethiopie-un-an-apres-laccord-de-paix-sur-lun-des-conflits-les-plus-meurtriers-du-21e-siecle-les-violences-se-poursuivent\/","og_site_name":"Le Grand Continent","article_published_time":"2023-11-02T05:00:00+00:00","article_modified_time":"2023-11-02T08:23:01+00:00","og_image":[{"width":1140,"height":1116,"url":"https:\/\/legrandcontinent.eu\/fr\/wp-content\/uploads\/sites\/2\/2023\/11\/FBawc-thiopie-guerre-du-tigr-et-r-gions-ayant-r-cemment-connu-des-violences.png","type":"image\/png"}],"author":"elenam","twitter_card":"summary_large_image","twitter_misc":{"\u00c9crit par":"elenam","Dur\u00e9e de lecture estim\u00e9e":"4 minutes"},"schema":{"@context":"https:\/\/schema.org","@graph":[{"@type":"WebPage","@id":"https:\/\/legrandcontinent.eu\/fr\/2023\/11\/02\/ethiopie-un-an-apres-laccord-de-paix-sur-lun-des-conflits-les-plus-meurtriers-du-21e-siecle-les-violences-se-poursuivent\/","url":"https:\/\/legrandcontinent.eu\/fr\/2023\/11\/02\/ethiopie-un-an-apres-laccord-de-paix-sur-lun-des-conflits-les-plus-meurtriers-du-21e-siecle-les-violences-se-poursuivent\/","name":"\u00c9thiopie : les violences se poursuivent, un an apr\u00e8s l\u2019accord de paix sur l\u2019un des conflits les plus meurtriers du XXIe si\u00e8cle | Le Grand Continent","isPartOf":{"@id":"https:\/\/legrandcontinent.eu\/fr\/#website"},"primaryImageOfPage":{"@id":"https:\/\/legrandcontinent.eu\/fr\/2023\/11\/02\/ethiopie-un-an-apres-laccord-de-paix-sur-lun-des-conflits-les-plus-meurtriers-du-21e-siecle-les-violences-se-poursuivent\/#primaryimage"},"image":{"@id":"https:\/\/legrandcontinent.eu\/fr\/2023\/11\/02\/ethiopie-un-an-apres-laccord-de-paix-sur-lun-des-conflits-les-plus-meurtriers-du-21e-siecle-les-violences-se-poursuivent\/#primaryimage"},"thumbnailUrl":"https:\/\/legrandcontinent.eu\/fr\/wp-content\/uploads\/sites\/2\/2023\/11\/FBawc-thiopie-guerre-du-tigr-et-r-gions-ayant-r-cemment-connu-des-violences.png","datePublished":"2023-11-02T05:00:00+00:00","dateModified":"2023-11-02T08:23:01+00:00","author":{"@id":"https:\/\/legrandcontinent.eu\/fr\/#\/schema\/person\/4321684816ae1d7e501f1fe2d98dbf48"},"breadcrumb":{"@id":"https:\/\/legrandcontinent.eu\/fr\/2023\/11\/02\/ethiopie-un-an-apres-laccord-de-paix-sur-lun-des-conflits-les-plus-meurtriers-du-21e-siecle-les-violences-se-poursuivent\/#breadcrumb"},"inLanguage":"fr-FR","potentialAction":[{"@type":"ReadAction","target":["https:\/\/legrandcontinent.eu\/fr\/2023\/11\/02\/ethiopie-un-an-apres-laccord-de-paix-sur-lun-des-conflits-les-plus-meurtriers-du-21e-siecle-les-violences-se-poursuivent\/"]}]},{"@type":"ImageObject","inLanguage":"fr-FR","@id":"https:\/\/legrandcontinent.eu\/fr\/2023\/11\/02\/ethiopie-un-an-apres-laccord-de-paix-sur-lun-des-conflits-les-plus-meurtriers-du-21e-siecle-les-violences-se-poursuivent\/#primaryimage","url":"https:\/\/legrandcontinent.eu\/fr\/wp-content\/uploads\/sites\/2\/2023\/11\/FBawc-thiopie-guerre-du-tigr-et-r-gions-ayant-r-cemment-connu-des-violences.png","contentUrl":"https:\/\/legrandcontinent.eu\/fr\/wp-content\/uploads\/sites\/2\/2023\/11\/FBawc-thiopie-guerre-du-tigr-et-r-gions-ayant-r-cemment-connu-des-violences.png","width":1140,"height":1116},{"@type":"BreadcrumbList","@id":"https:\/\/legrandcontinent.eu\/fr\/2023\/11\/02\/ethiopie-un-an-apres-laccord-de-paix-sur-lun-des-conflits-les-plus-meurtriers-du-21e-siecle-les-violences-se-poursuivent\/#breadcrumb","itemListElement":[{"@type":"ListItem","position":1,"name":"Accueil","item":"https:\/\/legrandcontinent.eu\/fr\/"},{"@type":"ListItem","position":2,"name":"\u00c9thiopie&#160;: les violences se poursuivent, un an apr\u00e8s l\u2019accord de paix sur l\u2019un des conflits les plus meurtriers du XXIe si\u00e8cle"}]},{"@type":"WebSite","@id":"https:\/\/legrandcontinent.eu\/fr\/#website","url":"https:\/\/legrandcontinent.eu\/fr\/","name":"Le Grand Continent","description":"L&#039;\u00e9chelle pertinente","potentialAction":[{"@type":"SearchAction","target":{"@type":"EntryPoint","urlTemplate":"https:\/\/legrandcontinent.eu\/fr\/?s={search_term_string}"},"query-input":{"@type":"PropertyValueSpecification","valueRequired":true,"valueName":"search_term_string"}}],"inLanguage":"fr-FR"},{"@type":"Person","@id":"https:\/\/legrandcontinent.eu\/fr\/#\/schema\/person\/4321684816ae1d7e501f1fe2d98dbf48","name":"elenam","image":{"@type":"ImageObject","inLanguage":"fr-FR","@id":"https:\/\/legrandcontinent.eu\/fr\/#\/schema\/person\/image\/","url":"https:\/\/secure.gravatar.com\/avatar\/bac1ca1e34271700e00edbab2385d1dc?s=96&d=mm&r=g","contentUrl":"https:\/\/secure.gravatar.com\/avatar\/bac1ca1e34271700e00edbab2385d1dc?s=96&d=mm&r=g","caption":"elenam"}}]}},"lgc_categories":[{"id":1732,"name":"Guerre","slug":"guerre"}],"lgc_author":null,"feature_image_summary":{"url":"https:\/\/legrandcontinent.eu\/fr\/wp-content\/uploads\/sites\/2\/2023\/11\/FBawc-thiopie-guerre-du-tigr-et-r-gions-ayant-r-cemment-connu-des-violences.png","width":1140,"height":1116,"alt":""},"feature_image_cover":null,"term_position_data":null,"_links":{"self":[{"href":"https:\/\/legrandcontinent.eu\/fr\/wp-json\/wp\/v2\/posts\/206712","targetHints":{"allow":["GET"]}}],"collection":[{"href":"https:\/\/legrandcontinent.eu\/fr\/wp-json\/wp\/v2\/posts"}],"about":[{"href":"https:\/\/legrandcontinent.eu\/fr\/wp-json\/wp\/v2\/types\/post"}],"author":[{"embeddable":true,"href":"https:\/\/legrandcontinent.eu\/fr\/wp-json\/wp\/v2\/users\/6617"}],"replies":[{"embeddable":true,"href":"https:\/\/legrandcontinent.eu\/fr\/wp-json\/wp\/v2\/comments?post=206712"}],"version-history":[{"count":0,"href":"https:\/\/legrandcontinent.eu\/fr\/wp-json\/wp\/v2\/posts\/206712\/revisions"}],"wp:featuredmedia":[{"embeddable":true,"href":"https:\/\/legrandcontinent.eu\/fr\/wp-json\/wp\/v2\/media\/206713"}],"wp:attachment":[{"href":"https:\/\/legrandcontinent.eu\/fr\/wp-json\/wp\/v2\/media?parent=206712"}],"wp:term":[{"taxonomy":"category","embeddable":true,"href":"https:\/\/legrandcontinent.eu\/fr\/wp-json\/wp\/v2\/categories?post=206712"},{"taxonomy":"post_tag","embeddable":true,"href":"https:\/\/legrandcontinent.eu\/fr\/wp-json\/wp\/v2\/tags?post=206712"},{"taxonomy":"staff","embeddable":true,"href":"https:\/\/legrandcontinent.eu\/fr\/wp-json\/wp\/v2\/staff?post=206712"},{"taxonomy":"editorial_format","embeddable":true,"href":"https:\/\/legrandcontinent.eu\/fr\/wp-json\/wp\/v2\/editorial_format?post=206712"},{"taxonomy":"serie","embeddable":true,"href":"https:\/\/legrandcontinent.eu\/fr\/wp-json\/wp\/v2\/serie?post=206712"},{"taxonomy":"audience","embeddable":true,"href":"https:\/\/legrandcontinent.eu\/fr\/wp-json\/wp\/v2\/audience?post=206712"},{"taxonomy":"geo","embeddable":true,"href":"https:\/\/legrandcontinent.eu\/fr\/wp-json\/wp\/v2\/geo?post=206712"}],"curies":[{"name":"wp","href":"https:\/\/api.w.org\/{rel}","templated":true}]}}