{"id":204929,"date":"2023-10-22T05:00:00","date_gmt":"2023-10-22T03:00:00","guid":{"rendered":"https:\/\/legrandcontinent.eu\/fr\/?p=204929"},"modified":"2023-10-21T20:41:55","modified_gmt":"2023-10-21T18:41:55","slug":"un-paleo-libertarien-a-la-presidence-les-argentins-votent-aujourdhui","status":"publish","type":"post","link":"https:\/\/legrandcontinent.eu\/fr\/2023\/10\/22\/un-paleo-libertarien-a-la-presidence-les-argentins-votent-aujourdhui\/","title":{"rendered":"Un pal\u00e9o-libertarien \u00e0 la pr\u00e9sidence&#160;? Les Argentins votent aujourd\u2019hui"},"content":{"rendered":"\n<p>Le premier tour des <a href=\"https:\/\/legrandcontinent.eu\/fr\/2023\/01\/06\/largentine-au-seuil-dune-tempete-politique\/\">\u00e9lections pr\u00e9sidentielles<\/a> se d\u00e9roulent aujourd\u2019hui en Argentine. Trois candidats s\u2019affrontent en t\u00eate des sondages.\u00a0<\/p>\n\n\n\n<div class=\"iframe-container wp-block-image wp-block-image-medium  iframe-dw\">\n\t<div>\n\t\t<iframe class=\"absolute w-full h-full pin-t pin-l\" title=\"titolo\" aria-label=\"Interactive line chart\" src=\"\/\/datawrapper.dwcdn.net\/8dJW0\/\" scrolling=\"no\" frameborder=\"0\"><\/iframe>\n\t<\/div>\n<\/div>\n\n\n\n<ul class=\"wp-block-list\">\n<li>Le candidat Javier Milei de la coalition \u00ab&#160;La Libert\u00e9 Avance&#160;\u00bb, rattach\u00e9e \u00e0 la droite libertarienne et se d\u00e9signant lui-m\u00eame comme anarcho-capitaliste, a connu une forte progression dans les sondages dans les derni\u00e8res semaines de la campagne et se situait en t\u00eate dans la majorit\u00e9 des derniers sondages .<\/li>\n<\/ul>\n\n\n\n<ul class=\"wp-block-list\">\n<li>Les autres candidats sont Sergio Massa, actuel ministre de l\u2019\u00e9conomie et ralli\u00e9 au gouvernement p\u00e9roniste sortant et la troisi\u00e8me candidate Patricia Bullrich, ancienne ministre de la s\u00e9curit\u00e9 de Mauricio Macri, repr\u00e9sente l\u2019opposition plus traditionnelle au gouvernement actuel, dont elle repr\u00e9sente une frange de droite dure.&nbsp;<\/li>\n<\/ul>\n\n\n\n<ul class=\"wp-block-list\">\n<li>Si aucun candidat n&rsquo;est \u00e9lu d\u00e8s le premier tour, le second tour est pr\u00e9vu pour le 19 novembre prochain.&nbsp;<\/li>\n<\/ul>\n\n\n\n<p>La campagne \u00e9lectorale se d\u00e9roule dans un contexte de grave crise \u00e9conomique, caract\u00e9ris\u00e9e notamment par une inflation record.<\/p>\n\n\n\n<div class=\"iframe-container wp-block-image wp-block-image-medium  iframe-dw\">\n\t<div>\n\t\t<iframe class=\"absolute w-full h-full pin-t pin-l\" title=\"titolo\" aria-label=\"Interactive line chart\" src=\"\/\/datawrapper.dwcdn.net\/H5r7w\/\" scrolling=\"no\" frameborder=\"0\"><\/iframe>\n\t<\/div>\n<\/div>\n\n\n\n<ul class=\"wp-block-list\">\n<li>L\u2019inflation en glissement annuel a atteint 138,3&#160;% au mois de septembre. Les prix ont augment\u00e9 de 12,7&#160;% rien qu\u2019au mois de septembre.&nbsp;<\/li>\n<\/ul>\n\n\n\n<ul class=\"wp-block-list\">\n<li>L\u2019\u00e9mergence du vote libertaire repr\u00e9sent\u00e9 par Javier Milei peut \u00e9galement s\u2019expliquer aussi par ce contexte de crise \u00e9conomique prolong\u00e9e. Ces derni\u00e8res ann\u00e9es, de nombreux jeunes ont rejoint le mouvement libertaire, dans lequel se m\u00ealent un vote de protestation \u00e0 l\u2019espoir de sortir de la crise \u00e9conomique et sociale.<\/li>\n<\/ul>\n\n\n\n<ul class=\"wp-block-list\">\n<li>L\u2019actuel ministre de l\u2019\u00e9conomie, et candidat \u00e0 la pr\u00e9sidentielle, Sergio Massa, a annonc\u00e9 \u00e0 la fin du mois d\u2019ao\u00fbt une s\u00e9rie de mesures destin\u00e9es \u00e0 contrebalancer les effets sociaux de l\u2019inflation, dont le rel\u00e8vement du plancher de salaire demandant le paiement de l\u2019imp\u00f4t sur le revenu.&nbsp;<\/li>\n<\/ul>\n\n\n\n<p>Pour d\u00e9couvrir le personnage du potentiel futur pr\u00e9sident argentin Javier Milei \u00e0 travers 10 phrases choc, <a href=\"https:\/\/legrandcontinent.eu\/fr\/2023\/09\/18\/javier-milei-en-10-phrases-choc-le-paleolibertaire-qui-veut-prendre-largentine\/\">10 points synth\u00e9tiques sont \u00e0 retrouver ici<\/a>.<\/p>\n","protected":false},"excerpt":{"rendered":"<p>Les Argentins sont appel\u00e9s aux urnes ce dimanche 22 octobre pour le premier tour d\u2019une \u00e9lection pr\u00e9sidentielle cruciale. Le favori dans les sondages reste \u00e0 ce jour l\u2019excentrique Javier Milei, outsider r\u00e9cemment d\u00e9barqu\u00e9 dans le paysage politique argentin, admirateur de Trump et Bolsonaro et anarcho-capitaliste revendiqu\u00e9. <\/p>\n","protected":false},"author":6617,"featured_media":204930,"comment_status":"closed","ping_status":"closed","sticky":false,"template":"templates\/post-briefings.php","format":"standard","meta":{"_acf_changed":false,"_trash_the_other_posts":false,"_yoast_wpseo_estimated-reading-time-minutes":2,"footnotes":""},"categories":[1731],"tags":[],"staff":[],"editorial_format":[],"serie":[],"audience":[],"geo":[525],"class_list":["post-204929","post","type-post","status-publish","format-standard","hentry","category-politique","geo-ameriques"],"acf":{"open_in_webview":false,"accent":false},"yoast_head":"<!-- This site is optimized with the Yoast SEO plugin v26.1.1 - https:\/\/yoast.com\/wordpress\/plugins\/seo\/ -->\n<title>Un pal\u00e9o-libertarien \u00e0 la pr\u00e9sidence ? Les Argentins votent aujourd\u2019hui | Le Grand Continent<\/title>\n<meta name=\"robots\" content=\"index, follow, max-snippet:-1, max-image-preview:large, max-video-preview:-1\" \/>\n<link rel=\"canonical\" href=\"https:\/\/legrandcontinent.eu\/fr\/2023\/10\/22\/un-paleo-libertarien-a-la-presidence-les-argentins-votent-aujourdhui\/\" \/>\n<meta property=\"og:locale\" content=\"fr_FR\" \/>\n<meta property=\"og:type\" content=\"article\" \/>\n<meta property=\"og:title\" content=\"Un pal\u00e9o-libertarien \u00e0 la pr\u00e9sidence ? Les Argentins votent aujourd\u2019hui | Le Grand Continent\" \/>\n<meta property=\"og:description\" content=\"Les Argentins sont appel\u00e9s aux urnes ce dimanche 22 octobre pour le premier tour d\u2019une \u00e9lection pr\u00e9sidentielle cruciale. Le favori dans les sondages reste \u00e0 ce jour l\u2019excentrique Javier Milei, outsider r\u00e9cemment d\u00e9barqu\u00e9 dans le paysage politique argentin, admirateur de Trump et Bolsonaro et anarcho-capitaliste revendiqu\u00e9.\" \/>\n<meta property=\"og:url\" content=\"https:\/\/legrandcontinent.eu\/fr\/2023\/10\/22\/un-paleo-libertarien-a-la-presidence-les-argentins-votent-aujourdhui\/\" \/>\n<meta property=\"og:site_name\" content=\"Le Grand Continent\" \/>\n<meta property=\"article:published_time\" content=\"2023-10-22T03:00:00+00:00\" \/>\n<meta property=\"og:image\" content=\"https:\/\/legrandcontinent.eu\/fr\/wp-content\/uploads\/sites\/2\/2023\/10\/8dJW0-sondages-pour-le-premier-tour-des-lections-pr-sidentielles-en-argentine-du-22-octobre.png\" \/>\n\t<meta property=\"og:image:width\" content=\"1240\" \/>\n\t<meta property=\"og:image:height\" content=\"680\" \/>\n\t<meta property=\"og:image:type\" content=\"image\/png\" \/>\n<meta name=\"author\" content=\"elenam\" \/>\n<meta name=\"twitter:card\" content=\"summary_large_image\" \/>\n<meta name=\"twitter:label1\" content=\"\u00c9crit par\" \/>\n\t<meta name=\"twitter:data1\" content=\"elenam\" \/>\n\t<meta name=\"twitter:label2\" content=\"Dur\u00e9e de lecture estim\u00e9e\" \/>\n\t<meta name=\"twitter:data2\" content=\"2 minutes\" \/>\n<script type=\"application\/ld+json\" class=\"yoast-schema-graph\">{\"@context\":\"https:\/\/schema.org\",\"@graph\":[{\"@type\":\"WebPage\",\"@id\":\"https:\/\/legrandcontinent.eu\/fr\/2023\/10\/22\/un-paleo-libertarien-a-la-presidence-les-argentins-votent-aujourdhui\/\",\"url\":\"https:\/\/legrandcontinent.eu\/fr\/2023\/10\/22\/un-paleo-libertarien-a-la-presidence-les-argentins-votent-aujourdhui\/\",\"name\":\"Un pal\u00e9o-libertarien \u00e0 la pr\u00e9sidence ? Les Argentins votent aujourd\u2019hui | Le Grand Continent\",\"isPartOf\":{\"@id\":\"https:\/\/legrandcontinent.eu\/fr\/#website\"},\"primaryImageOfPage\":{\"@id\":\"https:\/\/legrandcontinent.eu\/fr\/2023\/10\/22\/un-paleo-libertarien-a-la-presidence-les-argentins-votent-aujourdhui\/#primaryimage\"},\"image\":{\"@id\":\"https:\/\/legrandcontinent.eu\/fr\/2023\/10\/22\/un-paleo-libertarien-a-la-presidence-les-argentins-votent-aujourdhui\/#primaryimage\"},\"thumbnailUrl\":\"https:\/\/legrandcontinent.eu\/fr\/wp-content\/uploads\/sites\/2\/2023\/10\/8dJW0-sondages-pour-le-premier-tour-des-lections-pr-sidentielles-en-argentine-du-22-octobre.png\",\"datePublished\":\"2023-10-22T03:00:00+00:00\",\"author\":{\"@id\":\"https:\/\/legrandcontinent.eu\/fr\/#\/schema\/person\/4321684816ae1d7e501f1fe2d98dbf48\"},\"breadcrumb\":{\"@id\":\"https:\/\/legrandcontinent.eu\/fr\/2023\/10\/22\/un-paleo-libertarien-a-la-presidence-les-argentins-votent-aujourdhui\/#breadcrumb\"},\"inLanguage\":\"fr-FR\",\"potentialAction\":[{\"@type\":\"ReadAction\",\"target\":[\"https:\/\/legrandcontinent.eu\/fr\/2023\/10\/22\/un-paleo-libertarien-a-la-presidence-les-argentins-votent-aujourdhui\/\"]}]},{\"@type\":\"ImageObject\",\"inLanguage\":\"fr-FR\",\"@id\":\"https:\/\/legrandcontinent.eu\/fr\/2023\/10\/22\/un-paleo-libertarien-a-la-presidence-les-argentins-votent-aujourdhui\/#primaryimage\",\"url\":\"https:\/\/legrandcontinent.eu\/fr\/wp-content\/uploads\/sites\/2\/2023\/10\/8dJW0-sondages-pour-le-premier-tour-des-lections-pr-sidentielles-en-argentine-du-22-octobre.png\",\"contentUrl\":\"https:\/\/legrandcontinent.eu\/fr\/wp-content\/uploads\/sites\/2\/2023\/10\/8dJW0-sondages-pour-le-premier-tour-des-lections-pr-sidentielles-en-argentine-du-22-octobre.png\",\"width\":1240,\"height\":680},{\"@type\":\"BreadcrumbList\",\"@id\":\"https:\/\/legrandcontinent.eu\/fr\/2023\/10\/22\/un-paleo-libertarien-a-la-presidence-les-argentins-votent-aujourdhui\/#breadcrumb\",\"itemListElement\":[{\"@type\":\"ListItem\",\"position\":1,\"name\":\"Accueil\",\"item\":\"https:\/\/legrandcontinent.eu\/fr\/\"},{\"@type\":\"ListItem\",\"position\":2,\"name\":\"Un pal\u00e9o-libertarien \u00e0 la pr\u00e9sidence&#160;? Les Argentins votent aujourd\u2019hui\"}]},{\"@type\":\"WebSite\",\"@id\":\"https:\/\/legrandcontinent.eu\/fr\/#website\",\"url\":\"https:\/\/legrandcontinent.eu\/fr\/\",\"name\":\"Le Grand Continent\",\"description\":\"L&#039;\u00e9chelle pertinente\",\"potentialAction\":[{\"@type\":\"SearchAction\",\"target\":{\"@type\":\"EntryPoint\",\"urlTemplate\":\"https:\/\/legrandcontinent.eu\/fr\/?s={search_term_string}\"},\"query-input\":{\"@type\":\"PropertyValueSpecification\",\"valueRequired\":true,\"valueName\":\"search_term_string\"}}],\"inLanguage\":\"fr-FR\"},{\"@type\":\"Person\",\"@id\":\"https:\/\/legrandcontinent.eu\/fr\/#\/schema\/person\/4321684816ae1d7e501f1fe2d98dbf48\",\"name\":\"elenam\",\"image\":{\"@type\":\"ImageObject\",\"inLanguage\":\"fr-FR\",\"@id\":\"https:\/\/legrandcontinent.eu\/fr\/#\/schema\/person\/image\/\",\"url\":\"https:\/\/secure.gravatar.com\/avatar\/bac1ca1e34271700e00edbab2385d1dc?s=96&d=mm&r=g\",\"contentUrl\":\"https:\/\/secure.gravatar.com\/avatar\/bac1ca1e34271700e00edbab2385d1dc?s=96&d=mm&r=g\",\"caption\":\"elenam\"}}]}<\/script>\n<!-- \/ Yoast SEO plugin. -->","yoast_head_json":{"title":"Un pal\u00e9o-libertarien \u00e0 la pr\u00e9sidence ? Les Argentins votent aujourd\u2019hui | Le Grand Continent","robots":{"index":"index","follow":"follow","max-snippet":"max-snippet:-1","max-image-preview":"max-image-preview:large","max-video-preview":"max-video-preview:-1"},"canonical":"https:\/\/legrandcontinent.eu\/fr\/2023\/10\/22\/un-paleo-libertarien-a-la-presidence-les-argentins-votent-aujourdhui\/","og_locale":"fr_FR","og_type":"article","og_title":"Un pal\u00e9o-libertarien \u00e0 la pr\u00e9sidence ? Les Argentins votent aujourd\u2019hui | Le Grand Continent","og_description":"Les Argentins sont appel\u00e9s aux urnes ce dimanche 22 octobre pour le premier tour d\u2019une \u00e9lection pr\u00e9sidentielle cruciale. Le favori dans les sondages reste \u00e0 ce jour l\u2019excentrique Javier Milei, outsider r\u00e9cemment d\u00e9barqu\u00e9 dans le paysage politique argentin, admirateur de Trump et Bolsonaro et anarcho-capitaliste revendiqu\u00e9.","og_url":"https:\/\/legrandcontinent.eu\/fr\/2023\/10\/22\/un-paleo-libertarien-a-la-presidence-les-argentins-votent-aujourdhui\/","og_site_name":"Le Grand Continent","article_published_time":"2023-10-22T03:00:00+00:00","og_image":[{"width":1240,"height":680,"url":"https:\/\/legrandcontinent.eu\/fr\/wp-content\/uploads\/sites\/2\/2023\/10\/8dJW0-sondages-pour-le-premier-tour-des-lections-pr-sidentielles-en-argentine-du-22-octobre.png","type":"image\/png"}],"author":"elenam","twitter_card":"summary_large_image","twitter_misc":{"\u00c9crit par":"elenam","Dur\u00e9e de lecture estim\u00e9e":"2 minutes"},"schema":{"@context":"https:\/\/schema.org","@graph":[{"@type":"WebPage","@id":"https:\/\/legrandcontinent.eu\/fr\/2023\/10\/22\/un-paleo-libertarien-a-la-presidence-les-argentins-votent-aujourdhui\/","url":"https:\/\/legrandcontinent.eu\/fr\/2023\/10\/22\/un-paleo-libertarien-a-la-presidence-les-argentins-votent-aujourdhui\/","name":"Un pal\u00e9o-libertarien \u00e0 la pr\u00e9sidence ? Les Argentins votent aujourd\u2019hui | Le Grand Continent","isPartOf":{"@id":"https:\/\/legrandcontinent.eu\/fr\/#website"},"primaryImageOfPage":{"@id":"https:\/\/legrandcontinent.eu\/fr\/2023\/10\/22\/un-paleo-libertarien-a-la-presidence-les-argentins-votent-aujourdhui\/#primaryimage"},"image":{"@id":"https:\/\/legrandcontinent.eu\/fr\/2023\/10\/22\/un-paleo-libertarien-a-la-presidence-les-argentins-votent-aujourdhui\/#primaryimage"},"thumbnailUrl":"https:\/\/legrandcontinent.eu\/fr\/wp-content\/uploads\/sites\/2\/2023\/10\/8dJW0-sondages-pour-le-premier-tour-des-lections-pr-sidentielles-en-argentine-du-22-octobre.png","datePublished":"2023-10-22T03:00:00+00:00","author":{"@id":"https:\/\/legrandcontinent.eu\/fr\/#\/schema\/person\/4321684816ae1d7e501f1fe2d98dbf48"},"breadcrumb":{"@id":"https:\/\/legrandcontinent.eu\/fr\/2023\/10\/22\/un-paleo-libertarien-a-la-presidence-les-argentins-votent-aujourdhui\/#breadcrumb"},"inLanguage":"fr-FR","potentialAction":[{"@type":"ReadAction","target":["https:\/\/legrandcontinent.eu\/fr\/2023\/10\/22\/un-paleo-libertarien-a-la-presidence-les-argentins-votent-aujourdhui\/"]}]},{"@type":"ImageObject","inLanguage":"fr-FR","@id":"https:\/\/legrandcontinent.eu\/fr\/2023\/10\/22\/un-paleo-libertarien-a-la-presidence-les-argentins-votent-aujourdhui\/#primaryimage","url":"https:\/\/legrandcontinent.eu\/fr\/wp-content\/uploads\/sites\/2\/2023\/10\/8dJW0-sondages-pour-le-premier-tour-des-lections-pr-sidentielles-en-argentine-du-22-octobre.png","contentUrl":"https:\/\/legrandcontinent.eu\/fr\/wp-content\/uploads\/sites\/2\/2023\/10\/8dJW0-sondages-pour-le-premier-tour-des-lections-pr-sidentielles-en-argentine-du-22-octobre.png","width":1240,"height":680},{"@type":"BreadcrumbList","@id":"https:\/\/legrandcontinent.eu\/fr\/2023\/10\/22\/un-paleo-libertarien-a-la-presidence-les-argentins-votent-aujourdhui\/#breadcrumb","itemListElement":[{"@type":"ListItem","position":1,"name":"Accueil","item":"https:\/\/legrandcontinent.eu\/fr\/"},{"@type":"ListItem","position":2,"name":"Un pal\u00e9o-libertarien \u00e0 la pr\u00e9sidence&#160;? Les Argentins votent aujourd\u2019hui"}]},{"@type":"WebSite","@id":"https:\/\/legrandcontinent.eu\/fr\/#website","url":"https:\/\/legrandcontinent.eu\/fr\/","name":"Le Grand Continent","description":"L&#039;\u00e9chelle pertinente","potentialAction":[{"@type":"SearchAction","target":{"@type":"EntryPoint","urlTemplate":"https:\/\/legrandcontinent.eu\/fr\/?s={search_term_string}"},"query-input":{"@type":"PropertyValueSpecification","valueRequired":true,"valueName":"search_term_string"}}],"inLanguage":"fr-FR"},{"@type":"Person","@id":"https:\/\/legrandcontinent.eu\/fr\/#\/schema\/person\/4321684816ae1d7e501f1fe2d98dbf48","name":"elenam","image":{"@type":"ImageObject","inLanguage":"fr-FR","@id":"https:\/\/legrandcontinent.eu\/fr\/#\/schema\/person\/image\/","url":"https:\/\/secure.gravatar.com\/avatar\/bac1ca1e34271700e00edbab2385d1dc?s=96&d=mm&r=g","contentUrl":"https:\/\/secure.gravatar.com\/avatar\/bac1ca1e34271700e00edbab2385d1dc?s=96&d=mm&r=g","caption":"elenam"}}]}},"lgc_categories":[{"id":1731,"name":"Politique","slug":"politique"}],"lgc_author":null,"feature_image_summary":{"url":"https:\/\/legrandcontinent.eu\/fr\/wp-content\/uploads\/sites\/2\/2023\/10\/8dJW0-sondages-pour-le-premier-tour-des-lections-pr-sidentielles-en-argentine-du-22-octobre.png","width":1240,"height":680,"alt":""},"feature_image_cover":null,"term_position_data":null,"_links":{"self":[{"href":"https:\/\/legrandcontinent.eu\/fr\/wp-json\/wp\/v2\/posts\/204929","targetHints":{"allow":["GET"]}}],"collection":[{"href":"https:\/\/legrandcontinent.eu\/fr\/wp-json\/wp\/v2\/posts"}],"about":[{"href":"https:\/\/legrandcontinent.eu\/fr\/wp-json\/wp\/v2\/types\/post"}],"author":[{"embeddable":true,"href":"https:\/\/legrandcontinent.eu\/fr\/wp-json\/wp\/v2\/users\/6617"}],"replies":[{"embeddable":true,"href":"https:\/\/legrandcontinent.eu\/fr\/wp-json\/wp\/v2\/comments?post=204929"}],"version-history":[{"count":0,"href":"https:\/\/legrandcontinent.eu\/fr\/wp-json\/wp\/v2\/posts\/204929\/revisions"}],"wp:featuredmedia":[{"embeddable":true,"href":"https:\/\/legrandcontinent.eu\/fr\/wp-json\/wp\/v2\/media\/204930"}],"wp:attachment":[{"href":"https:\/\/legrandcontinent.eu\/fr\/wp-json\/wp\/v2\/media?parent=204929"}],"wp:term":[{"taxonomy":"category","embeddable":true,"href":"https:\/\/legrandcontinent.eu\/fr\/wp-json\/wp\/v2\/categories?post=204929"},{"taxonomy":"post_tag","embeddable":true,"href":"https:\/\/legrandcontinent.eu\/fr\/wp-json\/wp\/v2\/tags?post=204929"},{"taxonomy":"staff","embeddable":true,"href":"https:\/\/legrandcontinent.eu\/fr\/wp-json\/wp\/v2\/staff?post=204929"},{"taxonomy":"editorial_format","embeddable":true,"href":"https:\/\/legrandcontinent.eu\/fr\/wp-json\/wp\/v2\/editorial_format?post=204929"},{"taxonomy":"serie","embeddable":true,"href":"https:\/\/legrandcontinent.eu\/fr\/wp-json\/wp\/v2\/serie?post=204929"},{"taxonomy":"audience","embeddable":true,"href":"https:\/\/legrandcontinent.eu\/fr\/wp-json\/wp\/v2\/audience?post=204929"},{"taxonomy":"geo","embeddable":true,"href":"https:\/\/legrandcontinent.eu\/fr\/wp-json\/wp\/v2\/geo?post=204929"}],"curies":[{"name":"wp","href":"https:\/\/api.w.org\/{rel}","templated":true}]}}