{"id":204183,"date":"2023-10-17T06:00:00","date_gmt":"2023-10-17T04:00:00","guid":{"rendered":"https:\/\/legrandcontinent.eu\/fr\/?p=204183"},"modified":"2023-10-17T00:48:19","modified_gmt":"2023-10-16T22:48:19","slug":"conseil-economie-et-finances-le-debat-sur-la-reforme-du-pacte-de-stabilite-et-de-croissance-est-relance","status":"publish","type":"post","link":"https:\/\/legrandcontinent.eu\/fr\/2023\/10\/17\/conseil-economie-et-finances-le-debat-sur-la-reforme-du-pacte-de-stabilite-et-de-croissance-est-relance\/","title":{"rendered":"Conseil \u00e9conomie et finances&#160;: le d\u00e9bat sur la r\u00e9forme du Pacte de stabilit\u00e9 et de croissance est relanc\u00e9"},"content":{"rendered":"\n<p>Le d\u00e9bat sur la r\u00e9forme des r\u00e8gles budg\u00e9taires europ\u00e9ennes reprend officiellement aujourd\u2019hui, afin de tenter de surmonter les multiples blocages survenus depuis sa pr\u00e9sentation. <\/p>\n\n\n\n<ul class=\"wp-block-list\">\n<li>Apr\u00e8s la suspension du Pacte de stabilit\u00e9 et de croissance pendant la pand\u00e9mie, et notamment des objectifs de 3&#160;% de d\u00e9ficit public et de 60&#160;% pour le ratio de dette publique sur le PIB, la Commission a propos\u00e9 <a href=\"https:\/\/legrandcontinent.eu\/fr\/2023\/03\/15\/la-reforme-des-regles-budgetaires-europeennes-se-poursuit-sur-fond-de-desaccord-allemand\/\">en novembre 2022 <\/a>une r\u00e9forme du Pacte.<\/li>\n<\/ul>\n\n\n\n<ul class=\"wp-block-list\">\n<li>Plusieurs \u00c9tats, au premier rang desquels l\u2019Allemagne, se sont montr\u00e9s insatisfaits, poussant la Commission \u00e0 proposer une nouvelle version en avril 2023.<\/li>\n<\/ul>\n\n\n\n<div class=\"iframe-container wp-block-image wp-block-image-medium  iframe-dw\">\n\t<div>\n\t\t<iframe class=\"absolute w-full h-full pin-t pin-l\" title=\"titolo\" aria-label=\"Interactive line chart\" src=\"\/\/datawrapper.dwcdn.net\/3aB83\/\" scrolling=\"no\" frameborder=\"0\"><\/iframe>\n\t<\/div>\n<\/div>\n\n\n\n<ul class=\"wp-block-list\">\n<li>La proposition actuelle maintient les seuils du Pacte (3&#160;% de d\u00e9ficit public et 60&#160;% de dette publique) et, pour chaque \u00c9tat membre dont le d\u00e9ficit public ou la dette sont sup\u00e9rieurs aux plafonds, la Commission propose de publier une \u00ab&#160;trajectoire technique&#160;\u00bb sp\u00e9cifique au pays pour garantir leur retour en de\u00e7\u00e0 des seuils, avec notamment un ajustement budg\u00e9taire minimum de 0,5&#160;% du PIB tant que le d\u00e9ficit reste sup\u00e9rieur \u00e0 3&#160;% du PIB, comme le demandait l\u2019Allemagne.&nbsp;<\/li>\n<\/ul>\n\n\n\n<ul class=\"wp-block-list\">\n<li>En avril dernier, l\u2019Allemagne ne s\u2019est pourtant toujours pas montr\u00e9e satisfaite, consid\u00e9rant que \u00ab&#160;des ajustements significatifs sont encore n\u00e9cessaires&#160;\u00bb, alors que la France reste \u00ab&#160;oppos\u00e9e fermement \u00e0 toute r\u00e8gle automatique&#160;\u00bb.<\/li>\n<\/ul>\n\n\n\n<div class=\"iframe-container wp-block-image wp-block-image-medium  iframe-dw\">\n\t<div>\n\t\t<iframe class=\"absolute w-full h-full pin-t pin-l\" title=\"titolo\" aria-label=\"Interactive line chart\" src=\"\/\/datawrapper.dwcdn.net\/tBx06\/\" scrolling=\"no\" frameborder=\"0\"><\/iframe>\n\t<\/div>\n<\/div>\n\n\n\n<p>Le calendrier actuel pour l\u2019adoption de la r\u00e9forme est serr\u00e9. La suspension temporaire du Pacte de stabilit\u00e9 et de croissance arrive \u00e0 \u00e9ch\u00e9ance le 1er janvier 2024.&nbsp;<\/p>\n\n\n\n<ul class=\"wp-block-list\">\n<li>La Commission souhaitait initialement que les \u00c9tats et le Parlement trouvent un accord avant l\u2019\u00e9t\u00e9. Or le programme du Conseil Ecofin de ce mardi pr\u00e9cise seulement qu\u2019il \u00ab&#160;s&rsquo;efforcera de progresser vers une orientation g\u00e9n\u00e9rale sur la proposition de r\u00e9forme&#160;\u00bb.&nbsp;<\/li>\n<\/ul>\n\n\n\n<ul class=\"wp-block-list\">\n<li>Certains \u00c9tats membres font pression pour une r\u00e9solution rapide des diff\u00e9rends et la mise en place de la r\u00e9forme, notamment l\u2019Italie. Fin ao\u00fbt, le ministre de l\u2019\u00e9conomie Giorgetti d\u00e9clarait qu\u2019il ne demanderait pas une extension de la suspension du Pacte (qui court jusqu\u2019au 31 d\u00e9cembre 2023), tout en ajoutant&#160;: \u00ab&#160;Nous ne pouvons pas [&#8230;] revenir \u00e0 des r\u00e8gles qui ignorent la n\u00e9cessit\u00e9 d&rsquo;accompagner et d&rsquo;aider les familles et les entreprises dans la transformation que nous connaissons&#160;\u00bb.<\/li>\n<\/ul>\n\n\n\n<p>Le Conseil d\u2019aujourd\u2019hui sera \u00e9galement l\u2019occasion de faire avancer plusieurs autres dossiers clefs. \u00c0 l\u2019ordre du jour&#160;: un point d\u2019\u00e9tape sur la Facilit\u00e9 pour la reprise et la r\u00e9silience, un \u00e9change de vues sur les sanctions contre la Russie, la question du financement des \u00e9conomies \u00e0 l\u2019\u00e9chelle mondiale en vue de la COP 28, le partage des conclusions du G20, la mise \u00e0 jour de la liste des \u00ab&#160;paradis fiscaux&#160;\u00bb.<\/p>\n","protected":false},"excerpt":{"rendered":"<p>Les ministres de l\u2019\u00e9conomie et des finances de l\u2019Union se retrouvent ce mardi 17 octobre en Conseil affaires \u00e9conomiques et financi\u00e8res \u00e0 Luxembourg pour un point d\u2019\u00e9tape sur la gouvernance \u00e9conomique de l\u2019Union, \u00e0 l\u2019approche de la date butoire que constitue la fin de la suspension temporaire du Pacte de stabilit\u00e9 et de croissance.<\/p>\n","protected":false},"author":6617,"featured_media":204184,"comment_status":"closed","ping_status":"closed","sticky":false,"template":"templates\/post-briefings.php","format":"standard","meta":{"_acf_changed":false,"_trash_the_other_posts":false,"_yoast_wpseo_estimated-reading-time-minutes":3,"footnotes":""},"categories":[1727],"tags":[],"staff":[],"editorial_format":[],"serie":[],"audience":[],"geo":[1917],"class_list":["post-204183","post","type-post","status-publish","format-standard","hentry","category-economie","geo-europe"],"acf":{"open_in_webview":false,"accent":false},"yoast_head":"<!-- This site is optimized with the Yoast SEO plugin v26.1.1 - https:\/\/yoast.com\/wordpress\/plugins\/seo\/ -->\n<title>Conseil \u00e9conomie et finances : le d\u00e9bat sur la r\u00e9forme du Pacte de stabilit\u00e9 et de croissance est relanc\u00e9 | Le Grand Continent<\/title>\n<meta name=\"robots\" content=\"index, follow, max-snippet:-1, max-image-preview:large, max-video-preview:-1\" \/>\n<link rel=\"canonical\" href=\"https:\/\/legrandcontinent.eu\/fr\/2023\/10\/17\/conseil-economie-et-finances-le-debat-sur-la-reforme-du-pacte-de-stabilite-et-de-croissance-est-relance\/\" \/>\n<meta property=\"og:locale\" content=\"fr_FR\" \/>\n<meta property=\"og:type\" content=\"article\" \/>\n<meta property=\"og:title\" content=\"Conseil \u00e9conomie et finances : le d\u00e9bat sur la r\u00e9forme du Pacte de stabilit\u00e9 et de croissance est relanc\u00e9 | Le Grand Continent\" \/>\n<meta property=\"og:description\" content=\"Les ministres de l\u2019\u00e9conomie et des finances de l\u2019Union se retrouvent ce mardi 17 octobre en Conseil affaires \u00e9conomiques et financi\u00e8res \u00e0 Luxembourg pour un point d\u2019\u00e9tape sur la gouvernance \u00e9conomique de l\u2019Union, \u00e0 l\u2019approche de la date butoire que constitue la fin de la suspension temporaire du Pacte de stabilit\u00e9 et de croissance.\" \/>\n<meta property=\"og:url\" content=\"https:\/\/legrandcontinent.eu\/fr\/2023\/10\/17\/conseil-economie-et-finances-le-debat-sur-la-reforme-du-pacte-de-stabilite-et-de-croissance-est-relance\/\" \/>\n<meta property=\"og:site_name\" content=\"Le Grand Continent\" \/>\n<meta property=\"article:published_time\" content=\"2023-10-17T04:00:00+00:00\" \/>\n<meta property=\"og:image\" content=\"https:\/\/legrandcontinent.eu\/fr\/wp-content\/uploads\/sites\/2\/2023\/10\/3aB83-la-dette-brute-des-administrations-publiques-au-premier-trimestre-2023-dans-les-tats-membres-de-l-union-en-du-pib-1.png\" \/>\n\t<meta property=\"og:image:width\" content=\"1440\" \/>\n\t<meta property=\"og:image:height\" content=\"1526\" \/>\n\t<meta property=\"og:image:type\" content=\"image\/png\" \/>\n<meta name=\"author\" content=\"elenam\" \/>\n<meta name=\"twitter:card\" content=\"summary_large_image\" \/>\n<meta name=\"twitter:label1\" content=\"\u00c9crit par\" \/>\n\t<meta name=\"twitter:data1\" content=\"elenam\" \/>\n\t<meta name=\"twitter:label2\" content=\"Dur\u00e9e de lecture estim\u00e9e\" \/>\n\t<meta name=\"twitter:data2\" content=\"3 minutes\" \/>\n<script type=\"application\/ld+json\" class=\"yoast-schema-graph\">{\"@context\":\"https:\/\/schema.org\",\"@graph\":[{\"@type\":\"WebPage\",\"@id\":\"https:\/\/legrandcontinent.eu\/fr\/2023\/10\/17\/conseil-economie-et-finances-le-debat-sur-la-reforme-du-pacte-de-stabilite-et-de-croissance-est-relance\/\",\"url\":\"https:\/\/legrandcontinent.eu\/fr\/2023\/10\/17\/conseil-economie-et-finances-le-debat-sur-la-reforme-du-pacte-de-stabilite-et-de-croissance-est-relance\/\",\"name\":\"Conseil \u00e9conomie et finances : le d\u00e9bat sur la r\u00e9forme du Pacte de stabilit\u00e9 et de croissance est relanc\u00e9 | Le Grand Continent\",\"isPartOf\":{\"@id\":\"https:\/\/legrandcontinent.eu\/fr\/#website\"},\"primaryImageOfPage\":{\"@id\":\"https:\/\/legrandcontinent.eu\/fr\/2023\/10\/17\/conseil-economie-et-finances-le-debat-sur-la-reforme-du-pacte-de-stabilite-et-de-croissance-est-relance\/#primaryimage\"},\"image\":{\"@id\":\"https:\/\/legrandcontinent.eu\/fr\/2023\/10\/17\/conseil-economie-et-finances-le-debat-sur-la-reforme-du-pacte-de-stabilite-et-de-croissance-est-relance\/#primaryimage\"},\"thumbnailUrl\":\"https:\/\/legrandcontinent.eu\/fr\/wp-content\/uploads\/sites\/2\/2023\/10\/3aB83-la-dette-brute-des-administrations-publiques-au-premier-trimestre-2023-dans-les-tats-membres-de-l-union-en-du-pib.png\",\"datePublished\":\"2023-10-17T04:00:00+00:00\",\"author\":{\"@id\":\"https:\/\/legrandcontinent.eu\/fr\/#\/schema\/person\/4321684816ae1d7e501f1fe2d98dbf48\"},\"breadcrumb\":{\"@id\":\"https:\/\/legrandcontinent.eu\/fr\/2023\/10\/17\/conseil-economie-et-finances-le-debat-sur-la-reforme-du-pacte-de-stabilite-et-de-croissance-est-relance\/#breadcrumb\"},\"inLanguage\":\"fr-FR\",\"potentialAction\":[{\"@type\":\"ReadAction\",\"target\":[\"https:\/\/legrandcontinent.eu\/fr\/2023\/10\/17\/conseil-economie-et-finances-le-debat-sur-la-reforme-du-pacte-de-stabilite-et-de-croissance-est-relance\/\"]}]},{\"@type\":\"ImageObject\",\"inLanguage\":\"fr-FR\",\"@id\":\"https:\/\/legrandcontinent.eu\/fr\/2023\/10\/17\/conseil-economie-et-finances-le-debat-sur-la-reforme-du-pacte-de-stabilite-et-de-croissance-est-relance\/#primaryimage\",\"url\":\"https:\/\/legrandcontinent.eu\/fr\/wp-content\/uploads\/sites\/2\/2023\/10\/3aB83-la-dette-brute-des-administrations-publiques-au-premier-trimestre-2023-dans-les-tats-membres-de-l-union-en-du-pib.png\",\"contentUrl\":\"https:\/\/legrandcontinent.eu\/fr\/wp-content\/uploads\/sites\/2\/2023\/10\/3aB83-la-dette-brute-des-administrations-publiques-au-premier-trimestre-2023-dans-les-tats-membres-de-l-union-en-du-pib.png\",\"width\":1440,\"height\":1526},{\"@type\":\"BreadcrumbList\",\"@id\":\"https:\/\/legrandcontinent.eu\/fr\/2023\/10\/17\/conseil-economie-et-finances-le-debat-sur-la-reforme-du-pacte-de-stabilite-et-de-croissance-est-relance\/#breadcrumb\",\"itemListElement\":[{\"@type\":\"ListItem\",\"position\":1,\"name\":\"Accueil\",\"item\":\"https:\/\/legrandcontinent.eu\/fr\/\"},{\"@type\":\"ListItem\",\"position\":2,\"name\":\"Conseil \u00e9conomie et finances&#160;: le d\u00e9bat sur la r\u00e9forme du Pacte de stabilit\u00e9 et de croissance est relanc\u00e9\"}]},{\"@type\":\"WebSite\",\"@id\":\"https:\/\/legrandcontinent.eu\/fr\/#website\",\"url\":\"https:\/\/legrandcontinent.eu\/fr\/\",\"name\":\"Le Grand Continent\",\"description\":\"L&#039;\u00e9chelle pertinente\",\"potentialAction\":[{\"@type\":\"SearchAction\",\"target\":{\"@type\":\"EntryPoint\",\"urlTemplate\":\"https:\/\/legrandcontinent.eu\/fr\/?s={search_term_string}\"},\"query-input\":{\"@type\":\"PropertyValueSpecification\",\"valueRequired\":true,\"valueName\":\"search_term_string\"}}],\"inLanguage\":\"fr-FR\"},{\"@type\":\"Person\",\"@id\":\"https:\/\/legrandcontinent.eu\/fr\/#\/schema\/person\/4321684816ae1d7e501f1fe2d98dbf48\",\"name\":\"elenam\",\"image\":{\"@type\":\"ImageObject\",\"inLanguage\":\"fr-FR\",\"@id\":\"https:\/\/legrandcontinent.eu\/fr\/#\/schema\/person\/image\/\",\"url\":\"https:\/\/secure.gravatar.com\/avatar\/bac1ca1e34271700e00edbab2385d1dc?s=96&d=mm&r=g\",\"contentUrl\":\"https:\/\/secure.gravatar.com\/avatar\/bac1ca1e34271700e00edbab2385d1dc?s=96&d=mm&r=g\",\"caption\":\"elenam\"}}]}<\/script>\n<!-- \/ Yoast SEO plugin. -->","yoast_head_json":{"title":"Conseil \u00e9conomie et finances : le d\u00e9bat sur la r\u00e9forme du Pacte de stabilit\u00e9 et de croissance est relanc\u00e9 | Le Grand Continent","robots":{"index":"index","follow":"follow","max-snippet":"max-snippet:-1","max-image-preview":"max-image-preview:large","max-video-preview":"max-video-preview:-1"},"canonical":"https:\/\/legrandcontinent.eu\/fr\/2023\/10\/17\/conseil-economie-et-finances-le-debat-sur-la-reforme-du-pacte-de-stabilite-et-de-croissance-est-relance\/","og_locale":"fr_FR","og_type":"article","og_title":"Conseil \u00e9conomie et finances : le d\u00e9bat sur la r\u00e9forme du Pacte de stabilit\u00e9 et de croissance est relanc\u00e9 | Le Grand Continent","og_description":"Les ministres de l\u2019\u00e9conomie et des finances de l\u2019Union se retrouvent ce mardi 17 octobre en Conseil affaires \u00e9conomiques et financi\u00e8res \u00e0 Luxembourg pour un point d\u2019\u00e9tape sur la gouvernance \u00e9conomique de l\u2019Union, \u00e0 l\u2019approche de la date butoire que constitue la fin de la suspension temporaire du Pacte de stabilit\u00e9 et de croissance.","og_url":"https:\/\/legrandcontinent.eu\/fr\/2023\/10\/17\/conseil-economie-et-finances-le-debat-sur-la-reforme-du-pacte-de-stabilite-et-de-croissance-est-relance\/","og_site_name":"Le Grand Continent","article_published_time":"2023-10-17T04:00:00+00:00","og_image":[{"width":1440,"height":1526,"url":"https:\/\/legrandcontinent.eu\/fr\/wp-content\/uploads\/sites\/2\/2023\/10\/3aB83-la-dette-brute-des-administrations-publiques-au-premier-trimestre-2023-dans-les-tats-membres-de-l-union-en-du-pib-1.png","type":"image\/png"}],"author":"elenam","twitter_card":"summary_large_image","twitter_misc":{"\u00c9crit par":"elenam","Dur\u00e9e de lecture estim\u00e9e":"3 minutes"},"schema":{"@context":"https:\/\/schema.org","@graph":[{"@type":"WebPage","@id":"https:\/\/legrandcontinent.eu\/fr\/2023\/10\/17\/conseil-economie-et-finances-le-debat-sur-la-reforme-du-pacte-de-stabilite-et-de-croissance-est-relance\/","url":"https:\/\/legrandcontinent.eu\/fr\/2023\/10\/17\/conseil-economie-et-finances-le-debat-sur-la-reforme-du-pacte-de-stabilite-et-de-croissance-est-relance\/","name":"Conseil \u00e9conomie et finances : le d\u00e9bat sur la r\u00e9forme du Pacte de stabilit\u00e9 et de croissance est relanc\u00e9 | Le Grand Continent","isPartOf":{"@id":"https:\/\/legrandcontinent.eu\/fr\/#website"},"primaryImageOfPage":{"@id":"https:\/\/legrandcontinent.eu\/fr\/2023\/10\/17\/conseil-economie-et-finances-le-debat-sur-la-reforme-du-pacte-de-stabilite-et-de-croissance-est-relance\/#primaryimage"},"image":{"@id":"https:\/\/legrandcontinent.eu\/fr\/2023\/10\/17\/conseil-economie-et-finances-le-debat-sur-la-reforme-du-pacte-de-stabilite-et-de-croissance-est-relance\/#primaryimage"},"thumbnailUrl":"https:\/\/legrandcontinent.eu\/fr\/wp-content\/uploads\/sites\/2\/2023\/10\/3aB83-la-dette-brute-des-administrations-publiques-au-premier-trimestre-2023-dans-les-tats-membres-de-l-union-en-du-pib.png","datePublished":"2023-10-17T04:00:00+00:00","author":{"@id":"https:\/\/legrandcontinent.eu\/fr\/#\/schema\/person\/4321684816ae1d7e501f1fe2d98dbf48"},"breadcrumb":{"@id":"https:\/\/legrandcontinent.eu\/fr\/2023\/10\/17\/conseil-economie-et-finances-le-debat-sur-la-reforme-du-pacte-de-stabilite-et-de-croissance-est-relance\/#breadcrumb"},"inLanguage":"fr-FR","potentialAction":[{"@type":"ReadAction","target":["https:\/\/legrandcontinent.eu\/fr\/2023\/10\/17\/conseil-economie-et-finances-le-debat-sur-la-reforme-du-pacte-de-stabilite-et-de-croissance-est-relance\/"]}]},{"@type":"ImageObject","inLanguage":"fr-FR","@id":"https:\/\/legrandcontinent.eu\/fr\/2023\/10\/17\/conseil-economie-et-finances-le-debat-sur-la-reforme-du-pacte-de-stabilite-et-de-croissance-est-relance\/#primaryimage","url":"https:\/\/legrandcontinent.eu\/fr\/wp-content\/uploads\/sites\/2\/2023\/10\/3aB83-la-dette-brute-des-administrations-publiques-au-premier-trimestre-2023-dans-les-tats-membres-de-l-union-en-du-pib.png","contentUrl":"https:\/\/legrandcontinent.eu\/fr\/wp-content\/uploads\/sites\/2\/2023\/10\/3aB83-la-dette-brute-des-administrations-publiques-au-premier-trimestre-2023-dans-les-tats-membres-de-l-union-en-du-pib.png","width":1440,"height":1526},{"@type":"BreadcrumbList","@id":"https:\/\/legrandcontinent.eu\/fr\/2023\/10\/17\/conseil-economie-et-finances-le-debat-sur-la-reforme-du-pacte-de-stabilite-et-de-croissance-est-relance\/#breadcrumb","itemListElement":[{"@type":"ListItem","position":1,"name":"Accueil","item":"https:\/\/legrandcontinent.eu\/fr\/"},{"@type":"ListItem","position":2,"name":"Conseil \u00e9conomie et finances&#160;: le d\u00e9bat sur la r\u00e9forme du Pacte de stabilit\u00e9 et de croissance est relanc\u00e9"}]},{"@type":"WebSite","@id":"https:\/\/legrandcontinent.eu\/fr\/#website","url":"https:\/\/legrandcontinent.eu\/fr\/","name":"Le Grand Continent","description":"L&#039;\u00e9chelle pertinente","potentialAction":[{"@type":"SearchAction","target":{"@type":"EntryPoint","urlTemplate":"https:\/\/legrandcontinent.eu\/fr\/?s={search_term_string}"},"query-input":{"@type":"PropertyValueSpecification","valueRequired":true,"valueName":"search_term_string"}}],"inLanguage":"fr-FR"},{"@type":"Person","@id":"https:\/\/legrandcontinent.eu\/fr\/#\/schema\/person\/4321684816ae1d7e501f1fe2d98dbf48","name":"elenam","image":{"@type":"ImageObject","inLanguage":"fr-FR","@id":"https:\/\/legrandcontinent.eu\/fr\/#\/schema\/person\/image\/","url":"https:\/\/secure.gravatar.com\/avatar\/bac1ca1e34271700e00edbab2385d1dc?s=96&d=mm&r=g","contentUrl":"https:\/\/secure.gravatar.com\/avatar\/bac1ca1e34271700e00edbab2385d1dc?s=96&d=mm&r=g","caption":"elenam"}}]}},"lgc_categories":[{"id":1727,"name":"\u00c9conomie","slug":"economie"}],"lgc_author":null,"feature_image_summary":{"url":"https:\/\/legrandcontinent.eu\/fr\/wp-content\/uploads\/sites\/2\/2023\/10\/3aB83-la-dette-brute-des-administrations-publiques-au-premier-trimestre-2023-dans-les-tats-membres-de-l-union-en-du-pib.png","width":1440,"height":1526,"alt":""},"feature_image_cover":null,"term_position_data":null,"_links":{"self":[{"href":"https:\/\/legrandcontinent.eu\/fr\/wp-json\/wp\/v2\/posts\/204183","targetHints":{"allow":["GET"]}}],"collection":[{"href":"https:\/\/legrandcontinent.eu\/fr\/wp-json\/wp\/v2\/posts"}],"about":[{"href":"https:\/\/legrandcontinent.eu\/fr\/wp-json\/wp\/v2\/types\/post"}],"author":[{"embeddable":true,"href":"https:\/\/legrandcontinent.eu\/fr\/wp-json\/wp\/v2\/users\/6617"}],"replies":[{"embeddable":true,"href":"https:\/\/legrandcontinent.eu\/fr\/wp-json\/wp\/v2\/comments?post=204183"}],"version-history":[{"count":0,"href":"https:\/\/legrandcontinent.eu\/fr\/wp-json\/wp\/v2\/posts\/204183\/revisions"}],"wp:featuredmedia":[{"embeddable":true,"href":"https:\/\/legrandcontinent.eu\/fr\/wp-json\/wp\/v2\/media\/204184"}],"wp:attachment":[{"href":"https:\/\/legrandcontinent.eu\/fr\/wp-json\/wp\/v2\/media?parent=204183"}],"wp:term":[{"taxonomy":"category","embeddable":true,"href":"https:\/\/legrandcontinent.eu\/fr\/wp-json\/wp\/v2\/categories?post=204183"},{"taxonomy":"post_tag","embeddable":true,"href":"https:\/\/legrandcontinent.eu\/fr\/wp-json\/wp\/v2\/tags?post=204183"},{"taxonomy":"staff","embeddable":true,"href":"https:\/\/legrandcontinent.eu\/fr\/wp-json\/wp\/v2\/staff?post=204183"},{"taxonomy":"editorial_format","embeddable":true,"href":"https:\/\/legrandcontinent.eu\/fr\/wp-json\/wp\/v2\/editorial_format?post=204183"},{"taxonomy":"serie","embeddable":true,"href":"https:\/\/legrandcontinent.eu\/fr\/wp-json\/wp\/v2\/serie?post=204183"},{"taxonomy":"audience","embeddable":true,"href":"https:\/\/legrandcontinent.eu\/fr\/wp-json\/wp\/v2\/audience?post=204183"},{"taxonomy":"geo","embeddable":true,"href":"https:\/\/legrandcontinent.eu\/fr\/wp-json\/wp\/v2\/geo?post=204183"}],"curies":[{"name":"wp","href":"https:\/\/api.w.org\/{rel}","templated":true}]}}