{"id":202940,"date":"2023-10-10T19:00:58","date_gmt":"2023-10-10T17:00:58","guid":{"rendered":"https:\/\/legrandcontinent.eu\/fr\/?p=202940"},"modified":"2023-10-10T19:01:00","modified_gmt":"2023-10-10T17:01:00","slug":"attaque-du-hamas-decouverte-de-nouveaux-massacres-intensification-des-frappes-aeriennes-sur-gaza-echanges-de-tirs-a-la-frontiere-libano-israelienne-un-bilan-du-quatrieme-jour-de-guerre","status":"publish","type":"post","link":"https:\/\/legrandcontinent.eu\/fr\/2023\/10\/10\/attaque-du-hamas-decouverte-de-nouveaux-massacres-intensification-des-frappes-aeriennes-sur-gaza-echanges-de-tirs-a-la-frontiere-libano-israelienne-un-bilan-du-quatrieme-jour-de-guerre\/","title":{"rendered":"Attaque du Hamas&#160;: d\u00e9couverte de nouveaux massacres. Intensification des frappes a\u00e9riennes sur Gaza. \u00c9changes de tirs \u00e0 la fronti\u00e8re libano-isra\u00e9lienne. Un bilan du quatri\u00e8me jour de guerre"},"content":{"rendered":"\n<p>Bilan humain. Les derni\u00e8res estimations \u00e0 18h30 (Paris) font \u00e9tat de&#160;:<\/p>\n\n\n\n<ul class=\"wp-block-list\">\n<li>Plus de 1 000 Isra\u00e9liens tu\u00e9s et 2 806 bless\u00e9s.<\/li>\n\n\n\n<li>830 Palestiniens tu\u00e9s et 4 250 bless\u00e9s.<\/li>\n\n\n\n<li>L\u2019arm\u00e9e isra\u00e9lienne a d\u00e9clar\u00e9 avoir retrouv\u00e9 1 500 corps de combattants du Hamas sur son territoire.&nbsp;<\/li>\n\n\n\n<li>Le nombre d\u2019otages retenus par le Hamas reste \u00e9valu\u00e9 \u00e0 150.<\/li>\n\n\n\n<li>L\u2019arm\u00e9e isra\u00e9lienne a constat\u00e9 de nouveaux massacres de civils perp\u00e9tr\u00e9s par le Hamas dans les villages proches de la bande de Gaza, \u00e0 l\u2019image du massacre du kibboutz de Kfar Aza rapport\u00e9 par le <em>New York Times<\/em>. Plus de 100 corps d\u2019Isra\u00e9liens ont par ailleurs \u00e9t\u00e9 retrouv\u00e9s dans le kibboutz de Be\u2019eri.&nbsp;<\/li>\n<\/ul>\n\n\n\n<p>Les d\u00e9placements de populations dans la bande de Gaza ont augment\u00e9 du fait du d\u00e9but du si\u00e8ge complet du territoire, de l\u2019intensification des bombardements et de la riposte terrestre annonc\u00e9e par Isra\u00ebl. Plus de 2 millions de personnes y r\u00e9sident au total.&nbsp;<\/p>\n\n\n\n<ul class=\"wp-block-list\">\n<li>Le nombre de d\u00e9plac\u00e9s internes dans la bande de Gaza s\u2019\u00e9l\u00e8ve \u00e0 187 500 d\u2019apr\u00e8s les Nations Unies, soit presque 10&#160;% de la population.&nbsp;<\/li>\n\n\n\n<li>L\u2019Organisation mondiale de la Sant\u00e9 a appel\u00e9 aujourd\u2019hui \u00e0 la mise en place d\u2019un corridor humanitaire.<\/li>\n<\/ul>\n\n\n\n<p>Le front et les combats. Les frappes a\u00e9riennes des forces isra\u00e9liennes se sont poursuivies sur Gaza.<\/p>\n\n\n\n<ul class=\"wp-block-list\">\n<li>Les forces isra\u00e9liennes ont annonc\u00e9 avoir repris le contr\u00f4le quasi total de la fronti\u00e8re avec la bande de Gaza. La prochaine \u00e9tape attendue est d\u00e9sormais l\u2019invasion terrestre de la bande de Gaza sugg\u00e9r\u00e9e par le gouvernement isra\u00e9lien.<\/li>\n\n\n\n<li>Isra\u00ebl a annonc\u00e9 la mobilisation de 60 000 r\u00e9servistes suppl\u00e9mentaires, portant le nombre total de r\u00e9servistes mobilis\u00e9s \u00e0 360 000.&nbsp;<\/li>\n\n\n\n<li>Les tirs de roquettes dirig\u00e9s vers Isra\u00ebl depuis la bande de Gaza se sont poursuivis aujourd\u2019hui.&nbsp;<\/li>\n\n\n\n<li>Des bombardements isra\u00e9liens ont eu lieu pr\u00e8s du poste-fronti\u00e8re de Rafah entre l\u2019\u00c9gypte et la bande de Gaza. Les forces \u00e9gyptiennes ont annonc\u00e9 la fermeture du poste-fronti\u00e8re pour des raisons de s\u00e9curit\u00e9, d\u2019apr\u00e8s l\u2019agence de presse allemande DPA.&nbsp;<\/li>\n\n\n\n<li>Des \u00e9changes de tirs ont \u00e9galement \u00e9t\u00e9 signal\u00e9s aujourd\u2019hui entre le Hezbollah et Isra\u00ebl au nord du pays. Les tirs d\u2019aujourd\u2019hui font suite \u00e0 une op\u00e9ration d\u2019infiltration de combattants palestiniens depuis le Liban revendiqu\u00e9e par l\u2019organisation Djihad islamique palestinien, et repouss\u00e9e hier par l\u2019arm\u00e9e isra\u00e9lienne.<\/li>\n<\/ul>\n\n\n\n<p>La situation int\u00e9rieure. La priorit\u00e9 actuelle de l\u2019ex\u00e9cutif isra\u00e9lien serait de former un gouvernement d\u2019unit\u00e9 et d\u2019urgence pour faire face \u00e0 la guerre.<\/p>\n\n\n\n<ul class=\"wp-block-list\">\n<li>Le chef du premier parti d\u2019opposition (Yesh atid), Ya\u00efr Lapid, a rencontr\u00e9 le Premier ministre Netanyahou samedi soir et a appel\u00e9 \u00e0 la formation d\u2019un gouvernement d\u2019unit\u00e9 nationale qui serait \u00ab&#160;d\u2019urgence, \u00e9troit et professionnel&#160;\u00bb, d\u2019apr\u00e8s le <em>Wall Street Journal<\/em>.<\/li>\n\n\n\n<li>L\u2019ancien chef d\u2019\u00c9tat major de l&rsquo;arm\u00e9e isra\u00e9lienne et chef du deuxi\u00e8me parti d\u2019opposition \u00e0 la Knesset (le Parti d\u2019unit\u00e9 nationale), Benny Gantz, s\u2019est \u00e9galement dit pr\u00eat \u00e0 participer \u00e0 un gouvernement d\u2019unit\u00e9 nationale.<\/li>\n\n\n\n<li>Ben Gvir, le ministre repr\u00e9sentant la ligne la plus radicale du gouvernement d\u2019extr\u00eame-droite du Premier ministre Netanyahou, se serait lui aussi prononc\u00e9 en faveur d\u2019un gouvernement d\u2019unit\u00e9.<\/li>\n<\/ul>\n\n\n\n<p>Les r\u00e9actions internationales.&nbsp;<\/p>\n\n\n\n<ul class=\"wp-block-list\">\n<li>Les \u00c9tats-Unis ont commenc\u00e9 \u00e0 livrer des munitions et des \u00e9quipements militaires \u00e0 Isra\u00ebl. Le porte-parole du d\u00e9partement de la D\u00e9fense am\u00e9ricain John Kirby a cependant pr\u00e9cis\u00e9 que les \u00c9tats-Unis n\u2019avaient pas l\u2019intention d\u2019envoyer des troupes am\u00e9ricaines sur le sol isra\u00e9lien. Le pays pourrait en revanche fournir une expertise en mati\u00e8re de planification des op\u00e9rations de sauvetage dans le contexte des op\u00e9rations de secours d\u2019otages isra\u00e9liens retenus par le Hamas, d\u2019apr\u00e8s <em>CNN<\/em>.&nbsp;<\/li>\n\n\n\n<li>Le Premier ministre Rishi Sunak s\u2019est dit pr\u00eat \u00e0 fournir une aide militaire \u00e0 Isra\u00ebl si cela lui \u00e9tait demand\u00e9.<\/li>\n\n\n\n<li>Le pr\u00e9sident \u00e9gyptien Al-Sissi a renouvel\u00e9 son appel \u00e0 la d\u00e9sescalade, d\u00e9clarant \u00ab&#160;communiquer avec toutes les parties internationales et r\u00e9gionales afin de parvenir \u00e0 un arr\u00eat imm\u00e9diat de la violence et \u00e0 une d\u00e9sescalade&#160;\u00bb.<\/li>\n<\/ul>\n\n\n\n<p>Nous venons d\u2019actualiser notre carte des r\u00e9actions internationales.<\/p>\n\n\n\n<div class=\"iframe-container wp-block-image wp-block-image-medium  iframe-dw\">\n\t<div>\n\t\t<iframe class=\"absolute w-full h-full pin-t pin-l\" title=\"titolo\" aria-label=\"Interactive line chart\" src=\"\/\/datawrapper.dwcdn.net\/QAl65\/\" scrolling=\"no\" frameborder=\"0\"><\/iframe>\n\t<\/div>\n<\/div>\n\n\n\n<p>Vous trouverez <a href=\"https:\/\/legrandcontinent.eu\/fr\/2023\/10\/07\/israel-et-la-guerre-du-soukkot-geopolitique-des-reactions-a-lattaque-du-hamas-du-7-octobre-carte-exclusive-mise-a-jour-15h30-x-x-x\/\">par ici notre analyse<\/a>.<\/p>\n","protected":false},"excerpt":{"rendered":"<p>Le nombre de victimes isra\u00e9liennes et palestiniennes de la guerre de Soukkot s\u2019\u00e9l\u00e8ve de nouveau, quatre jours apr\u00e8s l\u2019attaque lanc\u00e9e par le Hamas contre Isra\u00ebl. La riposte militaire isra\u00e9lienne sur la bande de Gaza s\u2019intensifie tandis que l\u2019hypoth\u00e8se de l\u2019ouverture d\u2019un second front \u00e0 la fronti\u00e8re avec le Liban se maintient.<\/p>\n","protected":false},"author":6617,"featured_media":202944,"comment_status":"closed","ping_status":"closed","sticky":false,"template":"templates\/post-briefings.php","format":"standard","meta":{"_acf_changed":false,"_trash_the_other_posts":false,"_yoast_wpseo_estimated-reading-time-minutes":4,"footnotes":""},"categories":[3611],"tags":[],"staff":[],"editorial_format":[],"serie":[],"audience":[],"geo":[543],"class_list":["post-202940","post","type-post","status-publish","format-standard","hentry","category-la-guerre-de-soukkot","geo-mediterranee"],"acf":{"open_in_webview":false,"accent":false,"_thumbnail_id":202944,"excerpt":"Le nombre de victimes isra\u00e9liennes et palestiniennes de la guerre de Soukkot s\u2019\u00e9l\u00e8ve de nouveau, quatre jours apr\u00e8s l\u2019attaque lanc\u00e9e par le Hamas contre Isra\u00ebl. La riposte militaire isra\u00e9lienne sur la bande de Gaza s\u2019intensifie tandis que l\u2019hypoth\u00e8se de l\u2019ouverture d\u2019un second front \u00e0 la fronti\u00e8re avec le Liban se maintient.","display_date":"","new_abstract":true},"yoast_head":"<!-- This site is optimized with the Yoast SEO plugin v26.1.1 - https:\/\/yoast.com\/wordpress\/plugins\/seo\/ -->\n<title>Attaque du Hamas : d\u00e9couverte de nouveaux massacres. Intensification des frappes a\u00e9riennes sur Gaza. \u00c9changes de tirs \u00e0 la fronti\u00e8re libano-isra\u00e9lienne. Un bilan du quatri\u00e8me jour de guerre | Le Grand Continent<\/title>\n<meta name=\"robots\" content=\"index, follow, max-snippet:-1, max-image-preview:large, max-video-preview:-1\" \/>\n<link rel=\"canonical\" href=\"https:\/\/legrandcontinent.eu\/fr\/2023\/10\/10\/attaque-du-hamas-decouverte-de-nouveaux-massacres-intensification-des-frappes-aeriennes-sur-gaza-echanges-de-tirs-a-la-frontiere-libano-israelienne-un-bilan-du-quatrieme-jour-de-guerre\/\" \/>\n<meta property=\"og:locale\" content=\"fr_FR\" \/>\n<meta property=\"og:type\" content=\"article\" \/>\n<meta property=\"og:title\" content=\"Attaque du Hamas : d\u00e9couverte de nouveaux massacres. Intensification des frappes a\u00e9riennes sur Gaza. \u00c9changes de tirs \u00e0 la fronti\u00e8re libano-isra\u00e9lienne. Un bilan du quatri\u00e8me jour de guerre | Le Grand Continent\" \/>\n<meta property=\"og:description\" content=\"Le nombre de victimes isra\u00e9liennes et palestiniennes de la guerre de Soukkot s\u2019\u00e9l\u00e8ve de nouveau, quatre jours apr\u00e8s l\u2019attaque lanc\u00e9e par le Hamas contre Isra\u00ebl. La riposte militaire isra\u00e9lienne sur la bande de Gaza s\u2019intensifie tandis que l\u2019hypoth\u00e8se de l\u2019ouverture d\u2019un second front \u00e0 la fronti\u00e8re avec le Liban se maintient.\" \/>\n<meta property=\"og:url\" content=\"https:\/\/legrandcontinent.eu\/fr\/2023\/10\/10\/attaque-du-hamas-decouverte-de-nouveaux-massacres-intensification-des-frappes-aeriennes-sur-gaza-echanges-de-tirs-a-la-frontiere-libano-israelienne-un-bilan-du-quatrieme-jour-de-guerre\/\" \/>\n<meta property=\"og:site_name\" content=\"Le Grand Continent\" \/>\n<meta property=\"article:published_time\" content=\"2023-10-10T17:00:58+00:00\" \/>\n<meta property=\"article:modified_time\" content=\"2023-10-10T17:01:00+00:00\" \/>\n<meta property=\"og:image\" content=\"https:\/\/legrandcontinent.eu\/fr\/wp-content\/uploads\/sites\/2\/2023\/10\/Capture-decran-2023-10-10-a-19.00.06.png\" \/>\n\t<meta property=\"og:image:width\" content=\"1904\" \/>\n\t<meta property=\"og:image:height\" content=\"1068\" \/>\n\t<meta property=\"og:image:type\" content=\"image\/png\" \/>\n<meta name=\"author\" content=\"elenam\" \/>\n<meta name=\"twitter:card\" content=\"summary_large_image\" \/>\n<meta name=\"twitter:label1\" content=\"\u00c9crit par\" \/>\n\t<meta name=\"twitter:data1\" content=\"elenam\" \/>\n\t<meta name=\"twitter:label2\" content=\"Dur\u00e9e de lecture estim\u00e9e\" \/>\n\t<meta name=\"twitter:data2\" content=\"4 minutes\" \/>\n<script type=\"application\/ld+json\" class=\"yoast-schema-graph\">{\"@context\":\"https:\/\/schema.org\",\"@graph\":[{\"@type\":\"WebPage\",\"@id\":\"https:\/\/legrandcontinent.eu\/fr\/2023\/10\/10\/attaque-du-hamas-decouverte-de-nouveaux-massacres-intensification-des-frappes-aeriennes-sur-gaza-echanges-de-tirs-a-la-frontiere-libano-israelienne-un-bilan-du-quatrieme-jour-de-guerre\/\",\"url\":\"https:\/\/legrandcontinent.eu\/fr\/2023\/10\/10\/attaque-du-hamas-decouverte-de-nouveaux-massacres-intensification-des-frappes-aeriennes-sur-gaza-echanges-de-tirs-a-la-frontiere-libano-israelienne-un-bilan-du-quatrieme-jour-de-guerre\/\",\"name\":\"Attaque du Hamas : d\u00e9couverte de nouveaux massacres. Intensification des frappes a\u00e9riennes sur Gaza. \u00c9changes de tirs \u00e0 la fronti\u00e8re libano-isra\u00e9lienne. Un bilan du quatri\u00e8me jour de guerre | Le Grand Continent\",\"isPartOf\":{\"@id\":\"https:\/\/legrandcontinent.eu\/fr\/#website\"},\"primaryImageOfPage\":{\"@id\":\"https:\/\/legrandcontinent.eu\/fr\/2023\/10\/10\/attaque-du-hamas-decouverte-de-nouveaux-massacres-intensification-des-frappes-aeriennes-sur-gaza-echanges-de-tirs-a-la-frontiere-libano-israelienne-un-bilan-du-quatrieme-jour-de-guerre\/#primaryimage\"},\"image\":{\"@id\":\"https:\/\/legrandcontinent.eu\/fr\/2023\/10\/10\/attaque-du-hamas-decouverte-de-nouveaux-massacres-intensification-des-frappes-aeriennes-sur-gaza-echanges-de-tirs-a-la-frontiere-libano-israelienne-un-bilan-du-quatrieme-jour-de-guerre\/#primaryimage\"},\"thumbnailUrl\":\"https:\/\/legrandcontinent.eu\/fr\/wp-content\/uploads\/sites\/2\/2023\/10\/SIPA_sipausa31626558_000004-scaled.jpg\",\"datePublished\":\"2023-10-10T17:00:58+00:00\",\"dateModified\":\"2023-10-10T17:01:00+00:00\",\"author\":{\"@id\":\"https:\/\/legrandcontinent.eu\/fr\/#\/schema\/person\/4321684816ae1d7e501f1fe2d98dbf48\"},\"breadcrumb\":{\"@id\":\"https:\/\/legrandcontinent.eu\/fr\/2023\/10\/10\/attaque-du-hamas-decouverte-de-nouveaux-massacres-intensification-des-frappes-aeriennes-sur-gaza-echanges-de-tirs-a-la-frontiere-libano-israelienne-un-bilan-du-quatrieme-jour-de-guerre\/#breadcrumb\"},\"inLanguage\":\"fr-FR\",\"potentialAction\":[{\"@type\":\"ReadAction\",\"target\":[\"https:\/\/legrandcontinent.eu\/fr\/2023\/10\/10\/attaque-du-hamas-decouverte-de-nouveaux-massacres-intensification-des-frappes-aeriennes-sur-gaza-echanges-de-tirs-a-la-frontiere-libano-israelienne-un-bilan-du-quatrieme-jour-de-guerre\/\"]}]},{\"@type\":\"ImageObject\",\"inLanguage\":\"fr-FR\",\"@id\":\"https:\/\/legrandcontinent.eu\/fr\/2023\/10\/10\/attaque-du-hamas-decouverte-de-nouveaux-massacres-intensification-des-frappes-aeriennes-sur-gaza-echanges-de-tirs-a-la-frontiere-libano-israelienne-un-bilan-du-quatrieme-jour-de-guerre\/#primaryimage\",\"url\":\"https:\/\/legrandcontinent.eu\/fr\/wp-content\/uploads\/sites\/2\/2023\/10\/SIPA_sipausa31626558_000004-scaled.jpg\",\"contentUrl\":\"https:\/\/legrandcontinent.eu\/fr\/wp-content\/uploads\/sites\/2\/2023\/10\/SIPA_sipausa31626558_000004-scaled.jpg\",\"width\":2560,\"height\":1707,\"caption\":\"Smoke and flames billow after Israeli forces hit a high-rise tower in Gaza City. October 9, 2023, Gaza, Palestine: Palestinian militants have started a \\\"war\\\" against Israel, infiltrating by air, sea and land from the blockaded Gaza Strip, Israeli officials said. A major escalation in the Israeli-Palestinian conflict. Featuring: Heavy bombardment Where: Gaza, Palestine, Palestine When: 09 Oct 2023 Credit: TheNews2\/Cover Images\/COVER53115414\/TheNews2\/Cover ImagesCOVER\/SIPA\/2310101045\"},{\"@type\":\"BreadcrumbList\",\"@id\":\"https:\/\/legrandcontinent.eu\/fr\/2023\/10\/10\/attaque-du-hamas-decouverte-de-nouveaux-massacres-intensification-des-frappes-aeriennes-sur-gaza-echanges-de-tirs-a-la-frontiere-libano-israelienne-un-bilan-du-quatrieme-jour-de-guerre\/#breadcrumb\",\"itemListElement\":[{\"@type\":\"ListItem\",\"position\":1,\"name\":\"Accueil\",\"item\":\"https:\/\/legrandcontinent.eu\/fr\/\"},{\"@type\":\"ListItem\",\"position\":2,\"name\":\"Attaque du Hamas&#160;: d\u00e9couverte de nouveaux massacres. Intensification des frappes a\u00e9riennes sur Gaza. \u00c9changes de tirs \u00e0 la fronti\u00e8re libano-isra\u00e9lienne. Un bilan du quatri\u00e8me jour de guerre\"}]},{\"@type\":\"WebSite\",\"@id\":\"https:\/\/legrandcontinent.eu\/fr\/#website\",\"url\":\"https:\/\/legrandcontinent.eu\/fr\/\",\"name\":\"Le Grand Continent\",\"description\":\"L&#039;\u00e9chelle pertinente\",\"potentialAction\":[{\"@type\":\"SearchAction\",\"target\":{\"@type\":\"EntryPoint\",\"urlTemplate\":\"https:\/\/legrandcontinent.eu\/fr\/?s={search_term_string}\"},\"query-input\":{\"@type\":\"PropertyValueSpecification\",\"valueRequired\":true,\"valueName\":\"search_term_string\"}}],\"inLanguage\":\"fr-FR\"},{\"@type\":\"Person\",\"@id\":\"https:\/\/legrandcontinent.eu\/fr\/#\/schema\/person\/4321684816ae1d7e501f1fe2d98dbf48\",\"name\":\"elenam\",\"image\":{\"@type\":\"ImageObject\",\"inLanguage\":\"fr-FR\",\"@id\":\"https:\/\/legrandcontinent.eu\/fr\/#\/schema\/person\/image\/\",\"url\":\"https:\/\/secure.gravatar.com\/avatar\/bac1ca1e34271700e00edbab2385d1dc?s=96&d=mm&r=g\",\"contentUrl\":\"https:\/\/secure.gravatar.com\/avatar\/bac1ca1e34271700e00edbab2385d1dc?s=96&d=mm&r=g\",\"caption\":\"elenam\"}}]}<\/script>\n<!-- \/ Yoast SEO plugin. -->","yoast_head_json":{"title":"Attaque du Hamas : d\u00e9couverte de nouveaux massacres. Intensification des frappes a\u00e9riennes sur Gaza. \u00c9changes de tirs \u00e0 la fronti\u00e8re libano-isra\u00e9lienne. Un bilan du quatri\u00e8me jour de guerre | Le Grand Continent","robots":{"index":"index","follow":"follow","max-snippet":"max-snippet:-1","max-image-preview":"max-image-preview:large","max-video-preview":"max-video-preview:-1"},"canonical":"https:\/\/legrandcontinent.eu\/fr\/2023\/10\/10\/attaque-du-hamas-decouverte-de-nouveaux-massacres-intensification-des-frappes-aeriennes-sur-gaza-echanges-de-tirs-a-la-frontiere-libano-israelienne-un-bilan-du-quatrieme-jour-de-guerre\/","og_locale":"fr_FR","og_type":"article","og_title":"Attaque du Hamas : d\u00e9couverte de nouveaux massacres. Intensification des frappes a\u00e9riennes sur Gaza. \u00c9changes de tirs \u00e0 la fronti\u00e8re libano-isra\u00e9lienne. Un bilan du quatri\u00e8me jour de guerre | Le Grand Continent","og_description":"Le nombre de victimes isra\u00e9liennes et palestiniennes de la guerre de Soukkot s\u2019\u00e9l\u00e8ve de nouveau, quatre jours apr\u00e8s l\u2019attaque lanc\u00e9e par le Hamas contre Isra\u00ebl. La riposte militaire isra\u00e9lienne sur la bande de Gaza s\u2019intensifie tandis que l\u2019hypoth\u00e8se de l\u2019ouverture d\u2019un second front \u00e0 la fronti\u00e8re avec le Liban se maintient.","og_url":"https:\/\/legrandcontinent.eu\/fr\/2023\/10\/10\/attaque-du-hamas-decouverte-de-nouveaux-massacres-intensification-des-frappes-aeriennes-sur-gaza-echanges-de-tirs-a-la-frontiere-libano-israelienne-un-bilan-du-quatrieme-jour-de-guerre\/","og_site_name":"Le Grand Continent","article_published_time":"2023-10-10T17:00:58+00:00","article_modified_time":"2023-10-10T17:01:00+00:00","og_image":[{"width":1904,"height":1068,"url":"https:\/\/legrandcontinent.eu\/fr\/wp-content\/uploads\/sites\/2\/2023\/10\/Capture-decran-2023-10-10-a-19.00.06.png","type":"image\/png"}],"author":"elenam","twitter_card":"summary_large_image","twitter_misc":{"\u00c9crit par":"elenam","Dur\u00e9e de lecture estim\u00e9e":"4 minutes"},"schema":{"@context":"https:\/\/schema.org","@graph":[{"@type":"WebPage","@id":"https:\/\/legrandcontinent.eu\/fr\/2023\/10\/10\/attaque-du-hamas-decouverte-de-nouveaux-massacres-intensification-des-frappes-aeriennes-sur-gaza-echanges-de-tirs-a-la-frontiere-libano-israelienne-un-bilan-du-quatrieme-jour-de-guerre\/","url":"https:\/\/legrandcontinent.eu\/fr\/2023\/10\/10\/attaque-du-hamas-decouverte-de-nouveaux-massacres-intensification-des-frappes-aeriennes-sur-gaza-echanges-de-tirs-a-la-frontiere-libano-israelienne-un-bilan-du-quatrieme-jour-de-guerre\/","name":"Attaque du Hamas : d\u00e9couverte de nouveaux massacres. Intensification des frappes a\u00e9riennes sur Gaza. \u00c9changes de tirs \u00e0 la fronti\u00e8re libano-isra\u00e9lienne. Un bilan du quatri\u00e8me jour de guerre | Le Grand Continent","isPartOf":{"@id":"https:\/\/legrandcontinent.eu\/fr\/#website"},"primaryImageOfPage":{"@id":"https:\/\/legrandcontinent.eu\/fr\/2023\/10\/10\/attaque-du-hamas-decouverte-de-nouveaux-massacres-intensification-des-frappes-aeriennes-sur-gaza-echanges-de-tirs-a-la-frontiere-libano-israelienne-un-bilan-du-quatrieme-jour-de-guerre\/#primaryimage"},"image":{"@id":"https:\/\/legrandcontinent.eu\/fr\/2023\/10\/10\/attaque-du-hamas-decouverte-de-nouveaux-massacres-intensification-des-frappes-aeriennes-sur-gaza-echanges-de-tirs-a-la-frontiere-libano-israelienne-un-bilan-du-quatrieme-jour-de-guerre\/#primaryimage"},"thumbnailUrl":"https:\/\/legrandcontinent.eu\/fr\/wp-content\/uploads\/sites\/2\/2023\/10\/SIPA_sipausa31626558_000004-scaled.jpg","datePublished":"2023-10-10T17:00:58+00:00","dateModified":"2023-10-10T17:01:00+00:00","author":{"@id":"https:\/\/legrandcontinent.eu\/fr\/#\/schema\/person\/4321684816ae1d7e501f1fe2d98dbf48"},"breadcrumb":{"@id":"https:\/\/legrandcontinent.eu\/fr\/2023\/10\/10\/attaque-du-hamas-decouverte-de-nouveaux-massacres-intensification-des-frappes-aeriennes-sur-gaza-echanges-de-tirs-a-la-frontiere-libano-israelienne-un-bilan-du-quatrieme-jour-de-guerre\/#breadcrumb"},"inLanguage":"fr-FR","potentialAction":[{"@type":"ReadAction","target":["https:\/\/legrandcontinent.eu\/fr\/2023\/10\/10\/attaque-du-hamas-decouverte-de-nouveaux-massacres-intensification-des-frappes-aeriennes-sur-gaza-echanges-de-tirs-a-la-frontiere-libano-israelienne-un-bilan-du-quatrieme-jour-de-guerre\/"]}]},{"@type":"ImageObject","inLanguage":"fr-FR","@id":"https:\/\/legrandcontinent.eu\/fr\/2023\/10\/10\/attaque-du-hamas-decouverte-de-nouveaux-massacres-intensification-des-frappes-aeriennes-sur-gaza-echanges-de-tirs-a-la-frontiere-libano-israelienne-un-bilan-du-quatrieme-jour-de-guerre\/#primaryimage","url":"https:\/\/legrandcontinent.eu\/fr\/wp-content\/uploads\/sites\/2\/2023\/10\/SIPA_sipausa31626558_000004-scaled.jpg","contentUrl":"https:\/\/legrandcontinent.eu\/fr\/wp-content\/uploads\/sites\/2\/2023\/10\/SIPA_sipausa31626558_000004-scaled.jpg","width":2560,"height":1707,"caption":"Smoke and flames billow after Israeli forces hit a high-rise tower in Gaza City. October 9, 2023, Gaza, Palestine: Palestinian militants have started a \"war\" against Israel, infiltrating by air, sea and land from the blockaded Gaza Strip, Israeli officials said. A major escalation in the Israeli-Palestinian conflict. Featuring: Heavy bombardment Where: Gaza, Palestine, Palestine When: 09 Oct 2023 Credit: TheNews2\/Cover Images\/COVER53115414\/TheNews2\/Cover ImagesCOVER\/SIPA\/2310101045"},{"@type":"BreadcrumbList","@id":"https:\/\/legrandcontinent.eu\/fr\/2023\/10\/10\/attaque-du-hamas-decouverte-de-nouveaux-massacres-intensification-des-frappes-aeriennes-sur-gaza-echanges-de-tirs-a-la-frontiere-libano-israelienne-un-bilan-du-quatrieme-jour-de-guerre\/#breadcrumb","itemListElement":[{"@type":"ListItem","position":1,"name":"Accueil","item":"https:\/\/legrandcontinent.eu\/fr\/"},{"@type":"ListItem","position":2,"name":"Attaque du Hamas&#160;: d\u00e9couverte de nouveaux massacres. Intensification des frappes a\u00e9riennes sur Gaza. \u00c9changes de tirs \u00e0 la fronti\u00e8re libano-isra\u00e9lienne. Un bilan du quatri\u00e8me jour de guerre"}]},{"@type":"WebSite","@id":"https:\/\/legrandcontinent.eu\/fr\/#website","url":"https:\/\/legrandcontinent.eu\/fr\/","name":"Le Grand Continent","description":"L&#039;\u00e9chelle pertinente","potentialAction":[{"@type":"SearchAction","target":{"@type":"EntryPoint","urlTemplate":"https:\/\/legrandcontinent.eu\/fr\/?s={search_term_string}"},"query-input":{"@type":"PropertyValueSpecification","valueRequired":true,"valueName":"search_term_string"}}],"inLanguage":"fr-FR"},{"@type":"Person","@id":"https:\/\/legrandcontinent.eu\/fr\/#\/schema\/person\/4321684816ae1d7e501f1fe2d98dbf48","name":"elenam","image":{"@type":"ImageObject","inLanguage":"fr-FR","@id":"https:\/\/legrandcontinent.eu\/fr\/#\/schema\/person\/image\/","url":"https:\/\/secure.gravatar.com\/avatar\/bac1ca1e34271700e00edbab2385d1dc?s=96&d=mm&r=g","contentUrl":"https:\/\/secure.gravatar.com\/avatar\/bac1ca1e34271700e00edbab2385d1dc?s=96&d=mm&r=g","caption":"elenam"}}]}},"lgc_categories":[{"id":3611,"name":"Isra\u00ebl, Hamas&#160;: le 7-Octobre deux ans apr\u00e8s","slug":"la-guerre-de-soukkot"}],"lgc_author":null,"feature_image_summary":{"url":"https:\/\/legrandcontinent.eu\/fr\/wp-content\/uploads\/sites\/2\/2023\/10\/SIPA_sipausa31626558_000004-scaled.jpg","width":2560,"height":1707,"alt":""},"feature_image_cover":null,"term_position_data":null,"_links":{"self":[{"href":"https:\/\/legrandcontinent.eu\/fr\/wp-json\/wp\/v2\/posts\/202940","targetHints":{"allow":["GET"]}}],"collection":[{"href":"https:\/\/legrandcontinent.eu\/fr\/wp-json\/wp\/v2\/posts"}],"about":[{"href":"https:\/\/legrandcontinent.eu\/fr\/wp-json\/wp\/v2\/types\/post"}],"author":[{"embeddable":true,"href":"https:\/\/legrandcontinent.eu\/fr\/wp-json\/wp\/v2\/users\/6617"}],"replies":[{"embeddable":true,"href":"https:\/\/legrandcontinent.eu\/fr\/wp-json\/wp\/v2\/comments?post=202940"}],"version-history":[{"count":0,"href":"https:\/\/legrandcontinent.eu\/fr\/wp-json\/wp\/v2\/posts\/202940\/revisions"}],"wp:featuredmedia":[{"embeddable":true,"href":"https:\/\/legrandcontinent.eu\/fr\/wp-json\/wp\/v2\/media\/202944"}],"wp:attachment":[{"href":"https:\/\/legrandcontinent.eu\/fr\/wp-json\/wp\/v2\/media?parent=202940"}],"wp:term":[{"taxonomy":"category","embeddable":true,"href":"https:\/\/legrandcontinent.eu\/fr\/wp-json\/wp\/v2\/categories?post=202940"},{"taxonomy":"post_tag","embeddable":true,"href":"https:\/\/legrandcontinent.eu\/fr\/wp-json\/wp\/v2\/tags?post=202940"},{"taxonomy":"staff","embeddable":true,"href":"https:\/\/legrandcontinent.eu\/fr\/wp-json\/wp\/v2\/staff?post=202940"},{"taxonomy":"editorial_format","embeddable":true,"href":"https:\/\/legrandcontinent.eu\/fr\/wp-json\/wp\/v2\/editorial_format?post=202940"},{"taxonomy":"serie","embeddable":true,"href":"https:\/\/legrandcontinent.eu\/fr\/wp-json\/wp\/v2\/serie?post=202940"},{"taxonomy":"audience","embeddable":true,"href":"https:\/\/legrandcontinent.eu\/fr\/wp-json\/wp\/v2\/audience?post=202940"},{"taxonomy":"geo","embeddable":true,"href":"https:\/\/legrandcontinent.eu\/fr\/wp-json\/wp\/v2\/geo?post=202940"}],"curies":[{"name":"wp","href":"https:\/\/api.w.org\/{rel}","templated":true}]}}