{"id":201557,"date":"2023-10-05T06:00:00","date_gmt":"2023-10-05T04:00:00","guid":{"rendered":"https:\/\/legrandcontinent.eu\/fr\/?p=201557"},"modified":"2023-10-18T11:31:34","modified_gmt":"2023-10-18T09:31:34","slug":"le-troisieme-sommet-de-la-communaute-politique-europeenne-souvre-a-grenade","status":"publish","type":"post","link":"https:\/\/legrandcontinent.eu\/fr\/2023\/10\/05\/le-troisieme-sommet-de-la-communaute-politique-europeenne-souvre-a-grenade\/","title":{"rendered":"Le troisi\u00e8me sommet de la Communaut\u00e9 politique europ\u00e9enne s\u2019ouvre \u00e0 Grenade"},"content":{"rendered":"\n<p>Aujourd\u2019hui, l\u2019Alhambra de Grenade rassemblera les chefs d\u2019\u00c9tat et de gouvernement de 45 \u00c9tats, c\u2019est-\u00e0-dire repr\u00e9sentant tous les \u00c9tats du continent europ\u00e9en (hors B\u00e9larus et partie occidentale de la Russie) ainsi que certains \u00c9tats d\u2019Asie occidentale.&nbsp;Les chefs d&rsquo;\u00c9tat de la Turquie et de l&rsquo;Azerba\u00efdjan seront absents.<\/p>\n\n\n\n<div class=\"iframe-container wp-block-image wp-block-image-medium  iframe-dw\">\n\t<div>\n\t\t<iframe class=\"absolute w-full h-full pin-t pin-l\" title=\"titolo\" aria-label=\"Interactive line chart\" src=\"\/\/datawrapper.dwcdn.net\/9AY0z\/ \" scrolling=\"no\" frameborder=\"0\"><\/iframe>\n\t<\/div>\n<\/div>\n\n\n\n<ul class=\"wp-block-list\">\n<li>Il s\u2019agit de la troisi\u00e8me \u00e9dition du sommet bi-annuel, dont le format a \u00e9t\u00e9 act\u00e9 lors du Conseil europ\u00e9en de juin 2022, sur proposition du pr\u00e9sident fran\u00e7ais. Le dernier sommet s\u2019est d\u00e9roul\u00e9 en Moldavie \u00e0 Chi\u0219in\u0103u en mai dernier&#160;; le prochain aura lieu au printemps au Royaume-Uni, selon l\u2019alternance tacite entre un pays membre de l\u2019Union et un pays hors de l\u2019Union.<\/li>\n<\/ul>\n\n\n\n<ul class=\"wp-block-list\">\n<li>Le sommet sera structur\u00e9 autour de trois th\u00e8mes&#160;: le num\u00e9rique&#160;; l\u2019environnement, l\u2019\u00e9nergie et la transition \u00e9cologique&#160;; le multilat\u00e9ralisme et la g\u00e9ostrat\u00e9gie.&nbsp;<\/li>\n<\/ul>\n\n\n\n<ul class=\"wp-block-list\">\n<li>Pour la <a href=\"https:\/\/legrandcontinent.eu\/fr\/2023\/05\/22\/ladhesion-de-la-moldavie-a-lunion-est-une-question-existentielle-une-conversation-avec-maia-sandu\/\">pr\u00e9sidente moldave Sandu<\/a>, qui avait accueilli le pr\u00e9c\u00e9dent sommet, la CPE est \u00ab&#160;une mani\u00e8re plus informelle de se rencontrer, de discuter et de trouver des solutions communes qui pourraient ensuite d\u00e9boucher sur des projets sp\u00e9cifiques&#160;\u00bb. De leur c\u00f4t\u00e9, Mayer, Pisani-Ferry, Schwarzer et Vall\u00e9e, <a href=\"https:\/\/legrandcontinent.eu\/fr\/2022\/09\/22\/une-feuille-de-route-pour-la-communaute-politique-europeenne\/?mc_cid=bef2ea0f65&amp;mc_eid=8c64655674\">pointaient du doigt<\/a> le fait que le sommet \u00ab&#160;court le risque de devenir un simple forum de dirigeants qui se r\u00e9unirait une ou deux fois par an&#160;\u00bb.<\/li>\n<\/ul>\n\n\n\n<div class=\"iframe-container wp-block-image wp-block-image-medium  iframe-dw\">\n\t<div>\n\t\t<iframe class=\"absolute w-full h-full pin-t pin-l\" title=\"titolo\" aria-label=\"Interactive line chart\" src=\"\/\/datawrapper.dwcdn.net\/kTVLV\/\" scrolling=\"no\" frameborder=\"0\"><\/iframe>\n\t<\/div>\n<\/div>\n\n\n\n<p>Plusieurs \u00c9tats participants au sommet connaissent en parall\u00e8le de fortes tensions bilat\u00e9rales frontali\u00e8res, voire des conflits bilat\u00e9raux ouverts, dans le cas de l\u2019Arm\u00e9nie et de l\u2019Azerba\u00efdjan.&nbsp;<\/p>\n\n\n\n<ul class=\"wp-block-list\">\n<li>Face au <a href=\"https:\/\/legrandcontinent.eu\/fr\/2023\/09\/28\/plus-de-la-moitie-de-la-population-armenienne-du-haut-karabagh-a-fui-la-region\/\">conflit qui oppose les deux \u00c9tats voisins du Caucase<\/a>, les dirigeants de l\u2019Azerba\u00efdjan et de l\u2019Arm\u00e9nie, Ilham Aliyev et Nikol Pachinian devaient se rencontrer en marge du sommet en pr\u00e9sence du pr\u00e9sident du Conseil europ\u00e9en Charles Michel, du pr\u00e9sident fran\u00e7ais Emmanuel Macron et du chancelier allemand Olaf Scholz.\u00a0Mais finalement Aliyev ne sera pas pr\u00e9sent. <\/li>\n<\/ul>\n\n\n\n<ul class=\"wp-block-list\">\n<li>La Serbie et le Kosovo sont deux autres participants \u00e0 la CPE qui ont connu ces derniers jours une mont\u00e9e des tensions meurtri\u00e8res. Des affrontements entre un commando serbe et les forces kosovares dans le nord du Kosovo ont fait quatre morts le 24 septembre dernier. L\u2019OTAN a en r\u00e9action renforc\u00e9 de 600 soldats ses troupes stationn\u00e9es au Kosovo.&nbsp;<\/li>\n<\/ul>\n\n\n\n<p>Le sommet de la CPE sera suivi, le vendredi 6 octobre, d\u2019un Conseil europ\u00e9en informel sur l\u2019\u00e9largissement. Les processus de d\u00e9cision (\u00e0 l\u2019unanimit\u00e9 ou la majorit\u00e9 qualifi\u00e9e), la pr\u00e9servation des politiques de l\u2019Union, les transformations de la structure institutionnelle de l\u2019Union en parall\u00e8le de son \u00e9largissement \u2013 abord\u00e9es dans le <a href=\"https:\/\/legrandcontinent.eu\/fr\/2023\/10\/04\/elargir-et-reformer-lunion-la-feuille-de-route-du-groupe-des-douze\/\">rapport<\/a> du \u00ab&#160;Groupe des Douze&#160;\u00bb experts franco-allemands pr\u00e9sent\u00e9 le 19 septembre \u2013 font partie des lignes de r\u00e9flexions qui structureront les discussions des chefs d\u2019\u00c9tat et de gouvernement. La migration sera aussi au centre des discussions.<\/p>\n","protected":false},"excerpt":{"rendered":"<p>La troisi\u00e8me \u00e9dition du sommet de la Communaut\u00e9 politique europ\u00e9enne s\u2019ouvre ce jeudi 5 octobre, en amont d\u2019un Conseil europ\u00e9en informel o\u00f9 les questions de l\u2019\u00e9largissement de l\u2019Union et des migrations seront au centre des discussions.<\/p>\n","protected":false},"author":6617,"featured_media":201561,"comment_status":"closed","ping_status":"closed","sticky":false,"template":"templates\/post-briefings.php","format":"standard","meta":{"_acf_changed":false,"_trash_the_other_posts":false,"_yoast_wpseo_estimated-reading-time-minutes":3,"footnotes":""},"categories":[3622],"tags":[],"staff":[],"editorial_format":[],"serie":[],"audience":[],"geo":[1917],"class_list":["post-201557","post","type-post","status-publish","format-standard","hentry","category-communaute-politique-europeenne","geo-europe"],"acf":{"open_in_webview":false,"accent":false,"_thumbnail_id":201561,"excerpt":"La troisi\u00e8me \u00e9dition du sommet de la Communaut\u00e9 politique europ\u00e9enne s\u2019ouvre ce jeudi 5 octobre, en amont d\u2019un Conseil europ\u00e9en informel o\u00f9 les questions de l\u2019\u00e9largissement de l\u2019Union et des migrations seront au centre des discussions.","display_date":"","new_abstract":true},"yoast_head":"<!-- This site is optimized with the Yoast SEO plugin v26.1.1 - https:\/\/yoast.com\/wordpress\/plugins\/seo\/ -->\n<title>Le troisi\u00e8me sommet de la Communaut\u00e9 politique europ\u00e9enne s\u2019ouvre \u00e0 Grenade | Le Grand Continent<\/title>\n<meta name=\"robots\" content=\"index, follow, max-snippet:-1, max-image-preview:large, max-video-preview:-1\" \/>\n<link rel=\"canonical\" href=\"https:\/\/legrandcontinent.eu\/fr\/2023\/10\/05\/le-troisieme-sommet-de-la-communaute-politique-europeenne-souvre-a-grenade\/\" \/>\n<meta property=\"og:locale\" content=\"fr_FR\" \/>\n<meta property=\"og:type\" content=\"article\" \/>\n<meta property=\"og:title\" content=\"Le troisi\u00e8me sommet de la Communaut\u00e9 politique europ\u00e9enne s\u2019ouvre \u00e0 Grenade | Le Grand Continent\" \/>\n<meta property=\"og:description\" content=\"La troisi\u00e8me \u00e9dition du sommet de la Communaut\u00e9 politique europ\u00e9enne s\u2019ouvre ce jeudi 5 octobre, en amont d\u2019un Conseil europ\u00e9en informel o\u00f9 les questions de l\u2019\u00e9largissement de l\u2019Union et des migrations seront au centre des discussions.\" \/>\n<meta property=\"og:url\" content=\"https:\/\/legrandcontinent.eu\/fr\/2023\/10\/05\/le-troisieme-sommet-de-la-communaute-politique-europeenne-souvre-a-grenade\/\" \/>\n<meta property=\"og:site_name\" content=\"Le Grand Continent\" \/>\n<meta property=\"article:published_time\" content=\"2023-10-05T04:00:00+00:00\" \/>\n<meta property=\"article:modified_time\" content=\"2023-10-18T09:31:34+00:00\" \/>\n<meta property=\"og:image\" content=\"https:\/\/legrandcontinent.eu\/fr\/wp-content\/uploads\/sites\/2\/2023\/10\/9AY0z-les-tats-attendus-au-3e-sommet-de-la-communaut-politique-europ-enne-cpe-grenade-le-5-octobre.png\" \/>\n\t<meta property=\"og:image:width\" content=\"1204\" \/>\n\t<meta property=\"og:image:height\" content=\"1292\" \/>\n\t<meta property=\"og:image:type\" content=\"image\/png\" \/>\n<meta name=\"author\" content=\"elenam\" \/>\n<meta name=\"twitter:card\" content=\"summary_large_image\" \/>\n<meta name=\"twitter:label1\" content=\"\u00c9crit par\" \/>\n\t<meta name=\"twitter:data1\" content=\"elenam\" \/>\n\t<meta name=\"twitter:label2\" content=\"Dur\u00e9e de lecture estim\u00e9e\" \/>\n\t<meta name=\"twitter:data2\" content=\"3 minutes\" \/>\n<script type=\"application\/ld+json\" class=\"yoast-schema-graph\">{\"@context\":\"https:\/\/schema.org\",\"@graph\":[{\"@type\":\"WebPage\",\"@id\":\"https:\/\/legrandcontinent.eu\/fr\/2023\/10\/05\/le-troisieme-sommet-de-la-communaute-politique-europeenne-souvre-a-grenade\/\",\"url\":\"https:\/\/legrandcontinent.eu\/fr\/2023\/10\/05\/le-troisieme-sommet-de-la-communaute-politique-europeenne-souvre-a-grenade\/\",\"name\":\"Le troisi\u00e8me sommet de la Communaut\u00e9 politique europ\u00e9enne s\u2019ouvre \u00e0 Grenade | Le Grand Continent\",\"isPartOf\":{\"@id\":\"https:\/\/legrandcontinent.eu\/fr\/#website\"},\"primaryImageOfPage\":{\"@id\":\"https:\/\/legrandcontinent.eu\/fr\/2023\/10\/05\/le-troisieme-sommet-de-la-communaute-politique-europeenne-souvre-a-grenade\/#primaryimage\"},\"image\":{\"@id\":\"https:\/\/legrandcontinent.eu\/fr\/2023\/10\/05\/le-troisieme-sommet-de-la-communaute-politique-europeenne-souvre-a-grenade\/#primaryimage\"},\"thumbnailUrl\":\"https:\/\/legrandcontinent.eu\/fr\/wp-content\/uploads\/sites\/2\/2023\/10\/9AY0z-les-tats-attendus-au-3e-sommet-de-la-communaut-politique-europ-enne-cpe-grenade-le-5-octobre.png\",\"datePublished\":\"2023-10-05T04:00:00+00:00\",\"dateModified\":\"2023-10-18T09:31:34+00:00\",\"author\":{\"@id\":\"https:\/\/legrandcontinent.eu\/fr\/#\/schema\/person\/4321684816ae1d7e501f1fe2d98dbf48\"},\"breadcrumb\":{\"@id\":\"https:\/\/legrandcontinent.eu\/fr\/2023\/10\/05\/le-troisieme-sommet-de-la-communaute-politique-europeenne-souvre-a-grenade\/#breadcrumb\"},\"inLanguage\":\"fr-FR\",\"potentialAction\":[{\"@type\":\"ReadAction\",\"target\":[\"https:\/\/legrandcontinent.eu\/fr\/2023\/10\/05\/le-troisieme-sommet-de-la-communaute-politique-europeenne-souvre-a-grenade\/\"]}]},{\"@type\":\"ImageObject\",\"inLanguage\":\"fr-FR\",\"@id\":\"https:\/\/legrandcontinent.eu\/fr\/2023\/10\/05\/le-troisieme-sommet-de-la-communaute-politique-europeenne-souvre-a-grenade\/#primaryimage\",\"url\":\"https:\/\/legrandcontinent.eu\/fr\/wp-content\/uploads\/sites\/2\/2023\/10\/9AY0z-les-tats-attendus-au-3e-sommet-de-la-communaut-politique-europ-enne-cpe-grenade-le-5-octobre.png\",\"contentUrl\":\"https:\/\/legrandcontinent.eu\/fr\/wp-content\/uploads\/sites\/2\/2023\/10\/9AY0z-les-tats-attendus-au-3e-sommet-de-la-communaut-politique-europ-enne-cpe-grenade-le-5-octobre.png\",\"width\":1204,\"height\":1292},{\"@type\":\"BreadcrumbList\",\"@id\":\"https:\/\/legrandcontinent.eu\/fr\/2023\/10\/05\/le-troisieme-sommet-de-la-communaute-politique-europeenne-souvre-a-grenade\/#breadcrumb\",\"itemListElement\":[{\"@type\":\"ListItem\",\"position\":1,\"name\":\"Accueil\",\"item\":\"https:\/\/legrandcontinent.eu\/fr\/\"},{\"@type\":\"ListItem\",\"position\":2,\"name\":\"Le troisi\u00e8me sommet de la Communaut\u00e9 politique europ\u00e9enne s\u2019ouvre \u00e0 Grenade\"}]},{\"@type\":\"WebSite\",\"@id\":\"https:\/\/legrandcontinent.eu\/fr\/#website\",\"url\":\"https:\/\/legrandcontinent.eu\/fr\/\",\"name\":\"Le Grand Continent\",\"description\":\"L&#039;\u00e9chelle pertinente\",\"potentialAction\":[{\"@type\":\"SearchAction\",\"target\":{\"@type\":\"EntryPoint\",\"urlTemplate\":\"https:\/\/legrandcontinent.eu\/fr\/?s={search_term_string}\"},\"query-input\":{\"@type\":\"PropertyValueSpecification\",\"valueRequired\":true,\"valueName\":\"search_term_string\"}}],\"inLanguage\":\"fr-FR\"},{\"@type\":\"Person\",\"@id\":\"https:\/\/legrandcontinent.eu\/fr\/#\/schema\/person\/4321684816ae1d7e501f1fe2d98dbf48\",\"name\":\"elenam\",\"image\":{\"@type\":\"ImageObject\",\"inLanguage\":\"fr-FR\",\"@id\":\"https:\/\/legrandcontinent.eu\/fr\/#\/schema\/person\/image\/\",\"url\":\"https:\/\/secure.gravatar.com\/avatar\/bac1ca1e34271700e00edbab2385d1dc?s=96&d=mm&r=g\",\"contentUrl\":\"https:\/\/secure.gravatar.com\/avatar\/bac1ca1e34271700e00edbab2385d1dc?s=96&d=mm&r=g\",\"caption\":\"elenam\"}}]}<\/script>\n<!-- \/ Yoast SEO plugin. -->","yoast_head_json":{"title":"Le troisi\u00e8me sommet de la Communaut\u00e9 politique europ\u00e9enne s\u2019ouvre \u00e0 Grenade | Le Grand Continent","robots":{"index":"index","follow":"follow","max-snippet":"max-snippet:-1","max-image-preview":"max-image-preview:large","max-video-preview":"max-video-preview:-1"},"canonical":"https:\/\/legrandcontinent.eu\/fr\/2023\/10\/05\/le-troisieme-sommet-de-la-communaute-politique-europeenne-souvre-a-grenade\/","og_locale":"fr_FR","og_type":"article","og_title":"Le troisi\u00e8me sommet de la Communaut\u00e9 politique europ\u00e9enne s\u2019ouvre \u00e0 Grenade | Le Grand Continent","og_description":"La troisi\u00e8me \u00e9dition du sommet de la Communaut\u00e9 politique europ\u00e9enne s\u2019ouvre ce jeudi 5 octobre, en amont d\u2019un Conseil europ\u00e9en informel o\u00f9 les questions de l\u2019\u00e9largissement de l\u2019Union et des migrations seront au centre des discussions.","og_url":"https:\/\/legrandcontinent.eu\/fr\/2023\/10\/05\/le-troisieme-sommet-de-la-communaute-politique-europeenne-souvre-a-grenade\/","og_site_name":"Le Grand Continent","article_published_time":"2023-10-05T04:00:00+00:00","article_modified_time":"2023-10-18T09:31:34+00:00","og_image":[{"width":1204,"height":1292,"url":"https:\/\/legrandcontinent.eu\/fr\/wp-content\/uploads\/sites\/2\/2023\/10\/9AY0z-les-tats-attendus-au-3e-sommet-de-la-communaut-politique-europ-enne-cpe-grenade-le-5-octobre.png","type":"image\/png"}],"author":"elenam","twitter_card":"summary_large_image","twitter_misc":{"\u00c9crit par":"elenam","Dur\u00e9e de lecture estim\u00e9e":"3 minutes"},"schema":{"@context":"https:\/\/schema.org","@graph":[{"@type":"WebPage","@id":"https:\/\/legrandcontinent.eu\/fr\/2023\/10\/05\/le-troisieme-sommet-de-la-communaute-politique-europeenne-souvre-a-grenade\/","url":"https:\/\/legrandcontinent.eu\/fr\/2023\/10\/05\/le-troisieme-sommet-de-la-communaute-politique-europeenne-souvre-a-grenade\/","name":"Le troisi\u00e8me sommet de la Communaut\u00e9 politique europ\u00e9enne s\u2019ouvre \u00e0 Grenade | Le Grand Continent","isPartOf":{"@id":"https:\/\/legrandcontinent.eu\/fr\/#website"},"primaryImageOfPage":{"@id":"https:\/\/legrandcontinent.eu\/fr\/2023\/10\/05\/le-troisieme-sommet-de-la-communaute-politique-europeenne-souvre-a-grenade\/#primaryimage"},"image":{"@id":"https:\/\/legrandcontinent.eu\/fr\/2023\/10\/05\/le-troisieme-sommet-de-la-communaute-politique-europeenne-souvre-a-grenade\/#primaryimage"},"thumbnailUrl":"https:\/\/legrandcontinent.eu\/fr\/wp-content\/uploads\/sites\/2\/2023\/10\/9AY0z-les-tats-attendus-au-3e-sommet-de-la-communaut-politique-europ-enne-cpe-grenade-le-5-octobre.png","datePublished":"2023-10-05T04:00:00+00:00","dateModified":"2023-10-18T09:31:34+00:00","author":{"@id":"https:\/\/legrandcontinent.eu\/fr\/#\/schema\/person\/4321684816ae1d7e501f1fe2d98dbf48"},"breadcrumb":{"@id":"https:\/\/legrandcontinent.eu\/fr\/2023\/10\/05\/le-troisieme-sommet-de-la-communaute-politique-europeenne-souvre-a-grenade\/#breadcrumb"},"inLanguage":"fr-FR","potentialAction":[{"@type":"ReadAction","target":["https:\/\/legrandcontinent.eu\/fr\/2023\/10\/05\/le-troisieme-sommet-de-la-communaute-politique-europeenne-souvre-a-grenade\/"]}]},{"@type":"ImageObject","inLanguage":"fr-FR","@id":"https:\/\/legrandcontinent.eu\/fr\/2023\/10\/05\/le-troisieme-sommet-de-la-communaute-politique-europeenne-souvre-a-grenade\/#primaryimage","url":"https:\/\/legrandcontinent.eu\/fr\/wp-content\/uploads\/sites\/2\/2023\/10\/9AY0z-les-tats-attendus-au-3e-sommet-de-la-communaut-politique-europ-enne-cpe-grenade-le-5-octobre.png","contentUrl":"https:\/\/legrandcontinent.eu\/fr\/wp-content\/uploads\/sites\/2\/2023\/10\/9AY0z-les-tats-attendus-au-3e-sommet-de-la-communaut-politique-europ-enne-cpe-grenade-le-5-octobre.png","width":1204,"height":1292},{"@type":"BreadcrumbList","@id":"https:\/\/legrandcontinent.eu\/fr\/2023\/10\/05\/le-troisieme-sommet-de-la-communaute-politique-europeenne-souvre-a-grenade\/#breadcrumb","itemListElement":[{"@type":"ListItem","position":1,"name":"Accueil","item":"https:\/\/legrandcontinent.eu\/fr\/"},{"@type":"ListItem","position":2,"name":"Le troisi\u00e8me sommet de la Communaut\u00e9 politique europ\u00e9enne s\u2019ouvre \u00e0 Grenade"}]},{"@type":"WebSite","@id":"https:\/\/legrandcontinent.eu\/fr\/#website","url":"https:\/\/legrandcontinent.eu\/fr\/","name":"Le Grand Continent","description":"L&#039;\u00e9chelle pertinente","potentialAction":[{"@type":"SearchAction","target":{"@type":"EntryPoint","urlTemplate":"https:\/\/legrandcontinent.eu\/fr\/?s={search_term_string}"},"query-input":{"@type":"PropertyValueSpecification","valueRequired":true,"valueName":"search_term_string"}}],"inLanguage":"fr-FR"},{"@type":"Person","@id":"https:\/\/legrandcontinent.eu\/fr\/#\/schema\/person\/4321684816ae1d7e501f1fe2d98dbf48","name":"elenam","image":{"@type":"ImageObject","inLanguage":"fr-FR","@id":"https:\/\/legrandcontinent.eu\/fr\/#\/schema\/person\/image\/","url":"https:\/\/secure.gravatar.com\/avatar\/bac1ca1e34271700e00edbab2385d1dc?s=96&d=mm&r=g","contentUrl":"https:\/\/secure.gravatar.com\/avatar\/bac1ca1e34271700e00edbab2385d1dc?s=96&d=mm&r=g","caption":"elenam"}}]}},"lgc_categories":[{"id":3622,"name":"Communaut\u00e9 politique europ\u00e9enne","slug":"communaute-politique-europeenne"}],"lgc_author":null,"feature_image_summary":{"url":"https:\/\/legrandcontinent.eu\/fr\/wp-content\/uploads\/sites\/2\/2023\/10\/9AY0z-les-tats-attendus-au-3e-sommet-de-la-communaut-politique-europ-enne-cpe-grenade-le-5-octobre.png","width":1204,"height":1292,"alt":""},"feature_image_cover":null,"term_position_data":null,"_links":{"self":[{"href":"https:\/\/legrandcontinent.eu\/fr\/wp-json\/wp\/v2\/posts\/201557","targetHints":{"allow":["GET"]}}],"collection":[{"href":"https:\/\/legrandcontinent.eu\/fr\/wp-json\/wp\/v2\/posts"}],"about":[{"href":"https:\/\/legrandcontinent.eu\/fr\/wp-json\/wp\/v2\/types\/post"}],"author":[{"embeddable":true,"href":"https:\/\/legrandcontinent.eu\/fr\/wp-json\/wp\/v2\/users\/6617"}],"replies":[{"embeddable":true,"href":"https:\/\/legrandcontinent.eu\/fr\/wp-json\/wp\/v2\/comments?post=201557"}],"version-history":[{"count":0,"href":"https:\/\/legrandcontinent.eu\/fr\/wp-json\/wp\/v2\/posts\/201557\/revisions"}],"wp:featuredmedia":[{"embeddable":true,"href":"https:\/\/legrandcontinent.eu\/fr\/wp-json\/wp\/v2\/media\/201561"}],"wp:attachment":[{"href":"https:\/\/legrandcontinent.eu\/fr\/wp-json\/wp\/v2\/media?parent=201557"}],"wp:term":[{"taxonomy":"category","embeddable":true,"href":"https:\/\/legrandcontinent.eu\/fr\/wp-json\/wp\/v2\/categories?post=201557"},{"taxonomy":"post_tag","embeddable":true,"href":"https:\/\/legrandcontinent.eu\/fr\/wp-json\/wp\/v2\/tags?post=201557"},{"taxonomy":"staff","embeddable":true,"href":"https:\/\/legrandcontinent.eu\/fr\/wp-json\/wp\/v2\/staff?post=201557"},{"taxonomy":"editorial_format","embeddable":true,"href":"https:\/\/legrandcontinent.eu\/fr\/wp-json\/wp\/v2\/editorial_format?post=201557"},{"taxonomy":"serie","embeddable":true,"href":"https:\/\/legrandcontinent.eu\/fr\/wp-json\/wp\/v2\/serie?post=201557"},{"taxonomy":"audience","embeddable":true,"href":"https:\/\/legrandcontinent.eu\/fr\/wp-json\/wp\/v2\/audience?post=201557"},{"taxonomy":"geo","embeddable":true,"href":"https:\/\/legrandcontinent.eu\/fr\/wp-json\/wp\/v2\/geo?post=201557"}],"curies":[{"name":"wp","href":"https:\/\/api.w.org\/{rel}","templated":true}]}}