{"id":200146,"date":"2023-09-28T06:00:00","date_gmt":"2023-09-28T04:00:00","guid":{"rendered":"https:\/\/legrandcontinent.eu\/fr\/?p=200146"},"modified":"2023-09-27T20:48:20","modified_gmt":"2023-09-27T18:48:20","slug":"conseil-sur-les-migrations-sur-fond-de-tensions-aux-frontieres-allemandes","status":"publish","type":"post","link":"https:\/\/legrandcontinent.eu\/fr\/2023\/09\/28\/conseil-sur-les-migrations-sur-fond-de-tensions-aux-frontieres-allemandes\/","title":{"rendered":"Conseil sur les migrations sur fond de tensions aux fronti\u00e8res allemandes"},"content":{"rendered":"\n<p>La rentr\u00e9e politique europ\u00e9enne a \u00e9t\u00e9 marqu\u00e9e par le retour des migrations \u00e0 l\u2019agenda politique \u2013 et par le retour de dissensions entre \u00c9tats membres sur la question qui ne semblent toujours pas \u00eatre en passe d\u2019\u00eatre r\u00e9solues.&nbsp;<\/p>\n\n\n\n<ul class=\"wp-block-list\">\n<li>Mi-septembre, la saturation des infrastructures sur l\u2019\u00eele de Lampedusa, qui a vu arriver 7 000 demandeurs d\u2019asile en deux jours, et la situation de crise \u00e0 laquelle a d\u00fb faire face le gouvernement italien a de nouveau rendu visible les blocages du Pacte sur les migrations et l\u2019asile, notamment sur la question d\u2019une n\u00e9cessaire solidarit\u00e9 entre pays europ\u00e9ens pour la r\u00e9partition des demandeurs d\u2019asile primo-arrivants.<\/li>\n<\/ul>\n\n\n\n<div class=\"iframe-container wp-block-image wp-block-image-medium  iframe-dw\">\n\t<div>\n\t\t<iframe class=\"absolute w-full h-full pin-t pin-l\" title=\"titolo\" aria-label=\"Interactive line chart\" src=\"\/\/datawrapper.dwcdn.net\/kY3bQ\/  \" scrolling=\"no\" frameborder=\"0\"><\/iframe>\n\t<\/div>\n<\/div>\n\n\n\n<ul class=\"wp-block-list\">\n<li>Le nombre de demandes d\u2019asile, de 519 000 sur la p\u00e9riode de janvier \u00e0 juin 2023, a d\u00e9pass\u00e9 celui des six ann\u00e9es pr\u00e9c\u00e9dentes sur la m\u00eame p\u00e9riode.\u00a0<\/li>\n<\/ul>\n\n\n\n<ul class=\"wp-block-list\">\n<li>La dur\u00e9e de traitement des demandes d\u2019asile a ainsi connu une forte augmentation et le nombre de cas en attente de d\u00e9cision a \u00e9galement augment\u00e9 de 34&#160;% par rapport \u00e0 2022.&nbsp;<\/li>\n<\/ul>\n\n\n\n<p>En parall\u00e8le, l\u2019Allemagne affiche un durcissement de sa ligne sur les migrations. Hier, le gouvernement a annonc\u00e9 le renforcement de son contr\u00f4le aux fronti\u00e8res avec la Pologne et la R\u00e9publique tch\u00e8que qui consiste en une mise en place de nouvelles unit\u00e9s de contr\u00f4le de police d\u00e8s cette semaine.&nbsp;<\/p>\n\n\n\n<div class=\"iframe-container wp-block-image wp-block-image-medium  iframe-dw\">\n\t<div>\n\t\t<iframe class=\"absolute w-full h-full pin-t pin-l\" title=\"titolo\" aria-label=\"Interactive line chart\" src=\"\/\/datawrapper.dwcdn.net\/3W2kn\/ \" scrolling=\"no\" frameborder=\"0\"><\/iframe>\n\t<\/div>\n<\/div>\n\n\n\n<ul class=\"wp-block-list\">\n<li>Le gouvernement allemand avait d\u00e9j\u00e0 illustr\u00e9 sa volont\u00e9 de restreindre les arriv\u00e9es dans le cadre de la crise de Lampedusa, en d\u00e9clarant son refus d\u2019accueillir des demandeurs d\u2019asile arriv\u00e9s en Italie, avant de finalement se r\u00e9tracter.\u00a0\u00a0<\/li>\n<\/ul>\n\n\n\n<ul class=\"wp-block-list\">\n<li>Ces d\u00e9cisions ont \u00e9t\u00e9 prises en amont des \u00e9lections r\u00e9gionales d\u00e9cisives en Bavi\u00e8re et en Hesse du 8 octobre pour lesquelles l\u2019extr\u00eame-droite pourrait r\u00e9aliser des scores historiques. En Hesse, la ministre de l\u2019Int\u00e9rieur du gouvernement Scholz, Nancy Faeser, fait personnellement partie des candidats en lice.<\/li>\n<\/ul>\n\n\n\n<p>Les ministres discuteront en particulier de la \u00ab&#160;dimension ext\u00e9rieure&#160;\u00bb de la r\u00e9forme de la politique migratoire europ\u00e9enne, \u00e0 savoir la multiplication de partenariats financiers avec les pays de passage hors de l\u2019Union.&nbsp;<\/p>\n\n\n\n<ul class=\"wp-block-list\">\n<li>Apr\u00e8s la Tunisie (avec qui l\u2019accord s\u2019\u00e9l\u00e8ve \u00e0 105 millions de dollars), le Maroc et l\u2019Egypte pourraient \u00eatre les prochains sur la liste.<\/li>\n<\/ul>\n\n\n\n<ul class=\"wp-block-list\">\n<li>L\u2019accord avec la Tunisie, annonc\u00e9 le 16 juillet, reste tr\u00e8s critiqu\u00e9, notamment par des organisations non gouvernementales et par une partie des d\u00e9put\u00e9s europ\u00e9ens, tant pour la d\u00e9rive autoritaire du pr\u00e9sident Sa\u00efed que pour les faits document\u00e9s de mauvais traitement des demandeurs d\u2019asile par les autorit\u00e9s tunisiennes. La semaine derni\u00e8re la Commission europ\u00e9enne a annonc\u00e9 un paquet financier pour la Tunisie, d\u2019un montant de 127 millions d\u2019euros pour soutenir l\u2019\u00e9conomie et freiner les d\u00e9parts.&nbsp;&nbsp;<\/li>\n<\/ul>\n","protected":false},"excerpt":{"rendered":"<p>Les ministres de l\u2019Int\u00e9rieur de l\u2019Union se r\u00e9unissent aujourd\u2019hui pour aborder la politique migratoire dans le sillage d\u2019\u00e9v\u00e9nements ayant renforc\u00e9 les dissensions entre \u00c9tats membres, de Lampedusa aux fronti\u00e8res de l&rsquo;Allemagne avec la Pologne et la R\u00e9publique tch\u00e8que. <\/p>\n","protected":false},"author":6617,"featured_media":200152,"comment_status":"closed","ping_status":"closed","sticky":false,"template":"templates\/post-briefings.php","format":"standard","meta":{"_acf_changed":false,"_trash_the_other_posts":false,"_yoast_wpseo_estimated-reading-time-minutes":3,"footnotes":""},"categories":[1731],"tags":[],"staff":[],"editorial_format":[],"serie":[],"audience":[],"geo":[1917],"class_list":["post-200146","post","type-post","status-publish","format-standard","hentry","category-politique","geo-europe"],"acf":{"open_in_webview":false,"accent":false,"_thumbnail_id":200152,"excerpt":"Les ministres de l\u2019Int\u00e9rieur de l\u2019Union se r\u00e9unissent aujourd\u2019hui pour aborder la politique migratoire dans le sillage d\u2019\u00e9v\u00e9nements ayant renforc\u00e9 les dissensions entre \u00c9tats membres, de Lampedusa aux fronti\u00e8res de l'Allemagne avec la Pologne et la R\u00e9publique tch\u00e8que. ","display_date":"","new_abstract":true},"yoast_head":"<!-- This site is optimized with the Yoast SEO plugin v26.1.1 - https:\/\/yoast.com\/wordpress\/plugins\/seo\/ -->\n<title>Conseil sur les migrations sur fond de tensions aux fronti\u00e8res allemandes | Le Grand Continent<\/title>\n<meta name=\"robots\" content=\"index, follow, max-snippet:-1, max-image-preview:large, max-video-preview:-1\" \/>\n<link rel=\"canonical\" href=\"https:\/\/legrandcontinent.eu\/fr\/2023\/09\/28\/conseil-sur-les-migrations-sur-fond-de-tensions-aux-frontieres-allemandes\/\" \/>\n<meta property=\"og:locale\" content=\"fr_FR\" \/>\n<meta property=\"og:type\" content=\"article\" \/>\n<meta property=\"og:title\" content=\"Conseil sur les migrations sur fond de tensions aux fronti\u00e8res allemandes | Le Grand Continent\" \/>\n<meta property=\"og:description\" content=\"Les ministres de l\u2019Int\u00e9rieur de l\u2019Union se r\u00e9unissent aujourd\u2019hui pour aborder la politique migratoire dans le sillage d\u2019\u00e9v\u00e9nements ayant renforc\u00e9 les dissensions entre \u00c9tats membres, de Lampedusa aux fronti\u00e8res de l&#039;Allemagne avec la Pologne et la R\u00e9publique tch\u00e8que.\" \/>\n<meta property=\"og:url\" content=\"https:\/\/legrandcontinent.eu\/fr\/2023\/09\/28\/conseil-sur-les-migrations-sur-fond-de-tensions-aux-frontieres-allemandes\/\" \/>\n<meta property=\"og:site_name\" content=\"Le Grand Continent\" \/>\n<meta property=\"article:published_time\" content=\"2023-09-28T04:00:00+00:00\" \/>\n<meta property=\"og:image\" content=\"https:\/\/legrandcontinent.eu\/fr\/wp-content\/uploads\/sites\/2\/2023\/09\/3W2kn-principales-b-style-border-bottom-2px-solid-1b538d-routes-migratoires-en-europe-b-janvier-ao-t-2023-.png\" \/>\n\t<meta property=\"og:image:width\" content=\"1900\" \/>\n\t<meta property=\"og:image:height\" content=\"1690\" \/>\n\t<meta property=\"og:image:type\" content=\"image\/png\" \/>\n<meta name=\"author\" content=\"elenam\" \/>\n<meta name=\"twitter:card\" content=\"summary_large_image\" \/>\n<meta name=\"twitter:label1\" content=\"\u00c9crit par\" \/>\n\t<meta name=\"twitter:data1\" content=\"elenam\" \/>\n\t<meta name=\"twitter:label2\" content=\"Dur\u00e9e de lecture estim\u00e9e\" \/>\n\t<meta name=\"twitter:data2\" content=\"3 minutes\" \/>\n<script type=\"application\/ld+json\" class=\"yoast-schema-graph\">{\"@context\":\"https:\/\/schema.org\",\"@graph\":[{\"@type\":\"WebPage\",\"@id\":\"https:\/\/legrandcontinent.eu\/fr\/2023\/09\/28\/conseil-sur-les-migrations-sur-fond-de-tensions-aux-frontieres-allemandes\/\",\"url\":\"https:\/\/legrandcontinent.eu\/fr\/2023\/09\/28\/conseil-sur-les-migrations-sur-fond-de-tensions-aux-frontieres-allemandes\/\",\"name\":\"Conseil sur les migrations sur fond de tensions aux fronti\u00e8res allemandes | Le Grand Continent\",\"isPartOf\":{\"@id\":\"https:\/\/legrandcontinent.eu\/fr\/#website\"},\"primaryImageOfPage\":{\"@id\":\"https:\/\/legrandcontinent.eu\/fr\/2023\/09\/28\/conseil-sur-les-migrations-sur-fond-de-tensions-aux-frontieres-allemandes\/#primaryimage\"},\"image\":{\"@id\":\"https:\/\/legrandcontinent.eu\/fr\/2023\/09\/28\/conseil-sur-les-migrations-sur-fond-de-tensions-aux-frontieres-allemandes\/#primaryimage\"},\"thumbnailUrl\":\"https:\/\/legrandcontinent.eu\/fr\/wp-content\/uploads\/sites\/2\/2023\/09\/3W2kn-principales-b-style-border-bottom-2px-solid-1b538d-routes-migratoires-en-europe-b-janvier-ao-t-2023-.png\",\"datePublished\":\"2023-09-28T04:00:00+00:00\",\"author\":{\"@id\":\"https:\/\/legrandcontinent.eu\/fr\/#\/schema\/person\/4321684816ae1d7e501f1fe2d98dbf48\"},\"breadcrumb\":{\"@id\":\"https:\/\/legrandcontinent.eu\/fr\/2023\/09\/28\/conseil-sur-les-migrations-sur-fond-de-tensions-aux-frontieres-allemandes\/#breadcrumb\"},\"inLanguage\":\"fr-FR\",\"potentialAction\":[{\"@type\":\"ReadAction\",\"target\":[\"https:\/\/legrandcontinent.eu\/fr\/2023\/09\/28\/conseil-sur-les-migrations-sur-fond-de-tensions-aux-frontieres-allemandes\/\"]}]},{\"@type\":\"ImageObject\",\"inLanguage\":\"fr-FR\",\"@id\":\"https:\/\/legrandcontinent.eu\/fr\/2023\/09\/28\/conseil-sur-les-migrations-sur-fond-de-tensions-aux-frontieres-allemandes\/#primaryimage\",\"url\":\"https:\/\/legrandcontinent.eu\/fr\/wp-content\/uploads\/sites\/2\/2023\/09\/3W2kn-principales-b-style-border-bottom-2px-solid-1b538d-routes-migratoires-en-europe-b-janvier-ao-t-2023-.png\",\"contentUrl\":\"https:\/\/legrandcontinent.eu\/fr\/wp-content\/uploads\/sites\/2\/2023\/09\/3W2kn-principales-b-style-border-bottom-2px-solid-1b538d-routes-migratoires-en-europe-b-janvier-ao-t-2023-.png\",\"width\":1900,\"height\":1690},{\"@type\":\"BreadcrumbList\",\"@id\":\"https:\/\/legrandcontinent.eu\/fr\/2023\/09\/28\/conseil-sur-les-migrations-sur-fond-de-tensions-aux-frontieres-allemandes\/#breadcrumb\",\"itemListElement\":[{\"@type\":\"ListItem\",\"position\":1,\"name\":\"Accueil\",\"item\":\"https:\/\/legrandcontinent.eu\/fr\/\"},{\"@type\":\"ListItem\",\"position\":2,\"name\":\"Conseil sur les migrations sur fond de tensions aux fronti\u00e8res allemandes\"}]},{\"@type\":\"WebSite\",\"@id\":\"https:\/\/legrandcontinent.eu\/fr\/#website\",\"url\":\"https:\/\/legrandcontinent.eu\/fr\/\",\"name\":\"Le Grand Continent\",\"description\":\"L&#039;\u00e9chelle pertinente\",\"potentialAction\":[{\"@type\":\"SearchAction\",\"target\":{\"@type\":\"EntryPoint\",\"urlTemplate\":\"https:\/\/legrandcontinent.eu\/fr\/?s={search_term_string}\"},\"query-input\":{\"@type\":\"PropertyValueSpecification\",\"valueRequired\":true,\"valueName\":\"search_term_string\"}}],\"inLanguage\":\"fr-FR\"},{\"@type\":\"Person\",\"@id\":\"https:\/\/legrandcontinent.eu\/fr\/#\/schema\/person\/4321684816ae1d7e501f1fe2d98dbf48\",\"name\":\"elenam\",\"image\":{\"@type\":\"ImageObject\",\"inLanguage\":\"fr-FR\",\"@id\":\"https:\/\/legrandcontinent.eu\/fr\/#\/schema\/person\/image\/\",\"url\":\"https:\/\/secure.gravatar.com\/avatar\/bac1ca1e34271700e00edbab2385d1dc?s=96&d=mm&r=g\",\"contentUrl\":\"https:\/\/secure.gravatar.com\/avatar\/bac1ca1e34271700e00edbab2385d1dc?s=96&d=mm&r=g\",\"caption\":\"elenam\"}}]}<\/script>\n<!-- \/ Yoast SEO plugin. -->","yoast_head_json":{"title":"Conseil sur les migrations sur fond de tensions aux fronti\u00e8res allemandes | Le Grand Continent","robots":{"index":"index","follow":"follow","max-snippet":"max-snippet:-1","max-image-preview":"max-image-preview:large","max-video-preview":"max-video-preview:-1"},"canonical":"https:\/\/legrandcontinent.eu\/fr\/2023\/09\/28\/conseil-sur-les-migrations-sur-fond-de-tensions-aux-frontieres-allemandes\/","og_locale":"fr_FR","og_type":"article","og_title":"Conseil sur les migrations sur fond de tensions aux fronti\u00e8res allemandes | Le Grand Continent","og_description":"Les ministres de l\u2019Int\u00e9rieur de l\u2019Union se r\u00e9unissent aujourd\u2019hui pour aborder la politique migratoire dans le sillage d\u2019\u00e9v\u00e9nements ayant renforc\u00e9 les dissensions entre \u00c9tats membres, de Lampedusa aux fronti\u00e8res de l'Allemagne avec la Pologne et la R\u00e9publique tch\u00e8que.","og_url":"https:\/\/legrandcontinent.eu\/fr\/2023\/09\/28\/conseil-sur-les-migrations-sur-fond-de-tensions-aux-frontieres-allemandes\/","og_site_name":"Le Grand Continent","article_published_time":"2023-09-28T04:00:00+00:00","og_image":[{"width":1900,"height":1690,"url":"https:\/\/legrandcontinent.eu\/fr\/wp-content\/uploads\/sites\/2\/2023\/09\/3W2kn-principales-b-style-border-bottom-2px-solid-1b538d-routes-migratoires-en-europe-b-janvier-ao-t-2023-.png","type":"image\/png"}],"author":"elenam","twitter_card":"summary_large_image","twitter_misc":{"\u00c9crit par":"elenam","Dur\u00e9e de lecture estim\u00e9e":"3 minutes"},"schema":{"@context":"https:\/\/schema.org","@graph":[{"@type":"WebPage","@id":"https:\/\/legrandcontinent.eu\/fr\/2023\/09\/28\/conseil-sur-les-migrations-sur-fond-de-tensions-aux-frontieres-allemandes\/","url":"https:\/\/legrandcontinent.eu\/fr\/2023\/09\/28\/conseil-sur-les-migrations-sur-fond-de-tensions-aux-frontieres-allemandes\/","name":"Conseil sur les migrations sur fond de tensions aux fronti\u00e8res allemandes | Le Grand Continent","isPartOf":{"@id":"https:\/\/legrandcontinent.eu\/fr\/#website"},"primaryImageOfPage":{"@id":"https:\/\/legrandcontinent.eu\/fr\/2023\/09\/28\/conseil-sur-les-migrations-sur-fond-de-tensions-aux-frontieres-allemandes\/#primaryimage"},"image":{"@id":"https:\/\/legrandcontinent.eu\/fr\/2023\/09\/28\/conseil-sur-les-migrations-sur-fond-de-tensions-aux-frontieres-allemandes\/#primaryimage"},"thumbnailUrl":"https:\/\/legrandcontinent.eu\/fr\/wp-content\/uploads\/sites\/2\/2023\/09\/3W2kn-principales-b-style-border-bottom-2px-solid-1b538d-routes-migratoires-en-europe-b-janvier-ao-t-2023-.png","datePublished":"2023-09-28T04:00:00+00:00","author":{"@id":"https:\/\/legrandcontinent.eu\/fr\/#\/schema\/person\/4321684816ae1d7e501f1fe2d98dbf48"},"breadcrumb":{"@id":"https:\/\/legrandcontinent.eu\/fr\/2023\/09\/28\/conseil-sur-les-migrations-sur-fond-de-tensions-aux-frontieres-allemandes\/#breadcrumb"},"inLanguage":"fr-FR","potentialAction":[{"@type":"ReadAction","target":["https:\/\/legrandcontinent.eu\/fr\/2023\/09\/28\/conseil-sur-les-migrations-sur-fond-de-tensions-aux-frontieres-allemandes\/"]}]},{"@type":"ImageObject","inLanguage":"fr-FR","@id":"https:\/\/legrandcontinent.eu\/fr\/2023\/09\/28\/conseil-sur-les-migrations-sur-fond-de-tensions-aux-frontieres-allemandes\/#primaryimage","url":"https:\/\/legrandcontinent.eu\/fr\/wp-content\/uploads\/sites\/2\/2023\/09\/3W2kn-principales-b-style-border-bottom-2px-solid-1b538d-routes-migratoires-en-europe-b-janvier-ao-t-2023-.png","contentUrl":"https:\/\/legrandcontinent.eu\/fr\/wp-content\/uploads\/sites\/2\/2023\/09\/3W2kn-principales-b-style-border-bottom-2px-solid-1b538d-routes-migratoires-en-europe-b-janvier-ao-t-2023-.png","width":1900,"height":1690},{"@type":"BreadcrumbList","@id":"https:\/\/legrandcontinent.eu\/fr\/2023\/09\/28\/conseil-sur-les-migrations-sur-fond-de-tensions-aux-frontieres-allemandes\/#breadcrumb","itemListElement":[{"@type":"ListItem","position":1,"name":"Accueil","item":"https:\/\/legrandcontinent.eu\/fr\/"},{"@type":"ListItem","position":2,"name":"Conseil sur les migrations sur fond de tensions aux fronti\u00e8res allemandes"}]},{"@type":"WebSite","@id":"https:\/\/legrandcontinent.eu\/fr\/#website","url":"https:\/\/legrandcontinent.eu\/fr\/","name":"Le Grand Continent","description":"L&#039;\u00e9chelle pertinente","potentialAction":[{"@type":"SearchAction","target":{"@type":"EntryPoint","urlTemplate":"https:\/\/legrandcontinent.eu\/fr\/?s={search_term_string}"},"query-input":{"@type":"PropertyValueSpecification","valueRequired":true,"valueName":"search_term_string"}}],"inLanguage":"fr-FR"},{"@type":"Person","@id":"https:\/\/legrandcontinent.eu\/fr\/#\/schema\/person\/4321684816ae1d7e501f1fe2d98dbf48","name":"elenam","image":{"@type":"ImageObject","inLanguage":"fr-FR","@id":"https:\/\/legrandcontinent.eu\/fr\/#\/schema\/person\/image\/","url":"https:\/\/secure.gravatar.com\/avatar\/bac1ca1e34271700e00edbab2385d1dc?s=96&d=mm&r=g","contentUrl":"https:\/\/secure.gravatar.com\/avatar\/bac1ca1e34271700e00edbab2385d1dc?s=96&d=mm&r=g","caption":"elenam"}}]}},"lgc_categories":[{"id":1731,"name":"Politique","slug":"politique"}],"lgc_author":null,"feature_image_summary":{"url":"https:\/\/legrandcontinent.eu\/fr\/wp-content\/uploads\/sites\/2\/2023\/09\/3W2kn-principales-b-style-border-bottom-2px-solid-1b538d-routes-migratoires-en-europe-b-janvier-ao-t-2023-.png","width":1900,"height":1690,"alt":""},"feature_image_cover":null,"term_position_data":null,"_links":{"self":[{"href":"https:\/\/legrandcontinent.eu\/fr\/wp-json\/wp\/v2\/posts\/200146","targetHints":{"allow":["GET"]}}],"collection":[{"href":"https:\/\/legrandcontinent.eu\/fr\/wp-json\/wp\/v2\/posts"}],"about":[{"href":"https:\/\/legrandcontinent.eu\/fr\/wp-json\/wp\/v2\/types\/post"}],"author":[{"embeddable":true,"href":"https:\/\/legrandcontinent.eu\/fr\/wp-json\/wp\/v2\/users\/6617"}],"replies":[{"embeddable":true,"href":"https:\/\/legrandcontinent.eu\/fr\/wp-json\/wp\/v2\/comments?post=200146"}],"version-history":[{"count":0,"href":"https:\/\/legrandcontinent.eu\/fr\/wp-json\/wp\/v2\/posts\/200146\/revisions"}],"wp:featuredmedia":[{"embeddable":true,"href":"https:\/\/legrandcontinent.eu\/fr\/wp-json\/wp\/v2\/media\/200152"}],"wp:attachment":[{"href":"https:\/\/legrandcontinent.eu\/fr\/wp-json\/wp\/v2\/media?parent=200146"}],"wp:term":[{"taxonomy":"category","embeddable":true,"href":"https:\/\/legrandcontinent.eu\/fr\/wp-json\/wp\/v2\/categories?post=200146"},{"taxonomy":"post_tag","embeddable":true,"href":"https:\/\/legrandcontinent.eu\/fr\/wp-json\/wp\/v2\/tags?post=200146"},{"taxonomy":"staff","embeddable":true,"href":"https:\/\/legrandcontinent.eu\/fr\/wp-json\/wp\/v2\/staff?post=200146"},{"taxonomy":"editorial_format","embeddable":true,"href":"https:\/\/legrandcontinent.eu\/fr\/wp-json\/wp\/v2\/editorial_format?post=200146"},{"taxonomy":"serie","embeddable":true,"href":"https:\/\/legrandcontinent.eu\/fr\/wp-json\/wp\/v2\/serie?post=200146"},{"taxonomy":"audience","embeddable":true,"href":"https:\/\/legrandcontinent.eu\/fr\/wp-json\/wp\/v2\/audience?post=200146"},{"taxonomy":"geo","embeddable":true,"href":"https:\/\/legrandcontinent.eu\/fr\/wp-json\/wp\/v2\/geo?post=200146"}],"curies":[{"name":"wp","href":"https:\/\/api.w.org\/{rel}","templated":true}]}}