{"id":199281,"date":"2023-09-22T06:00:00","date_gmt":"2023-09-22T04:00:00","guid":{"rendered":"https:\/\/legrandcontinent.eu\/fr\/?p=199281"},"modified":"2023-09-22T07:20:16","modified_gmt":"2023-09-22T05:20:16","slug":"va-t-on-manquer-de-materiaux-critiques-pour-la-transition-energetique","status":"publish","type":"post","link":"https:\/\/legrandcontinent.eu\/fr\/2023\/09\/22\/va-t-on-manquer-de-materiaux-critiques-pour-la-transition-energetique\/","title":{"rendered":"Planification \u00e9cologique&#160;: va-t-on manquer de mat\u00e9riaux critiques pour la transition \u00e9nerg\u00e9tique&#160;?"},"content":{"rendered":"\n<p>La mise en \u0153uvre de la transition \u00e9nerg\u00e9tique \u2013 d\u00e9sormais qualifi\u00e9e de <em>planification<\/em> \u00e9cologique dans le cas du plan d\u00e9taill\u00e9 hier par le gouvernement fran\u00e7ais \u2013 demande une acc\u00e9l\u00e9ration nette des investissements et de l\u2019effort productif dans les technologies propres. <\/p>\n\n\n\n<p>Si la question du financement est maintenant bien inscrite \u00e0 l\u2019agenda des conf\u00e9rences internationales de cette fin d\u2019ann\u00e9e, notamment la COP 28, est \u00e9galement un point crucial pour la mise en \u0153uvre d\u2019une transition \u00e9nerg\u00e9tique dans des d\u00e9lais compatibles avec les objectifs de l\u2019Accord de Paris.\u00a0<\/p>\n\n\n\n<p>Selon le dernier rapport de la Commission des transitions \u00e9nerg\u00e9tiques&nbsp;<span class='whitespace-nowrap'><span id='easy-footnote-1-199281' class='easy-footnote-margin-adjust'><\/span><span class='easy-footnote'><a href='https:\/\/legrandcontinent.eu\/fr\/2023\/09\/22\/va-t-on-manquer-de-materiaux-critiques-pour-la-transition-energetique\/#easy-footnote-bottom-1-199281' title='Material and Resource Requirements for the Energy Transition, &lt;em&gt;The Barriers to Clean Electrification Series&lt;\/em&gt;, Energy Transitions Commission, Juillet 2023'><sup>1<\/sup><\/a><\/span><\/span>, les technologies li\u00e9es aux \u00e9nergies renouvelables vont entra\u00eener une augmentation massive de la demande pour un certain nombre de mat\u00e9riaux critiques.\u00a0<\/p>\n\n\n\n<ul class=\"wp-block-list\">\n<li>Les principaux mat\u00e9riaux identifi\u00e9s par le rapport comme n\u00e9cessaires \u00e0 la transition sont le cobalt, le cuivre, le graphite, le lithium, le n\u00e9odyme et le nickel.&nbsp;<\/li>\n<\/ul>\n\n\n\n<div class=\"iframe-container wp-block-image wp-block-image-medium  iframe-dw\">\n\t<div>\n\t\t<iframe class=\"absolute w-full h-full pin-t pin-l\" title=\"titolo\" aria-label=\"Interactive line chart\" src=\"\/\/datawrapper.dwcdn.net\/m5Xf3\/\" scrolling=\"no\" frameborder=\"0\"><\/iframe>\n\t<\/div>\n<\/div>\n\n\n\n<ul class=\"wp-block-list\">\n<li>A court terme, les estimations de l\u2019offre potentielle de mat\u00e9riaux \u00e0 horizon 2030 ne suffisent pas \u00e0 r\u00e9pondre \u00e0 la demande estim\u00e9e dans le cadre d\u2019une acc\u00e9l\u00e9ration de la transition \u00e9cologique, pour l\u2019ensemble de ces mat\u00e9riaux clefs.&nbsp;<\/li>\n<\/ul>\n\n\n\n<p>Pour que l\u2019augmentation de la demande de mat\u00e9riaux ne m\u00e8ne pas \u00e0 un d\u00e9ficit d\u2019approvisionnement, plusieurs leviers peuvent \u00eatre actionn\u00e9s et \u00eatre pris en compte dans une perspective de planification.&nbsp;<\/p>\n\n\n\n<ul class=\"wp-block-list\">\n<li>L\u2019un des leviers de r\u00e9duction des d\u00e9ficits d\u2019approvisionnement estim\u00e9s r\u00e9side dans la r\u00e9duction de la demande de ces composants pour les autres usages que ceux de la transition \u00e9nerg\u00e9tique.<\/li>\n<\/ul>\n\n\n\n<div class=\"iframe-container wp-block-image wp-block-image-medium  iframe-dw\">\n\t<div>\n\t\t<iframe class=\"absolute w-full h-full pin-t pin-l\" title=\"titolo\" aria-label=\"Interactive line chart\" src=\"\/\/datawrapper.dwcdn.net\/iOeqa\/ \" scrolling=\"no\" frameborder=\"0\"><\/iframe>\n\t<\/div>\n<\/div>\n\n\n\n<ul class=\"wp-block-list\">\n<li>Le recyclage des mat\u00e9riaux critiques est un second levier, dont le potentiel est encore largement sous-exploit\u00e9 en particulier pour le lithium, les terres rares et le graphite.&nbsp;<\/li>\n<\/ul>\n\n\n\n<p>La question de la r\u00e9duction de la demande de mat\u00e9riaux critiques vient compl\u00e9ter celle de la diversification des fournisseurs.<\/p>\n\n\n\n<ul class=\"wp-block-list\">\n<li>Les pr\u00e9visions concernant le stock et l\u2019approvisionnement en mat\u00e9riaux critiques restent tributaire de logiques g\u00e9opolitiques de la nouvelle guerre froide et des <a href=\"https:\/\/legrandcontinent.eu\/fr\/2023\/07\/15\/les-matieres-critiques-chinoises-dans-linterregne\/\">d\u00e9cisions de la Chine<\/a>, qui vient notamment de restreindre ses exportations de gallium et de germanium.<\/li>\n<\/ul>\n\n\n\n<ul class=\"wp-block-list\">\n<li>Les r\u00e9cents coups d\u2019Etats militaires au Gabon et au Niger rappellent par ailleurs l\u2019instabilit\u00e9 des cha\u00eenes d\u2019approvisionnement en Afrique, qui \u00e9taient l\u2019un des axes privil\u00e9gi\u00e9s pour la diversification des approvisionnements europ\u00e9ens.\u00a0<\/li>\n<\/ul>\n","protected":false},"excerpt":{"rendered":"<p>Le gouvernement fran\u00e7ais a d\u00e9taill\u00e9 hier les mesures de son plan dit de \u00ab&#160;&#160;planification \u00e9cologique&#160;&#160;\u00bb. En plus des questions de financement et de mise en \u0153uvre politique, la transition \u00e9nerg\u00e9tique pourrait \u00e9galement se heurter \u00e0 des limites de nature technologique. <\/p>\n","protected":false},"author":6617,"featured_media":199287,"comment_status":"closed","ping_status":"closed","sticky":false,"template":"templates\/post-briefings.php","format":"standard","meta":{"_acf_changed":false,"_trash_the_other_posts":false,"_yoast_wpseo_estimated-reading-time-minutes":2,"footnotes":""},"categories":[3468],"tags":[],"staff":[],"editorial_format":[],"serie":[],"audience":[],"geo":[1917],"class_list":["post-199281","post","type-post","status-publish","format-standard","hentry","category-donnees-qui-changent-la-donne","geo-europe"],"acf":{"open_in_webview":false,"accent":false},"yoast_head":"<!-- This site is optimized with the Yoast SEO plugin v26.1.1 - https:\/\/yoast.com\/wordpress\/plugins\/seo\/ -->\n<title>Planification \u00e9cologique : va-t-on manquer de mat\u00e9riaux critiques pour la transition \u00e9nerg\u00e9tique ? | Le Grand Continent<\/title>\n<meta name=\"robots\" content=\"index, follow, max-snippet:-1, max-image-preview:large, max-video-preview:-1\" \/>\n<link rel=\"canonical\" href=\"https:\/\/legrandcontinent.eu\/fr\/2023\/09\/22\/va-t-on-manquer-de-materiaux-critiques-pour-la-transition-energetique\/\" \/>\n<meta property=\"og:locale\" content=\"fr_FR\" \/>\n<meta property=\"og:type\" content=\"article\" \/>\n<meta property=\"og:title\" content=\"Planification \u00e9cologique : va-t-on manquer de mat\u00e9riaux critiques pour la transition \u00e9nerg\u00e9tique ? | Le Grand Continent\" \/>\n<meta property=\"og:description\" content=\"Le gouvernement fran\u00e7ais a d\u00e9taill\u00e9 hier les mesures de son plan dit de \u00ab&#160;planification \u00e9cologique&#160;\u00bb. En plus des questions de financement et de mise en \u0153uvre politique, la transition \u00e9nerg\u00e9tique pourrait \u00e9galement se heurter \u00e0 des limites de nature technologique.\" \/>\n<meta property=\"og:url\" content=\"https:\/\/legrandcontinent.eu\/fr\/2023\/09\/22\/va-t-on-manquer-de-materiaux-critiques-pour-la-transition-energetique\/\" \/>\n<meta property=\"og:site_name\" content=\"Le Grand Continent\" \/>\n<meta property=\"article:published_time\" content=\"2023-09-22T04:00:00+00:00\" \/>\n<meta property=\"article:modified_time\" content=\"2023-09-22T05:20:16+00:00\" \/>\n<meta property=\"og:image\" content=\"https:\/\/legrandcontinent.eu\/fr\/wp-content\/uploads\/sites\/2\/2023\/09\/m5Xf3-selon-les-sc-narios-actuels-horizon-2030-l-offre-ne-suffira-pas-r-pondre-la-demande-croissante-de-mat-riaux-critiques-2.png\" \/>\n\t<meta property=\"og:image:width\" content=\"1440\" \/>\n\t<meta property=\"og:image:height\" content=\"1240\" \/>\n\t<meta property=\"og:image:type\" content=\"image\/png\" \/>\n<meta name=\"author\" content=\"elenam\" \/>\n<meta name=\"twitter:card\" content=\"summary_large_image\" \/>\n<meta name=\"twitter:label1\" content=\"\u00c9crit par\" \/>\n\t<meta name=\"twitter:data1\" content=\"elenam\" \/>\n\t<meta name=\"twitter:label2\" content=\"Dur\u00e9e de lecture estim\u00e9e\" \/>\n\t<meta name=\"twitter:data2\" content=\"2 minutes\" \/>\n<script type=\"application\/ld+json\" class=\"yoast-schema-graph\">{\"@context\":\"https:\/\/schema.org\",\"@graph\":[{\"@type\":\"WebPage\",\"@id\":\"https:\/\/legrandcontinent.eu\/fr\/2023\/09\/22\/va-t-on-manquer-de-materiaux-critiques-pour-la-transition-energetique\/\",\"url\":\"https:\/\/legrandcontinent.eu\/fr\/2023\/09\/22\/va-t-on-manquer-de-materiaux-critiques-pour-la-transition-energetique\/\",\"name\":\"Planification \u00e9cologique : va-t-on manquer de mat\u00e9riaux critiques pour la transition \u00e9nerg\u00e9tique ? | Le Grand Continent\",\"isPartOf\":{\"@id\":\"https:\/\/legrandcontinent.eu\/fr\/#website\"},\"primaryImageOfPage\":{\"@id\":\"https:\/\/legrandcontinent.eu\/fr\/2023\/09\/22\/va-t-on-manquer-de-materiaux-critiques-pour-la-transition-energetique\/#primaryimage\"},\"image\":{\"@id\":\"https:\/\/legrandcontinent.eu\/fr\/2023\/09\/22\/va-t-on-manquer-de-materiaux-critiques-pour-la-transition-energetique\/#primaryimage\"},\"thumbnailUrl\":\"https:\/\/legrandcontinent.eu\/fr\/wp-content\/uploads\/sites\/2\/2023\/09\/m5Xf3-selon-les-sc-narios-actuels-horizon-2030-l-offre-ne-suffira-pas-r-pondre-la-demande-croissante-de-mat-riaux-critiques-2.png\",\"datePublished\":\"2023-09-22T04:00:00+00:00\",\"dateModified\":\"2023-09-22T05:20:16+00:00\",\"author\":{\"@id\":\"https:\/\/legrandcontinent.eu\/fr\/#\/schema\/person\/4321684816ae1d7e501f1fe2d98dbf48\"},\"breadcrumb\":{\"@id\":\"https:\/\/legrandcontinent.eu\/fr\/2023\/09\/22\/va-t-on-manquer-de-materiaux-critiques-pour-la-transition-energetique\/#breadcrumb\"},\"inLanguage\":\"fr-FR\",\"potentialAction\":[{\"@type\":\"ReadAction\",\"target\":[\"https:\/\/legrandcontinent.eu\/fr\/2023\/09\/22\/va-t-on-manquer-de-materiaux-critiques-pour-la-transition-energetique\/\"]}]},{\"@type\":\"ImageObject\",\"inLanguage\":\"fr-FR\",\"@id\":\"https:\/\/legrandcontinent.eu\/fr\/2023\/09\/22\/va-t-on-manquer-de-materiaux-critiques-pour-la-transition-energetique\/#primaryimage\",\"url\":\"https:\/\/legrandcontinent.eu\/fr\/wp-content\/uploads\/sites\/2\/2023\/09\/m5Xf3-selon-les-sc-narios-actuels-horizon-2030-l-offre-ne-suffira-pas-r-pondre-la-demande-croissante-de-mat-riaux-critiques-2.png\",\"contentUrl\":\"https:\/\/legrandcontinent.eu\/fr\/wp-content\/uploads\/sites\/2\/2023\/09\/m5Xf3-selon-les-sc-narios-actuels-horizon-2030-l-offre-ne-suffira-pas-r-pondre-la-demande-croissante-de-mat-riaux-critiques-2.png\",\"width\":1440,\"height\":1240},{\"@type\":\"BreadcrumbList\",\"@id\":\"https:\/\/legrandcontinent.eu\/fr\/2023\/09\/22\/va-t-on-manquer-de-materiaux-critiques-pour-la-transition-energetique\/#breadcrumb\",\"itemListElement\":[{\"@type\":\"ListItem\",\"position\":1,\"name\":\"Accueil\",\"item\":\"https:\/\/legrandcontinent.eu\/fr\/\"},{\"@type\":\"ListItem\",\"position\":2,\"name\":\"Planification \u00e9cologique&#160;: va-t-on manquer de mat\u00e9riaux critiques pour la transition \u00e9nerg\u00e9tique&#160;?\"}]},{\"@type\":\"WebSite\",\"@id\":\"https:\/\/legrandcontinent.eu\/fr\/#website\",\"url\":\"https:\/\/legrandcontinent.eu\/fr\/\",\"name\":\"Le Grand Continent\",\"description\":\"L&#039;\u00e9chelle pertinente\",\"potentialAction\":[{\"@type\":\"SearchAction\",\"target\":{\"@type\":\"EntryPoint\",\"urlTemplate\":\"https:\/\/legrandcontinent.eu\/fr\/?s={search_term_string}\"},\"query-input\":{\"@type\":\"PropertyValueSpecification\",\"valueRequired\":true,\"valueName\":\"search_term_string\"}}],\"inLanguage\":\"fr-FR\"},{\"@type\":\"Person\",\"@id\":\"https:\/\/legrandcontinent.eu\/fr\/#\/schema\/person\/4321684816ae1d7e501f1fe2d98dbf48\",\"name\":\"elenam\",\"image\":{\"@type\":\"ImageObject\",\"inLanguage\":\"fr-FR\",\"@id\":\"https:\/\/legrandcontinent.eu\/fr\/#\/schema\/person\/image\/\",\"url\":\"https:\/\/secure.gravatar.com\/avatar\/bac1ca1e34271700e00edbab2385d1dc?s=96&d=mm&r=g\",\"contentUrl\":\"https:\/\/secure.gravatar.com\/avatar\/bac1ca1e34271700e00edbab2385d1dc?s=96&d=mm&r=g\",\"caption\":\"elenam\"}}]}<\/script>\n<!-- \/ Yoast SEO plugin. -->","yoast_head_json":{"title":"Planification \u00e9cologique : va-t-on manquer de mat\u00e9riaux critiques pour la transition \u00e9nerg\u00e9tique ? | Le Grand Continent","robots":{"index":"index","follow":"follow","max-snippet":"max-snippet:-1","max-image-preview":"max-image-preview:large","max-video-preview":"max-video-preview:-1"},"canonical":"https:\/\/legrandcontinent.eu\/fr\/2023\/09\/22\/va-t-on-manquer-de-materiaux-critiques-pour-la-transition-energetique\/","og_locale":"fr_FR","og_type":"article","og_title":"Planification \u00e9cologique : va-t-on manquer de mat\u00e9riaux critiques pour la transition \u00e9nerg\u00e9tique ? | Le Grand Continent","og_description":"Le gouvernement fran\u00e7ais a d\u00e9taill\u00e9 hier les mesures de son plan dit de \u00ab&#160;planification \u00e9cologique&#160;\u00bb. En plus des questions de financement et de mise en \u0153uvre politique, la transition \u00e9nerg\u00e9tique pourrait \u00e9galement se heurter \u00e0 des limites de nature technologique.","og_url":"https:\/\/legrandcontinent.eu\/fr\/2023\/09\/22\/va-t-on-manquer-de-materiaux-critiques-pour-la-transition-energetique\/","og_site_name":"Le Grand Continent","article_published_time":"2023-09-22T04:00:00+00:00","article_modified_time":"2023-09-22T05:20:16+00:00","og_image":[{"width":1440,"height":1240,"url":"https:\/\/legrandcontinent.eu\/fr\/wp-content\/uploads\/sites\/2\/2023\/09\/m5Xf3-selon-les-sc-narios-actuels-horizon-2030-l-offre-ne-suffira-pas-r-pondre-la-demande-croissante-de-mat-riaux-critiques-2.png","type":"image\/png"}],"author":"elenam","twitter_card":"summary_large_image","twitter_misc":{"\u00c9crit par":"elenam","Dur\u00e9e de lecture estim\u00e9e":"2 minutes"},"schema":{"@context":"https:\/\/schema.org","@graph":[{"@type":"WebPage","@id":"https:\/\/legrandcontinent.eu\/fr\/2023\/09\/22\/va-t-on-manquer-de-materiaux-critiques-pour-la-transition-energetique\/","url":"https:\/\/legrandcontinent.eu\/fr\/2023\/09\/22\/va-t-on-manquer-de-materiaux-critiques-pour-la-transition-energetique\/","name":"Planification \u00e9cologique : va-t-on manquer de mat\u00e9riaux critiques pour la transition \u00e9nerg\u00e9tique ? | Le Grand Continent","isPartOf":{"@id":"https:\/\/legrandcontinent.eu\/fr\/#website"},"primaryImageOfPage":{"@id":"https:\/\/legrandcontinent.eu\/fr\/2023\/09\/22\/va-t-on-manquer-de-materiaux-critiques-pour-la-transition-energetique\/#primaryimage"},"image":{"@id":"https:\/\/legrandcontinent.eu\/fr\/2023\/09\/22\/va-t-on-manquer-de-materiaux-critiques-pour-la-transition-energetique\/#primaryimage"},"thumbnailUrl":"https:\/\/legrandcontinent.eu\/fr\/wp-content\/uploads\/sites\/2\/2023\/09\/m5Xf3-selon-les-sc-narios-actuels-horizon-2030-l-offre-ne-suffira-pas-r-pondre-la-demande-croissante-de-mat-riaux-critiques-2.png","datePublished":"2023-09-22T04:00:00+00:00","dateModified":"2023-09-22T05:20:16+00:00","author":{"@id":"https:\/\/legrandcontinent.eu\/fr\/#\/schema\/person\/4321684816ae1d7e501f1fe2d98dbf48"},"breadcrumb":{"@id":"https:\/\/legrandcontinent.eu\/fr\/2023\/09\/22\/va-t-on-manquer-de-materiaux-critiques-pour-la-transition-energetique\/#breadcrumb"},"inLanguage":"fr-FR","potentialAction":[{"@type":"ReadAction","target":["https:\/\/legrandcontinent.eu\/fr\/2023\/09\/22\/va-t-on-manquer-de-materiaux-critiques-pour-la-transition-energetique\/"]}]},{"@type":"ImageObject","inLanguage":"fr-FR","@id":"https:\/\/legrandcontinent.eu\/fr\/2023\/09\/22\/va-t-on-manquer-de-materiaux-critiques-pour-la-transition-energetique\/#primaryimage","url":"https:\/\/legrandcontinent.eu\/fr\/wp-content\/uploads\/sites\/2\/2023\/09\/m5Xf3-selon-les-sc-narios-actuels-horizon-2030-l-offre-ne-suffira-pas-r-pondre-la-demande-croissante-de-mat-riaux-critiques-2.png","contentUrl":"https:\/\/legrandcontinent.eu\/fr\/wp-content\/uploads\/sites\/2\/2023\/09\/m5Xf3-selon-les-sc-narios-actuels-horizon-2030-l-offre-ne-suffira-pas-r-pondre-la-demande-croissante-de-mat-riaux-critiques-2.png","width":1440,"height":1240},{"@type":"BreadcrumbList","@id":"https:\/\/legrandcontinent.eu\/fr\/2023\/09\/22\/va-t-on-manquer-de-materiaux-critiques-pour-la-transition-energetique\/#breadcrumb","itemListElement":[{"@type":"ListItem","position":1,"name":"Accueil","item":"https:\/\/legrandcontinent.eu\/fr\/"},{"@type":"ListItem","position":2,"name":"Planification \u00e9cologique&#160;: va-t-on manquer de mat\u00e9riaux critiques pour la transition \u00e9nerg\u00e9tique&#160;?"}]},{"@type":"WebSite","@id":"https:\/\/legrandcontinent.eu\/fr\/#website","url":"https:\/\/legrandcontinent.eu\/fr\/","name":"Le Grand Continent","description":"L&#039;\u00e9chelle pertinente","potentialAction":[{"@type":"SearchAction","target":{"@type":"EntryPoint","urlTemplate":"https:\/\/legrandcontinent.eu\/fr\/?s={search_term_string}"},"query-input":{"@type":"PropertyValueSpecification","valueRequired":true,"valueName":"search_term_string"}}],"inLanguage":"fr-FR"},{"@type":"Person","@id":"https:\/\/legrandcontinent.eu\/fr\/#\/schema\/person\/4321684816ae1d7e501f1fe2d98dbf48","name":"elenam","image":{"@type":"ImageObject","inLanguage":"fr-FR","@id":"https:\/\/legrandcontinent.eu\/fr\/#\/schema\/person\/image\/","url":"https:\/\/secure.gravatar.com\/avatar\/bac1ca1e34271700e00edbab2385d1dc?s=96&d=mm&r=g","contentUrl":"https:\/\/secure.gravatar.com\/avatar\/bac1ca1e34271700e00edbab2385d1dc?s=96&d=mm&r=g","caption":"elenam"}}]}},"lgc_categories":[{"id":3468,"name":"Donn\u00e9es qui changent la donne","slug":"donnees-qui-changent-la-donne"}],"lgc_author":null,"feature_image_summary":{"url":"https:\/\/legrandcontinent.eu\/fr\/wp-content\/uploads\/sites\/2\/2023\/09\/m5Xf3-selon-les-sc-narios-actuels-horizon-2030-l-offre-ne-suffira-pas-r-pondre-la-demande-croissante-de-mat-riaux-critiques-2.png","width":1440,"height":1240,"alt":""},"feature_image_cover":null,"term_position_data":null,"_links":{"self":[{"href":"https:\/\/legrandcontinent.eu\/fr\/wp-json\/wp\/v2\/posts\/199281","targetHints":{"allow":["GET"]}}],"collection":[{"href":"https:\/\/legrandcontinent.eu\/fr\/wp-json\/wp\/v2\/posts"}],"about":[{"href":"https:\/\/legrandcontinent.eu\/fr\/wp-json\/wp\/v2\/types\/post"}],"author":[{"embeddable":true,"href":"https:\/\/legrandcontinent.eu\/fr\/wp-json\/wp\/v2\/users\/6617"}],"replies":[{"embeddable":true,"href":"https:\/\/legrandcontinent.eu\/fr\/wp-json\/wp\/v2\/comments?post=199281"}],"version-history":[{"count":0,"href":"https:\/\/legrandcontinent.eu\/fr\/wp-json\/wp\/v2\/posts\/199281\/revisions"}],"wp:featuredmedia":[{"embeddable":true,"href":"https:\/\/legrandcontinent.eu\/fr\/wp-json\/wp\/v2\/media\/199287"}],"wp:attachment":[{"href":"https:\/\/legrandcontinent.eu\/fr\/wp-json\/wp\/v2\/media?parent=199281"}],"wp:term":[{"taxonomy":"category","embeddable":true,"href":"https:\/\/legrandcontinent.eu\/fr\/wp-json\/wp\/v2\/categories?post=199281"},{"taxonomy":"post_tag","embeddable":true,"href":"https:\/\/legrandcontinent.eu\/fr\/wp-json\/wp\/v2\/tags?post=199281"},{"taxonomy":"staff","embeddable":true,"href":"https:\/\/legrandcontinent.eu\/fr\/wp-json\/wp\/v2\/staff?post=199281"},{"taxonomy":"editorial_format","embeddable":true,"href":"https:\/\/legrandcontinent.eu\/fr\/wp-json\/wp\/v2\/editorial_format?post=199281"},{"taxonomy":"serie","embeddable":true,"href":"https:\/\/legrandcontinent.eu\/fr\/wp-json\/wp\/v2\/serie?post=199281"},{"taxonomy":"audience","embeddable":true,"href":"https:\/\/legrandcontinent.eu\/fr\/wp-json\/wp\/v2\/audience?post=199281"},{"taxonomy":"geo","embeddable":true,"href":"https:\/\/legrandcontinent.eu\/fr\/wp-json\/wp\/v2\/geo?post=199281"}],"curies":[{"name":"wp","href":"https:\/\/api.w.org\/{rel}","templated":true}]}}