{"id":190035,"date":"2023-06-30T11:35:00","date_gmt":"2023-06-30T09:35:00","guid":{"rendered":"https:\/\/legrandcontinent.eu\/fr\/?p=190035"},"modified":"2023-06-30T18:13:32","modified_gmt":"2023-06-30T16:13:32","slug":"lopinion-publique-americaine-en-faveur-des-efforts-climatiques-mais-non-de-lexclusion-des-energies-fossiles","status":"publish","type":"post","link":"https:\/\/legrandcontinent.eu\/fr\/2023\/06\/30\/lopinion-publique-americaine-en-faveur-des-efforts-climatiques-mais-non-de-lexclusion-des-energies-fossiles\/","title":{"rendered":"L\u2019opinion publique am\u00e9ricaine en faveur des efforts climatiques, mais non de l\u2019exclusion des \u00e9nergies fossiles"},"content":{"rendered":"\n<p>Selon une enqu\u00eate r\u00e9alis\u00e9e par l\u2019institut de sondage&nbsp;<span class='whitespace-nowrap'><span id='easy-footnote-1-190035' class='easy-footnote-margin-adjust'><\/span><span class='easy-footnote'><a href='https:\/\/legrandcontinent.eu\/fr\/2023\/06\/30\/lopinion-publique-americaine-en-faveur-des-efforts-climatiques-mais-non-de-lexclusion-des-energies-fossiles\/#easy-footnote-bottom-1-190035' title='Et disponible \u00e0 &lt;a href=&quot;https:\/\/www.pewresearch.org\/science\/2023\/06\/28\/majorities-of-americans-prioritize-renewable-energy-back-steps-to-address-climate-change\/&quot;&gt;cette adresse&lt;\/a&gt;.'><sup>1<\/sup><\/a><\/span><\/span>, 76&#160;% des Am\u00e9ricains soutiennent l\u2019engagement de leur pays \u00e0 l\u2019international pour r\u00e9duire le changement climatique&#160;; 67&#160;% s\u2019accordent aussi \u00e0 prioriser le d\u00e9veloppement des \u00e9nergies renouvelables sur celui des \u00e9nergies fossiles.\u00a0<\/p>\n\n\n\n<div class=\"iframe-container wp-block-image wp-block-image-medium  iframe-dw\">\n\t<div>\n\t\t<iframe class=\"absolute w-full h-full pin-t pin-l\" title=\"titolo\" aria-label=\"Interactive line chart\" src=\"\/\/datawrapper.dwcdn.net\/JZS6l\/\" scrolling=\"no\" frameborder=\"0\"><\/iframe>\n\t<\/div>\n<\/div>\n\n\n\n<p>La majorit\u00e9 des sond\u00e9s (60&#160;%) s\u2019oppose n\u00e9anmoins \u00e0 une fin des v\u00e9hicules thermiques d\u2019ici \u00e0 2035. De m\u00eame, seuls 31&#160;% des sond\u00e9s soutiennent la fin totale du recours aux \u00e9nergies fossiles.&nbsp;<\/p>\n\n\n\n<ul class=\"wp-block-list\">\n<li>Concernant la construction de nouveaux b\u00e2timents, une faible majorit\u00e9 d\u2019Am\u00e9ricains (51&#160;%) s\u2019opposent \u00e0 que ceux-ci fonctionnent au tout-\u00e9lectrique, sans conduites de gaz \u2013 alors que les premi\u00e8res proposition l\u00e9gislatives en ce sens ont r\u00e9cemment \u00e9t\u00e9 vot\u00e9es dans l\u2019\u00e9tat de New York.&nbsp;<span class='whitespace-nowrap'><span id='easy-footnote-2-190035' class='easy-footnote-margin-adjust'><\/span><span class='easy-footnote'><a href='https:\/\/legrandcontinent.eu\/fr\/2023\/06\/30\/lopinion-publique-americaine-en-faveur-des-efforts-climatiques-mais-non-de-lexclusion-des-energies-fossiles\/#easy-footnote-bottom-2-190035' title='\u00ab&amp;#160;&lt;a href=&quot;https:\/\/www.reuters.com\/world\/us\/new-york-state-bans-natural-gas-some-new-construction-2023-05-03\/&quot;&gt;New York State bans natural gas in some new construction&lt;\/a&gt;&amp;#160;\u00bb, &lt;em&gt;Reuters, &lt;\/em&gt;3 mai 2023.'><sup>2<\/sup><\/a><\/span><\/span>\u00a0<\/li>\n<\/ul>\n\n\n\n<div class=\"iframe-container wp-block-image wp-block-image-medium  iframe-dw\">\n\t<div>\n\t\t<iframe class=\"absolute w-full h-full pin-t pin-l\" title=\"titolo\" aria-label=\"Interactive line chart\" src=\"\/\/datawrapper.dwcdn.net\/zXDTc\/\" scrolling=\"no\" frameborder=\"0\"><\/iframe>\n\t<\/div>\n<\/div>\n\n\n\n<p>Le clivage entre R\u00e9publicains et D\u00e9mocrates se retrouve sur les questions climatiques, les premiers favorisant davantage l\u2019expansion des \u00e9nergies fossiles (53&#160;%) que celle des renouvelables, tout en s\u2019inqui\u00e9tant des risques li\u00e9s \u00e0 la transition \u00e9nerg\u00e9tique \u2013 en particulier les risques d\u2019envol\u00e9e des prix et de perturbation du march\u00e9 de l\u2019emploi.<\/p>\n\n\n\n<ul class=\"wp-block-list\">\n<li>67&#160;% des R\u00e9publicains sont n\u00e9anmoins favorables \u00e0 la cr\u00e9ation d\u2019un cr\u00e9dit d\u2019imp\u00f4t pour les entreprises investissant dans des entreprises d\u00e9carbon\u00e9es&#160;; 60&#160;% sont favorables \u00e0 davantage de parcs \u00e9oliens et 70&#160;% \u00e0 davantage de parcs solaires \u2013 \u00e0 condition que ceux-ci n\u2019entrent pas en comp\u00e9tition avec l\u2019industrie des \u00e9nergies fossiles.&nbsp;<\/li>\n\n\n\n<li>Le soutien des D\u00e9mocrates \u00e0 la transition \u00e9nerg\u00e9tique est nettement plus massif (90&#160;% priorisent le d\u00e9veloppement des renouvelables par rapport \u00e0 l\u2019expansion des fossiles), bien que plus de 50&#160;% s\u2019opposent \u00e0 l\u2019interdiction compl\u00e8te des \u00e9nergies fossiles \u00e0 terme.&nbsp;<\/li>\n<\/ul>\n\n\n\n<div class=\"iframe-container wp-block-image wp-block-image-medium  iframe-dw\">\n\t<div>\n\t\t<iframe class=\"absolute w-full h-full pin-t pin-l\" title=\"titolo\" aria-label=\"Interactive line chart\" src=\"\/\/datawrapper.dwcdn.net\/ClloM\/\" scrolling=\"no\" frameborder=\"0\"><\/iframe>\n\t<\/div>\n<\/div>\n\n\n\n<p>Eu \u00e9gard au bilan de l\u2019administration Biden en termes de climat et de la marge de man\u0153uvre de l\u2019action gouvernementale, les clivages partisans sont ici aussi manifestes.&nbsp;<\/p>\n\n\n\n<ul class=\"wp-block-list\">\n<li>76&#160;% des D\u00e9mocrates et associ\u00e9s estiment que la politique de l\u2019administration Biden en mati\u00e8re de changement climatique va mener le pays dans la bonne direction&#160;; \u00e0 rebours, 82&#160;% des R\u00e9publicains estiment qu\u2019elle l&rsquo;am\u00e8ne dans la mauvaise.<\/li>\n\n\n\n<li>Parmi les D\u00e9mocrates, cependant, 59&#160;% estiment que le pr\u00e9sident Biden pourrait faire plus qu\u2019il n\u2019a d\u00e9j\u00e0 fait en mati\u00e8re de politique climatique&#160;; 34&#160;% estiment qu\u2019il a d\u00e9j\u00e0 fait trop de compromis sur le sujet.&nbsp;<\/li>\n\n\n\n<li>Parmi les D\u00e9mocrates \u00e9tant au courant de la d\u00e9cision prise par Biden en mars 2023 d\u2019autoriser des forages p\u00e9troliers en Alaska par l\u2019entreprise ConocoPhillips \u2013 forages dont la production future est \u00e9valu\u00e9e \u00e0 160 000 barils par jours, soit environ 1,6&#160;% de la production am\u00e9ricaine \u2013 61&#160;% s\u2019y opposent, contre 23&#160;% en faveur.&nbsp;<\/li>\n<\/ul>\n\n\n\n<p>69&#160;% des sond\u00e9s disent avoir v\u00e9cu une exp\u00e9rience climatique extr\u00eame (fortes chaleurs, inondations, s\u00e9cheresses, feux de for\u00eats, \u00e9rosion des littoraux) au cours de l\u2019ann\u00e9e pass\u00e9e, les fortes chaleurs venant en premier (45&#160;%). Outre-Atlantique, 2022 aura \u00e9t\u00e9 l\u2019ann\u00e9e la plus chaude jamais enregistr\u00e9e. La majeure partie de l\u2019Europe occidentale a \u00e9galement connu des conditions caniculaires (7 \u00e0 10\u00b0C au-dessus de la moyenne saisonni\u00e8re)&nbsp;<span class='whitespace-nowrap'><span id='easy-footnote-3-190035' class='easy-footnote-margin-adjust'><\/span><span class='easy-footnote'><a href='https:\/\/legrandcontinent.eu\/fr\/2023\/06\/30\/lopinion-publique-americaine-en-faveur-des-efforts-climatiques-mais-non-de-lexclusion-des-energies-fossiles\/#easy-footnote-bottom-3-190035' title='\u00ab&amp;#160;&lt;a href=&quot;https:\/\/climate.copernicus.eu\/sites\/default\/files\/custom-uploads\/ESOTC2022\/PR\/ESOTCsummary2022_final.pdf&quot;&gt;European State of the Climate \u2013 Summary 2022&lt;\/a&gt;&amp;#160;\u00bb, Copernicus Climate Change Service, 20 avril 2023.'><sup>3<\/sup><\/a><\/span><\/span>.\u00a0<\/p>\n","protected":false},"excerpt":{"rendered":"<p>Selon un sondage du Pew Research Center, la majorit\u00e9 des Am\u00e9ricains supportent la transition \u00e9nerg\u00e9tique et la lutte contre le changement climatique \u2013 peu d\u2019entre eux sont n\u00e9anmoins enclins \u00e0 exclure \u00e0 terme les \u00e9nergies fossiles. <\/p>\n","protected":false},"author":40,"featured_media":190036,"comment_status":"closed","ping_status":"","sticky":false,"template":"templates\/post-briefings.php","format":"standard","meta":{"_acf_changed":false,"_trash_the_other_posts":false,"_yoast_wpseo_estimated-reading-time-minutes":3,"footnotes":""},"categories":[1],"tags":[],"staff":[],"editorial_format":[],"serie":[],"audience":[],"geo":[525],"class_list":["post-190035","post","type-post","status-publish","format-standard","hentry","category-uncategorised","geo-ameriques"],"acf":{"open_in_webview":false,"accent":false,"_thumbnail_id":190036,"excerpt":"Selon un sondage du Pew Research Center, la majorit\u00e9 des Am\u00e9ricains supportent la transition \u00e9nerg\u00e9tique et la lutte contre le changement climatique \u2013 peu d\u2019entre eux sont n\u00e9anmoins enclins \u00e0 exclure \u00e0 terme les \u00e9nergies fossiles. ","display_date":"","new_abstract":true},"yoast_head":"<!-- This site is optimized with the Yoast SEO plugin v26.1.1 - https:\/\/yoast.com\/wordpress\/plugins\/seo\/ -->\n<title>L\u2019opinion publique am\u00e9ricaine en faveur des efforts climatiques, mais non de l\u2019exclusion des \u00e9nergies fossiles | Le Grand Continent<\/title>\n<meta name=\"robots\" content=\"index, follow, max-snippet:-1, max-image-preview:large, max-video-preview:-1\" \/>\n<link rel=\"canonical\" href=\"https:\/\/legrandcontinent.eu\/fr\/2023\/06\/30\/lopinion-publique-americaine-en-faveur-des-efforts-climatiques-mais-non-de-lexclusion-des-energies-fossiles\/\" \/>\n<meta property=\"og:locale\" content=\"fr_FR\" \/>\n<meta property=\"og:type\" content=\"article\" \/>\n<meta property=\"og:title\" content=\"L\u2019opinion publique am\u00e9ricaine en faveur des efforts climatiques, mais non de l\u2019exclusion des \u00e9nergies fossiles | Le Grand Continent\" \/>\n<meta property=\"og:description\" content=\"Selon un sondage du Pew Research Center, la majorit\u00e9 des Am\u00e9ricains supportent la transition \u00e9nerg\u00e9tique et la lutte contre le changement climatique \u2013 peu d\u2019entre eux sont n\u00e9anmoins enclins \u00e0 exclure \u00e0 terme les \u00e9nergies fossiles.\" \/>\n<meta property=\"og:url\" content=\"https:\/\/legrandcontinent.eu\/fr\/2023\/06\/30\/lopinion-publique-americaine-en-faveur-des-efforts-climatiques-mais-non-de-lexclusion-des-energies-fossiles\/\" \/>\n<meta property=\"og:site_name\" content=\"Le Grand Continent\" \/>\n<meta property=\"article:published_time\" content=\"2023-06-30T09:35:00+00:00\" \/>\n<meta property=\"article:modified_time\" content=\"2023-06-30T16:13:32+00:00\" \/>\n<meta property=\"og:image\" content=\"https:\/\/legrandcontinent.eu\/fr\/wp-content\/uploads\/sites\/2\/2023\/06\/JZS6l-les-deux-tiers-de-la-population-am-ricaine-priorisent-le-d-veloppement-des-nergies-renouvelables.png\" \/>\n\t<meta property=\"og:image:width\" content=\"1454\" \/>\n\t<meta property=\"og:image:height\" content=\"1399\" \/>\n\t<meta property=\"og:image:type\" content=\"image\/png\" \/>\n<meta name=\"author\" content=\"Ramona Bloj\" \/>\n<meta name=\"twitter:card\" content=\"summary_large_image\" \/>\n<meta name=\"twitter:label1\" content=\"\u00c9crit par\" \/>\n\t<meta name=\"twitter:data1\" content=\"Ramona Bloj\" \/>\n\t<meta name=\"twitter:label2\" content=\"Dur\u00e9e de lecture estim\u00e9e\" \/>\n\t<meta name=\"twitter:data2\" content=\"3 minutes\" \/>\n<script type=\"application\/ld+json\" class=\"yoast-schema-graph\">{\"@context\":\"https:\/\/schema.org\",\"@graph\":[{\"@type\":\"WebPage\",\"@id\":\"https:\/\/legrandcontinent.eu\/fr\/2023\/06\/30\/lopinion-publique-americaine-en-faveur-des-efforts-climatiques-mais-non-de-lexclusion-des-energies-fossiles\/\",\"url\":\"https:\/\/legrandcontinent.eu\/fr\/2023\/06\/30\/lopinion-publique-americaine-en-faveur-des-efforts-climatiques-mais-non-de-lexclusion-des-energies-fossiles\/\",\"name\":\"L\u2019opinion publique am\u00e9ricaine en faveur des efforts climatiques, mais non de l\u2019exclusion des \u00e9nergies fossiles | Le Grand Continent\",\"isPartOf\":{\"@id\":\"https:\/\/legrandcontinent.eu\/fr\/#website\"},\"primaryImageOfPage\":{\"@id\":\"https:\/\/legrandcontinent.eu\/fr\/2023\/06\/30\/lopinion-publique-americaine-en-faveur-des-efforts-climatiques-mais-non-de-lexclusion-des-energies-fossiles\/#primaryimage\"},\"image\":{\"@id\":\"https:\/\/legrandcontinent.eu\/fr\/2023\/06\/30\/lopinion-publique-americaine-en-faveur-des-efforts-climatiques-mais-non-de-lexclusion-des-energies-fossiles\/#primaryimage\"},\"thumbnailUrl\":\"https:\/\/legrandcontinent.eu\/fr\/wp-content\/uploads\/sites\/2\/2023\/06\/JZS6l-les-deux-tiers-de-la-population-am-ricaine-priorisent-le-d-veloppement-des-nergies-renouvelables.png\",\"datePublished\":\"2023-06-30T09:35:00+00:00\",\"dateModified\":\"2023-06-30T16:13:32+00:00\",\"author\":{\"@id\":\"https:\/\/legrandcontinent.eu\/fr\/#\/schema\/person\/bee86896b403754f76b6b1515ff0b697\"},\"breadcrumb\":{\"@id\":\"https:\/\/legrandcontinent.eu\/fr\/2023\/06\/30\/lopinion-publique-americaine-en-faveur-des-efforts-climatiques-mais-non-de-lexclusion-des-energies-fossiles\/#breadcrumb\"},\"inLanguage\":\"fr-FR\",\"potentialAction\":[{\"@type\":\"ReadAction\",\"target\":[\"https:\/\/legrandcontinent.eu\/fr\/2023\/06\/30\/lopinion-publique-americaine-en-faveur-des-efforts-climatiques-mais-non-de-lexclusion-des-energies-fossiles\/\"]}]},{\"@type\":\"ImageObject\",\"inLanguage\":\"fr-FR\",\"@id\":\"https:\/\/legrandcontinent.eu\/fr\/2023\/06\/30\/lopinion-publique-americaine-en-faveur-des-efforts-climatiques-mais-non-de-lexclusion-des-energies-fossiles\/#primaryimage\",\"url\":\"https:\/\/legrandcontinent.eu\/fr\/wp-content\/uploads\/sites\/2\/2023\/06\/JZS6l-les-deux-tiers-de-la-population-am-ricaine-priorisent-le-d-veloppement-des-nergies-renouvelables.png\",\"contentUrl\":\"https:\/\/legrandcontinent.eu\/fr\/wp-content\/uploads\/sites\/2\/2023\/06\/JZS6l-les-deux-tiers-de-la-population-am-ricaine-priorisent-le-d-veloppement-des-nergies-renouvelables.png\",\"width\":1454,\"height\":1399},{\"@type\":\"BreadcrumbList\",\"@id\":\"https:\/\/legrandcontinent.eu\/fr\/2023\/06\/30\/lopinion-publique-americaine-en-faveur-des-efforts-climatiques-mais-non-de-lexclusion-des-energies-fossiles\/#breadcrumb\",\"itemListElement\":[{\"@type\":\"ListItem\",\"position\":1,\"name\":\"Accueil\",\"item\":\"https:\/\/legrandcontinent.eu\/fr\/\"},{\"@type\":\"ListItem\",\"position\":2,\"name\":\"L\u2019opinion publique am\u00e9ricaine en faveur des efforts climatiques, mais non de l\u2019exclusion des \u00e9nergies fossiles\"}]},{\"@type\":\"WebSite\",\"@id\":\"https:\/\/legrandcontinent.eu\/fr\/#website\",\"url\":\"https:\/\/legrandcontinent.eu\/fr\/\",\"name\":\"Le Grand Continent\",\"description\":\"L&#039;\u00e9chelle pertinente\",\"potentialAction\":[{\"@type\":\"SearchAction\",\"target\":{\"@type\":\"EntryPoint\",\"urlTemplate\":\"https:\/\/legrandcontinent.eu\/fr\/?s={search_term_string}\"},\"query-input\":{\"@type\":\"PropertyValueSpecification\",\"valueRequired\":true,\"valueName\":\"search_term_string\"}}],\"inLanguage\":\"fr-FR\"},{\"@type\":\"Person\",\"@id\":\"https:\/\/legrandcontinent.eu\/fr\/#\/schema\/person\/bee86896b403754f76b6b1515ff0b697\",\"name\":\"Ramona Bloj\",\"image\":{\"@type\":\"ImageObject\",\"inLanguage\":\"fr-FR\",\"@id\":\"https:\/\/legrandcontinent.eu\/fr\/#\/schema\/person\/image\/\",\"url\":\"https:\/\/secure.gravatar.com\/avatar\/c1d91adb7c4c1eed266b81c0f9915707?s=96&d=mm&r=g\",\"contentUrl\":\"https:\/\/secure.gravatar.com\/avatar\/c1d91adb7c4c1eed266b81c0f9915707?s=96&d=mm&r=g\",\"caption\":\"Ramona Bloj\"}}]}<\/script>\n<!-- \/ Yoast SEO plugin. -->","yoast_head_json":{"title":"L\u2019opinion publique am\u00e9ricaine en faveur des efforts climatiques, mais non de l\u2019exclusion des \u00e9nergies fossiles | Le Grand Continent","robots":{"index":"index","follow":"follow","max-snippet":"max-snippet:-1","max-image-preview":"max-image-preview:large","max-video-preview":"max-video-preview:-1"},"canonical":"https:\/\/legrandcontinent.eu\/fr\/2023\/06\/30\/lopinion-publique-americaine-en-faveur-des-efforts-climatiques-mais-non-de-lexclusion-des-energies-fossiles\/","og_locale":"fr_FR","og_type":"article","og_title":"L\u2019opinion publique am\u00e9ricaine en faveur des efforts climatiques, mais non de l\u2019exclusion des \u00e9nergies fossiles | Le Grand Continent","og_description":"Selon un sondage du Pew Research Center, la majorit\u00e9 des Am\u00e9ricains supportent la transition \u00e9nerg\u00e9tique et la lutte contre le changement climatique \u2013 peu d\u2019entre eux sont n\u00e9anmoins enclins \u00e0 exclure \u00e0 terme les \u00e9nergies fossiles.","og_url":"https:\/\/legrandcontinent.eu\/fr\/2023\/06\/30\/lopinion-publique-americaine-en-faveur-des-efforts-climatiques-mais-non-de-lexclusion-des-energies-fossiles\/","og_site_name":"Le Grand Continent","article_published_time":"2023-06-30T09:35:00+00:00","article_modified_time":"2023-06-30T16:13:32+00:00","og_image":[{"width":1454,"height":1399,"url":"https:\/\/legrandcontinent.eu\/fr\/wp-content\/uploads\/sites\/2\/2023\/06\/JZS6l-les-deux-tiers-de-la-population-am-ricaine-priorisent-le-d-veloppement-des-nergies-renouvelables.png","type":"image\/png"}],"author":"Ramona Bloj","twitter_card":"summary_large_image","twitter_misc":{"\u00c9crit par":"Ramona Bloj","Dur\u00e9e de lecture estim\u00e9e":"3 minutes"},"schema":{"@context":"https:\/\/schema.org","@graph":[{"@type":"WebPage","@id":"https:\/\/legrandcontinent.eu\/fr\/2023\/06\/30\/lopinion-publique-americaine-en-faveur-des-efforts-climatiques-mais-non-de-lexclusion-des-energies-fossiles\/","url":"https:\/\/legrandcontinent.eu\/fr\/2023\/06\/30\/lopinion-publique-americaine-en-faveur-des-efforts-climatiques-mais-non-de-lexclusion-des-energies-fossiles\/","name":"L\u2019opinion publique am\u00e9ricaine en faveur des efforts climatiques, mais non de l\u2019exclusion des \u00e9nergies fossiles | Le Grand Continent","isPartOf":{"@id":"https:\/\/legrandcontinent.eu\/fr\/#website"},"primaryImageOfPage":{"@id":"https:\/\/legrandcontinent.eu\/fr\/2023\/06\/30\/lopinion-publique-americaine-en-faveur-des-efforts-climatiques-mais-non-de-lexclusion-des-energies-fossiles\/#primaryimage"},"image":{"@id":"https:\/\/legrandcontinent.eu\/fr\/2023\/06\/30\/lopinion-publique-americaine-en-faveur-des-efforts-climatiques-mais-non-de-lexclusion-des-energies-fossiles\/#primaryimage"},"thumbnailUrl":"https:\/\/legrandcontinent.eu\/fr\/wp-content\/uploads\/sites\/2\/2023\/06\/JZS6l-les-deux-tiers-de-la-population-am-ricaine-priorisent-le-d-veloppement-des-nergies-renouvelables.png","datePublished":"2023-06-30T09:35:00+00:00","dateModified":"2023-06-30T16:13:32+00:00","author":{"@id":"https:\/\/legrandcontinent.eu\/fr\/#\/schema\/person\/bee86896b403754f76b6b1515ff0b697"},"breadcrumb":{"@id":"https:\/\/legrandcontinent.eu\/fr\/2023\/06\/30\/lopinion-publique-americaine-en-faveur-des-efforts-climatiques-mais-non-de-lexclusion-des-energies-fossiles\/#breadcrumb"},"inLanguage":"fr-FR","potentialAction":[{"@type":"ReadAction","target":["https:\/\/legrandcontinent.eu\/fr\/2023\/06\/30\/lopinion-publique-americaine-en-faveur-des-efforts-climatiques-mais-non-de-lexclusion-des-energies-fossiles\/"]}]},{"@type":"ImageObject","inLanguage":"fr-FR","@id":"https:\/\/legrandcontinent.eu\/fr\/2023\/06\/30\/lopinion-publique-americaine-en-faveur-des-efforts-climatiques-mais-non-de-lexclusion-des-energies-fossiles\/#primaryimage","url":"https:\/\/legrandcontinent.eu\/fr\/wp-content\/uploads\/sites\/2\/2023\/06\/JZS6l-les-deux-tiers-de-la-population-am-ricaine-priorisent-le-d-veloppement-des-nergies-renouvelables.png","contentUrl":"https:\/\/legrandcontinent.eu\/fr\/wp-content\/uploads\/sites\/2\/2023\/06\/JZS6l-les-deux-tiers-de-la-population-am-ricaine-priorisent-le-d-veloppement-des-nergies-renouvelables.png","width":1454,"height":1399},{"@type":"BreadcrumbList","@id":"https:\/\/legrandcontinent.eu\/fr\/2023\/06\/30\/lopinion-publique-americaine-en-faveur-des-efforts-climatiques-mais-non-de-lexclusion-des-energies-fossiles\/#breadcrumb","itemListElement":[{"@type":"ListItem","position":1,"name":"Accueil","item":"https:\/\/legrandcontinent.eu\/fr\/"},{"@type":"ListItem","position":2,"name":"L\u2019opinion publique am\u00e9ricaine en faveur des efforts climatiques, mais non de l\u2019exclusion des \u00e9nergies fossiles"}]},{"@type":"WebSite","@id":"https:\/\/legrandcontinent.eu\/fr\/#website","url":"https:\/\/legrandcontinent.eu\/fr\/","name":"Le Grand Continent","description":"L&#039;\u00e9chelle pertinente","potentialAction":[{"@type":"SearchAction","target":{"@type":"EntryPoint","urlTemplate":"https:\/\/legrandcontinent.eu\/fr\/?s={search_term_string}"},"query-input":{"@type":"PropertyValueSpecification","valueRequired":true,"valueName":"search_term_string"}}],"inLanguage":"fr-FR"},{"@type":"Person","@id":"https:\/\/legrandcontinent.eu\/fr\/#\/schema\/person\/bee86896b403754f76b6b1515ff0b697","name":"Ramona Bloj","image":{"@type":"ImageObject","inLanguage":"fr-FR","@id":"https:\/\/legrandcontinent.eu\/fr\/#\/schema\/person\/image\/","url":"https:\/\/secure.gravatar.com\/avatar\/c1d91adb7c4c1eed266b81c0f9915707?s=96&d=mm&r=g","contentUrl":"https:\/\/secure.gravatar.com\/avatar\/c1d91adb7c4c1eed266b81c0f9915707?s=96&d=mm&r=g","caption":"Ramona Bloj"}}]}},"lgc_categories":[{"id":1,"name":"Uncategorised","slug":"uncategorised"}],"lgc_author":null,"feature_image_summary":{"url":"https:\/\/legrandcontinent.eu\/fr\/wp-content\/uploads\/sites\/2\/2023\/06\/JZS6l-les-deux-tiers-de-la-population-am-ricaine-priorisent-le-d-veloppement-des-nergies-renouvelables.png","width":1454,"height":1399,"alt":""},"feature_image_cover":null,"term_position_data":null,"_links":{"self":[{"href":"https:\/\/legrandcontinent.eu\/fr\/wp-json\/wp\/v2\/posts\/190035","targetHints":{"allow":["GET"]}}],"collection":[{"href":"https:\/\/legrandcontinent.eu\/fr\/wp-json\/wp\/v2\/posts"}],"about":[{"href":"https:\/\/legrandcontinent.eu\/fr\/wp-json\/wp\/v2\/types\/post"}],"author":[{"embeddable":true,"href":"https:\/\/legrandcontinent.eu\/fr\/wp-json\/wp\/v2\/users\/40"}],"replies":[{"embeddable":true,"href":"https:\/\/legrandcontinent.eu\/fr\/wp-json\/wp\/v2\/comments?post=190035"}],"version-history":[{"count":0,"href":"https:\/\/legrandcontinent.eu\/fr\/wp-json\/wp\/v2\/posts\/190035\/revisions"}],"wp:featuredmedia":[{"embeddable":true,"href":"https:\/\/legrandcontinent.eu\/fr\/wp-json\/wp\/v2\/media\/190036"}],"wp:attachment":[{"href":"https:\/\/legrandcontinent.eu\/fr\/wp-json\/wp\/v2\/media?parent=190035"}],"wp:term":[{"taxonomy":"category","embeddable":true,"href":"https:\/\/legrandcontinent.eu\/fr\/wp-json\/wp\/v2\/categories?post=190035"},{"taxonomy":"post_tag","embeddable":true,"href":"https:\/\/legrandcontinent.eu\/fr\/wp-json\/wp\/v2\/tags?post=190035"},{"taxonomy":"staff","embeddable":true,"href":"https:\/\/legrandcontinent.eu\/fr\/wp-json\/wp\/v2\/staff?post=190035"},{"taxonomy":"editorial_format","embeddable":true,"href":"https:\/\/legrandcontinent.eu\/fr\/wp-json\/wp\/v2\/editorial_format?post=190035"},{"taxonomy":"serie","embeddable":true,"href":"https:\/\/legrandcontinent.eu\/fr\/wp-json\/wp\/v2\/serie?post=190035"},{"taxonomy":"audience","embeddable":true,"href":"https:\/\/legrandcontinent.eu\/fr\/wp-json\/wp\/v2\/audience?post=190035"},{"taxonomy":"geo","embeddable":true,"href":"https:\/\/legrandcontinent.eu\/fr\/wp-json\/wp\/v2\/geo?post=190035"}],"curies":[{"name":"wp","href":"https:\/\/api.w.org\/{rel}","templated":true}]}}