{"id":187993,"date":"2023-06-12T13:44:05","date_gmt":"2023-06-12T11:44:05","guid":{"rendered":"https:\/\/legrandcontinent.eu\/fr\/?p=187993"},"modified":"2023-06-12T13:44:06","modified_gmt":"2023-06-12T11:44:06","slug":"pour-trump-sa-mise-en-examen-releve-dune-instrumentalisation-de-la-justice","status":"publish","type":"post","link":"https:\/\/legrandcontinent.eu\/fr\/2023\/06\/12\/pour-trump-sa-mise-en-examen-releve-dune-instrumentalisation-de-la-justice\/","title":{"rendered":"Pour Trump, sa mise en examen rel\u00e8ve d\u2019une \u00ab&#160;instrumentalisation&#160;\u00bb de la justice"},"content":{"rendered":"\n<p>Il s\u2019agit de la deuxi\u00e8me fois que l\u2019ancien pr\u00e9sident Donald Trump est mis en examen cette ann\u00e9e, mais cette fois-ci au niveau f\u00e9d\u00e9ral (o\u00f9 il devra r\u00e9pondre d\u2019accusations bien plus graves).<\/p>\n\n\n\n<ul class=\"wp-block-list\">\n<li>Le 30 mars dernier, <a href=\"https:\/\/legrandcontinent.eu\/fr\/2023\/03\/31\/donald-trump-devient-le-premier-ex-president-a-faire-face-a-des-accusations-criminelles\/\">Trump \u00e9tait mis en examen<\/a> par le grand jury de Manhattan pour l\u2019affaire des sommes d\u2019argent vers\u00e9es en 2015 \u00e0 Stormy Daniels par l\u2019interm\u00e9diaire de son avocat d\u2019alors, Michael Cohen.<\/li>\n\n\n\n<li>Pour l\u2019ex-pr\u00e9sident, cette d\u00e9cision est politiquement motiv\u00e9e par l\u2019administration d\u00e9mocrate au pouvoir. Dans une vid\u00e9o publi\u00e9e peu de temps apr\u00e8s l\u2019annonce de sa mise en examen, Trump invitait ses partisans \u00e0 \u00ab&#160;ne pas les laisser faire&#160;\u00bb, d\u00e9non\u00e7ant \u00ab&#160;l\u2019instrumentalisation du d\u00e9partement de la Justice et du FBI&#160;\u00bb&nbsp;<span class='whitespace-nowrap'><span id='easy-footnote-1-187993' class='easy-footnote-margin-adjust'><\/span><span class='easy-footnote'><a href='https:\/\/legrandcontinent.eu\/fr\/2023\/06\/12\/pour-trump-sa-mise-en-examen-releve-dune-instrumentalisation-de-la-justice\/#easy-footnote-bottom-1-187993' title='&lt;a href=&quot;https:\/\/www.youtube.com\/watch?v=IwRLNazAFG8&amp;amp;ab_channel=LiveNOWfromFOX&quot;&gt;Trump responds to indictment, calls it &amp;lsquo;a hoax&amp;rsquo; | LiveNOW from FOX&lt;\/a&gt;, YouTube, 9 juin 2023.'><sup>1<\/sup><\/a><\/span><\/span>.<\/li>\n\n\n\n<li>Il semble important de rappeler que cette mise en examen ne rel\u00e8ve pas de l\u2019autorit\u00e9 du d\u00e9partement de la Justice mais de celle du procureur sp\u00e9cial Jack Smith, nomm\u00e9 par le procureur g\u00e9n\u00e9ral des \u00c9tats-Unis Merrick Garland, qui agit ind\u00e9pendamment de ce dernier, comme le rappelle le constitutionnaliste Laurence Tribe&nbsp;<span class='whitespace-nowrap'><span id='easy-footnote-2-187993' class='easy-footnote-margin-adjust'><\/span><span class='easy-footnote'><a href='https:\/\/legrandcontinent.eu\/fr\/2023\/06\/12\/pour-trump-sa-mise-en-examen-releve-dune-instrumentalisation-de-la-justice\/#easy-footnote-bottom-2-187993' title='&lt;a href=&quot;https:\/\/www.msnbc.com\/the-last-word\/watch\/laurence-tribe-trump-indictment-is-vindication-for-the-rule-of-law-181573189926&quot;&gt;Laurence Tribe&amp;#160;: Trump indictment is \u2018vindication for the rule of law\u2019&lt;\/a&gt;, MSNBC, 10 juin 2023.'><sup>2<\/sup><\/a><\/span><\/span>.<\/li>\n<\/ul>\n\n\n\n<div class=\"iframe-container wp-block-image wp-block-image-medium  iframe-dw\">\n\t<div>\n\t\t<iframe class=\"absolute w-full h-full pin-t pin-l\" title=\"titolo\" aria-label=\"Interactive line chart\" src=\"\/\/datawrapper.dwcdn.net\/34BjU\/\" scrolling=\"no\" frameborder=\"0\"><\/iframe>\n\t<\/div>\n<\/div>\n\n\n\n<p>Le document d\u00e9voilant les d\u00e9tails des accusations port\u00e9es contre Donald Trump fait \u00e9tait de 38 chefs d\u2019accusation contre ce dernier et un assistant de l\u2019ex-pr\u00e9sident, Walt Nauta, dont&#160;: 31 accusations en lien avec des dissimulations d&rsquo;informations relatives \u00e0 la d\u00e9fense nationale, 5 se rapportant \u00e0 la dissimulation de documents classifi\u00e9s et 2 chefs d\u2019accusation concernant des fausses d\u00e9clarations faites au FBI par Trump et Nauta&nbsp;<span class='whitespace-nowrap'><span id='easy-footnote-3-187993' class='easy-footnote-margin-adjust'><\/span><span class='easy-footnote'><a href='https:\/\/legrandcontinent.eu\/fr\/2023\/06\/12\/pour-trump-sa-mise-en-examen-releve-dune-instrumentalisation-de-la-justice\/#easy-footnote-bottom-3-187993' title='Pour lire l\u2019acte d\u2019accusation annot\u00e9&amp;#160;: Charlie Savage, \u00ab&amp;#160;&lt;a href=&quot;https:\/\/www.nytimes.com\/interactive\/2023\/06\/09\/us\/trump-indictment-document-annotated.html&quot;&gt;The Trump Classified Documents Indictment, Annotated&lt;\/a&gt;&amp;#160;\u00bb, &lt;em&gt;The New York Times&lt;\/em&gt;, 9 juin 2023.'><sup>3<\/sup><\/a><\/span><\/span>.<\/p>\n\n\n\n<div class=\"iframe-container wp-block-image wp-block-image-medium  iframe-dw\">\n\t<div>\n\t\t<iframe class=\"absolute w-full h-full pin-t pin-l\" title=\"titolo\" aria-label=\"Interactive line chart\" src=\"\/\/datawrapper.dwcdn.net\/fC1XW\/\" scrolling=\"no\" frameborder=\"0\"><\/iframe>\n\t<\/div>\n<\/div>\n\n\n\n<p><a href=\"https:\/\/legrandcontinent.eu\/fr\/2022\/08\/22\/les-scandales-judiciaires-de-trump-lui-beneficient-ils-politiquement\/\">Comme nous l\u2019\u00e9crivions en ao\u00fbt dernier<\/a>, il est incertain que cette \u2014 nouvelle \u2014 mise en examen nuise assez \u00e0 Trump pour le priver d\u2019une r\u00e9\u00e9lection en 2024.&nbsp;<\/p>\n\n\n\n<ul class=\"wp-block-list\">\n<li>Il est encore trop t\u00f4t pour tirer des conclusions sur les impacts politiques et \u00e9lectoraux que de telles accusations pourraient avoir.<\/li>\n\n\n\n<li>Dans l\u2019un des premiers sondages conduits suite \u00e0 cette mise en examen, publi\u00e9 dimanche 11 juin, la part des Am\u00e9ricains consid\u00e9rant \u00ab&#160;que les charges retenues dans chaque acte d&rsquo;accusation sont s\u00e9rieuses&#160;\u00bb a augment\u00e9 de 9 points par rapport \u00e0 la mise en examen de Trump \u00e0 New York fin mars, passant de 52 \u00e0 61&#160;%&nbsp;<span class='whitespace-nowrap'><span id='easy-footnote-4-187993' class='easy-footnote-margin-adjust'><\/span><span class='easy-footnote'><a href='https:\/\/legrandcontinent.eu\/fr\/2023\/06\/12\/pour-trump-sa-mise-en-examen-releve-dune-instrumentalisation-de-la-justice\/#easy-footnote-bottom-4-187993' title='&lt;a href=&quot;https:\/\/www.ipsos.com\/sites\/default\/files\/ct\/news\/documents\/2023-06\/Topline%20ABC_Ipsos%20Poll%20June%2010%202023.pdf&quot;&gt;ABC News\/Ipsos Poll,&lt;\/a&gt; 9,10 juin 2023.'><sup>4<\/sup><\/a><\/span><\/span>.<\/li>\n\n\n\n<li>Environ la moiti\u00e9 des sond\u00e9s (47&#160;%) consid\u00e8re que ces accusations sont motiv\u00e9es par des consid\u00e9rations politiques, correspondant au r\u00e9cit mis en avant par Trump lui-m\u00eame. Cette proportion est relativement stable (en baisse de 3 points) par rapport \u00e0 la mise en examen du mois de mars.<\/li>\n<\/ul>\n\n\n\n<div class=\"iframe-container wp-block-image wp-block-image-medium  iframe-dw\">\n\t<div>\n\t\t<iframe class=\"absolute w-full h-full pin-t pin-l\" title=\"titolo\" aria-label=\"Interactive line chart\" src=\"\/\/datawrapper.dwcdn.net\/6arWD\/\" scrolling=\"no\" frameborder=\"0\"><\/iframe>\n\t<\/div>\n<\/div>\n\n\n\n<p>Tandis que Trump a d\u00e9clar\u00e9 ce week-end qu\u2019il contestait ces accusations lors de conventions du Parti r\u00e9publicain en Caroline du Nord et en G\u00e9orgie, l\u2019ancien pr\u00e9sident a d\u2019ores et d\u00e9j\u00e0 annonc\u00e9 qu\u2019il plaiderait non-coupable lors qu\u2019il compara\u00eetre demain devant un tribunal f\u00e9d\u00e9ral de Miami&nbsp;<span class='whitespace-nowrap'><span id='easy-footnote-5-187993' class='easy-footnote-margin-adjust'><\/span><span class='easy-footnote'><a href='https:\/\/legrandcontinent.eu\/fr\/2023\/06\/12\/pour-trump-sa-mise-en-examen-releve-dune-instrumentalisation-de-la-justice\/#easy-footnote-bottom-5-187993' title='Sophie Cai, \u00ab&amp;#160;&lt;a href=&quot;https:\/\/www.axios.com\/2023\/06\/11\/trump-speech-north-carolina-indictment&quot;&gt;Trump ratchets up his rhetoric in North Carolina&lt;\/a&gt;&amp;#160;\u00bb, &lt;em&gt;Axios&lt;\/em&gt;, 11 juin 2023.'><sup>5<\/sup><\/a><\/span><\/span>. Si Trump a re\u00e7u le soutien \u2014 direct ou implicite \u2014 de nombreux R\u00e9publicains, dont celui de son rival pour l&rsquo;investiture r\u00e9publicaine, Ron DeSantis, la gravit\u00e9 des chefs d\u2019accusation a conduit l\u2019ancien procureur g\u00e9n\u00e9ral de Trump, Bill Barr, \u00e0 qualifier la mise en accusation de \u00ab&#160;tr\u00e8s accablante&#160;\u00bb&nbsp;<span class='whitespace-nowrap'><span id='easy-footnote-6-187993' class='easy-footnote-margin-adjust'><\/span><span class='easy-footnote'><a href='https:\/\/legrandcontinent.eu\/fr\/2023\/06\/12\/pour-trump-sa-mise-en-examen-releve-dune-instrumentalisation-de-la-justice\/#easy-footnote-bottom-6-187993' title='Ashley Capoot, \u00ab&amp;#160;&lt;a href=&quot;https:\/\/www.cnbc.com\/2023\/06\/11\/trump-indictment-is-very-very-damning-his-former-attorney-general-says.html&quot;&gt;Trump indictment is \u2018very, very damning,\u2019 his former attorney general says&lt;\/a&gt;&amp;#160;\u00bb, CNBC, 11 juin 2023.\u00a0'><sup>6<\/sup><\/a><\/span><\/span>.<\/p>\n","protected":false},"excerpt":{"rendered":"<p>Donald Trump a \u00e9t\u00e9 mis en examen au niveau f\u00e9d\u00e9ral pour des faits dont la gravit\u00e9 est reconnue par certains de ses anciens collaborateurs. Tandis qu\u2019il doit compara\u00eetre devant un tribunal f\u00e9d\u00e9ral mardi 13 juin, l\u2019ex-pr\u00e9sident continue de clamer son innocence et d\u00e9nonce une \u00ab&#160;&#160;instrumentalisation&#160;&#160;\u00bb de la justice.<\/p>\n","protected":false},"author":2622,"featured_media":187997,"comment_status":"closed","ping_status":"closed","sticky":false,"template":"templates\/post-briefings.php","format":"standard","meta":{"_acf_changed":false,"_trash_the_other_posts":false,"_yoast_wpseo_estimated-reading-time-minutes":3,"footnotes":""},"categories":[1935],"tags":[],"staff":[],"editorial_format":[],"serie":[],"audience":[],"geo":[525],"class_list":["post-187993","post","type-post","status-publish","format-standard","hentry","category-droit","geo-ameriques"],"acf":{"open_in_webview":false,"accent":false,"_thumbnail_id":187997,"excerpt":"Donald Trump a \u00e9t\u00e9 mis en examen au niveau f\u00e9d\u00e9ral pour des faits dont la gravit\u00e9 est reconnue par certains de ses anciens collaborateurs. Tandis qu\u2019il doit compara\u00eetre devant un tribunal f\u00e9d\u00e9ral mardi 13 juin, l\u2019ex-pr\u00e9sident continue de clamer son innocence et d\u00e9nonce une \u00ab instrumentalisation \u00bb de la justice.","display_date":"","new_abstract":true},"yoast_head":"<!-- This site is optimized with the Yoast SEO plugin v26.1.1 - https:\/\/yoast.com\/wordpress\/plugins\/seo\/ -->\n<title>Pour Trump, sa mise en examen rel\u00e8ve d\u2019une \u00ab instrumentalisation \u00bb de la justice | Le Grand Continent<\/title>\n<meta name=\"robots\" content=\"index, follow, max-snippet:-1, max-image-preview:large, max-video-preview:-1\" \/>\n<link rel=\"canonical\" href=\"https:\/\/legrandcontinent.eu\/fr\/2023\/06\/12\/pour-trump-sa-mise-en-examen-releve-dune-instrumentalisation-de-la-justice\/\" \/>\n<meta property=\"og:locale\" content=\"fr_FR\" \/>\n<meta property=\"og:type\" content=\"article\" \/>\n<meta property=\"og:title\" content=\"Pour Trump, sa mise en examen rel\u00e8ve d\u2019une \u00ab instrumentalisation \u00bb de la justice | Le Grand Continent\" \/>\n<meta property=\"og:description\" content=\"Donald Trump a \u00e9t\u00e9 mis en examen au niveau f\u00e9d\u00e9ral pour des faits dont la gravit\u00e9 est reconnue par certains de ses anciens collaborateurs. Tandis qu\u2019il doit compara\u00eetre devant un tribunal f\u00e9d\u00e9ral mardi 13 juin, l\u2019ex-pr\u00e9sident continue de clamer son innocence et d\u00e9nonce une \u00ab&#160;instrumentalisation&#160;\u00bb de la justice.\" \/>\n<meta property=\"og:url\" content=\"https:\/\/legrandcontinent.eu\/fr\/2023\/06\/12\/pour-trump-sa-mise-en-examen-releve-dune-instrumentalisation-de-la-justice\/\" \/>\n<meta property=\"og:site_name\" content=\"Le Grand Continent\" \/>\n<meta property=\"article:published_time\" content=\"2023-06-12T11:44:05+00:00\" \/>\n<meta property=\"article:modified_time\" content=\"2023-06-12T11:44:06+00:00\" \/>\n<meta property=\"og:image\" content=\"https:\/\/legrandcontinent.eu\/fr\/wp-content\/uploads\/sites\/2\/2023\/06\/gc-mise-en-examen-federale-Trump-e1686569074162.jpg\" \/>\n\t<meta property=\"og:image:width\" content=\"1453\" \/>\n\t<meta property=\"og:image:height\" content=\"813\" \/>\n\t<meta property=\"og:image:type\" content=\"image\/jpeg\" \/>\n<meta name=\"author\" content=\"Marin Saillofest\" \/>\n<meta name=\"twitter:card\" content=\"summary_large_image\" \/>\n<meta name=\"twitter:image\" content=\"https:\/\/legrandcontinent.eu\/fr\/wp-content\/uploads\/sites\/2\/2023\/06\/gc-mise-en-examen-federale-Trump-e1686569074162.jpg\" \/>\n<meta name=\"twitter:label1\" content=\"\u00c9crit par\" \/>\n\t<meta name=\"twitter:data1\" content=\"Marin Saillofest\" \/>\n\t<meta name=\"twitter:label2\" content=\"Dur\u00e9e de lecture estim\u00e9e\" \/>\n\t<meta name=\"twitter:data2\" content=\"3 minutes\" \/>\n<script type=\"application\/ld+json\" class=\"yoast-schema-graph\">{\"@context\":\"https:\/\/schema.org\",\"@graph\":[{\"@type\":\"WebPage\",\"@id\":\"https:\/\/legrandcontinent.eu\/fr\/2023\/06\/12\/pour-trump-sa-mise-en-examen-releve-dune-instrumentalisation-de-la-justice\/\",\"url\":\"https:\/\/legrandcontinent.eu\/fr\/2023\/06\/12\/pour-trump-sa-mise-en-examen-releve-dune-instrumentalisation-de-la-justice\/\",\"name\":\"Pour Trump, sa mise en examen rel\u00e8ve d\u2019une \u00ab instrumentalisation \u00bb de la justice | Le Grand Continent\",\"isPartOf\":{\"@id\":\"https:\/\/legrandcontinent.eu\/fr\/#website\"},\"primaryImageOfPage\":{\"@id\":\"https:\/\/legrandcontinent.eu\/fr\/2023\/06\/12\/pour-trump-sa-mise-en-examen-releve-dune-instrumentalisation-de-la-justice\/#primaryimage\"},\"image\":{\"@id\":\"https:\/\/legrandcontinent.eu\/fr\/2023\/06\/12\/pour-trump-sa-mise-en-examen-releve-dune-instrumentalisation-de-la-justice\/#primaryimage\"},\"thumbnailUrl\":\"https:\/\/legrandcontinent.eu\/fr\/wp-content\/uploads\/sites\/2\/2023\/06\/Capture-de\u0301cran-2023-06-12-a\u0300-13.23.35.jpg\",\"datePublished\":\"2023-06-12T11:44:05+00:00\",\"dateModified\":\"2023-06-12T11:44:06+00:00\",\"author\":{\"@id\":\"https:\/\/legrandcontinent.eu\/fr\/#\/schema\/person\/e4f85f52220fc7b4cc3cfdb86d88e833\"},\"breadcrumb\":{\"@id\":\"https:\/\/legrandcontinent.eu\/fr\/2023\/06\/12\/pour-trump-sa-mise-en-examen-releve-dune-instrumentalisation-de-la-justice\/#breadcrumb\"},\"inLanguage\":\"fr-FR\",\"potentialAction\":[{\"@type\":\"ReadAction\",\"target\":[\"https:\/\/legrandcontinent.eu\/fr\/2023\/06\/12\/pour-trump-sa-mise-en-examen-releve-dune-instrumentalisation-de-la-justice\/\"]}]},{\"@type\":\"ImageObject\",\"inLanguage\":\"fr-FR\",\"@id\":\"https:\/\/legrandcontinent.eu\/fr\/2023\/06\/12\/pour-trump-sa-mise-en-examen-releve-dune-instrumentalisation-de-la-justice\/#primaryimage\",\"url\":\"https:\/\/legrandcontinent.eu\/fr\/wp-content\/uploads\/sites\/2\/2023\/06\/Capture-de\u0301cran-2023-06-12-a\u0300-13.23.35.jpg\",\"contentUrl\":\"https:\/\/legrandcontinent.eu\/fr\/wp-content\/uploads\/sites\/2\/2023\/06\/Capture-de\u0301cran-2023-06-12-a\u0300-13.23.35.jpg\",\"width\":1424,\"height\":710},{\"@type\":\"BreadcrumbList\",\"@id\":\"https:\/\/legrandcontinent.eu\/fr\/2023\/06\/12\/pour-trump-sa-mise-en-examen-releve-dune-instrumentalisation-de-la-justice\/#breadcrumb\",\"itemListElement\":[{\"@type\":\"ListItem\",\"position\":1,\"name\":\"Accueil\",\"item\":\"https:\/\/legrandcontinent.eu\/fr\/\"},{\"@type\":\"ListItem\",\"position\":2,\"name\":\"Pour Trump, sa mise en examen rel\u00e8ve d\u2019une \u00ab&#160;instrumentalisation&#160;\u00bb de la justice\"}]},{\"@type\":\"WebSite\",\"@id\":\"https:\/\/legrandcontinent.eu\/fr\/#website\",\"url\":\"https:\/\/legrandcontinent.eu\/fr\/\",\"name\":\"Le Grand Continent\",\"description\":\"L&#039;\u00e9chelle pertinente\",\"potentialAction\":[{\"@type\":\"SearchAction\",\"target\":{\"@type\":\"EntryPoint\",\"urlTemplate\":\"https:\/\/legrandcontinent.eu\/fr\/?s={search_term_string}\"},\"query-input\":{\"@type\":\"PropertyValueSpecification\",\"valueRequired\":true,\"valueName\":\"search_term_string\"}}],\"inLanguage\":\"fr-FR\"},{\"@type\":\"Person\",\"@id\":\"https:\/\/legrandcontinent.eu\/fr\/#\/schema\/person\/e4f85f52220fc7b4cc3cfdb86d88e833\",\"name\":\"Marin Saillofest\",\"image\":{\"@type\":\"ImageObject\",\"inLanguage\":\"fr-FR\",\"@id\":\"https:\/\/legrandcontinent.eu\/fr\/#\/schema\/person\/image\/\",\"url\":\"https:\/\/secure.gravatar.com\/avatar\/87088698b4d967390c49ae6d4f1aa459?s=96&d=mm&r=g\",\"contentUrl\":\"https:\/\/secure.gravatar.com\/avatar\/87088698b4d967390c49ae6d4f1aa459?s=96&d=mm&r=g\",\"caption\":\"Marin Saillofest\"}}]}<\/script>\n<!-- \/ Yoast SEO plugin. -->","yoast_head_json":{"title":"Pour Trump, sa mise en examen rel\u00e8ve d\u2019une \u00ab instrumentalisation \u00bb de la justice | Le Grand Continent","robots":{"index":"index","follow":"follow","max-snippet":"max-snippet:-1","max-image-preview":"max-image-preview:large","max-video-preview":"max-video-preview:-1"},"canonical":"https:\/\/legrandcontinent.eu\/fr\/2023\/06\/12\/pour-trump-sa-mise-en-examen-releve-dune-instrumentalisation-de-la-justice\/","og_locale":"fr_FR","og_type":"article","og_title":"Pour Trump, sa mise en examen rel\u00e8ve d\u2019une \u00ab instrumentalisation \u00bb de la justice | Le Grand Continent","og_description":"Donald Trump a \u00e9t\u00e9 mis en examen au niveau f\u00e9d\u00e9ral pour des faits dont la gravit\u00e9 est reconnue par certains de ses anciens collaborateurs. Tandis qu\u2019il doit compara\u00eetre devant un tribunal f\u00e9d\u00e9ral mardi 13 juin, l\u2019ex-pr\u00e9sident continue de clamer son innocence et d\u00e9nonce une \u00ab&#160;instrumentalisation&#160;\u00bb de la justice.","og_url":"https:\/\/legrandcontinent.eu\/fr\/2023\/06\/12\/pour-trump-sa-mise-en-examen-releve-dune-instrumentalisation-de-la-justice\/","og_site_name":"Le Grand Continent","article_published_time":"2023-06-12T11:44:05+00:00","article_modified_time":"2023-06-12T11:44:06+00:00","og_image":[{"width":1453,"height":813,"url":"https:\/\/legrandcontinent.eu\/fr\/wp-content\/uploads\/sites\/2\/2023\/06\/gc-mise-en-examen-federale-Trump-e1686569074162.jpg","type":"image\/jpeg"}],"author":"Marin Saillofest","twitter_card":"summary_large_image","twitter_image":"https:\/\/legrandcontinent.eu\/fr\/wp-content\/uploads\/sites\/2\/2023\/06\/gc-mise-en-examen-federale-Trump-e1686569074162.jpg","twitter_misc":{"\u00c9crit par":"Marin Saillofest","Dur\u00e9e de lecture estim\u00e9e":"3 minutes"},"schema":{"@context":"https:\/\/schema.org","@graph":[{"@type":"WebPage","@id":"https:\/\/legrandcontinent.eu\/fr\/2023\/06\/12\/pour-trump-sa-mise-en-examen-releve-dune-instrumentalisation-de-la-justice\/","url":"https:\/\/legrandcontinent.eu\/fr\/2023\/06\/12\/pour-trump-sa-mise-en-examen-releve-dune-instrumentalisation-de-la-justice\/","name":"Pour Trump, sa mise en examen rel\u00e8ve d\u2019une \u00ab instrumentalisation \u00bb de la justice | Le Grand Continent","isPartOf":{"@id":"https:\/\/legrandcontinent.eu\/fr\/#website"},"primaryImageOfPage":{"@id":"https:\/\/legrandcontinent.eu\/fr\/2023\/06\/12\/pour-trump-sa-mise-en-examen-releve-dune-instrumentalisation-de-la-justice\/#primaryimage"},"image":{"@id":"https:\/\/legrandcontinent.eu\/fr\/2023\/06\/12\/pour-trump-sa-mise-en-examen-releve-dune-instrumentalisation-de-la-justice\/#primaryimage"},"thumbnailUrl":"https:\/\/legrandcontinent.eu\/fr\/wp-content\/uploads\/sites\/2\/2023\/06\/Capture-de\u0301cran-2023-06-12-a\u0300-13.23.35.jpg","datePublished":"2023-06-12T11:44:05+00:00","dateModified":"2023-06-12T11:44:06+00:00","author":{"@id":"https:\/\/legrandcontinent.eu\/fr\/#\/schema\/person\/e4f85f52220fc7b4cc3cfdb86d88e833"},"breadcrumb":{"@id":"https:\/\/legrandcontinent.eu\/fr\/2023\/06\/12\/pour-trump-sa-mise-en-examen-releve-dune-instrumentalisation-de-la-justice\/#breadcrumb"},"inLanguage":"fr-FR","potentialAction":[{"@type":"ReadAction","target":["https:\/\/legrandcontinent.eu\/fr\/2023\/06\/12\/pour-trump-sa-mise-en-examen-releve-dune-instrumentalisation-de-la-justice\/"]}]},{"@type":"ImageObject","inLanguage":"fr-FR","@id":"https:\/\/legrandcontinent.eu\/fr\/2023\/06\/12\/pour-trump-sa-mise-en-examen-releve-dune-instrumentalisation-de-la-justice\/#primaryimage","url":"https:\/\/legrandcontinent.eu\/fr\/wp-content\/uploads\/sites\/2\/2023\/06\/Capture-de\u0301cran-2023-06-12-a\u0300-13.23.35.jpg","contentUrl":"https:\/\/legrandcontinent.eu\/fr\/wp-content\/uploads\/sites\/2\/2023\/06\/Capture-de\u0301cran-2023-06-12-a\u0300-13.23.35.jpg","width":1424,"height":710},{"@type":"BreadcrumbList","@id":"https:\/\/legrandcontinent.eu\/fr\/2023\/06\/12\/pour-trump-sa-mise-en-examen-releve-dune-instrumentalisation-de-la-justice\/#breadcrumb","itemListElement":[{"@type":"ListItem","position":1,"name":"Accueil","item":"https:\/\/legrandcontinent.eu\/fr\/"},{"@type":"ListItem","position":2,"name":"Pour Trump, sa mise en examen rel\u00e8ve d\u2019une \u00ab&#160;instrumentalisation&#160;\u00bb de la justice"}]},{"@type":"WebSite","@id":"https:\/\/legrandcontinent.eu\/fr\/#website","url":"https:\/\/legrandcontinent.eu\/fr\/","name":"Le Grand Continent","description":"L&#039;\u00e9chelle pertinente","potentialAction":[{"@type":"SearchAction","target":{"@type":"EntryPoint","urlTemplate":"https:\/\/legrandcontinent.eu\/fr\/?s={search_term_string}"},"query-input":{"@type":"PropertyValueSpecification","valueRequired":true,"valueName":"search_term_string"}}],"inLanguage":"fr-FR"},{"@type":"Person","@id":"https:\/\/legrandcontinent.eu\/fr\/#\/schema\/person\/e4f85f52220fc7b4cc3cfdb86d88e833","name":"Marin Saillofest","image":{"@type":"ImageObject","inLanguage":"fr-FR","@id":"https:\/\/legrandcontinent.eu\/fr\/#\/schema\/person\/image\/","url":"https:\/\/secure.gravatar.com\/avatar\/87088698b4d967390c49ae6d4f1aa459?s=96&d=mm&r=g","contentUrl":"https:\/\/secure.gravatar.com\/avatar\/87088698b4d967390c49ae6d4f1aa459?s=96&d=mm&r=g","caption":"Marin Saillofest"}}]}},"lgc_categories":[{"id":1935,"name":"Droit","slug":"droit"}],"lgc_author":null,"feature_image_summary":{"url":"https:\/\/legrandcontinent.eu\/fr\/wp-content\/uploads\/sites\/2\/2023\/06\/Capture-de\u0301cran-2023-06-12-a\u0300-13.23.35.jpg","width":1424,"height":710,"alt":""},"feature_image_cover":null,"term_position_data":null,"_links":{"self":[{"href":"https:\/\/legrandcontinent.eu\/fr\/wp-json\/wp\/v2\/posts\/187993","targetHints":{"allow":["GET"]}}],"collection":[{"href":"https:\/\/legrandcontinent.eu\/fr\/wp-json\/wp\/v2\/posts"}],"about":[{"href":"https:\/\/legrandcontinent.eu\/fr\/wp-json\/wp\/v2\/types\/post"}],"author":[{"embeddable":true,"href":"https:\/\/legrandcontinent.eu\/fr\/wp-json\/wp\/v2\/users\/2622"}],"replies":[{"embeddable":true,"href":"https:\/\/legrandcontinent.eu\/fr\/wp-json\/wp\/v2\/comments?post=187993"}],"version-history":[{"count":0,"href":"https:\/\/legrandcontinent.eu\/fr\/wp-json\/wp\/v2\/posts\/187993\/revisions"}],"wp:featuredmedia":[{"embeddable":true,"href":"https:\/\/legrandcontinent.eu\/fr\/wp-json\/wp\/v2\/media\/187997"}],"wp:attachment":[{"href":"https:\/\/legrandcontinent.eu\/fr\/wp-json\/wp\/v2\/media?parent=187993"}],"wp:term":[{"taxonomy":"category","embeddable":true,"href":"https:\/\/legrandcontinent.eu\/fr\/wp-json\/wp\/v2\/categories?post=187993"},{"taxonomy":"post_tag","embeddable":true,"href":"https:\/\/legrandcontinent.eu\/fr\/wp-json\/wp\/v2\/tags?post=187993"},{"taxonomy":"staff","embeddable":true,"href":"https:\/\/legrandcontinent.eu\/fr\/wp-json\/wp\/v2\/staff?post=187993"},{"taxonomy":"editorial_format","embeddable":true,"href":"https:\/\/legrandcontinent.eu\/fr\/wp-json\/wp\/v2\/editorial_format?post=187993"},{"taxonomy":"serie","embeddable":true,"href":"https:\/\/legrandcontinent.eu\/fr\/wp-json\/wp\/v2\/serie?post=187993"},{"taxonomy":"audience","embeddable":true,"href":"https:\/\/legrandcontinent.eu\/fr\/wp-json\/wp\/v2\/audience?post=187993"},{"taxonomy":"geo","embeddable":true,"href":"https:\/\/legrandcontinent.eu\/fr\/wp-json\/wp\/v2\/geo?post=187993"}],"curies":[{"name":"wp","href":"https:\/\/api.w.org\/{rel}","templated":true}]}}