{"id":187610,"date":"2023-06-07T16:24:22","date_gmt":"2023-06-07T14:24:22","guid":{"rendered":"https:\/\/legrandcontinent.eu\/fr\/?p=187610"},"modified":"2023-06-07T16:31:28","modified_gmt":"2023-06-07T14:31:28","slug":"les-feux-de-foret-sintensifient-au-canada","status":"publish","type":"post","link":"https:\/\/legrandcontinent.eu\/fr\/2023\/06\/07\/les-feux-de-foret-sintensifient-au-canada\/","title":{"rendered":"Les feux de for\u00eat s\u2019intensifient au Canada"},"content":{"rendered":"\n<p>Des feux de for\u00eat se sont d\u00e9clar\u00e9s dans de nombreuses provinces et territoires du Canada, en particulier au Qu\u00e9bec et en Nouvelle-\u00c9cosse&#160;; le gouvernement f\u00e9d\u00e9ral a d\u00e9clar\u00e9 que ses mod\u00e8les pr\u00e9voyaient un risque accru d&rsquo;incendie de for\u00eat dans la majeure partie du pays jusqu&rsquo;au mois d&rsquo;ao\u00fbt.<\/p>\n\n\n\n<ul class=\"wp-block-list\">\n<li>Ce dimanche 4 juin, le gouvernement canadien a d\u00e9clar\u00e9 qu\u2019environ 3,3 millions d&rsquo;hectares \u2013 soit la superficie de la Belgique \u2013 avaient d\u00e9j\u00e0 br\u00fbl\u00e9, repr\u00e9sentant 13 fois plus que la moyenne d\u00e9cennale&#160;; plus de 120 000 personnes ont \u00e9t\u00e9 au moins temporairement contraintes de quitter leur domicile. Il y a actuellement 413 feux de for\u00eat actifs, dont 249 sont consid\u00e9r\u00e9s comme hors de contr\u00f4le.&nbsp;<\/li>\n<\/ul>\n\n\n\n<div class=\"iframe-container wp-block-image wp-block-image-medium  iframe-dw\">\n\t<div>\n\t\t<iframe class=\"absolute w-full h-full pin-t pin-l\" title=\"titolo\" aria-label=\"Interactive line chart\" src=\"\/\/datawrapper.dwcdn.net\/YKTzl\/\" scrolling=\"no\" frameborder=\"0\"><\/iframe>\n\t<\/div>\n<\/div>\n\n\n\n<p>Cons\u00e9quences des feux et de zones de basse pression, les fum\u00e9es des incendies ont \u00e9t\u00e9 d\u00e9port\u00e9es sur la c\u00f4te atlantique, plongeant plusieurs villes canadiennes et am\u00e9ricaines dans le brouillard.&nbsp;<\/p>\n\n\n\n<ul class=\"wp-block-list\">\n<li>Selon IQAir, un outil de cartographie de la pollution&nbsp;<span class='whitespace-nowrap'><span id='easy-footnote-1-187610' class='easy-footnote-margin-adjust'><\/span><span class='easy-footnote'><a href='https:\/\/legrandcontinent.eu\/fr\/2023\/06\/07\/les-feux-de-foret-sintensifient-au-canada\/#easy-footnote-bottom-1-187610' title='\u00ab&amp;#160;&lt;a href=&quot;https:\/\/www.iqair.com\/world-air-quality-ranking&quot;&gt;Air quality and pollution city ranking&lt;\/a&gt;&amp;#160;\u00bb, IQAir, derni\u00e8re mise \u00e0 jour le 7 juin 2023.'><sup>1<\/sup><\/a><\/span><\/span>, la qualit\u00e9 de l&rsquo;air \u00e0 New York oscille autour de niveaux dangereux pour la sant\u00e9. Actuellement, l&rsquo;air de la ville se situe \u00e0 168 sur une \u00e9chelle de 0 \u00e0 500 et a atteint 222 pendant la nuit. La capitale du Canada, Ottawa, a atteint 471&#160;; \u00e0 Kingston, en Ontario, au sud, les relev\u00e9s ont atteint 475 \u00e0 7 heures du matin.<\/li>\n\n\n\n<li>Au total, quelque 100 millions de personnes en Am\u00e9rique du Nord sont concern\u00e9s par une alerte sur la qualit\u00e9 de l&rsquo;air&#160;; l&rsquo;Agence am\u00e9ricaine de protection de l&rsquo;environnement (EPA) a qualifi\u00e9 celle-ci de \u00ab&#160;nocive&#160;\u00bb dans une grande partie du nord-est des \u00c9tats-Unis.&nbsp;<\/li>\n<\/ul>\n\n\n\n<div class=\"iframe-container wp-block-image wp-block-image-medium  iframe-dw\">\n\t<div>\n\t\t<iframe class=\"absolute w-full h-full pin-t pin-l\" title=\"titolo\" aria-label=\"Interactive line chart\" src=\"\/\/datawrapper.dwcdn.net\/OV7Zm\/\" scrolling=\"no\" frameborder=\"0\"><\/iframe>\n\t<\/div>\n<\/div>\n\n\n\n<p>Les faibles chutes de neige de cet hiver et le printemps exceptionnellement sec qu\u2019a connu le Canada expliquent en partie le record atteint dans le nombre de foyers d\u2019incendie. La capitale de la Nouvelle-\u00c9cosse, Halifax, n&rsquo;a re\u00e7u que 120 millim\u00e8tres de pluie entre mars et mai, soit environ un tiers de la moyenne&#160;; les temp\u00e9ratures ont aussi \u00e9t\u00e9 bien sup\u00e9rieures aux niveaux saisonniers, une vague de chaleur poussant les temp\u00e9ratures 10\u00b0C au-dessus de celles attendues.&nbsp;<\/p>\n","protected":false},"excerpt":{"rendered":"<p>Des centaines de feux de for\u00eat br\u00fblent dans l&rsquo;est du Canada depuis des semaines. Les conditions de s\u00e9cheresse pourraient persister jusqu&rsquo;\u00e0 la fin de l&rsquo;\u00e9t\u00e9. <\/p>\n","protected":false},"author":40,"featured_media":187611,"comment_status":"closed","ping_status":"","sticky":false,"template":"templates\/post-briefings.php","format":"standard","meta":{"_acf_changed":false,"_trash_the_other_posts":false,"_yoast_wpseo_estimated-reading-time-minutes":2,"footnotes":""},"categories":[1],"tags":[],"staff":[],"editorial_format":[],"serie":[],"audience":[],"geo":[525],"class_list":["post-187610","post","type-post","status-publish","format-standard","hentry","category-uncategorised","geo-ameriques"],"acf":{"open_in_webview":false,"accent":false},"yoast_head":"<!-- This site is optimized with the Yoast SEO plugin v26.1.1 - https:\/\/yoast.com\/wordpress\/plugins\/seo\/ -->\n<title>Les feux de for\u00eat s\u2019intensifient au Canada | Le Grand Continent<\/title>\n<meta name=\"robots\" content=\"index, follow, max-snippet:-1, max-image-preview:large, max-video-preview:-1\" \/>\n<link rel=\"canonical\" href=\"https:\/\/legrandcontinent.eu\/fr\/2023\/06\/07\/les-feux-de-foret-sintensifient-au-canada\/\" \/>\n<meta property=\"og:locale\" content=\"fr_FR\" \/>\n<meta property=\"og:type\" content=\"article\" \/>\n<meta property=\"og:title\" content=\"Les feux de for\u00eat s\u2019intensifient au Canada | Le Grand Continent\" \/>\n<meta property=\"og:description\" content=\"Des centaines de feux de for\u00eat br\u00fblent dans l&#039;est du Canada depuis des semaines. Les conditions de s\u00e9cheresse pourraient persister jusqu&#039;\u00e0 la fin de l&#039;\u00e9t\u00e9.\" \/>\n<meta property=\"og:url\" content=\"https:\/\/legrandcontinent.eu\/fr\/2023\/06\/07\/les-feux-de-foret-sintensifient-au-canada\/\" \/>\n<meta property=\"og:site_name\" content=\"Le Grand Continent\" \/>\n<meta property=\"article:published_time\" content=\"2023-06-07T14:24:22+00:00\" \/>\n<meta property=\"article:modified_time\" content=\"2023-06-07T14:31:28+00:00\" \/>\n<meta property=\"og:image\" content=\"https:\/\/legrandcontinent.eu\/fr\/wp-content\/uploads\/sites\/2\/2023\/06\/OV7Zm-missions-de-carbone-dues-aux-feux-de-for-t-au-canada.png\" \/>\n\t<meta property=\"og:image:width\" content=\"1300\" \/>\n\t<meta property=\"og:image:height\" content=\"722\" \/>\n\t<meta property=\"og:image:type\" content=\"image\/png\" \/>\n<meta name=\"author\" content=\"Ramona Bloj\" \/>\n<meta name=\"twitter:card\" content=\"summary_large_image\" \/>\n<meta name=\"twitter:label1\" content=\"\u00c9crit par\" \/>\n\t<meta name=\"twitter:data1\" content=\"Ramona Bloj\" \/>\n\t<meta name=\"twitter:label2\" content=\"Dur\u00e9e de lecture estim\u00e9e\" \/>\n\t<meta name=\"twitter:data2\" content=\"2 minutes\" \/>\n<script type=\"application\/ld+json\" class=\"yoast-schema-graph\">{\"@context\":\"https:\/\/schema.org\",\"@graph\":[{\"@type\":\"WebPage\",\"@id\":\"https:\/\/legrandcontinent.eu\/fr\/2023\/06\/07\/les-feux-de-foret-sintensifient-au-canada\/\",\"url\":\"https:\/\/legrandcontinent.eu\/fr\/2023\/06\/07\/les-feux-de-foret-sintensifient-au-canada\/\",\"name\":\"Les feux de for\u00eat s\u2019intensifient au Canada | Le Grand Continent\",\"isPartOf\":{\"@id\":\"https:\/\/legrandcontinent.eu\/fr\/#website\"},\"primaryImageOfPage\":{\"@id\":\"https:\/\/legrandcontinent.eu\/fr\/2023\/06\/07\/les-feux-de-foret-sintensifient-au-canada\/#primaryimage\"},\"image\":{\"@id\":\"https:\/\/legrandcontinent.eu\/fr\/2023\/06\/07\/les-feux-de-foret-sintensifient-au-canada\/#primaryimage\"},\"thumbnailUrl\":\"https:\/\/legrandcontinent.eu\/fr\/wp-content\/uploads\/sites\/2\/2023\/06\/OV7Zm-missions-de-carbone-dues-aux-feux-de-for-t-au-canada.png\",\"datePublished\":\"2023-06-07T14:24:22+00:00\",\"dateModified\":\"2023-06-07T14:31:28+00:00\",\"author\":{\"@id\":\"https:\/\/legrandcontinent.eu\/fr\/#\/schema\/person\/bee86896b403754f76b6b1515ff0b697\"},\"breadcrumb\":{\"@id\":\"https:\/\/legrandcontinent.eu\/fr\/2023\/06\/07\/les-feux-de-foret-sintensifient-au-canada\/#breadcrumb\"},\"inLanguage\":\"fr-FR\",\"potentialAction\":[{\"@type\":\"ReadAction\",\"target\":[\"https:\/\/legrandcontinent.eu\/fr\/2023\/06\/07\/les-feux-de-foret-sintensifient-au-canada\/\"]}]},{\"@type\":\"ImageObject\",\"inLanguage\":\"fr-FR\",\"@id\":\"https:\/\/legrandcontinent.eu\/fr\/2023\/06\/07\/les-feux-de-foret-sintensifient-au-canada\/#primaryimage\",\"url\":\"https:\/\/legrandcontinent.eu\/fr\/wp-content\/uploads\/sites\/2\/2023\/06\/OV7Zm-missions-de-carbone-dues-aux-feux-de-for-t-au-canada.png\",\"contentUrl\":\"https:\/\/legrandcontinent.eu\/fr\/wp-content\/uploads\/sites\/2\/2023\/06\/OV7Zm-missions-de-carbone-dues-aux-feux-de-for-t-au-canada.png\",\"width\":1300,\"height\":722},{\"@type\":\"BreadcrumbList\",\"@id\":\"https:\/\/legrandcontinent.eu\/fr\/2023\/06\/07\/les-feux-de-foret-sintensifient-au-canada\/#breadcrumb\",\"itemListElement\":[{\"@type\":\"ListItem\",\"position\":1,\"name\":\"Accueil\",\"item\":\"https:\/\/legrandcontinent.eu\/fr\/\"},{\"@type\":\"ListItem\",\"position\":2,\"name\":\"Les feux de for\u00eat s\u2019intensifient au Canada\"}]},{\"@type\":\"WebSite\",\"@id\":\"https:\/\/legrandcontinent.eu\/fr\/#website\",\"url\":\"https:\/\/legrandcontinent.eu\/fr\/\",\"name\":\"Le Grand Continent\",\"description\":\"L&#039;\u00e9chelle pertinente\",\"potentialAction\":[{\"@type\":\"SearchAction\",\"target\":{\"@type\":\"EntryPoint\",\"urlTemplate\":\"https:\/\/legrandcontinent.eu\/fr\/?s={search_term_string}\"},\"query-input\":{\"@type\":\"PropertyValueSpecification\",\"valueRequired\":true,\"valueName\":\"search_term_string\"}}],\"inLanguage\":\"fr-FR\"},{\"@type\":\"Person\",\"@id\":\"https:\/\/legrandcontinent.eu\/fr\/#\/schema\/person\/bee86896b403754f76b6b1515ff0b697\",\"name\":\"Ramona Bloj\",\"image\":{\"@type\":\"ImageObject\",\"inLanguage\":\"fr-FR\",\"@id\":\"https:\/\/legrandcontinent.eu\/fr\/#\/schema\/person\/image\/\",\"url\":\"https:\/\/secure.gravatar.com\/avatar\/c1d91adb7c4c1eed266b81c0f9915707?s=96&d=mm&r=g\",\"contentUrl\":\"https:\/\/secure.gravatar.com\/avatar\/c1d91adb7c4c1eed266b81c0f9915707?s=96&d=mm&r=g\",\"caption\":\"Ramona Bloj\"}}]}<\/script>\n<!-- \/ Yoast SEO plugin. -->","yoast_head_json":{"title":"Les feux de for\u00eat s\u2019intensifient au Canada | Le Grand Continent","robots":{"index":"index","follow":"follow","max-snippet":"max-snippet:-1","max-image-preview":"max-image-preview:large","max-video-preview":"max-video-preview:-1"},"canonical":"https:\/\/legrandcontinent.eu\/fr\/2023\/06\/07\/les-feux-de-foret-sintensifient-au-canada\/","og_locale":"fr_FR","og_type":"article","og_title":"Les feux de for\u00eat s\u2019intensifient au Canada | Le Grand Continent","og_description":"Des centaines de feux de for\u00eat br\u00fblent dans l'est du Canada depuis des semaines. Les conditions de s\u00e9cheresse pourraient persister jusqu'\u00e0 la fin de l'\u00e9t\u00e9.","og_url":"https:\/\/legrandcontinent.eu\/fr\/2023\/06\/07\/les-feux-de-foret-sintensifient-au-canada\/","og_site_name":"Le Grand Continent","article_published_time":"2023-06-07T14:24:22+00:00","article_modified_time":"2023-06-07T14:31:28+00:00","og_image":[{"width":1300,"height":722,"url":"https:\/\/legrandcontinent.eu\/fr\/wp-content\/uploads\/sites\/2\/2023\/06\/OV7Zm-missions-de-carbone-dues-aux-feux-de-for-t-au-canada.png","type":"image\/png"}],"author":"Ramona Bloj","twitter_card":"summary_large_image","twitter_misc":{"\u00c9crit par":"Ramona Bloj","Dur\u00e9e de lecture estim\u00e9e":"2 minutes"},"schema":{"@context":"https:\/\/schema.org","@graph":[{"@type":"WebPage","@id":"https:\/\/legrandcontinent.eu\/fr\/2023\/06\/07\/les-feux-de-foret-sintensifient-au-canada\/","url":"https:\/\/legrandcontinent.eu\/fr\/2023\/06\/07\/les-feux-de-foret-sintensifient-au-canada\/","name":"Les feux de for\u00eat s\u2019intensifient au Canada | Le Grand Continent","isPartOf":{"@id":"https:\/\/legrandcontinent.eu\/fr\/#website"},"primaryImageOfPage":{"@id":"https:\/\/legrandcontinent.eu\/fr\/2023\/06\/07\/les-feux-de-foret-sintensifient-au-canada\/#primaryimage"},"image":{"@id":"https:\/\/legrandcontinent.eu\/fr\/2023\/06\/07\/les-feux-de-foret-sintensifient-au-canada\/#primaryimage"},"thumbnailUrl":"https:\/\/legrandcontinent.eu\/fr\/wp-content\/uploads\/sites\/2\/2023\/06\/OV7Zm-missions-de-carbone-dues-aux-feux-de-for-t-au-canada.png","datePublished":"2023-06-07T14:24:22+00:00","dateModified":"2023-06-07T14:31:28+00:00","author":{"@id":"https:\/\/legrandcontinent.eu\/fr\/#\/schema\/person\/bee86896b403754f76b6b1515ff0b697"},"breadcrumb":{"@id":"https:\/\/legrandcontinent.eu\/fr\/2023\/06\/07\/les-feux-de-foret-sintensifient-au-canada\/#breadcrumb"},"inLanguage":"fr-FR","potentialAction":[{"@type":"ReadAction","target":["https:\/\/legrandcontinent.eu\/fr\/2023\/06\/07\/les-feux-de-foret-sintensifient-au-canada\/"]}]},{"@type":"ImageObject","inLanguage":"fr-FR","@id":"https:\/\/legrandcontinent.eu\/fr\/2023\/06\/07\/les-feux-de-foret-sintensifient-au-canada\/#primaryimage","url":"https:\/\/legrandcontinent.eu\/fr\/wp-content\/uploads\/sites\/2\/2023\/06\/OV7Zm-missions-de-carbone-dues-aux-feux-de-for-t-au-canada.png","contentUrl":"https:\/\/legrandcontinent.eu\/fr\/wp-content\/uploads\/sites\/2\/2023\/06\/OV7Zm-missions-de-carbone-dues-aux-feux-de-for-t-au-canada.png","width":1300,"height":722},{"@type":"BreadcrumbList","@id":"https:\/\/legrandcontinent.eu\/fr\/2023\/06\/07\/les-feux-de-foret-sintensifient-au-canada\/#breadcrumb","itemListElement":[{"@type":"ListItem","position":1,"name":"Accueil","item":"https:\/\/legrandcontinent.eu\/fr\/"},{"@type":"ListItem","position":2,"name":"Les feux de for\u00eat s\u2019intensifient au Canada"}]},{"@type":"WebSite","@id":"https:\/\/legrandcontinent.eu\/fr\/#website","url":"https:\/\/legrandcontinent.eu\/fr\/","name":"Le Grand Continent","description":"L&#039;\u00e9chelle pertinente","potentialAction":[{"@type":"SearchAction","target":{"@type":"EntryPoint","urlTemplate":"https:\/\/legrandcontinent.eu\/fr\/?s={search_term_string}"},"query-input":{"@type":"PropertyValueSpecification","valueRequired":true,"valueName":"search_term_string"}}],"inLanguage":"fr-FR"},{"@type":"Person","@id":"https:\/\/legrandcontinent.eu\/fr\/#\/schema\/person\/bee86896b403754f76b6b1515ff0b697","name":"Ramona Bloj","image":{"@type":"ImageObject","inLanguage":"fr-FR","@id":"https:\/\/legrandcontinent.eu\/fr\/#\/schema\/person\/image\/","url":"https:\/\/secure.gravatar.com\/avatar\/c1d91adb7c4c1eed266b81c0f9915707?s=96&d=mm&r=g","contentUrl":"https:\/\/secure.gravatar.com\/avatar\/c1d91adb7c4c1eed266b81c0f9915707?s=96&d=mm&r=g","caption":"Ramona Bloj"}}]}},"lgc_categories":[{"id":1,"name":"Uncategorised","slug":"uncategorised"}],"lgc_author":null,"feature_image_summary":{"url":"https:\/\/legrandcontinent.eu\/fr\/wp-content\/uploads\/sites\/2\/2023\/06\/OV7Zm-missions-de-carbone-dues-aux-feux-de-for-t-au-canada.png","width":1300,"height":722,"alt":""},"feature_image_cover":null,"term_position_data":null,"_links":{"self":[{"href":"https:\/\/legrandcontinent.eu\/fr\/wp-json\/wp\/v2\/posts\/187610","targetHints":{"allow":["GET"]}}],"collection":[{"href":"https:\/\/legrandcontinent.eu\/fr\/wp-json\/wp\/v2\/posts"}],"about":[{"href":"https:\/\/legrandcontinent.eu\/fr\/wp-json\/wp\/v2\/types\/post"}],"author":[{"embeddable":true,"href":"https:\/\/legrandcontinent.eu\/fr\/wp-json\/wp\/v2\/users\/40"}],"replies":[{"embeddable":true,"href":"https:\/\/legrandcontinent.eu\/fr\/wp-json\/wp\/v2\/comments?post=187610"}],"version-history":[{"count":0,"href":"https:\/\/legrandcontinent.eu\/fr\/wp-json\/wp\/v2\/posts\/187610\/revisions"}],"wp:featuredmedia":[{"embeddable":true,"href":"https:\/\/legrandcontinent.eu\/fr\/wp-json\/wp\/v2\/media\/187611"}],"wp:attachment":[{"href":"https:\/\/legrandcontinent.eu\/fr\/wp-json\/wp\/v2\/media?parent=187610"}],"wp:term":[{"taxonomy":"category","embeddable":true,"href":"https:\/\/legrandcontinent.eu\/fr\/wp-json\/wp\/v2\/categories?post=187610"},{"taxonomy":"post_tag","embeddable":true,"href":"https:\/\/legrandcontinent.eu\/fr\/wp-json\/wp\/v2\/tags?post=187610"},{"taxonomy":"staff","embeddable":true,"href":"https:\/\/legrandcontinent.eu\/fr\/wp-json\/wp\/v2\/staff?post=187610"},{"taxonomy":"editorial_format","embeddable":true,"href":"https:\/\/legrandcontinent.eu\/fr\/wp-json\/wp\/v2\/editorial_format?post=187610"},{"taxonomy":"serie","embeddable":true,"href":"https:\/\/legrandcontinent.eu\/fr\/wp-json\/wp\/v2\/serie?post=187610"},{"taxonomy":"audience","embeddable":true,"href":"https:\/\/legrandcontinent.eu\/fr\/wp-json\/wp\/v2\/audience?post=187610"},{"taxonomy":"geo","embeddable":true,"href":"https:\/\/legrandcontinent.eu\/fr\/wp-json\/wp\/v2\/geo?post=187610"}],"curies":[{"name":"wp","href":"https:\/\/api.w.org\/{rel}","templated":true}]}}