{"id":187552,"date":"2023-06-07T14:01:27","date_gmt":"2023-06-07T12:01:27","guid":{"rendered":"https:\/\/legrandcontinent.eu\/fr\/?p=187552"},"modified":"2023-06-07T14:01:29","modified_gmt":"2023-06-07T12:01:29","slug":"vers-la-fin-des-mesures-durgence-visant-a-lutter-contre-les-prix-eleves-de-lenergie-dans-lunion","status":"publish","type":"post","link":"https:\/\/legrandcontinent.eu\/fr\/2023\/06\/07\/vers-la-fin-des-mesures-durgence-visant-a-lutter-contre-les-prix-eleves-de-lenergie-dans-lunion\/","title":{"rendered":"Vers la fin des mesures d\u2019urgence visant \u00e0 lutter contre les prix \u00e9lev\u00e9s de l\u2019\u00e9nergie dans l\u2019Union"},"content":{"rendered":"\n<p>\u00c0 l\u2019automne 2022, les \u00c9tats-membres ont adopt\u00e9 un <a href=\"https:\/\/legrandcontinent.eu\/fr\/2022\/09\/30\/accord-au-niveau-europeen-sur-des-mesures-durgence-pour-faire-face-a-la-hausse-des-prix-de-lenergie\/\">ensemble de mesures exceptionnelles<\/a> visant \u00e0 faire face \u00e0 la crise \u00e9nerg\u00e9tique ayant conduit \u00e0 une forte augmentation du prix de l\u2019\u00e9lectricit\u00e9 dans l\u2019Union. Parmi celles-ci figuraient notamment un plafonnement des revenus des producteurs inframarginaux \u2014 soit les acteurs produisant de l\u2019\u00e9lectricit\u00e9 \u00e0 partir de technologies moins ch\u00e8res&#160;: \u00e9nergies renouvelables, nucl\u00e9aire, lignite\u2026 \u2014 \u00e0 180 \u20ac \/ MWh.<\/p>\n\n\n\n<div class=\"iframe-container wp-block-image wp-block-image-medium \">\n\t<div>\n\t\t<iframe class=\"absolute w-full h-full pin-t pin-l\" title=\"titolo\" aria-label=\"Interactive line chart\" src=\"\/\/flo.uri.sh\/visualisation\/11531730\/embed\" scrolling=\"no\" frameborder=\"0\"><\/iframe>\n\t<\/div>\n<\/div>\n\n\n\n<p>Tandis que cette mesure prendra fin le 30 juin, la Commission s\u2019est prononc\u00e9e contre la \u00ab&#160;prolongation de ces mesures d&rsquo;urgence&#160;\u00bb dans un rapport pr\u00e9sent\u00e9 au Conseil lundi 5 juin&nbsp;<span class='whitespace-nowrap'><span id='easy-footnote-1-187552' class='easy-footnote-margin-adjust'><\/span><span class='easy-footnote'><a href='https:\/\/legrandcontinent.eu\/fr\/2023\/06\/07\/vers-la-fin-des-mesures-durgence-visant-a-lutter-contre-les-prix-eleves-de-lenergie-dans-lunion\/#easy-footnote-bottom-1-187552' title='&lt;a href=&quot;https:\/\/eur-lex.europa.eu\/legal-content\/EN\/TXT\/PDF\/?uri=CELEX:32022R1854&quot;&gt;COUNCIL REGULATION (EU) 2022\/1854 of 6 October 2022 on an emergency intervention to address high energy prices&lt;\/a&gt;.'><sup>1<\/sup><\/a><\/span><\/span>.<\/p>\n\n\n\n<ul class=\"wp-block-list\">\n<li>Dans son <a href=\"https:\/\/legrandcontinent.eu\/fr\/2022\/09\/14\/construire-lunion-dans-la-guerre\/\">discours sur l\u2019\u00e9tat de l\u2019Union<\/a> prononc\u00e9 le 14 septembre dernier, Ursula von der Leyen avait d\u00e9clar\u00e9 que \u00ab&#160;bien que les b\u00e9n\u00e9fices sont une bonne chose dans notre \u00e9conomie sociale de march\u00e9 [&#8230;] ils doivent \u00eatre partag\u00e9s et redirig\u00e9s vers ceux qui en ont le plus besoin&#160;\u00bb, soit les consommateurs europ\u00e9ens.<\/li>\n\n\n\n<li>Selon le rapport examinant l\u2019impact de ces mesures, la Commission a not\u00e9 que celles-ci avaient \u00ab&#160;contribu\u00e9 \u00e0 calmer les march\u00e9s europ\u00e9ens de l&rsquo;\u00e9nergie&#160;\u00bb, les prix de l\u2019\u00e9lectricit\u00e9 \u00e9tant tomb\u00e9s en-dessous de 80 \u20ac par MWh en moyenne \u00e0 la fin du mois de mai&nbsp;<span class='whitespace-nowrap'><span id='easy-footnote-2-187552' class='easy-footnote-margin-adjust'><\/span><span class='easy-footnote'><a href='https:\/\/legrandcontinent.eu\/fr\/2023\/06\/07\/vers-la-fin-des-mesures-durgence-visant-a-lutter-contre-les-prix-eleves-de-lenergie-dans-lunion\/#easy-footnote-bottom-2-187552' title='&lt;a href=&quot;https:\/\/energy.ec.europa.eu\/system\/files\/2023-06\/COM_2023_302_1_EN_ACT_part1_v2.pdf&quot;&gt;REPORT FROM THE COMMISSION TO THE EUROPEAN PARLIAMENT AND THE COUNCIL on the review of emergency interventions to address high energy prices in accordance with Council Regulation (EU) 2022\/1854&lt;\/a&gt;, 5 juin 2023.'><sup>2<\/sup><\/a><\/span><\/span>.<\/li>\n<\/ul>\n\n\n\n<div class=\"iframe-container wp-block-image wp-block-image-medium  iframe-dw\">\n\t<div>\n\t\t<iframe class=\"absolute w-full h-full pin-t pin-l\" title=\"titolo\" aria-label=\"Interactive line chart\" src=\"\/\/datawrapper.dwcdn.net\/Q9oNx\/\" scrolling=\"no\" frameborder=\"0\"><\/iframe>\n\t<\/div>\n<\/div>\n\n\n\n<p>Cette baisse par rapport aux <a href=\"https:\/\/legrandcontinent.eu\/fr\/2022\/08\/26\/les-prix-de-lenergie-atteignent-des-niveaux-historiques-en-europe\/\">sommets historiques<\/a> atteints \u00e0 l\u2019\u00e9t\u00e9 2022 est principalement imputable \u00e0 la baisse des prix de gros du gaz naturel, qui s\u2019explique par une conjugaison de facteurs&#160;: baisse de la demande d\u2019\u00e9lectricit\u00e9 et de gaz, niveau \u00e9lev\u00e9 des r\u00e9serves europ\u00e9ennes par rapport aux ann\u00e9es pr\u00e9c\u00e9dentes et temp\u00e9ratures sup\u00e9rieures aux moyennes de saison au cours de la p\u00e9riode hivernale.<\/p>\n\n\n\n<div class=\"iframe-container wp-block-image wp-block-image-medium  iframe-dw\">\n\t<div>\n\t\t<iframe class=\"absolute w-full h-full pin-t pin-l\" title=\"titolo\" aria-label=\"Interactive line chart\" src=\"\/\/datawrapper.dwcdn.net\/SYFbx\/\" scrolling=\"no\" frameborder=\"0\"><\/iframe>\n\t<\/div>\n<\/div>\n\n\n\n<p>Selon la Commission, l\u2019impl\u00e9mentation du plafonnement des revenus des producteurs inframarginaux a \u00e9t\u00e9 tr\u00e8s h\u00e9t\u00e9rog\u00e8ne dans l\u2019Union.<\/p>\n\n\n\n<ul class=\"wp-block-list\">\n<li>Au total, 17 \u00c9tats-membres ont mis en place un plafond inf\u00e9rieur \u00e0 180 \u20ac par MWh pour au moins une technologie, 7 ont appliqu\u00e9 cette mesure r\u00e9troactivement et 11 pays l&rsquo;appliqueront apr\u00e8s la date limite fix\u00e9e dans le r\u00e8glement du Conseil.<\/li>\n\n\n\n<li>Cette h\u00e9t\u00e9rog\u00e9n\u00e9it\u00e9 ainsi que les diff\u00e9rences dans l\u2019application de cette mesure dans les \u00c9tats-membres \u00ab&#160;peut avoir affect\u00e9 les ventes directes d&rsquo;\u00e9lectricit\u00e9 (PPA, <em>Power purchase agreement<\/em>) existantes et d&rsquo;autres contrats \u00e0 long terme, et d\u00e9courag\u00e9 la conclusion de nouveaux contrats&#160;\u00bb, selon des parties prenantes ayant inform\u00e9 la Commission.<\/li>\n\n\n\n<li>Pour Eurelectric, qui repr\u00e9sente les int\u00e9r\u00eats de l&rsquo;industrie \u00e9lectrique au niveau europ\u00e9en, les \u00e9carts dans l\u2019impl\u00e9mentation du plafond auraient contribu\u00e9 \u00e0 \u00ab&#160;d\u00e9courager les investissements dans les \u00e9nergies renouvelables&#160;\u00bb \u2014 particuli\u00e8rement l\u2019\u00e9olien&nbsp;<span class='whitespace-nowrap'><span id='easy-footnote-3-187552' class='easy-footnote-margin-adjust'><\/span><span class='easy-footnote'><a href='https:\/\/legrandcontinent.eu\/fr\/2023\/06\/07\/vers-la-fin-des-mesures-durgence-visant-a-lutter-contre-les-prix-eleves-de-lenergie-dans-lunion\/#easy-footnote-bottom-3-187552' title='\u00ab&amp;#160;&lt;a href=&quot;https:\/\/windeurope.org\/newsroom\/press-releases\/europe-invested-e17bn-in-new-wind-in-2022-the-lowest-since-2009\/&quot;&gt;Europe invested \u20ac17bn in new wind in 2022, the lowest since 2009&lt;\/a&gt;&amp;#160;\u00bb, Eurelectric, 29 mars 2023.'><sup>3<\/sup><\/a><\/span><\/span>.<\/li>\n<\/ul>\n\n\n\n<div class=\"iframe-container wp-block-image wp-block-image-medium \">\n\t<div>\n\t\t<iframe class=\"absolute w-full h-full pin-t pin-l\" title=\"titolo\" aria-label=\"Interactive line chart\" src=\"\/\/flo.uri.sh\/visualisation\/14048346\/embed\" scrolling=\"no\" frameborder=\"0\"><\/iframe>\n\t<\/div>\n<\/div>\n\n\n\n<p>La Commission est confiante pour la sant\u00e9 du march\u00e9 dans les mois \u00e0 venir et estime que \u00ab&#160;les pics de prix de l&rsquo;\u00e9lectricit\u00e9 observ\u00e9s tout au long de 2022 sont moins susceptibles de se produire au cours de l&rsquo;hiver \u00e0 venir&#160;\u00bb.<\/p>\n","protected":false},"excerpt":{"rendered":"<p>Mis en place depuis le 1er d\u00e9cembre 2022, le plafonnement des revenus des producteurs inframarginaux d\u2019\u00e9lectricit\u00e9 devrait prendre fin \u00e0 la date pr\u00e9vue du 30 juin 2023. La Commission consid\u00e8re que les autres mesures d\u2019urgence mises en place pour faire face \u00e0 la hausse des prix de l\u2019\u00e9nergie ne sont d\u00e9sormais plus n\u00e9cessaires.<\/p>\n","protected":false},"author":2622,"featured_media":187565,"comment_status":"closed","ping_status":"closed","sticky":false,"template":"templates\/post-briefings.php","format":"standard","meta":{"_acf_changed":false,"_trash_the_other_posts":false,"_yoast_wpseo_estimated-reading-time-minutes":3,"footnotes":""},"categories":[1730],"tags":[],"staff":[],"editorial_format":[],"serie":[],"audience":[],"geo":[1917],"class_list":["post-187552","post","type-post","status-publish","format-standard","hentry","category-energie-et-environnement","geo-europe"],"acf":{"open_in_webview":false,"accent":false,"_thumbnail_id":187565,"excerpt":"Mis en place depuis le 1er d\u00e9cembre 2022, le plafonnement des revenus des producteurs inframarginaux d\u2019\u00e9lectricit\u00e9 devrait prendre fin \u00e0 la date pr\u00e9vue du 30 juin 2023. La Commission consid\u00e8re que les autres mesures d\u2019urgence mises en place pour faire face \u00e0 la hausse des prix de l\u2019\u00e9nergie ne sont d\u00e9sormais plus n\u00e9cessaires.","display_date":"","new_abstract":true},"yoast_head":"<!-- This site is optimized with the Yoast SEO plugin v26.1.1 - https:\/\/yoast.com\/wordpress\/plugins\/seo\/ -->\n<title>Vers la fin des mesures d\u2019urgence visant \u00e0 lutter contre les prix \u00e9lev\u00e9s de l\u2019\u00e9nergie dans l\u2019Union | Le Grand Continent<\/title>\n<meta name=\"robots\" content=\"index, follow, max-snippet:-1, max-image-preview:large, max-video-preview:-1\" \/>\n<link rel=\"canonical\" href=\"https:\/\/legrandcontinent.eu\/fr\/2023\/06\/07\/vers-la-fin-des-mesures-durgence-visant-a-lutter-contre-les-prix-eleves-de-lenergie-dans-lunion\/\" \/>\n<meta property=\"og:locale\" content=\"fr_FR\" \/>\n<meta property=\"og:type\" content=\"article\" \/>\n<meta property=\"og:title\" content=\"Vers la fin des mesures d\u2019urgence visant \u00e0 lutter contre les prix \u00e9lev\u00e9s de l\u2019\u00e9nergie dans l\u2019Union | Le Grand Continent\" \/>\n<meta property=\"og:description\" content=\"Mis en place depuis le 1er d\u00e9cembre 2022, le plafonnement des revenus des producteurs inframarginaux d\u2019\u00e9lectricit\u00e9 devrait prendre fin \u00e0 la date pr\u00e9vue du 30 juin 2023. La Commission consid\u00e8re que les autres mesures d\u2019urgence mises en place pour faire face \u00e0 la hausse des prix de l\u2019\u00e9nergie ne sont d\u00e9sormais plus n\u00e9cessaires.\" \/>\n<meta property=\"og:url\" content=\"https:\/\/legrandcontinent.eu\/fr\/2023\/06\/07\/vers-la-fin-des-mesures-durgence-visant-a-lutter-contre-les-prix-eleves-de-lenergie-dans-lunion\/\" \/>\n<meta property=\"og:site_name\" content=\"Le Grand Continent\" \/>\n<meta property=\"article:published_time\" content=\"2023-06-07T12:01:27+00:00\" \/>\n<meta property=\"article:modified_time\" content=\"2023-06-07T12:01:29+00:00\" \/>\n<meta property=\"og:image\" content=\"https:\/\/legrandcontinent.eu\/fr\/wp-content\/uploads\/sites\/2\/2023\/06\/gc-fin-mesures-durgence-energie-e1686138821216.jpg\" \/>\n\t<meta property=\"og:image:width\" content=\"1453\" \/>\n\t<meta property=\"og:image:height\" content=\"815\" \/>\n\t<meta property=\"og:image:type\" content=\"image\/jpeg\" \/>\n<meta name=\"author\" content=\"Marin Saillofest\" \/>\n<meta name=\"twitter:card\" content=\"summary_large_image\" \/>\n<meta name=\"twitter:image\" content=\"https:\/\/legrandcontinent.eu\/fr\/wp-content\/uploads\/sites\/2\/2023\/06\/gc-fin-mesures-durgence-energie-e1686138821216.jpg\" \/>\n<meta name=\"twitter:label1\" content=\"\u00c9crit par\" \/>\n\t<meta name=\"twitter:data1\" content=\"Marin Saillofest\" \/>\n\t<meta name=\"twitter:label2\" content=\"Dur\u00e9e de lecture estim\u00e9e\" \/>\n\t<meta name=\"twitter:data2\" content=\"3 minutes\" \/>\n<script type=\"application\/ld+json\" class=\"yoast-schema-graph\">{\"@context\":\"https:\/\/schema.org\",\"@graph\":[{\"@type\":\"WebPage\",\"@id\":\"https:\/\/legrandcontinent.eu\/fr\/2023\/06\/07\/vers-la-fin-des-mesures-durgence-visant-a-lutter-contre-les-prix-eleves-de-lenergie-dans-lunion\/\",\"url\":\"https:\/\/legrandcontinent.eu\/fr\/2023\/06\/07\/vers-la-fin-des-mesures-durgence-visant-a-lutter-contre-les-prix-eleves-de-lenergie-dans-lunion\/\",\"name\":\"Vers la fin des mesures d\u2019urgence visant \u00e0 lutter contre les prix \u00e9lev\u00e9s de l\u2019\u00e9nergie dans l\u2019Union | Le Grand Continent\",\"isPartOf\":{\"@id\":\"https:\/\/legrandcontinent.eu\/fr\/#website\"},\"primaryImageOfPage\":{\"@id\":\"https:\/\/legrandcontinent.eu\/fr\/2023\/06\/07\/vers-la-fin-des-mesures-durgence-visant-a-lutter-contre-les-prix-eleves-de-lenergie-dans-lunion\/#primaryimage\"},\"image\":{\"@id\":\"https:\/\/legrandcontinent.eu\/fr\/2023\/06\/07\/vers-la-fin-des-mesures-durgence-visant-a-lutter-contre-les-prix-eleves-de-lenergie-dans-lunion\/#primaryimage\"},\"thumbnailUrl\":\"https:\/\/legrandcontinent.eu\/fr\/wp-content\/uploads\/sites\/2\/2023\/06\/Capture-de\u0301cran-2023-06-07-a\u0300-13.52.11.jpg\",\"datePublished\":\"2023-06-07T12:01:27+00:00\",\"dateModified\":\"2023-06-07T12:01:29+00:00\",\"author\":{\"@id\":\"https:\/\/legrandcontinent.eu\/fr\/#\/schema\/person\/e4f85f52220fc7b4cc3cfdb86d88e833\"},\"breadcrumb\":{\"@id\":\"https:\/\/legrandcontinent.eu\/fr\/2023\/06\/07\/vers-la-fin-des-mesures-durgence-visant-a-lutter-contre-les-prix-eleves-de-lenergie-dans-lunion\/#breadcrumb\"},\"inLanguage\":\"fr-FR\",\"potentialAction\":[{\"@type\":\"ReadAction\",\"target\":[\"https:\/\/legrandcontinent.eu\/fr\/2023\/06\/07\/vers-la-fin-des-mesures-durgence-visant-a-lutter-contre-les-prix-eleves-de-lenergie-dans-lunion\/\"]}]},{\"@type\":\"ImageObject\",\"inLanguage\":\"fr-FR\",\"@id\":\"https:\/\/legrandcontinent.eu\/fr\/2023\/06\/07\/vers-la-fin-des-mesures-durgence-visant-a-lutter-contre-les-prix-eleves-de-lenergie-dans-lunion\/#primaryimage\",\"url\":\"https:\/\/legrandcontinent.eu\/fr\/wp-content\/uploads\/sites\/2\/2023\/06\/Capture-de\u0301cran-2023-06-07-a\u0300-13.52.11.jpg\",\"contentUrl\":\"https:\/\/legrandcontinent.eu\/fr\/wp-content\/uploads\/sites\/2\/2023\/06\/Capture-de\u0301cran-2023-06-07-a\u0300-13.52.11.jpg\",\"width\":1800,\"height\":868},{\"@type\":\"BreadcrumbList\",\"@id\":\"https:\/\/legrandcontinent.eu\/fr\/2023\/06\/07\/vers-la-fin-des-mesures-durgence-visant-a-lutter-contre-les-prix-eleves-de-lenergie-dans-lunion\/#breadcrumb\",\"itemListElement\":[{\"@type\":\"ListItem\",\"position\":1,\"name\":\"Accueil\",\"item\":\"https:\/\/legrandcontinent.eu\/fr\/\"},{\"@type\":\"ListItem\",\"position\":2,\"name\":\"Vers la fin des mesures d\u2019urgence visant \u00e0 lutter contre les prix \u00e9lev\u00e9s de l\u2019\u00e9nergie dans l\u2019Union\"}]},{\"@type\":\"WebSite\",\"@id\":\"https:\/\/legrandcontinent.eu\/fr\/#website\",\"url\":\"https:\/\/legrandcontinent.eu\/fr\/\",\"name\":\"Le Grand Continent\",\"description\":\"L&#039;\u00e9chelle pertinente\",\"potentialAction\":[{\"@type\":\"SearchAction\",\"target\":{\"@type\":\"EntryPoint\",\"urlTemplate\":\"https:\/\/legrandcontinent.eu\/fr\/?s={search_term_string}\"},\"query-input\":{\"@type\":\"PropertyValueSpecification\",\"valueRequired\":true,\"valueName\":\"search_term_string\"}}],\"inLanguage\":\"fr-FR\"},{\"@type\":\"Person\",\"@id\":\"https:\/\/legrandcontinent.eu\/fr\/#\/schema\/person\/e4f85f52220fc7b4cc3cfdb86d88e833\",\"name\":\"Marin Saillofest\",\"image\":{\"@type\":\"ImageObject\",\"inLanguage\":\"fr-FR\",\"@id\":\"https:\/\/legrandcontinent.eu\/fr\/#\/schema\/person\/image\/\",\"url\":\"https:\/\/secure.gravatar.com\/avatar\/87088698b4d967390c49ae6d4f1aa459?s=96&d=mm&r=g\",\"contentUrl\":\"https:\/\/secure.gravatar.com\/avatar\/87088698b4d967390c49ae6d4f1aa459?s=96&d=mm&r=g\",\"caption\":\"Marin Saillofest\"}}]}<\/script>\n<!-- \/ Yoast SEO plugin. -->","yoast_head_json":{"title":"Vers la fin des mesures d\u2019urgence visant \u00e0 lutter contre les prix \u00e9lev\u00e9s de l\u2019\u00e9nergie dans l\u2019Union | Le Grand Continent","robots":{"index":"index","follow":"follow","max-snippet":"max-snippet:-1","max-image-preview":"max-image-preview:large","max-video-preview":"max-video-preview:-1"},"canonical":"https:\/\/legrandcontinent.eu\/fr\/2023\/06\/07\/vers-la-fin-des-mesures-durgence-visant-a-lutter-contre-les-prix-eleves-de-lenergie-dans-lunion\/","og_locale":"fr_FR","og_type":"article","og_title":"Vers la fin des mesures d\u2019urgence visant \u00e0 lutter contre les prix \u00e9lev\u00e9s de l\u2019\u00e9nergie dans l\u2019Union | Le Grand Continent","og_description":"Mis en place depuis le 1er d\u00e9cembre 2022, le plafonnement des revenus des producteurs inframarginaux d\u2019\u00e9lectricit\u00e9 devrait prendre fin \u00e0 la date pr\u00e9vue du 30 juin 2023. La Commission consid\u00e8re que les autres mesures d\u2019urgence mises en place pour faire face \u00e0 la hausse des prix de l\u2019\u00e9nergie ne sont d\u00e9sormais plus n\u00e9cessaires.","og_url":"https:\/\/legrandcontinent.eu\/fr\/2023\/06\/07\/vers-la-fin-des-mesures-durgence-visant-a-lutter-contre-les-prix-eleves-de-lenergie-dans-lunion\/","og_site_name":"Le Grand Continent","article_published_time":"2023-06-07T12:01:27+00:00","article_modified_time":"2023-06-07T12:01:29+00:00","og_image":[{"width":1453,"height":815,"url":"https:\/\/legrandcontinent.eu\/fr\/wp-content\/uploads\/sites\/2\/2023\/06\/gc-fin-mesures-durgence-energie-e1686138821216.jpg","type":"image\/jpeg"}],"author":"Marin Saillofest","twitter_card":"summary_large_image","twitter_image":"https:\/\/legrandcontinent.eu\/fr\/wp-content\/uploads\/sites\/2\/2023\/06\/gc-fin-mesures-durgence-energie-e1686138821216.jpg","twitter_misc":{"\u00c9crit par":"Marin Saillofest","Dur\u00e9e de lecture estim\u00e9e":"3 minutes"},"schema":{"@context":"https:\/\/schema.org","@graph":[{"@type":"WebPage","@id":"https:\/\/legrandcontinent.eu\/fr\/2023\/06\/07\/vers-la-fin-des-mesures-durgence-visant-a-lutter-contre-les-prix-eleves-de-lenergie-dans-lunion\/","url":"https:\/\/legrandcontinent.eu\/fr\/2023\/06\/07\/vers-la-fin-des-mesures-durgence-visant-a-lutter-contre-les-prix-eleves-de-lenergie-dans-lunion\/","name":"Vers la fin des mesures d\u2019urgence visant \u00e0 lutter contre les prix \u00e9lev\u00e9s de l\u2019\u00e9nergie dans l\u2019Union | Le Grand Continent","isPartOf":{"@id":"https:\/\/legrandcontinent.eu\/fr\/#website"},"primaryImageOfPage":{"@id":"https:\/\/legrandcontinent.eu\/fr\/2023\/06\/07\/vers-la-fin-des-mesures-durgence-visant-a-lutter-contre-les-prix-eleves-de-lenergie-dans-lunion\/#primaryimage"},"image":{"@id":"https:\/\/legrandcontinent.eu\/fr\/2023\/06\/07\/vers-la-fin-des-mesures-durgence-visant-a-lutter-contre-les-prix-eleves-de-lenergie-dans-lunion\/#primaryimage"},"thumbnailUrl":"https:\/\/legrandcontinent.eu\/fr\/wp-content\/uploads\/sites\/2\/2023\/06\/Capture-de\u0301cran-2023-06-07-a\u0300-13.52.11.jpg","datePublished":"2023-06-07T12:01:27+00:00","dateModified":"2023-06-07T12:01:29+00:00","author":{"@id":"https:\/\/legrandcontinent.eu\/fr\/#\/schema\/person\/e4f85f52220fc7b4cc3cfdb86d88e833"},"breadcrumb":{"@id":"https:\/\/legrandcontinent.eu\/fr\/2023\/06\/07\/vers-la-fin-des-mesures-durgence-visant-a-lutter-contre-les-prix-eleves-de-lenergie-dans-lunion\/#breadcrumb"},"inLanguage":"fr-FR","potentialAction":[{"@type":"ReadAction","target":["https:\/\/legrandcontinent.eu\/fr\/2023\/06\/07\/vers-la-fin-des-mesures-durgence-visant-a-lutter-contre-les-prix-eleves-de-lenergie-dans-lunion\/"]}]},{"@type":"ImageObject","inLanguage":"fr-FR","@id":"https:\/\/legrandcontinent.eu\/fr\/2023\/06\/07\/vers-la-fin-des-mesures-durgence-visant-a-lutter-contre-les-prix-eleves-de-lenergie-dans-lunion\/#primaryimage","url":"https:\/\/legrandcontinent.eu\/fr\/wp-content\/uploads\/sites\/2\/2023\/06\/Capture-de\u0301cran-2023-06-07-a\u0300-13.52.11.jpg","contentUrl":"https:\/\/legrandcontinent.eu\/fr\/wp-content\/uploads\/sites\/2\/2023\/06\/Capture-de\u0301cran-2023-06-07-a\u0300-13.52.11.jpg","width":1800,"height":868},{"@type":"BreadcrumbList","@id":"https:\/\/legrandcontinent.eu\/fr\/2023\/06\/07\/vers-la-fin-des-mesures-durgence-visant-a-lutter-contre-les-prix-eleves-de-lenergie-dans-lunion\/#breadcrumb","itemListElement":[{"@type":"ListItem","position":1,"name":"Accueil","item":"https:\/\/legrandcontinent.eu\/fr\/"},{"@type":"ListItem","position":2,"name":"Vers la fin des mesures d\u2019urgence visant \u00e0 lutter contre les prix \u00e9lev\u00e9s de l\u2019\u00e9nergie dans l\u2019Union"}]},{"@type":"WebSite","@id":"https:\/\/legrandcontinent.eu\/fr\/#website","url":"https:\/\/legrandcontinent.eu\/fr\/","name":"Le Grand Continent","description":"L&#039;\u00e9chelle pertinente","potentialAction":[{"@type":"SearchAction","target":{"@type":"EntryPoint","urlTemplate":"https:\/\/legrandcontinent.eu\/fr\/?s={search_term_string}"},"query-input":{"@type":"PropertyValueSpecification","valueRequired":true,"valueName":"search_term_string"}}],"inLanguage":"fr-FR"},{"@type":"Person","@id":"https:\/\/legrandcontinent.eu\/fr\/#\/schema\/person\/e4f85f52220fc7b4cc3cfdb86d88e833","name":"Marin Saillofest","image":{"@type":"ImageObject","inLanguage":"fr-FR","@id":"https:\/\/legrandcontinent.eu\/fr\/#\/schema\/person\/image\/","url":"https:\/\/secure.gravatar.com\/avatar\/87088698b4d967390c49ae6d4f1aa459?s=96&d=mm&r=g","contentUrl":"https:\/\/secure.gravatar.com\/avatar\/87088698b4d967390c49ae6d4f1aa459?s=96&d=mm&r=g","caption":"Marin Saillofest"}}]}},"lgc_categories":[{"id":1730,"name":"\u00c9nergie et environnement","slug":"energie-et-environnement"}],"lgc_author":null,"feature_image_summary":{"url":"https:\/\/legrandcontinent.eu\/fr\/wp-content\/uploads\/sites\/2\/2023\/06\/Capture-de\u0301cran-2023-06-07-a\u0300-13.52.11.jpg","width":1800,"height":868,"alt":""},"feature_image_cover":null,"term_position_data":null,"_links":{"self":[{"href":"https:\/\/legrandcontinent.eu\/fr\/wp-json\/wp\/v2\/posts\/187552","targetHints":{"allow":["GET"]}}],"collection":[{"href":"https:\/\/legrandcontinent.eu\/fr\/wp-json\/wp\/v2\/posts"}],"about":[{"href":"https:\/\/legrandcontinent.eu\/fr\/wp-json\/wp\/v2\/types\/post"}],"author":[{"embeddable":true,"href":"https:\/\/legrandcontinent.eu\/fr\/wp-json\/wp\/v2\/users\/2622"}],"replies":[{"embeddable":true,"href":"https:\/\/legrandcontinent.eu\/fr\/wp-json\/wp\/v2\/comments?post=187552"}],"version-history":[{"count":0,"href":"https:\/\/legrandcontinent.eu\/fr\/wp-json\/wp\/v2\/posts\/187552\/revisions"}],"wp:featuredmedia":[{"embeddable":true,"href":"https:\/\/legrandcontinent.eu\/fr\/wp-json\/wp\/v2\/media\/187565"}],"wp:attachment":[{"href":"https:\/\/legrandcontinent.eu\/fr\/wp-json\/wp\/v2\/media?parent=187552"}],"wp:term":[{"taxonomy":"category","embeddable":true,"href":"https:\/\/legrandcontinent.eu\/fr\/wp-json\/wp\/v2\/categories?post=187552"},{"taxonomy":"post_tag","embeddable":true,"href":"https:\/\/legrandcontinent.eu\/fr\/wp-json\/wp\/v2\/tags?post=187552"},{"taxonomy":"staff","embeddable":true,"href":"https:\/\/legrandcontinent.eu\/fr\/wp-json\/wp\/v2\/staff?post=187552"},{"taxonomy":"editorial_format","embeddable":true,"href":"https:\/\/legrandcontinent.eu\/fr\/wp-json\/wp\/v2\/editorial_format?post=187552"},{"taxonomy":"serie","embeddable":true,"href":"https:\/\/legrandcontinent.eu\/fr\/wp-json\/wp\/v2\/serie?post=187552"},{"taxonomy":"audience","embeddable":true,"href":"https:\/\/legrandcontinent.eu\/fr\/wp-json\/wp\/v2\/audience?post=187552"},{"taxonomy":"geo","embeddable":true,"href":"https:\/\/legrandcontinent.eu\/fr\/wp-json\/wp\/v2\/geo?post=187552"}],"curies":[{"name":"wp","href":"https:\/\/api.w.org\/{rel}","templated":true}]}}