{"id":186173,"date":"2023-05-23T09:32:00","date_gmt":"2023-05-23T07:32:00","guid":{"rendered":"https:\/\/legrandcontinent.eu\/fr\/?p=186173"},"modified":"2023-05-23T14:21:59","modified_gmt":"2023-05-23T12:21:59","slug":"ladministration-biden-negocie-le-relevement-du-plafond-de-la-dette-americaine","status":"publish","type":"post","link":"https:\/\/legrandcontinent.eu\/fr\/2023\/05\/23\/ladministration-biden-negocie-le-relevement-du-plafond-de-la-dette-americaine\/","title":{"rendered":"L\u2019administration Biden n\u00e9gocie le rel\u00e8vement du plafond de la dette am\u00e9ricaine"},"content":{"rendered":"\n<p>Il reste moins de deux semaines avant le 1er juin, date \u00e0 laquelle le Tr\u00e9sor am\u00e9ricain a pr\u00e9venu que le gouvernement f\u00e9d\u00e9ral pourrait \u00eatre incapable de payer ses dettes.\u00a0<\/p>\n\n\n\n<ul class=\"wp-block-list\">\n<li>Confirmant l\u2019\u00e9ch\u00e9ance du 1er juin lors d\u2019une interview \u00e0 NBC dimanche dernier, la secr\u00e9taire am\u00e9ricaine au Tr\u00e9sor, Yanet Yellen a annonc\u00e9 que des paiements d&rsquo;imp\u00f4ts substantiels \u00e9taient attendus \u00e0 la mi-juin, \u00ab&#160;le probl\u00e8me [\u00e9tant] d&rsquo;arriver \u00e0 cette date&#160;\u00bb.<\/li>\n<\/ul>\n\n\n\n<ul class=\"wp-block-list\">\n<li>Dans une note adress\u00e9e \u00e0 leurs clients, les \u00e9conomistes de Goldman Sachs Group Inc. ont estim\u00e9 que le solde de tr\u00e9sorerie du Tr\u00e9sor am\u00e9ricain tomberait en dessous de ce dont il a besoin pour payer ses dettes d&rsquo;ici le 8 ou le 9 juin&nbsp;<span class='whitespace-nowrap'><span id='easy-footnote-1-186173' class='easy-footnote-margin-adjust'><\/span><span class='easy-footnote'><a href='https:\/\/legrandcontinent.eu\/fr\/2023\/05\/23\/ladministration-biden-negocie-le-relevement-du-plafond-de-la-dette-americaine\/#easy-footnote-bottom-1-186173' title='\u00ab&amp;#160;&lt;a href=&quot;https:\/\/www.bloomberg.com\/news\/articles\/2023-05-21\/goldman-says-treasury-will-drop-under-its-cash-minimum-june-8-9&quot;&gt;Goldman Says Treasury Will Drop Under Its Cash Minimum June 8-9&lt;\/a&gt;&amp;#160;\u00bb, &lt;em&gt;Bloomberg, &lt;\/em&gt;21 mai 2023.'><sup>1<\/sup><\/a><\/span><\/span>, tout en pr\u00e9voyant une probabilit\u00e9 de d\u00e9faut de paiement d&rsquo;ici le 1er juin.<\/li>\n<\/ul>\n\n\n\n<div class=\"iframe-container wp-block-image wp-block-image-medium  iframe-dw\">\n\t<div>\n\t\t<iframe class=\"absolute w-full h-full pin-t pin-l\" title=\"titolo\" aria-label=\"Interactive line chart\" src=\"\/\/datawrapper.dwcdn.net\/nb5IN\/4\/\" scrolling=\"no\" frameborder=\"0\"><\/iframe>\n\t<\/div>\n<\/div>\n\n\n\n<p>Les R\u00e9publicains font pression pour que les d\u00e9penses soient fortement r\u00e9duites dans de nombreux programmes nationaux, en \u00e9change de l&rsquo;augmentation de la limite d&#8217;emprunt impos\u00e9e par le gouvernement \u2013 qui est r\u00e9guli\u00e8rement relev\u00e9e pour couvrir les co\u00fbts des d\u00e9penses et des r\u00e9ductions d&rsquo;imp\u00f4ts pr\u00e9c\u00e9demment approuv\u00e9es par les l\u00e9gislateurs.<\/p>\n\n\n\n<ul class=\"wp-block-list\">\n<li>Le plafond de la dette est actuellement de 31 400 milliards de dollars&#160;; tout rel\u00e8vement du seuil doit \u00eatre vot\u00e9 par les deux chambres, alors que la Chambre des repr\u00e9sentants est contr\u00f4l\u00e9e par les R\u00e9publicains, et le S\u00e9nat par les D\u00e9mocrates.<\/li>\n<\/ul>\n\n\n\n<ul class=\"wp-block-list\">\n<li>Les n\u00e9gociateurs r\u00e9publicains de la Chambre des repr\u00e9sentants ont d\u00e9clin\u00e9 l&rsquo;offre de geler les d\u00e9penses publiques dans le budget 2024&nbsp;<span class='whitespace-nowrap'><span id='easy-footnote-2-186173' class='easy-footnote-margin-adjust'><\/span><span class='easy-footnote'><a href='https:\/\/legrandcontinent.eu\/fr\/2023\/05\/23\/ladministration-biden-negocie-le-relevement-du-plafond-de-la-dette-americaine\/#easy-footnote-bottom-2-186173' title='Voir le projet de loi \u00e0 &lt;a href=&quot;https:\/\/www.govinfo.gov\/content\/pkg\/BILLS-118hr2811ih\/pdf\/BILLS-118hr2811ih.pdf&quot;&gt;cette adresse&lt;\/a&gt;.'><sup>2<\/sup><\/a><\/span><\/span>, faite par la Maison Blanche vendredi 19 mai&#160;; ils ont exig\u00e9 au contraire des coupes s\u00e9v\u00e8res dans les d\u00e9penses et des r\u00e9quisits de travail pour b\u00e9n\u00e9ficier des programmes de droits (Medicare, Medicaid, s\u00e9curit\u00e9 sociale) \u2013 ce \u00e0 quoi les D\u00e9mocrates s&rsquo;opposent.<\/li>\n<\/ul>\n\n\n\n<ul class=\"wp-block-list\">\n<li>Les R\u00e9publicains demandent en parall\u00e8le la hausse des d\u00e9penses de d\u00e9fense, dans le cadre d\u2019un plan adopt\u00e9 par la Chambre des repr\u00e9sentants le mois dernier, pr\u00e9voyant une r\u00e9duction de 8&#160;% des d\u00e9penses publiques pour l\u2019ann\u00e9e 2024.<\/li>\n<\/ul>\n\n\n\n<p>Ce dimanche 21 mai, Biden a d\u00e9clar\u00e9 qu&rsquo;il incombait d\u00e9sormais aux r\u00e9publicains de revoir leurs exigences. Le pr\u00e9sident am\u00e9ricain a insist\u00e9 sur le fait qu&rsquo;il n&rsquo;accepterait pas un accord prot\u00e9geant les all\u00e8gements fiscaux accord\u00e9s aux riches et aux industries des combustibles fossiles et des produits pharmaceutiques, tout en r\u00e9duisant le financement des soins de sant\u00e9 et de l&rsquo;\u00e9ducation.<\/p>\n","protected":false},"excerpt":{"rendered":"<p>Hier, le pr\u00e9sident am\u00e9ricain Joe Biden et le pr\u00e9sident de la Chambre des repr\u00e9sentants Kevin McCarthy ont exprim\u00e9 leur optimisme quant \u00e0 la possibilit\u00e9 de sortir de l&rsquo;impasse concernant le rel\u00e8vement du plafond de la dette am\u00e9ricaine. Aucun accord n\u2019a pour le moment \u00e9t\u00e9 trouv\u00e9.  <\/p>\n","protected":false},"author":40,"featured_media":186179,"comment_status":"closed","ping_status":"","sticky":false,"template":"templates\/post-briefings.php","format":"standard","meta":{"_acf_changed":false,"_trash_the_other_posts":false,"_yoast_wpseo_estimated-reading-time-minutes":2,"footnotes":""},"categories":[1727],"tags":[],"staff":[],"editorial_format":[],"serie":[],"audience":[],"geo":[525],"class_list":["post-186173","post","type-post","status-publish","format-standard","hentry","category-economie","geo-ameriques"],"acf":{"open_in_webview":false,"accent":false},"yoast_head":"<!-- This site is optimized with the Yoast SEO plugin v26.1.1 - https:\/\/yoast.com\/wordpress\/plugins\/seo\/ -->\n<title>L\u2019administration Biden n\u00e9gocie le rel\u00e8vement du plafond de la dette am\u00e9ricaine | Le Grand Continent<\/title>\n<meta name=\"robots\" content=\"index, follow, max-snippet:-1, max-image-preview:large, max-video-preview:-1\" \/>\n<link rel=\"canonical\" href=\"https:\/\/legrandcontinent.eu\/fr\/2023\/05\/23\/ladministration-biden-negocie-le-relevement-du-plafond-de-la-dette-americaine\/\" \/>\n<meta property=\"og:locale\" content=\"fr_FR\" \/>\n<meta property=\"og:type\" content=\"article\" \/>\n<meta property=\"og:title\" content=\"L\u2019administration Biden n\u00e9gocie le rel\u00e8vement du plafond de la dette am\u00e9ricaine | Le Grand Continent\" \/>\n<meta property=\"og:description\" content=\"Hier, le pr\u00e9sident am\u00e9ricain Joe Biden et le pr\u00e9sident de la Chambre des repr\u00e9sentants Kevin McCarthy ont exprim\u00e9 leur optimisme quant \u00e0 la possibilit\u00e9 de sortir de l&#039;impasse concernant le rel\u00e8vement du plafond de la dette am\u00e9ricaine. Aucun accord n\u2019a pour le moment \u00e9t\u00e9 trouv\u00e9.\" \/>\n<meta property=\"og:url\" content=\"https:\/\/legrandcontinent.eu\/fr\/2023\/05\/23\/ladministration-biden-negocie-le-relevement-du-plafond-de-la-dette-americaine\/\" \/>\n<meta property=\"og:site_name\" content=\"Le Grand Continent\" \/>\n<meta property=\"article:published_time\" content=\"2023-05-23T07:32:00+00:00\" \/>\n<meta property=\"article:modified_time\" content=\"2023-05-23T12:21:59+00:00\" \/>\n<meta property=\"og:image\" content=\"https:\/\/legrandcontinent.eu\/fr\/wp-content\/uploads\/sites\/2\/2023\/05\/nb5IN-estimations-des-conomies-du-budget-f-d-ral-sur-la-p-riode-2023-2033-par-projet-de-loi.png\" \/>\n\t<meta property=\"og:image:width\" content=\"1662\" \/>\n\t<meta property=\"og:image:height\" content=\"336\" \/>\n\t<meta property=\"og:image:type\" content=\"image\/png\" \/>\n<meta name=\"author\" content=\"Ramona Bloj\" \/>\n<meta name=\"twitter:card\" content=\"summary_large_image\" \/>\n<meta name=\"twitter:label1\" content=\"\u00c9crit par\" \/>\n\t<meta name=\"twitter:data1\" content=\"Ramona Bloj\" \/>\n\t<meta name=\"twitter:label2\" content=\"Dur\u00e9e de lecture estim\u00e9e\" \/>\n\t<meta name=\"twitter:data2\" content=\"2 minutes\" \/>\n<script type=\"application\/ld+json\" class=\"yoast-schema-graph\">{\"@context\":\"https:\/\/schema.org\",\"@graph\":[{\"@type\":\"WebPage\",\"@id\":\"https:\/\/legrandcontinent.eu\/fr\/2023\/05\/23\/ladministration-biden-negocie-le-relevement-du-plafond-de-la-dette-americaine\/\",\"url\":\"https:\/\/legrandcontinent.eu\/fr\/2023\/05\/23\/ladministration-biden-negocie-le-relevement-du-plafond-de-la-dette-americaine\/\",\"name\":\"L\u2019administration Biden n\u00e9gocie le rel\u00e8vement du plafond de la dette am\u00e9ricaine | Le Grand Continent\",\"isPartOf\":{\"@id\":\"https:\/\/legrandcontinent.eu\/fr\/#website\"},\"primaryImageOfPage\":{\"@id\":\"https:\/\/legrandcontinent.eu\/fr\/2023\/05\/23\/ladministration-biden-negocie-le-relevement-du-plafond-de-la-dette-americaine\/#primaryimage\"},\"image\":{\"@id\":\"https:\/\/legrandcontinent.eu\/fr\/2023\/05\/23\/ladministration-biden-negocie-le-relevement-du-plafond-de-la-dette-americaine\/#primaryimage\"},\"thumbnailUrl\":\"https:\/\/legrandcontinent.eu\/fr\/wp-content\/uploads\/sites\/2\/2023\/05\/nb5IN-estimations-des-conomies-du-budget-f-d-ral-sur-la-p-riode-2023-2033-par-projet-de-loi.png\",\"datePublished\":\"2023-05-23T07:32:00+00:00\",\"dateModified\":\"2023-05-23T12:21:59+00:00\",\"author\":{\"@id\":\"https:\/\/legrandcontinent.eu\/fr\/#\/schema\/person\/bee86896b403754f76b6b1515ff0b697\"},\"breadcrumb\":{\"@id\":\"https:\/\/legrandcontinent.eu\/fr\/2023\/05\/23\/ladministration-biden-negocie-le-relevement-du-plafond-de-la-dette-americaine\/#breadcrumb\"},\"inLanguage\":\"fr-FR\",\"potentialAction\":[{\"@type\":\"ReadAction\",\"target\":[\"https:\/\/legrandcontinent.eu\/fr\/2023\/05\/23\/ladministration-biden-negocie-le-relevement-du-plafond-de-la-dette-americaine\/\"]}]},{\"@type\":\"ImageObject\",\"inLanguage\":\"fr-FR\",\"@id\":\"https:\/\/legrandcontinent.eu\/fr\/2023\/05\/23\/ladministration-biden-negocie-le-relevement-du-plafond-de-la-dette-americaine\/#primaryimage\",\"url\":\"https:\/\/legrandcontinent.eu\/fr\/wp-content\/uploads\/sites\/2\/2023\/05\/nb5IN-estimations-des-conomies-du-budget-f-d-ral-sur-la-p-riode-2023-2033-par-projet-de-loi.png\",\"contentUrl\":\"https:\/\/legrandcontinent.eu\/fr\/wp-content\/uploads\/sites\/2\/2023\/05\/nb5IN-estimations-des-conomies-du-budget-f-d-ral-sur-la-p-riode-2023-2033-par-projet-de-loi.png\",\"width\":1662,\"height\":336},{\"@type\":\"BreadcrumbList\",\"@id\":\"https:\/\/legrandcontinent.eu\/fr\/2023\/05\/23\/ladministration-biden-negocie-le-relevement-du-plafond-de-la-dette-americaine\/#breadcrumb\",\"itemListElement\":[{\"@type\":\"ListItem\",\"position\":1,\"name\":\"Accueil\",\"item\":\"https:\/\/legrandcontinent.eu\/fr\/\"},{\"@type\":\"ListItem\",\"position\":2,\"name\":\"L\u2019administration Biden n\u00e9gocie le rel\u00e8vement du plafond de la dette am\u00e9ricaine\"}]},{\"@type\":\"WebSite\",\"@id\":\"https:\/\/legrandcontinent.eu\/fr\/#website\",\"url\":\"https:\/\/legrandcontinent.eu\/fr\/\",\"name\":\"Le Grand Continent\",\"description\":\"L&#039;\u00e9chelle pertinente\",\"potentialAction\":[{\"@type\":\"SearchAction\",\"target\":{\"@type\":\"EntryPoint\",\"urlTemplate\":\"https:\/\/legrandcontinent.eu\/fr\/?s={search_term_string}\"},\"query-input\":{\"@type\":\"PropertyValueSpecification\",\"valueRequired\":true,\"valueName\":\"search_term_string\"}}],\"inLanguage\":\"fr-FR\"},{\"@type\":\"Person\",\"@id\":\"https:\/\/legrandcontinent.eu\/fr\/#\/schema\/person\/bee86896b403754f76b6b1515ff0b697\",\"name\":\"Ramona Bloj\",\"image\":{\"@type\":\"ImageObject\",\"inLanguage\":\"fr-FR\",\"@id\":\"https:\/\/legrandcontinent.eu\/fr\/#\/schema\/person\/image\/\",\"url\":\"https:\/\/secure.gravatar.com\/avatar\/c1d91adb7c4c1eed266b81c0f9915707?s=96&d=mm&r=g\",\"contentUrl\":\"https:\/\/secure.gravatar.com\/avatar\/c1d91adb7c4c1eed266b81c0f9915707?s=96&d=mm&r=g\",\"caption\":\"Ramona Bloj\"}}]}<\/script>\n<!-- \/ Yoast SEO plugin. -->","yoast_head_json":{"title":"L\u2019administration Biden n\u00e9gocie le rel\u00e8vement du plafond de la dette am\u00e9ricaine | Le Grand Continent","robots":{"index":"index","follow":"follow","max-snippet":"max-snippet:-1","max-image-preview":"max-image-preview:large","max-video-preview":"max-video-preview:-1"},"canonical":"https:\/\/legrandcontinent.eu\/fr\/2023\/05\/23\/ladministration-biden-negocie-le-relevement-du-plafond-de-la-dette-americaine\/","og_locale":"fr_FR","og_type":"article","og_title":"L\u2019administration Biden n\u00e9gocie le rel\u00e8vement du plafond de la dette am\u00e9ricaine | Le Grand Continent","og_description":"Hier, le pr\u00e9sident am\u00e9ricain Joe Biden et le pr\u00e9sident de la Chambre des repr\u00e9sentants Kevin McCarthy ont exprim\u00e9 leur optimisme quant \u00e0 la possibilit\u00e9 de sortir de l'impasse concernant le rel\u00e8vement du plafond de la dette am\u00e9ricaine. Aucun accord n\u2019a pour le moment \u00e9t\u00e9 trouv\u00e9.","og_url":"https:\/\/legrandcontinent.eu\/fr\/2023\/05\/23\/ladministration-biden-negocie-le-relevement-du-plafond-de-la-dette-americaine\/","og_site_name":"Le Grand Continent","article_published_time":"2023-05-23T07:32:00+00:00","article_modified_time":"2023-05-23T12:21:59+00:00","og_image":[{"width":1662,"height":336,"url":"https:\/\/legrandcontinent.eu\/fr\/wp-content\/uploads\/sites\/2\/2023\/05\/nb5IN-estimations-des-conomies-du-budget-f-d-ral-sur-la-p-riode-2023-2033-par-projet-de-loi.png","type":"image\/png"}],"author":"Ramona Bloj","twitter_card":"summary_large_image","twitter_misc":{"\u00c9crit par":"Ramona Bloj","Dur\u00e9e de lecture estim\u00e9e":"2 minutes"},"schema":{"@context":"https:\/\/schema.org","@graph":[{"@type":"WebPage","@id":"https:\/\/legrandcontinent.eu\/fr\/2023\/05\/23\/ladministration-biden-negocie-le-relevement-du-plafond-de-la-dette-americaine\/","url":"https:\/\/legrandcontinent.eu\/fr\/2023\/05\/23\/ladministration-biden-negocie-le-relevement-du-plafond-de-la-dette-americaine\/","name":"L\u2019administration Biden n\u00e9gocie le rel\u00e8vement du plafond de la dette am\u00e9ricaine | Le Grand Continent","isPartOf":{"@id":"https:\/\/legrandcontinent.eu\/fr\/#website"},"primaryImageOfPage":{"@id":"https:\/\/legrandcontinent.eu\/fr\/2023\/05\/23\/ladministration-biden-negocie-le-relevement-du-plafond-de-la-dette-americaine\/#primaryimage"},"image":{"@id":"https:\/\/legrandcontinent.eu\/fr\/2023\/05\/23\/ladministration-biden-negocie-le-relevement-du-plafond-de-la-dette-americaine\/#primaryimage"},"thumbnailUrl":"https:\/\/legrandcontinent.eu\/fr\/wp-content\/uploads\/sites\/2\/2023\/05\/nb5IN-estimations-des-conomies-du-budget-f-d-ral-sur-la-p-riode-2023-2033-par-projet-de-loi.png","datePublished":"2023-05-23T07:32:00+00:00","dateModified":"2023-05-23T12:21:59+00:00","author":{"@id":"https:\/\/legrandcontinent.eu\/fr\/#\/schema\/person\/bee86896b403754f76b6b1515ff0b697"},"breadcrumb":{"@id":"https:\/\/legrandcontinent.eu\/fr\/2023\/05\/23\/ladministration-biden-negocie-le-relevement-du-plafond-de-la-dette-americaine\/#breadcrumb"},"inLanguage":"fr-FR","potentialAction":[{"@type":"ReadAction","target":["https:\/\/legrandcontinent.eu\/fr\/2023\/05\/23\/ladministration-biden-negocie-le-relevement-du-plafond-de-la-dette-americaine\/"]}]},{"@type":"ImageObject","inLanguage":"fr-FR","@id":"https:\/\/legrandcontinent.eu\/fr\/2023\/05\/23\/ladministration-biden-negocie-le-relevement-du-plafond-de-la-dette-americaine\/#primaryimage","url":"https:\/\/legrandcontinent.eu\/fr\/wp-content\/uploads\/sites\/2\/2023\/05\/nb5IN-estimations-des-conomies-du-budget-f-d-ral-sur-la-p-riode-2023-2033-par-projet-de-loi.png","contentUrl":"https:\/\/legrandcontinent.eu\/fr\/wp-content\/uploads\/sites\/2\/2023\/05\/nb5IN-estimations-des-conomies-du-budget-f-d-ral-sur-la-p-riode-2023-2033-par-projet-de-loi.png","width":1662,"height":336},{"@type":"BreadcrumbList","@id":"https:\/\/legrandcontinent.eu\/fr\/2023\/05\/23\/ladministration-biden-negocie-le-relevement-du-plafond-de-la-dette-americaine\/#breadcrumb","itemListElement":[{"@type":"ListItem","position":1,"name":"Accueil","item":"https:\/\/legrandcontinent.eu\/fr\/"},{"@type":"ListItem","position":2,"name":"L\u2019administration Biden n\u00e9gocie le rel\u00e8vement du plafond de la dette am\u00e9ricaine"}]},{"@type":"WebSite","@id":"https:\/\/legrandcontinent.eu\/fr\/#website","url":"https:\/\/legrandcontinent.eu\/fr\/","name":"Le Grand Continent","description":"L&#039;\u00e9chelle pertinente","potentialAction":[{"@type":"SearchAction","target":{"@type":"EntryPoint","urlTemplate":"https:\/\/legrandcontinent.eu\/fr\/?s={search_term_string}"},"query-input":{"@type":"PropertyValueSpecification","valueRequired":true,"valueName":"search_term_string"}}],"inLanguage":"fr-FR"},{"@type":"Person","@id":"https:\/\/legrandcontinent.eu\/fr\/#\/schema\/person\/bee86896b403754f76b6b1515ff0b697","name":"Ramona Bloj","image":{"@type":"ImageObject","inLanguage":"fr-FR","@id":"https:\/\/legrandcontinent.eu\/fr\/#\/schema\/person\/image\/","url":"https:\/\/secure.gravatar.com\/avatar\/c1d91adb7c4c1eed266b81c0f9915707?s=96&d=mm&r=g","contentUrl":"https:\/\/secure.gravatar.com\/avatar\/c1d91adb7c4c1eed266b81c0f9915707?s=96&d=mm&r=g","caption":"Ramona Bloj"}}]}},"lgc_categories":[{"id":1727,"name":"\u00c9conomie","slug":"economie"}],"lgc_author":null,"feature_image_summary":{"url":"https:\/\/legrandcontinent.eu\/fr\/wp-content\/uploads\/sites\/2\/2023\/05\/nb5IN-estimations-des-conomies-du-budget-f-d-ral-sur-la-p-riode-2023-2033-par-projet-de-loi.png","width":1662,"height":336,"alt":""},"feature_image_cover":null,"term_position_data":null,"_links":{"self":[{"href":"https:\/\/legrandcontinent.eu\/fr\/wp-json\/wp\/v2\/posts\/186173","targetHints":{"allow":["GET"]}}],"collection":[{"href":"https:\/\/legrandcontinent.eu\/fr\/wp-json\/wp\/v2\/posts"}],"about":[{"href":"https:\/\/legrandcontinent.eu\/fr\/wp-json\/wp\/v2\/types\/post"}],"author":[{"embeddable":true,"href":"https:\/\/legrandcontinent.eu\/fr\/wp-json\/wp\/v2\/users\/40"}],"replies":[{"embeddable":true,"href":"https:\/\/legrandcontinent.eu\/fr\/wp-json\/wp\/v2\/comments?post=186173"}],"version-history":[{"count":0,"href":"https:\/\/legrandcontinent.eu\/fr\/wp-json\/wp\/v2\/posts\/186173\/revisions"}],"wp:featuredmedia":[{"embeddable":true,"href":"https:\/\/legrandcontinent.eu\/fr\/wp-json\/wp\/v2\/media\/186179"}],"wp:attachment":[{"href":"https:\/\/legrandcontinent.eu\/fr\/wp-json\/wp\/v2\/media?parent=186173"}],"wp:term":[{"taxonomy":"category","embeddable":true,"href":"https:\/\/legrandcontinent.eu\/fr\/wp-json\/wp\/v2\/categories?post=186173"},{"taxonomy":"post_tag","embeddable":true,"href":"https:\/\/legrandcontinent.eu\/fr\/wp-json\/wp\/v2\/tags?post=186173"},{"taxonomy":"staff","embeddable":true,"href":"https:\/\/legrandcontinent.eu\/fr\/wp-json\/wp\/v2\/staff?post=186173"},{"taxonomy":"editorial_format","embeddable":true,"href":"https:\/\/legrandcontinent.eu\/fr\/wp-json\/wp\/v2\/editorial_format?post=186173"},{"taxonomy":"serie","embeddable":true,"href":"https:\/\/legrandcontinent.eu\/fr\/wp-json\/wp\/v2\/serie?post=186173"},{"taxonomy":"audience","embeddable":true,"href":"https:\/\/legrandcontinent.eu\/fr\/wp-json\/wp\/v2\/audience?post=186173"},{"taxonomy":"geo","embeddable":true,"href":"https:\/\/legrandcontinent.eu\/fr\/wp-json\/wp\/v2\/geo?post=186173"}],"curies":[{"name":"wp","href":"https:\/\/api.w.org\/{rel}","templated":true}]}}