{"id":185828,"date":"2023-05-19T16:15:15","date_gmt":"2023-05-19T14:15:15","guid":{"rendered":"https:\/\/legrandcontinent.eu\/fr\/?p=185828"},"modified":"2023-05-21T01:24:38","modified_gmt":"2023-05-20T23:24:38","slug":"a-bakhmout-larmee-ukrainienne-continue-de-progresser-a-lexterieur-de-la-ville","status":"publish","type":"post","link":"https:\/\/legrandcontinent.eu\/fr\/2023\/05\/19\/a-bakhmout-larmee-ukrainienne-continue-de-progresser-a-lexterieur-de-la-ville\/","title":{"rendered":"\u00c0 Bakhmout, l\u2019arm\u00e9e ukrainienne continue de progresser \u00e0 l\u2019ext\u00e9rieur de la ville\u00a0"},"content":{"rendered":"\n<p>La bataille pour la ville de Bakhmout, dans l\u2019est de l\u2019Ukraine, dure d\u00e9sormais depuis plus de neuf mois, et constitue l\u2019\u00e9pisode le plus meurtrier depuis le lancement de l\u2019invasion russe.<\/p>\n\n\n\n<ul class=\"wp-block-list\">\n<li>Le 1er mai, la Maison-Blanche estimait que les pertes russes (comprenant les morts ainsi que les bless\u00e9s) au cours des cinq derniers mois dans la r\u00e9gion de Bakhmout et \u00ab&#160;d\u2019autres zones d\u2019Ukraine&#160;\u00bb s\u2019\u00e9levaient \u00e0 100 000 hommes&nbsp;<span class='whitespace-nowrap'><span id='easy-footnote-1-185828' class='easy-footnote-margin-adjust'><\/span><span class='easy-footnote'><a href='https:\/\/legrandcontinent.eu\/fr\/2023\/05\/19\/a-bakhmout-larmee-ukrainienne-continue-de-progresser-a-lexterieur-de-la-ville\/#easy-footnote-bottom-1-185828' title='Steve Holland et Katharine Jackson, \u00ab&amp;#160;&lt;a href=&quot;https:\/\/www.reuters.com\/world\/europe\/us-believes-russians-ukraine-have-suffered-100000-casualties-5-months-2023-05-01\/&quot;&gt;US believes Russians in Ukraine have suffered 100,000 casualties in 5 months&lt;\/a&gt;&amp;#160;\u00bb, &lt;em&gt;Reuters&lt;\/em&gt;, 2 mai 2023.'><sup>1<\/sup><\/a><\/span><\/span>.<\/li>\n\n\n\n<li>Selon les services de renseignement am\u00e9ricains, la moiti\u00e9 des 20 000 Russes tu\u00e9s dans l\u2019est de l\u2019Ukraine appartiendrait au groupe Wagner.<\/li>\n<\/ul>\n\n\n\n<div class=\"iframe-container wp-block-image wp-block-image-medium  iframe-dw\">\n\t<div>\n\t\t<iframe class=\"absolute w-full h-full pin-t pin-l\" title=\"titolo\" aria-label=\"Interactive line chart\" src=\"\/\/datawrapper.dwcdn.net\/00VDl\/\" scrolling=\"no\" frameborder=\"0\"><\/iframe>\n\t<\/div>\n<\/div>\n\n\n\n<p>Suite \u00e0 une p\u00e9riode marqu\u00e9e par d\u2019importantes pertes russes journali\u00e8res entre d\u00e9but f\u00e9vrier et fin mars \u2014 entre 700 et 900 par jour, parfois jusqu\u2019\u00e0 plus de 1 000 \u2014, selon le minist\u00e8re ukrainien de la D\u00e9fense, la violence des combats semble avoir diminu\u00e9 au cours des derni\u00e8res semaines.<\/p>\n\n\n<section class=\"dive print-block my-16\" style=\"background-color:;\">\n\t<div class=\"wrapper\">\n\t\t<div class=\"container mx-auto \">\n\t\t\t<div class=\"row flex flex-wrap relative pt-6 pb-16 lg:py-8\">\n\t\t\t\t<div class=\"col w-full xl:ml-1\/10\n\t\t\t\t\t md:w-2\/5 xl:w-2\/5 \t\t\t\t\t\">\n\t\t\t\t\t<a href=\"https:\/\/legrandcontinent.eu\/fr\/offre\/\" style=\"color:#0a0a0a;\" class=\"font-display font-normal text-4xl leading-9 mb-5 text-white no-underline\">\n\t\t\t\t\t\tAvant-premi\u00e8re&#160;: le nouveau num\u00e9ro Gallimard\t\t\t\t\t<\/a>\n\t\t\t\t\t\t\t\t\t\t\t<div style=\"color:#0a0a0a;\" class=\"text-base leading-none font-sans\">\n\t\t\t\t\t\t\t<p>Les clefs d&rsquo;un monde cass\u00e9.<\/p>\n<p>Du centre du globe \u00e0 ses fronti\u00e8res les plus lointaines, la guerre est l\u00e0. L\u2019invasion de l\u2019Ukraine par la Russie de Poutine nous a frapp\u00e9s, mais comprendre cet affrontement crucial n&rsquo;est pas assez.<\/p>\n<p>Notre \u00e8re est travers\u00e9e par un ph\u00e9nom\u00e8ne occulte et structurant, nous proposons de l\u2019appeler&#160;&#160;: guerre \u00e9tendue.<\/p>\n\t\t\t\t\t\t<\/div>\n\t\t\t\t\t\n\t\t\t\t\t\t\t\t\t\t\t<div class=\"mt-12 dive-list\">\n\t\t\t\t\t\t\t\t\t\t\t\t\t\t\t<a  style=\"color:#8d938c;\" class=\"no-underline block border-t border-grey-darker py-2 flex\"\n\t\t\t\t\t\t\t\t   href=\"https:\/\/legrandcontinent.eu\/shop\/produit\/precommandez-le-nouveau-numero\/\"><span class=\"font-sans font-semibold pr-4\">\u2192<\/span> Pr\u00e9commandez le num\u00e9ro<\/a>\n\t\t\t\t\t\t\t\t\t\t\t\t\t\t\t<a  style=\"color:#8d938c;\" class=\"no-underline block border-t border-grey-darker py-2 flex\"\n\t\t\t\t\t\t\t\t   href=\"https:\/\/legrandcontinent.eu\/fr\/offre-legc\/\"><span class=\"font-sans font-semibold pr-4\">\u2192<\/span> D\u00e9couvrez toutes nos offres<\/a>\n\t\t\t\t\t\t\t\t\t\t\t\t\t\t\t<a  style=\"color:#8d938c;\" class=\"no-underline block border-t border-grey-darker py-2 flex\"\n\t\t\t\t\t\t\t\t   href=\"https:\/\/legrandcontinent.eu\/shop\/produit\/politiques-de-linterregne\/\"><span class=\"font-sans font-semibold pr-4\">\u2192<\/span> D\u00e9j\u00e0 abonn\u00e9&#160;? commandez le num\u00e9ro pr\u00e9c\u00e9dent<\/a>\n\t\t\t\t\t\t\t\t\t\t\t\t\t<\/div>\n\t\t\t\t\t\n\t\t\t\t\t\t\t\t\t\t\t<div style=\"color:#0a0a0a;\" class=\"dive-footer font-sans text-xs border-t border-grey-darker py-2 leading-4\">\n\t\t\t\t\t\t\t<p><em>Fractures de la guerre \u00e9tendue&#160;&#160;: de l\u2019Ukraine au m\u00e9tavers<\/em>, le deuxi\u00e8me volume du Grand Continent para\u00eetra le 25 mai aux \u00e9ditions Gallimard. Il est d\u00e9j\u00e0 disponible <a href=\"https:\/\/legrandcontinent.eu\/shop\/produit\/commandez-le-nouveau-numero\/\">en pr\u00e9commande<\/a> et dans notre <a href=\"https:\/\/legrandcontinent.eu\/fr\/offre\/\">offre de lancement<\/a>.<\/p>\n\t\t\t\t\t\t<\/div>\n\t\t\t\t\t\n\t\t\t\t<\/div>\n\t\t\t\t\t\t\t\t\t\t\t\n\t\t\t\t\t\t\t<div class=\"col w-full md:w-3\/5 xl:w-2\/5  md:px-0 relative overflow-hidden mt-8 md:mt-0 macron-img\">\n\t\t\t\t\t\t\t\t<a class=\"!absolute !bg-none w-full h-full pin-t pin-l\" href=\"https:\/\/legrandcontinent.eu\/fr\/offre\/\" class=\"no-underline\">\n\t\t\t\t\t\t\t\t\t<img decoding=\"async\" style=\"object-fit: contain; width: 100%; height: 100%;\" src=\"https:\/\/legrandcontinent.eu\/fr\/wp-content\/uploads\/sites\/2\/2023\/05\/mediamodifier_image-42-990x660.png\" \/>\n\t\t\t\t\t\t\t\t<\/a> \n\t\t\t\t\t\t\t<\/div>\n\n\t\t\t\t\t\t\t\t\t\t\t\t\t\t\n\t\t\t<\/div>\n\t\t<\/div>\n\t<\/div>\n<\/section>\n\n\n\n<p>Toutefois, l\u2019arm\u00e9e ukrainienne progresse autour de Bakhmout depuis plusieurs jours cons\u00e9cutifs, ce qui pourrait t\u00e9moigner d\u2019un affaiblissement plus durable du dispositif d\u00e9fensif russe autour de la ville.<\/p>\n\n\n\n<div class=\"iframe-container wp-block-image wp-block-image-medium  iframe-dw\">\n\t<div>\n\t\t<iframe class=\"absolute w-full h-full pin-t pin-l\" title=\"titolo\" aria-label=\"Interactive line chart\" src=\"\/\/datawrapper.dwcdn.net\/Byvug\/\" scrolling=\"no\" frameborder=\"0\"><\/iframe>\n\t<\/div>\n<\/div>\n\n\n\n<p>En raison des assauts ukrainiens r\u00e9p\u00e9t\u00e9s contre des positions russes au nord et au sud de la ville (notamment autour de Ivanivske, Klishchiivka et Sakko i Vantsetti jeudi 18 mai), le chef de la milice Wagner Evgueni Prigogine a d\u00e9clar\u00e9 que les forces russes n\u2019\u00e9taient plus en mesure d\u2019y encercler les forces ukrainiennes \u2014 brisant ainsi une dynamique amorc\u00e9e il y a plusieurs semaines&nbsp;<span class='whitespace-nowrap'><span id='easy-footnote-2-185828' class='easy-footnote-margin-adjust'><\/span><span class='easy-footnote'><a href='https:\/\/legrandcontinent.eu\/fr\/2023\/05\/19\/a-bakhmout-larmee-ukrainienne-continue-de-progresser-a-lexterieur-de-la-ville\/#easy-footnote-bottom-2-185828' title='Grace Mappes, Kateryna Stepanenko, Nicole Wolkov, Layne Philipson et Frederick W. Kagan, \u00ab&amp;#160;&lt;a href=&quot;https:\/\/www.understandingwar.org\/backgrounder\/russian-offensive-campaign-assessment-may-18-2023&quot;&gt;Russian Offensive Campaign Assessment, May 18, 2023&lt;\/a&gt;&amp;#160;\u00bb, Institute for the Study of War.'><sup>2<\/sup><\/a><\/span><\/span>.<\/p>\n\n\n\n<ul class=\"wp-block-list\">\n<li>Depuis la fin du mois d\u2019avril, la ville est occup\u00e9e \u00e0 plus de 90&#160;% par les forces russes \u2014 dont seuls quelques quartiers \u00e0 l\u2019ouest de la ville, surtout r\u00e9sidentiels, \u00e9chappent au contr\u00f4le russe.<\/li>\n\n\n\n<li>Plut\u00f4t que de concentrer leurs attaques sur la ville elle-m\u00eame \u2014 quasiment enti\u00e8rement d\u00e9truite par les bombardements et tirs d\u2019artillerie \u2014, \u00e0 l\u2019int\u00e9rieur de laquelle la progression de v\u00e9hicules blind\u00e9s est risqu\u00e9e et difficile, l\u2019arm\u00e9e ukrainienne m\u00e8ne depuis plusieurs jours cons\u00e9cutifs des op\u00e9rations contre-offensives au nord et au sud de la ville.<\/li>\n\n\n\n<li>Tandis que le commandement russe a d\u00e9cid\u00e9 d\u2019allouer plus de moyens \u00e0 la d\u00e9fense de la ville (par Wagner et les forces conventionnelles) plut\u00f4t que de privil\u00e9gier la d\u00e9fense de l\u2019ensemble de la ligne de front, les forces russes progressent toujours lentement dans la ville mais perdent du terrain en-dehors.<\/li>\n<\/ul>\n\n\n\n<div class=\"iframe-container wp-block-image wp-block-image-medium  iframe-dw\">\n\t<div>\n\t\t<iframe class=\"absolute w-full h-full pin-t pin-l\" title=\"titolo\" aria-label=\"Interactive line chart\" src=\"\/\/datawrapper.dwcdn.net\/gw8dc\/\" scrolling=\"no\" frameborder=\"0\"><\/iframe>\n\t<\/div>\n<\/div>\n\n\n\n<p>Ces r\u00e9centes avanc\u00e9es ukrainiennes autour de Bakhmout sont int\u00e9ressantes dans le contexte de la contre-offensive en pr\u00e9paration qui pourrait d\u00e9buter prochainement, permise par une m\u00e9t\u00e9o cl\u00e9mente marqu\u00e9e par une hausse des temp\u00e9ratures et donc la fin du d\u00e9gel ainsi que par l&rsquo;accumulation de r\u00e9serves de munitions pour plusieurs semaines. En concentrant ses attaques sur une zone tr\u00e8s restreinte de la ligne de front (une dizaine de kilom\u00e8tres seulement), Kiev signale que ses forces pourraient y tenter une perc\u00e9e plus importante, ou bien que ces op\u00e9rations constituent une diversion visant \u00e0 fragiliser la ligne russe \u2014 dans les deux cas, elles constituent un dilemme pour Moscou&nbsp;<span class='whitespace-nowrap'><span id='easy-footnote-3-185828' class='easy-footnote-margin-adjust'><\/span><span class='easy-footnote'><a href='https:\/\/legrandcontinent.eu\/fr\/2023\/05\/19\/a-bakhmout-larmee-ukrainienne-continue-de-progresser-a-lexterieur-de-la-ville\/#easy-footnote-bottom-3-185828' title='Francis Farrell, \u00ab&amp;#160;&lt;a href=&quot;https:\/\/kyivindependent.com\/ukraine-strikes-back-around-bakhmut-as-wagner-reaches-last-streets-in-the-city\/&quot;&gt;Ukraine strikes back around Bakhmut as Wagner reaches last streets in the city&lt;\/a&gt;&amp;#160;\u00bb, &lt;em&gt;The Kyiv Independant&lt;\/em&gt;, 19 mai 2023.'><sup>3<\/sup><\/a><\/span><\/span>.<\/p>\n\n\n\n<div class=\"iframe-container wp-block-image wp-block-image-medium  iframe-dw\">\n\t<div>\n\t\t<iframe class=\"absolute w-full h-full pin-t pin-l\" title=\"titolo\" aria-label=\"Interactive line chart\" src=\"\/\/datawrapper.dwcdn.net\/GOViI\/\" scrolling=\"no\" frameborder=\"0\"><\/iframe>\n\t<\/div>\n<\/div>\n\n\n\n<p>Les avanc\u00e9es ukrainiennes sont encore trop incertaines pour anticiper une potentielle prise en tenaille des forces russes concentr\u00e9es \u00e0 l\u2019int\u00e9rieur de la ville, mais posent n\u00e9anmoins un d\u00e9fi pour l\u2019\u00e9tat-major russe qui doit d\u00e9sormais d\u00e9cider s\u2019il veut consacrer encore plus de ressources aux forces de Bakhmout afin de repousser les attaques ukrainiennes, quitte \u00e0 fragiliser le reste du front, ou bien tenter de stabiliser le front plus \u00e0 l\u2019est.<\/p>\n","protected":false},"excerpt":{"rendered":"<p>La bataille de Bakhmout peut d\u00e9sormais \u00eatre comprise comme deux op\u00e9rations presque distinctes&#160;&#160;: \u00e0 l\u2019ext\u00e9rieur de la ville, o\u00f9 les forces ukrainiennes progressent, et \u00e0 l\u2019int\u00e9rieur, presque enti\u00e8rement sous contr\u00f4le russe. En Russie, le Kremlin \u00e9tend le champ d\u2019action des services de renseignement dans ce qui semble servir \u00e0 pr\u00e9parer la soci\u00e9t\u00e9 \u00e0 une guerre longue.<\/p>\n","protected":false},"author":2622,"featured_media":185827,"comment_status":"closed","ping_status":"closed","sticky":false,"template":"templates\/post-briefings.php","format":"standard","meta":{"_acf_changed":false,"_trash_the_other_posts":false,"_yoast_wpseo_estimated-reading-time-minutes":4,"footnotes":""},"categories":[3116],"tags":[],"staff":[],"editorial_format":[],"serie":[],"audience":[],"geo":[1917],"class_list":["post-185828","post","type-post","status-publish","format-standard","hentry","category-la-guerre-en-ukraine-au-jour-le-jour","geo-europe"],"acf":{"open_in_webview":false,"accent":false,"_thumbnail_id":185827,"excerpt":"La bataille de Bakhmout peut d\u00e9sormais \u00eatre comprise comme deux op\u00e9rations presque distinctes : \u00e0 l\u2019ext\u00e9rieur de la ville, o\u00f9 les forces ukrainiennes progressent, et \u00e0 l\u2019int\u00e9rieur, presque enti\u00e8rement sous contr\u00f4le russe. En Russie, le Kremlin \u00e9tend le champ d\u2019action des services de renseignement dans ce qui semble servir \u00e0 pr\u00e9parer la soci\u00e9t\u00e9 \u00e0 une guerre longue.","display_date":"","new_abstract":true},"yoast_head":"<!-- This site is optimized with the Yoast SEO plugin v26.1.1 - https:\/\/yoast.com\/wordpress\/plugins\/seo\/ -->\n<title>\u00c0 Bakhmout, l\u2019arm\u00e9e ukrainienne continue de progresser \u00e0 l\u2019ext\u00e9rieur de la ville\u00a0 | Le Grand Continent<\/title>\n<meta name=\"robots\" content=\"index, follow, max-snippet:-1, max-image-preview:large, max-video-preview:-1\" \/>\n<link rel=\"canonical\" href=\"https:\/\/legrandcontinent.eu\/fr\/2023\/05\/19\/a-bakhmout-larmee-ukrainienne-continue-de-progresser-a-lexterieur-de-la-ville\/\" \/>\n<meta property=\"og:locale\" content=\"fr_FR\" \/>\n<meta property=\"og:type\" content=\"article\" \/>\n<meta property=\"og:title\" content=\"\u00c0 Bakhmout, l\u2019arm\u00e9e ukrainienne continue de progresser \u00e0 l\u2019ext\u00e9rieur de la ville\u00a0 | Le Grand Continent\" \/>\n<meta property=\"og:description\" content=\"La bataille de Bakhmout peut d\u00e9sormais \u00eatre comprise comme deux op\u00e9rations presque distinctes&#160;: \u00e0 l\u2019ext\u00e9rieur de la ville, o\u00f9 les forces ukrainiennes progressent, et \u00e0 l\u2019int\u00e9rieur, presque enti\u00e8rement sous contr\u00f4le russe. En Russie, le Kremlin \u00e9tend le champ d\u2019action des services de renseignement dans ce qui semble servir \u00e0 pr\u00e9parer la soci\u00e9t\u00e9 \u00e0 une guerre longue.\" \/>\n<meta property=\"og:url\" content=\"https:\/\/legrandcontinent.eu\/fr\/2023\/05\/19\/a-bakhmout-larmee-ukrainienne-continue-de-progresser-a-lexterieur-de-la-ville\/\" \/>\n<meta property=\"og:site_name\" content=\"Le Grand Continent\" \/>\n<meta property=\"article:published_time\" content=\"2023-05-19T14:15:15+00:00\" \/>\n<meta property=\"article:modified_time\" content=\"2023-05-20T23:24:38+00:00\" \/>\n<meta property=\"og:image\" content=\"https:\/\/legrandcontinent.eu\/fr\/wp-content\/uploads\/sites\/2\/2023\/05\/gc-progres-ukr-bakhmout.png\" \/>\n\t<meta property=\"og:image:width\" content=\"1021\" \/>\n\t<meta property=\"og:image:height\" content=\"589\" \/>\n\t<meta property=\"og:image:type\" content=\"image\/png\" \/>\n<meta name=\"author\" content=\"Marin Saillofest\" \/>\n<meta name=\"twitter:card\" content=\"summary_large_image\" \/>\n<meta name=\"twitter:image\" content=\"https:\/\/legrandcontinent.eu\/fr\/wp-content\/uploads\/sites\/2\/2023\/05\/gc-progres-ukr-bakhmout.png\" \/>\n<meta name=\"twitter:label1\" content=\"\u00c9crit par\" \/>\n\t<meta name=\"twitter:data1\" content=\"Marin Saillofest\" \/>\n\t<meta name=\"twitter:label2\" content=\"Dur\u00e9e de lecture estim\u00e9e\" \/>\n\t<meta name=\"twitter:data2\" content=\"4 minutes\" \/>\n<script type=\"application\/ld+json\" class=\"yoast-schema-graph\">{\"@context\":\"https:\/\/schema.org\",\"@graph\":[{\"@type\":\"WebPage\",\"@id\":\"https:\/\/legrandcontinent.eu\/fr\/2023\/05\/19\/a-bakhmout-larmee-ukrainienne-continue-de-progresser-a-lexterieur-de-la-ville\/\",\"url\":\"https:\/\/legrandcontinent.eu\/fr\/2023\/05\/19\/a-bakhmout-larmee-ukrainienne-continue-de-progresser-a-lexterieur-de-la-ville\/\",\"name\":\"\u00c0 Bakhmout, l\u2019arm\u00e9e ukrainienne continue de progresser \u00e0 l\u2019ext\u00e9rieur de la ville\u00a0 | Le Grand Continent\",\"isPartOf\":{\"@id\":\"https:\/\/legrandcontinent.eu\/fr\/#website\"},\"primaryImageOfPage\":{\"@id\":\"https:\/\/legrandcontinent.eu\/fr\/2023\/05\/19\/a-bakhmout-larmee-ukrainienne-continue-de-progresser-a-lexterieur-de-la-ville\/#primaryimage\"},\"image\":{\"@id\":\"https:\/\/legrandcontinent.eu\/fr\/2023\/05\/19\/a-bakhmout-larmee-ukrainienne-continue-de-progresser-a-lexterieur-de-la-ville\/#primaryimage\"},\"thumbnailUrl\":\"https:\/\/legrandcontinent.eu\/fr\/wp-content\/uploads\/sites\/2\/2023\/05\/Capture-decran-2023-05-19-154354.png\",\"datePublished\":\"2023-05-19T14:15:15+00:00\",\"dateModified\":\"2023-05-20T23:24:38+00:00\",\"author\":{\"@id\":\"https:\/\/legrandcontinent.eu\/fr\/#\/schema\/person\/e4f85f52220fc7b4cc3cfdb86d88e833\"},\"breadcrumb\":{\"@id\":\"https:\/\/legrandcontinent.eu\/fr\/2023\/05\/19\/a-bakhmout-larmee-ukrainienne-continue-de-progresser-a-lexterieur-de-la-ville\/#breadcrumb\"},\"inLanguage\":\"fr-FR\",\"potentialAction\":[{\"@type\":\"ReadAction\",\"target\":[\"https:\/\/legrandcontinent.eu\/fr\/2023\/05\/19\/a-bakhmout-larmee-ukrainienne-continue-de-progresser-a-lexterieur-de-la-ville\/\"]}]},{\"@type\":\"ImageObject\",\"inLanguage\":\"fr-FR\",\"@id\":\"https:\/\/legrandcontinent.eu\/fr\/2023\/05\/19\/a-bakhmout-larmee-ukrainienne-continue-de-progresser-a-lexterieur-de-la-ville\/#primaryimage\",\"url\":\"https:\/\/legrandcontinent.eu\/fr\/wp-content\/uploads\/sites\/2\/2023\/05\/Capture-decran-2023-05-19-154354.png\",\"contentUrl\":\"https:\/\/legrandcontinent.eu\/fr\/wp-content\/uploads\/sites\/2\/2023\/05\/Capture-decran-2023-05-19-154354.png\",\"width\":1156,\"height\":667},{\"@type\":\"BreadcrumbList\",\"@id\":\"https:\/\/legrandcontinent.eu\/fr\/2023\/05\/19\/a-bakhmout-larmee-ukrainienne-continue-de-progresser-a-lexterieur-de-la-ville\/#breadcrumb\",\"itemListElement\":[{\"@type\":\"ListItem\",\"position\":1,\"name\":\"Accueil\",\"item\":\"https:\/\/legrandcontinent.eu\/fr\/\"},{\"@type\":\"ListItem\",\"position\":2,\"name\":\"\u00c0 Bakhmout, l\u2019arm\u00e9e ukrainienne continue de progresser \u00e0 l\u2019ext\u00e9rieur de la ville\u00a0\"}]},{\"@type\":\"WebSite\",\"@id\":\"https:\/\/legrandcontinent.eu\/fr\/#website\",\"url\":\"https:\/\/legrandcontinent.eu\/fr\/\",\"name\":\"Le Grand Continent\",\"description\":\"L&#039;\u00e9chelle pertinente\",\"potentialAction\":[{\"@type\":\"SearchAction\",\"target\":{\"@type\":\"EntryPoint\",\"urlTemplate\":\"https:\/\/legrandcontinent.eu\/fr\/?s={search_term_string}\"},\"query-input\":{\"@type\":\"PropertyValueSpecification\",\"valueRequired\":true,\"valueName\":\"search_term_string\"}}],\"inLanguage\":\"fr-FR\"},{\"@type\":\"Person\",\"@id\":\"https:\/\/legrandcontinent.eu\/fr\/#\/schema\/person\/e4f85f52220fc7b4cc3cfdb86d88e833\",\"name\":\"Marin Saillofest\",\"image\":{\"@type\":\"ImageObject\",\"inLanguage\":\"fr-FR\",\"@id\":\"https:\/\/legrandcontinent.eu\/fr\/#\/schema\/person\/image\/\",\"url\":\"https:\/\/secure.gravatar.com\/avatar\/87088698b4d967390c49ae6d4f1aa459?s=96&d=mm&r=g\",\"contentUrl\":\"https:\/\/secure.gravatar.com\/avatar\/87088698b4d967390c49ae6d4f1aa459?s=96&d=mm&r=g\",\"caption\":\"Marin Saillofest\"}}]}<\/script>\n<!-- \/ Yoast SEO plugin. -->","yoast_head_json":{"title":"\u00c0 Bakhmout, l\u2019arm\u00e9e ukrainienne continue de progresser \u00e0 l\u2019ext\u00e9rieur de la ville\u00a0 | Le Grand Continent","robots":{"index":"index","follow":"follow","max-snippet":"max-snippet:-1","max-image-preview":"max-image-preview:large","max-video-preview":"max-video-preview:-1"},"canonical":"https:\/\/legrandcontinent.eu\/fr\/2023\/05\/19\/a-bakhmout-larmee-ukrainienne-continue-de-progresser-a-lexterieur-de-la-ville\/","og_locale":"fr_FR","og_type":"article","og_title":"\u00c0 Bakhmout, l\u2019arm\u00e9e ukrainienne continue de progresser \u00e0 l\u2019ext\u00e9rieur de la ville\u00a0 | Le Grand Continent","og_description":"La bataille de Bakhmout peut d\u00e9sormais \u00eatre comprise comme deux op\u00e9rations presque distinctes&#160;: \u00e0 l\u2019ext\u00e9rieur de la ville, o\u00f9 les forces ukrainiennes progressent, et \u00e0 l\u2019int\u00e9rieur, presque enti\u00e8rement sous contr\u00f4le russe. En Russie, le Kremlin \u00e9tend le champ d\u2019action des services de renseignement dans ce qui semble servir \u00e0 pr\u00e9parer la soci\u00e9t\u00e9 \u00e0 une guerre longue.","og_url":"https:\/\/legrandcontinent.eu\/fr\/2023\/05\/19\/a-bakhmout-larmee-ukrainienne-continue-de-progresser-a-lexterieur-de-la-ville\/","og_site_name":"Le Grand Continent","article_published_time":"2023-05-19T14:15:15+00:00","article_modified_time":"2023-05-20T23:24:38+00:00","og_image":[{"width":1021,"height":589,"url":"https:\/\/legrandcontinent.eu\/fr\/wp-content\/uploads\/sites\/2\/2023\/05\/gc-progres-ukr-bakhmout.png","type":"image\/png"}],"author":"Marin Saillofest","twitter_card":"summary_large_image","twitter_image":"https:\/\/legrandcontinent.eu\/fr\/wp-content\/uploads\/sites\/2\/2023\/05\/gc-progres-ukr-bakhmout.png","twitter_misc":{"\u00c9crit par":"Marin Saillofest","Dur\u00e9e de lecture estim\u00e9e":"4 minutes"},"schema":{"@context":"https:\/\/schema.org","@graph":[{"@type":"WebPage","@id":"https:\/\/legrandcontinent.eu\/fr\/2023\/05\/19\/a-bakhmout-larmee-ukrainienne-continue-de-progresser-a-lexterieur-de-la-ville\/","url":"https:\/\/legrandcontinent.eu\/fr\/2023\/05\/19\/a-bakhmout-larmee-ukrainienne-continue-de-progresser-a-lexterieur-de-la-ville\/","name":"\u00c0 Bakhmout, l\u2019arm\u00e9e ukrainienne continue de progresser \u00e0 l\u2019ext\u00e9rieur de la ville\u00a0 | Le Grand Continent","isPartOf":{"@id":"https:\/\/legrandcontinent.eu\/fr\/#website"},"primaryImageOfPage":{"@id":"https:\/\/legrandcontinent.eu\/fr\/2023\/05\/19\/a-bakhmout-larmee-ukrainienne-continue-de-progresser-a-lexterieur-de-la-ville\/#primaryimage"},"image":{"@id":"https:\/\/legrandcontinent.eu\/fr\/2023\/05\/19\/a-bakhmout-larmee-ukrainienne-continue-de-progresser-a-lexterieur-de-la-ville\/#primaryimage"},"thumbnailUrl":"https:\/\/legrandcontinent.eu\/fr\/wp-content\/uploads\/sites\/2\/2023\/05\/Capture-decran-2023-05-19-154354.png","datePublished":"2023-05-19T14:15:15+00:00","dateModified":"2023-05-20T23:24:38+00:00","author":{"@id":"https:\/\/legrandcontinent.eu\/fr\/#\/schema\/person\/e4f85f52220fc7b4cc3cfdb86d88e833"},"breadcrumb":{"@id":"https:\/\/legrandcontinent.eu\/fr\/2023\/05\/19\/a-bakhmout-larmee-ukrainienne-continue-de-progresser-a-lexterieur-de-la-ville\/#breadcrumb"},"inLanguage":"fr-FR","potentialAction":[{"@type":"ReadAction","target":["https:\/\/legrandcontinent.eu\/fr\/2023\/05\/19\/a-bakhmout-larmee-ukrainienne-continue-de-progresser-a-lexterieur-de-la-ville\/"]}]},{"@type":"ImageObject","inLanguage":"fr-FR","@id":"https:\/\/legrandcontinent.eu\/fr\/2023\/05\/19\/a-bakhmout-larmee-ukrainienne-continue-de-progresser-a-lexterieur-de-la-ville\/#primaryimage","url":"https:\/\/legrandcontinent.eu\/fr\/wp-content\/uploads\/sites\/2\/2023\/05\/Capture-decran-2023-05-19-154354.png","contentUrl":"https:\/\/legrandcontinent.eu\/fr\/wp-content\/uploads\/sites\/2\/2023\/05\/Capture-decran-2023-05-19-154354.png","width":1156,"height":667},{"@type":"BreadcrumbList","@id":"https:\/\/legrandcontinent.eu\/fr\/2023\/05\/19\/a-bakhmout-larmee-ukrainienne-continue-de-progresser-a-lexterieur-de-la-ville\/#breadcrumb","itemListElement":[{"@type":"ListItem","position":1,"name":"Accueil","item":"https:\/\/legrandcontinent.eu\/fr\/"},{"@type":"ListItem","position":2,"name":"\u00c0 Bakhmout, l\u2019arm\u00e9e ukrainienne continue de progresser \u00e0 l\u2019ext\u00e9rieur de la ville\u00a0"}]},{"@type":"WebSite","@id":"https:\/\/legrandcontinent.eu\/fr\/#website","url":"https:\/\/legrandcontinent.eu\/fr\/","name":"Le Grand Continent","description":"L&#039;\u00e9chelle pertinente","potentialAction":[{"@type":"SearchAction","target":{"@type":"EntryPoint","urlTemplate":"https:\/\/legrandcontinent.eu\/fr\/?s={search_term_string}"},"query-input":{"@type":"PropertyValueSpecification","valueRequired":true,"valueName":"search_term_string"}}],"inLanguage":"fr-FR"},{"@type":"Person","@id":"https:\/\/legrandcontinent.eu\/fr\/#\/schema\/person\/e4f85f52220fc7b4cc3cfdb86d88e833","name":"Marin Saillofest","image":{"@type":"ImageObject","inLanguage":"fr-FR","@id":"https:\/\/legrandcontinent.eu\/fr\/#\/schema\/person\/image\/","url":"https:\/\/secure.gravatar.com\/avatar\/87088698b4d967390c49ae6d4f1aa459?s=96&d=mm&r=g","contentUrl":"https:\/\/secure.gravatar.com\/avatar\/87088698b4d967390c49ae6d4f1aa459?s=96&d=mm&r=g","caption":"Marin Saillofest"}}]}},"lgc_categories":[{"id":3116,"name":"La guerre en Ukraine au jour le jour","slug":"la-guerre-en-ukraine-au-jour-le-jour"}],"lgc_author":null,"feature_image_summary":{"url":"https:\/\/legrandcontinent.eu\/fr\/wp-content\/uploads\/sites\/2\/2023\/05\/Capture-decran-2023-05-19-154354.png","width":1156,"height":667,"alt":""},"feature_image_cover":null,"term_position_data":null,"_links":{"self":[{"href":"https:\/\/legrandcontinent.eu\/fr\/wp-json\/wp\/v2\/posts\/185828","targetHints":{"allow":["GET"]}}],"collection":[{"href":"https:\/\/legrandcontinent.eu\/fr\/wp-json\/wp\/v2\/posts"}],"about":[{"href":"https:\/\/legrandcontinent.eu\/fr\/wp-json\/wp\/v2\/types\/post"}],"author":[{"embeddable":true,"href":"https:\/\/legrandcontinent.eu\/fr\/wp-json\/wp\/v2\/users\/2622"}],"replies":[{"embeddable":true,"href":"https:\/\/legrandcontinent.eu\/fr\/wp-json\/wp\/v2\/comments?post=185828"}],"version-history":[{"count":0,"href":"https:\/\/legrandcontinent.eu\/fr\/wp-json\/wp\/v2\/posts\/185828\/revisions"}],"wp:featuredmedia":[{"embeddable":true,"href":"https:\/\/legrandcontinent.eu\/fr\/wp-json\/wp\/v2\/media\/185827"}],"wp:attachment":[{"href":"https:\/\/legrandcontinent.eu\/fr\/wp-json\/wp\/v2\/media?parent=185828"}],"wp:term":[{"taxonomy":"category","embeddable":true,"href":"https:\/\/legrandcontinent.eu\/fr\/wp-json\/wp\/v2\/categories?post=185828"},{"taxonomy":"post_tag","embeddable":true,"href":"https:\/\/legrandcontinent.eu\/fr\/wp-json\/wp\/v2\/tags?post=185828"},{"taxonomy":"staff","embeddable":true,"href":"https:\/\/legrandcontinent.eu\/fr\/wp-json\/wp\/v2\/staff?post=185828"},{"taxonomy":"editorial_format","embeddable":true,"href":"https:\/\/legrandcontinent.eu\/fr\/wp-json\/wp\/v2\/editorial_format?post=185828"},{"taxonomy":"serie","embeddable":true,"href":"https:\/\/legrandcontinent.eu\/fr\/wp-json\/wp\/v2\/serie?post=185828"},{"taxonomy":"audience","embeddable":true,"href":"https:\/\/legrandcontinent.eu\/fr\/wp-json\/wp\/v2\/audience?post=185828"},{"taxonomy":"geo","embeddable":true,"href":"https:\/\/legrandcontinent.eu\/fr\/wp-json\/wp\/v2\/geo?post=185828"}],"curies":[{"name":"wp","href":"https:\/\/api.w.org\/{rel}","templated":true}]}}