{"id":184409,"date":"2023-05-09T15:17:11","date_gmt":"2023-05-09T13:17:11","guid":{"rendered":"https:\/\/legrandcontinent.eu\/fr\/?p=184409"},"modified":"2023-05-09T18:44:16","modified_gmt":"2023-05-09T16:44:16","slug":"lenjeu-de-la-centrale-nucleaire-de-zaporijia-dans-la-contre-offensive-ukrainienne","status":"publish","type":"post","link":"https:\/\/legrandcontinent.eu\/fr\/2023\/05\/09\/lenjeu-de-la-centrale-nucleaire-de-zaporijia-dans-la-contre-offensive-ukrainienne\/","title":{"rendered":"La centrale nucl\u00e9aire de Zaporijia et la contre-offensive ukrainienne"},"content":{"rendered":"\n<p>La centrale nucl\u00e9aire de Zaporijia est situ\u00e9e sur la rive sud du Dniepr, dans l\u2019oblast du m\u00eame nom, qui s\u00e9pare \u00e0 cet endroit le territoire sous occupation russe du terrain contr\u00f4l\u00e9 par l\u2019Ukraine. Sur les 15 r\u00e9acteurs nucl\u00e9aires en fonctionnement dans le pays, six sont situ\u00e9s \u00e0 Zaporijia, pour une capacit\u00e9 totale de 5 700 MW \u2014 soit la centrale nucl\u00e9aire la plus puissante en Europe.<\/p>\n\n\n\n<div class=\"iframe-container wp-block-image wp-block-image-medium  iframe-dw\">\n\t<div>\n\t\t<iframe class=\"absolute w-full h-full pin-t pin-l\" title=\"titolo\" aria-label=\"Interactive line chart\" src=\"\/\/datawrapper.dwcdn.net\/POZLK\/\" scrolling=\"no\" frameborder=\"0\"><\/iframe>\n\t<\/div>\n<\/div>\n\n\n\n<ul class=\"wp-block-list\">\n<li>Avant la guerre, la centrale produisait un cinqui\u00e8me de l\u2019\u00e9lectricit\u00e9 ukrainienne et repr\u00e9sentait presque la moiti\u00e9 de la capacit\u00e9 de production d\u2019\u00e9nergie nucl\u00e9aire du pays.<\/li>\n\n\n\n<li>Depuis son ind\u00e9pendance, l\u2019Ukraine a massivement investi dans la production d\u2019\u00e9nergie nucl\u00e9aire afin de r\u00e9duire sa d\u00e9pendance \u00e9nerg\u00e9tique vis-\u00e0-vis de la Russie.<\/li>\n\n\n\n<li>Quelques semaines seulement apr\u00e8s le d\u00e9but de l\u2019invasion du pays en f\u00e9vrier 2022, des forces russes ont captur\u00e9 la centrale tandis que des bombardements ont provoqu\u00e9 un incendie dans la nuit du 4 mars 2022&nbsp;<span class='whitespace-nowrap'><span id='easy-footnote-1-184409' class='easy-footnote-margin-adjust'><\/span><span class='easy-footnote'><a href='https:\/\/legrandcontinent.eu\/fr\/2023\/05\/09\/lenjeu-de-la-centrale-nucleaire-de-zaporijia-dans-la-contre-offensive-ukrainienne\/#easy-footnote-bottom-1-184409' title='&lt;a href=&quot;https:\/\/www.oecd-nea.org\/jcms\/pl_66130\/ukraine-current-status-of-nuclear-power-installations&quot;&gt;Ukraine&amp;#160;: Current status of nuclear power installations&lt;\/a&gt;, Nuclear Energy Agency, 28 avril 2023.'><sup>1<\/sup><\/a><\/span><\/span>. Depuis, les forces russes ont stock\u00e9 des munitions \u00e0 l&rsquo;int\u00e9rieur des salles de turbines des r\u00e9acteurs et militaris\u00e9 les toits de la centrale&nbsp;<span class='whitespace-nowrap'><span id='easy-footnote-2-184409' class='easy-footnote-margin-adjust'><\/span><span class='easy-footnote'><a href='https:\/\/legrandcontinent.eu\/fr\/2023\/05\/09\/lenjeu-de-la-centrale-nucleaire-de-zaporijia-dans-la-contre-offensive-ukrainienne\/#easy-footnote-bottom-2-184409' title='Anchal Vohra, \u00ab&amp;#160;&lt;a href=&quot;https:\/\/foreignpolicy.com\/2023\/05\/02\/ukraine-counteroffensive-zaporizhzhia-nuclear-power-plant\/?utm_source=Sailthru&amp;amp;utm_medium=email&amp;amp;utm_campaign=World%20Brief:%20Russia%20celebrates%20Victory%20Day%20with%20drone%20strikes&amp;amp;utm_term=world_brief&quot;&gt;Ukraine\u2019s Counteroffensive Has a Nuclear Complication&lt;\/a&gt;&amp;#160;\u00bb, &lt;em&gt;Foreign Policy&lt;\/em&gt;, 2 mai 2023.'><sup>2<\/sup><\/a><\/span><\/span>.<\/li>\n<\/ul>\n\n\n\n<div class=\"iframe-container wp-block-image wp-block-image-medium  iframe-dw\">\n\t<div>\n\t\t<iframe class=\"absolute w-full h-full pin-t pin-l\" title=\"titolo\" aria-label=\"Interactive line chart\" src=\"\/\/datawrapper.dwcdn.net\/uMglu\/\" scrolling=\"no\" frameborder=\"0\"><\/iframe>\n\t<\/div>\n<\/div>\n\n\n\n<p>En pr\u00e9vision de la contre-offensive ukrainienne attendue \u00ab&#160;en mai et en juin&#160;\u00bb, selon des propos tenus dimanche 7 mai par Volodymyr Zelensky, les autorit\u00e9s russes qui contr\u00f4lent la r\u00e9gion ont annonc\u00e9 ce week-end qu\u2019ils \u00e9vacuaient les civils r\u00e9sidant dans les villes et villages alentour&nbsp;<span class='whitespace-nowrap'><span id='easy-footnote-3-184409' class='easy-footnote-margin-adjust'><\/span><span class='easy-footnote'><a href='https:\/\/legrandcontinent.eu\/fr\/2023\/05\/09\/lenjeu-de-la-centrale-nucleaire-de-zaporijia-dans-la-contre-offensive-ukrainienne\/#easy-footnote-bottom-3-184409' title='&lt;a href=&quot;https:\/\/www.president.gov.ua\/news\/usi-hto-dopomagaye-ukrayini-povertati-bezpeku-hto-tisne-na-r-82757&quot;&gt;\u0423\u0441\u0456, \u0445\u0442\u043e \u0434\u043e\u043f\u043e\u043c\u0430\u0433\u0430\u0454 \u0423\u043a\u0440\u0430\u0457\u043d\u0456 \u043f\u043e\u0432\u0435\u0440\u0442\u0430\u0442\u0438 \u0431\u0435\u0437\u043f\u0435\u043a\u0443, \u0445\u0442\u043e \u0442\u0438\u0441\u043d\u0435 \u043d\u0430 \u0420\u043e\u0441\u0456\u044e \u2013 \u0443\u0441\u0456 \u0454 \u0437\u0430\u0445\u0438\u0441\u043d\u0438\u043a\u0430\u043c\u0438 \u043c\u0438\u0440\u0443 \u2013 \u0437\u0432\u0435\u0440\u043d\u0435\u043d\u043d\u044f \u041f\u0440\u0435\u0437\u0438\u0434\u0435\u043d\u0442\u0430 \u0412\u043e\u043b\u043e\u0434\u0438\u043c\u0438\u0440\u0430 \u0417\u0435\u043b\u0435\u043d\u0441\u044c\u043a\u043e\u0433\u043e&lt;\/a&gt;, Pr\u00e9sidence d\u2019Ukraine, 7 mai 2023.'><sup>3<\/sup><\/a><\/span><\/span>. Parmi les personnes d\u00e9plac\u00e9es dans des \u00ab&#160;centres d\u2019h\u00e9bergement temporaires&#160;\u00bb situ\u00e9s \u00e0 Berdiansk, sur la mer d\u2019Azov, se trouvent un nombre significatif de personnel travaillant \u00e0 la centrale, selon le pr\u00e9sident de la compagnie nationale de production d&rsquo;\u00e9nergie nucl\u00e9aire d&rsquo;Ukraine Petro Kotin&nbsp;<span class='whitespace-nowrap'><span id='easy-footnote-4-184409' class='easy-footnote-margin-adjust'><\/span><span class='easy-footnote'><a href='https:\/\/legrandcontinent.eu\/fr\/2023\/05\/09\/lenjeu-de-la-centrale-nucleaire-de-zaporijia-dans-la-contre-offensive-ukrainienne\/#easy-footnote-bottom-4-184409' title='Siobh\u00e1n O&amp;rsquo;Grady et Kostiantyn Khudov, \u00ab&amp;#160;&lt;a href=&quot;https:\/\/www.washingtonpost.com\/world\/2023\/05\/08\/zaporizhzhia-nuclear-plant-evacuation-ukraine\/&quot;&gt;Russia preparing to evacuate nuclear plant, Ukrainian operator says&lt;\/a&gt;&amp;#160;\u00bb, &lt;em&gt;Washington Post&lt;\/em&gt;, 8 mai 2023.'><sup>4<\/sup><\/a><\/span><\/span>.<\/p>\n\n\n\n<div class=\"iframe-container wp-block-image wp-block-image-medium  iframe-dw\">\n\t<div>\n\t\t<iframe class=\"absolute w-full h-full pin-t pin-l\" title=\"titolo\" aria-label=\"Interactive line chart\" src=\"\/\/datawrapper.dwcdn.net\/1H57F\/\" scrolling=\"no\" frameborder=\"0\"><\/iframe>\n\t<\/div>\n<\/div>\n\n\n\n<ul class=\"wp-block-list\">\n<li>Avant l\u2019invasion, environ 11 000 personnes travaillaient \u00e0 la centrale nucl\u00e9aire de Zaporijia. Aujourd\u2019hui, il resterait environ 4 000 employ\u00e9s dont 2 700 ayant sign\u00e9 un contrat avec l\u2019entreprise publique russe du secteur nucl\u00e9aire Rosatom, soit le minimum requis pour maintenir les op\u00e9rations.<\/li>\n\n\n\n<li>Si la centrale ne produit actuellement pas d&rsquo;\u00e9lectricit\u00e9, les c\u0153urs doivent cependant \u00eatre refroidis pour \u00e9viter un incident, ce qui n\u00e9cessite notamment que la ligne \u00e9lectrique alimentant la centrale ne soit pas endommag\u00e9e par d\u2019\u00e9ventuelles explosions ou attaques.<\/li>\n\n\n\n<li>Alors en visite \u00e0 la centrale \u00e0 la fin du mois de mars, le directeur g\u00e9n\u00e9ral de l&rsquo;Agence internationale de l&rsquo;\u00e9nergie atomique, Rafael Grossi, avait d\u00e9clar\u00e9 avoir \u00ab&#160;d\u00fb traverser un champ de mines&#160;\u00bb pour acc\u00e9der au site&nbsp;<span class='whitespace-nowrap'><span id='easy-footnote-5-184409' class='easy-footnote-margin-adjust'><\/span><span class='easy-footnote'><a href='https:\/\/legrandcontinent.eu\/fr\/2023\/05\/09\/lenjeu-de-la-centrale-nucleaire-de-zaporijia-dans-la-contre-offensive-ukrainienne\/#easy-footnote-bottom-5-184409' title='\u00ab&amp;#160;&lt;a href=&quot;https:\/\/www.bbc.com\/news\/world-europe-65515443?utm_source=Sailthru&amp;amp;utm_medium=email&amp;amp;utm_campaign=World%20Brief:%20Russia%20celebrates%20Victory%20Day%20with%20drone%20strikes&amp;amp;utm_term=world_brief&quot;&gt;Ukraine war&amp;#160;: &amp;lsquo;Mad panic&amp;rsquo; as Russia evacuates town near Zaporizhzhia plant&lt;\/a&gt;&amp;#160;\u00bb, &lt;em&gt;BBC&lt;\/em&gt;, 8 mai 2023.'><sup>5<\/sup><\/a><\/span><\/span>.<\/li>\n<\/ul>\n\n\n\n<div class=\"iframe-container wp-block-image wp-block-image-medium  iframe-dw\">\n\t<div>\n\t\t<iframe class=\"absolute w-full h-full pin-t pin-l\" title=\"titolo\" aria-label=\"Interactive line chart\" src=\"\/\/datawrapper.dwcdn.net\/fZxwJ\/\" scrolling=\"no\" frameborder=\"0\"><\/iframe>\n\t<\/div>\n<\/div>\n\n\n\n<p>En octobre dernier, environ 600 forces sp\u00e9ciales ukrainiennes avaient tent\u00e9 de prendre le contr\u00f4le de la centrale, sans succ\u00e8s&nbsp;<span class='whitespace-nowrap'><span id='easy-footnote-6-184409' class='easy-footnote-margin-adjust'><\/span><span class='easy-footnote'><a href='https:\/\/legrandcontinent.eu\/fr\/2023\/05\/09\/lenjeu-de-la-centrale-nucleaire-de-zaporijia-dans-la-contre-offensive-ukrainienne\/#easy-footnote-bottom-6-184409' title='Maxim Tucker, \u00ab&amp;#160;&lt;a href=&quot;https:\/\/www.thetimes.co.uk\/article\/ukrainian-zaporizhzhia-nuclear-power-plant-russia-putin-war-2023-fx82xz3xz&quot;&gt;Ukraine\u2019s secret attempt to retake the Zaporizhzhia nuclear plant&lt;\/a&gt;&amp;#160;\u00bb, &lt;em&gt;The Times&lt;\/em&gt;, 7 avril 2023.'><sup>6<\/sup><\/a><\/span><\/span>. Lors de la contre-offensive qui s\u2019annonce pour les prochaines semaines, l\u2019arm\u00e9e ukrainienne devra trouver un \u00e9quilibre entre la gestion du risque inh\u00e9rent \u00e0 la conduite d\u2019activit\u00e9s militaires \u00e0 proximit\u00e9 d\u2019un site nucl\u00e9aire sensible et ses imp\u00e9ratifs strat\u00e9giques de reconqu\u00eate territoriale et de reprise de contr\u00f4le de ses infrastructures critiques.<\/p>\n\n\n\n<ul class=\"wp-block-list\">\n<li>Dans toute l\u2019Ukraine, les attaques a\u00e9riennes russes se poursuivent tandis qu\u2019au moins 25 missiles de croisi\u00e8re ont \u00e9t\u00e9 lanc\u00e9s sur le pays dans la nuit du 8 au 9 mai selon le conseiller du pr\u00e9sident ukrainien Mykha\u00eflo Podoliak, dont 15 sur la capitale&nbsp;<span class='whitespace-nowrap'><span id='easy-footnote-7-184409' class='easy-footnote-margin-adjust'><\/span><span class='easy-footnote'><a href='https:\/\/legrandcontinent.eu\/fr\/2023\/05\/09\/lenjeu-de-la-centrale-nucleaire-de-zaporijia-dans-la-contre-offensive-ukrainienne\/#easy-footnote-bottom-7-184409' title='&lt;a href=&quot;https:\/\/twitter.com\/Podolyak_M\/status\/1655806724689764354&quot;&gt;Tweet de \u041c\u0438\u0445\u0430\u0439\u043b\u043e \u041f\u043e\u0434\u043e\u043b\u044f\u043a&lt;\/a&gt;, 9 mai 2023.'><sup>7<\/sup><\/a><\/span><\/span>.<\/li>\n\n\n\n<li>Les activit\u00e9s militaires russes sont \u00e9galement susceptibles de s\u2019intensifier en Transnistrie o\u00f9 les autorit\u00e9s li\u00e9es au pouvoir russe ont demand\u00e9 \u00e0 Moscou d\u2019augmenter le nombre de soldats stationn\u00e9s dans la r\u00e9gion en raison \u00ab&#160;de risques croissants en mati\u00e8re de s\u00e9curit\u00e9 et de terrorisme&#160;\u00bb&nbsp;<span class='whitespace-nowrap'><span id='easy-footnote-8-184409' class='easy-footnote-margin-adjust'><\/span><span class='easy-footnote'><a href='https:\/\/legrandcontinent.eu\/fr\/2023\/05\/09\/lenjeu-de-la-centrale-nucleaire-de-zaporijia-dans-la-contre-offensive-ukrainienne\/#easy-footnote-bottom-8-184409' title='Grace Mappes, Nicole Wolkov, Layne Philipson, Riley Bailey, Kateryna Stepanenko, Karolina Hird et Frederick W. Kagan, \u00ab&amp;#160;&lt;a href=&quot;https:\/\/understandingwar.org\/backgrounder\/russian-offensive-campaign-assessment-may-8-2023&quot;&gt;Russian Offensive Campaign Assessment, May 8, 2023&lt;\/a&gt;&amp;#160;\u00bb, Institute for the Study of War.'><sup>8<\/sup><\/a><\/span><\/span>. Le 7 mai, la police moldave a arr\u00eat\u00e9 27 manifestants du parti pro-russe \u0218or dans la capitale Chi\u0219in\u0103u.<\/li>\n<\/ul>\n","protected":false},"excerpt":{"rendered":"<p>La centrale nucl\u00e9aire de Zaporijia, occup\u00e9e par l\u2019arm\u00e9e russe depuis mars 2022, constitue l\u2019un des objectifs de la contre-offensive ukrainienne. Tandis que les autorit\u00e9s russes \u00e9vacuent les civils de la zone, des combats entre les deux arm\u00e9es \u00e0 proximit\u00e9 du site pr\u00e9senteraient d\u2019importants risques d\u2019accident nucl\u00e9aire.<\/p>\n","protected":false},"author":2622,"featured_media":184407,"comment_status":"closed","ping_status":"closed","sticky":false,"template":"templates\/post-briefings.php","format":"standard","meta":{"_acf_changed":false,"_trash_the_other_posts":false,"_yoast_wpseo_estimated-reading-time-minutes":4,"footnotes":""},"categories":[3116],"tags":[],"staff":[],"editorial_format":[],"serie":[],"audience":[],"geo":[1917],"class_list":["post-184409","post","type-post","status-publish","format-standard","hentry","category-la-guerre-en-ukraine-au-jour-le-jour","geo-europe"],"acf":{"open_in_webview":false,"accent":false},"yoast_head":"<!-- This site is optimized with the Yoast SEO plugin v26.1.1 - https:\/\/yoast.com\/wordpress\/plugins\/seo\/ -->\n<title>La centrale nucl\u00e9aire de Zaporijia et la contre-offensive ukrainienne | Le Grand Continent<\/title>\n<meta name=\"robots\" content=\"index, follow, max-snippet:-1, max-image-preview:large, max-video-preview:-1\" \/>\n<link rel=\"canonical\" href=\"https:\/\/legrandcontinent.eu\/fr\/2023\/05\/09\/lenjeu-de-la-centrale-nucleaire-de-zaporijia-dans-la-contre-offensive-ukrainienne\/\" \/>\n<meta property=\"og:locale\" content=\"fr_FR\" \/>\n<meta property=\"og:type\" content=\"article\" \/>\n<meta property=\"og:title\" content=\"La centrale nucl\u00e9aire de Zaporijia et la contre-offensive ukrainienne | Le Grand Continent\" \/>\n<meta property=\"og:description\" content=\"La centrale nucl\u00e9aire de Zaporijia, occup\u00e9e par l\u2019arm\u00e9e russe depuis mars 2022, constitue l\u2019un des objectifs de la contre-offensive ukrainienne. Tandis que les autorit\u00e9s russes \u00e9vacuent les civils de la zone, des combats entre les deux arm\u00e9es \u00e0 proximit\u00e9 du site pr\u00e9senteraient d\u2019importants risques d\u2019accident nucl\u00e9aire.\" \/>\n<meta property=\"og:url\" content=\"https:\/\/legrandcontinent.eu\/fr\/2023\/05\/09\/lenjeu-de-la-centrale-nucleaire-de-zaporijia-dans-la-contre-offensive-ukrainienne\/\" \/>\n<meta property=\"og:site_name\" content=\"Le Grand Continent\" \/>\n<meta property=\"article:published_time\" content=\"2023-05-09T13:17:11+00:00\" \/>\n<meta property=\"article:modified_time\" content=\"2023-05-09T16:44:16+00:00\" \/>\n<meta property=\"og:image\" content=\"https:\/\/lgcmedia.fra1.digitaloceanspaces.com\/wp-content\/uploads\/sites\/2\/2023\/05\/09145843\/Capture-de%CC%81cran-2023-05-09-a%CC%80-14.53.15.jpg\" \/>\n\t<meta property=\"og:image:width\" content=\"1908\" \/>\n\t<meta property=\"og:image:height\" content=\"1066\" \/>\n\t<meta property=\"og:image:type\" content=\"image\/jpeg\" \/>\n<meta name=\"author\" content=\"Marin Saillofest\" \/>\n<meta name=\"twitter:card\" content=\"summary_large_image\" \/>\n<meta name=\"twitter:image\" content=\"https:\/\/legrandcontinent.eu\/fr\/wp-content\/uploads\/sites\/2\/2023\/05\/Capture-de\u0301cran-2023-05-09-a\u0300-14.53.15.jpg\" \/>\n<meta name=\"twitter:label1\" content=\"\u00c9crit par\" \/>\n\t<meta name=\"twitter:data1\" content=\"Marin Saillofest\" \/>\n\t<meta name=\"twitter:label2\" content=\"Dur\u00e9e de lecture estim\u00e9e\" \/>\n\t<meta name=\"twitter:data2\" content=\"4 minutes\" \/>\n<script type=\"application\/ld+json\" class=\"yoast-schema-graph\">{\"@context\":\"https:\/\/schema.org\",\"@graph\":[{\"@type\":\"WebPage\",\"@id\":\"https:\/\/legrandcontinent.eu\/fr\/2023\/05\/09\/lenjeu-de-la-centrale-nucleaire-de-zaporijia-dans-la-contre-offensive-ukrainienne\/\",\"url\":\"https:\/\/legrandcontinent.eu\/fr\/2023\/05\/09\/lenjeu-de-la-centrale-nucleaire-de-zaporijia-dans-la-contre-offensive-ukrainienne\/\",\"name\":\"La centrale nucl\u00e9aire de Zaporijia et la contre-offensive ukrainienne | Le Grand Continent\",\"isPartOf\":{\"@id\":\"https:\/\/legrandcontinent.eu\/fr\/#website\"},\"primaryImageOfPage\":{\"@id\":\"https:\/\/legrandcontinent.eu\/fr\/2023\/05\/09\/lenjeu-de-la-centrale-nucleaire-de-zaporijia-dans-la-contre-offensive-ukrainienne\/#primaryimage\"},\"image\":{\"@id\":\"https:\/\/legrandcontinent.eu\/fr\/2023\/05\/09\/lenjeu-de-la-centrale-nucleaire-de-zaporijia-dans-la-contre-offensive-ukrainienne\/#primaryimage\"},\"thumbnailUrl\":\"https:\/\/legrandcontinent.eu\/fr\/wp-content\/uploads\/sites\/2\/2023\/05\/Capture-de\u0301cran-2023-05-09-a\u0300-14.53.15.jpg\",\"datePublished\":\"2023-05-09T13:17:11+00:00\",\"dateModified\":\"2023-05-09T16:44:16+00:00\",\"author\":{\"@id\":\"https:\/\/legrandcontinent.eu\/fr\/#\/schema\/person\/e4f85f52220fc7b4cc3cfdb86d88e833\"},\"breadcrumb\":{\"@id\":\"https:\/\/legrandcontinent.eu\/fr\/2023\/05\/09\/lenjeu-de-la-centrale-nucleaire-de-zaporijia-dans-la-contre-offensive-ukrainienne\/#breadcrumb\"},\"inLanguage\":\"fr-FR\",\"potentialAction\":[{\"@type\":\"ReadAction\",\"target\":[\"https:\/\/legrandcontinent.eu\/fr\/2023\/05\/09\/lenjeu-de-la-centrale-nucleaire-de-zaporijia-dans-la-contre-offensive-ukrainienne\/\"]}]},{\"@type\":\"ImageObject\",\"inLanguage\":\"fr-FR\",\"@id\":\"https:\/\/legrandcontinent.eu\/fr\/2023\/05\/09\/lenjeu-de-la-centrale-nucleaire-de-zaporijia-dans-la-contre-offensive-ukrainienne\/#primaryimage\",\"url\":\"https:\/\/legrandcontinent.eu\/fr\/wp-content\/uploads\/sites\/2\/2023\/05\/Capture-de\u0301cran-2023-05-09-a\u0300-14.53.15.jpg\",\"contentUrl\":\"https:\/\/legrandcontinent.eu\/fr\/wp-content\/uploads\/sites\/2\/2023\/05\/Capture-de\u0301cran-2023-05-09-a\u0300-14.53.15.jpg\",\"width\":1908,\"height\":1066},{\"@type\":\"BreadcrumbList\",\"@id\":\"https:\/\/legrandcontinent.eu\/fr\/2023\/05\/09\/lenjeu-de-la-centrale-nucleaire-de-zaporijia-dans-la-contre-offensive-ukrainienne\/#breadcrumb\",\"itemListElement\":[{\"@type\":\"ListItem\",\"position\":1,\"name\":\"Accueil\",\"item\":\"https:\/\/legrandcontinent.eu\/fr\/\"},{\"@type\":\"ListItem\",\"position\":2,\"name\":\"La centrale nucl\u00e9aire de Zaporijia et la contre-offensive ukrainienne\"}]},{\"@type\":\"WebSite\",\"@id\":\"https:\/\/legrandcontinent.eu\/fr\/#website\",\"url\":\"https:\/\/legrandcontinent.eu\/fr\/\",\"name\":\"Le Grand Continent\",\"description\":\"L&#039;\u00e9chelle pertinente\",\"potentialAction\":[{\"@type\":\"SearchAction\",\"target\":{\"@type\":\"EntryPoint\",\"urlTemplate\":\"https:\/\/legrandcontinent.eu\/fr\/?s={search_term_string}\"},\"query-input\":{\"@type\":\"PropertyValueSpecification\",\"valueRequired\":true,\"valueName\":\"search_term_string\"}}],\"inLanguage\":\"fr-FR\"},{\"@type\":\"Person\",\"@id\":\"https:\/\/legrandcontinent.eu\/fr\/#\/schema\/person\/e4f85f52220fc7b4cc3cfdb86d88e833\",\"name\":\"Marin Saillofest\",\"image\":{\"@type\":\"ImageObject\",\"inLanguage\":\"fr-FR\",\"@id\":\"https:\/\/legrandcontinent.eu\/fr\/#\/schema\/person\/image\/\",\"url\":\"https:\/\/secure.gravatar.com\/avatar\/87088698b4d967390c49ae6d4f1aa459?s=96&d=mm&r=g\",\"contentUrl\":\"https:\/\/secure.gravatar.com\/avatar\/87088698b4d967390c49ae6d4f1aa459?s=96&d=mm&r=g\",\"caption\":\"Marin Saillofest\"}}]}<\/script>\n<!-- \/ Yoast SEO plugin. -->","yoast_head_json":{"title":"La centrale nucl\u00e9aire de Zaporijia et la contre-offensive ukrainienne | Le Grand Continent","robots":{"index":"index","follow":"follow","max-snippet":"max-snippet:-1","max-image-preview":"max-image-preview:large","max-video-preview":"max-video-preview:-1"},"canonical":"https:\/\/legrandcontinent.eu\/fr\/2023\/05\/09\/lenjeu-de-la-centrale-nucleaire-de-zaporijia-dans-la-contre-offensive-ukrainienne\/","og_locale":"fr_FR","og_type":"article","og_title":"La centrale nucl\u00e9aire de Zaporijia et la contre-offensive ukrainienne | Le Grand Continent","og_description":"La centrale nucl\u00e9aire de Zaporijia, occup\u00e9e par l\u2019arm\u00e9e russe depuis mars 2022, constitue l\u2019un des objectifs de la contre-offensive ukrainienne. Tandis que les autorit\u00e9s russes \u00e9vacuent les civils de la zone, des combats entre les deux arm\u00e9es \u00e0 proximit\u00e9 du site pr\u00e9senteraient d\u2019importants risques d\u2019accident nucl\u00e9aire.","og_url":"https:\/\/legrandcontinent.eu\/fr\/2023\/05\/09\/lenjeu-de-la-centrale-nucleaire-de-zaporijia-dans-la-contre-offensive-ukrainienne\/","og_site_name":"Le Grand Continent","article_published_time":"2023-05-09T13:17:11+00:00","article_modified_time":"2023-05-09T16:44:16+00:00","og_image":[{"width":1908,"height":1066,"url":"https:\/\/lgcmedia.fra1.digitaloceanspaces.com\/wp-content\/uploads\/sites\/2\/2023\/05\/09145843\/Capture-de%CC%81cran-2023-05-09-a%CC%80-14.53.15.jpg","type":"image\/jpeg"}],"author":"Marin Saillofest","twitter_card":"summary_large_image","twitter_image":"https:\/\/legrandcontinent.eu\/fr\/wp-content\/uploads\/sites\/2\/2023\/05\/Capture-de\u0301cran-2023-05-09-a\u0300-14.53.15.jpg","twitter_misc":{"\u00c9crit par":"Marin Saillofest","Dur\u00e9e de lecture estim\u00e9e":"4 minutes"},"schema":{"@context":"https:\/\/schema.org","@graph":[{"@type":"WebPage","@id":"https:\/\/legrandcontinent.eu\/fr\/2023\/05\/09\/lenjeu-de-la-centrale-nucleaire-de-zaporijia-dans-la-contre-offensive-ukrainienne\/","url":"https:\/\/legrandcontinent.eu\/fr\/2023\/05\/09\/lenjeu-de-la-centrale-nucleaire-de-zaporijia-dans-la-contre-offensive-ukrainienne\/","name":"La centrale nucl\u00e9aire de Zaporijia et la contre-offensive ukrainienne | Le Grand Continent","isPartOf":{"@id":"https:\/\/legrandcontinent.eu\/fr\/#website"},"primaryImageOfPage":{"@id":"https:\/\/legrandcontinent.eu\/fr\/2023\/05\/09\/lenjeu-de-la-centrale-nucleaire-de-zaporijia-dans-la-contre-offensive-ukrainienne\/#primaryimage"},"image":{"@id":"https:\/\/legrandcontinent.eu\/fr\/2023\/05\/09\/lenjeu-de-la-centrale-nucleaire-de-zaporijia-dans-la-contre-offensive-ukrainienne\/#primaryimage"},"thumbnailUrl":"https:\/\/legrandcontinent.eu\/fr\/wp-content\/uploads\/sites\/2\/2023\/05\/Capture-de\u0301cran-2023-05-09-a\u0300-14.53.15.jpg","datePublished":"2023-05-09T13:17:11+00:00","dateModified":"2023-05-09T16:44:16+00:00","author":{"@id":"https:\/\/legrandcontinent.eu\/fr\/#\/schema\/person\/e4f85f52220fc7b4cc3cfdb86d88e833"},"breadcrumb":{"@id":"https:\/\/legrandcontinent.eu\/fr\/2023\/05\/09\/lenjeu-de-la-centrale-nucleaire-de-zaporijia-dans-la-contre-offensive-ukrainienne\/#breadcrumb"},"inLanguage":"fr-FR","potentialAction":[{"@type":"ReadAction","target":["https:\/\/legrandcontinent.eu\/fr\/2023\/05\/09\/lenjeu-de-la-centrale-nucleaire-de-zaporijia-dans-la-contre-offensive-ukrainienne\/"]}]},{"@type":"ImageObject","inLanguage":"fr-FR","@id":"https:\/\/legrandcontinent.eu\/fr\/2023\/05\/09\/lenjeu-de-la-centrale-nucleaire-de-zaporijia-dans-la-contre-offensive-ukrainienne\/#primaryimage","url":"https:\/\/legrandcontinent.eu\/fr\/wp-content\/uploads\/sites\/2\/2023\/05\/Capture-de\u0301cran-2023-05-09-a\u0300-14.53.15.jpg","contentUrl":"https:\/\/legrandcontinent.eu\/fr\/wp-content\/uploads\/sites\/2\/2023\/05\/Capture-de\u0301cran-2023-05-09-a\u0300-14.53.15.jpg","width":1908,"height":1066},{"@type":"BreadcrumbList","@id":"https:\/\/legrandcontinent.eu\/fr\/2023\/05\/09\/lenjeu-de-la-centrale-nucleaire-de-zaporijia-dans-la-contre-offensive-ukrainienne\/#breadcrumb","itemListElement":[{"@type":"ListItem","position":1,"name":"Accueil","item":"https:\/\/legrandcontinent.eu\/fr\/"},{"@type":"ListItem","position":2,"name":"La centrale nucl\u00e9aire de Zaporijia et la contre-offensive ukrainienne"}]},{"@type":"WebSite","@id":"https:\/\/legrandcontinent.eu\/fr\/#website","url":"https:\/\/legrandcontinent.eu\/fr\/","name":"Le Grand Continent","description":"L&#039;\u00e9chelle pertinente","potentialAction":[{"@type":"SearchAction","target":{"@type":"EntryPoint","urlTemplate":"https:\/\/legrandcontinent.eu\/fr\/?s={search_term_string}"},"query-input":{"@type":"PropertyValueSpecification","valueRequired":true,"valueName":"search_term_string"}}],"inLanguage":"fr-FR"},{"@type":"Person","@id":"https:\/\/legrandcontinent.eu\/fr\/#\/schema\/person\/e4f85f52220fc7b4cc3cfdb86d88e833","name":"Marin Saillofest","image":{"@type":"ImageObject","inLanguage":"fr-FR","@id":"https:\/\/legrandcontinent.eu\/fr\/#\/schema\/person\/image\/","url":"https:\/\/secure.gravatar.com\/avatar\/87088698b4d967390c49ae6d4f1aa459?s=96&d=mm&r=g","contentUrl":"https:\/\/secure.gravatar.com\/avatar\/87088698b4d967390c49ae6d4f1aa459?s=96&d=mm&r=g","caption":"Marin Saillofest"}}]}},"lgc_categories":[{"id":3116,"name":"La guerre en Ukraine au jour le jour","slug":"la-guerre-en-ukraine-au-jour-le-jour"}],"lgc_author":null,"feature_image_summary":{"url":"https:\/\/legrandcontinent.eu\/fr\/wp-content\/uploads\/sites\/2\/2023\/05\/Capture-de\u0301cran-2023-05-09-a\u0300-14.53.15.jpg","width":1908,"height":1066,"alt":""},"feature_image_cover":null,"term_position_data":null,"_links":{"self":[{"href":"https:\/\/legrandcontinent.eu\/fr\/wp-json\/wp\/v2\/posts\/184409","targetHints":{"allow":["GET"]}}],"collection":[{"href":"https:\/\/legrandcontinent.eu\/fr\/wp-json\/wp\/v2\/posts"}],"about":[{"href":"https:\/\/legrandcontinent.eu\/fr\/wp-json\/wp\/v2\/types\/post"}],"author":[{"embeddable":true,"href":"https:\/\/legrandcontinent.eu\/fr\/wp-json\/wp\/v2\/users\/2622"}],"replies":[{"embeddable":true,"href":"https:\/\/legrandcontinent.eu\/fr\/wp-json\/wp\/v2\/comments?post=184409"}],"version-history":[{"count":0,"href":"https:\/\/legrandcontinent.eu\/fr\/wp-json\/wp\/v2\/posts\/184409\/revisions"}],"wp:featuredmedia":[{"embeddable":true,"href":"https:\/\/legrandcontinent.eu\/fr\/wp-json\/wp\/v2\/media\/184407"}],"wp:attachment":[{"href":"https:\/\/legrandcontinent.eu\/fr\/wp-json\/wp\/v2\/media?parent=184409"}],"wp:term":[{"taxonomy":"category","embeddable":true,"href":"https:\/\/legrandcontinent.eu\/fr\/wp-json\/wp\/v2\/categories?post=184409"},{"taxonomy":"post_tag","embeddable":true,"href":"https:\/\/legrandcontinent.eu\/fr\/wp-json\/wp\/v2\/tags?post=184409"},{"taxonomy":"staff","embeddable":true,"href":"https:\/\/legrandcontinent.eu\/fr\/wp-json\/wp\/v2\/staff?post=184409"},{"taxonomy":"editorial_format","embeddable":true,"href":"https:\/\/legrandcontinent.eu\/fr\/wp-json\/wp\/v2\/editorial_format?post=184409"},{"taxonomy":"serie","embeddable":true,"href":"https:\/\/legrandcontinent.eu\/fr\/wp-json\/wp\/v2\/serie?post=184409"},{"taxonomy":"audience","embeddable":true,"href":"https:\/\/legrandcontinent.eu\/fr\/wp-json\/wp\/v2\/audience?post=184409"},{"taxonomy":"geo","embeddable":true,"href":"https:\/\/legrandcontinent.eu\/fr\/wp-json\/wp\/v2\/geo?post=184409"}],"curies":[{"name":"wp","href":"https:\/\/api.w.org\/{rel}","templated":true}]}}