{"id":184123,"date":"2023-05-05T14:19:26","date_gmt":"2023-05-05T12:19:26","guid":{"rendered":"https:\/\/legrandcontinent.eu\/fr\/?p=184123"},"modified":"2023-05-05T14:19:31","modified_gmt":"2023-05-05T12:19:31","slug":"prigogine-menace-de-retirer-les-combattants-de-wagner-de-bakhmout-le-10-mai","status":"publish","type":"post","link":"https:\/\/legrandcontinent.eu\/fr\/2023\/05\/05\/prigogine-menace-de-retirer-les-combattants-de-wagner-de-bakhmout-le-10-mai\/","title":{"rendered":"Prigogine menace de retirer les combattants de Wagner de Bakhmout le 10 mai"},"content":{"rendered":"\n<p>Le chef de la milice Wagner, Evgueni Prigogine, a menac\u00e9 Moscou vendredi 5 mai de retirer ses combattants de Bakhmout d\u2019ici le 10 mai en raison d\u2019un manque de munitions qui conduirait ses troupes \u00e0 mourir \u00ab&#160;de mani\u00e8re absurde&#160;\u00bb.<\/p>\n\n\n\n<div class=\"iframe-container wp-block-image wp-block-image-medium  iframe-dw\">\n\t<div>\n\t\t<iframe class=\"absolute w-full h-full pin-t pin-l\" title=\"titolo\" aria-label=\"Interactive line chart\" src=\"\/\/datawrapper.dwcdn.net\/GYy8g\/\" scrolling=\"no\" frameborder=\"0\"><\/iframe>\n\t<\/div>\n<\/div>\n\n\n\n<ul class=\"wp-block-list\">\n<li>Wagner combat et gagne du terrain \u00e0 Bakhmout depuis octobre 2022, lorsque l\u2019op\u00e9ration \u00ab&#160;<em>Bakhmut Meat Grinder <\/em>&#160;\u00bb a \u00e9t\u00e9 lanc\u00e9e conjointement avec l\u2019arm\u00e9e russe.<\/li>\n\n\n\n<li>Or, depuis plusieurs mois, le chef de la milice Wagner fait savoir publiquement qu\u2019il consid\u00e8re que ses unit\u00e9s sont d\u00e9laiss\u00e9es au profit de l\u2019arm\u00e9e r\u00e9guli\u00e8re, notamment en termes d\u2019approvisionnement en munitions et en appui logistique.<\/li>\n\n\n\n<li>Dans un communiqu\u00e9, Prigogine affirme que c\u2019est apr\u00e8s avoir pris connaissance du fait que Wagner devrait avoir captur\u00e9 enti\u00e8rement Bakhmout d\u2019ici le 9 mai \u2014 jour de la f\u00eate de la victoire de la Grande Guerre patriotique \u2014 que l\u2019\u00e9tat-major russe aurait d\u00e9cid\u00e9 de priver la milice de \u00ab&#160;toutes munitions d\u2019artillerie&#160;\u00bb&nbsp;<span class='whitespace-nowrap'><span id='easy-footnote-1-184123' class='easy-footnote-margin-adjust'><\/span><span class='easy-footnote'><a href='https:\/\/legrandcontinent.eu\/fr\/2023\/05\/05\/prigogine-menace-de-retirer-les-combattants-de-wagner-de-bakhmout-le-10-mai\/#easy-footnote-bottom-1-184123' title='&lt;a href=&quot;https:\/\/twitter.com\/markito0171\/status\/1654402973542281218&quot;&gt;Tweet de C4H10FO2P&lt;\/a&gt;, 5 mai 2023.'><sup>1<\/sup><\/a><\/span><\/span>.\u00a0<\/li>\n<\/ul>\n\n\n\n<div class=\"iframe-container wp-block-image wp-block-image-medium  iframe-dw\">\n\t<div>\n\t\t<iframe class=\"absolute w-full h-full pin-t pin-l\" title=\"titolo\" aria-label=\"Interactive line chart\" src=\"\/\/datawrapper.dwcdn.net\/r5olz\/\" scrolling=\"no\" frameborder=\"0\"><\/iframe>\n\t<\/div>\n<\/div>\n\n\n\n<p>Selon les journalistes de l\u2019agence de presse officielle russe RIA Novosi, Vladimir Poutine aurait pris connaissance de la d\u00e9claration du 5 mai de Prigogine \u00ab&#160;sans faire de commentaire&#160;\u00bb&nbsp;<span class='whitespace-nowrap'><span id='easy-footnote-2-184123' class='easy-footnote-margin-adjust'><\/span><span class='easy-footnote'><a href='https:\/\/legrandcontinent.eu\/fr\/2023\/05\/05\/prigogine-menace-de-retirer-les-combattants-de-wagner-de-bakhmout-le-10-mai\/#easy-footnote-bottom-2-184123' title='&lt;a href=&quot;https:\/\/twitter.com\/Kremlinpool_RIA\/status\/1654404098282643456&quot;&gt;Tweet de \u041a\u0440\u0435\u043c\u043b\u0435\u0432\u0441\u043a\u0438\u0439 \u043f\u0443\u043b \u0420\u0418\u0410&lt;\/a&gt;, 5 mai 2023.'><sup>2<\/sup><\/a><\/span><\/span>. Le Kremlin n\u2019a jamais r\u00e9ellement comment\u00e9 publiquement les prises de parole de Prigogine qui lui \u00e9taient adress\u00e9es en raison de l\u2019inaction de ce dernier malgr\u00e9 des menaces r\u00e9p\u00e9t\u00e9es. Cependant, il s\u2019agit de la premi\u00e8re fois qu\u2019un tel ultimatum est pos\u00e9 en ces termes accompagn\u00e9 d\u2019une vid\u00e9o montrant des combattants de Wagner d\u00e9c\u00e9d\u00e9s align\u00e9s sur le sol.<\/p>\n\n\n\n<div class=\"iframe-container wp-block-image wp-block-image-medium  iframe-dw\">\n\t<div>\n\t\t<iframe class=\"absolute w-full h-full pin-t pin-l\" title=\"titolo\" aria-label=\"Interactive line chart\" src=\"\/\/datawrapper.dwcdn.net\/5r7ZR\/\" scrolling=\"no\" frameborder=\"0\"><\/iframe>\n\t<\/div>\n<\/div>\n\n\n\n<p>Le timing de cette d\u00e9claration est critique&#160;:<\/p>\n\n\n\n<ul class=\"wp-block-list\">\n<li>Selon le chef de Wagner, l\u2019arm\u00e9e ukrainienne ne contr\u00f4le plus que 2,64 kilom\u00e8tres carr\u00e9s de Bakhmout. Malgr\u00e9 une progression tr\u00e8s lente, le contr\u00f4le russe de la ville s\u2019est \u00e9tendu au nord, au sud ainsi qu\u2019au-del\u00e0 de la rivi\u00e8re Bakhmouta, dans la partie ouest de la ville au cours des derniers mois&nbsp;<span class='whitespace-nowrap'><span id='easy-footnote-3-184123' class='easy-footnote-margin-adjust'><\/span><span class='easy-footnote'><a href='https:\/\/legrandcontinent.eu\/fr\/2023\/05\/05\/prigogine-menace-de-retirer-les-combattants-de-wagner-de-bakhmout-le-10-mai\/#easy-footnote-bottom-3-184123' title='Riley Bailey, Karolina Hird, Kateryna Stepanenko, Nicole Wolkov, Layne Philipson et Frederick W. Kagan, \u00ab&amp;#160;&lt;a href=&quot;https:\/\/www.understandingwar.org\/backgrounder\/russian-offensive-campaign-assessment-may-4-2023&quot;&gt;Russian Offensive Campaign Assessment, May 4, 2023&lt;\/a&gt;&amp;#160;\u00bb, Institute for the Study of War.'><sup>3<\/sup><\/a><\/span><\/span>.<\/li>\n\n\n\n<li>Tandis que le 9 mai constitute chaque ann\u00e9e un des \u00e9v\u00e9nements patriotiques majeurs en Russie, au moins 21 villes ont annonc\u00e9 au 4 mai avoir d\u00e9cid\u00e9 d\u2019annuler les d\u00e9fil\u00e9s pr\u00e9vus pour l\u2019occasion&nbsp;<span class='whitespace-nowrap'><span id='easy-footnote-4-184123' class='easy-footnote-margin-adjust'><\/span><span class='easy-footnote'><a href='https:\/\/legrandcontinent.eu\/fr\/2023\/05\/05\/prigogine-menace-de-retirer-les-combattants-de-wagner-de-bakhmout-le-10-mai\/#easy-footnote-bottom-4-184123' title='\u00ab&amp;#160;&lt;a href=&quot;https:\/\/www.themoscowtimes.com\/2023\/05\/04\/at-least-20-russian-cities-scrap-wwii-victory-parades-a81032&quot;&gt;At Least 20 Russian Cities Scrap WWII Victory Parades&lt;\/a&gt;&amp;#160;\u00bb, &lt;em&gt;The Moscow Times&lt;\/em&gt;, 4 mai 2023.'><sup>4<\/sup><\/a><\/span><\/span> pour&#160;: des raisons \u00ab&#160;de s\u00e9curit\u00e9&#160;\u00bb (par crainte qu\u2019ils ne soient perturb\u00e9s par des attaques), pour \u00ab&#160;ne pas provoquer l&rsquo;ennemi&#160;\u00bb \u00e0 Belgorod, ou bien pour que les militaires en convalescence dans l\u2019oblast de Pskov ne soient pas expos\u00e9s aux bruits des feux d\u2019artifice (qui sont d\u00e9sormais per\u00e7us \u00ab&#160;tr\u00e8s diff\u00e9remment&#160;\u00bb), et que les fonds allou\u00e9s pour la c\u00e9l\u00e9bration puissent \u00eatre utilis\u00e9s \u00ab&#160;pour des produits de premi\u00e8re n\u00e9cessit\u00e9&#160;\u00bb&nbsp;<span class='whitespace-nowrap'><span id='easy-footnote-5-184123' class='easy-footnote-margin-adjust'><\/span><span class='easy-footnote'><a href='https:\/\/legrandcontinent.eu\/fr\/2023\/05\/05\/prigogine-menace-de-retirer-les-combattants-de-wagner-de-bakhmout-le-10-mai\/#easy-footnote-bottom-5-184123' title='&lt;a href=&quot;https:\/\/t.me\/svobodnieslova\/1903&quot;&gt;Message Telegram du projet \u0412\u0451\u0440\u0441\u0442\u043a\u0430&lt;\/a&gt;, 4 mai 2023.'><sup>5<\/sup><\/a><\/span><\/span>.<\/li>\n<\/ul>\n\n\n\n<div class=\"iframe-container wp-block-image wp-block-image-medium  iframe-dw\">\n\t<div>\n\t\t<iframe class=\"absolute w-full h-full pin-t pin-l\" title=\"titolo\" aria-label=\"Interactive line chart\" src=\"\/\/datawrapper.dwcdn.net\/zLbPo\/\" scrolling=\"no\" frameborder=\"0\"><\/iframe>\n\t<\/div>\n<\/div>\n\n\n\n<p>\u00c0 Moscou, le d\u00e9fil\u00e9 est pour le moment maintenu malgr\u00e9 l\u2019attaque de drones ayant vis\u00e9 le Kremlin mercredi 3 mai. Pour Moscou, cette \u00ab&#160;tentative d\u2019assassinat de Vladimir Poutine&#160;\u00bb a \u00e9t\u00e9 orchestr\u00e9e par l\u2019Ukraine avec l\u2019aide des \u00c9tats-Unis \u2014 ce qui a \u00e9t\u00e9 d\u00e9menti par Kiev et Washington&nbsp;<span class='whitespace-nowrap'><span id='easy-footnote-6-184123' class='easy-footnote-margin-adjust'><\/span><span class='easy-footnote'><a href='https:\/\/legrandcontinent.eu\/fr\/2023\/05\/05\/prigogine-menace-de-retirer-les-combattants-de-wagner-de-bakhmout-le-10-mai\/#easy-footnote-bottom-6-184123' title='Mark Trevelyan, \u00ab&amp;#160;&lt;a href=&quot;https:\/\/www.reuters.com\/world\/russia-accuses-us-being-behind-alleged-kremlin-drone-attack-2023-05-04\/&quot;&gt;Russia says U.S. was behind Kremlin drone attack, drawing quick denial&lt;\/a&gt;&amp;#160;\u00bb, &lt;em&gt;Reuters&lt;\/em&gt;, 4 mai 2023.'><sup>6<\/sup><\/a><\/span><\/span>. Selon l\u2019ISW, l\u2019attaque serait utilis\u00e9e par le pouvoir russe pour servir de pr\u00e9texte \u00e0 l\u2019annulation des d\u00e9fil\u00e9s militaires, et donc masquer la d\u00e9gradation de l\u2019arm\u00e9e depuis le lancement de l\u2019invasion. Vladimir Poutine devrait organiser aujourd\u2019hui une r\u00e9union du Conseil de s\u00e9curit\u00e9 pour discuter de l&rsquo;incident.<\/p>\n\n\n\n<div class=\"iframe-container wp-block-image wp-block-image-medium  iframe-dw\">\n\t<div>\n\t\t<iframe class=\"absolute w-full h-full pin-t pin-l\" title=\"titolo\" aria-label=\"Interactive line chart\" src=\"\/\/datawrapper.dwcdn.net\/ygAa1\/\" scrolling=\"no\" frameborder=\"0\"><\/iframe>\n\t<\/div>\n<\/div>\n\n\n\n<p>Ces menaces interviennent \u00e9galement dans un contexte de regain d\u2019initiative \u00e0 Bakhmout de la part de l\u2019arm\u00e9e ukrainienne. Selon plusieurs sources, les forces de Kiev auraient progress\u00e9 mercredi 3 mai au sud-ouest de la ville, vers le village de Kurdiumivka&nbsp;<span class='whitespace-nowrap'><span id='easy-footnote-7-184123' class='easy-footnote-margin-adjust'><\/span><span class='easy-footnote'><a href='https:\/\/legrandcontinent.eu\/fr\/2023\/05\/05\/prigogine-menace-de-retirer-les-combattants-de-wagner-de-bakhmout-le-10-mai\/#easy-footnote-bottom-7-184123' title='&lt;a href=&quot;https:\/\/twitter.com\/auditor_ya\/status\/1653834808521269253&quot;&gt;Tweet de @auditor_ya&lt;\/a&gt;, 3 mai 2023.'><sup>7<\/sup><\/a><\/span><\/span>. Si les gains r\u00e9alis\u00e9s sont marginaux et doivent \u00eatre pris avec pr\u00e9caution en raison du d\u00e9lai n\u00e9cessaire pour \u00e9valuer les progr\u00e8s r\u00e9els, ils t\u00e9moignent toutefois de la r\u00e9silience des forces ukrainiennes \u00e0 Bakhmout et de la vuln\u00e9rabilit\u00e9 du dispositif russe dans l\u2019\u00e9ventualit\u00e9 d\u2019un retrait de la milice.<\/p>\n","protected":false},"excerpt":{"rendered":"<p>Dans une nouvelle diatribe adress\u00e9e au Kremlin, Evgueni Prigogine a menac\u00e9 Moscou de retirer ses troupes de Bakhmout le lendemain de la f\u00eate de la victoire de la Grande Guerre patriotique en raison d\u2019un manque de ravitaillement en munitions.<\/p>\n","protected":false},"author":2622,"featured_media":184121,"comment_status":"closed","ping_status":"closed","sticky":false,"template":"templates\/post-briefings.php","format":"standard","meta":{"_acf_changed":false,"_trash_the_other_posts":false,"_yoast_wpseo_estimated-reading-time-minutes":4,"footnotes":""},"categories":[3116],"tags":[],"staff":[],"editorial_format":[],"serie":[],"audience":[],"geo":[1917],"class_list":["post-184123","post","type-post","status-publish","format-standard","hentry","category-la-guerre-en-ukraine-au-jour-le-jour","geo-europe"],"acf":{"open_in_webview":false,"accent":false},"yoast_head":"<!-- This site is optimized with the Yoast SEO plugin v26.1.1 - https:\/\/yoast.com\/wordpress\/plugins\/seo\/ -->\n<title>Prigogine menace de retirer les combattants de Wagner de Bakhmout le 10 mai | Le Grand Continent<\/title>\n<meta name=\"robots\" content=\"index, follow, max-snippet:-1, max-image-preview:large, max-video-preview:-1\" \/>\n<link rel=\"canonical\" href=\"https:\/\/legrandcontinent.eu\/fr\/2023\/05\/05\/prigogine-menace-de-retirer-les-combattants-de-wagner-de-bakhmout-le-10-mai\/\" \/>\n<meta property=\"og:locale\" content=\"fr_FR\" \/>\n<meta property=\"og:type\" content=\"article\" \/>\n<meta property=\"og:title\" content=\"Prigogine menace de retirer les combattants de Wagner de Bakhmout le 10 mai | Le Grand Continent\" \/>\n<meta property=\"og:description\" content=\"Dans une nouvelle diatribe adress\u00e9e au Kremlin, Evgueni Prigogine a menac\u00e9 Moscou de retirer ses troupes de Bakhmout le lendemain de la f\u00eate de la victoire de la Grande Guerre patriotique en raison d\u2019un manque de ravitaillement en munitions.\" \/>\n<meta property=\"og:url\" content=\"https:\/\/legrandcontinent.eu\/fr\/2023\/05\/05\/prigogine-menace-de-retirer-les-combattants-de-wagner-de-bakhmout-le-10-mai\/\" \/>\n<meta property=\"og:site_name\" content=\"Le Grand Continent\" \/>\n<meta property=\"article:published_time\" content=\"2023-05-05T12:19:26+00:00\" \/>\n<meta property=\"article:modified_time\" content=\"2023-05-05T12:19:31+00:00\" \/>\n<meta property=\"og:image\" content=\"https:\/\/legrandcontinent.eu\/fr\/wp-content\/uploads\/sites\/2\/2023\/05\/gc-prigogine-menace-quitter-bakhmout-e1683288378415.jpg\" \/>\n\t<meta property=\"og:image:width\" content=\"1453\" \/>\n\t<meta property=\"og:image:height\" content=\"815\" \/>\n\t<meta property=\"og:image:type\" content=\"image\/jpeg\" \/>\n<meta name=\"author\" content=\"Marin Saillofest\" \/>\n<meta name=\"twitter:card\" content=\"summary_large_image\" \/>\n<meta name=\"twitter:image\" content=\"https:\/\/legrandcontinent.eu\/fr\/wp-content\/uploads\/sites\/2\/2023\/05\/gc-prigogine-menace-quitter-bakhmout-e1683288378415.jpg\" \/>\n<meta name=\"twitter:label1\" content=\"\u00c9crit par\" \/>\n\t<meta name=\"twitter:data1\" content=\"Marin Saillofest\" \/>\n\t<meta name=\"twitter:label2\" content=\"Dur\u00e9e de lecture estim\u00e9e\" \/>\n\t<meta name=\"twitter:data2\" content=\"4 minutes\" \/>\n<script type=\"application\/ld+json\" class=\"yoast-schema-graph\">{\"@context\":\"https:\/\/schema.org\",\"@graph\":[{\"@type\":\"WebPage\",\"@id\":\"https:\/\/legrandcontinent.eu\/fr\/2023\/05\/05\/prigogine-menace-de-retirer-les-combattants-de-wagner-de-bakhmout-le-10-mai\/\",\"url\":\"https:\/\/legrandcontinent.eu\/fr\/2023\/05\/05\/prigogine-menace-de-retirer-les-combattants-de-wagner-de-bakhmout-le-10-mai\/\",\"name\":\"Prigogine menace de retirer les combattants de Wagner de Bakhmout le 10 mai | Le Grand Continent\",\"isPartOf\":{\"@id\":\"https:\/\/legrandcontinent.eu\/fr\/#website\"},\"primaryImageOfPage\":{\"@id\":\"https:\/\/legrandcontinent.eu\/fr\/2023\/05\/05\/prigogine-menace-de-retirer-les-combattants-de-wagner-de-bakhmout-le-10-mai\/#primaryimage\"},\"image\":{\"@id\":\"https:\/\/legrandcontinent.eu\/fr\/2023\/05\/05\/prigogine-menace-de-retirer-les-combattants-de-wagner-de-bakhmout-le-10-mai\/#primaryimage\"},\"thumbnailUrl\":\"https:\/\/legrandcontinent.eu\/fr\/wp-content\/uploads\/sites\/2\/2023\/05\/Capture-de\u0301cran-2023-05-05-a\u0300-14.05.50.jpg\",\"datePublished\":\"2023-05-05T12:19:26+00:00\",\"dateModified\":\"2023-05-05T12:19:31+00:00\",\"author\":{\"@id\":\"https:\/\/legrandcontinent.eu\/fr\/#\/schema\/person\/e4f85f52220fc7b4cc3cfdb86d88e833\"},\"breadcrumb\":{\"@id\":\"https:\/\/legrandcontinent.eu\/fr\/2023\/05\/05\/prigogine-menace-de-retirer-les-combattants-de-wagner-de-bakhmout-le-10-mai\/#breadcrumb\"},\"inLanguage\":\"fr-FR\",\"potentialAction\":[{\"@type\":\"ReadAction\",\"target\":[\"https:\/\/legrandcontinent.eu\/fr\/2023\/05\/05\/prigogine-menace-de-retirer-les-combattants-de-wagner-de-bakhmout-le-10-mai\/\"]}]},{\"@type\":\"ImageObject\",\"inLanguage\":\"fr-FR\",\"@id\":\"https:\/\/legrandcontinent.eu\/fr\/2023\/05\/05\/prigogine-menace-de-retirer-les-combattants-de-wagner-de-bakhmout-le-10-mai\/#primaryimage\",\"url\":\"https:\/\/legrandcontinent.eu\/fr\/wp-content\/uploads\/sites\/2\/2023\/05\/Capture-de\u0301cran-2023-05-05-a\u0300-14.05.50.jpg\",\"contentUrl\":\"https:\/\/legrandcontinent.eu\/fr\/wp-content\/uploads\/sites\/2\/2023\/05\/Capture-de\u0301cran-2023-05-05-a\u0300-14.05.50.jpg\",\"width\":1908,\"height\":1066},{\"@type\":\"BreadcrumbList\",\"@id\":\"https:\/\/legrandcontinent.eu\/fr\/2023\/05\/05\/prigogine-menace-de-retirer-les-combattants-de-wagner-de-bakhmout-le-10-mai\/#breadcrumb\",\"itemListElement\":[{\"@type\":\"ListItem\",\"position\":1,\"name\":\"Accueil\",\"item\":\"https:\/\/legrandcontinent.eu\/fr\/\"},{\"@type\":\"ListItem\",\"position\":2,\"name\":\"Prigogine menace de retirer les combattants de Wagner de Bakhmout le 10 mai\"}]},{\"@type\":\"WebSite\",\"@id\":\"https:\/\/legrandcontinent.eu\/fr\/#website\",\"url\":\"https:\/\/legrandcontinent.eu\/fr\/\",\"name\":\"Le Grand Continent\",\"description\":\"L&#039;\u00e9chelle pertinente\",\"potentialAction\":[{\"@type\":\"SearchAction\",\"target\":{\"@type\":\"EntryPoint\",\"urlTemplate\":\"https:\/\/legrandcontinent.eu\/fr\/?s={search_term_string}\"},\"query-input\":{\"@type\":\"PropertyValueSpecification\",\"valueRequired\":true,\"valueName\":\"search_term_string\"}}],\"inLanguage\":\"fr-FR\"},{\"@type\":\"Person\",\"@id\":\"https:\/\/legrandcontinent.eu\/fr\/#\/schema\/person\/e4f85f52220fc7b4cc3cfdb86d88e833\",\"name\":\"Marin Saillofest\",\"image\":{\"@type\":\"ImageObject\",\"inLanguage\":\"fr-FR\",\"@id\":\"https:\/\/legrandcontinent.eu\/fr\/#\/schema\/person\/image\/\",\"url\":\"https:\/\/secure.gravatar.com\/avatar\/87088698b4d967390c49ae6d4f1aa459?s=96&d=mm&r=g\",\"contentUrl\":\"https:\/\/secure.gravatar.com\/avatar\/87088698b4d967390c49ae6d4f1aa459?s=96&d=mm&r=g\",\"caption\":\"Marin Saillofest\"}}]}<\/script>\n<!-- \/ Yoast SEO plugin. -->","yoast_head_json":{"title":"Prigogine menace de retirer les combattants de Wagner de Bakhmout le 10 mai | Le Grand Continent","robots":{"index":"index","follow":"follow","max-snippet":"max-snippet:-1","max-image-preview":"max-image-preview:large","max-video-preview":"max-video-preview:-1"},"canonical":"https:\/\/legrandcontinent.eu\/fr\/2023\/05\/05\/prigogine-menace-de-retirer-les-combattants-de-wagner-de-bakhmout-le-10-mai\/","og_locale":"fr_FR","og_type":"article","og_title":"Prigogine menace de retirer les combattants de Wagner de Bakhmout le 10 mai | Le Grand Continent","og_description":"Dans une nouvelle diatribe adress\u00e9e au Kremlin, Evgueni Prigogine a menac\u00e9 Moscou de retirer ses troupes de Bakhmout le lendemain de la f\u00eate de la victoire de la Grande Guerre patriotique en raison d\u2019un manque de ravitaillement en munitions.","og_url":"https:\/\/legrandcontinent.eu\/fr\/2023\/05\/05\/prigogine-menace-de-retirer-les-combattants-de-wagner-de-bakhmout-le-10-mai\/","og_site_name":"Le Grand Continent","article_published_time":"2023-05-05T12:19:26+00:00","article_modified_time":"2023-05-05T12:19:31+00:00","og_image":[{"width":1453,"height":815,"url":"https:\/\/legrandcontinent.eu\/fr\/wp-content\/uploads\/sites\/2\/2023\/05\/gc-prigogine-menace-quitter-bakhmout-e1683288378415.jpg","type":"image\/jpeg"}],"author":"Marin Saillofest","twitter_card":"summary_large_image","twitter_image":"https:\/\/legrandcontinent.eu\/fr\/wp-content\/uploads\/sites\/2\/2023\/05\/gc-prigogine-menace-quitter-bakhmout-e1683288378415.jpg","twitter_misc":{"\u00c9crit par":"Marin Saillofest","Dur\u00e9e de lecture estim\u00e9e":"4 minutes"},"schema":{"@context":"https:\/\/schema.org","@graph":[{"@type":"WebPage","@id":"https:\/\/legrandcontinent.eu\/fr\/2023\/05\/05\/prigogine-menace-de-retirer-les-combattants-de-wagner-de-bakhmout-le-10-mai\/","url":"https:\/\/legrandcontinent.eu\/fr\/2023\/05\/05\/prigogine-menace-de-retirer-les-combattants-de-wagner-de-bakhmout-le-10-mai\/","name":"Prigogine menace de retirer les combattants de Wagner de Bakhmout le 10 mai | Le Grand Continent","isPartOf":{"@id":"https:\/\/legrandcontinent.eu\/fr\/#website"},"primaryImageOfPage":{"@id":"https:\/\/legrandcontinent.eu\/fr\/2023\/05\/05\/prigogine-menace-de-retirer-les-combattants-de-wagner-de-bakhmout-le-10-mai\/#primaryimage"},"image":{"@id":"https:\/\/legrandcontinent.eu\/fr\/2023\/05\/05\/prigogine-menace-de-retirer-les-combattants-de-wagner-de-bakhmout-le-10-mai\/#primaryimage"},"thumbnailUrl":"https:\/\/legrandcontinent.eu\/fr\/wp-content\/uploads\/sites\/2\/2023\/05\/Capture-de\u0301cran-2023-05-05-a\u0300-14.05.50.jpg","datePublished":"2023-05-05T12:19:26+00:00","dateModified":"2023-05-05T12:19:31+00:00","author":{"@id":"https:\/\/legrandcontinent.eu\/fr\/#\/schema\/person\/e4f85f52220fc7b4cc3cfdb86d88e833"},"breadcrumb":{"@id":"https:\/\/legrandcontinent.eu\/fr\/2023\/05\/05\/prigogine-menace-de-retirer-les-combattants-de-wagner-de-bakhmout-le-10-mai\/#breadcrumb"},"inLanguage":"fr-FR","potentialAction":[{"@type":"ReadAction","target":["https:\/\/legrandcontinent.eu\/fr\/2023\/05\/05\/prigogine-menace-de-retirer-les-combattants-de-wagner-de-bakhmout-le-10-mai\/"]}]},{"@type":"ImageObject","inLanguage":"fr-FR","@id":"https:\/\/legrandcontinent.eu\/fr\/2023\/05\/05\/prigogine-menace-de-retirer-les-combattants-de-wagner-de-bakhmout-le-10-mai\/#primaryimage","url":"https:\/\/legrandcontinent.eu\/fr\/wp-content\/uploads\/sites\/2\/2023\/05\/Capture-de\u0301cran-2023-05-05-a\u0300-14.05.50.jpg","contentUrl":"https:\/\/legrandcontinent.eu\/fr\/wp-content\/uploads\/sites\/2\/2023\/05\/Capture-de\u0301cran-2023-05-05-a\u0300-14.05.50.jpg","width":1908,"height":1066},{"@type":"BreadcrumbList","@id":"https:\/\/legrandcontinent.eu\/fr\/2023\/05\/05\/prigogine-menace-de-retirer-les-combattants-de-wagner-de-bakhmout-le-10-mai\/#breadcrumb","itemListElement":[{"@type":"ListItem","position":1,"name":"Accueil","item":"https:\/\/legrandcontinent.eu\/fr\/"},{"@type":"ListItem","position":2,"name":"Prigogine menace de retirer les combattants de Wagner de Bakhmout le 10 mai"}]},{"@type":"WebSite","@id":"https:\/\/legrandcontinent.eu\/fr\/#website","url":"https:\/\/legrandcontinent.eu\/fr\/","name":"Le Grand Continent","description":"L&#039;\u00e9chelle pertinente","potentialAction":[{"@type":"SearchAction","target":{"@type":"EntryPoint","urlTemplate":"https:\/\/legrandcontinent.eu\/fr\/?s={search_term_string}"},"query-input":{"@type":"PropertyValueSpecification","valueRequired":true,"valueName":"search_term_string"}}],"inLanguage":"fr-FR"},{"@type":"Person","@id":"https:\/\/legrandcontinent.eu\/fr\/#\/schema\/person\/e4f85f52220fc7b4cc3cfdb86d88e833","name":"Marin Saillofest","image":{"@type":"ImageObject","inLanguage":"fr-FR","@id":"https:\/\/legrandcontinent.eu\/fr\/#\/schema\/person\/image\/","url":"https:\/\/secure.gravatar.com\/avatar\/87088698b4d967390c49ae6d4f1aa459?s=96&d=mm&r=g","contentUrl":"https:\/\/secure.gravatar.com\/avatar\/87088698b4d967390c49ae6d4f1aa459?s=96&d=mm&r=g","caption":"Marin Saillofest"}}]}},"lgc_categories":[{"id":3116,"name":"La guerre en Ukraine au jour le jour","slug":"la-guerre-en-ukraine-au-jour-le-jour"}],"lgc_author":null,"feature_image_summary":{"url":"https:\/\/legrandcontinent.eu\/fr\/wp-content\/uploads\/sites\/2\/2023\/05\/Capture-de\u0301cran-2023-05-05-a\u0300-14.05.50.jpg","width":1908,"height":1066,"alt":""},"feature_image_cover":null,"term_position_data":null,"_links":{"self":[{"href":"https:\/\/legrandcontinent.eu\/fr\/wp-json\/wp\/v2\/posts\/184123","targetHints":{"allow":["GET"]}}],"collection":[{"href":"https:\/\/legrandcontinent.eu\/fr\/wp-json\/wp\/v2\/posts"}],"about":[{"href":"https:\/\/legrandcontinent.eu\/fr\/wp-json\/wp\/v2\/types\/post"}],"author":[{"embeddable":true,"href":"https:\/\/legrandcontinent.eu\/fr\/wp-json\/wp\/v2\/users\/2622"}],"replies":[{"embeddable":true,"href":"https:\/\/legrandcontinent.eu\/fr\/wp-json\/wp\/v2\/comments?post=184123"}],"version-history":[{"count":0,"href":"https:\/\/legrandcontinent.eu\/fr\/wp-json\/wp\/v2\/posts\/184123\/revisions"}],"wp:featuredmedia":[{"embeddable":true,"href":"https:\/\/legrandcontinent.eu\/fr\/wp-json\/wp\/v2\/media\/184121"}],"wp:attachment":[{"href":"https:\/\/legrandcontinent.eu\/fr\/wp-json\/wp\/v2\/media?parent=184123"}],"wp:term":[{"taxonomy":"category","embeddable":true,"href":"https:\/\/legrandcontinent.eu\/fr\/wp-json\/wp\/v2\/categories?post=184123"},{"taxonomy":"post_tag","embeddable":true,"href":"https:\/\/legrandcontinent.eu\/fr\/wp-json\/wp\/v2\/tags?post=184123"},{"taxonomy":"staff","embeddable":true,"href":"https:\/\/legrandcontinent.eu\/fr\/wp-json\/wp\/v2\/staff?post=184123"},{"taxonomy":"editorial_format","embeddable":true,"href":"https:\/\/legrandcontinent.eu\/fr\/wp-json\/wp\/v2\/editorial_format?post=184123"},{"taxonomy":"serie","embeddable":true,"href":"https:\/\/legrandcontinent.eu\/fr\/wp-json\/wp\/v2\/serie?post=184123"},{"taxonomy":"audience","embeddable":true,"href":"https:\/\/legrandcontinent.eu\/fr\/wp-json\/wp\/v2\/audience?post=184123"},{"taxonomy":"geo","embeddable":true,"href":"https:\/\/legrandcontinent.eu\/fr\/wp-json\/wp\/v2\/geo?post=184123"}],"curies":[{"name":"wp","href":"https:\/\/api.w.org\/{rel}","templated":true}]}}