{"id":182927,"date":"2023-04-21T09:05:00","date_gmt":"2023-04-21T07:05:00","guid":{"rendered":"https:\/\/legrandcontinent.eu\/fr\/?p=182927"},"modified":"2023-04-21T18:08:41","modified_gmt":"2023-04-21T16:08:41","slug":"lannee-2022-a-ete-la-plus-chaude-qua-connu-leurope","status":"publish","type":"post","link":"https:\/\/legrandcontinent.eu\/fr\/2023\/04\/21\/lannee-2022-a-ete-la-plus-chaude-qua-connu-leurope\/","title":{"rendered":"L\u2019ann\u00e9e 2022 a \u00e9t\u00e9 la plus chaude qu\u2019a connu l\u2019Europe"},"content":{"rendered":"\n<p>Le rapport&nbsp;<span class='whitespace-nowrap'><span id='easy-footnote-1-182927' class='easy-footnote-margin-adjust'><\/span><span class='easy-footnote'><a href='https:\/\/legrandcontinent.eu\/fr\/2023\/04\/21\/lannee-2022-a-ete-la-plus-chaude-qua-connu-leurope\/#easy-footnote-bottom-1-182927' title='Disponible \u00e0 &lt;a href=&quot;https:\/\/climate.copernicus.eu\/sites\/default\/files\/custom-uploads\/ESOTC2022\/PR\/ESOTCsummary2022_final.pdf&quot;&gt;cette adresse&lt;\/a&gt;.'><sup>1<\/sup><\/a><\/span><\/span> constate qu\u2019au niveau mondial, les huit derni\u00e8res ann\u00e9es ont \u00e9t\u00e9 les plus chaudes jamais enregistr\u00e9es. Plusieurs r\u00e9gions du globe ont connu des temp\u00e9ratures records en 2022 dont l\u2019Europe&#160;: l&rsquo;\u00e9t\u00e9 y a \u00e9t\u00e9 de 1,4\u00b0C au-dessus de la moyenne, et de 0,3 \u00e0 0,4\u00b0C au-dessus du pr\u00e9c\u00e9dent record de chaleur&#160;; la majeure partie de l&rsquo;Europe occidentale a connu des conditions caniculaires (7 \u00e0 10\u00b0C au-dessus de la moyenne saisonni\u00e8re).\u00a0<\/p>\n\n\n\n<ul class=\"wp-block-list\">\n<li>Les temp\u00e9ratures se sont coupl\u00e9es \u00e0 un manque persistant de pr\u00e9cipitations, conduisant \u00e0 une s\u00e9cheresse dans toute l\u2019Europe&#160;; l&rsquo;ann\u00e9e enti\u00e8re a \u00e9t\u00e9 jusqu&rsquo;\u00e0 10&#160;% plus s\u00e8che que la moyenne, pour des records au mois de mai, avec des pr\u00e9cipitations inf\u00e9rieures de 21 \u00e0 28&#160;% \u00e0 la moyenne.\u00a0<\/li>\n<\/ul>\n\n\n\n<ul class=\"wp-block-list\">\n<li>Cons\u00e9quence des faibles pr\u00e9cipitations, le d\u00e9bit des rivi\u00e8res a \u00e9t\u00e9 le deuxi\u00e8me plus faible jamais enregistr\u00e9 en Europe, marquant la sixi\u00e8me ann\u00e9e cons\u00e9cutive de d\u00e9bits inf\u00e9rieurs \u00e0 la moyenne. En termes de superficie touch\u00e9e, il s&rsquo;agit de l&rsquo;ann\u00e9e la plus s\u00e8che jamais enregistr\u00e9e, 63&#160;% des cours d&rsquo;eau ayant enregistr\u00e9 des d\u00e9bits anormaux.<\/li>\n<\/ul>\n\n\n\n<ul class=\"wp-block-list\">\n<li>Les temp\u00e9ratures \u00e9lev\u00e9es et la s\u00e9cheresse ont \u00e9galement facilit\u00e9 la propagation et l&rsquo;intensification de grands feux&#160;; les incendies critiques, ceux qui couvrent une superficie sup\u00e9rieure \u00e0 10 000 ha, ont \u00e9t\u00e9 constat\u00e9s en R\u00e9publique tch\u00e8que, en France, au Portugal, en Slov\u00e9nie et en Espagne. On estime qu&rsquo;au total, plus de 900 000 hectares ont br\u00fbl\u00e9 dans les pays de l&rsquo;Union.<\/li>\n<\/ul>\n\n\n\n<div class=\"iframe-container wp-block-image wp-block-image-medium  iframe-dw\">\n\t<div>\n\t\t<iframe class=\"absolute w-full h-full pin-t pin-l\" title=\"titolo\" aria-label=\"Interactive line chart\" src=\"\/\/datawrapper.dwcdn.net\/X7kPo\/\" scrolling=\"no\" frameborder=\"0\"><\/iframe>\n\t<\/div>\n<\/div>\n\n\n\n<p>L&rsquo;une des r\u00e9gions les plus touch\u00e9es par les anomalies climatiques a \u00e9t\u00e9 les Alpes italiennes, o\u00f9 le manque de neige a atteint 60&#160;% par rapport \u00e0 la moyenne, et jusqu&rsquo;\u00e0 75&#160;% localement. La r\u00e9duction de l&rsquo;eau provenant de la fonte des neiges a contribu\u00e9 \u00e0 la s\u00e9cheresse et \u00e0 la perte record de glace des glaciers au cours de l&rsquo;ann\u00e9e.\u00a0<\/p>\n\n\n\n<ul class=\"wp-block-list\">\n<li>Dans une grande partie de l&rsquo;Europe centrale et m\u00e9ridionale, le nombre de jours de neige hivernale, c&rsquo;est-\u00e0-dire avec une \u00e9paisseur de neige d&rsquo;au moins 1 cm, a \u00e9t\u00e9 inf\u00e9rieur de 20 \u00e0 la moyenne, et jusqu&rsquo;\u00e0 50 dans certains endroits.<\/li>\n<\/ul>\n\n\n\n<ul class=\"wp-block-list\">\n<li>Au total, le rapport estime que l\u2019ensemble des glaciers europ\u00e9ens a perdu 5 kilom\u00e8tres cubes de glace en 2022 \u2013 soit une \u00e9paisseur moyenne de plus de 3,5 m de glace.\u00a0<\/li>\n<\/ul>\n\n\n\n<div class=\"iframe-container wp-block-image wp-block-image-medium  iframe-dw\">\n\t<div>\n\t\t<iframe class=\"absolute w-full h-full pin-t pin-l\" title=\"titolo\" aria-label=\"Interactive line chart\" src=\"\/\/datawrapper.dwcdn.net\/0l5bW\/\" scrolling=\"no\" frameborder=\"0\"><\/iframe>\n\t<\/div>\n<\/div>\n\n\n\n<p>Les deux r\u00e9gions polaires ont \u00e9galement connu des conditions exceptionnellement chaudes en 2022. La banquise de l&rsquo;Antarctique a atteint son \u00e9tendue minimale la plus basse jamais enregistr\u00e9e en f\u00e9vrier. Plus tard dans l&rsquo;ann\u00e9e, la calotte glaciaire du Groenland a connu une fonte record, avec au moins 23&#160;% de sa superficie touch\u00e9e par l&rsquo;une des trois vagues de chaleur de septembre.<\/p>\n\n\n\n<ul class=\"wp-block-list\">\n<li>Depuis les ann\u00e9es 1970, la perte de glace des inlandsis du Groenland et de l&rsquo;Antarctique a provoqu\u00e9 une \u00e9l\u00e9vation du niveau de la mer de pr\u00e8s de 3 cm (l\u2019\u00e9l\u00e9vation annuelle du niveau se chiffrant \u00e0 4,2 mm\/an en moyenne sur les dix derni\u00e8res ann\u00e9es).\u00a0<\/li>\n<\/ul>\n\n\n\n<ul class=\"wp-block-list\">\n<li>Le taux combin\u00e9 de perte de glace a plus que tripl\u00e9 depuis les ann\u00e9es 1980, passant de 120 km3 par an dans les ann\u00e9es 1980 \u00e0 environ 460 km3 par an dans les ann\u00e9es 2010. Entre 1972 et 2021, le Groenland a perdu environ 5500 km3 de glace&#160;; l\u2019Antarctique, depuis 1979, en a perdu autour de 5000 km3.\u00a0<\/li>\n<\/ul>\n","protected":false},"excerpt":{"rendered":"<p>Selon un rapport du Copernicus Climate Change Service, publi\u00e9 ce jeudi 20 avril, l\u2019Europe a connu une s\u00e9cheresse record sur l\u2019ann\u00e9e 2022, confirmant une tendance d\u00e9cennale. Le cas europ\u00e9en rejoint les observations faites au niveau mondial, en particulier en ce qui concerne sa cryosph\u00e8re, en d\u00e9clin acc\u00e9l\u00e9r\u00e9. <\/p>\n","protected":false},"author":40,"featured_media":182928,"comment_status":"closed","ping_status":"closed","sticky":false,"template":"templates\/post-briefings.php","format":"standard","meta":{"_acf_changed":false,"_trash_the_other_posts":false,"_yoast_wpseo_estimated-reading-time-minutes":3,"footnotes":""},"categories":[1730],"tags":[],"staff":[],"editorial_format":[],"serie":[],"audience":[],"geo":[1917],"class_list":["post-182927","post","type-post","status-publish","format-standard","hentry","category-energie-et-environnement","geo-europe"],"acf":{"open_in_webview":false,"accent":false,"_thumbnail_id":182928,"excerpt":"Selon un rapport du Copernicus Climate Change Service, publi\u00e9 ce jeudi 20 avril, l\u2019Europe a connu une s\u00e9cheresse record sur l\u2019ann\u00e9e 2022, confirmant une tendance d\u00e9cennale. Le cas europ\u00e9en rejoint les observations faites au niveau mondial, en particulier en ce qui concerne sa cryosph\u00e8re, en d\u00e9clin acc\u00e9l\u00e9r\u00e9. ","display_date":"","new_abstract":true},"yoast_head":"<!-- This site is optimized with the Yoast SEO plugin v26.1.1 - https:\/\/yoast.com\/wordpress\/plugins\/seo\/ -->\n<title>L\u2019ann\u00e9e 2022 a \u00e9t\u00e9 la plus chaude qu\u2019a connu l\u2019Europe | Le Grand Continent<\/title>\n<meta name=\"robots\" content=\"index, follow, max-snippet:-1, max-image-preview:large, max-video-preview:-1\" \/>\n<link rel=\"canonical\" href=\"https:\/\/legrandcontinent.eu\/fr\/2023\/04\/21\/lannee-2022-a-ete-la-plus-chaude-qua-connu-leurope\/\" \/>\n<meta property=\"og:locale\" content=\"fr_FR\" \/>\n<meta property=\"og:type\" content=\"article\" \/>\n<meta property=\"og:title\" content=\"L\u2019ann\u00e9e 2022 a \u00e9t\u00e9 la plus chaude qu\u2019a connu l\u2019Europe | Le Grand Continent\" \/>\n<meta property=\"og:description\" content=\"Selon un rapport du Copernicus Climate Change Service, publi\u00e9 ce jeudi 20 avril, l\u2019Europe a connu une s\u00e9cheresse record sur l\u2019ann\u00e9e 2022, confirmant une tendance d\u00e9cennale. Le cas europ\u00e9en rejoint les observations faites au niveau mondial, en particulier en ce qui concerne sa cryosph\u00e8re, en d\u00e9clin acc\u00e9l\u00e9r\u00e9.\" \/>\n<meta property=\"og:url\" content=\"https:\/\/legrandcontinent.eu\/fr\/2023\/04\/21\/lannee-2022-a-ete-la-plus-chaude-qua-connu-leurope\/\" \/>\n<meta property=\"og:site_name\" content=\"Le Grand Continent\" \/>\n<meta property=\"article:published_time\" content=\"2023-04-21T07:05:00+00:00\" \/>\n<meta property=\"article:modified_time\" content=\"2023-04-21T16:08:41+00:00\" \/>\n<meta property=\"og:image\" content=\"https:\/\/legrandcontinent.eu\/fr\/wp-content\/uploads\/sites\/2\/2023\/04\/0l5bW-variation-annuelle-de-la-masse-des-glaciers-des-alpes-1962-2022-.png\" \/>\n\t<meta property=\"og:image:width\" content=\"1691\" \/>\n\t<meta property=\"og:image:height\" content=\"694\" \/>\n\t<meta property=\"og:image:type\" content=\"image\/png\" \/>\n<meta name=\"author\" content=\"Ramona Bloj\" \/>\n<meta name=\"twitter:card\" content=\"summary_large_image\" \/>\n<meta name=\"twitter:label1\" content=\"\u00c9crit par\" \/>\n\t<meta name=\"twitter:data1\" content=\"Ramona Bloj\" \/>\n\t<meta name=\"twitter:label2\" content=\"Dur\u00e9e de lecture estim\u00e9e\" \/>\n\t<meta name=\"twitter:data2\" content=\"3 minutes\" \/>\n<script type=\"application\/ld+json\" class=\"yoast-schema-graph\">{\"@context\":\"https:\/\/schema.org\",\"@graph\":[{\"@type\":\"WebPage\",\"@id\":\"https:\/\/legrandcontinent.eu\/fr\/2023\/04\/21\/lannee-2022-a-ete-la-plus-chaude-qua-connu-leurope\/\",\"url\":\"https:\/\/legrandcontinent.eu\/fr\/2023\/04\/21\/lannee-2022-a-ete-la-plus-chaude-qua-connu-leurope\/\",\"name\":\"L\u2019ann\u00e9e 2022 a \u00e9t\u00e9 la plus chaude qu\u2019a connu l\u2019Europe | Le Grand Continent\",\"isPartOf\":{\"@id\":\"https:\/\/legrandcontinent.eu\/fr\/#website\"},\"primaryImageOfPage\":{\"@id\":\"https:\/\/legrandcontinent.eu\/fr\/2023\/04\/21\/lannee-2022-a-ete-la-plus-chaude-qua-connu-leurope\/#primaryimage\"},\"image\":{\"@id\":\"https:\/\/legrandcontinent.eu\/fr\/2023\/04\/21\/lannee-2022-a-ete-la-plus-chaude-qua-connu-leurope\/#primaryimage\"},\"thumbnailUrl\":\"https:\/\/legrandcontinent.eu\/fr\/wp-content\/uploads\/sites\/2\/2023\/04\/0l5bW-variation-annuelle-de-la-masse-des-glaciers-des-alpes-1962-2022-.png\",\"datePublished\":\"2023-04-21T07:05:00+00:00\",\"dateModified\":\"2023-04-21T16:08:41+00:00\",\"author\":{\"@id\":\"https:\/\/legrandcontinent.eu\/fr\/#\/schema\/person\/bee86896b403754f76b6b1515ff0b697\"},\"breadcrumb\":{\"@id\":\"https:\/\/legrandcontinent.eu\/fr\/2023\/04\/21\/lannee-2022-a-ete-la-plus-chaude-qua-connu-leurope\/#breadcrumb\"},\"inLanguage\":\"fr-FR\",\"potentialAction\":[{\"@type\":\"ReadAction\",\"target\":[\"https:\/\/legrandcontinent.eu\/fr\/2023\/04\/21\/lannee-2022-a-ete-la-plus-chaude-qua-connu-leurope\/\"]}]},{\"@type\":\"ImageObject\",\"inLanguage\":\"fr-FR\",\"@id\":\"https:\/\/legrandcontinent.eu\/fr\/2023\/04\/21\/lannee-2022-a-ete-la-plus-chaude-qua-connu-leurope\/#primaryimage\",\"url\":\"https:\/\/legrandcontinent.eu\/fr\/wp-content\/uploads\/sites\/2\/2023\/04\/0l5bW-variation-annuelle-de-la-masse-des-glaciers-des-alpes-1962-2022-.png\",\"contentUrl\":\"https:\/\/legrandcontinent.eu\/fr\/wp-content\/uploads\/sites\/2\/2023\/04\/0l5bW-variation-annuelle-de-la-masse-des-glaciers-des-alpes-1962-2022-.png\",\"width\":1691,\"height\":694},{\"@type\":\"BreadcrumbList\",\"@id\":\"https:\/\/legrandcontinent.eu\/fr\/2023\/04\/21\/lannee-2022-a-ete-la-plus-chaude-qua-connu-leurope\/#breadcrumb\",\"itemListElement\":[{\"@type\":\"ListItem\",\"position\":1,\"name\":\"Accueil\",\"item\":\"https:\/\/legrandcontinent.eu\/fr\/\"},{\"@type\":\"ListItem\",\"position\":2,\"name\":\"L\u2019ann\u00e9e 2022 a \u00e9t\u00e9 la plus chaude qu\u2019a connu l\u2019Europe\"}]},{\"@type\":\"WebSite\",\"@id\":\"https:\/\/legrandcontinent.eu\/fr\/#website\",\"url\":\"https:\/\/legrandcontinent.eu\/fr\/\",\"name\":\"Le Grand Continent\",\"description\":\"L&#039;\u00e9chelle pertinente\",\"potentialAction\":[{\"@type\":\"SearchAction\",\"target\":{\"@type\":\"EntryPoint\",\"urlTemplate\":\"https:\/\/legrandcontinent.eu\/fr\/?s={search_term_string}\"},\"query-input\":{\"@type\":\"PropertyValueSpecification\",\"valueRequired\":true,\"valueName\":\"search_term_string\"}}],\"inLanguage\":\"fr-FR\"},{\"@type\":\"Person\",\"@id\":\"https:\/\/legrandcontinent.eu\/fr\/#\/schema\/person\/bee86896b403754f76b6b1515ff0b697\",\"name\":\"Ramona Bloj\",\"image\":{\"@type\":\"ImageObject\",\"inLanguage\":\"fr-FR\",\"@id\":\"https:\/\/legrandcontinent.eu\/fr\/#\/schema\/person\/image\/\",\"url\":\"https:\/\/secure.gravatar.com\/avatar\/c1d91adb7c4c1eed266b81c0f9915707?s=96&d=mm&r=g\",\"contentUrl\":\"https:\/\/secure.gravatar.com\/avatar\/c1d91adb7c4c1eed266b81c0f9915707?s=96&d=mm&r=g\",\"caption\":\"Ramona Bloj\"}}]}<\/script>\n<!-- \/ Yoast SEO plugin. -->","yoast_head_json":{"title":"L\u2019ann\u00e9e 2022 a \u00e9t\u00e9 la plus chaude qu\u2019a connu l\u2019Europe | Le Grand Continent","robots":{"index":"index","follow":"follow","max-snippet":"max-snippet:-1","max-image-preview":"max-image-preview:large","max-video-preview":"max-video-preview:-1"},"canonical":"https:\/\/legrandcontinent.eu\/fr\/2023\/04\/21\/lannee-2022-a-ete-la-plus-chaude-qua-connu-leurope\/","og_locale":"fr_FR","og_type":"article","og_title":"L\u2019ann\u00e9e 2022 a \u00e9t\u00e9 la plus chaude qu\u2019a connu l\u2019Europe | Le Grand Continent","og_description":"Selon un rapport du Copernicus Climate Change Service, publi\u00e9 ce jeudi 20 avril, l\u2019Europe a connu une s\u00e9cheresse record sur l\u2019ann\u00e9e 2022, confirmant une tendance d\u00e9cennale. Le cas europ\u00e9en rejoint les observations faites au niveau mondial, en particulier en ce qui concerne sa cryosph\u00e8re, en d\u00e9clin acc\u00e9l\u00e9r\u00e9.","og_url":"https:\/\/legrandcontinent.eu\/fr\/2023\/04\/21\/lannee-2022-a-ete-la-plus-chaude-qua-connu-leurope\/","og_site_name":"Le Grand Continent","article_published_time":"2023-04-21T07:05:00+00:00","article_modified_time":"2023-04-21T16:08:41+00:00","og_image":[{"width":1691,"height":694,"url":"https:\/\/legrandcontinent.eu\/fr\/wp-content\/uploads\/sites\/2\/2023\/04\/0l5bW-variation-annuelle-de-la-masse-des-glaciers-des-alpes-1962-2022-.png","type":"image\/png"}],"author":"Ramona Bloj","twitter_card":"summary_large_image","twitter_misc":{"\u00c9crit par":"Ramona Bloj","Dur\u00e9e de lecture estim\u00e9e":"3 minutes"},"schema":{"@context":"https:\/\/schema.org","@graph":[{"@type":"WebPage","@id":"https:\/\/legrandcontinent.eu\/fr\/2023\/04\/21\/lannee-2022-a-ete-la-plus-chaude-qua-connu-leurope\/","url":"https:\/\/legrandcontinent.eu\/fr\/2023\/04\/21\/lannee-2022-a-ete-la-plus-chaude-qua-connu-leurope\/","name":"L\u2019ann\u00e9e 2022 a \u00e9t\u00e9 la plus chaude qu\u2019a connu l\u2019Europe | Le Grand Continent","isPartOf":{"@id":"https:\/\/legrandcontinent.eu\/fr\/#website"},"primaryImageOfPage":{"@id":"https:\/\/legrandcontinent.eu\/fr\/2023\/04\/21\/lannee-2022-a-ete-la-plus-chaude-qua-connu-leurope\/#primaryimage"},"image":{"@id":"https:\/\/legrandcontinent.eu\/fr\/2023\/04\/21\/lannee-2022-a-ete-la-plus-chaude-qua-connu-leurope\/#primaryimage"},"thumbnailUrl":"https:\/\/legrandcontinent.eu\/fr\/wp-content\/uploads\/sites\/2\/2023\/04\/0l5bW-variation-annuelle-de-la-masse-des-glaciers-des-alpes-1962-2022-.png","datePublished":"2023-04-21T07:05:00+00:00","dateModified":"2023-04-21T16:08:41+00:00","author":{"@id":"https:\/\/legrandcontinent.eu\/fr\/#\/schema\/person\/bee86896b403754f76b6b1515ff0b697"},"breadcrumb":{"@id":"https:\/\/legrandcontinent.eu\/fr\/2023\/04\/21\/lannee-2022-a-ete-la-plus-chaude-qua-connu-leurope\/#breadcrumb"},"inLanguage":"fr-FR","potentialAction":[{"@type":"ReadAction","target":["https:\/\/legrandcontinent.eu\/fr\/2023\/04\/21\/lannee-2022-a-ete-la-plus-chaude-qua-connu-leurope\/"]}]},{"@type":"ImageObject","inLanguage":"fr-FR","@id":"https:\/\/legrandcontinent.eu\/fr\/2023\/04\/21\/lannee-2022-a-ete-la-plus-chaude-qua-connu-leurope\/#primaryimage","url":"https:\/\/legrandcontinent.eu\/fr\/wp-content\/uploads\/sites\/2\/2023\/04\/0l5bW-variation-annuelle-de-la-masse-des-glaciers-des-alpes-1962-2022-.png","contentUrl":"https:\/\/legrandcontinent.eu\/fr\/wp-content\/uploads\/sites\/2\/2023\/04\/0l5bW-variation-annuelle-de-la-masse-des-glaciers-des-alpes-1962-2022-.png","width":1691,"height":694},{"@type":"BreadcrumbList","@id":"https:\/\/legrandcontinent.eu\/fr\/2023\/04\/21\/lannee-2022-a-ete-la-plus-chaude-qua-connu-leurope\/#breadcrumb","itemListElement":[{"@type":"ListItem","position":1,"name":"Accueil","item":"https:\/\/legrandcontinent.eu\/fr\/"},{"@type":"ListItem","position":2,"name":"L\u2019ann\u00e9e 2022 a \u00e9t\u00e9 la plus chaude qu\u2019a connu l\u2019Europe"}]},{"@type":"WebSite","@id":"https:\/\/legrandcontinent.eu\/fr\/#website","url":"https:\/\/legrandcontinent.eu\/fr\/","name":"Le Grand Continent","description":"L&#039;\u00e9chelle pertinente","potentialAction":[{"@type":"SearchAction","target":{"@type":"EntryPoint","urlTemplate":"https:\/\/legrandcontinent.eu\/fr\/?s={search_term_string}"},"query-input":{"@type":"PropertyValueSpecification","valueRequired":true,"valueName":"search_term_string"}}],"inLanguage":"fr-FR"},{"@type":"Person","@id":"https:\/\/legrandcontinent.eu\/fr\/#\/schema\/person\/bee86896b403754f76b6b1515ff0b697","name":"Ramona Bloj","image":{"@type":"ImageObject","inLanguage":"fr-FR","@id":"https:\/\/legrandcontinent.eu\/fr\/#\/schema\/person\/image\/","url":"https:\/\/secure.gravatar.com\/avatar\/c1d91adb7c4c1eed266b81c0f9915707?s=96&d=mm&r=g","contentUrl":"https:\/\/secure.gravatar.com\/avatar\/c1d91adb7c4c1eed266b81c0f9915707?s=96&d=mm&r=g","caption":"Ramona Bloj"}}]}},"lgc_categories":[{"id":1730,"name":"\u00c9nergie et environnement","slug":"energie-et-environnement"}],"lgc_author":null,"feature_image_summary":{"url":"https:\/\/legrandcontinent.eu\/fr\/wp-content\/uploads\/sites\/2\/2023\/04\/0l5bW-variation-annuelle-de-la-masse-des-glaciers-des-alpes-1962-2022-.png","width":1691,"height":694,"alt":""},"feature_image_cover":null,"term_position_data":null,"_links":{"self":[{"href":"https:\/\/legrandcontinent.eu\/fr\/wp-json\/wp\/v2\/posts\/182927","targetHints":{"allow":["GET"]}}],"collection":[{"href":"https:\/\/legrandcontinent.eu\/fr\/wp-json\/wp\/v2\/posts"}],"about":[{"href":"https:\/\/legrandcontinent.eu\/fr\/wp-json\/wp\/v2\/types\/post"}],"author":[{"embeddable":true,"href":"https:\/\/legrandcontinent.eu\/fr\/wp-json\/wp\/v2\/users\/40"}],"replies":[{"embeddable":true,"href":"https:\/\/legrandcontinent.eu\/fr\/wp-json\/wp\/v2\/comments?post=182927"}],"version-history":[{"count":0,"href":"https:\/\/legrandcontinent.eu\/fr\/wp-json\/wp\/v2\/posts\/182927\/revisions"}],"wp:featuredmedia":[{"embeddable":true,"href":"https:\/\/legrandcontinent.eu\/fr\/wp-json\/wp\/v2\/media\/182928"}],"wp:attachment":[{"href":"https:\/\/legrandcontinent.eu\/fr\/wp-json\/wp\/v2\/media?parent=182927"}],"wp:term":[{"taxonomy":"category","embeddable":true,"href":"https:\/\/legrandcontinent.eu\/fr\/wp-json\/wp\/v2\/categories?post=182927"},{"taxonomy":"post_tag","embeddable":true,"href":"https:\/\/legrandcontinent.eu\/fr\/wp-json\/wp\/v2\/tags?post=182927"},{"taxonomy":"staff","embeddable":true,"href":"https:\/\/legrandcontinent.eu\/fr\/wp-json\/wp\/v2\/staff?post=182927"},{"taxonomy":"editorial_format","embeddable":true,"href":"https:\/\/legrandcontinent.eu\/fr\/wp-json\/wp\/v2\/editorial_format?post=182927"},{"taxonomy":"serie","embeddable":true,"href":"https:\/\/legrandcontinent.eu\/fr\/wp-json\/wp\/v2\/serie?post=182927"},{"taxonomy":"audience","embeddable":true,"href":"https:\/\/legrandcontinent.eu\/fr\/wp-json\/wp\/v2\/audience?post=182927"},{"taxonomy":"geo","embeddable":true,"href":"https:\/\/legrandcontinent.eu\/fr\/wp-json\/wp\/v2\/geo?post=182927"}],"curies":[{"name":"wp","href":"https:\/\/api.w.org\/{rel}","templated":true}]}}