{"id":180289,"date":"2023-03-20T17:55:49","date_gmt":"2023-03-20T16:55:49","guid":{"rendered":"https:\/\/legrandcontinent.eu\/fr\/?p=180289"},"modified":"2023-03-20T17:55:50","modified_gmt":"2023-03-20T16:55:50","slug":"le-seuil-de-15-c-de-rechauffement-sera-franchi-dans-les-annees-2030-selon-le-giec","status":"publish","type":"post","link":"https:\/\/legrandcontinent.eu\/fr\/2023\/03\/20\/le-seuil-de-15-c-de-rechauffement-sera-franchi-dans-les-annees-2030-selon-le-giec\/","title":{"rendered":"Le seuil de 1,5 \u00b0C de r\u00e9chauffement sera franchi dans les ann\u00e9es 2030, selon le GIEC"},"content":{"rendered":"\n<p>Le rapport du GIEC sorti aujourd\u2019hui consiste en une synth\u00e8se des trois volets du sixi\u00e8me rapport d\u2019\u00e9valuation parus au cours des deux ann\u00e9es pr\u00e9c\u00e9dentes, ainsi que des trois rapports dits \u00ab&#160;sp\u00e9ciaux&#160;\u00bb&nbsp; portant sur les cons\u00e9quences du r\u00e9chauffement climatique sur les terres, les oc\u00e9ans ainsi que sur la cryosph\u00e8re, publi\u00e9s depuis 2018.<\/p>\n\n\n\n<ul class=\"wp-block-list\">\n<li>Si le message port\u00e9 par l\u2019organisme est d\u00e9j\u00e0 connu, il r\u00e9sulte n\u00e9anmoins d\u2019une longue n\u00e9gociation qui aura dur\u00e9 16 jours \u2014 selon l\u2019usage, les auteurs doivent valider ligne par ligne le rapport avant son approbation.<\/li>\n\n\n\n<li>Le document est en lui-m\u00eame important car, contrairement aux pr\u00e9c\u00e9dentes productions susmentionn\u00e9es, il s\u2019agit d\u2019un rapport compr\u00e9hensif qui servira de base aux n\u00e9gociations lors de la prochaine COP 28 \u00e0 Duba\u00ef, tout comme le cinqui\u00e8me rapport d\u2019\u00e9valuation avait constitu\u00e9 le principal fondement scientifique de l\u2019Accord de Paris de 2015&nbsp;<span class='whitespace-nowrap'><span id='easy-footnote-1-180289' class='easy-footnote-margin-adjust'><\/span><span class='easy-footnote'><a href='https:\/\/legrandcontinent.eu\/fr\/2023\/03\/20\/le-seuil-de-15-c-de-rechauffement-sera-franchi-dans-les-annees-2030-selon-le-giec\/#easy-footnote-bottom-1-180289' title='&lt;a href=&quot;https:\/\/www.ipcc.ch\/report\/ar6\/syr\/downloads\/press\/IPCC_AR6_SYR_PressRelease_en.pdf&quot;&gt;Urgent climate action can secure a liveable future for all&lt;\/a&gt;, IPCC Press Release, 20 mars 2023.'><sup>1<\/sup><\/a><\/span><\/span>.<\/li>\n<\/ul>\n\n\n\n<div class=\"iframe-container wp-block-image wp-block-image-medium \">\n\t<div>\n\t\t<iframe class=\"absolute w-full h-full pin-t pin-l\" title=\"titolo\" aria-label=\"Interactive line chart\" src=\"\/\/flo.uri.sh\/visualisation\/13131959\/embed\" scrolling=\"no\" frameborder=\"0\"><\/iframe>\n\t<\/div>\n<\/div>\n\n\n\n<p>Malgr\u00e9 l\u2019appel lanc\u00e9 d\u00e8s 2018 par le GIEC consistant \u00e0 avertir des dangers li\u00e9s \u00e0 une augmentation de la temp\u00e9rature mondiale de plus de 1,5 \u00b0C par rapport aux niveaux pr\u00e9-industriels ainsi qu\u2019\u00e0 la difficult\u00e9 de s\u2019en tenir \u00e0 ce plafond, les \u00e9missions de gaz \u00e0 effet de serre ont continu\u00e9 \u00e0 augmenter, culminant en 2021 \u00e0 37,12 milliards de tonnes de CO2 rejet\u00e9es (en augmentation par rapport \u00e0 36,83 en 2018, malgr\u00e9 la baisse li\u00e9e \u00e0 la pand\u00e9mie).<\/p>\n\n\n\n<div class=\"iframe-container wp-block-image wp-block-image-medium  iframe-dw\">\n\t<div>\n\t\t<iframe class=\"absolute w-full h-full pin-t pin-l\" title=\"titolo\" aria-label=\"Interactive line chart\" src=\"\/\/datawrapper.dwcdn.net\/E6E0s\/\" scrolling=\"no\" frameborder=\"0\"><\/iframe>\n\t<\/div>\n<\/div>\n\n\n\n<p>Ainsi, le GIEC dresse plusieurs constats.<\/p>\n\n\n\n<ul class=\"wp-block-list\">\n<li>Les actions prises par les gouvernements sont \u00e0 cette heure insuffisantes pour lutter contre le changement climatique.<\/li>\n\n\n\n<li>Si \u00ab&#160;les capitaux sont suffisants pour combler les d\u00e9ficits d&rsquo;investissement au niveau mondial&#160;\u00bb, les investissements n\u00e9cessaires pour limiter le r\u00e9chauffement \u00e0 2\u00b0C ou 1,5\u00b0C au cours de la p\u00e9riode 2020-2030 sont \u00ab&#160;de trois \u00e0 six fois sup\u00e9rieurs aux niveaux actuels&#160;\u00bb&nbsp;<span class='whitespace-nowrap'><span id='easy-footnote-2-180289' class='easy-footnote-margin-adjust'><\/span><span class='easy-footnote'><a href='https:\/\/legrandcontinent.eu\/fr\/2023\/03\/20\/le-seuil-de-15-c-de-rechauffement-sera-franchi-dans-les-annees-2030-selon-le-giec\/#easy-footnote-bottom-2-180289' title='&lt;a href=&quot;https:\/\/report.ipcc.ch\/ar6syr\/pdf\/IPCC_AR6_SYR_SPM.pdf&quot;&gt;SYNTHESIS REPORT 2 OF THE IPCC SIXTH ASSESSMENT REPORT (AR6)&lt;\/a&gt;, GIEC, 20 mars 2023.'><sup>2<\/sup><\/a><\/span><\/span>.<\/li>\n\n\n\n<li>L\u2019accumulation des \u00e9missions de gaz \u00e0 effet de serre d\u00e9j\u00e0 rel\u00e2ch\u00e9s dans l\u2019atmosph\u00e8re ont et auront un impact n\u00e9gatif sur le syst\u00e8me climatique. Toutefois, la r\u00e9duction du niveau de pollution est n\u00e9cessaire car elle pourrait limiter le risque de franchir des \u00ab&#160;<a href=\"https:\/\/legrandcontinent.eu\/fr\/2022\/09\/14\/selon-une-etude-un-rechauffement-au-dela-d15c-declencherait-des-points-de-basculement-climatique-desastreux\/\">points de basculement climatique<\/a>&#160;\u00bb.&nbsp;&nbsp;<\/li>\n<\/ul>\n\n\n\n<div class=\"iframe-container wp-block-image wp-block-image-medium  iframe-dw\">\n\t<div>\n\t\t<iframe class=\"absolute w-full h-full pin-t pin-l\" title=\"titolo\" aria-label=\"Interactive line chart\" src=\"\/\/datawrapper.dwcdn.net\/Vl2dt\/\" scrolling=\"no\" frameborder=\"0\"><\/iframe>\n\t<\/div>\n<\/div>\n\n\n\n<p>Le rapport insiste sur la viabilit\u00e9 des alternatives d\u00e9j\u00e0 existantes permettant d\u2019att\u00e9nuer les \u00e9missions de gaz \u00e0 effet de serre. Dans le secteur de la production d\u2019\u00e9nergie seul, les options d\u00e9carbon\u00e9es (solaire, \u00e9olien, bio\u00e9nergie, nucl\u00e9aire, hydraulique\u2026) permettraient, selon le GIEC, d\u2019\u00e9mettre 11,69 gigatonnes d\u2019\u00e9quivalent CO2 en moins d\u2019ici 2030 par rapport \u00e0 la production d\u2019\u00e9nergie \u00e0 partir de sources carbone (charbon principalement).<\/p>\n\n\n\n<div class=\"iframe-container wp-block-image wp-block-image-medium  iframe-dw\">\n\t<div>\n\t\t<iframe class=\"absolute w-full h-full pin-t pin-l\" title=\"titolo\" aria-label=\"Interactive line chart\" src=\"\/\/datawrapper.dwcdn.net\/m8XMG\/\" scrolling=\"no\" frameborder=\"0\"><\/iframe>\n\t<\/div>\n<\/div>\n\n\n\n<p>Ce sc\u00e9nario supposerait cependant que les pays cessent d\u2019investir dans la production d\u2019\u00e9nergie \u00e0 partir de charbon et de p\u00e9trole.<\/p>\n\n\n\n<ul class=\"wp-block-list\">\n<li>Le GIEC insiste sur le besoin de rendre les soci\u00e9t\u00e9s plus r\u00e9silientes et plus rationnelles dans leur consommation d\u2019\u00e9nergie (favoriser l\u2019acc\u00e8s pour le plus grand nombre, encourager la mobilit\u00e9 durable, investir massivement dans les \u00e9nergies renouvelables\u2026)<\/li>\n\n\n\n<li>Or, certains pays tendent vers cette transition \u00e9nerg\u00e9tique tout en continuant de miser consid\u00e9rablement sur les \u00e9nergies fossiles. Ainsi, 72&#160;% des projets de nouvelles centrales \u00e0 charbon dans le monde se situent en Chine (pour l\u2019\u00e9quivalent de 250 GW), tandis que P\u00e9kin a approuv\u00e9 en 2022 la construction de l<a href=\"https:\/\/legrandcontinent.eu\/fr\/2023\/02\/28\/en-2022-pekin-a-approuve-la-construction-de-lequivalent-de-deux-nouvelles-centrales-a-charbon-par-semaine\/\">\u2019\u00e9quivalent de deux nouvelles centrales par semaine<\/a>.<\/li>\n<\/ul>\n","protected":false},"excerpt":{"rendered":"<p>Aujourd\u2019hui, lundi 20 mars, le Groupe d\u2019experts intergouvernemental sur l\u2019\u00e9volution du climat (GIEC) a publi\u00e9 la synth\u00e8se de son sixi\u00e8me rapport. Dans celui-ci, l\u2019organisme dresse le bilan le plus complet et \u00e0 jour de ses recherches avec un message simple&#160;&#160;: les causes du changement climatique sont connues, tout comme les solutions.<\/p>\n","protected":false},"author":2622,"featured_media":180288,"comment_status":"closed","ping_status":"closed","sticky":false,"template":"templates\/post-briefings.php","format":"standard","meta":{"_acf_changed":false,"_trash_the_other_posts":false,"_yoast_wpseo_estimated-reading-time-minutes":3,"footnotes":""},"categories":[1730],"tags":[],"staff":[],"editorial_format":[],"serie":[],"audience":[],"geo":[2163],"class_list":["post-180289","post","type-post","status-publish","format-standard","hentry","category-energie-et-environnement","geo-monde"],"acf":{"open_in_webview":false,"accent":false},"yoast_head":"<!-- This site is optimized with the Yoast SEO plugin v26.1.1 - https:\/\/yoast.com\/wordpress\/plugins\/seo\/ -->\n<title>Le seuil de 1,5 \u00b0C de r\u00e9chauffement sera franchi dans les ann\u00e9es 2030, selon le GIEC | Le Grand Continent<\/title>\n<meta name=\"robots\" content=\"index, follow, max-snippet:-1, max-image-preview:large, max-video-preview:-1\" \/>\n<link rel=\"canonical\" href=\"https:\/\/legrandcontinent.eu\/fr\/2023\/03\/20\/le-seuil-de-15-c-de-rechauffement-sera-franchi-dans-les-annees-2030-selon-le-giec\/\" \/>\n<meta property=\"og:locale\" content=\"fr_FR\" \/>\n<meta property=\"og:type\" content=\"article\" \/>\n<meta property=\"og:title\" content=\"Le seuil de 1,5 \u00b0C de r\u00e9chauffement sera franchi dans les ann\u00e9es 2030, selon le GIEC | Le Grand Continent\" \/>\n<meta property=\"og:description\" content=\"Aujourd\u2019hui, lundi 20 mars, le Groupe d\u2019experts intergouvernemental sur l\u2019\u00e9volution du climat (GIEC) a publi\u00e9 la synth\u00e8se de son sixi\u00e8me rapport. Dans celui-ci, l\u2019organisme dresse le bilan le plus complet et \u00e0 jour de ses recherches avec un message simple&#160;: les causes du changement climatique sont connues, tout comme les solutions.\" \/>\n<meta property=\"og:url\" content=\"https:\/\/legrandcontinent.eu\/fr\/2023\/03\/20\/le-seuil-de-15-c-de-rechauffement-sera-franchi-dans-les-annees-2030-selon-le-giec\/\" \/>\n<meta property=\"og:site_name\" content=\"Le Grand Continent\" \/>\n<meta property=\"article:published_time\" content=\"2023-03-20T16:55:49+00:00\" \/>\n<meta property=\"article:modified_time\" content=\"2023-03-20T16:55:50+00:00\" \/>\n<meta property=\"og:image\" content=\"https:\/\/legrandcontinent.eu\/fr\/wp-content\/uploads\/sites\/2\/2023\/03\/gc-synthese-sixieme-rapport-GIEC-e1679330913151.jpg\" \/>\n\t<meta property=\"og:image:width\" content=\"1453\" \/>\n\t<meta property=\"og:image:height\" content=\"816\" \/>\n\t<meta property=\"og:image:type\" content=\"image\/jpeg\" \/>\n<meta name=\"author\" content=\"Marin Saillofest\" \/>\n<meta name=\"twitter:card\" content=\"summary_large_image\" \/>\n<meta name=\"twitter:image\" content=\"https:\/\/legrandcontinent.eu\/fr\/wp-content\/uploads\/sites\/2\/2023\/03\/gc-synthese-sixieme-rapport-GIEC-e1679330913151.jpg\" \/>\n<meta name=\"twitter:label1\" content=\"\u00c9crit par\" \/>\n\t<meta name=\"twitter:data1\" content=\"Marin Saillofest\" \/>\n\t<meta name=\"twitter:label2\" content=\"Dur\u00e9e de lecture estim\u00e9e\" \/>\n\t<meta name=\"twitter:data2\" content=\"3 minutes\" \/>\n<script type=\"application\/ld+json\" class=\"yoast-schema-graph\">{\"@context\":\"https:\/\/schema.org\",\"@graph\":[{\"@type\":\"WebPage\",\"@id\":\"https:\/\/legrandcontinent.eu\/fr\/2023\/03\/20\/le-seuil-de-15-c-de-rechauffement-sera-franchi-dans-les-annees-2030-selon-le-giec\/\",\"url\":\"https:\/\/legrandcontinent.eu\/fr\/2023\/03\/20\/le-seuil-de-15-c-de-rechauffement-sera-franchi-dans-les-annees-2030-selon-le-giec\/\",\"name\":\"Le seuil de 1,5 \u00b0C de r\u00e9chauffement sera franchi dans les ann\u00e9es 2030, selon le GIEC | Le Grand Continent\",\"isPartOf\":{\"@id\":\"https:\/\/legrandcontinent.eu\/fr\/#website\"},\"primaryImageOfPage\":{\"@id\":\"https:\/\/legrandcontinent.eu\/fr\/2023\/03\/20\/le-seuil-de-15-c-de-rechauffement-sera-franchi-dans-les-annees-2030-selon-le-giec\/#primaryimage\"},\"image\":{\"@id\":\"https:\/\/legrandcontinent.eu\/fr\/2023\/03\/20\/le-seuil-de-15-c-de-rechauffement-sera-franchi-dans-les-annees-2030-selon-le-giec\/#primaryimage\"},\"thumbnailUrl\":\"https:\/\/legrandcontinent.eu\/fr\/wp-content\/uploads\/sites\/2\/2023\/03\/Capture-de\u0301cran-2023-03-20-a\u0300-17.45.42.jpg\",\"datePublished\":\"2023-03-20T16:55:49+00:00\",\"dateModified\":\"2023-03-20T16:55:50+00:00\",\"author\":{\"@id\":\"https:\/\/legrandcontinent.eu\/fr\/#\/schema\/person\/e4f85f52220fc7b4cc3cfdb86d88e833\"},\"breadcrumb\":{\"@id\":\"https:\/\/legrandcontinent.eu\/fr\/2023\/03\/20\/le-seuil-de-15-c-de-rechauffement-sera-franchi-dans-les-annees-2030-selon-le-giec\/#breadcrumb\"},\"inLanguage\":\"fr-FR\",\"potentialAction\":[{\"@type\":\"ReadAction\",\"target\":[\"https:\/\/legrandcontinent.eu\/fr\/2023\/03\/20\/le-seuil-de-15-c-de-rechauffement-sera-franchi-dans-les-annees-2030-selon-le-giec\/\"]}]},{\"@type\":\"ImageObject\",\"inLanguage\":\"fr-FR\",\"@id\":\"https:\/\/legrandcontinent.eu\/fr\/2023\/03\/20\/le-seuil-de-15-c-de-rechauffement-sera-franchi-dans-les-annees-2030-selon-le-giec\/#primaryimage\",\"url\":\"https:\/\/legrandcontinent.eu\/fr\/wp-content\/uploads\/sites\/2\/2023\/03\/Capture-de\u0301cran-2023-03-20-a\u0300-17.45.42.jpg\",\"contentUrl\":\"https:\/\/legrandcontinent.eu\/fr\/wp-content\/uploads\/sites\/2\/2023\/03\/Capture-de\u0301cran-2023-03-20-a\u0300-17.45.42.jpg\",\"width\":1496,\"height\":868},{\"@type\":\"BreadcrumbList\",\"@id\":\"https:\/\/legrandcontinent.eu\/fr\/2023\/03\/20\/le-seuil-de-15-c-de-rechauffement-sera-franchi-dans-les-annees-2030-selon-le-giec\/#breadcrumb\",\"itemListElement\":[{\"@type\":\"ListItem\",\"position\":1,\"name\":\"Accueil\",\"item\":\"https:\/\/legrandcontinent.eu\/fr\/\"},{\"@type\":\"ListItem\",\"position\":2,\"name\":\"Le seuil de 1,5 \u00b0C de r\u00e9chauffement sera franchi dans les ann\u00e9es 2030, selon le GIEC\"}]},{\"@type\":\"WebSite\",\"@id\":\"https:\/\/legrandcontinent.eu\/fr\/#website\",\"url\":\"https:\/\/legrandcontinent.eu\/fr\/\",\"name\":\"Le Grand Continent\",\"description\":\"L&#039;\u00e9chelle pertinente\",\"potentialAction\":[{\"@type\":\"SearchAction\",\"target\":{\"@type\":\"EntryPoint\",\"urlTemplate\":\"https:\/\/legrandcontinent.eu\/fr\/?s={search_term_string}\"},\"query-input\":{\"@type\":\"PropertyValueSpecification\",\"valueRequired\":true,\"valueName\":\"search_term_string\"}}],\"inLanguage\":\"fr-FR\"},{\"@type\":\"Person\",\"@id\":\"https:\/\/legrandcontinent.eu\/fr\/#\/schema\/person\/e4f85f52220fc7b4cc3cfdb86d88e833\",\"name\":\"Marin Saillofest\",\"image\":{\"@type\":\"ImageObject\",\"inLanguage\":\"fr-FR\",\"@id\":\"https:\/\/legrandcontinent.eu\/fr\/#\/schema\/person\/image\/\",\"url\":\"https:\/\/secure.gravatar.com\/avatar\/87088698b4d967390c49ae6d4f1aa459?s=96&d=mm&r=g\",\"contentUrl\":\"https:\/\/secure.gravatar.com\/avatar\/87088698b4d967390c49ae6d4f1aa459?s=96&d=mm&r=g\",\"caption\":\"Marin Saillofest\"}}]}<\/script>\n<!-- \/ Yoast SEO plugin. -->","yoast_head_json":{"title":"Le seuil de 1,5 \u00b0C de r\u00e9chauffement sera franchi dans les ann\u00e9es 2030, selon le GIEC | Le Grand Continent","robots":{"index":"index","follow":"follow","max-snippet":"max-snippet:-1","max-image-preview":"max-image-preview:large","max-video-preview":"max-video-preview:-1"},"canonical":"https:\/\/legrandcontinent.eu\/fr\/2023\/03\/20\/le-seuil-de-15-c-de-rechauffement-sera-franchi-dans-les-annees-2030-selon-le-giec\/","og_locale":"fr_FR","og_type":"article","og_title":"Le seuil de 1,5 \u00b0C de r\u00e9chauffement sera franchi dans les ann\u00e9es 2030, selon le GIEC | Le Grand Continent","og_description":"Aujourd\u2019hui, lundi 20 mars, le Groupe d\u2019experts intergouvernemental sur l\u2019\u00e9volution du climat (GIEC) a publi\u00e9 la synth\u00e8se de son sixi\u00e8me rapport. Dans celui-ci, l\u2019organisme dresse le bilan le plus complet et \u00e0 jour de ses recherches avec un message simple&#160;: les causes du changement climatique sont connues, tout comme les solutions.","og_url":"https:\/\/legrandcontinent.eu\/fr\/2023\/03\/20\/le-seuil-de-15-c-de-rechauffement-sera-franchi-dans-les-annees-2030-selon-le-giec\/","og_site_name":"Le Grand Continent","article_published_time":"2023-03-20T16:55:49+00:00","article_modified_time":"2023-03-20T16:55:50+00:00","og_image":[{"width":1453,"height":816,"url":"https:\/\/legrandcontinent.eu\/fr\/wp-content\/uploads\/sites\/2\/2023\/03\/gc-synthese-sixieme-rapport-GIEC-e1679330913151.jpg","type":"image\/jpeg"}],"author":"Marin Saillofest","twitter_card":"summary_large_image","twitter_image":"https:\/\/legrandcontinent.eu\/fr\/wp-content\/uploads\/sites\/2\/2023\/03\/gc-synthese-sixieme-rapport-GIEC-e1679330913151.jpg","twitter_misc":{"\u00c9crit par":"Marin Saillofest","Dur\u00e9e de lecture estim\u00e9e":"3 minutes"},"schema":{"@context":"https:\/\/schema.org","@graph":[{"@type":"WebPage","@id":"https:\/\/legrandcontinent.eu\/fr\/2023\/03\/20\/le-seuil-de-15-c-de-rechauffement-sera-franchi-dans-les-annees-2030-selon-le-giec\/","url":"https:\/\/legrandcontinent.eu\/fr\/2023\/03\/20\/le-seuil-de-15-c-de-rechauffement-sera-franchi-dans-les-annees-2030-selon-le-giec\/","name":"Le seuil de 1,5 \u00b0C de r\u00e9chauffement sera franchi dans les ann\u00e9es 2030, selon le GIEC | Le Grand Continent","isPartOf":{"@id":"https:\/\/legrandcontinent.eu\/fr\/#website"},"primaryImageOfPage":{"@id":"https:\/\/legrandcontinent.eu\/fr\/2023\/03\/20\/le-seuil-de-15-c-de-rechauffement-sera-franchi-dans-les-annees-2030-selon-le-giec\/#primaryimage"},"image":{"@id":"https:\/\/legrandcontinent.eu\/fr\/2023\/03\/20\/le-seuil-de-15-c-de-rechauffement-sera-franchi-dans-les-annees-2030-selon-le-giec\/#primaryimage"},"thumbnailUrl":"https:\/\/legrandcontinent.eu\/fr\/wp-content\/uploads\/sites\/2\/2023\/03\/Capture-de\u0301cran-2023-03-20-a\u0300-17.45.42.jpg","datePublished":"2023-03-20T16:55:49+00:00","dateModified":"2023-03-20T16:55:50+00:00","author":{"@id":"https:\/\/legrandcontinent.eu\/fr\/#\/schema\/person\/e4f85f52220fc7b4cc3cfdb86d88e833"},"breadcrumb":{"@id":"https:\/\/legrandcontinent.eu\/fr\/2023\/03\/20\/le-seuil-de-15-c-de-rechauffement-sera-franchi-dans-les-annees-2030-selon-le-giec\/#breadcrumb"},"inLanguage":"fr-FR","potentialAction":[{"@type":"ReadAction","target":["https:\/\/legrandcontinent.eu\/fr\/2023\/03\/20\/le-seuil-de-15-c-de-rechauffement-sera-franchi-dans-les-annees-2030-selon-le-giec\/"]}]},{"@type":"ImageObject","inLanguage":"fr-FR","@id":"https:\/\/legrandcontinent.eu\/fr\/2023\/03\/20\/le-seuil-de-15-c-de-rechauffement-sera-franchi-dans-les-annees-2030-selon-le-giec\/#primaryimage","url":"https:\/\/legrandcontinent.eu\/fr\/wp-content\/uploads\/sites\/2\/2023\/03\/Capture-de\u0301cran-2023-03-20-a\u0300-17.45.42.jpg","contentUrl":"https:\/\/legrandcontinent.eu\/fr\/wp-content\/uploads\/sites\/2\/2023\/03\/Capture-de\u0301cran-2023-03-20-a\u0300-17.45.42.jpg","width":1496,"height":868},{"@type":"BreadcrumbList","@id":"https:\/\/legrandcontinent.eu\/fr\/2023\/03\/20\/le-seuil-de-15-c-de-rechauffement-sera-franchi-dans-les-annees-2030-selon-le-giec\/#breadcrumb","itemListElement":[{"@type":"ListItem","position":1,"name":"Accueil","item":"https:\/\/legrandcontinent.eu\/fr\/"},{"@type":"ListItem","position":2,"name":"Le seuil de 1,5 \u00b0C de r\u00e9chauffement sera franchi dans les ann\u00e9es 2030, selon le GIEC"}]},{"@type":"WebSite","@id":"https:\/\/legrandcontinent.eu\/fr\/#website","url":"https:\/\/legrandcontinent.eu\/fr\/","name":"Le Grand Continent","description":"L&#039;\u00e9chelle pertinente","potentialAction":[{"@type":"SearchAction","target":{"@type":"EntryPoint","urlTemplate":"https:\/\/legrandcontinent.eu\/fr\/?s={search_term_string}"},"query-input":{"@type":"PropertyValueSpecification","valueRequired":true,"valueName":"search_term_string"}}],"inLanguage":"fr-FR"},{"@type":"Person","@id":"https:\/\/legrandcontinent.eu\/fr\/#\/schema\/person\/e4f85f52220fc7b4cc3cfdb86d88e833","name":"Marin Saillofest","image":{"@type":"ImageObject","inLanguage":"fr-FR","@id":"https:\/\/legrandcontinent.eu\/fr\/#\/schema\/person\/image\/","url":"https:\/\/secure.gravatar.com\/avatar\/87088698b4d967390c49ae6d4f1aa459?s=96&d=mm&r=g","contentUrl":"https:\/\/secure.gravatar.com\/avatar\/87088698b4d967390c49ae6d4f1aa459?s=96&d=mm&r=g","caption":"Marin Saillofest"}}]}},"lgc_categories":[{"id":1730,"name":"\u00c9nergie et environnement","slug":"energie-et-environnement"}],"lgc_author":null,"feature_image_summary":{"url":"https:\/\/legrandcontinent.eu\/fr\/wp-content\/uploads\/sites\/2\/2023\/03\/Capture-de\u0301cran-2023-03-20-a\u0300-17.45.42.jpg","width":1496,"height":868,"alt":""},"feature_image_cover":null,"term_position_data":null,"_links":{"self":[{"href":"https:\/\/legrandcontinent.eu\/fr\/wp-json\/wp\/v2\/posts\/180289","targetHints":{"allow":["GET"]}}],"collection":[{"href":"https:\/\/legrandcontinent.eu\/fr\/wp-json\/wp\/v2\/posts"}],"about":[{"href":"https:\/\/legrandcontinent.eu\/fr\/wp-json\/wp\/v2\/types\/post"}],"author":[{"embeddable":true,"href":"https:\/\/legrandcontinent.eu\/fr\/wp-json\/wp\/v2\/users\/2622"}],"replies":[{"embeddable":true,"href":"https:\/\/legrandcontinent.eu\/fr\/wp-json\/wp\/v2\/comments?post=180289"}],"version-history":[{"count":0,"href":"https:\/\/legrandcontinent.eu\/fr\/wp-json\/wp\/v2\/posts\/180289\/revisions"}],"wp:featuredmedia":[{"embeddable":true,"href":"https:\/\/legrandcontinent.eu\/fr\/wp-json\/wp\/v2\/media\/180288"}],"wp:attachment":[{"href":"https:\/\/legrandcontinent.eu\/fr\/wp-json\/wp\/v2\/media?parent=180289"}],"wp:term":[{"taxonomy":"category","embeddable":true,"href":"https:\/\/legrandcontinent.eu\/fr\/wp-json\/wp\/v2\/categories?post=180289"},{"taxonomy":"post_tag","embeddable":true,"href":"https:\/\/legrandcontinent.eu\/fr\/wp-json\/wp\/v2\/tags?post=180289"},{"taxonomy":"staff","embeddable":true,"href":"https:\/\/legrandcontinent.eu\/fr\/wp-json\/wp\/v2\/staff?post=180289"},{"taxonomy":"editorial_format","embeddable":true,"href":"https:\/\/legrandcontinent.eu\/fr\/wp-json\/wp\/v2\/editorial_format?post=180289"},{"taxonomy":"serie","embeddable":true,"href":"https:\/\/legrandcontinent.eu\/fr\/wp-json\/wp\/v2\/serie?post=180289"},{"taxonomy":"audience","embeddable":true,"href":"https:\/\/legrandcontinent.eu\/fr\/wp-json\/wp\/v2\/audience?post=180289"},{"taxonomy":"geo","embeddable":true,"href":"https:\/\/legrandcontinent.eu\/fr\/wp-json\/wp\/v2\/geo?post=180289"}],"curies":[{"name":"wp","href":"https:\/\/api.w.org\/{rel}","templated":true}]}}