{"id":179252,"date":"2023-03-10T06:35:00","date_gmt":"2023-03-10T05:35:00","guid":{"rendered":"https:\/\/legrandcontinent.eu\/fr\/?p=179252"},"modified":"2023-03-09T18:58:07","modified_gmt":"2023-03-09T17:58:07","slug":"quattendre-du-sommet-franco-britannique-qui-souvre-a-paris","status":"publish","type":"post","link":"https:\/\/legrandcontinent.eu\/fr\/2023\/03\/10\/quattendre-du-sommet-franco-britannique-qui-souvre-a-paris\/","title":{"rendered":"Qu\u2019attendre du sommet franco-britannique qui s\u2019ouvre \u00e0 Paris&#160;?"},"content":{"rendered":"\n<p>Les sujets pr\u00e9vus officiellement \u00e0 l\u2019ordre du jour couvrent un large spectre&#160;: ils incluent la d\u00e9fense, le climat, l&rsquo;\u00e9nergie, les migrations, la jeunesse et la politique \u00e9trang\u00e8re.<\/p>\n\n\n\n<ul class=\"wp-block-list\">\n<li>Le sommet arrive dans le sillage de la pr\u00e9sentation des nouveaux objectifs de la d\u00e9fense fran\u00e7aise et dans la s\u00e9quence de la pr\u00e9paration de la loi de programmation militaire (LPM), incluant notamment la pr\u00e9paration \u00e0 un conflit de haute intensit\u00e9 et l\u2019augmentation de l\u2019arsenal.\u00ab&#160;La coop\u00e9ration bilat\u00e9rale [en mati\u00e8re de d\u00e9fense] pourrait \u00e9galement servir de catalyseur pour une coop\u00e9ration au niveau europ\u00e9en, qu\u2019il s\u2019agisse de coalitions <em>ad hoc<\/em> ou d\u2019une coop\u00e9ration de type <em>plug and play<\/em> <a href=\"https:\/\/legrandcontinent.eu\/fr\/2023\/01\/03\/10-points-sur-la-defense-europeenne-en-2023\/\">entre l\u2019Union et le Royaume-Uni<\/a>.&#160;\u00bb&nbsp;<\/li>\n\n\n\n<li>Il intervient \u00e9galement dans un moment de relatif apaisement entre Bruxelles et Londres, apr\u00e8s l\u2019accord sur l\u2019Irlande du Nord du 27 f\u00e9vrier dernier.<\/li>\n<\/ul>\n\n\n\n<p>Le moment de la rencontre n\u2019est anodin pour aucun des deux pays.<\/p>\n\n\n\n<ul class=\"wp-block-list\">\n<li>Si lors de sa prise de fonction, Rishi Sunak a r\u00e9affirm\u00e9 une ligne dure sur le Brexit et a r\u00e9fut\u00e9 toute volont\u00e9 de rapprochement avec l\u2019Union, les Britanniques sont d\u00e9sormais <a href=\"https:\/\/legrandcontinent.eu\/fr\/2023\/01\/19\/pourquoi-une-part-croissante-des-britanniques-regrette-le-brexit\/\">une majorit\u00e9 \u00e0 regretter<\/a> la d\u00e9cision et deux-tiers consid\u00e8rent que le gouvernement \u00ab&#160;g\u00e8re mal&#160;\u00bb la situation. Les inqui\u00e9tudes se concentrent notamment sur la situation \u00e9conomique du pays.<\/li>\n<\/ul>\n\n\n\n<div class=\"iframe-container wp-block-image wp-block-image-medium  iframe-dw\">\n\t<div>\n\t\t<iframe class=\"absolute w-full h-full pin-t pin-l\" title=\"titolo\" aria-label=\"Interactive line chart\" src=\"\/\/datawrapper.dwcdn.net\/hb9jv\/\" scrolling=\"no\" frameborder=\"0\"><\/iframe>\n\t<\/div>\n<\/div>\n\n\n\n<ul class=\"wp-block-list\">\n<li>Du c\u00f4t\u00e9 fran\u00e7ais, Paris a tout int\u00e9r\u00eat \u00e0 rechercher des partenaires&#160;: le couple franco-allemand a \u00e9t\u00e9 r\u00e9cemment marqu\u00e9 par des tensions allant de la politique de d\u00e9fense et \u00e9nerg\u00e9tique \u00e0 la politique industrielle. La coop\u00e9ration approfondie entre Rome et Paris, relanc\u00e9e par le Trait\u00e9 de Quirinal en 2021 est \u00e9galement en perte de vitesse suite \u00e0 l&rsquo;arriv\u00e9e de Giorgia Meloni au Palazzo Chigi.&nbsp;<\/li>\n\n\n\n<li>Plus particuli\u00e8rement, des deux c\u00f4t\u00e9 de la Manche, des batailles sociales majeures ont lieu depuis le d\u00e9but de l\u2019ann\u00e9e&#160;: en r\u00e9ponse \u00e0 la r\u00e9forme des retraites en France, et pour la pr\u00e9servation du syst\u00e8me de sant\u00e9 et l\u2019augmentation des salaires au Royaume-Uni \u2014 qui a connu plusieurs gr\u00e8ves d\u2019une ampleur historique depuis le mois de janvier.&nbsp;<\/li>\n<\/ul>\n\n\n\n<p>Ce rapprochement franco-britannique concerne aussi la famille royale, puisque le roi Charles III se rendra en France le 27 mars, pays choisi pour sa premi\u00e8re visite officielle en tant que roi d\u2019Angleterre.<\/p>\n","protected":false},"excerpt":{"rendered":"<p>Aujourd\u2019hui, le Premier ministre Rishi Sunak est \u00e0 Paris pour un sommet franco-britannique \u2014 c\u2019est le premier depuis 2018. <\/p>\n","protected":false},"author":10,"featured_media":179253,"comment_status":"closed","ping_status":"closed","sticky":false,"template":"templates\/post-briefings.php","format":"standard","meta":{"_acf_changed":false,"_trash_the_other_posts":false,"_yoast_wpseo_estimated-reading-time-minutes":2,"footnotes":""},"categories":[1731],"tags":[],"staff":[],"editorial_format":[],"serie":[],"audience":[],"geo":[1917],"class_list":["post-179252","post","type-post","status-publish","format-standard","hentry","category-politique","geo-europe"],"acf":{"open_in_webview":false,"accent":false},"yoast_head":"<!-- This site is optimized with the Yoast SEO plugin v26.1.1 - https:\/\/yoast.com\/wordpress\/plugins\/seo\/ -->\n<title>Qu\u2019attendre du sommet franco-britannique qui s\u2019ouvre \u00e0 Paris ? | Le Grand Continent<\/title>\n<meta name=\"robots\" content=\"index, follow, max-snippet:-1, max-image-preview:large, max-video-preview:-1\" \/>\n<link rel=\"canonical\" href=\"https:\/\/legrandcontinent.eu\/fr\/2023\/03\/10\/quattendre-du-sommet-franco-britannique-qui-souvre-a-paris\/\" \/>\n<meta property=\"og:locale\" content=\"fr_FR\" \/>\n<meta property=\"og:type\" content=\"article\" \/>\n<meta property=\"og:title\" content=\"Qu\u2019attendre du sommet franco-britannique qui s\u2019ouvre \u00e0 Paris ? | Le Grand Continent\" \/>\n<meta property=\"og:description\" content=\"Aujourd\u2019hui, le Premier ministre Rishi Sunak est \u00e0 Paris pour un sommet franco-britannique \u2014 c\u2019est le premier depuis 2018.\" \/>\n<meta property=\"og:url\" content=\"https:\/\/legrandcontinent.eu\/fr\/2023\/03\/10\/quattendre-du-sommet-franco-britannique-qui-souvre-a-paris\/\" \/>\n<meta property=\"og:site_name\" content=\"Le Grand Continent\" \/>\n<meta property=\"article:published_time\" content=\"2023-03-10T05:35:00+00:00\" \/>\n<meta property=\"og:image\" content=\"https:\/\/legrandcontinent.eu\/fr\/wp-content\/uploads\/sites\/2\/2023\/03\/gc-fruk-scaled.jpg\" \/>\n\t<meta property=\"og:image:width\" content=\"2560\" \/>\n\t<meta property=\"og:image:height\" content=\"1440\" \/>\n\t<meta property=\"og:image:type\" content=\"image\/jpeg\" \/>\n<meta name=\"author\" content=\"Matheo Malik\" \/>\n<meta name=\"twitter:card\" content=\"summary_large_image\" \/>\n<meta name=\"twitter:image\" content=\"https:\/\/legrandcontinent.eu\/fr\/wp-content\/uploads\/sites\/2\/2023\/03\/gc-fruk-scaled.jpg\" \/>\n<meta name=\"twitter:label1\" content=\"\u00c9crit par\" \/>\n\t<meta name=\"twitter:data1\" content=\"Matheo Malik\" \/>\n\t<meta name=\"twitter:label2\" content=\"Dur\u00e9e de lecture estim\u00e9e\" \/>\n\t<meta name=\"twitter:data2\" content=\"2 minutes\" \/>\n<script type=\"application\/ld+json\" class=\"yoast-schema-graph\">{\"@context\":\"https:\/\/schema.org\",\"@graph\":[{\"@type\":\"WebPage\",\"@id\":\"https:\/\/legrandcontinent.eu\/fr\/2023\/03\/10\/quattendre-du-sommet-franco-britannique-qui-souvre-a-paris\/\",\"url\":\"https:\/\/legrandcontinent.eu\/fr\/2023\/03\/10\/quattendre-du-sommet-franco-britannique-qui-souvre-a-paris\/\",\"name\":\"Qu\u2019attendre du sommet franco-britannique qui s\u2019ouvre \u00e0 Paris ? | Le Grand Continent\",\"isPartOf\":{\"@id\":\"https:\/\/legrandcontinent.eu\/fr\/#website\"},\"primaryImageOfPage\":{\"@id\":\"https:\/\/legrandcontinent.eu\/fr\/2023\/03\/10\/quattendre-du-sommet-franco-britannique-qui-souvre-a-paris\/#primaryimage\"},\"image\":{\"@id\":\"https:\/\/legrandcontinent.eu\/fr\/2023\/03\/10\/quattendre-du-sommet-franco-britannique-qui-souvre-a-paris\/#primaryimage\"},\"thumbnailUrl\":\"https:\/\/legrandcontinent.eu\/fr\/wp-content\/uploads\/sites\/2\/2023\/03\/SIPA_ap22744354_000002-scaled.jpg\",\"datePublished\":\"2023-03-10T05:35:00+00:00\",\"author\":{\"@id\":\"https:\/\/legrandcontinent.eu\/fr\/#\/schema\/person\/a1c2123a1ef5abd663fcde8f63063d45\"},\"breadcrumb\":{\"@id\":\"https:\/\/legrandcontinent.eu\/fr\/2023\/03\/10\/quattendre-du-sommet-franco-britannique-qui-souvre-a-paris\/#breadcrumb\"},\"inLanguage\":\"fr-FR\",\"potentialAction\":[{\"@type\":\"ReadAction\",\"target\":[\"https:\/\/legrandcontinent.eu\/fr\/2023\/03\/10\/quattendre-du-sommet-franco-britannique-qui-souvre-a-paris\/\"]}]},{\"@type\":\"ImageObject\",\"inLanguage\":\"fr-FR\",\"@id\":\"https:\/\/legrandcontinent.eu\/fr\/2023\/03\/10\/quattendre-du-sommet-franco-britannique-qui-souvre-a-paris\/#primaryimage\",\"url\":\"https:\/\/legrandcontinent.eu\/fr\/wp-content\/uploads\/sites\/2\/2023\/03\/SIPA_ap22744354_000002-scaled.jpg\",\"contentUrl\":\"https:\/\/legrandcontinent.eu\/fr\/wp-content\/uploads\/sites\/2\/2023\/03\/SIPA_ap22744354_000002-scaled.jpg\",\"width\":2560,\"height\":1705,\"caption\":\"FILE - Britain's Prime Minister Rishi Sunak right, reaches to shake hands with President of France Emmanuel Macron ahead of a bilateral meeting during the COP27 summit, in Sharm el-Sheikh, Egypt, Nov. 7, 2022. In his first month as Britain's prime minister, Rishi Sunak has stabilized the economy, reassured allies from Washington to Kyiv and even soothed the European Union after years of sparring between Britain and the bloc. But Sunak\u00e2&#x80;&#x99;s challenges are just beginning. He is facing a stagnating economy, a cost-of-living crisis \u00e2&#x80;&#x93; and a Conservative Party that is fractious and increasingly unpopular after 12 years in power. (Stefan Rousseau\/Pool Photo via AP, File)\/XPOL109\/22327698977268\/FILE POOL PHOTO\/2211250805\"},{\"@type\":\"BreadcrumbList\",\"@id\":\"https:\/\/legrandcontinent.eu\/fr\/2023\/03\/10\/quattendre-du-sommet-franco-britannique-qui-souvre-a-paris\/#breadcrumb\",\"itemListElement\":[{\"@type\":\"ListItem\",\"position\":1,\"name\":\"Accueil\",\"item\":\"https:\/\/legrandcontinent.eu\/fr\/\"},{\"@type\":\"ListItem\",\"position\":2,\"name\":\"Qu\u2019attendre du sommet franco-britannique qui s\u2019ouvre \u00e0 Paris&#160;?\"}]},{\"@type\":\"WebSite\",\"@id\":\"https:\/\/legrandcontinent.eu\/fr\/#website\",\"url\":\"https:\/\/legrandcontinent.eu\/fr\/\",\"name\":\"Le Grand Continent\",\"description\":\"L&#039;\u00e9chelle pertinente\",\"potentialAction\":[{\"@type\":\"SearchAction\",\"target\":{\"@type\":\"EntryPoint\",\"urlTemplate\":\"https:\/\/legrandcontinent.eu\/fr\/?s={search_term_string}\"},\"query-input\":{\"@type\":\"PropertyValueSpecification\",\"valueRequired\":true,\"valueName\":\"search_term_string\"}}],\"inLanguage\":\"fr-FR\"},{\"@type\":\"Person\",\"@id\":\"https:\/\/legrandcontinent.eu\/fr\/#\/schema\/person\/a1c2123a1ef5abd663fcde8f63063d45\",\"name\":\"Matheo Malik\",\"image\":{\"@type\":\"ImageObject\",\"inLanguage\":\"fr-FR\",\"@id\":\"https:\/\/legrandcontinent.eu\/fr\/#\/schema\/person\/image\/\",\"url\":\"https:\/\/secure.gravatar.com\/avatar\/62cbadb9f7f0804282928747d8d2051d?s=96&d=mm&r=g\",\"contentUrl\":\"https:\/\/secure.gravatar.com\/avatar\/62cbadb9f7f0804282928747d8d2051d?s=96&d=mm&r=g\",\"caption\":\"Matheo Malik\"}}]}<\/script>\n<!-- \/ Yoast SEO plugin. -->","yoast_head_json":{"title":"Qu\u2019attendre du sommet franco-britannique qui s\u2019ouvre \u00e0 Paris ? | Le Grand Continent","robots":{"index":"index","follow":"follow","max-snippet":"max-snippet:-1","max-image-preview":"max-image-preview:large","max-video-preview":"max-video-preview:-1"},"canonical":"https:\/\/legrandcontinent.eu\/fr\/2023\/03\/10\/quattendre-du-sommet-franco-britannique-qui-souvre-a-paris\/","og_locale":"fr_FR","og_type":"article","og_title":"Qu\u2019attendre du sommet franco-britannique qui s\u2019ouvre \u00e0 Paris ? | Le Grand Continent","og_description":"Aujourd\u2019hui, le Premier ministre Rishi Sunak est \u00e0 Paris pour un sommet franco-britannique \u2014 c\u2019est le premier depuis 2018.","og_url":"https:\/\/legrandcontinent.eu\/fr\/2023\/03\/10\/quattendre-du-sommet-franco-britannique-qui-souvre-a-paris\/","og_site_name":"Le Grand Continent","article_published_time":"2023-03-10T05:35:00+00:00","og_image":[{"width":2560,"height":1440,"url":"https:\/\/legrandcontinent.eu\/fr\/wp-content\/uploads\/sites\/2\/2023\/03\/gc-fruk-scaled.jpg","type":"image\/jpeg"}],"author":"Matheo Malik","twitter_card":"summary_large_image","twitter_image":"https:\/\/legrandcontinent.eu\/fr\/wp-content\/uploads\/sites\/2\/2023\/03\/gc-fruk-scaled.jpg","twitter_misc":{"\u00c9crit par":"Matheo Malik","Dur\u00e9e de lecture estim\u00e9e":"2 minutes"},"schema":{"@context":"https:\/\/schema.org","@graph":[{"@type":"WebPage","@id":"https:\/\/legrandcontinent.eu\/fr\/2023\/03\/10\/quattendre-du-sommet-franco-britannique-qui-souvre-a-paris\/","url":"https:\/\/legrandcontinent.eu\/fr\/2023\/03\/10\/quattendre-du-sommet-franco-britannique-qui-souvre-a-paris\/","name":"Qu\u2019attendre du sommet franco-britannique qui s\u2019ouvre \u00e0 Paris ? | Le Grand Continent","isPartOf":{"@id":"https:\/\/legrandcontinent.eu\/fr\/#website"},"primaryImageOfPage":{"@id":"https:\/\/legrandcontinent.eu\/fr\/2023\/03\/10\/quattendre-du-sommet-franco-britannique-qui-souvre-a-paris\/#primaryimage"},"image":{"@id":"https:\/\/legrandcontinent.eu\/fr\/2023\/03\/10\/quattendre-du-sommet-franco-britannique-qui-souvre-a-paris\/#primaryimage"},"thumbnailUrl":"https:\/\/legrandcontinent.eu\/fr\/wp-content\/uploads\/sites\/2\/2023\/03\/SIPA_ap22744354_000002-scaled.jpg","datePublished":"2023-03-10T05:35:00+00:00","author":{"@id":"https:\/\/legrandcontinent.eu\/fr\/#\/schema\/person\/a1c2123a1ef5abd663fcde8f63063d45"},"breadcrumb":{"@id":"https:\/\/legrandcontinent.eu\/fr\/2023\/03\/10\/quattendre-du-sommet-franco-britannique-qui-souvre-a-paris\/#breadcrumb"},"inLanguage":"fr-FR","potentialAction":[{"@type":"ReadAction","target":["https:\/\/legrandcontinent.eu\/fr\/2023\/03\/10\/quattendre-du-sommet-franco-britannique-qui-souvre-a-paris\/"]}]},{"@type":"ImageObject","inLanguage":"fr-FR","@id":"https:\/\/legrandcontinent.eu\/fr\/2023\/03\/10\/quattendre-du-sommet-franco-britannique-qui-souvre-a-paris\/#primaryimage","url":"https:\/\/legrandcontinent.eu\/fr\/wp-content\/uploads\/sites\/2\/2023\/03\/SIPA_ap22744354_000002-scaled.jpg","contentUrl":"https:\/\/legrandcontinent.eu\/fr\/wp-content\/uploads\/sites\/2\/2023\/03\/SIPA_ap22744354_000002-scaled.jpg","width":2560,"height":1705,"caption":"FILE - Britain's Prime Minister Rishi Sunak right, reaches to shake hands with President of France Emmanuel Macron ahead of a bilateral meeting during the COP27 summit, in Sharm el-Sheikh, Egypt, Nov. 7, 2022. In his first month as Britain's prime minister, Rishi Sunak has stabilized the economy, reassured allies from Washington to Kyiv and even soothed the European Union after years of sparring between Britain and the bloc. But Sunak\u00e2&#x80;&#x99;s challenges are just beginning. He is facing a stagnating economy, a cost-of-living crisis \u00e2&#x80;&#x93; and a Conservative Party that is fractious and increasingly unpopular after 12 years in power. (Stefan Rousseau\/Pool Photo via AP, File)\/XPOL109\/22327698977268\/FILE POOL PHOTO\/2211250805"},{"@type":"BreadcrumbList","@id":"https:\/\/legrandcontinent.eu\/fr\/2023\/03\/10\/quattendre-du-sommet-franco-britannique-qui-souvre-a-paris\/#breadcrumb","itemListElement":[{"@type":"ListItem","position":1,"name":"Accueil","item":"https:\/\/legrandcontinent.eu\/fr\/"},{"@type":"ListItem","position":2,"name":"Qu\u2019attendre du sommet franco-britannique qui s\u2019ouvre \u00e0 Paris&#160;?"}]},{"@type":"WebSite","@id":"https:\/\/legrandcontinent.eu\/fr\/#website","url":"https:\/\/legrandcontinent.eu\/fr\/","name":"Le Grand Continent","description":"L&#039;\u00e9chelle pertinente","potentialAction":[{"@type":"SearchAction","target":{"@type":"EntryPoint","urlTemplate":"https:\/\/legrandcontinent.eu\/fr\/?s={search_term_string}"},"query-input":{"@type":"PropertyValueSpecification","valueRequired":true,"valueName":"search_term_string"}}],"inLanguage":"fr-FR"},{"@type":"Person","@id":"https:\/\/legrandcontinent.eu\/fr\/#\/schema\/person\/a1c2123a1ef5abd663fcde8f63063d45","name":"Matheo Malik","image":{"@type":"ImageObject","inLanguage":"fr-FR","@id":"https:\/\/legrandcontinent.eu\/fr\/#\/schema\/person\/image\/","url":"https:\/\/secure.gravatar.com\/avatar\/62cbadb9f7f0804282928747d8d2051d?s=96&d=mm&r=g","contentUrl":"https:\/\/secure.gravatar.com\/avatar\/62cbadb9f7f0804282928747d8d2051d?s=96&d=mm&r=g","caption":"Matheo Malik"}}]}},"lgc_categories":[{"id":1731,"name":"Politique","slug":"politique"}],"lgc_author":null,"feature_image_summary":{"url":"https:\/\/legrandcontinent.eu\/fr\/wp-content\/uploads\/sites\/2\/2023\/03\/SIPA_ap22744354_000002-scaled.jpg","width":2560,"height":1705,"alt":""},"feature_image_cover":null,"term_position_data":null,"_links":{"self":[{"href":"https:\/\/legrandcontinent.eu\/fr\/wp-json\/wp\/v2\/posts\/179252","targetHints":{"allow":["GET"]}}],"collection":[{"href":"https:\/\/legrandcontinent.eu\/fr\/wp-json\/wp\/v2\/posts"}],"about":[{"href":"https:\/\/legrandcontinent.eu\/fr\/wp-json\/wp\/v2\/types\/post"}],"author":[{"embeddable":true,"href":"https:\/\/legrandcontinent.eu\/fr\/wp-json\/wp\/v2\/users\/10"}],"replies":[{"embeddable":true,"href":"https:\/\/legrandcontinent.eu\/fr\/wp-json\/wp\/v2\/comments?post=179252"}],"version-history":[{"count":0,"href":"https:\/\/legrandcontinent.eu\/fr\/wp-json\/wp\/v2\/posts\/179252\/revisions"}],"wp:featuredmedia":[{"embeddable":true,"href":"https:\/\/legrandcontinent.eu\/fr\/wp-json\/wp\/v2\/media\/179253"}],"wp:attachment":[{"href":"https:\/\/legrandcontinent.eu\/fr\/wp-json\/wp\/v2\/media?parent=179252"}],"wp:term":[{"taxonomy":"category","embeddable":true,"href":"https:\/\/legrandcontinent.eu\/fr\/wp-json\/wp\/v2\/categories?post=179252"},{"taxonomy":"post_tag","embeddable":true,"href":"https:\/\/legrandcontinent.eu\/fr\/wp-json\/wp\/v2\/tags?post=179252"},{"taxonomy":"staff","embeddable":true,"href":"https:\/\/legrandcontinent.eu\/fr\/wp-json\/wp\/v2\/staff?post=179252"},{"taxonomy":"editorial_format","embeddable":true,"href":"https:\/\/legrandcontinent.eu\/fr\/wp-json\/wp\/v2\/editorial_format?post=179252"},{"taxonomy":"serie","embeddable":true,"href":"https:\/\/legrandcontinent.eu\/fr\/wp-json\/wp\/v2\/serie?post=179252"},{"taxonomy":"audience","embeddable":true,"href":"https:\/\/legrandcontinent.eu\/fr\/wp-json\/wp\/v2\/audience?post=179252"},{"taxonomy":"geo","embeddable":true,"href":"https:\/\/legrandcontinent.eu\/fr\/wp-json\/wp\/v2\/geo?post=179252"}],"curies":[{"name":"wp","href":"https:\/\/api.w.org\/{rel}","templated":true}]}}