{"id":179020,"date":"2023-03-07T15:31:47","date_gmt":"2023-03-07T14:31:47","guid":{"rendered":"https:\/\/legrandcontinent.eu\/fr\/?p=179020"},"modified":"2023-03-07T15:38:46","modified_gmt":"2023-03-07T14:38:46","slug":"le-senat-americain-demande-la-declassification-de-documents-sur-lorigine-du-covid-19","status":"publish","type":"post","link":"https:\/\/legrandcontinent.eu\/fr\/2023\/03\/07\/le-senat-americain-demande-la-declassification-de-documents-sur-lorigine-du-covid-19\/","title":{"rendered":"Le S\u00e9nat am\u00e9ricain demande la d\u00e9classification de documents sur l\u2019origine du Covid-19"},"content":{"rendered":"\n<p>La demande de d\u00e9classification fait suite \u00e0 un article du <em>Wall Street Journal<\/em>&nbsp;<span class='whitespace-nowrap'><span id='easy-footnote-1-179020' class='easy-footnote-margin-adjust'><\/span><span class='easy-footnote'><a href='https:\/\/legrandcontinent.eu\/fr\/2023\/03\/07\/le-senat-americain-demande-la-declassification-de-documents-sur-lorigine-du-covid-19\/#easy-footnote-bottom-1-179020' title='Michael R. Gordon et Warren P. Strobel, \u00ab&amp;#160;&lt;a href=&quot;https:\/\/www.wsj.com\/articles\/covid-origin-china-lab-leak-807b7b0a&quot;&gt;Lab Leak Most Likely Origin of Covid-19 Pandemic, Energy Department Now Says&lt;\/a&gt;&amp;#160;\u00bb, &lt;em&gt;The Wall Street Journal, &lt;\/em&gt;26 f\u00e9vrier 2023.'><sup>1<\/sup><\/a><\/span><\/span> publi\u00e9 le 26 f\u00e9vrier dernier, qui \u00e9voquait un document classifi\u00e9 du d\u00e9partement de l\u2019\u00c9nergie transmis \u00e0 la Maison Blanche et \u00e0 des membres haut plac\u00e9s du Congr\u00e8s, concluant que le SARS-Cov-2 avait probablement fui d\u2019un laboratoire.<\/p>\n\n\n\n<ul class=\"wp-block-list\">\n<li>Le d\u00e9partement de l\u2019\u00c9nergie rejoint ainsi la position du FBI, qui avait dit disposer de documents \u00e9tayant cette hypoth\u00e8se d\u00e8s novembre 2021&nbsp;<span class='whitespace-nowrap'><span id='easy-footnote-2-179020' class='easy-footnote-margin-adjust'><\/span><span class='easy-footnote'><a href='https:\/\/legrandcontinent.eu\/fr\/2023\/03\/07\/le-senat-americain-demande-la-declassification-de-documents-sur-lorigine-du-covid-19\/#easy-footnote-bottom-2-179020' title='Julian E. Barnes, \u00ab&amp;#160;&lt;a href=&quot;https:\/\/www.nytimes.com\/2021\/10\/29\/us\/politics\/coronavirus-origin-intelligence-report.html&quot;&gt;Origin of virus may remain murky, U.S Intelligence agencies say&lt;\/a&gt;&amp;#160;\u00bb, &lt;em&gt;The New York times, &lt;\/em&gt;29 octobre 2021.'><sup>2<\/sup><\/a><\/span><\/span>&#160;; son directeur Christopher Wray a maintenu lors d\u2019une interview le 28 f\u00e9vrier dernier que la piste d\u2019un accident de laboratoire reste la plus cr\u00e9dible pour l\u2019agence.&nbsp;<\/li>\n\n\n\n<li>Cette piste ne fait cependant pas consensus&#160;; quatre autres agences estiment toujours que les premiers patients du SARS-Cov-2 ont \u00e9t\u00e9 infect\u00e9s par contact avec des animaux&#160;; la CIA reste ind\u00e9cise.<\/li>\n<\/ul>\n\n\n\n<figure class=\"wp-block-embed is-type-rich is-provider-twitter wp-block-embed-twitter\"><div class=\"wp-block-embed__wrapper\">\n<blockquote class=\"twitter-tweet\" data-width=\"550\" data-dnt=\"true\"><p lang=\"en\" dir=\"ltr\"><a href=\"https:\/\/twitter.com\/hashtag\/FBI?src=hash&amp;ref_src=twsrc%5Etfw\">#FBI<\/a> Director Wray confirmed that the Bureau has assessed that the origins of the COVID-19 pandemic likely originated from a lab incident in Wuhan, China. <a href=\"https:\/\/t.co\/LcBVNU7vmO\">pic.twitter.com\/LcBVNU7vmO<\/a><\/p>&mdash; FBI (@FBI) <a href=\"https:\/\/twitter.com\/FBI\/status\/1630733743777300483?ref_src=twsrc%5Etfw\">March 1, 2023<\/a><\/blockquote><script async src=\"https:\/\/platform.twitter.com\/widgets.js\" charset=\"utf-8\"><\/script>\n<\/div><\/figure>\n\n\n\n<p>Une \u00e9tude men\u00e9e par l\u2019OMS en janvier 2021, la seule qui a pu \u00eatre men\u00e9e dans la ville chinoise de Wuhan, \u00e9picentre de la pand\u00e9mie, par des chercheurs \u00e9trangers, visait \u00e0 identifier les origines possibles du SARS-Cov-2 et la mani\u00e8re dont le virus a \u00e9t\u00e9 transmis.&nbsp;<\/p>\n\n\n\n<ul class=\"wp-block-list\">\n<li>En janvier 2021, l\u2019OMS d\u00e9p\u00eache un consortium international de scientifiques pour documenter l\u2019origine du SARS-Cov-2 dans la ville de Wuhan. L\u2019enqu\u00eate documente principalement une possible transmission par le biais d\u2019animaux abattus ou vivants sur le march\u00e9 de Huanan.<\/li>\n\n\n\n<li>Un tiers des 168 cas identifi\u00e9s r\u00e9trospectivement en d\u00e9cembre 2019 \u00e9taient en effet directement li\u00e9s au march\u00e9&#160;; une \u00e9tude publi\u00e9e en mai 2022 par des chercheurs de P\u00e9kin et Wuhan s\u2019effor\u00e7ait de dater l\u2019apparition du SARS-Cov-2 par analyse des anticorps pr\u00e9sents dans le plasma de donneurs de sang&nbsp;<span class='whitespace-nowrap'><span id='easy-footnote-3-179020' class='easy-footnote-margin-adjust'><\/span><span class='easy-footnote'><a href='https:\/\/legrandcontinent.eu\/fr\/2023\/03\/07\/le-senat-americain-demande-la-declassification-de-documents-sur-lorigine-du-covid-19\/#easy-footnote-bottom-3-179020' title='Chang, L. et al., \u00ab&amp;#160;Serosurvey for SARS-CoV-2 among blood donors in Wuhan, China from September to December 2019&amp;#160;\u00bb, &lt;em&gt;Protein Cell,&lt;\/em&gt; n\u00b014, pp. 28 \u2013 36, 24 mai 2022.'><sup>3<\/sup><\/a><\/span><\/span>&#160;; ne trouvant aucun anticorps dans des \u00e9chantillons pris entre septembre et d\u00e9cembre 2019, elle conclut que le Covid-19 n\u2019\u00e9tait pas r\u00e9pandu \u00e0 Wuhan avant le tournant de l\u2019ann\u00e9e.&nbsp;<\/li>\n\n\n\n<li>Le rapport de l\u2019OMS avait \u00e9t\u00e9 publi\u00e9 en mars 2021&nbsp;<span class='whitespace-nowrap'><span id='easy-footnote-4-179020' class='easy-footnote-margin-adjust'><\/span><span class='easy-footnote'><a href='https:\/\/legrandcontinent.eu\/fr\/2023\/03\/07\/le-senat-americain-demande-la-declassification-de-documents-sur-lorigine-du-covid-19\/#easy-footnote-bottom-4-179020' title='&lt;a href=&quot;https:\/\/www.who.int\/publications\/i\/item\/who-convened-global-study-of-origins-of-sars-cov-2-china-part&quot;&gt;WHO-convened global study of origins of SARS-CoV-2&lt;\/a&gt;, OMS, 30 mars 2021.'><sup>4<\/sup><\/a><\/span><\/span> et devait servir d\u2019appui pour une s\u00e9rie d\u2019enqu\u00eates plus approfondies&#160;; le gouvernement chinois n\u2019a cependant pas autoris\u00e9 qu\u2019elle soit poursuivie.&nbsp;<\/li>\n<\/ul>\n\n\n\n<p>\u00c0 d\u00e9faut de recherches sur le sol chinois, des virologues cherchent encore \u00e0 reconstituer la chronologie des d\u00e9buts du virus et les modalit\u00e9s de sa transmission.<\/p>\n\n\n\n<ul class=\"wp-block-list\">\n<li>Certains des virus les plus proches du SRAS-CoV-2, ont \u00e9t\u00e9 d\u00e9couverts chez des chauves-souris \u00e0 environ 1 600 kilom\u00e8tres de la ville de Wuhan, dans le centre de la Chine, o\u00f9 la maladie s&rsquo;est d\u00e9clar\u00e9e fin 2019. Comme il est g\u00e9n\u00e9ralement admis qu\u2019il n\u2019aurait pas pu \u00eatre transmis directement \u00e0 l\u2019homme, les recherches se focalisent sur un hypoth\u00e9tique h\u00f4te animal interm\u00e9diaire entre l\u2019homme et la chauve-souris, via des sp\u00e9cimens pr\u00e9lev\u00e9s dans des r\u00e9gions frontali\u00e8res de la Chine&nbsp;<span class='whitespace-nowrap'><span id='easy-footnote-5-179020' class='easy-footnote-margin-adjust'><\/span><span class='easy-footnote'><a href='https:\/\/legrandcontinent.eu\/fr\/2023\/03\/07\/le-senat-americain-demande-la-declassification-de-documents-sur-lorigine-du-covid-19\/#easy-footnote-bottom-5-179020' title='Smriti Mallapaty, \u00ab&amp;#160;&lt;a href=&quot;https:\/\/www.nature.com\/articles\/d41586-023-00283-y&quot;&gt;WHO abandons plans for crucial second phase of COVID-origins investigation&lt;\/a&gt;&amp;#160;\u00bb, Nature, 14 f\u00e9vrier 2023.'><sup>5<\/sup><\/a><\/span><\/span>.<\/li>\n<\/ul>\n\n\n\n<p>La demande des s\u00e9nateurs am\u00e9ricains risquent de d\u00e9t\u00e9riorer davantage les relations sino-am\u00e9ricaines d\u00e9j\u00e0 tendues par les questions commerciales et technologiques.<\/p>\n","protected":false},"excerpt":{"rendered":"<p>Mercredi 1er mars, les s\u00e9nateurs am\u00e9ricains ont vot\u00e9 \u00e0 l\u2019unanimit\u00e9 une proposition demandant au directeur des services de renseignements am\u00e9ricains de d\u00e9classifier des documents sur l\u2019origine de la pand\u00e9mie de Covid-19.<\/p>\n","protected":false},"author":5931,"featured_media":179030,"comment_status":"closed","ping_status":"closed","sticky":false,"template":"templates\/post-briefings.php","format":"standard","meta":{"_acf_changed":false,"_trash_the_other_posts":false,"_yoast_wpseo_estimated-reading-time-minutes":3,"footnotes":""},"categories":[2210],"tags":[],"staff":[],"editorial_format":[],"serie":[],"audience":[],"geo":[],"class_list":["post-179020","post","type-post","status-publish","format-standard","hentry","category-sante-publique"],"acf":{"open_in_webview":false,"accent":false},"yoast_head":"<!-- This site is optimized with the Yoast SEO plugin v26.1.1 - https:\/\/yoast.com\/wordpress\/plugins\/seo\/ -->\n<title>Le S\u00e9nat am\u00e9ricain demande la d\u00e9classification de documents sur l\u2019origine du Covid-19 | Le Grand Continent<\/title>\n<meta name=\"robots\" content=\"index, follow, max-snippet:-1, max-image-preview:large, max-video-preview:-1\" \/>\n<link rel=\"canonical\" href=\"https:\/\/legrandcontinent.eu\/fr\/2023\/03\/07\/le-senat-americain-demande-la-declassification-de-documents-sur-lorigine-du-covid-19\/\" \/>\n<meta property=\"og:locale\" content=\"fr_FR\" \/>\n<meta property=\"og:type\" content=\"article\" \/>\n<meta property=\"og:title\" content=\"Le S\u00e9nat am\u00e9ricain demande la d\u00e9classification de documents sur l\u2019origine du Covid-19 | Le Grand Continent\" \/>\n<meta property=\"og:description\" content=\"Mercredi 1er mars, les s\u00e9nateurs am\u00e9ricains ont vot\u00e9 \u00e0 l\u2019unanimit\u00e9 une proposition demandant au directeur des services de renseignements am\u00e9ricains de d\u00e9classifier des documents sur l\u2019origine de la pand\u00e9mie de Covid-19.\" \/>\n<meta property=\"og:url\" content=\"https:\/\/legrandcontinent.eu\/fr\/2023\/03\/07\/le-senat-americain-demande-la-declassification-de-documents-sur-lorigine-du-covid-19\/\" \/>\n<meta property=\"og:site_name\" content=\"Le Grand Continent\" \/>\n<meta property=\"article:published_time\" content=\"2023-03-07T14:31:47+00:00\" \/>\n<meta property=\"article:modified_time\" content=\"2023-03-07T14:38:46+00:00\" \/>\n<meta property=\"og:image\" content=\"https:\/\/legrandcontinent.eu\/fr\/wp-content\/uploads\/sites\/2\/2023\/03\/Capture-de\u0301cran-2023-03-07-a\u0300-15.11.08-1.png\" \/>\n\t<meta property=\"og:image:width\" content=\"940\" \/>\n\t<meta property=\"og:image:height\" content=\"560\" \/>\n\t<meta property=\"og:image:type\" content=\"image\/png\" \/>\n<meta name=\"author\" content=\"guillaumer\" \/>\n<meta name=\"twitter:card\" content=\"summary_large_image\" \/>\n<meta name=\"twitter:label1\" content=\"\u00c9crit par\" \/>\n\t<meta name=\"twitter:data1\" content=\"guillaumer\" \/>\n\t<meta name=\"twitter:label2\" content=\"Dur\u00e9e de lecture estim\u00e9e\" \/>\n\t<meta name=\"twitter:data2\" content=\"3 minutes\" \/>\n<script type=\"application\/ld+json\" class=\"yoast-schema-graph\">{\"@context\":\"https:\/\/schema.org\",\"@graph\":[{\"@type\":\"WebPage\",\"@id\":\"https:\/\/legrandcontinent.eu\/fr\/2023\/03\/07\/le-senat-americain-demande-la-declassification-de-documents-sur-lorigine-du-covid-19\/\",\"url\":\"https:\/\/legrandcontinent.eu\/fr\/2023\/03\/07\/le-senat-americain-demande-la-declassification-de-documents-sur-lorigine-du-covid-19\/\",\"name\":\"Le S\u00e9nat am\u00e9ricain demande la d\u00e9classification de documents sur l\u2019origine du Covid-19 | Le Grand Continent\",\"isPartOf\":{\"@id\":\"https:\/\/legrandcontinent.eu\/fr\/#website\"},\"primaryImageOfPage\":{\"@id\":\"https:\/\/legrandcontinent.eu\/fr\/2023\/03\/07\/le-senat-americain-demande-la-declassification-de-documents-sur-lorigine-du-covid-19\/#primaryimage\"},\"image\":{\"@id\":\"https:\/\/legrandcontinent.eu\/fr\/2023\/03\/07\/le-senat-americain-demande-la-declassification-de-documents-sur-lorigine-du-covid-19\/#primaryimage\"},\"thumbnailUrl\":\"https:\/\/legrandcontinent.eu\/fr\/wp-content\/uploads\/sites\/2\/2023\/03\/SIPA_sipausa30306551_000015-scaled.jpg\",\"datePublished\":\"2023-03-07T14:31:47+00:00\",\"dateModified\":\"2023-03-07T14:38:46+00:00\",\"author\":{\"@id\":\"https:\/\/legrandcontinent.eu\/fr\/#\/schema\/person\/dac94607850a9fd046ae94ea4a56ddcd\"},\"breadcrumb\":{\"@id\":\"https:\/\/legrandcontinent.eu\/fr\/2023\/03\/07\/le-senat-americain-demande-la-declassification-de-documents-sur-lorigine-du-covid-19\/#breadcrumb\"},\"inLanguage\":\"fr-FR\",\"potentialAction\":[{\"@type\":\"ReadAction\",\"target\":[\"https:\/\/legrandcontinent.eu\/fr\/2023\/03\/07\/le-senat-americain-demande-la-declassification-de-documents-sur-lorigine-du-covid-19\/\"]}]},{\"@type\":\"ImageObject\",\"inLanguage\":\"fr-FR\",\"@id\":\"https:\/\/legrandcontinent.eu\/fr\/2023\/03\/07\/le-senat-americain-demande-la-declassification-de-documents-sur-lorigine-du-covid-19\/#primaryimage\",\"url\":\"https:\/\/legrandcontinent.eu\/fr\/wp-content\/uploads\/sites\/2\/2023\/03\/SIPA_sipausa30306551_000015-scaled.jpg\",\"contentUrl\":\"https:\/\/legrandcontinent.eu\/fr\/wp-content\/uploads\/sites\/2\/2023\/03\/SIPA_sipausa30306551_000015-scaled.jpg\",\"width\":2560,\"height\":1706,\"caption\":\"A general view of a Federal Bureau of Investigation (FBI) seal at the J. Edgar Hoover building in Washington, D.C., on Friday, April 22, 2022. (Graeme Sloan\/Sipa USA)\/38876318\/\/2204230032\"},{\"@type\":\"BreadcrumbList\",\"@id\":\"https:\/\/legrandcontinent.eu\/fr\/2023\/03\/07\/le-senat-americain-demande-la-declassification-de-documents-sur-lorigine-du-covid-19\/#breadcrumb\",\"itemListElement\":[{\"@type\":\"ListItem\",\"position\":1,\"name\":\"Accueil\",\"item\":\"https:\/\/legrandcontinent.eu\/fr\/\"},{\"@type\":\"ListItem\",\"position\":2,\"name\":\"Le S\u00e9nat am\u00e9ricain demande la d\u00e9classification de documents sur l\u2019origine du Covid-19\"}]},{\"@type\":\"WebSite\",\"@id\":\"https:\/\/legrandcontinent.eu\/fr\/#website\",\"url\":\"https:\/\/legrandcontinent.eu\/fr\/\",\"name\":\"Le Grand Continent\",\"description\":\"L&#039;\u00e9chelle pertinente\",\"potentialAction\":[{\"@type\":\"SearchAction\",\"target\":{\"@type\":\"EntryPoint\",\"urlTemplate\":\"https:\/\/legrandcontinent.eu\/fr\/?s={search_term_string}\"},\"query-input\":{\"@type\":\"PropertyValueSpecification\",\"valueRequired\":true,\"valueName\":\"search_term_string\"}}],\"inLanguage\":\"fr-FR\"},{\"@type\":\"Person\",\"@id\":\"https:\/\/legrandcontinent.eu\/fr\/#\/schema\/person\/dac94607850a9fd046ae94ea4a56ddcd\",\"name\":\"guillaumer\",\"image\":{\"@type\":\"ImageObject\",\"inLanguage\":\"fr-FR\",\"@id\":\"https:\/\/legrandcontinent.eu\/fr\/#\/schema\/person\/image\/\",\"url\":\"https:\/\/secure.gravatar.com\/avatar\/942e2a9aea4f24e4613a346804ae2836?s=96&d=mm&r=g\",\"contentUrl\":\"https:\/\/secure.gravatar.com\/avatar\/942e2a9aea4f24e4613a346804ae2836?s=96&d=mm&r=g\",\"caption\":\"guillaumer\"}}]}<\/script>\n<!-- \/ Yoast SEO plugin. -->","yoast_head_json":{"title":"Le S\u00e9nat am\u00e9ricain demande la d\u00e9classification de documents sur l\u2019origine du Covid-19 | Le Grand Continent","robots":{"index":"index","follow":"follow","max-snippet":"max-snippet:-1","max-image-preview":"max-image-preview:large","max-video-preview":"max-video-preview:-1"},"canonical":"https:\/\/legrandcontinent.eu\/fr\/2023\/03\/07\/le-senat-americain-demande-la-declassification-de-documents-sur-lorigine-du-covid-19\/","og_locale":"fr_FR","og_type":"article","og_title":"Le S\u00e9nat am\u00e9ricain demande la d\u00e9classification de documents sur l\u2019origine du Covid-19 | Le Grand Continent","og_description":"Mercredi 1er mars, les s\u00e9nateurs am\u00e9ricains ont vot\u00e9 \u00e0 l\u2019unanimit\u00e9 une proposition demandant au directeur des services de renseignements am\u00e9ricains de d\u00e9classifier des documents sur l\u2019origine de la pand\u00e9mie de Covid-19.","og_url":"https:\/\/legrandcontinent.eu\/fr\/2023\/03\/07\/le-senat-americain-demande-la-declassification-de-documents-sur-lorigine-du-covid-19\/","og_site_name":"Le Grand Continent","article_published_time":"2023-03-07T14:31:47+00:00","article_modified_time":"2023-03-07T14:38:46+00:00","og_image":[{"width":940,"height":560,"url":"https:\/\/legrandcontinent.eu\/fr\/wp-content\/uploads\/sites\/2\/2023\/03\/Capture-de\u0301cran-2023-03-07-a\u0300-15.11.08-1.png","type":"image\/png"}],"author":"guillaumer","twitter_card":"summary_large_image","twitter_misc":{"\u00c9crit par":"guillaumer","Dur\u00e9e de lecture estim\u00e9e":"3 minutes"},"schema":{"@context":"https:\/\/schema.org","@graph":[{"@type":"WebPage","@id":"https:\/\/legrandcontinent.eu\/fr\/2023\/03\/07\/le-senat-americain-demande-la-declassification-de-documents-sur-lorigine-du-covid-19\/","url":"https:\/\/legrandcontinent.eu\/fr\/2023\/03\/07\/le-senat-americain-demande-la-declassification-de-documents-sur-lorigine-du-covid-19\/","name":"Le S\u00e9nat am\u00e9ricain demande la d\u00e9classification de documents sur l\u2019origine du Covid-19 | Le Grand Continent","isPartOf":{"@id":"https:\/\/legrandcontinent.eu\/fr\/#website"},"primaryImageOfPage":{"@id":"https:\/\/legrandcontinent.eu\/fr\/2023\/03\/07\/le-senat-americain-demande-la-declassification-de-documents-sur-lorigine-du-covid-19\/#primaryimage"},"image":{"@id":"https:\/\/legrandcontinent.eu\/fr\/2023\/03\/07\/le-senat-americain-demande-la-declassification-de-documents-sur-lorigine-du-covid-19\/#primaryimage"},"thumbnailUrl":"https:\/\/legrandcontinent.eu\/fr\/wp-content\/uploads\/sites\/2\/2023\/03\/SIPA_sipausa30306551_000015-scaled.jpg","datePublished":"2023-03-07T14:31:47+00:00","dateModified":"2023-03-07T14:38:46+00:00","author":{"@id":"https:\/\/legrandcontinent.eu\/fr\/#\/schema\/person\/dac94607850a9fd046ae94ea4a56ddcd"},"breadcrumb":{"@id":"https:\/\/legrandcontinent.eu\/fr\/2023\/03\/07\/le-senat-americain-demande-la-declassification-de-documents-sur-lorigine-du-covid-19\/#breadcrumb"},"inLanguage":"fr-FR","potentialAction":[{"@type":"ReadAction","target":["https:\/\/legrandcontinent.eu\/fr\/2023\/03\/07\/le-senat-americain-demande-la-declassification-de-documents-sur-lorigine-du-covid-19\/"]}]},{"@type":"ImageObject","inLanguage":"fr-FR","@id":"https:\/\/legrandcontinent.eu\/fr\/2023\/03\/07\/le-senat-americain-demande-la-declassification-de-documents-sur-lorigine-du-covid-19\/#primaryimage","url":"https:\/\/legrandcontinent.eu\/fr\/wp-content\/uploads\/sites\/2\/2023\/03\/SIPA_sipausa30306551_000015-scaled.jpg","contentUrl":"https:\/\/legrandcontinent.eu\/fr\/wp-content\/uploads\/sites\/2\/2023\/03\/SIPA_sipausa30306551_000015-scaled.jpg","width":2560,"height":1706,"caption":"A general view of a Federal Bureau of Investigation (FBI) seal at the J. Edgar Hoover building in Washington, D.C., on Friday, April 22, 2022. (Graeme Sloan\/Sipa USA)\/38876318\/\/2204230032"},{"@type":"BreadcrumbList","@id":"https:\/\/legrandcontinent.eu\/fr\/2023\/03\/07\/le-senat-americain-demande-la-declassification-de-documents-sur-lorigine-du-covid-19\/#breadcrumb","itemListElement":[{"@type":"ListItem","position":1,"name":"Accueil","item":"https:\/\/legrandcontinent.eu\/fr\/"},{"@type":"ListItem","position":2,"name":"Le S\u00e9nat am\u00e9ricain demande la d\u00e9classification de documents sur l\u2019origine du Covid-19"}]},{"@type":"WebSite","@id":"https:\/\/legrandcontinent.eu\/fr\/#website","url":"https:\/\/legrandcontinent.eu\/fr\/","name":"Le Grand Continent","description":"L&#039;\u00e9chelle pertinente","potentialAction":[{"@type":"SearchAction","target":{"@type":"EntryPoint","urlTemplate":"https:\/\/legrandcontinent.eu\/fr\/?s={search_term_string}"},"query-input":{"@type":"PropertyValueSpecification","valueRequired":true,"valueName":"search_term_string"}}],"inLanguage":"fr-FR"},{"@type":"Person","@id":"https:\/\/legrandcontinent.eu\/fr\/#\/schema\/person\/dac94607850a9fd046ae94ea4a56ddcd","name":"guillaumer","image":{"@type":"ImageObject","inLanguage":"fr-FR","@id":"https:\/\/legrandcontinent.eu\/fr\/#\/schema\/person\/image\/","url":"https:\/\/secure.gravatar.com\/avatar\/942e2a9aea4f24e4613a346804ae2836?s=96&d=mm&r=g","contentUrl":"https:\/\/secure.gravatar.com\/avatar\/942e2a9aea4f24e4613a346804ae2836?s=96&d=mm&r=g","caption":"guillaumer"}}]}},"lgc_categories":[{"id":2210,"name":"Sant\u00e9 publique","slug":"sante-publique"}],"lgc_author":null,"feature_image_summary":{"url":"https:\/\/legrandcontinent.eu\/fr\/wp-content\/uploads\/sites\/2\/2023\/03\/SIPA_sipausa30306551_000015-scaled.jpg","width":2560,"height":1706,"alt":""},"feature_image_cover":null,"term_position_data":null,"_links":{"self":[{"href":"https:\/\/legrandcontinent.eu\/fr\/wp-json\/wp\/v2\/posts\/179020","targetHints":{"allow":["GET"]}}],"collection":[{"href":"https:\/\/legrandcontinent.eu\/fr\/wp-json\/wp\/v2\/posts"}],"about":[{"href":"https:\/\/legrandcontinent.eu\/fr\/wp-json\/wp\/v2\/types\/post"}],"author":[{"embeddable":true,"href":"https:\/\/legrandcontinent.eu\/fr\/wp-json\/wp\/v2\/users\/5931"}],"replies":[{"embeddable":true,"href":"https:\/\/legrandcontinent.eu\/fr\/wp-json\/wp\/v2\/comments?post=179020"}],"version-history":[{"count":0,"href":"https:\/\/legrandcontinent.eu\/fr\/wp-json\/wp\/v2\/posts\/179020\/revisions"}],"wp:featuredmedia":[{"embeddable":true,"href":"https:\/\/legrandcontinent.eu\/fr\/wp-json\/wp\/v2\/media\/179030"}],"wp:attachment":[{"href":"https:\/\/legrandcontinent.eu\/fr\/wp-json\/wp\/v2\/media?parent=179020"}],"wp:term":[{"taxonomy":"category","embeddable":true,"href":"https:\/\/legrandcontinent.eu\/fr\/wp-json\/wp\/v2\/categories?post=179020"},{"taxonomy":"post_tag","embeddable":true,"href":"https:\/\/legrandcontinent.eu\/fr\/wp-json\/wp\/v2\/tags?post=179020"},{"taxonomy":"staff","embeddable":true,"href":"https:\/\/legrandcontinent.eu\/fr\/wp-json\/wp\/v2\/staff?post=179020"},{"taxonomy":"editorial_format","embeddable":true,"href":"https:\/\/legrandcontinent.eu\/fr\/wp-json\/wp\/v2\/editorial_format?post=179020"},{"taxonomy":"serie","embeddable":true,"href":"https:\/\/legrandcontinent.eu\/fr\/wp-json\/wp\/v2\/serie?post=179020"},{"taxonomy":"audience","embeddable":true,"href":"https:\/\/legrandcontinent.eu\/fr\/wp-json\/wp\/v2\/audience?post=179020"},{"taxonomy":"geo","embeddable":true,"href":"https:\/\/legrandcontinent.eu\/fr\/wp-json\/wp\/v2\/geo?post=179020"}],"curies":[{"name":"wp","href":"https:\/\/api.w.org\/{rel}","templated":true}]}}