{"id":178810,"date":"2023-03-05T04:00:00","date_gmt":"2023-03-05T03:00:00","guid":{"rendered":"https:\/\/legrandcontinent.eu\/fr\/?p=178810"},"modified":"2023-03-04T19:25:46","modified_gmt":"2023-03-04T18:25:46","slug":"personne-na-propose-dunion-monetaire-ce-que-nous-voulons-cest-une-monnaie-commune-une-conversation-avec-jose-antonio-ocampo","status":"publish","type":"post","link":"https:\/\/legrandcontinent.eu\/fr\/2023\/03\/05\/personne-na-propose-dunion-monetaire-ce-que-nous-voulons-cest-une-monnaie-commune-une-conversation-avec-jose-antonio-ocampo\/","title":{"rendered":"\u00ab&#160;Personne n&rsquo;a propos\u00e9 d\u2019union mon\u00e9taire. Ce que nous voulons, c&rsquo;est une monnaie commune&#160;\u00bb, une conversation avec Jos\u00e9 Antonio Ocampo"},"content":{"rendered":"\n<h3 class=\"wp-block-heading\"><strong>L&rsquo;\u00e9conomie colombienne n&rsquo;est pas tr\u00e8s ouverte sur l&rsquo;ext\u00e9rieur. Sur la p\u00e9riode 2010-2020, les exportations de biens et de services repr\u00e9sentaient 16&#160;% du PIB, contre une moyenne de 22&#160;% en Am\u00e9rique latine. La Colombie envisage-t-elle de diversifier son \u00e9conomie et ses exportations&#160;?<\/strong><\/h3>\n\n\n\n<p>La Colombie a plusieurs priorit\u00e9s, mais la principale en termes de d\u00e9veloppement productif est peut-\u00eatre de diversifier notre base d&rsquo;exportation. Ce processus a \u00e9t\u00e9 plut\u00f4t r\u00e9ussi&#160;: tant en 2021 qu&rsquo;en 2022, nous avons eu une bonne croissance des exportations non p\u00e9troli\u00e8res. Nous allons poursuivre cette politique et nous allons m\u00eame diversifier les exportations de produits agricoles et d&rsquo;\u00e9levage. Nous commen\u00e7ons \u00e0 devenir des exportateurs de viande de toutes sortes.<\/p>\n\n\n\n<p>Et, bien s\u00fbr, il y a le secteur industriel et m\u00eame le secteur des services. <a href=\"https:\/\/legrandcontinent.eu\/fr\/2022\/11\/03\/lavenir-progressiste-de-la-colombie\/\">Pour le pr\u00e9sident<\/a>, il est notamment tr\u00e8s important de d\u00e9velopper le tourisme comme secteur d&rsquo;exportation. Nous sommes \u00e9galement tr\u00e8s forts dans le domaine de la sant\u00e9. C&rsquo;est un autre secteur o\u00f9 nous pouvons \u00eatre de bons exportateurs.<\/p>\n\n\n\n<h3 class=\"wp-block-heading\"><strong>Lors du sommet de Davos, la ministre des Mines et de l&rsquo;\u00c9nergie a confirm\u00e9 qu&rsquo;il n&rsquo;y aurait plus de nouveaux contrats d&rsquo;exploration en Colombie afin de r\u00e9duire la contribution du pays au r\u00e9chauffement climatique. Serait-il \u00e9galement possible \u00e0 long terme que la Colombie cesse d&rsquo;exporter du p\u00e9trole&#160;? Quelle pression une telle transition exercerait-elle sur les finances publiques et quelles garanties attendez-vous des institutions internationales&#160;?<\/strong><\/h3>\n\n\n\n<p>L&rsquo;annonce faite par la ministre des Mines et de l&rsquo;\u00c9nergie \u00e9tait qu&rsquo;il n&rsquo;y aurait pas de nouveaux contrats d&rsquo;exploration, ce qui est tr\u00e8s diff\u00e9rent. Mais disons, pour commencer, qu&rsquo;il y a plus de 300 contrats sign\u00e9s, et pour certains d&rsquo;entre eux, la capacit\u00e9 de production est en cours d&rsquo;\u00e9valuation, tant pour le p\u00e9trole que pour le gaz. En mai, il y aura un bilan de l&rsquo;Agence nationale des hydrocarbures sur les r\u00e9serves du pays, et sur cette base, nous \u00e9valuerons la situation des r\u00e9serves. Mais m\u00eame la ministre a d\u00e9clar\u00e9 par la suite que cette politique pourrait \u00eatre modifi\u00e9e \u00e0 l&rsquo;avenir s&rsquo;il est clair que nous allons assister \u00e0 une baisse des exportations. C&rsquo;est pr\u00e9cis\u00e9ment l&rsquo;\u00e9valuation que nous ferons en mai avec les r\u00e9sultats de l&rsquo;Agence nationale des hydrocarbures qui nous le dira. J&rsquo;insiste, on ne peut pas arr\u00eater d&rsquo;exporter du p\u00e9trole car c&rsquo;est l&rsquo;une de nos principales recettes d&rsquo;exportation et, en plus, c\u2019est une source tr\u00e8s importante de recettes fiscales.<\/p>\n\n\n\n<figure class=\"wp-block-pullquote\"><blockquote><p>On ne peut pas arr\u00eater d&rsquo;exporter du p\u00e9trole car c&rsquo;est l&rsquo;une de nos principales recettes d&rsquo;exportation et, en plus, le p\u00e9trole est une source tr\u00e8s importante de recettes fiscales.<\/p><cite>Jos\u00e9 Antonio Ocampo<\/cite><\/blockquote><\/figure>\n\n\n\n<h3 class=\"wp-block-heading\"><strong>La banque centrale colombienne a encore augment\u00e9 son taux d\u2019int\u00e9r\u00eat directeur en janvier de 75 points, le portant \u00e0 12,75&#160;%, ce qui \u00e9tait relativement plus faible que ce \u00e0 quoi s\u2019attendaient les analystes \u2014 qui misaient sur 13&#160;%. Pour autant, ce taux reste tr\u00e8s \u00e9lev\u00e9. Quelle contrainte fait-il porter sur les investissements et plus particuli\u00e8rement sur les investissements \u00ab&#160;verts&#160;\u00bb&#160;?<\/strong><\/h3>\n\n\n\n<p>Il n&rsquo;impose pas de contraintes aux investissements verts, \u00e0 tel point que leur source de financement sont nos banques de d\u00e9veloppement. Mais il est \u00e9vident que des taux d&rsquo;int\u00e9r\u00eat \u00e9lev\u00e9s affectent l&rsquo;inflation en g\u00e9n\u00e9ral. Nous esp\u00e9rons que l&rsquo;inflation commencera \u00e0 baisser dans les semaines \u00e0 venir et que, plus tard dans l&rsquo;ann\u00e9e, nous commencerons \u00e0 voir une r\u00e9duction des taux d&rsquo;int\u00e9r\u00eat.<\/p>\n\n\n\n<h3 class=\"wp-block-heading\"><strong>En ce qui concerne les politiques de relance verte propos\u00e9es, quels enseignements peut-on tirer de l&rsquo;exp\u00e9rience europ\u00e9enne et de programmes tels que \u00ab&#160;Fit for 55&#160;\u00bb&#160;? Comment favoriser la collaboration entre l\u2019Union et la Colombie&#160;?<\/strong><\/h3>\n\n\n\n<p>Nous travaillons sur toutes sortes d&rsquo;initiatives pour voir comment augmenter le financement vert, comme un soutien explicite \u00e0 certains fonds verts, plus particuli\u00e8rement pour la protection de l&rsquo;Amazonie. Nous nous effor\u00e7ons \u00e9galement de voir comment faire baisser plus activement le march\u00e9 des obligations vertes, comment diversifier le financement des banques multilat\u00e9rales vers l&rsquo;\u00e9conomie verte, et comment participer, par exemple, au march\u00e9 du carbone en Europe, voire comment promouvoir un march\u00e9 du carbone plus global.&nbsp;<\/p>\n\n\n\n<p>Pour revenir au point initial, au niveau national, l&rsquo;\u00e9conomie verte est l&rsquo;une des priorit\u00e9s de notre syst\u00e8me de banques et d&rsquo;institutions financi\u00e8res, qui sont reli\u00e9es par ce que nous appelons le groupe bicentenaire&nbsp;<span class='whitespace-nowrap'><span id='easy-footnote-1-178810' class='easy-footnote-margin-adjust'><\/span><span class='easy-footnote'><a href='https:\/\/legrandcontinent.eu\/fr\/2023\/03\/05\/personne-na-propose-dunion-monetaire-ce-que-nous-voulons-cest-une-monnaie-commune-une-conversation-avec-jose-antonio-ocampo\/#easy-footnote-bottom-1-178810' title='Le \u00ab&amp;#160;Grupo Bicentenario&amp;#160;\u00bb est le troisi\u00e8me plus grand groupe financier colombien, cr\u00e9\u00e9 par le gouvernement pour la gestion du service financier public.'><sup>1<\/sup><\/a><\/span><\/span>.<\/p>\n\n\n\n<figure class=\"wp-block-pullquote\"><blockquote><p>Au niveau national, l&rsquo;\u00e9conomie verte est l&rsquo;une des priorit\u00e9s de notre syst\u00e8me de banques et d&rsquo;institutions financi\u00e8res, qui sont reli\u00e9es par ce que nous appelons le groupe bicentenaire.<\/p><cite>Jos\u00e9 Antonio Ocampo<\/cite><\/blockquote><\/figure>\n\n\n\n<h3 class=\"wp-block-heading\"><strong>Y a-t-il une attente particuli\u00e8re en Colombie de la pr\u00e9sidence espagnole du Conseil de l&rsquo;Union europ\u00e9enne&#160;?<\/strong><\/h3>\n\n\n\n<p>L&rsquo;Espagne a toujours \u00e9t\u00e9 un partenaire strat\u00e9gique de l&rsquo;Am\u00e9rique latine en Europe, et nous esp\u00e9rons que la pr\u00e9sidence espagnole contribuera encore davantage au renforcement des relations entre l&rsquo;Union et l&rsquo;Am\u00e9rique latine.<\/p>\n\n\n\n<h3 class=\"wp-block-heading\"><strong>\u00c0 l\u2019\u00e9chelle r\u00e9gionale, pensez-vous que le Venezuela peut redevenir un partenaire r\u00e9gional privil\u00e9gi\u00e9 de la Colombie apr\u00e8s le r\u00e9cent rapprochement entre les deux pays&#160;?<\/strong><\/h3>\n\n\n\n<p>Oui, effectivement. C&rsquo;est l&rsquo;une des sources que nous consid\u00e9rons comme les plus importantes pour le d\u00e9veloppement des exportations de la Colombie. De fait, les exportations vers le Venezuela augmentent rapidement, en fonction \u00e9videmment de la croissance de l&rsquo;\u00e9conomie v\u00e9n\u00e9zu\u00e9lienne elle-m\u00eame, qui a \u00e9t\u00e9 tr\u00e8s bonne l&rsquo;ann\u00e9e derni\u00e8re. Nous nous attendons \u00e0 ce que les exportations augmentent encore. Il y a aussi, \u00e9videmment, les importations en provenance du Venezuela, une question sur laquelle le gouvernement travaille \u00e9galement avec le pays voisin. Je dois dire qu&rsquo;un trait\u00e9 de protection des investissements a \u00e9t\u00e9 sign\u00e9 r\u00e9cemment, ce qui est tr\u00e8s important car il y a de nombreuses entreprises colombiennes au Venezuela et de nombreuses entreprises v\u00e9n\u00e9zu\u00e9liennes en Colombie.<\/p>\n\n\n\n<h3 class=\"wp-block-heading\"><strong>\u00c0 la conf\u00e9rence Ra\u00fal Prebisch de la CNUCED fin janvier, vous avez appel\u00e9 \u00e0 un sursaut de l\u2019aide multilat\u00e9rale pour r\u00e9pondre aux crises actuelles dans les pays en d\u00e9veloppement, et en particulier la crise de la dette. Quelle est la situation de la dette colombienne et quelles sont vos perspectives sur son \u00e9volution&#160;?<\/strong><\/h3>\n\n\n\n<p>La dette colombienne n&rsquo;est pas un probl\u00e8me en tant que tel. Nous continuerons \u00e0 soutenir l&rsquo;id\u00e9e que les banques multilat\u00e9rales de d\u00e9veloppement devraient \u00e9galement soutenir les pays \u00e0 revenu interm\u00e9diaire. Par exemple, pour la Colombie, ces deux derni\u00e8res ann\u00e9es, la principale source multilat\u00e9rale que nous avions \u00e9tait les banques multilat\u00e9rales de d\u00e9veloppement. En fait, lorsque nous avons soutenu la personne qui a \u00e9t\u00e9 nomm\u00e9e \u00e0 la pr\u00e9sidence de la Banque interam\u00e9ricaine de d\u00e9veloppement, c&rsquo;\u00e9tait l&rsquo;une des deux conditions pos\u00e9es par la Colombie&#160;: le soutien continu du pr\u00e9sident de la Banque \u00e0 cette initiative, qui va d\u00e9pendre beaucoup, d&rsquo;une part, des \u00c9tats-Unis et, d&rsquo;autre part, des pays europ\u00e9ens.&nbsp;<\/p>\n\n\n\n<p>Nous esp\u00e9rons, par exemple, que l&rsquo;Espagne soutiendra cette initiative, que la Banque interam\u00e9ricaine de d\u00e9veloppement sera un grand financier des pays \u00e0 revenu interm\u00e9diaire. En ce qui concerne la dette, la Colombie n&rsquo;a pas besoin de refinancer sa dette&#160;: la position que j&rsquo;ai exprim\u00e9e concerne une question qui est discut\u00e9e depuis 20 ou 30 ans&#160;; il doit y avoir un m\u00e9canisme multilat\u00e9ral r\u00e9gulier permettant aux pays qui ont des probl\u00e8mes de dette de refinancer ou de restructurer leur dette ext\u00e9rieure. C&rsquo;est un syst\u00e8me qui peut se trouver au sein des Nations unies ou du Fonds mon\u00e9taire international.<\/p>\n\n\n\n<figure class=\"wp-block-pullquote\"><blockquote><p>La Colombie n&rsquo;a pas besoin de refinancer sa dette. Il doit y avoir un m\u00e9canisme multilat\u00e9ral r\u00e9gulier permettant aux pays qui ont des probl\u00e8mes de dette de refinancer ou de restructurer leur dette ext\u00e9rieure.<\/p><cite>Jos\u00e9 Antonio Ocampo<\/cite><\/blockquote><\/figure>\n\n\n\n<p>Et en plus, comme on l&rsquo;a vu dans les discussions depuis 2020, il faut des m\u00e9canismes beaucoup plus agiles pour refinancer les dettes des pays qui sont en difficult\u00e9. Il y a le Club de Paris, mais il n&rsquo;est plus aussi pertinent qu&rsquo;il l&rsquo;\u00e9tait historiquement, et d&rsquo;autre part, disons, les m\u00e9canismes qui sont rest\u00e9s sont pour les pays \u00e0 faible revenu et sont tr\u00e8s limit\u00e9s. Il faut des m\u00e9canismes, si l&rsquo;on veut quelque chose de similaire au plan Brady -qui a servi pour faire face \u00e0 la crise latino-am\u00e9ricaine. Et pour les pays en question, l&rsquo;entr\u00e9e dans ce plan doit \u00eatre volontaire. J&rsquo;ai propos\u00e9 dans un article qui est d\u00e9j\u00e0 dans le domaine public que ce m\u00e9canisme soit g\u00e9r\u00e9 par les banques multilat\u00e9rales de d\u00e9veloppement, et qu&rsquo;il soit volontaire, et non une tentative de restructuration g\u00e9n\u00e9rale de la dette dont beaucoup de pays n&rsquo;ont pas besoin.&nbsp;<\/p>\n\n\n\n<h3 class=\"wp-block-heading\"><strong>Dans <\/strong><a href=\"https:\/\/legrandcontinent.eu\/fr\/2021\/02\/11\/un-nouveau-programme-de-developpement-pour-lamerique-latine\/\"><strong>un de vos articles<\/strong><\/a><strong> que nous avons publi\u00e9 dans la revue il y a deux ans, vous parliez de l&rsquo;importance de l&rsquo;int\u00e9gration \u00e9conomique r\u00e9gionale pour les politiques de d\u00e9veloppement. Le Br\u00e9sil et l&rsquo;Argentine ont annonc\u00e9 un projet de monnaie commune, qui a \u00e9t\u00e9 qualifi\u00e9 de \u00ab&#160;folie&#160;\u00bb <\/strong><a href=\"https:\/\/legrandcontinent.eu\/fr\/2023\/01\/22\/la-baisse-du-taux-dinteret-est-un-phenomene-mondial-une-conversation-avec-olivier-blanchard\/\"><strong>par Olivier Blanchard<\/strong><\/a><strong>, mais aussi par plusieurs \u00e9conomistes. En 2020, le Br\u00e9sil \u00e9tait le cinqui\u00e8me pays d&rsquo;origine des importations colombiennes et la quatri\u00e8me destination de ses exportations. Quelles pourraient \u00eatre les cons\u00e9quences d&rsquo;une monnaie commune pour l&rsquo;\u00e9conomie colombienne&#160;? Peut-on m\u00eame parler de la possibilit\u00e9 d\u2019une union mon\u00e9taire&#160;?&nbsp;<\/strong><\/h3>\n\n\n\n<p>Personne n&rsquo;a propos\u00e9 une union mon\u00e9taire. Permettez-moi d&rsquo;\u00eatre tout \u00e0 fait clair. J&rsquo;ai parl\u00e9 au ministre br\u00e9silien \u00e0 ce sujet, et ce que nous voulons, c&rsquo;est une monnaie commune. Il s&rsquo;agirait d&rsquo;une sorte de monnaie internationale que les pays pourraient utiliser pour les transactions commerciales entre les entreprises des diff\u00e9rents pays. Mais nous ne parlons pas d&rsquo;une Union europ\u00e9enne, nous ne parlons pas d&rsquo;une union mon\u00e9taire comme le syst\u00e8me europ\u00e9en. Personne n&rsquo;a \u00e9voqu\u00e9 cela en Am\u00e9rique latine et cela n&rsquo;aurait aucun sens.&nbsp;<\/p>\n\n\n\n<p>Cela \u00e9tant dit, la cr\u00e9ation d&rsquo;une monnaie commune pour les paiements, que nous pouvons utiliser entre diff\u00e9rents pays, est une possibilit\u00e9 viable&#160;: en fait, certains pays asiatiques ont avanc\u00e9 exactement la m\u00eame id\u00e9e. Il s&rsquo;agit d&rsquo;une monnaie qui est utilis\u00e9e pour les paiements et qui peut \u00e9videmment \u00eatre accumul\u00e9e comme un d\u00e9p\u00f4t s&rsquo;il existe un march\u00e9 financier autour de cette monnaie. Mais il ne s&rsquo;agit pas d&rsquo;une union mon\u00e9taire, personne n&rsquo;en a parl\u00e9.<\/p>\n\n\n\n<figure class=\"wp-block-pullquote\"><blockquote><p>Personne n&rsquo;a propos\u00e9 d\u2019union mon\u00e9taire. Ce que nous voulons, c&rsquo;est une monnaie commune.<\/p><cite>Jos\u00e9 Antonio Ocampo<\/cite><\/blockquote><\/figure>\n\n\n\n<h3 class=\"wp-block-heading\"><strong>Est-ce que la monnaie commune dont vous parlez pourrait \u00eatre, \u00e0 long terme, sur 30 ou 50 ans, une sorte d&rsquo;\u00e9tape vers une union mon\u00e9taire qui suivrait le chemin de l&rsquo;Union europ\u00e9enne, par exemple&#160;? C&rsquo;est ce que <\/strong><a href=\"https:\/\/legrandcontinent.eu\/fr\/2022\/07\/13\/la-lutte-est-devenue-une-fin-en-soi-une-conversation-avec-rafael-correa\/\"><strong>disait notamment Rafael Correa<\/strong><\/a><strong>.<\/strong><\/h3>\n\n\n\n<p>Rafael Correa est celui qui a fait l&rsquo;erreur de dollariser l&rsquo;\u00e9conomie \u00e9quatorienne. Je pense que c&rsquo;est un mauvais point de r\u00e9f\u00e9rence.<\/p>\n\n\n\n<h3 class=\"wp-block-heading\"><strong>Vous ne pensez donc pas qu&rsquo;une union mon\u00e9taire soit possible \u00e0 un moment donn\u00e9&#160;?<\/strong><\/h3>\n\n\n\n<p>Ce n&rsquo;est pas possible avant longtemps, et elle n&rsquo;aurait pas le soutien de l&rsquo;Am\u00e9rique latine. De nombreux pays s&rsquo;y opposeraient. Pour le dire clairement, l&rsquo;Argentine et le Br\u00e9sil, qui seraient les partenaires strat\u00e9giques de ce projet, ne le feraient pas, car ils ne peuvent pas le faire.&nbsp;<\/p>\n\n\n\n<p>En revanche, ils peuvent effectivement soutenir une monnaie de paiement. Nous avons un syst\u00e8me qui a tr\u00e8s bien fonctionn\u00e9, le syst\u00e8me ALADI de paiements et de cr\u00e9dits r\u00e9ciproques, jusqu&rsquo;\u00e0 ce que le Venezuela commence \u00e0 faire d\u00e9faut en ne payant plus. Il a parfaitement fonctionn\u00e9 pendant la d\u00e9cennie perdue, pendant la crise de la dette des ann\u00e9es 1980, pour effectuer des paiements entre pays. Il s&rsquo;agit d&rsquo;un syst\u00e8me de paiements entre banques centrales dans lequel les monnaies respectives des pays \u00e9taient utilis\u00e9es. Un m\u00e9canisme similaire pourrait \u00eatre utilis\u00e9 pour les paiements entre pays. C&rsquo;est la proposition que le ministre br\u00e9silien m&rsquo;a faite, et avec cette proposition nous pouvons travailler pour voir si nous pouvons trouver un m\u00e9canisme. J\u2019ai m\u00eame propos\u00e9 que cette monnaie puisse \u00eatre g\u00e9r\u00e9e par le Fonds de r\u00e9serve latino-am\u00e9ricain, si le Br\u00e9sil, entre autres, fait partie du Fonds de r\u00e9serve latino-am\u00e9ricain, comme nous l&rsquo;esp\u00e9rons.<\/p>\n\n\n\n<h3 class=\"wp-block-heading\"><strong>Les \u00c9tats-Unis sont de loin et depuis longtemps le premier partenaire \u00e9conomique de la Colombie (30&#160;% des importations colombiennes en provenaient en 2020). Le projet br\u00e9silo-argentin de monnaie commune est souvent pr\u00e9sent\u00e9 comme une volont\u00e9 de construire un contrepoids \u00e0 l\u2019omnipr\u00e9sence du dollar en Am\u00e9rique latine. Quelle est la vision de la Colombie sur le r\u00f4le du dollar&#160;? A-t-elle des strat\u00e9gies pour r\u00e9duire sa d\u00e9pendance \u00e0 son \u00e9gard&#160;?<\/strong><\/h3>\n\n\n\n<p>Eh bien, justement, c&rsquo;est ce que permettent les paiements entre pays d&rsquo;Am\u00e9rique latine. On pourrait donc r\u00e9duire l&rsquo;utilisation du dollar ou de l&rsquo;euro. Nous voulons n\u00e9gocier notre propre monnaie pour effectuer des paiements entre nous. C&rsquo;\u00e9tait ce que permettait pr\u00e9cis\u00e9ment l&rsquo;accord ALADI sur les paiements et cr\u00e9dits r\u00e9ciproques.<\/p>\n\n\n\n<figure class=\"wp-block-pullquote\"><blockquote><p>Nous voulons n\u00e9gocier notre propre monnaie pour effectuer des paiements entre nous. C&rsquo;\u00e9tait ce que permettait pr\u00e9cis\u00e9ment l&rsquo;accord ALADI sur les paiements et cr\u00e9dits r\u00e9ciproques.<\/p><cite>Jos\u00e9 Antonio Ocampo<\/cite><\/blockquote><\/figure>\n\n\n\n<h3 class=\"wp-block-heading\"><strong>La Colombie est l&rsquo;un des pays les plus in\u00e9galitaires d&rsquo;Am\u00e9rique latine et du monde, que propose votre minist\u00e8re en mati\u00e8re de politique sociale&#160;?<\/strong><\/h3>\n\n\n\n<p>C&rsquo;est l&rsquo;essence m\u00eame du plan de d\u00e9veloppement national, qui vient d&rsquo;\u00eatre lanc\u00e9 et qui comporte des actions dans de nombreux domaines. Par exemple, beaucoup d&rsquo;actions pour soutenir l&rsquo;\u00e9conomie rurale, \u00e0 travers la r\u00e9forme agraire, des r\u00e9formes pour am\u00e9liorer l&rsquo;acc\u00e8s aux soins de sant\u00e9 dans les secteurs les plus pauvres, l&rsquo;acc\u00e8s et l&rsquo;am\u00e9lioration de toute l&rsquo;infrastructure \u00e9ducative dans les \u00e9coles et les universit\u00e9s qui offrent une \u00e9ducation aux \u00e9tudiants issus de milieux pauvres, des bourses universitaires pour ces \u00e9tudiants, et la poursuite des programmes d&rsquo;eau potable. De nombreuses r\u00e9gions de Colombie sont pauvres et n&rsquo;ont pas acc\u00e8s \u00e0 l&rsquo;eau potable.<\/p>\n\n\n\n<p>Il y a aussi le programme de logement social, que nous voulons activer avec des programmes qui atteignent les secteurs les plus pauvres, y compris le secteur rural et le logement rural. En bref, il s&rsquo;agit d&rsquo;un \u00e9norme paquet de propositions politiques. La r\u00e9duction des in\u00e9galit\u00e9s ou de l&rsquo;injustice sociale, comme on l&rsquo;appelle dans le plan de d\u00e9veloppement, est l&rsquo;une des principales priorit\u00e9s du gouvernement.<\/p>\n\n\n\n<h3 class=\"wp-block-heading\"><strong>Quel impact les nouveaux tarifs douaniers devraient-ils avoir sur l&rsquo;industrie textile nationale&#160;?&nbsp;<\/strong><\/h3>\n\n\n\n<p>Les r\u00e8gles qui ont \u00e9t\u00e9 d\u00e9cr\u00e9t\u00e9es concernent en fait beaucoup plus la confection que le textile. Dans l&rsquo;industrie de la confection, elles vont \u00eatre tr\u00e8s importantes, et il existe de nombreuses preuves de commerce d\u00e9loyal de produits textiles. Disons que pour certains des produits qui entrent dans le pays, les droits de douane ne sont pas pay\u00e9s. C&rsquo;est l&rsquo;objectif fondamental de cette mesure. Maintenant, elle ne s\u2019applique pas avec les pays avec lesquels nous avons des accords de libre-\u00e9change. Avec ces pays, nous continuerons \u00e0 respecter les r\u00e8gles des accords de libre-\u00e9change.<\/p>\n","protected":false},"excerpt":{"rendered":"<p>La Colombie de Petro est en train de r\u00e9inventer son mod\u00e8le \u00e9conomique. Dans cet entretien, le ministre des Finances et du Cr\u00e9dit public colombien revient sur les outils \u00e0 la disposition de Bogota et pr\u00e9cise sa position dans le d\u00e9bat sur l\u2019union mon\u00e9taire en Am\u00e9rique latine.<\/p>\n","protected":false},"author":10,"featured_media":178812,"comment_status":"closed","ping_status":"closed","sticky":false,"template":"templates\/post-interviews.php","format":"standard","meta":{"_acf_changed":false,"_trash_the_other_posts":false,"_yoast_wpseo_estimated-reading-time-minutes":12,"footnotes":""},"categories":[1731],"tags":[],"staff":[1631,1560],"editorial_format":[],"serie":[],"audience":[],"geo":[525],"class_list":["post-178810","post","type-post","status-publish","format-standard","hentry","category-politique","staff-florent-zemmouche","staff-olivier-lenoir","geo-ameriques"],"acf":{"open_in_webview":false,"accent":false},"yoast_head":"<!-- This site is optimized with the Yoast SEO plugin v26.1.1 - https:\/\/yoast.com\/wordpress\/plugins\/seo\/ -->\n<title>\u00abPersonne n&#039;a propos\u00e9 d\u2019union mon\u00e9taire. Ce que nous voulons, c&#039;est une monnaie commune\u00bb, une conversation avec Jos\u00e9 Antonio Ocampo | Le Grand Continent<\/title>\n<meta name=\"robots\" content=\"index, follow, max-snippet:-1, max-image-preview:large, max-video-preview:-1\" \/>\n<link rel=\"canonical\" href=\"https:\/\/legrandcontinent.eu\/fr\/2023\/03\/05\/personne-na-propose-dunion-monetaire-ce-que-nous-voulons-cest-une-monnaie-commune-une-conversation-avec-jose-antonio-ocampo\/\" \/>\n<meta property=\"og:locale\" content=\"fr_FR\" \/>\n<meta property=\"og:type\" content=\"article\" \/>\n<meta property=\"og:title\" content=\"\u00abPersonne n&#039;a propos\u00e9 d\u2019union mon\u00e9taire. Ce que nous voulons, c&#039;est une monnaie commune\u00bb, une conversation avec Jos\u00e9 Antonio Ocampo | Le Grand Continent\" \/>\n<meta property=\"og:description\" content=\"La Colombie de Petro est en train de r\u00e9inventer son mod\u00e8le \u00e9conomique. Dans cet entretien, le ministre des Finances et du Cr\u00e9dit public colombien revient sur les outils \u00e0 la disposition de Bogota et pr\u00e9cise sa position dans le d\u00e9bat sur l\u2019union mon\u00e9taire en Am\u00e9rique latine.\" \/>\n<meta property=\"og:url\" content=\"https:\/\/legrandcontinent.eu\/fr\/2023\/03\/05\/personne-na-propose-dunion-monetaire-ce-que-nous-voulons-cest-une-monnaie-commune-une-conversation-avec-jose-antonio-ocampo\/\" \/>\n<meta property=\"og:site_name\" content=\"Le Grand Continent\" \/>\n<meta property=\"article:published_time\" content=\"2023-03-05T03:00:00+00:00\" \/>\n<meta property=\"og:image\" content=\"https:\/\/legrandcontinent.eu\/fr\/wp-content\/uploads\/sites\/2\/2023\/03\/gc-colombie-ocampo-scaled.jpg\" \/>\n\t<meta property=\"og:image:width\" content=\"2560\" \/>\n\t<meta property=\"og:image:height\" content=\"1440\" \/>\n\t<meta property=\"og:image:type\" content=\"image\/jpeg\" \/>\n<meta name=\"author\" content=\"Matheo Malik\" \/>\n<meta name=\"twitter:card\" content=\"summary_large_image\" \/>\n<meta name=\"twitter:image\" content=\"https:\/\/legrandcontinent.eu\/fr\/wp-content\/uploads\/sites\/2\/2023\/03\/gc-colombie-ocampo-scaled.jpg\" \/>\n<meta name=\"twitter:label1\" content=\"\u00c9crit par\" \/>\n\t<meta name=\"twitter:data1\" content=\"Matheo Malik\" \/>\n\t<meta name=\"twitter:label2\" content=\"Dur\u00e9e de lecture estim\u00e9e\" \/>\n\t<meta name=\"twitter:data2\" content=\"12 minutes\" \/>\n<script type=\"application\/ld+json\" class=\"yoast-schema-graph\">{\"@context\":\"https:\/\/schema.org\",\"@graph\":[{\"@type\":\"WebPage\",\"@id\":\"https:\/\/legrandcontinent.eu\/fr\/2023\/03\/05\/personne-na-propose-dunion-monetaire-ce-que-nous-voulons-cest-une-monnaie-commune-une-conversation-avec-jose-antonio-ocampo\/\",\"url\":\"https:\/\/legrandcontinent.eu\/fr\/2023\/03\/05\/personne-na-propose-dunion-monetaire-ce-que-nous-voulons-cest-une-monnaie-commune-une-conversation-avec-jose-antonio-ocampo\/\",\"name\":\"\u00abPersonne n'a propos\u00e9 d\u2019union mon\u00e9taire. Ce que nous voulons, c'est une monnaie commune\u00bb, une conversation avec Jos\u00e9 Antonio Ocampo | Le Grand Continent\",\"isPartOf\":{\"@id\":\"https:\/\/legrandcontinent.eu\/fr\/#website\"},\"primaryImageOfPage\":{\"@id\":\"https:\/\/legrandcontinent.eu\/fr\/2023\/03\/05\/personne-na-propose-dunion-monetaire-ce-que-nous-voulons-cest-une-monnaie-commune-une-conversation-avec-jose-antonio-ocampo\/#primaryimage\"},\"image\":{\"@id\":\"https:\/\/legrandcontinent.eu\/fr\/2023\/03\/05\/personne-na-propose-dunion-monetaire-ce-que-nous-voulons-cest-une-monnaie-commune-une-conversation-avec-jose-antonio-ocampo\/#primaryimage\"},\"thumbnailUrl\":\"https:\/\/legrandcontinent.eu\/fr\/wp-content\/uploads\/sites\/2\/2023\/03\/SIPA_shutterstock41050244_000029-scaled.jpg\",\"datePublished\":\"2023-03-05T03:00:00+00:00\",\"author\":{\"@id\":\"https:\/\/legrandcontinent.eu\/fr\/#\/schema\/person\/a1c2123a1ef5abd663fcde8f63063d45\"},\"breadcrumb\":{\"@id\":\"https:\/\/legrandcontinent.eu\/fr\/2023\/03\/05\/personne-na-propose-dunion-monetaire-ce-que-nous-voulons-cest-une-monnaie-commune-une-conversation-avec-jose-antonio-ocampo\/#breadcrumb\"},\"inLanguage\":\"fr-FR\",\"potentialAction\":[{\"@type\":\"ReadAction\",\"target\":[\"https:\/\/legrandcontinent.eu\/fr\/2023\/03\/05\/personne-na-propose-dunion-monetaire-ce-que-nous-voulons-cest-une-monnaie-commune-une-conversation-avec-jose-antonio-ocampo\/\"]}]},{\"@type\":\"ImageObject\",\"inLanguage\":\"fr-FR\",\"@id\":\"https:\/\/legrandcontinent.eu\/fr\/2023\/03\/05\/personne-na-propose-dunion-monetaire-ce-que-nous-voulons-cest-une-monnaie-commune-une-conversation-avec-jose-antonio-ocampo\/#primaryimage\",\"url\":\"https:\/\/legrandcontinent.eu\/fr\/wp-content\/uploads\/sites\/2\/2023\/03\/SIPA_shutterstock41050244_000029-scaled.jpg\",\"contentUrl\":\"https:\/\/legrandcontinent.eu\/fr\/wp-content\/uploads\/sites\/2\/2023\/03\/SIPA_shutterstock41050244_000029-scaled.jpg\",\"width\":2560,\"height\":1703,\"caption\":\"Mandatory Credit: Photo by Guy Bell\/Shutterstock (13788497ag) Whorled (Here After Here After Here) by Jitish Kallat in the courtyard of Somerset House as seen through Seed 4 (Blue) by Sung-Hoon Park in Gallery Sklo from South Korea - Collect a fair for contemporary craft and design presented by Crafts Council returns to Somerset House from 3 - 5 March and online in partnership with Artsy.net from 1 - 12 March. It features works from 400 living artists brought together by 40 galleries from across the globe. Collect craft and design fair at Somerset House., Somerset House, London, UK - 01 Mar 2023\/shutterstock_editorial_Collect_craft_and_design_fair_13788497ag\/\/2303011640\"},{\"@type\":\"BreadcrumbList\",\"@id\":\"https:\/\/legrandcontinent.eu\/fr\/2023\/03\/05\/personne-na-propose-dunion-monetaire-ce-que-nous-voulons-cest-une-monnaie-commune-une-conversation-avec-jose-antonio-ocampo\/#breadcrumb\",\"itemListElement\":[{\"@type\":\"ListItem\",\"position\":1,\"name\":\"Accueil\",\"item\":\"https:\/\/legrandcontinent.eu\/fr\/\"},{\"@type\":\"ListItem\",\"position\":2,\"name\":\"\u00ab&#160;Personne n&rsquo;a propos\u00e9 d\u2019union mon\u00e9taire. Ce que nous voulons, c&rsquo;est une monnaie commune&#160;\u00bb, une conversation avec Jos\u00e9 Antonio Ocampo\"}]},{\"@type\":\"WebSite\",\"@id\":\"https:\/\/legrandcontinent.eu\/fr\/#website\",\"url\":\"https:\/\/legrandcontinent.eu\/fr\/\",\"name\":\"Le Grand Continent\",\"description\":\"L&#039;\u00e9chelle pertinente\",\"potentialAction\":[{\"@type\":\"SearchAction\",\"target\":{\"@type\":\"EntryPoint\",\"urlTemplate\":\"https:\/\/legrandcontinent.eu\/fr\/?s={search_term_string}\"},\"query-input\":{\"@type\":\"PropertyValueSpecification\",\"valueRequired\":true,\"valueName\":\"search_term_string\"}}],\"inLanguage\":\"fr-FR\"},{\"@type\":\"Person\",\"@id\":\"https:\/\/legrandcontinent.eu\/fr\/#\/schema\/person\/a1c2123a1ef5abd663fcde8f63063d45\",\"name\":\"Matheo Malik\",\"image\":{\"@type\":\"ImageObject\",\"inLanguage\":\"fr-FR\",\"@id\":\"https:\/\/legrandcontinent.eu\/fr\/#\/schema\/person\/image\/\",\"url\":\"https:\/\/secure.gravatar.com\/avatar\/62cbadb9f7f0804282928747d8d2051d?s=96&d=mm&r=g\",\"contentUrl\":\"https:\/\/secure.gravatar.com\/avatar\/62cbadb9f7f0804282928747d8d2051d?s=96&d=mm&r=g\",\"caption\":\"Matheo Malik\"}}]}<\/script>\n<!-- \/ Yoast SEO plugin. -->","yoast_head_json":{"title":"\u00abPersonne n'a propos\u00e9 d\u2019union mon\u00e9taire. Ce que nous voulons, c'est une monnaie commune\u00bb, une conversation avec Jos\u00e9 Antonio Ocampo | Le Grand Continent","robots":{"index":"index","follow":"follow","max-snippet":"max-snippet:-1","max-image-preview":"max-image-preview:large","max-video-preview":"max-video-preview:-1"},"canonical":"https:\/\/legrandcontinent.eu\/fr\/2023\/03\/05\/personne-na-propose-dunion-monetaire-ce-que-nous-voulons-cest-une-monnaie-commune-une-conversation-avec-jose-antonio-ocampo\/","og_locale":"fr_FR","og_type":"article","og_title":"\u00abPersonne n'a propos\u00e9 d\u2019union mon\u00e9taire. Ce que nous voulons, c'est une monnaie commune\u00bb, une conversation avec Jos\u00e9 Antonio Ocampo | Le Grand Continent","og_description":"La Colombie de Petro est en train de r\u00e9inventer son mod\u00e8le \u00e9conomique. Dans cet entretien, le ministre des Finances et du Cr\u00e9dit public colombien revient sur les outils \u00e0 la disposition de Bogota et pr\u00e9cise sa position dans le d\u00e9bat sur l\u2019union mon\u00e9taire en Am\u00e9rique latine.","og_url":"https:\/\/legrandcontinent.eu\/fr\/2023\/03\/05\/personne-na-propose-dunion-monetaire-ce-que-nous-voulons-cest-une-monnaie-commune-une-conversation-avec-jose-antonio-ocampo\/","og_site_name":"Le Grand Continent","article_published_time":"2023-03-05T03:00:00+00:00","og_image":[{"width":2560,"height":1440,"url":"https:\/\/legrandcontinent.eu\/fr\/wp-content\/uploads\/sites\/2\/2023\/03\/gc-colombie-ocampo-scaled.jpg","type":"image\/jpeg"}],"author":"Matheo Malik","twitter_card":"summary_large_image","twitter_image":"https:\/\/legrandcontinent.eu\/fr\/wp-content\/uploads\/sites\/2\/2023\/03\/gc-colombie-ocampo-scaled.jpg","twitter_misc":{"\u00c9crit par":"Matheo Malik","Dur\u00e9e de lecture estim\u00e9e":"12 minutes"},"schema":{"@context":"https:\/\/schema.org","@graph":[{"@type":"WebPage","@id":"https:\/\/legrandcontinent.eu\/fr\/2023\/03\/05\/personne-na-propose-dunion-monetaire-ce-que-nous-voulons-cest-une-monnaie-commune-une-conversation-avec-jose-antonio-ocampo\/","url":"https:\/\/legrandcontinent.eu\/fr\/2023\/03\/05\/personne-na-propose-dunion-monetaire-ce-que-nous-voulons-cest-une-monnaie-commune-une-conversation-avec-jose-antonio-ocampo\/","name":"\u00abPersonne n'a propos\u00e9 d\u2019union mon\u00e9taire. Ce que nous voulons, c'est une monnaie commune\u00bb, une conversation avec Jos\u00e9 Antonio Ocampo | Le Grand Continent","isPartOf":{"@id":"https:\/\/legrandcontinent.eu\/fr\/#website"},"primaryImageOfPage":{"@id":"https:\/\/legrandcontinent.eu\/fr\/2023\/03\/05\/personne-na-propose-dunion-monetaire-ce-que-nous-voulons-cest-une-monnaie-commune-une-conversation-avec-jose-antonio-ocampo\/#primaryimage"},"image":{"@id":"https:\/\/legrandcontinent.eu\/fr\/2023\/03\/05\/personne-na-propose-dunion-monetaire-ce-que-nous-voulons-cest-une-monnaie-commune-une-conversation-avec-jose-antonio-ocampo\/#primaryimage"},"thumbnailUrl":"https:\/\/legrandcontinent.eu\/fr\/wp-content\/uploads\/sites\/2\/2023\/03\/SIPA_shutterstock41050244_000029-scaled.jpg","datePublished":"2023-03-05T03:00:00+00:00","author":{"@id":"https:\/\/legrandcontinent.eu\/fr\/#\/schema\/person\/a1c2123a1ef5abd663fcde8f63063d45"},"breadcrumb":{"@id":"https:\/\/legrandcontinent.eu\/fr\/2023\/03\/05\/personne-na-propose-dunion-monetaire-ce-que-nous-voulons-cest-une-monnaie-commune-une-conversation-avec-jose-antonio-ocampo\/#breadcrumb"},"inLanguage":"fr-FR","potentialAction":[{"@type":"ReadAction","target":["https:\/\/legrandcontinent.eu\/fr\/2023\/03\/05\/personne-na-propose-dunion-monetaire-ce-que-nous-voulons-cest-une-monnaie-commune-une-conversation-avec-jose-antonio-ocampo\/"]}]},{"@type":"ImageObject","inLanguage":"fr-FR","@id":"https:\/\/legrandcontinent.eu\/fr\/2023\/03\/05\/personne-na-propose-dunion-monetaire-ce-que-nous-voulons-cest-une-monnaie-commune-une-conversation-avec-jose-antonio-ocampo\/#primaryimage","url":"https:\/\/legrandcontinent.eu\/fr\/wp-content\/uploads\/sites\/2\/2023\/03\/SIPA_shutterstock41050244_000029-scaled.jpg","contentUrl":"https:\/\/legrandcontinent.eu\/fr\/wp-content\/uploads\/sites\/2\/2023\/03\/SIPA_shutterstock41050244_000029-scaled.jpg","width":2560,"height":1703,"caption":"Mandatory Credit: Photo by Guy Bell\/Shutterstock (13788497ag) Whorled (Here After Here After Here) by Jitish Kallat in the courtyard of Somerset House as seen through Seed 4 (Blue) by Sung-Hoon Park in Gallery Sklo from South Korea - Collect a fair for contemporary craft and design presented by Crafts Council returns to Somerset House from 3 - 5 March and online in partnership with Artsy.net from 1 - 12 March. It features works from 400 living artists brought together by 40 galleries from across the globe. Collect craft and design fair at Somerset House., Somerset House, London, UK - 01 Mar 2023\/shutterstock_editorial_Collect_craft_and_design_fair_13788497ag\/\/2303011640"},{"@type":"BreadcrumbList","@id":"https:\/\/legrandcontinent.eu\/fr\/2023\/03\/05\/personne-na-propose-dunion-monetaire-ce-que-nous-voulons-cest-une-monnaie-commune-une-conversation-avec-jose-antonio-ocampo\/#breadcrumb","itemListElement":[{"@type":"ListItem","position":1,"name":"Accueil","item":"https:\/\/legrandcontinent.eu\/fr\/"},{"@type":"ListItem","position":2,"name":"\u00ab&#160;Personne n&rsquo;a propos\u00e9 d\u2019union mon\u00e9taire. Ce que nous voulons, c&rsquo;est une monnaie commune&#160;\u00bb, une conversation avec Jos\u00e9 Antonio Ocampo"}]},{"@type":"WebSite","@id":"https:\/\/legrandcontinent.eu\/fr\/#website","url":"https:\/\/legrandcontinent.eu\/fr\/","name":"Le Grand Continent","description":"L&#039;\u00e9chelle pertinente","potentialAction":[{"@type":"SearchAction","target":{"@type":"EntryPoint","urlTemplate":"https:\/\/legrandcontinent.eu\/fr\/?s={search_term_string}"},"query-input":{"@type":"PropertyValueSpecification","valueRequired":true,"valueName":"search_term_string"}}],"inLanguage":"fr-FR"},{"@type":"Person","@id":"https:\/\/legrandcontinent.eu\/fr\/#\/schema\/person\/a1c2123a1ef5abd663fcde8f63063d45","name":"Matheo Malik","image":{"@type":"ImageObject","inLanguage":"fr-FR","@id":"https:\/\/legrandcontinent.eu\/fr\/#\/schema\/person\/image\/","url":"https:\/\/secure.gravatar.com\/avatar\/62cbadb9f7f0804282928747d8d2051d?s=96&d=mm&r=g","contentUrl":"https:\/\/secure.gravatar.com\/avatar\/62cbadb9f7f0804282928747d8d2051d?s=96&d=mm&r=g","caption":"Matheo Malik"}}]}},"lgc_categories":[{"id":1731,"name":"Politique","slug":"politique"}],"lgc_author":{"id":1631,"name":"Florent Zemmouche","slug":"florent-zemmouche","first_name":"Florent","last_name":"Zemmouche","picture":{"url":"https:\/\/legrandcontinent.eu\/fr\/wp-content\/uploads\/sites\/2\/2023\/06\/gc-elzemmouche.jpg","width":399,"height":531,"alt":""}},"feature_image_summary":{"url":"https:\/\/legrandcontinent.eu\/fr\/wp-content\/uploads\/sites\/2\/2023\/03\/SIPA_shutterstock41050244_000029-scaled.jpg","width":2560,"height":1703,"alt":""},"feature_image_cover":{"url":"https:\/\/legrandcontinent.eu\/fr\/wp-content\/uploads\/sites\/2\/2023\/03\/SIPA_shutterstock41050244_000029-scaled.jpg","width":2560,"height":1703,"alt":""},"term_position_data":null,"_links":{"self":[{"href":"https:\/\/legrandcontinent.eu\/fr\/wp-json\/wp\/v2\/posts\/178810","targetHints":{"allow":["GET"]}}],"collection":[{"href":"https:\/\/legrandcontinent.eu\/fr\/wp-json\/wp\/v2\/posts"}],"about":[{"href":"https:\/\/legrandcontinent.eu\/fr\/wp-json\/wp\/v2\/types\/post"}],"author":[{"embeddable":true,"href":"https:\/\/legrandcontinent.eu\/fr\/wp-json\/wp\/v2\/users\/10"}],"replies":[{"embeddable":true,"href":"https:\/\/legrandcontinent.eu\/fr\/wp-json\/wp\/v2\/comments?post=178810"}],"version-history":[{"count":0,"href":"https:\/\/legrandcontinent.eu\/fr\/wp-json\/wp\/v2\/posts\/178810\/revisions"}],"wp:featuredmedia":[{"embeddable":true,"href":"https:\/\/legrandcontinent.eu\/fr\/wp-json\/wp\/v2\/media\/178812"}],"wp:attachment":[{"href":"https:\/\/legrandcontinent.eu\/fr\/wp-json\/wp\/v2\/media?parent=178810"}],"wp:term":[{"taxonomy":"category","embeddable":true,"href":"https:\/\/legrandcontinent.eu\/fr\/wp-json\/wp\/v2\/categories?post=178810"},{"taxonomy":"post_tag","embeddable":true,"href":"https:\/\/legrandcontinent.eu\/fr\/wp-json\/wp\/v2\/tags?post=178810"},{"taxonomy":"staff","embeddable":true,"href":"https:\/\/legrandcontinent.eu\/fr\/wp-json\/wp\/v2\/staff?post=178810"},{"taxonomy":"editorial_format","embeddable":true,"href":"https:\/\/legrandcontinent.eu\/fr\/wp-json\/wp\/v2\/editorial_format?post=178810"},{"taxonomy":"serie","embeddable":true,"href":"https:\/\/legrandcontinent.eu\/fr\/wp-json\/wp\/v2\/serie?post=178810"},{"taxonomy":"audience","embeddable":true,"href":"https:\/\/legrandcontinent.eu\/fr\/wp-json\/wp\/v2\/audience?post=178810"},{"taxonomy":"geo","embeddable":true,"href":"https:\/\/legrandcontinent.eu\/fr\/wp-json\/wp\/v2\/geo?post=178810"}],"curies":[{"name":"wp","href":"https:\/\/api.w.org\/{rel}","templated":true}]}}