{"id":177712,"date":"2023-02-15T19:41:27","date_gmt":"2023-02-15T18:41:27","guid":{"rendered":"https:\/\/legrandcontinent.eu\/fr\/?p=177712"},"modified":"2023-02-15T19:41:28","modified_gmt":"2023-02-15T18:41:28","slug":"le-dilemme-de-bakhmout","status":"publish","type":"post","link":"https:\/\/legrandcontinent.eu\/fr\/2023\/02\/15\/le-dilemme-de-bakhmout\/","title":{"rendered":"Le dilemme de Bakhmout"},"content":{"rendered":"\n<p>Mardi 14 f\u00e9vrier, l&rsquo;\u00e9tat-major ukrainien a indiqu\u00e9 que les troupes ukrainiennes ont repouss\u00e9 des attaques russes sur la ville de Bakhmout ainsi qu\u2019au nord, pr\u00e8s de Fedorivka (situ\u00e9e \u00e0 15 km) et de Paraskoviivka (5 km). Le porte-parole ukrainien du groupe des forces de l&rsquo;Est a quant \u00e0 lui d\u00e9clar\u00e9 que les troupes de Wagner n\u2019avaient pas pris le contr\u00f4le du village de Krasna Hora, au nord de Bakhmout, contrairement aux affirmations d\u2019Evgueni Prigojine&nbsp;<span class='whitespace-nowrap'><span id='easy-footnote-1-177712' class='easy-footnote-margin-adjust'><\/span><span class='easy-footnote'><a href='https:\/\/legrandcontinent.eu\/fr\/2023\/02\/15\/le-dilemme-de-bakhmout\/#easy-footnote-bottom-1-177712' title='George Barros, Kateryna Stepanenko, Karolina Hird, Angela Howard, Nicole Wolkov et Frederick Kagan, \u00ab&amp;#160;&lt;a href=&quot;https:\/\/www.understandingwar.org\/backgrounder\/russian-offensive-campaign-assessment-february-14-2023&quot;&gt;Russian Offensive Campaign Assessment&lt;\/a&gt;&amp;#160;\u00bb, Institute for the Study of War, 14 f\u00e9vrier 2023.'><sup>1<\/sup><\/a><\/span><\/span>.<\/p>\n\n\n\n<div class=\"iframe-container wp-block-image wp-block-image-medium  iframe-dw\">\n\t<div>\n\t\t<iframe class=\"absolute w-full h-full pin-t pin-l\" title=\"titolo\" aria-label=\"Interactive line chart\" src=\"\/\/datawrapper.dwcdn.net\/FCo2n\/\" scrolling=\"no\" frameborder=\"0\"><\/iframe>\n\t<\/div>\n<\/div>\n\n\n\n<ul class=\"wp-block-list\">\n<li>Malgr\u00e9 <a href=\"https:\/\/legrandcontinent.eu\/fr\/2023\/01\/24\/letau-russe-se-resserre-autour-de-bakhmout\/\">l\u2019\u00e9tau russe qui se resserre autour de la ville<\/a> depuis plusieurs semaines, les forces arm\u00e9es ukrainiennes contr\u00f4lent toujours Bakhmout.<\/li>\n\n\n\n<li>Prigojine lui-m\u00eame a d\u00e9clar\u00e9 mardi 14 f\u00e9vrier que la ville \u00ab&#160;ne sera pas prise dans un avenir proche&#160;\u00bb en raison des violents combats qui s\u2019y d\u00e9roulent emp\u00eachant \u00ab&#160;d\u2019encercler l\u2019ennemi&#160;\u00bb&nbsp;<span class='whitespace-nowrap'><span id='easy-footnote-2-177712' class='easy-footnote-margin-adjust'><\/span><span class='easy-footnote'><a href='https:\/\/legrandcontinent.eu\/fr\/2023\/02\/15\/le-dilemme-de-bakhmout\/#easy-footnote-bottom-2-177712' title='&lt;a href=&quot;https:\/\/t.me\/readovkanews\/52662&quot;&gt;Message de Readovka du 14 f\u00e9vrier 2023&lt;\/a&gt;, Telegram.'><sup>2<\/sup><\/a><\/span><\/span>.<\/li>\n\n\n\n<li>Les forces russes progressent lentement, notamment au nord de la ville o\u00f9 des images satellites r\u00e9v\u00e8lent qu\u2019elles auraient progress\u00e9 d\u2019environ 1 kilom\u00e8tre au sud-est de Vasyukivka.<\/li>\n<\/ul>\n\n\n\n<div class=\"iframe-container wp-block-image wp-block-image-medium  iframe-dw\">\n\t<div>\n\t\t<iframe class=\"absolute w-full h-full pin-t pin-l\" title=\"titolo\" aria-label=\"Interactive line chart\" src=\"\/\/datawrapper.dwcdn.net\/a4Jj2\/\" scrolling=\"no\" frameborder=\"0\"><\/iframe>\n\t<\/div>\n<\/div>\n\n\n\n<p>Les chiffres publi\u00e9s quotidiennement par l\u2019\u00e9tat-major ukrainien sont un indicateur de <a href=\"https:\/\/legrandcontinent.eu\/fr\/2023\/02\/07\/selon-les-autorites-ukrainiennes-le-6-fevrier-a-ete-la-journee-la-plus-meurtriere-pour-les-troupes-russes-depuis-le-debut-de-la-guerre\/\">la violence des combats qui s\u2019est accrue ces derni\u00e8res semaines<\/a> (bien qu\u2019ils soient \u00e0 prendre avec pr\u00e9caution). Selon Mykhailo Podolyak, conseiller de Volodymyr Zelenskyy, l\u2019offensive russe annonc\u00e9e par les services de renseignement ukrainiens a d\u00e9j\u00e0 commenc\u00e9, comme en atteste l\u2019intensification des bombardements ainsi que des moyens mat\u00e9riels et humains d\u00e9ploy\u00e9s par l\u2019arm\u00e9e russe&nbsp;<span class='whitespace-nowrap'><span id='easy-footnote-3-177712' class='easy-footnote-margin-adjust'><\/span><span class='easy-footnote'><a href='https:\/\/legrandcontinent.eu\/fr\/2023\/02\/15\/le-dilemme-de-bakhmout\/#easy-footnote-bottom-3-177712' title='Isabel Coles et Ievgeniia Sivorka, \u00ab&amp;#160;&lt;a href=&quot;https:\/\/www.wsj.com\/articles\/ukraine-faces-painful-choice-as-russia-tightens-chokehold-on-bakhmut-81dcec37?mod=series_rusukrainenato&quot;&gt;Ukraine Faces Painful Choice as Russia Tightens Chokehold on Bakhmut&lt;\/a&gt;&amp;#160;\u00bb, &lt;em&gt;The Wall Street Journal&lt;\/em&gt;, 13 f\u00e9vrier 2023.'><sup>3<\/sup><\/a><\/span><\/span>.<\/p>\n\n\n\n<p>La d\u00e9fense de la ville \u2014 malgr\u00e9 le rapport de forces en faveur de l\u2019arm\u00e9e russe \u2014 constitue un dilemme pour Kyiv.<\/p>\n\n\n\n<ul class=\"wp-block-list\">\n<li>Bakhmout a \u00e9t\u00e9 \u00e9rig\u00e9e par Zelenskyy comme un symbole de la r\u00e9silience ukrainienne face \u00e0 la tentative russe de relancer une invasion \u00e0 grande \u00e9chelle, apr\u00e8s plusieurs mois marqu\u00e9s par des <a href=\"https:\/\/legrandcontinent.eu\/fr\/2023\/02\/01\/le-front-quasi-gele-de-la-guerre-depuis-deux-mois\/\">maigres conqu\u00eates territoriales<\/a>.<\/li>\n\n\n\n<li>De leur c\u00f4t\u00e9, l\u2019\u00e9tat-major russe et le Kremlin investissent des moyens cons\u00e9quents pour capturer la ville, un \u00ab&#160;objectif strat\u00e9gique&#160;\u00bb qui permettrait de couper les lignes d\u2019approvisionnement ukrainiennes dans l\u2019est de l\u2019Ukraine.<\/li>\n\n\n\n<li>\u00c0 Washington, la Maison-Blanche et le Pentagone consid\u00e8rent que la prise de la ville \u00ab&#160;n&rsquo;entra\u00eenera pas de changement strat\u00e9gique significatif sur le champ de bataille&#160;\u00bb&nbsp;<span class='whitespace-nowrap'><span id='easy-footnote-4-177712' class='easy-footnote-margin-adjust'><\/span><span class='easy-footnote'><a href='https:\/\/legrandcontinent.eu\/fr\/2023\/02\/15\/le-dilemme-de-bakhmout\/#easy-footnote-bottom-4-177712' title='Yasmeen Abutaleb et John Hudson, \u00ab&amp;#160;&lt;a href=&quot;https:\/\/www.washingtonpost.com\/politics\/2023\/02\/13\/us-ukraine-war-critical-moment\/&quot;&gt;U.S. warns Ukraine it faces a pivotal moment in war&lt;\/a&gt;&amp;#160;\u00bb, &lt;em&gt;The Washington Post&lt;\/em&gt;, 13 f\u00e9vrier 2023.'><sup>4<\/sup><\/a><\/span><\/span>.<\/li>\n<\/ul>\n\n\n\n<div class=\"iframe-container wp-block-image wp-block-image-medium  iframe-dw\">\n\t<div>\n\t\t<iframe class=\"absolute w-full h-full pin-t pin-l\" title=\"titolo\" aria-label=\"Interactive line chart\" src=\"\/\/datawrapper.dwcdn.net\/Qlt1s\/\" scrolling=\"no\" frameborder=\"0\"><\/iframe>\n\t<\/div>\n<\/div>\n\n\n\n<p>Plusieurs responsables am\u00e9ricains ont fait part \u00e0 leurs homologues ukrainiens qu\u2019ils consid\u00e8rent comme \u00ab&#160;irr\u00e9aliste&#160;\u00bb de lancer une contre-offensive au printemps et d\u00e9fendre Bakhmout dans le m\u00eame temps. Tandis que Washington consid\u00e8re que les Ukrainiens devraient profiter du \u00ab&#160;timing&#160;\u00bb offert par les r\u00e9centes annonces de livraison de mat\u00e9riel plus sophistiqu\u00e9, la Maison-Blanche craint \u00e9galement que les R\u00e9publicains de la Chambre s\u2019opposent \u00e0 fournir \u00e0 l\u2019Ukraine le m\u00eame niveau d\u2019assistance militaire et financi\u00e8re que la pr\u00e9c\u00e9dente l\u00e9gislature.<\/p>\n","protected":false},"excerpt":{"rendered":"<p>Malgr\u00e9 les attaques russes r\u00e9p\u00e9t\u00e9es autour et dans les faubourgs de la ville de Bakhmout, les forces ukrainiennes contr\u00f4lent toujours la ville. Washington consid\u00e8re cependant que sa d\u00e9fense nuirait aux capacit\u00e9s de Kyiv de lancer une contre-offensive au printemps.<\/p>\n","protected":false},"author":2622,"featured_media":177711,"comment_status":"closed","ping_status":"closed","sticky":false,"template":"templates\/post-briefings.php","format":"standard","meta":{"_acf_changed":false,"_trash_the_other_posts":false,"_yoast_wpseo_estimated-reading-time-minutes":3,"footnotes":""},"categories":[3116],"tags":[],"staff":[],"editorial_format":[],"serie":[],"audience":[],"geo":[1917],"class_list":["post-177712","post","type-post","status-publish","format-standard","hentry","category-la-guerre-en-ukraine-au-jour-le-jour","geo-europe"],"acf":{"open_in_webview":false,"accent":false},"yoast_head":"<!-- This site is optimized with the Yoast SEO plugin v26.1.1 - https:\/\/yoast.com\/wordpress\/plugins\/seo\/ -->\n<title>Le dilemme de Bakhmout | Le Grand Continent<\/title>\n<meta name=\"robots\" content=\"index, follow, max-snippet:-1, max-image-preview:large, max-video-preview:-1\" \/>\n<link rel=\"canonical\" href=\"https:\/\/legrandcontinent.eu\/fr\/2023\/02\/15\/le-dilemme-de-bakhmout\/\" \/>\n<meta property=\"og:locale\" content=\"fr_FR\" \/>\n<meta property=\"og:type\" content=\"article\" \/>\n<meta property=\"og:title\" content=\"Le dilemme de Bakhmout | Le Grand Continent\" \/>\n<meta property=\"og:description\" content=\"Malgr\u00e9 les attaques russes r\u00e9p\u00e9t\u00e9es autour et dans les faubourgs de la ville de Bakhmout, les forces ukrainiennes contr\u00f4lent toujours la ville. Washington consid\u00e8re cependant que sa d\u00e9fense nuirait aux capacit\u00e9s de Kyiv de lancer une contre-offensive au printemps.\" \/>\n<meta property=\"og:url\" content=\"https:\/\/legrandcontinent.eu\/fr\/2023\/02\/15\/le-dilemme-de-bakhmout\/\" \/>\n<meta property=\"og:site_name\" content=\"Le Grand Continent\" \/>\n<meta property=\"article:published_time\" content=\"2023-02-15T18:41:27+00:00\" \/>\n<meta property=\"article:modified_time\" content=\"2023-02-15T18:41:28+00:00\" \/>\n<meta property=\"og:image\" content=\"https:\/\/legrandcontinent.eu\/fr\/wp-content\/uploads\/sites\/2\/2023\/02\/gc-vue-aerienne-bakhmout-e1676485441582.jpg\" \/>\n\t<meta property=\"og:image:width\" content=\"1453\" \/>\n\t<meta property=\"og:image:height\" content=\"816\" \/>\n\t<meta property=\"og:image:type\" content=\"image\/jpeg\" \/>\n<meta name=\"author\" content=\"Marin Saillofest\" \/>\n<meta name=\"twitter:card\" content=\"summary_large_image\" \/>\n<meta name=\"twitter:image\" content=\"https:\/\/legrandcontinent.eu\/fr\/wp-content\/uploads\/sites\/2\/2023\/02\/gc-vue-aerienne-bakhmout-e1676485441582.jpg\" \/>\n<meta name=\"twitter:label1\" content=\"\u00c9crit par\" \/>\n\t<meta name=\"twitter:data1\" content=\"Marin Saillofest\" \/>\n\t<meta name=\"twitter:label2\" content=\"Dur\u00e9e de lecture estim\u00e9e\" \/>\n\t<meta name=\"twitter:data2\" content=\"3 minutes\" \/>\n<script type=\"application\/ld+json\" class=\"yoast-schema-graph\">{\"@context\":\"https:\/\/schema.org\",\"@graph\":[{\"@type\":\"WebPage\",\"@id\":\"https:\/\/legrandcontinent.eu\/fr\/2023\/02\/15\/le-dilemme-de-bakhmout\/\",\"url\":\"https:\/\/legrandcontinent.eu\/fr\/2023\/02\/15\/le-dilemme-de-bakhmout\/\",\"name\":\"Le dilemme de Bakhmout | Le Grand Continent\",\"isPartOf\":{\"@id\":\"https:\/\/legrandcontinent.eu\/fr\/#website\"},\"primaryImageOfPage\":{\"@id\":\"https:\/\/legrandcontinent.eu\/fr\/2023\/02\/15\/le-dilemme-de-bakhmout\/#primaryimage\"},\"image\":{\"@id\":\"https:\/\/legrandcontinent.eu\/fr\/2023\/02\/15\/le-dilemme-de-bakhmout\/#primaryimage\"},\"thumbnailUrl\":\"https:\/\/legrandcontinent.eu\/fr\/wp-content\/uploads\/sites\/2\/2023\/02\/Capture-de\u0301cran-2023-02-15-a\u0300-19.37.26.jpg\",\"datePublished\":\"2023-02-15T18:41:27+00:00\",\"dateModified\":\"2023-02-15T18:41:28+00:00\",\"author\":{\"@id\":\"https:\/\/legrandcontinent.eu\/fr\/#\/schema\/person\/e4f85f52220fc7b4cc3cfdb86d88e833\"},\"breadcrumb\":{\"@id\":\"https:\/\/legrandcontinent.eu\/fr\/2023\/02\/15\/le-dilemme-de-bakhmout\/#breadcrumb\"},\"inLanguage\":\"fr-FR\",\"potentialAction\":[{\"@type\":\"ReadAction\",\"target\":[\"https:\/\/legrandcontinent.eu\/fr\/2023\/02\/15\/le-dilemme-de-bakhmout\/\"]}]},{\"@type\":\"ImageObject\",\"inLanguage\":\"fr-FR\",\"@id\":\"https:\/\/legrandcontinent.eu\/fr\/2023\/02\/15\/le-dilemme-de-bakhmout\/#primaryimage\",\"url\":\"https:\/\/legrandcontinent.eu\/fr\/wp-content\/uploads\/sites\/2\/2023\/02\/Capture-de\u0301cran-2023-02-15-a\u0300-19.37.26.jpg\",\"contentUrl\":\"https:\/\/legrandcontinent.eu\/fr\/wp-content\/uploads\/sites\/2\/2023\/02\/Capture-de\u0301cran-2023-02-15-a\u0300-19.37.26.jpg\",\"width\":1892,\"height\":1088},{\"@type\":\"BreadcrumbList\",\"@id\":\"https:\/\/legrandcontinent.eu\/fr\/2023\/02\/15\/le-dilemme-de-bakhmout\/#breadcrumb\",\"itemListElement\":[{\"@type\":\"ListItem\",\"position\":1,\"name\":\"Accueil\",\"item\":\"https:\/\/legrandcontinent.eu\/fr\/\"},{\"@type\":\"ListItem\",\"position\":2,\"name\":\"Le dilemme de Bakhmout\"}]},{\"@type\":\"WebSite\",\"@id\":\"https:\/\/legrandcontinent.eu\/fr\/#website\",\"url\":\"https:\/\/legrandcontinent.eu\/fr\/\",\"name\":\"Le Grand Continent\",\"description\":\"L&#039;\u00e9chelle pertinente\",\"potentialAction\":[{\"@type\":\"SearchAction\",\"target\":{\"@type\":\"EntryPoint\",\"urlTemplate\":\"https:\/\/legrandcontinent.eu\/fr\/?s={search_term_string}\"},\"query-input\":{\"@type\":\"PropertyValueSpecification\",\"valueRequired\":true,\"valueName\":\"search_term_string\"}}],\"inLanguage\":\"fr-FR\"},{\"@type\":\"Person\",\"@id\":\"https:\/\/legrandcontinent.eu\/fr\/#\/schema\/person\/e4f85f52220fc7b4cc3cfdb86d88e833\",\"name\":\"Marin Saillofest\",\"image\":{\"@type\":\"ImageObject\",\"inLanguage\":\"fr-FR\",\"@id\":\"https:\/\/legrandcontinent.eu\/fr\/#\/schema\/person\/image\/\",\"url\":\"https:\/\/secure.gravatar.com\/avatar\/87088698b4d967390c49ae6d4f1aa459?s=96&d=mm&r=g\",\"contentUrl\":\"https:\/\/secure.gravatar.com\/avatar\/87088698b4d967390c49ae6d4f1aa459?s=96&d=mm&r=g\",\"caption\":\"Marin Saillofest\"}}]}<\/script>\n<!-- \/ Yoast SEO plugin. -->","yoast_head_json":{"title":"Le dilemme de Bakhmout | Le Grand Continent","robots":{"index":"index","follow":"follow","max-snippet":"max-snippet:-1","max-image-preview":"max-image-preview:large","max-video-preview":"max-video-preview:-1"},"canonical":"https:\/\/legrandcontinent.eu\/fr\/2023\/02\/15\/le-dilemme-de-bakhmout\/","og_locale":"fr_FR","og_type":"article","og_title":"Le dilemme de Bakhmout | Le Grand Continent","og_description":"Malgr\u00e9 les attaques russes r\u00e9p\u00e9t\u00e9es autour et dans les faubourgs de la ville de Bakhmout, les forces ukrainiennes contr\u00f4lent toujours la ville. Washington consid\u00e8re cependant que sa d\u00e9fense nuirait aux capacit\u00e9s de Kyiv de lancer une contre-offensive au printemps.","og_url":"https:\/\/legrandcontinent.eu\/fr\/2023\/02\/15\/le-dilemme-de-bakhmout\/","og_site_name":"Le Grand Continent","article_published_time":"2023-02-15T18:41:27+00:00","article_modified_time":"2023-02-15T18:41:28+00:00","og_image":[{"width":1453,"height":816,"url":"https:\/\/legrandcontinent.eu\/fr\/wp-content\/uploads\/sites\/2\/2023\/02\/gc-vue-aerienne-bakhmout-e1676485441582.jpg","type":"image\/jpeg"}],"author":"Marin Saillofest","twitter_card":"summary_large_image","twitter_image":"https:\/\/legrandcontinent.eu\/fr\/wp-content\/uploads\/sites\/2\/2023\/02\/gc-vue-aerienne-bakhmout-e1676485441582.jpg","twitter_misc":{"\u00c9crit par":"Marin Saillofest","Dur\u00e9e de lecture estim\u00e9e":"3 minutes"},"schema":{"@context":"https:\/\/schema.org","@graph":[{"@type":"WebPage","@id":"https:\/\/legrandcontinent.eu\/fr\/2023\/02\/15\/le-dilemme-de-bakhmout\/","url":"https:\/\/legrandcontinent.eu\/fr\/2023\/02\/15\/le-dilemme-de-bakhmout\/","name":"Le dilemme de Bakhmout | Le Grand Continent","isPartOf":{"@id":"https:\/\/legrandcontinent.eu\/fr\/#website"},"primaryImageOfPage":{"@id":"https:\/\/legrandcontinent.eu\/fr\/2023\/02\/15\/le-dilemme-de-bakhmout\/#primaryimage"},"image":{"@id":"https:\/\/legrandcontinent.eu\/fr\/2023\/02\/15\/le-dilemme-de-bakhmout\/#primaryimage"},"thumbnailUrl":"https:\/\/legrandcontinent.eu\/fr\/wp-content\/uploads\/sites\/2\/2023\/02\/Capture-de\u0301cran-2023-02-15-a\u0300-19.37.26.jpg","datePublished":"2023-02-15T18:41:27+00:00","dateModified":"2023-02-15T18:41:28+00:00","author":{"@id":"https:\/\/legrandcontinent.eu\/fr\/#\/schema\/person\/e4f85f52220fc7b4cc3cfdb86d88e833"},"breadcrumb":{"@id":"https:\/\/legrandcontinent.eu\/fr\/2023\/02\/15\/le-dilemme-de-bakhmout\/#breadcrumb"},"inLanguage":"fr-FR","potentialAction":[{"@type":"ReadAction","target":["https:\/\/legrandcontinent.eu\/fr\/2023\/02\/15\/le-dilemme-de-bakhmout\/"]}]},{"@type":"ImageObject","inLanguage":"fr-FR","@id":"https:\/\/legrandcontinent.eu\/fr\/2023\/02\/15\/le-dilemme-de-bakhmout\/#primaryimage","url":"https:\/\/legrandcontinent.eu\/fr\/wp-content\/uploads\/sites\/2\/2023\/02\/Capture-de\u0301cran-2023-02-15-a\u0300-19.37.26.jpg","contentUrl":"https:\/\/legrandcontinent.eu\/fr\/wp-content\/uploads\/sites\/2\/2023\/02\/Capture-de\u0301cran-2023-02-15-a\u0300-19.37.26.jpg","width":1892,"height":1088},{"@type":"BreadcrumbList","@id":"https:\/\/legrandcontinent.eu\/fr\/2023\/02\/15\/le-dilemme-de-bakhmout\/#breadcrumb","itemListElement":[{"@type":"ListItem","position":1,"name":"Accueil","item":"https:\/\/legrandcontinent.eu\/fr\/"},{"@type":"ListItem","position":2,"name":"Le dilemme de Bakhmout"}]},{"@type":"WebSite","@id":"https:\/\/legrandcontinent.eu\/fr\/#website","url":"https:\/\/legrandcontinent.eu\/fr\/","name":"Le Grand Continent","description":"L&#039;\u00e9chelle pertinente","potentialAction":[{"@type":"SearchAction","target":{"@type":"EntryPoint","urlTemplate":"https:\/\/legrandcontinent.eu\/fr\/?s={search_term_string}"},"query-input":{"@type":"PropertyValueSpecification","valueRequired":true,"valueName":"search_term_string"}}],"inLanguage":"fr-FR"},{"@type":"Person","@id":"https:\/\/legrandcontinent.eu\/fr\/#\/schema\/person\/e4f85f52220fc7b4cc3cfdb86d88e833","name":"Marin Saillofest","image":{"@type":"ImageObject","inLanguage":"fr-FR","@id":"https:\/\/legrandcontinent.eu\/fr\/#\/schema\/person\/image\/","url":"https:\/\/secure.gravatar.com\/avatar\/87088698b4d967390c49ae6d4f1aa459?s=96&d=mm&r=g","contentUrl":"https:\/\/secure.gravatar.com\/avatar\/87088698b4d967390c49ae6d4f1aa459?s=96&d=mm&r=g","caption":"Marin Saillofest"}}]}},"lgc_categories":[{"id":3116,"name":"La guerre en Ukraine au jour le jour","slug":"la-guerre-en-ukraine-au-jour-le-jour"}],"lgc_author":null,"feature_image_summary":{"url":"https:\/\/legrandcontinent.eu\/fr\/wp-content\/uploads\/sites\/2\/2023\/02\/Capture-de\u0301cran-2023-02-15-a\u0300-19.37.26.jpg","width":1892,"height":1088,"alt":""},"feature_image_cover":null,"term_position_data":null,"_links":{"self":[{"href":"https:\/\/legrandcontinent.eu\/fr\/wp-json\/wp\/v2\/posts\/177712","targetHints":{"allow":["GET"]}}],"collection":[{"href":"https:\/\/legrandcontinent.eu\/fr\/wp-json\/wp\/v2\/posts"}],"about":[{"href":"https:\/\/legrandcontinent.eu\/fr\/wp-json\/wp\/v2\/types\/post"}],"author":[{"embeddable":true,"href":"https:\/\/legrandcontinent.eu\/fr\/wp-json\/wp\/v2\/users\/2622"}],"replies":[{"embeddable":true,"href":"https:\/\/legrandcontinent.eu\/fr\/wp-json\/wp\/v2\/comments?post=177712"}],"version-history":[{"count":0,"href":"https:\/\/legrandcontinent.eu\/fr\/wp-json\/wp\/v2\/posts\/177712\/revisions"}],"wp:featuredmedia":[{"embeddable":true,"href":"https:\/\/legrandcontinent.eu\/fr\/wp-json\/wp\/v2\/media\/177711"}],"wp:attachment":[{"href":"https:\/\/legrandcontinent.eu\/fr\/wp-json\/wp\/v2\/media?parent=177712"}],"wp:term":[{"taxonomy":"category","embeddable":true,"href":"https:\/\/legrandcontinent.eu\/fr\/wp-json\/wp\/v2\/categories?post=177712"},{"taxonomy":"post_tag","embeddable":true,"href":"https:\/\/legrandcontinent.eu\/fr\/wp-json\/wp\/v2\/tags?post=177712"},{"taxonomy":"staff","embeddable":true,"href":"https:\/\/legrandcontinent.eu\/fr\/wp-json\/wp\/v2\/staff?post=177712"},{"taxonomy":"editorial_format","embeddable":true,"href":"https:\/\/legrandcontinent.eu\/fr\/wp-json\/wp\/v2\/editorial_format?post=177712"},{"taxonomy":"serie","embeddable":true,"href":"https:\/\/legrandcontinent.eu\/fr\/wp-json\/wp\/v2\/serie?post=177712"},{"taxonomy":"audience","embeddable":true,"href":"https:\/\/legrandcontinent.eu\/fr\/wp-json\/wp\/v2\/audience?post=177712"},{"taxonomy":"geo","embeddable":true,"href":"https:\/\/legrandcontinent.eu\/fr\/wp-json\/wp\/v2\/geo?post=177712"}],"curies":[{"name":"wp","href":"https:\/\/api.w.org\/{rel}","templated":true}]}}