{"id":177239,"date":"2023-02-12T15:46:44","date_gmt":"2023-02-12T14:46:44","guid":{"rendered":"https:\/\/legrandcontinent.eu\/fr\/?p=177239"},"modified":"2023-02-12T18:58:07","modified_gmt":"2023-02-12T17:58:07","slug":"un-rechauffement-climatique-au-dela-de-15c-pourrait-provoquer-une-reaction-en-chaine","status":"publish","type":"post","link":"https:\/\/legrandcontinent.eu\/fr\/2023\/02\/12\/un-rechauffement-climatique-au-dela-de-15c-pourrait-provoquer-une-reaction-en-chaine\/","title":{"rendered":"Un r\u00e9chauffement climatique au-del\u00e0 de 1,5\u00b0C pourrait provoquer une r\u00e9action en cha\u00eene"},"content":{"rendered":"\n<p>Ce rapport de l\u2019OCDE&nbsp;<span class='whitespace-nowrap'><span id='easy-footnote-1-177239' class='easy-footnote-margin-adjust'><\/span><span class='easy-footnote'><a href='https:\/\/legrandcontinent.eu\/fr\/2023\/02\/12\/un-rechauffement-climatique-au-dela-de-15c-pourrait-provoquer-une-reaction-en-chaine\/#easy-footnote-bottom-1-177239' title='&lt;a href=&quot;https:\/\/www.oecd-ilibrary.org\/docserver\/abc5a69e-en.pdf?expires=1676023973&amp;amp;id=id&amp;amp;accname=guest&amp;amp;checksum=A844E70ECB80B3F8E1C6D5B43439C614&quot;&gt;Climate Tipping Points. Insights for Effective Policy Action&lt;\/a&gt;, OCDE, d\u00e9cembre 2022.'><sup>1<\/sup><\/a><\/span><\/span> vient compl\u00e9ter un champ d\u2019\u00e9tude ouvert en 2008 par un article pionnier qui identifiait pour la premi\u00e8re fois plusieurs points de basculement susceptibles d\u2019\u00eatre franchis lorsqu\u2019un seuil de temp\u00e9rature est pass\u00e9, dont l\u2019effondrement des calottes polaires et la disparition de la circulation m\u00e9ridienne de retournement atlantique&nbsp;<span class='whitespace-nowrap'><span id='easy-footnote-2-177239' class='easy-footnote-margin-adjust'><\/span><span class='easy-footnote'><a href='https:\/\/legrandcontinent.eu\/fr\/2023\/02\/12\/un-rechauffement-climatique-au-dela-de-15c-pourrait-provoquer-une-reaction-en-chaine\/#easy-footnote-bottom-2-177239' title='Lenton, T. M., Held, H., Kriegler, E., Hall, J. W., Lucht, W., Rahmstorf, S., &amp;amp; Schellnhuber, H. J. (2008), \u00ab&amp;#160;&lt;a href=&quot;https:\/\/www.pnas.org\/doi\/10.1073\/pnas.0705414105&quot;&gt;Tipping elements in the Earth\u2019s climate system&lt;\/a&gt;&amp;#160;\u00bb, &lt;em&gt;Proceedings of the National Academy of Sciences&lt;\/em&gt;, &lt;em&gt;105&lt;\/em&gt;(6), 1786-1793.'><sup>2<\/sup><\/a><\/span><\/span>.<\/p>\n\n\n\n<ul class=\"wp-block-list\">\n<li>Une \u00e9tude parue dans <em>Science <\/em>en septembre dernier avait r\u00e9\u00e9valu\u00e9 les points d\u00e9j\u00e0 identifi\u00e9s&nbsp;<span class='whitespace-nowrap'><span id='easy-footnote-3-177239' class='easy-footnote-margin-adjust'><\/span><span class='easy-footnote'><a href='https:\/\/legrandcontinent.eu\/fr\/2023\/02\/12\/un-rechauffement-climatique-au-dela-de-15c-pourrait-provoquer-une-reaction-en-chaine\/#easy-footnote-bottom-3-177239' title='Armstrong McKay, David I., Staal, Arie, Abrams, Jesse F., &lt;em&gt;et al., &lt;\/em&gt;\u00ab&amp;#160;&lt;a href=&quot;https:\/\/www.science.org\/doi\/10.1126\/science.abn7950&quot;&gt;Exceeding 1.5\u00b0 C global warming could trigger multiple climate tipping points&lt;\/a&gt;&amp;#160;\u00bb, &lt;em&gt;Science&lt;\/em&gt;, 2022, vol. 377, n\u00b06611.'><sup>3<\/sup><\/a><\/span><\/span>. Selon les auteurs, <a href=\"https:\/\/legrandcontinent.eu\/fr\/2022\/09\/14\/selon-une-etude-un-rechauffement-au-dela-d15c-declencherait-des-points-de-basculement-climatique-desastreux\/\">cinq points de basculement ont peut-\u00eatre d\u00e9j\u00e0 \u00e9t\u00e9 franchis<\/a> et six autres deviennent probables dans la fourchette pr\u00e9vue par l\u2019Accord de Paris, qui fixe comme objectif de limiter le r\u00e9chauffement climatique bien en dessous de 2 \u00b0C et de pr\u00e9f\u00e9rence \u00e0 1.5\u00b0C par rapport aux niveaux pr\u00e9industriels.<\/li>\n\n\n\n<li>La temp\u00e9rature moyenne mondiale a d\u00e9j\u00e0 augment\u00e9 de 1.1 \u00b0C. Le d\u00e9gel des permafrosts des r\u00e9gions bor\u00e9ales et australes et la mort des coraux \u00e0 basse-latitude sont ainsi d\u00e9j\u00e0 possibles.<\/li>\n<\/ul>\n\n\n\n<div class=\"iframe-container wp-block-image wp-block-image-medium  iframe-dw\">\n\t<div>\n\t\t<iframe class=\"absolute w-full h-full pin-t pin-l\" title=\"titolo\" aria-label=\"Interactive line chart\" src=\"\/\/datawrapper.dwcdn.net\/nXrWt\/\" scrolling=\"no\" frameborder=\"0\"><\/iframe>\n\t<\/div>\n<\/div>\n\n\n\n<p>Les dynamiques entre points de basculement rendent possibles des r\u00e9actions en cha\u00eene, un premier point franchi causant le franchissement d\u2019un autre.<\/p>\n\n\n\n<ul class=\"wp-block-list\">\n<li>La fonte des calottes glaciaires polaires est le principal agent susceptible d\u2019initier d\u2019autres changements, en particulier la disparition de la circulation m\u00e9ridienne de retournement atlantique.<\/li>\n\n\n\n<li>Celle-ci r\u00e9duirait \u00e0 son tour les cycles de mousson aux faibles latitudes et les pr\u00e9cipitations dans l\u2019h\u00e9misph\u00e8re Nord, produisant des s\u00e9cheresses et contribuant \u00e0 une baisse g\u00e9n\u00e9rale de la  temp\u00e9rature de plusieurs degr\u00e9s.<\/li>\n\n\n\n<li>Ces changements diminueraient significativement les rendements agricoles. Si la culture du riz gagnerait en terres utilisables, celles du ma\u00efs et du bl\u00e9 perdraient plus de la moiti\u00e9 des leurs, mettant en p\u00e9ril la s\u00e9curit\u00e9 alimentaire mondiale.<\/li>\n\n\n\n<li>L\u2019amenuisement des pr\u00e9cipitations en Amazonie transformerait, \u00e0 terme, la r\u00e9gion en un \u00ab&#160;\u00e9cosyst\u00e8me de savane&#160;\u00bb, compromettant son r\u00f4le de puits de carbone.<\/li>\n<\/ul>\n\n\n\n\n\n<figure class=\"wp-block-image wp-block-image-medium\"\n    data-shadow=\"false\"\n    data-use-original-file=\"false\">\n    <a\n        data-pswp-src=\"https:\/\/legrandcontinent.eu\/fr\/wp-content\/uploads\/sites\/2\/2023\/02\/v3Tms-interactions-entre-les-points-de-basculement-climatiques.png\"\n        class=\"inline-block gallery-item no-underline \"\n        data-pswp-width=\"1716\"\n        data-pswp-height=\"1522\">\n                                        <picture>\r\n                    <source\r\n                srcset=\"https:\/\/legrandcontinent.eu\/fr\/wp-content\/uploads\/sites\/2\/2023\/02\/v3Tms-interactions-entre-les-points-de-basculement-climatiques-330x293.png\"\r\n                media=\"(max-width:  374px)\" \/>\r\n                    <source\r\n                srcset=\"https:\/\/legrandcontinent.eu\/fr\/wp-content\/uploads\/sites\/2\/2023\/02\/v3Tms-interactions-entre-les-points-de-basculement-climatiques-690x612.png\"\r\n                media=\"(max-width:  989px)\" \/>\r\n                    <source\r\n                srcset=\"https:\/\/legrandcontinent.eu\/fr\/wp-content\/uploads\/sites\/2\/2023\/02\/v3Tms-interactions-entre-les-points-de-basculement-climatiques-990x878.png\"\r\n                media=\"(max-width: 1319px)\" \/>\r\n                    <source\r\n                srcset=\"https:\/\/legrandcontinent.eu\/fr\/wp-content\/uploads\/sites\/2\/2023\/02\/v3Tms-interactions-entre-les-points-de-basculement-climatiques-690x612.png\"\r\n                media=\"(max-width: 1599px)\" \/>\r\n                    <source\r\n                srcset=\"https:\/\/legrandcontinent.eu\/fr\/wp-content\/uploads\/sites\/2\/2023\/02\/v3Tms-interactions-entre-les-points-de-basculement-climatiques-990x878.png\"\r\n                media=\"(min-width: 1600px)\" \/>\r\n                <img decoding=\"async\" src=\"https:\/\/legrandcontinent.eu\/fr\/wp-content\/uploads\/sites\/2\/2023\/02\/v3Tms-interactions-entre-les-points-de-basculement-climatiques-125x111.png\" \/>\r\n        <\/picture>\r\n                            \n            <\/a>\n<\/figure>\n\n\n<p>Le r\u00e9chauffement climatique affecte d\u00e9j\u00e0 la cryosph\u00e8re, soit les banquises, inlandsis, glaciers et permafrosts.<\/p>\n\n\n\n<ul class=\"wp-block-list\">\n<li>Entre 1992 et 2020, on estime que l&rsquo;inlandsis groenlandais a perdu environ 4900 Gt de glace, avec une fonte qui a doubl\u00e9 entre 2007 et 2016 par rapport \u00e0 1997-2006. La perte totale de glace pour l&rsquo;inlandsis de l&rsquo;Antarctique au cours de la m\u00eame p\u00e9riode est quant \u00e0 elle estim\u00e9e \u00e0 environ 2700 Gt.<\/li>\n\n\n\n<li>Le r\u00e9chauffement des calottes glaciaires \u00e9tant un processus particuli\u00e8rement lent, leur d\u00e9sint\u00e9gration compl\u00e8te est possible m\u00eame si les \u00e9missions de gaz \u00e0 effet de serre (GES) sont enti\u00e8rement stopp\u00e9es.<\/li>\n\n\n\n<li>Quand bien m\u00eame le r\u00e9chauffement serait limit\u00e9 \u00e0 2\u00b0C ou 3\u00b0C par rapport aux niveaux pr\u00e9-industriels, les calottes glaciaires pourraient dispara\u00eetre de mani\u00e8re irr\u00e9versible.<\/li>\n\n\n\n<li>On estime que la cryosph\u00e8re dans son ensemble \u2014 et principalement la fonte des calottes glaciaires du Groenland et de l\u2019Antarctique \u2014 a contribu\u00e9 \u00e0 hauteur de 45&#160;% \u00e0 l&rsquo;\u00e9l\u00e9vation du niveau de la mer \u00e0 l&rsquo;\u00e9chelle mondiale depuis le d\u00e9but des ann\u00e9es 1990.<\/li>\n<\/ul>\n\n\n\n<div class=\"iframe-container wp-block-image wp-block-image-medium  iframe-dw\">\n\t<div>\n\t\t<iframe class=\"absolute w-full h-full pin-t pin-l\" title=\"titolo\" aria-label=\"Interactive line chart\" src=\"\/\/datawrapper.dwcdn.net\/sl5tb\/\" scrolling=\"no\" frameborder=\"0\"><\/iframe>\n\t<\/div>\n<\/div>\n\n\n\n<p>Les perg\u00e9lisols pi\u00e9geant une masse consid\u00e9rable de gaz \u00e0 effet de serre, leur fonte pourrait quant \u00e0 elle compromettre le respect des engagements climatiques.<\/p>\n\n\n\n<ul class=\"wp-block-list\">\n<li>La quantit\u00e9 totale de carbone bloqu\u00e9e dans la r\u00e9gion septentrionale du perg\u00e9lisol est estim\u00e9e \u00e0 environ 1 700 Gt, soit pr\u00e8s de deux fois plus que le carbone actuellement stock\u00e9 dans l&rsquo;atmosph\u00e8re.<\/li>\n\n\n\n<li>Par comparaison, les budgets carbone restants pour maintenir le r\u00e9chauffement en dessous de 1,5\u00b0C et 2\u00b0C sont respectivement de 400 et 1150 Gt de CO\u2082.&nbsp;<\/li>\n<\/ul>\n\n\n\n<div class=\"iframe-container wp-block-image wp-block-image-medium  iframe-dw\">\n\t<div>\n\t\t<iframe class=\"absolute w-full h-full pin-t pin-l\" title=\"titolo\" aria-label=\"Interactive line chart\" src=\"\/\/datawrapper.dwcdn.net\/B2Idu\/\" scrolling=\"no\" frameborder=\"0\"><\/iframe>\n\t<\/div>\n<\/div>\n\n\n\n<p>Au niveau mondial, les \u00e9missions de GES ont continu\u00e9 \u00e0 augmenter depuis 1990 dans tous les principaux secteurs de l&rsquo;\u00e9conomie. En outre, les trajectoires d&rsquo;\u00e9missions conformes aux politiques actuelles ne sont pas en passe de respecter les engagements pris, et conduiraient \u00e0 une augmentation de la temp\u00e9rature d&rsquo;environ 2,7\u00b0C d&rsquo;ici la fin du si\u00e8cle.<\/p>\n","protected":false},"excerpt":{"rendered":"<p>Selon un rapport de l\u2019OCDE publi\u00e9 au mois de d\u00e9cembre, une augmentation de la temp\u00e9rature moyenne de la plan\u00e8te au-del\u00e0 des objectifs de l\u2019Accord de Paris risquerait de provoquer plusieurs changements structurels majeurs et irr\u00e9versibles. Ces \u00ab&#160;&#160;points de basculement&#160;&#160;\u00bb peuvent s\u2019influencer mutuellement, entra\u00eenant une r\u00e9action en cha\u00eene.<\/p>\n","protected":false},"author":2622,"featured_media":177364,"comment_status":"closed","ping_status":"closed","sticky":false,"template":"templates\/post-briefings.php","format":"standard","meta":{"_acf_changed":false,"_trash_the_other_posts":false,"_yoast_wpseo_estimated-reading-time-minutes":4,"footnotes":""},"categories":[1730],"tags":[],"staff":[],"editorial_format":[],"serie":[],"audience":[],"geo":[2163],"class_list":["post-177239","post","type-post","status-publish","format-standard","hentry","category-energie-et-environnement","geo-monde"],"acf":{"open_in_webview":false,"accent":false,"_thumbnail_id":177364,"excerpt":"Selon un rapport de l\u2019OCDE publi\u00e9 au mois de d\u00e9cembre, une augmentation de la temp\u00e9rature moyenne de la plan\u00e8te au-del\u00e0 des objectifs de l\u2019Accord de Paris risquerait de provoquer plusieurs changements structurels majeurs et irr\u00e9versibles. Ces \u00ab points de basculement \u00bb peuvent s\u2019influencer mutuellement, entra\u00eenant une r\u00e9action en cha\u00eene.","display_date":"","new_abstract":true},"yoast_head":"<!-- This site is optimized with the Yoast SEO plugin v26.1.1 - https:\/\/yoast.com\/wordpress\/plugins\/seo\/ -->\n<title>Un r\u00e9chauffement climatique au-del\u00e0 de 1,5\u00b0C pourrait provoquer une r\u00e9action en cha\u00eene | Le Grand Continent<\/title>\n<meta name=\"robots\" content=\"index, follow, max-snippet:-1, max-image-preview:large, max-video-preview:-1\" \/>\n<link rel=\"canonical\" href=\"https:\/\/legrandcontinent.eu\/fr\/2023\/02\/12\/un-rechauffement-climatique-au-dela-de-15c-pourrait-provoquer-une-reaction-en-chaine\/\" \/>\n<meta property=\"og:locale\" content=\"fr_FR\" \/>\n<meta property=\"og:type\" content=\"article\" \/>\n<meta property=\"og:title\" content=\"Un r\u00e9chauffement climatique au-del\u00e0 de 1,5\u00b0C pourrait provoquer une r\u00e9action en cha\u00eene | Le Grand Continent\" \/>\n<meta property=\"og:description\" content=\"Selon un rapport de l\u2019OCDE publi\u00e9 au mois de d\u00e9cembre, une augmentation de la temp\u00e9rature moyenne de la plan\u00e8te au-del\u00e0 des objectifs de l\u2019Accord de Paris risquerait de provoquer plusieurs changements structurels majeurs et irr\u00e9versibles. Ces \u00ab&#160;points de basculement&#160;\u00bb peuvent s\u2019influencer mutuellement, entra\u00eenant une r\u00e9action en cha\u00eene.\" \/>\n<meta property=\"og:url\" content=\"https:\/\/legrandcontinent.eu\/fr\/2023\/02\/12\/un-rechauffement-climatique-au-dela-de-15c-pourrait-provoquer-une-reaction-en-chaine\/\" \/>\n<meta property=\"og:site_name\" content=\"Le Grand Continent\" \/>\n<meta property=\"article:published_time\" content=\"2023-02-12T14:46:44+00:00\" \/>\n<meta property=\"article:modified_time\" content=\"2023-02-12T17:58:07+00:00\" \/>\n<meta property=\"og:image\" content=\"https:\/\/legrandcontinent.eu\/fr\/wp-content\/uploads\/sites\/2\/2023\/02\/gc-climate-tipping-points-e1676050241831.jpg\" \/>\n\t<meta property=\"og:image:width\" content=\"1453\" \/>\n\t<meta property=\"og:image:height\" content=\"807\" \/>\n\t<meta property=\"og:image:type\" content=\"image\/jpeg\" \/>\n<meta name=\"author\" content=\"Marin Saillofest\" \/>\n<meta name=\"twitter:card\" content=\"summary_large_image\" \/>\n<meta name=\"twitter:image\" content=\"https:\/\/legrandcontinent.eu\/fr\/wp-content\/uploads\/sites\/2\/2023\/02\/gc-climate-tipping-points-e1676050241831.jpg\" \/>\n<meta name=\"twitter:label1\" content=\"\u00c9crit par\" \/>\n\t<meta name=\"twitter:data1\" content=\"Marin Saillofest\" \/>\n\t<meta name=\"twitter:label2\" content=\"Dur\u00e9e de lecture estim\u00e9e\" \/>\n\t<meta name=\"twitter:data2\" content=\"4 minutes\" \/>\n<script type=\"application\/ld+json\" class=\"yoast-schema-graph\">{\"@context\":\"https:\/\/schema.org\",\"@graph\":[{\"@type\":\"WebPage\",\"@id\":\"https:\/\/legrandcontinent.eu\/fr\/2023\/02\/12\/un-rechauffement-climatique-au-dela-de-15c-pourrait-provoquer-une-reaction-en-chaine\/\",\"url\":\"https:\/\/legrandcontinent.eu\/fr\/2023\/02\/12\/un-rechauffement-climatique-au-dela-de-15c-pourrait-provoquer-une-reaction-en-chaine\/\",\"name\":\"Un r\u00e9chauffement climatique au-del\u00e0 de 1,5\u00b0C pourrait provoquer une r\u00e9action en cha\u00eene | Le Grand Continent\",\"isPartOf\":{\"@id\":\"https:\/\/legrandcontinent.eu\/fr\/#website\"},\"primaryImageOfPage\":{\"@id\":\"https:\/\/legrandcontinent.eu\/fr\/2023\/02\/12\/un-rechauffement-climatique-au-dela-de-15c-pourrait-provoquer-une-reaction-en-chaine\/#primaryimage\"},\"image\":{\"@id\":\"https:\/\/legrandcontinent.eu\/fr\/2023\/02\/12\/un-rechauffement-climatique-au-dela-de-15c-pourrait-provoquer-une-reaction-en-chaine\/#primaryimage\"},\"thumbnailUrl\":\"https:\/\/legrandcontinent.eu\/fr\/wp-content\/uploads\/sites\/2\/2023\/02\/sl5tb-perte-des-calottes-polaires-entre-1998-et-2016-exprim-es-en-m-tres-de-hausse-du-niveau-des-eaux.png\",\"datePublished\":\"2023-02-12T14:46:44+00:00\",\"dateModified\":\"2023-02-12T17:58:07+00:00\",\"author\":{\"@id\":\"https:\/\/legrandcontinent.eu\/fr\/#\/schema\/person\/e4f85f52220fc7b4cc3cfdb86d88e833\"},\"breadcrumb\":{\"@id\":\"https:\/\/legrandcontinent.eu\/fr\/2023\/02\/12\/un-rechauffement-climatique-au-dela-de-15c-pourrait-provoquer-une-reaction-en-chaine\/#breadcrumb\"},\"inLanguage\":\"fr-FR\",\"potentialAction\":[{\"@type\":\"ReadAction\",\"target\":[\"https:\/\/legrandcontinent.eu\/fr\/2023\/02\/12\/un-rechauffement-climatique-au-dela-de-15c-pourrait-provoquer-une-reaction-en-chaine\/\"]}]},{\"@type\":\"ImageObject\",\"inLanguage\":\"fr-FR\",\"@id\":\"https:\/\/legrandcontinent.eu\/fr\/2023\/02\/12\/un-rechauffement-climatique-au-dela-de-15c-pourrait-provoquer-une-reaction-en-chaine\/#primaryimage\",\"url\":\"https:\/\/legrandcontinent.eu\/fr\/wp-content\/uploads\/sites\/2\/2023\/02\/sl5tb-perte-des-calottes-polaires-entre-1998-et-2016-exprim-es-en-m-tres-de-hausse-du-niveau-des-eaux.png\",\"contentUrl\":\"https:\/\/legrandcontinent.eu\/fr\/wp-content\/uploads\/sites\/2\/2023\/02\/sl5tb-perte-des-calottes-polaires-entre-1998-et-2016-exprim-es-en-m-tres-de-hausse-du-niveau-des-eaux.png\",\"width\":1308,\"height\":1048},{\"@type\":\"BreadcrumbList\",\"@id\":\"https:\/\/legrandcontinent.eu\/fr\/2023\/02\/12\/un-rechauffement-climatique-au-dela-de-15c-pourrait-provoquer-une-reaction-en-chaine\/#breadcrumb\",\"itemListElement\":[{\"@type\":\"ListItem\",\"position\":1,\"name\":\"Accueil\",\"item\":\"https:\/\/legrandcontinent.eu\/fr\/\"},{\"@type\":\"ListItem\",\"position\":2,\"name\":\"Un r\u00e9chauffement climatique au-del\u00e0 de 1,5\u00b0C pourrait provoquer une r\u00e9action en cha\u00eene\"}]},{\"@type\":\"WebSite\",\"@id\":\"https:\/\/legrandcontinent.eu\/fr\/#website\",\"url\":\"https:\/\/legrandcontinent.eu\/fr\/\",\"name\":\"Le Grand Continent\",\"description\":\"L&#039;\u00e9chelle pertinente\",\"potentialAction\":[{\"@type\":\"SearchAction\",\"target\":{\"@type\":\"EntryPoint\",\"urlTemplate\":\"https:\/\/legrandcontinent.eu\/fr\/?s={search_term_string}\"},\"query-input\":{\"@type\":\"PropertyValueSpecification\",\"valueRequired\":true,\"valueName\":\"search_term_string\"}}],\"inLanguage\":\"fr-FR\"},{\"@type\":\"Person\",\"@id\":\"https:\/\/legrandcontinent.eu\/fr\/#\/schema\/person\/e4f85f52220fc7b4cc3cfdb86d88e833\",\"name\":\"Marin Saillofest\",\"image\":{\"@type\":\"ImageObject\",\"inLanguage\":\"fr-FR\",\"@id\":\"https:\/\/legrandcontinent.eu\/fr\/#\/schema\/person\/image\/\",\"url\":\"https:\/\/secure.gravatar.com\/avatar\/87088698b4d967390c49ae6d4f1aa459?s=96&d=mm&r=g\",\"contentUrl\":\"https:\/\/secure.gravatar.com\/avatar\/87088698b4d967390c49ae6d4f1aa459?s=96&d=mm&r=g\",\"caption\":\"Marin Saillofest\"}}]}<\/script>\n<!-- \/ Yoast SEO plugin. -->","yoast_head_json":{"title":"Un r\u00e9chauffement climatique au-del\u00e0 de 1,5\u00b0C pourrait provoquer une r\u00e9action en cha\u00eene | Le Grand Continent","robots":{"index":"index","follow":"follow","max-snippet":"max-snippet:-1","max-image-preview":"max-image-preview:large","max-video-preview":"max-video-preview:-1"},"canonical":"https:\/\/legrandcontinent.eu\/fr\/2023\/02\/12\/un-rechauffement-climatique-au-dela-de-15c-pourrait-provoquer-une-reaction-en-chaine\/","og_locale":"fr_FR","og_type":"article","og_title":"Un r\u00e9chauffement climatique au-del\u00e0 de 1,5\u00b0C pourrait provoquer une r\u00e9action en cha\u00eene | Le Grand Continent","og_description":"Selon un rapport de l\u2019OCDE publi\u00e9 au mois de d\u00e9cembre, une augmentation de la temp\u00e9rature moyenne de la plan\u00e8te au-del\u00e0 des objectifs de l\u2019Accord de Paris risquerait de provoquer plusieurs changements structurels majeurs et irr\u00e9versibles. Ces \u00ab&#160;points de basculement&#160;\u00bb peuvent s\u2019influencer mutuellement, entra\u00eenant une r\u00e9action en cha\u00eene.","og_url":"https:\/\/legrandcontinent.eu\/fr\/2023\/02\/12\/un-rechauffement-climatique-au-dela-de-15c-pourrait-provoquer-une-reaction-en-chaine\/","og_site_name":"Le Grand Continent","article_published_time":"2023-02-12T14:46:44+00:00","article_modified_time":"2023-02-12T17:58:07+00:00","og_image":[{"width":1453,"height":807,"url":"https:\/\/legrandcontinent.eu\/fr\/wp-content\/uploads\/sites\/2\/2023\/02\/gc-climate-tipping-points-e1676050241831.jpg","type":"image\/jpeg"}],"author":"Marin Saillofest","twitter_card":"summary_large_image","twitter_image":"https:\/\/legrandcontinent.eu\/fr\/wp-content\/uploads\/sites\/2\/2023\/02\/gc-climate-tipping-points-e1676050241831.jpg","twitter_misc":{"\u00c9crit par":"Marin Saillofest","Dur\u00e9e de lecture estim\u00e9e":"4 minutes"},"schema":{"@context":"https:\/\/schema.org","@graph":[{"@type":"WebPage","@id":"https:\/\/legrandcontinent.eu\/fr\/2023\/02\/12\/un-rechauffement-climatique-au-dela-de-15c-pourrait-provoquer-une-reaction-en-chaine\/","url":"https:\/\/legrandcontinent.eu\/fr\/2023\/02\/12\/un-rechauffement-climatique-au-dela-de-15c-pourrait-provoquer-une-reaction-en-chaine\/","name":"Un r\u00e9chauffement climatique au-del\u00e0 de 1,5\u00b0C pourrait provoquer une r\u00e9action en cha\u00eene | Le Grand Continent","isPartOf":{"@id":"https:\/\/legrandcontinent.eu\/fr\/#website"},"primaryImageOfPage":{"@id":"https:\/\/legrandcontinent.eu\/fr\/2023\/02\/12\/un-rechauffement-climatique-au-dela-de-15c-pourrait-provoquer-une-reaction-en-chaine\/#primaryimage"},"image":{"@id":"https:\/\/legrandcontinent.eu\/fr\/2023\/02\/12\/un-rechauffement-climatique-au-dela-de-15c-pourrait-provoquer-une-reaction-en-chaine\/#primaryimage"},"thumbnailUrl":"https:\/\/legrandcontinent.eu\/fr\/wp-content\/uploads\/sites\/2\/2023\/02\/sl5tb-perte-des-calottes-polaires-entre-1998-et-2016-exprim-es-en-m-tres-de-hausse-du-niveau-des-eaux.png","datePublished":"2023-02-12T14:46:44+00:00","dateModified":"2023-02-12T17:58:07+00:00","author":{"@id":"https:\/\/legrandcontinent.eu\/fr\/#\/schema\/person\/e4f85f52220fc7b4cc3cfdb86d88e833"},"breadcrumb":{"@id":"https:\/\/legrandcontinent.eu\/fr\/2023\/02\/12\/un-rechauffement-climatique-au-dela-de-15c-pourrait-provoquer-une-reaction-en-chaine\/#breadcrumb"},"inLanguage":"fr-FR","potentialAction":[{"@type":"ReadAction","target":["https:\/\/legrandcontinent.eu\/fr\/2023\/02\/12\/un-rechauffement-climatique-au-dela-de-15c-pourrait-provoquer-une-reaction-en-chaine\/"]}]},{"@type":"ImageObject","inLanguage":"fr-FR","@id":"https:\/\/legrandcontinent.eu\/fr\/2023\/02\/12\/un-rechauffement-climatique-au-dela-de-15c-pourrait-provoquer-une-reaction-en-chaine\/#primaryimage","url":"https:\/\/legrandcontinent.eu\/fr\/wp-content\/uploads\/sites\/2\/2023\/02\/sl5tb-perte-des-calottes-polaires-entre-1998-et-2016-exprim-es-en-m-tres-de-hausse-du-niveau-des-eaux.png","contentUrl":"https:\/\/legrandcontinent.eu\/fr\/wp-content\/uploads\/sites\/2\/2023\/02\/sl5tb-perte-des-calottes-polaires-entre-1998-et-2016-exprim-es-en-m-tres-de-hausse-du-niveau-des-eaux.png","width":1308,"height":1048},{"@type":"BreadcrumbList","@id":"https:\/\/legrandcontinent.eu\/fr\/2023\/02\/12\/un-rechauffement-climatique-au-dela-de-15c-pourrait-provoquer-une-reaction-en-chaine\/#breadcrumb","itemListElement":[{"@type":"ListItem","position":1,"name":"Accueil","item":"https:\/\/legrandcontinent.eu\/fr\/"},{"@type":"ListItem","position":2,"name":"Un r\u00e9chauffement climatique au-del\u00e0 de 1,5\u00b0C pourrait provoquer une r\u00e9action en cha\u00eene"}]},{"@type":"WebSite","@id":"https:\/\/legrandcontinent.eu\/fr\/#website","url":"https:\/\/legrandcontinent.eu\/fr\/","name":"Le Grand Continent","description":"L&#039;\u00e9chelle pertinente","potentialAction":[{"@type":"SearchAction","target":{"@type":"EntryPoint","urlTemplate":"https:\/\/legrandcontinent.eu\/fr\/?s={search_term_string}"},"query-input":{"@type":"PropertyValueSpecification","valueRequired":true,"valueName":"search_term_string"}}],"inLanguage":"fr-FR"},{"@type":"Person","@id":"https:\/\/legrandcontinent.eu\/fr\/#\/schema\/person\/e4f85f52220fc7b4cc3cfdb86d88e833","name":"Marin Saillofest","image":{"@type":"ImageObject","inLanguage":"fr-FR","@id":"https:\/\/legrandcontinent.eu\/fr\/#\/schema\/person\/image\/","url":"https:\/\/secure.gravatar.com\/avatar\/87088698b4d967390c49ae6d4f1aa459?s=96&d=mm&r=g","contentUrl":"https:\/\/secure.gravatar.com\/avatar\/87088698b4d967390c49ae6d4f1aa459?s=96&d=mm&r=g","caption":"Marin Saillofest"}}]}},"lgc_categories":[{"id":1730,"name":"\u00c9nergie et environnement","slug":"energie-et-environnement"}],"lgc_author":null,"feature_image_summary":{"url":"https:\/\/legrandcontinent.eu\/fr\/wp-content\/uploads\/sites\/2\/2023\/02\/sl5tb-perte-des-calottes-polaires-entre-1998-et-2016-exprim-es-en-m-tres-de-hausse-du-niveau-des-eaux.png","width":1308,"height":1048,"alt":""},"feature_image_cover":null,"term_position_data":null,"_links":{"self":[{"href":"https:\/\/legrandcontinent.eu\/fr\/wp-json\/wp\/v2\/posts\/177239","targetHints":{"allow":["GET"]}}],"collection":[{"href":"https:\/\/legrandcontinent.eu\/fr\/wp-json\/wp\/v2\/posts"}],"about":[{"href":"https:\/\/legrandcontinent.eu\/fr\/wp-json\/wp\/v2\/types\/post"}],"author":[{"embeddable":true,"href":"https:\/\/legrandcontinent.eu\/fr\/wp-json\/wp\/v2\/users\/2622"}],"replies":[{"embeddable":true,"href":"https:\/\/legrandcontinent.eu\/fr\/wp-json\/wp\/v2\/comments?post=177239"}],"version-history":[{"count":0,"href":"https:\/\/legrandcontinent.eu\/fr\/wp-json\/wp\/v2\/posts\/177239\/revisions"}],"wp:featuredmedia":[{"embeddable":true,"href":"https:\/\/legrandcontinent.eu\/fr\/wp-json\/wp\/v2\/media\/177364"}],"wp:attachment":[{"href":"https:\/\/legrandcontinent.eu\/fr\/wp-json\/wp\/v2\/media?parent=177239"}],"wp:term":[{"taxonomy":"category","embeddable":true,"href":"https:\/\/legrandcontinent.eu\/fr\/wp-json\/wp\/v2\/categories?post=177239"},{"taxonomy":"post_tag","embeddable":true,"href":"https:\/\/legrandcontinent.eu\/fr\/wp-json\/wp\/v2\/tags?post=177239"},{"taxonomy":"staff","embeddable":true,"href":"https:\/\/legrandcontinent.eu\/fr\/wp-json\/wp\/v2\/staff?post=177239"},{"taxonomy":"editorial_format","embeddable":true,"href":"https:\/\/legrandcontinent.eu\/fr\/wp-json\/wp\/v2\/editorial_format?post=177239"},{"taxonomy":"serie","embeddable":true,"href":"https:\/\/legrandcontinent.eu\/fr\/wp-json\/wp\/v2\/serie?post=177239"},{"taxonomy":"audience","embeddable":true,"href":"https:\/\/legrandcontinent.eu\/fr\/wp-json\/wp\/v2\/audience?post=177239"},{"taxonomy":"geo","embeddable":true,"href":"https:\/\/legrandcontinent.eu\/fr\/wp-json\/wp\/v2\/geo?post=177239"}],"curies":[{"name":"wp","href":"https:\/\/api.w.org\/{rel}","templated":true}]}}