{"id":176006,"date":"2023-02-02T15:55:18","date_gmt":"2023-02-02T14:55:18","guid":{"rendered":"https:\/\/legrandcontinent.eu\/fr\/?p=176006"},"modified":"2023-02-02T15:55:38","modified_gmt":"2023-02-02T14:55:38","slug":"15-livres-a-lire-en-fevrier-2","status":"publish","type":"post","link":"https:\/\/legrandcontinent.eu\/fr\/2023\/02\/02\/15-livres-a-lire-en-fevrier-2\/","title":{"rendered":"15 livres \u00e0 lire en f\u00e9vrier"},"content":{"rendered":"\n<h2 class=\"wp-block-heading\"><strong>Frank Costigliola, <em>Kennan&#160;: A Life between Worlds<\/em>, Princeton University Press<\/strong><\/h2>\n\n\n\n<p>\u00ab&#160;George F. Kennan (1904-2005) est l&rsquo;une des figures les plus importantes de la politique \u00e9trang\u00e8re am\u00e9ricaine mais aussi l&rsquo;une des plus complexes. S&rsquo;appuyant sur de nombreuses sources jusqu&rsquo;alors inexploit\u00e9es, la biographie que lui consacre Frank Costigliola offre une nouvelle image d&rsquo;un homme aux capacit\u00e9s et \u00e0 l&rsquo;ambition extraordinaires, dont l&rsquo;id\u00e9e de contenir l&rsquo;Union sovi\u00e9tique a contribu\u00e9 \u00e0 d\u00e9clencher la guerre froide, mais qui a pass\u00e9 le demi-si\u00e8cle suivant \u00e0 essayer de l&rsquo;\u00e9teindre. Kennan a \u00e9galement mis en garde, dans les ann\u00e9es 1990, contre l&rsquo;expansion de l&rsquo;OTAN vers l&rsquo;est et le risque d\u2019une nouvelle guerre froide avec la Russie.<\/p>\n\n\n\n\n\n<figure class=\"wp-block-image wp-block-image-small\"\n    data-shadow=\"false\"\n    data-use-original-file=\"false\">\n    <a\n        data-pswp-src=\"https:\/\/legrandcontinent.eu\/fr\/wp-content\/uploads\/sites\/2\/2023\/02\/81W3pa5VwPL.jpg\"\n        class=\"inline-block gallery-item no-underline \"\n        data-pswp-width=\"1696\"\n        data-pswp-height=\"2560\">\n                                        <picture>\r\n                    <source\r\n                srcset=\"https:\/\/legrandcontinent.eu\/fr\/wp-content\/uploads\/sites\/2\/2023\/02\/81W3pa5VwPL-125x189.jpg\"\r\n                media=\"(max-width: 374px)\" \/>\r\n                    <source\r\n                srcset=\"https:\/\/legrandcontinent.eu\/fr\/wp-content\/uploads\/sites\/2\/2023\/02\/81W3pa5VwPL-330x498.jpg\"\r\n                media=\"(min-width: 375px)\" \/>\r\n                <img decoding=\"async\" src=\"https:\/\/legrandcontinent.eu\/fr\/wp-content\/uploads\/sites\/2\/2023\/02\/81W3pa5VwPL-125x189.jpg\" \/>\r\n        <\/picture>\r\n                            \n            <\/a>\n<\/figure>\n\n\n<p>Bien qu&rsquo;il ait \u00e9t\u00e9 largement respect\u00e9 et honor\u00e9 par les pr\u00e9sidents et le public am\u00e9ricains, Kennan jugeait que sa carri\u00e8re \u00e9tait un \u00e9chec parce qu&rsquo;il avait \u00e9chou\u00e9 \u00e0 orienter la politique \u00e9trang\u00e8re am\u00e9ricaine dans un sens favorable \u00e0 ses vues. Inclassable, Kennan \u00e9tait un penseur <em>sui generis<\/em>, un critique acerbe du communisme et du capitalisme et un pionnier de l\u2019\u00e9cologie. Vivant entre la Russie et les \u00c9tats-Unis, il a \u00e9t\u00e9 le t\u00e9moin direct de l&#8217;emprise croissante de Staline sur l&rsquo;Union sovi\u00e9tique, de l&rsquo;effondrement de l&rsquo;Europe pendant la Seconde Guerre mondiale et de la course aux armements nucl\u00e9aires de la guerre froide.&#160;\u00bb<\/p>\n\n\n\n<p>Paru le 17 janvier<\/p>\n\n\n\n<p><a href=\"https:\/\/press.princeton.edu\/books\/hardcover\/9780691165400\/kennan\" target=\"_blank\" rel=\"noreferrer noopener\">Lire plus<\/a><\/p>\n\n\n\n<h2 class=\"wp-block-heading\"><strong>Achille Mbembe, <em>La communaut\u00e9 terrestre<\/em>, La D\u00e9couverte<\/strong><\/h2>\n\n\n\n<p>\u00ab&#160;Traiter de la Terre, c\u2019est avoir \u00e0 l\u2019esprit une cha\u00eene symbiotique&#160;: celle du vivant, dans ses innombrables d\u00e9ploiements. Les humains, les esp\u00e8ces animales et v\u00e9g\u00e9tales, les microbes, bact\u00e9ries et virus, les corps inorganiques et les substances min\u00e9rales ainsi que les dispositifs technologiques et autres appareillages artificiels font ins\u00e9parablement partie de cette cha\u00eene du vivant. Mais c\u2019est aussi le cas, du moins dans les pens\u00e9es animistes africaines, de toutes les forces invisibles, des g\u00e9nies, des esprits et des masques.<\/p>\n\n\n\n\n\n<figure class=\"wp-block-image wp-block-image-small\"\n    data-shadow=\"false\"\n    data-use-original-file=\"false\">\n    <a\n        data-pswp-src=\"https:\/\/legrandcontinent.eu\/fr\/wp-content\/uploads\/sites\/2\/2023\/02\/9782348072383.jpg\"\n        class=\"inline-block gallery-item no-underline \"\n        data-pswp-width=\"800\"\n        data-pswp-height=\"1304\">\n                                        <picture>\r\n                    <source\r\n                srcset=\"https:\/\/legrandcontinent.eu\/fr\/wp-content\/uploads\/sites\/2\/2023\/02\/9782348072383-125x204.jpg\"\r\n                media=\"(max-width: 374px)\" \/>\r\n                    <source\r\n                srcset=\"https:\/\/legrandcontinent.eu\/fr\/wp-content\/uploads\/sites\/2\/2023\/02\/9782348072383-330x538.jpg\"\r\n                media=\"(min-width: 375px)\" \/>\r\n                <img decoding=\"async\" src=\"https:\/\/legrandcontinent.eu\/fr\/wp-content\/uploads\/sites\/2\/2023\/02\/9782348072383-125x204.jpg\" \/>\r\n        <\/picture>\r\n                            \n            <\/a>\n<\/figure>\n\n\n<p>Prenant fermement appui sur l\u2019insondable richesse de ces pens\u00e9es, Achille Mbembe propose dans cet essai une r\u00e9flexion stimulante sur la Terre, ses devenirs, et surtout la sorte de communaut\u00e9 qu\u2019elle forme avec la cohorte des esp\u00e8ces anim\u00e9es et inanim\u00e9es qui l\u2019habitent, y ont trouv\u00e9 refuge ou y s\u00e9journent. Il montre comment notre relation fondamentale \u00e0 la Terre ne peut \u00eatre que celle de l\u2019habitant et du passant. C\u2019est en tant qu\u2019habitant et passant qu\u2019elle nous accueille et nous abrite, qu\u2019elle entretient les traces de notre passage, celles qui parlent en notre nom et en m\u00e9moire de qui nous aurons \u00e9t\u00e9, avec d\u2019autres et au milieu d\u2019eux. C\u2019est \u00e0 ce titre qu\u2019elle est la toute derni\u00e8re des utopies, la pierre angulaire d\u2019une nouvelle conscience plan\u00e9taire.&#160;\u00bb<\/p>\n\n\n\n<p>Parution le 16 f\u00e9vrier<\/p>\n\n\n\n<p><a href=\"https:\/\/www.editionsladecouverte.fr\/la_communaute_terrestre-9782348072383\" target=\"_blank\" rel=\"noreferrer noopener\">Lire plus<\/a><\/p>\n\n\n\n<h2 class=\"wp-block-heading\"><strong>Tara Zahra, <em>Against the World. Anti-Globalism and Mass Politics Between the World Wars<\/em>, Norton<\/strong><\/h2>\n\n\n\n\n\n<figure class=\"wp-block-image wp-block-image-small\"\n    data-shadow=\"false\"\n    data-use-original-file=\"false\">\n    <a\n        data-pswp-src=\"https:\/\/legrandcontinent.eu\/fr\/wp-content\/uploads\/sites\/2\/2023\/02\/617Z6Wa0zKL.jpg\"\n        class=\"inline-block gallery-item no-underline \"\n        data-pswp-width=\"794\"\n        data-pswp-height=\"1200\">\n                                        <picture>\r\n                    <source\r\n                srcset=\"https:\/\/legrandcontinent.eu\/fr\/wp-content\/uploads\/sites\/2\/2023\/02\/617Z6Wa0zKL-125x189.jpg\"\r\n                media=\"(max-width: 374px)\" \/>\r\n                    <source\r\n                srcset=\"https:\/\/legrandcontinent.eu\/fr\/wp-content\/uploads\/sites\/2\/2023\/02\/617Z6Wa0zKL-330x499.jpg\"\r\n                media=\"(min-width: 375px)\" \/>\r\n                <img decoding=\"async\" src=\"https:\/\/legrandcontinent.eu\/fr\/wp-content\/uploads\/sites\/2\/2023\/02\/617Z6Wa0zKL-125x189.jpg\" \/>\r\n        <\/picture>\r\n                            \n            <\/a>\n<\/figure>\n\n\n<p>\u00ab&#160;\u00c0 la veille de la Premi\u00e8re Guerre mondiale, l&rsquo;enthousiasme pour un monde sans fronti\u00e8res \u00e9tait \u00e0 son comble. Les voyages internationaux, les migrations, le commerce et les projets progressistes sur des questions allant des droits des femmes \u00e0 la paix dans le monde allaient crescendo. Mais, dans le m\u00eame temps, un courant sous-jacent de r\u00e9action se d\u00e9veloppait, qui allait s&rsquo;amplifier avec le d\u00e9clenchement de la guerre et ses cons\u00e9quences.<\/p>\n\n\n\n<p>Dans <em>Against the World<\/em>, Tara Zahra examine comment le nationalisme, plut\u00f4t que l&rsquo;internationalisme, s&rsquo;est empar\u00e9 de la politique mondiale au d\u00e9but du XX<sup>e<\/sup> si\u00e8cle. La baudruche mondialiste s&rsquo;est d\u00e9gonfl\u00e9e avec la Premi\u00e8re Guerre mondiale, lorsque des quotas ont \u00e9t\u00e9 impos\u00e9s \u00e0 l&rsquo;immigration et des droits de douane au commerce, non seulement aux \u00c9tats-Unis mais aussi dans toute l&rsquo;Europe, o\u00f9 la guerre et les maladies ont entra\u00een\u00e9 des bouleversements sociaux massifs. La \u00ab&#160;grippe espagnole&#160;\u00bb a accentu\u00e9 les inqui\u00e9tudes concernant la porosit\u00e9 des fronti\u00e8res nationales. L&rsquo;impact mondial du krach \u00e9conomique de 1929 et de la Grande D\u00e9pression a amplifi\u00e9 la qu\u00eate de s\u00e9curit\u00e9 alimentaire en Europe et d&rsquo;autonomie \u00e9conomique dans le monde entier. Les demandes de soulagement de l&rsquo;instabilit\u00e9 et de l&rsquo;in\u00e9galit\u00e9 li\u00e9es \u00e0 la mondialisation ont forg\u00e9 les d\u00e9mocraties comme les dictatures, de l&rsquo;Inde de Gandhi au New Deal am\u00e9ricain et au Troisi\u00e8me Reich d&rsquo;Hitler. Les restrictions \u00e0 l&rsquo;immigration, les notions de citoyennet\u00e9 fond\u00e9es sur la race, l&rsquo;antis\u00e9mitisme et les violentes explosions de haine de \u00ab&#160;l&rsquo;autre&#160;\u00bb sont devenues la norme et ont atteint leur apog\u00e9e g\u00e9nocidaire lors de la Seconde Guerre mondiale.<\/p>\n\n\n\n<p>Des millions de personnes, toutes tendances politiques confondues, ont cherch\u00e9 \u00e0 se prot\u00e9ger des menaces imaginaires et r\u00e9elles de l&rsquo;\u00e9conomie mondiale, d&rsquo;une mani\u00e8re qui rappelle \u00e9tonnamment notre \u00e9poque&#160;: de nouveaux mouvements ont vu le jour, ax\u00e9s sur les produits alimentaires locaux, les v\u00eatements et autres biens produits localement ainsi que les communaut\u00e9s de retour \u00e0 la terre.&#160;\u00bb<\/p>\n\n\n\n<p>Paru le 24 janvier<\/p>\n\n\n\n<p><a href=\"https:\/\/wwnorton.com\/books\/9780393651966\" target=\"_blank\" rel=\"noreferrer noopener\">Lire plus<\/a><\/p>\n\n\n\n<h2 class=\"wp-block-heading\"><strong>David Jim\u00e9nez Torres, <em>La palabra ambigua. Los intelectuales en Espa\u00f1a (1889-2019)<\/em>, Taurus<\/strong><\/h2>\n\n\n\n\n\n<figure class=\"wp-block-image wp-block-image-small\"\n    data-shadow=\"false\"\n    data-use-original-file=\"false\">\n    <a\n        data-pswp-src=\"https:\/\/legrandcontinent.eu\/fr\/wp-content\/uploads\/sites\/2\/2023\/02\/81HOLwqnkrL.jpg\"\n        class=\"inline-block gallery-item no-underline \"\n        data-pswp-width=\"1615\"\n        data-pswp-height=\"2560\">\n                                        <picture>\r\n                    <source\r\n                srcset=\"https:\/\/legrandcontinent.eu\/fr\/wp-content\/uploads\/sites\/2\/2023\/02\/81HOLwqnkrL-125x198.jpg\"\r\n                media=\"(max-width: 374px)\" \/>\r\n                    <source\r\n                srcset=\"https:\/\/legrandcontinent.eu\/fr\/wp-content\/uploads\/sites\/2\/2023\/02\/81HOLwqnkrL-330x523.jpg\"\r\n                media=\"(min-width: 375px)\" \/>\r\n                <img decoding=\"async\" src=\"https:\/\/legrandcontinent.eu\/fr\/wp-content\/uploads\/sites\/2\/2023\/02\/81HOLwqnkrL-125x198.jpg\" \/>\r\n        <\/picture>\r\n                            \n            <\/a>\n<\/figure>\n\n\n<p>\u00ab&#160;Cela fait plus d\u2019un si\u00e8cle que les Espagnols parlent des intellectuels \u2013 en bien, en mal et surtout r\u00e9guli\u00e8rement &#8211; mais que se cache-t-il derri\u00e8re ce terme insaisissable&#160;? Est-il vrai que les intellectuels ont jou\u00e9 un r\u00f4le fondamental dans les ann\u00e9es 1920 et 1930 et qu&rsquo;ils ont \u00e9galement \u00e9t\u00e9 importants pendant la transition d\u00e9mocratique&#160;? Pourquoi ont-ils si souvent \u00e9t\u00e9 accus\u00e9s d&rsquo;avoir trahi leur essence suppos\u00e9e&#160;? Quelle place les diff\u00e9rents mouvements politiques du XX<sup>e<\/sup> si\u00e8cle leur ont-ils accord\u00e9e&#160;? Pourquoi, lorsque le mot a \u00e9t\u00e9 utilis\u00e9 pour d\u00e9signer des femmes, a-t-il \u00e9galement servi \u00e0 remettre en question leur f\u00e9minit\u00e9&#160;? Et depuis quand pr\u00e9tend-on que l&rsquo;intellectuel n&rsquo;est plus aussi influent que par le pass\u00e9, qu&rsquo;il est \u00ab&#160;en crise&#160;\u00bb ou m\u00eame \u00ab&#160;mort&#160;\u00bb&#160;?<\/p>\n\n\n\n<p><em>La palabra ambigua<\/em> examine ce qui a \u00e9t\u00e9 dit en Espagne sur les intellectuels de la fin du XIX<sup>e<\/sup> si\u00e8cle \u00e0 nos jours. Il reconstruit ainsi l&rsquo;image que la soci\u00e9t\u00e9 espagnole s&rsquo;est faite de ceux que ce terme d\u00e9signe&#160;: leur mission, leur comportement, leurs vertus, leurs erreurs, leur relation avec le pouvoir et leur responsabilit\u00e9 dans tout ce qui s&rsquo;est pass\u00e9 depuis l&rsquo;arriv\u00e9e de la Deuxi\u00e8me R\u00e9publique jusqu&rsquo;\u00e0 la crise de 2008.&#160;\u00bb<\/p>\n\n\n\n<p>Paru le 26 janvier<\/p>\n\n\n\n<p><a href=\"https:\/\/www.penguinlibros.com\/es\/historia\/314192-libro-la-palabra-ambigua-9788430624669#\" target=\"_blank\" rel=\"noreferrer noopener\">Lire plus<\/a><\/p>\n\n\n\n<h2 class=\"wp-block-heading\"><strong>St\u00e9phane Van Damme, <em>Les voyageurs du doute. L&rsquo;invention d&rsquo;un altermondialisme libertin (1620-1820)<\/em>, Fayard<\/strong><\/h2>\n\n\n\n\n\n<figure class=\"wp-block-image wp-block-image-small\"\n    data-shadow=\"false\"\n    data-use-original-file=\"false\">\n    <a\n        data-pswp-src=\"https:\/\/legrandcontinent.eu\/fr\/wp-content\/uploads\/sites\/2\/2023\/02\/les-voyageurs-du-doute.jpg\"\n        class=\"inline-block gallery-item no-underline \"\n        data-pswp-width=\"1200\"\n        data-pswp-height=\"1848\">\n                                        <picture>\r\n                    <source\r\n                srcset=\"https:\/\/legrandcontinent.eu\/fr\/wp-content\/uploads\/sites\/2\/2023\/02\/les-voyageurs-du-doute-125x193.jpg\"\r\n                media=\"(max-width: 374px)\" \/>\r\n                    <source\r\n                srcset=\"https:\/\/legrandcontinent.eu\/fr\/wp-content\/uploads\/sites\/2\/2023\/02\/les-voyageurs-du-doute-330x508.jpg\"\r\n                media=\"(min-width: 375px)\" \/>\r\n                <img decoding=\"async\" src=\"https:\/\/legrandcontinent.eu\/fr\/wp-content\/uploads\/sites\/2\/2023\/02\/les-voyageurs-du-doute-125x193.jpg\" \/>\r\n        <\/picture>\r\n                            \n            <\/a>\n<\/figure>\n\n\n<p>\u00ab&#160;Des conqu\u00eates d\u2019Alexandre le Grand, qui suscitent l\u2019\u00e9closion du pyrrhonisme sur les rives du Gange, \u00e0 la critique des ravages de la colonisation point\u00e9s par Montaigne lors de la Renaissance, les savoirs sceptiques ont souvent \u00e9merg\u00e9 dans des moments d\u2019expansion imp\u00e9riale.<\/p>\n\n\n\n<p>Parti sur les traces des savants voyageurs de l\u2019\u00e9poque moderne, de Fran\u00e7ois Bernier au marquis de Sade, St\u00e9phane Van Damme livre une histoire globale du scepticisme \u00e0 l\u2019heure de la construction de la France-Monde. G\u00e9ographie, astronomie, m\u00e9decine, cartographie, chimie, g\u00e9ologie, botanique ou encore arch\u00e9ologie&#160;: tout est bon aux libertins pour critiquer cette nouvelle globalisation fran\u00e7aise mise en \u0153uvre par la monarchie absolutiste. Mais ils promeuvent aussi par l\u00e0 une autre vision du monde, opposant aux logiques de la domination et de l\u2019appropriation les promesses de la rencontre. Porteurs d\u2019une contestation scientifique in\u00e9dite de l\u2019universalisme occidental, ces voyageurs du doute \u00e9laborent le premier altermondialisme.&#160;\u00bb<\/p>\n\n\n\n<p>Parution le 15 f\u00e9vrier.<\/p>\n\n\n\n<p><a href=\"https:\/\/www.fayard.fr\/les-voyageurs-du-doute-9782213678542\" target=\"_blank\" rel=\"noreferrer noopener\">Lire plus<\/a><\/p>\n\n\n\n<h2 class=\"wp-block-heading\"><strong>B\u00e9atrice von Hirschhausen, <em>Les Provinces du temps. Fronti\u00e8res fant\u00f4mes et exp\u00e9riences de l\u2019histoire<\/em>, CNRS \u00c9ditions<\/strong><\/h2>\n\n\n\n\n\n<figure class=\"wp-block-image wp-block-image-small\"\n    data-shadow=\"false\"\n    data-use-original-file=\"false\">\n    <a\n        data-pswp-src=\"https:\/\/legrandcontinent.eu\/fr\/wp-content\/uploads\/sites\/2\/2023\/02\/802aa8a231303b6da1ce418b8b2b3607b9f3ea92df4a947c63b81dc8b42d.jpg\"\n        class=\"inline-block gallery-item no-underline \"\n        data-pswp-width=\"1400\"\n        data-pswp-height=\"2148\">\n                                        <picture>\r\n                    <source\r\n                srcset=\"https:\/\/legrandcontinent.eu\/fr\/wp-content\/uploads\/sites\/2\/2023\/02\/802aa8a231303b6da1ce418b8b2b3607b9f3ea92df4a947c63b81dc8b42d-125x192.jpg\"\r\n                media=\"(max-width: 374px)\" \/>\r\n                    <source\r\n                srcset=\"https:\/\/legrandcontinent.eu\/fr\/wp-content\/uploads\/sites\/2\/2023\/02\/802aa8a231303b6da1ce418b8b2b3607b9f3ea92df4a947c63b81dc8b42d-330x506.jpg\"\r\n                media=\"(min-width: 375px)\" \/>\r\n                <img decoding=\"async\" src=\"https:\/\/legrandcontinent.eu\/fr\/wp-content\/uploads\/sites\/2\/2023\/02\/802aa8a231303b6da1ce418b8b2b3607b9f3ea92df4a947c63b81dc8b42d-125x192.jpg\" \/>\r\n        <\/picture>\r\n                            \n            <\/a>\n<\/figure>\n\n\n<p><strong>\u00ab&#160;<\/strong>Les cartes \u00e9lectorales de l\u2019Ukraine et de la Pologne de ces derni\u00e8res d\u00e9cennies ont souvent donn\u00e9 \u00e0 voir le dessin des empires pass\u00e9s qui s\u2019\u00e9taient partag\u00e9 ces territoires. Les fronti\u00e8res fant\u00f4mes sont ces traces laiss\u00e9es par des entit\u00e9s politiques d\u00e9funtes dans les pratiques sociales contemporaines. Comment et pourquoi des limites territoriales, qui n\u2019ont plus de r\u00e9alit\u00e9 politique, peuvent-elle r\u00e9appara\u00eetre apr\u00e8s plusieurs g\u00e9n\u00e9rations&#160;? Pourquoi semblent-elles s\u2019\u00eatre imprim\u00e9es dans l\u2019esprit des gens&#160;?<\/p>\n\n\n\n<p>C\u2019est \u00e0 partir de terrains men\u00e9s en Europe centrale et orientale, et notamment en Roumanie, que B\u00e9atrice von Hirschhausen tente de comprendre ce ph\u00e9nom\u00e8ne fascinant. Sillonn\u00e9e d\u2019anciennes fronti\u00e8res d\u2019empires, la r\u00e9gion permet d\u2019observer certains de leurs fant\u00f4mes. Elle offre un v\u00e9ritable laboratoire pour \u00e9tudier la production des espaces&#160;: entre histoire et culture, entre routines et imaginaires. Cette analyse g\u00e9ographique de l\u2019action individuelle comme des attitudes collectives, montre comment les soci\u00e9t\u00e9s se pensent \u00e0 partir de l\u2019espace. Elle permet d\u2019expliquer des comportements non par un \u00ab&#160;nous&#160;\u00bb identitaire ou par des mentalit\u00e9s mais par des conventions locales plus ou moins stables&#160;: \u00ab&#160;ici, on fait comme \u00e7a&#160;\u00bb.&#160;\u00bb<\/p>\n\n\n\n<p>Parution le 9 f\u00e9vrier<\/p>\n\n\n\n<p><a href=\"https:\/\/www.cnrseditions.fr\/catalogue\/histoire\/les-provinces-du-temps\/\" target=\"_blank\" rel=\"noreferrer noopener\">Lire plus<\/a><\/p>\n\n\n\n<h2 class=\"wp-block-heading\"><strong>Gunter Hofmann, <em>Willy Brandt. Sozialist, Kanzler<\/em>, Patriot, C.H. Beck<\/strong><\/h2>\n\n\n\n\n\n<figure class=\"wp-block-image wp-block-image-small\"\n    data-shadow=\"false\"\n    data-use-original-file=\"false\">\n    <a\n        data-pswp-src=\"https:\/\/legrandcontinent.eu\/fr\/wp-content\/uploads\/sites\/2\/2023\/02\/71UsnEwT4kL.jpg\"\n        class=\"inline-block gallery-item no-underline \"\n        data-pswp-width=\"1253\"\n        data-pswp-height=\"1950\">\n                                        <picture>\r\n                    <source\r\n                srcset=\"https:\/\/legrandcontinent.eu\/fr\/wp-content\/uploads\/sites\/2\/2023\/02\/71UsnEwT4kL-125x195.jpg\"\r\n                media=\"(max-width: 374px)\" \/>\r\n                    <source\r\n                srcset=\"https:\/\/legrandcontinent.eu\/fr\/wp-content\/uploads\/sites\/2\/2023\/02\/71UsnEwT4kL-330x514.jpg\"\r\n                media=\"(min-width: 375px)\" \/>\r\n                <img decoding=\"async\" src=\"https:\/\/legrandcontinent.eu\/fr\/wp-content\/uploads\/sites\/2\/2023\/02\/71UsnEwT4kL-125x195.jpg\" \/>\r\n        <\/picture>\r\n                            \n            <\/a>\n<\/figure>\n\n\n<p>\u00ab&#160;Gunter Hofmann dresse le portrait de l&rsquo;homme qui a r\u00e9nov\u00e9 la r\u00e9publique conservatrice d&rsquo;Adenauer et \u00e9crit l&rsquo;histoire mondiale par les trait\u00e9s avec l&rsquo;Est et son agenouillement \u00e0 Varsovie. Il retrace les \u00e9tapes de la vie de Willy Brandt, jeune socialiste en exil et dans la r\u00e9sistance, le d\u00e9veloppement progressif de ses convictions politiques et les \u00e9tapes de sa carri\u00e8re, du maire au chancelier f\u00e9d\u00e9ral. Les compagnons de route tels que Julius Leber, Helmut Schmidt, Herbert Wehner, Egon Bahr ou G\u00fcnter Grass apparaissent \u00e9galement. Mais surtout, Hofmann montre \u00e0 quel point Brandt a marqu\u00e9 la conception que les Allemands se font d\u00e9sormais de leur nation.&#160;\u00bb<\/p>\n\n\n\n<p>Parution le 16 f\u00e9vrier<\/p>\n\n\n\n<p><a href=\"https:\/\/www.chbeck.de\/hofmann-willy-brandt\/product\/34606555\" target=\"_blank\" rel=\"noreferrer noopener\">Lire plus<\/a><\/p>\n\n\n\n<h2 class=\"wp-block-heading\"><strong>Matthijs Lok, <em>Europe against Revolution. Conservatism, Enlightenment, and the Making of the Past<\/em>, Oxford University Press<\/strong><\/h2>\n\n\n\n\n\n<figure class=\"wp-block-image wp-block-image-small\"\n    data-shadow=\"false\"\n    data-use-original-file=\"false\">\n    <a\n        data-pswp-src=\"https:\/\/legrandcontinent.eu\/fr\/wp-content\/uploads\/sites\/2\/2023\/02\/63393606.jpg\"\n        class=\"inline-block gallery-item no-underline \"\n        data-pswp-width=\"265\"\n        data-pswp-height=\"400\">\n                                        <picture>\r\n                    <source\r\n                srcset=\"https:\/\/legrandcontinent.eu\/fr\/wp-content\/uploads\/sites\/2\/2023\/02\/63393606-125x189.jpg\"\r\n                media=\"(max-width: 374px)\" \/>\r\n                    <source\r\n                srcset=\"https:\/\/legrandcontinent.eu\/fr\/wp-content\/uploads\/sites\/2\/2023\/02\/63393606.jpg\"\r\n                media=\"(min-width: 375px)\" \/>\r\n                <img decoding=\"async\" src=\"https:\/\/legrandcontinent.eu\/fr\/wp-content\/uploads\/sites\/2\/2023\/02\/63393606-125x189.jpg\" \/>\r\n        <\/picture>\r\n                            \n            <\/a>\n<\/figure>\n\n\n<p>\u00ab&#160;Dans le sillage de la R\u00e9volution fran\u00e7aise, les auteurs contre-r\u00e9volutionnaires de toute l&rsquo;Europe ont d\u00e9fendu la civilisation europ\u00e9enne contre l&rsquo;assaut des r\u00e9volutionnaires nationalistes, d\u00e9termin\u00e9s \u00e0 d\u00e9truire l&rsquo;ordre existant. En opposition au nouveau monde r\u00e9volutionnaire et \u00e0 ses principes universels et abstraits, ils d\u00e9fendaient l\u2019existence d\u2019une soci\u00e9t\u00e9 et d\u2019un ordre politique europ\u00e9ens fond\u00e9s sur un ensemble d&rsquo;institutions historiques et &#8211; en fin de compte &#8211; divines garant de la libert\u00e9, de la mod\u00e9ration, de la diversit\u00e9 et du progr\u00e8s de l&rsquo;Europe depuis la chute de l&rsquo;Empire romain. Les europ\u00e9istes contre-r\u00e9volutionnaires se sont appuy\u00e9s sur le cosmopolitisme des Lumi\u00e8res tout en critiquant son pr\u00e9tendu h\u00e9ritage r\u00e9volutionnaire. Tout au long des XIX<sup>e<\/sup> et XXe si\u00e8cles, ces conceptions de l&rsquo;histoire et de la civilisation europ\u00e9ennes ont \u00e9t\u00e9 red\u00e9couvertes et adapt\u00e9es \u00e0 de nouveaux contextes politiques, fa\u00e7onnant de multiples fa\u00e7ons notre propre vision contest\u00e9e de l&rsquo;histoire et de la m\u00e9moire europ\u00e9ennes.&#160;\u00bb<\/p>\n\n\n\n<p>Parution le 17 f\u00e9vrier<\/p>\n\n\n\n<p><a href=\"https:\/\/global.oup.com\/academic\/product\/europe-against-revolution-9780198872139?lang=3n&amp;cc=al\" target=\"_blank\" rel=\"noreferrer noopener\">Lire plus<\/a><\/p>\n\n\n\n<h2 class=\"wp-block-heading\"><strong>Wolfgang Niess, <em>Der Hitlerputsch 1923. Geschichte eines Hochverrats<\/em>, CH Beck<\/strong><\/h2>\n\n\n\n\n\n<figure class=\"wp-block-image wp-block-image-small\"\n    data-shadow=\"false\"\n    data-use-original-file=\"false\">\n    <a\n        data-pswp-src=\"https:\/\/legrandcontinent.eu\/fr\/wp-content\/uploads\/sites\/2\/2023\/02\/getimage-4.jpeg\"\n        class=\"inline-block gallery-item no-underline \"\n        data-pswp-width=\"1253\"\n        data-pswp-height=\"1950\">\n                                        <picture>\r\n                    <source\r\n                srcset=\"https:\/\/legrandcontinent.eu\/fr\/wp-content\/uploads\/sites\/2\/2023\/02\/getimage-4-125x195.jpeg\"\r\n                media=\"(max-width: 374px)\" \/>\r\n                    <source\r\n                srcset=\"https:\/\/legrandcontinent.eu\/fr\/wp-content\/uploads\/sites\/2\/2023\/02\/getimage-4-330x514.jpeg\"\r\n                media=\"(min-width: 375px)\" \/>\r\n                <img decoding=\"async\" src=\"https:\/\/legrandcontinent.eu\/fr\/wp-content\/uploads\/sites\/2\/2023\/02\/getimage-4-125x195.jpeg\" \/>\r\n        <\/picture>\r\n                            \n            <\/a>\n<\/figure>\n\n\n<p>\u00ab&#160;Le soir du 8 novembre, Adolf Hitler fait irruption dans la B\u00fcrgerbr\u00e4ukeller, revolver au poing, et annonce le d\u00e9but de la r\u00e9volution nationale. Le lendemain midi, celle-ci prend fin sous une pluie de balles \u00e0 la Feldherrnhalle. Le voisin d&rsquo;Hitler meurt, il s&rsquo;enfuit lui-m\u00eame et sera arr\u00eat\u00e9 plus tard dans des circonstances lamentables. La propagande nazie a transfigur\u00e9 le putsch en une marche sacrificielle ayant rendu le Troisi\u00e8me Reich possible. Mais en r\u00e9alit\u00e9, c&rsquo;est une toute autre pi\u00e8ce qui \u00e9tait alors \u00e0 l&rsquo;affiche. Les dirigeants politiques et militaires de la Bavi\u00e8re planifiaient le renversement de la R\u00e9publique par une \u00ab&#160;marche sur Berlin&#160;\u00bb. Wolfgang Niess met \u00e0 jour le r\u00e9seau de la conspiration et montre comment Hitler a ruin\u00e9 toute l&rsquo;entreprise. Mal inform\u00e9 et soucieux de son propre int\u00e9r\u00eat, il a pris les devants et d\u00e9jou\u00e9 les plans des dirigeants bavarois et de leurs pairs \u00e0 Berlin. Malgr\u00e9 lui, Hitler a donn\u00e9 aux d\u00e9mocrates une chance de sauver la R\u00e9publique de Weimar alors qu&rsquo;elle semblait perdue.&#160;\u00bb<\/p>\n\n\n\n<p>Parution le 16 f\u00e9vrier<\/p>\n\n\n\n<p><a href=\"https:\/\/www.chbeck.de\/niess-hitlerputsch-1923\/product\/34617847\" target=\"_blank\" rel=\"noreferrer noopener\">Lire plus<\/a><\/p>\n\n\n\n<h2 class=\"wp-block-heading\"><strong>Valentine Lomellini, <em>La diplomazia del terrore (1967-1989)<\/em>, Laterza.<\/strong><\/h2>\n\n\n\n\n\n<figure class=\"wp-block-image wp-block-image-small\"\n    data-shadow=\"false\"\n    data-use-original-file=\"false\">\n    <a\n        data-pswp-src=\"https:\/\/legrandcontinent.eu\/fr\/wp-content\/uploads\/sites\/2\/2023\/02\/9788858150320-1.jpg\"\n        class=\"inline-block gallery-item no-underline \"\n        data-pswp-width=\"800\"\n        data-pswp-height=\"1200\">\n                                        <picture>\r\n                    <source\r\n                srcset=\"https:\/\/legrandcontinent.eu\/fr\/wp-content\/uploads\/sites\/2\/2023\/02\/9788858150320-1-125x188.jpg\"\r\n                media=\"(max-width: 374px)\" \/>\r\n                    <source\r\n                srcset=\"https:\/\/legrandcontinent.eu\/fr\/wp-content\/uploads\/sites\/2\/2023\/02\/9788858150320-1-330x495.jpg\"\r\n                media=\"(min-width: 375px)\" \/>\r\n                <img decoding=\"async\" src=\"https:\/\/legrandcontinent.eu\/fr\/wp-content\/uploads\/sites\/2\/2023\/02\/9788858150320-1-125x188.jpg\" \/>\r\n        <\/picture>\r\n                            \n            <\/a>\n<\/figure>\n\n\n<p>\u00ab&#160;\u00c0 la fin des ann\u00e9es 1960, l&rsquo;Italie, la France, l&rsquo;Allemagne de l&rsquo;Ouest et la Grande-Bretagne &#8211; pays d\u00e9j\u00e0 touch\u00e9s par le terrorisme int\u00e9rieur &#8211; sont confront\u00e9s \u00e0 une nouvelle menace&#160;: des organisations arm\u00e9es, n\u00e9es au Moyen-Orient, qui internationalisent leur lutte, exportant le terrorisme sur le sol europ\u00e9en. Ont-ils atteint leur objectif&#160;? Ont-ils g\u00e9n\u00e9r\u00e9 un chaos international&#160;? Ou bien les pays europ\u00e9ens ont-ils r\u00e9ussi, au moins temporairement, \u00e0 d\u00e9sarmer les terroristes en les incluant dans le syst\u00e8me des relations internationales&#160;?<\/p>\n\n\n\n<p>De l&rsquo;attentat \u00e0 la bombe des Jeux olympiques de Munich en 1972 au massacre de Lockerbie en 1988, en passant par les attaques contre l&rsquo;a\u00e9roport de Fiumicino et le paquebot de croisi\u00e8re Achille Lauro, ce livre cherche \u00e0 comprendre pourquoi l&rsquo;Europe n&rsquo;a pas r\u00e9ussi \u00e0 se vacciner contre le terrorisme international du XX<sup>e<\/sup> si\u00e8cle et ainsi \u00e0 pr\u00e9venir la nouvelle vague de violence politique qui a pris naissance avec l&rsquo;attaque des tours jumelles en 2001.&#160;\u00bb<\/p>\n\n\n\n<p>Parution le 17 f\u00e9vrier<\/p>\n\n\n\n<p><a href=\"https:\/\/www.laterza.it\/scheda-libro\/?isbn=9788858150320\">Lire plus<\/a><\/p>\n\n\n\n<h2 class=\"wp-block-heading\"><strong>Martin Wolf, <em>The Crisis of Democratic Capitalism<\/em>, Penguin<\/strong><\/h2>\n\n\n\n\n\n<figure class=\"wp-block-image wp-block-image-small\"\n    data-shadow=\"false\"\n    data-use-original-file=\"false\">\n    <a\n        data-pswp-src=\"https:\/\/legrandcontinent.eu\/fr\/wp-content\/uploads\/sites\/2\/2023\/02\/9780241303412-jacket-large.jpg\"\n        class=\"inline-block gallery-item no-underline \"\n        data-pswp-width=\"325\"\n        data-pswp-height=\"500\">\n                                        <picture>\r\n                    <source\r\n                srcset=\"https:\/\/legrandcontinent.eu\/fr\/wp-content\/uploads\/sites\/2\/2023\/02\/9780241303412-jacket-large-125x192.jpg\"\r\n                media=\"(max-width: 374px)\" \/>\r\n                    <source\r\n                srcset=\"https:\/\/legrandcontinent.eu\/fr\/wp-content\/uploads\/sites\/2\/2023\/02\/9780241303412-jacket-large.jpg\"\r\n                media=\"(min-width: 375px)\" \/>\r\n                <img decoding=\"async\" src=\"https:\/\/legrandcontinent.eu\/fr\/wp-content\/uploads\/sites\/2\/2023\/02\/9780241303412-jacket-large-125x192.jpg\" \/>\r\n        <\/picture>\r\n                            \n            <\/a>\n<\/figure>\n\n\n<p>\u00ab&#160;La d\u00e9mocratie lib\u00e9rale est en r\u00e9cession et l&rsquo;autoritarisme en progr\u00e8s. Les liens qui devraient unir des march\u00e9s ouverts \u00e0 des \u00e9lections libres et \u00e9quitables sont menac\u00e9s, m\u00eame dans les foyers de la d\u00e9mocratie lib\u00e9rale que sont les \u00c9tats-Unis et l&rsquo;Angleterre. Dans le monde entier, des voix puissantes soutiennent que le capitalisme est meilleur sans la d\u00e9mocratie&#160;; d&rsquo;autres soutiennent que la d\u00e9mocratie est meilleure sans le capitalisme. Ce livre est une r\u00e9plique vigoureuse \u00e0 ces deux points de vue. Tout en offrant une \u00e9valuation profonde et lucide des raisons pour lesquelles ce mariage est devenu si tendu, il explique clairement pourquoi un divorce entre le capitalisme et la d\u00e9mocratie serait une calamit\u00e9 pour le monde&#160;; ils ont besoin l&rsquo;un de l&rsquo;autre, m\u00eame s&rsquo;ils ont du mal \u00e0 vivre ensemble.<\/p>\n\n\n\n<p>Malgr\u00e9 tous ses d\u00e9fauts, le capitalisme d\u00e9mocratique reste de loin le meilleur syst\u00e8me pour l&rsquo;\u00e9panouissement humain. Mais quelque chose a s\u00e9rieusement d\u00e9rap\u00e9&#160;: la croissance de la prosp\u00e9rit\u00e9 s&rsquo;est ralentie et la r\u00e9partition de ses fruits entre une poign\u00e9e de supergagnants et les autres est devenue plus in\u00e9gale. Les ploutocrates se sont retir\u00e9s dans leurs bastions, o\u00f9 ils m\u00e9prisent la capacit\u00e9 des gouvernements \u00e0 investir dans les biens publics n\u00e9cessaires pour favoriser les opportunit\u00e9s et la durabilit\u00e9. Mais le d\u00e9luge d&rsquo;autocratie qui s&rsquo;annonce finira par les submerger, eux aussi. La citoyennet\u00e9 n&rsquo;est pas seulement un slogan ou une id\u00e9e romantique&#160;; c&rsquo;est la seule id\u00e9e qui puisse nous sauver. Rien n&rsquo;a jamais mieux harmonis\u00e9 la libert\u00e9 politique et \u00e9conomique qu&rsquo;une foi partag\u00e9e dans le bien commun.&#160;\u00bb<\/p>\n\n\n\n<p>Parution le 2 f\u00e9vrier<\/p>\n\n\n\n<p><a href=\"https:\/\/www.penguinrandomhouse.com\/books\/554951\/the-crisis-of-democratic-capitalism-by-martin-wolf\/\" target=\"_blank\" rel=\"noreferrer noopener\">Lire plus<\/a><\/p>\n\n\n\n<h2 class=\"wp-block-heading\"><strong>Peter Burke, <em>Ignorance. A Global History<\/em>, Yale University Press<\/strong><\/h2>\n\n\n\n\n\n<figure class=\"wp-block-image wp-block-image-small\"\n    data-shadow=\"false\"\n    data-use-original-file=\"false\">\n    <a\n        data-pswp-src=\"https:\/\/legrandcontinent.eu\/fr\/wp-content\/uploads\/sites\/2\/2023\/02\/9780300265958.jpg\"\n        class=\"inline-block gallery-item no-underline \"\n        data-pswp-width=\"750\"\n        data-pswp-height=\"1148\">\n                                        <picture>\r\n                    <source\r\n                srcset=\"https:\/\/legrandcontinent.eu\/fr\/wp-content\/uploads\/sites\/2\/2023\/02\/9780300265958-125x191.jpg\"\r\n                media=\"(max-width: 374px)\" \/>\r\n                    <source\r\n                srcset=\"https:\/\/legrandcontinent.eu\/fr\/wp-content\/uploads\/sites\/2\/2023\/02\/9780300265958-330x505.jpg\"\r\n                media=\"(min-width: 375px)\" \/>\r\n                <img decoding=\"async\" src=\"https:\/\/legrandcontinent.eu\/fr\/wp-content\/uploads\/sites\/2\/2023\/02\/9780300265958-125x191.jpg\" \/>\r\n        <\/picture>\r\n                            \n            <\/a>\n<\/figure>\n\n\n<p>\u00ab&#160;Tout au long de l&rsquo;histoire, chaque \u00e9poque s&rsquo;est consid\u00e9r\u00e9e comme plus instruite que la pr\u00e9c\u00e9dente. Les humanistes de la Renaissance consid\u00e9raient le Moyen \u00c2ge comme une \u00e8re de t\u00e9n\u00e8bres, les penseurs du si\u00e8cle des Lumi\u00e8res ont tent\u00e9 de balayer les superstitions par la raison, l&rsquo;\u00c9tat-providence moderne a cherch\u00e9 \u00e0 tuer l&rsquo;ignorance et, dans le monde hyperconnect\u00e9 d&rsquo;aujourd&rsquo;hui, des informations apparemment illimit\u00e9es sont disponibles \u00e0 la demande. Mais qu&rsquo;en est-il des connaissances perdues au fil des si\u00e8cles&#160;? Sommes-nous vraiment moins ignorants que nos anc\u00eatres&#160;?<\/p>\n\n\n\n<p>Peter Burke examine la longue histoire de l&rsquo;ignorance de l&rsquo;humanit\u00e9 \u00e0 travers la religion et la science, la guerre et la politique, les affaires et les catastrophes. Il r\u00e9v\u00e8le les nombreuses formes d&rsquo;ignorance, qu&rsquo;elle soit authentique ou feinte, consciente ou inconsciente, depuis les politiciens qui ont redessin\u00e9 les fronti\u00e8res de l&rsquo;Europe en 1919 jusqu&rsquo;aux politiques de d\u00e9nonciation et de d\u00e9ni du changement climatique. Il en ressort une exploration vivante du savoir humain et de l&rsquo;importance de reconna\u00eetre ses limites.&#160;\u00bb<\/p>\n\n\n\n<p>Parution le 14 f\u00e9vrier<\/p>\n\n\n\n<p><a href=\"https:\/\/yalebooks.yale.edu\/book\/9780300265958\/ignorance\/\" target=\"_blank\" rel=\"noreferrer noopener\">Lire plus<\/a><\/p>\n\n\n\n<h2 class=\"wp-block-heading\"><strong>Ashoka Mody, <em>India Is Broken. A People Betrayed, Independence to Today<\/em>, Stanford University Press<\/strong><\/h2>\n\n\n\n\n\n<figure class=\"wp-block-image wp-block-image-small\"\n    data-shadow=\"false\"\n    data-use-original-file=\"false\">\n    <a\n        data-pswp-src=\"https:\/\/legrandcontinent.eu\/fr\/wp-content\/uploads\/sites\/2\/2023\/02\/pid_34425.jpg\"\n        class=\"inline-block gallery-item no-underline \"\n        data-pswp-width=\"400\"\n        data-pswp-height=\"600\">\n                                        <picture>\r\n                    <source\r\n                srcset=\"https:\/\/legrandcontinent.eu\/fr\/wp-content\/uploads\/sites\/2\/2023\/02\/pid_34425-125x188.jpg\"\r\n                media=\"(max-width: 374px)\" \/>\r\n                    <source\r\n                srcset=\"https:\/\/legrandcontinent.eu\/fr\/wp-content\/uploads\/sites\/2\/2023\/02\/pid_34425-330x495.jpg\"\r\n                media=\"(min-width: 375px)\" \/>\r\n                <img decoding=\"async\" src=\"https:\/\/legrandcontinent.eu\/fr\/wp-content\/uploads\/sites\/2\/2023\/02\/pid_34425-125x188.jpg\" \/>\r\n        <\/picture>\r\n                            \n            <\/a>\n<\/figure>\n\n\n<p>\u00ab&#160;Lorsque les dirigeants indiens ont pris le contr\u00f4le de leur gouvernement en 1947, ils ont proclam\u00e9 les id\u00e9aux d&rsquo;unit\u00e9 nationale et de d\u00e9mocratie la\u00efque. Au cours du premier demi-si\u00e8cle de construction de la nation, ils ont pu faire \u00e9tat de progr\u00e8s in\u00e9gaux mais r\u00e9els sur des objectifs cl\u00e9s et, apr\u00e8s le milieu des ann\u00e9es 1980, la grande pauvret\u00e9 a recul\u00e9 pendant quelques d\u00e9cennies, inspirant des d\u00e9clarations de victoire. Mais aujourd&rsquo;hui, une grande majorit\u00e9 d&rsquo;Indiens vivent dans un \u00e9tat de sous-emploi et sont \u00e0 une crise pr\u00e8s du d\u00e9sespoir. Les biens publics &#8211; la sant\u00e9, l&rsquo;\u00e9ducation, les villes, l&rsquo;air et l&rsquo;eau, le syst\u00e8me judiciaire &#8211; sont dans un \u00e9tat lamentable.&nbsp;<\/p>\n\n\n\n<p>Remettant en cause les r\u00e9cits dominants, Ashoka Mody soutient que les dirigeants successifs de l&rsquo;apr\u00e8s-ind\u00e9pendance, \u00e0 commencer par Jawaharlal Nehru, n&rsquo;ont pas su affronter les v\u00e9ritables probl\u00e8mes \u00e9conomiques de l&rsquo;Inde et ont pr\u00e9f\u00e9r\u00e9 chercher des solutions de facilit\u00e9. Alors que la frustration populaire grandissait et que la corruption devenait omnipr\u00e9sente, la croissance \u00e9conomique de l&rsquo;Inde s&rsquo;est appuy\u00e9e de plus en plus sur une finance non r\u00e9glement\u00e9e et des constructions destructrices pour l&rsquo;environnement. La mont\u00e9e d&rsquo;un nationalisme hindouiste violent a enterr\u00e9 toutes les normes ant\u00e9rieures en mati\u00e8re de vie civique et de responsabilit\u00e9 publique.&#160;\u00bb<\/p>\n\n\n\n<p>Parution le 14 f\u00e9vrier<\/p>\n\n\n\n<p><a href=\"https:\/\/www.sup.org\/books\/title\/?id=34425\" target=\"_blank\" rel=\"noreferrer noopener\">Lire plus<\/a><\/p>\n\n\n\n<h2 class=\"wp-block-heading\"><strong>Caroline Dodds Pennock, <em>On Savage Shores. How Indigenous Americans Discovered Europe<\/em>, Penguin<\/strong><\/h2>\n\n\n\n\n\n<figure class=\"wp-block-image wp-block-image-small\"\n    data-shadow=\"false\"\n    data-use-original-file=\"false\">\n    <a\n        data-pswp-src=\"https:\/\/legrandcontinent.eu\/fr\/wp-content\/uploads\/sites\/2\/2023\/02\/1_En3nLZg2QExMw4voP_7YSg.jpeg\"\n        class=\"inline-block gallery-item no-underline \"\n        data-pswp-width=\"1000\"\n        data-pswp-height=\"1490\">\n                                        <picture>\r\n                    <source\r\n                srcset=\"https:\/\/legrandcontinent.eu\/fr\/wp-content\/uploads\/sites\/2\/2023\/02\/1_En3nLZg2QExMw4voP_7YSg-125x186.jpeg\"\r\n                media=\"(max-width: 374px)\" \/>\r\n                    <source\r\n                srcset=\"https:\/\/legrandcontinent.eu\/fr\/wp-content\/uploads\/sites\/2\/2023\/02\/1_En3nLZg2QExMw4voP_7YSg-330x492.jpeg\"\r\n                media=\"(min-width: 375px)\" \/>\r\n                <img decoding=\"async\" src=\"https:\/\/legrandcontinent.eu\/fr\/wp-content\/uploads\/sites\/2\/2023\/02\/1_En3nLZg2QExMw4voP_7YSg-125x186.jpeg\" \/>\r\n        <\/picture>\r\n                            \n            <\/a>\n<\/figure>\n\n\n<p>\u00ab&#160;On nous a longtemps appris que l&rsquo;histoire moderne a d\u00e9but\u00e9 quand l'\u00a0\u00bbAncien Monde&#160;\u00bb a rencontr\u00e9 le \u00ab&#160;Nouveau&#160;\u00bb, lorsque Christophe Colomb a \u00ab&#160;d\u00e9couvert&#160;\u00bb l&rsquo;Am\u00e9rique en 1492. Mais, comme le montre Caroline Dodds Pennock dans ce livre, pour des dizaines de milliers d&rsquo;Azt\u00e8ques, de Mayas, de Totonaques, d&rsquo;Inuits et d&rsquo;autres \u2014 esclaves, diplomates, explorateurs, serviteurs, commer\u00e7ants \u2014 c&rsquo;est l&rsquo;inverse qui s&rsquo;est produit&#160;: ils ont d\u00e9couvert l&rsquo;Europe.<\/p>\n\n\n\n<p>Pour eux, l&rsquo;Europe \u00e9tait un rivage sauvage empli de richesses et de merveilles mais qui laissait perplexe par ses brutales disparit\u00e9s de richesses et de niveau de vie et ses croyances d\u00e9routantes. L&rsquo;histoire de ces Am\u00e9ricains indig\u00e8nes transport\u00e9s hors de leur continent est faite d&rsquo;enl\u00e8vement, de perte, d&rsquo;appropriation culturelle et, de leur point de vue, d&rsquo;apocalypse. Du roi br\u00e9silien qui rencontra Henri VIII aux Azt\u00e8ques ayant simul\u00e9 un sacrifice humain \u00e0 la cour de Charles Quint&#160;; du b\u00e9b\u00e9 inuk expos\u00e9 dans un pub londonien aux enfants m\u00e9tis d&rsquo;Espagnols qui sont retourn\u00e9s \u00ab&#160;chez eux&#160;\u00bb avec leurs p\u00e8res&#160;; des Inuits qui harponnaient les canards sur la rivi\u00e8re Avon aux nombreux domestiques employ\u00e9s par des Europ\u00e9ens de tous rangs&#160;: voici un peuple qui a \u00e9t\u00e9 rendu exotique, rabaiss\u00e9 et marginalis\u00e9, mais dont les visions du monde et les cultures ont eu un profond impact sur la civilisation europ\u00e9enne.<\/p>\n\n\n\n<p>En s&rsquo;appuyant sur la litt\u00e9rature et la po\u00e9sie qui ont surv\u00e9cu et en leur superposant subtilement les r\u00e9cits de t\u00e9moins europ\u00e9ens, Caroline Dodds Pennock offre un compte rendu complet de la pr\u00e9sence et de l&rsquo;impact des Am\u00e9rindiens dans l&rsquo;Europe des d\u00e9buts de l&rsquo;\u00e8re moderne.&#160;\u00bb<\/p>\n\n\n\n<p>Paru le 24 janvier<\/p>\n\n\n\n<p><a href=\"https:\/\/www.penguinrandomhouse.com\/books\/646154\/on-savage-shores-by-caroline-dodds-pennock\/\" target=\"_blank\" rel=\"noreferrer noopener\">Lire plus<\/a><\/p>\n\n\n\n<h2 class=\"wp-block-heading\"><strong>Luis Martinez, <em>L&rsquo;Afrique, le prochain califat&#160;? La spectaculaire expansion du djihadisme<\/em>, Tallandier.<\/strong><\/h2>\n\n\n\n\n\n<figure class=\"wp-block-image wp-block-image-small\"\n    data-shadow=\"false\"\n    data-use-original-file=\"false\">\n    <a\n        data-pswp-src=\"https:\/\/legrandcontinent.eu\/fr\/wp-content\/uploads\/sites\/2\/2023\/02\/9H0dqqofWiTswPH75WJ4SAZDiXDWwroq8rPelP9rFofZREWZSHy4oQ-cover-full.jpg\"\n        class=\"inline-block gallery-item no-underline \"\n        data-pswp-width=\"1654\"\n        data-pswp-height=\"2421\">\n                                        <picture>\r\n                    <source\r\n                srcset=\"https:\/\/legrandcontinent.eu\/fr\/wp-content\/uploads\/sites\/2\/2023\/02\/9H0dqqofWiTswPH75WJ4SAZDiXDWwroq8rPelP9rFofZREWZSHy4oQ-cover-full-125x183.jpg\"\r\n                media=\"(max-width: 374px)\" \/>\r\n                    <source\r\n                srcset=\"https:\/\/legrandcontinent.eu\/fr\/wp-content\/uploads\/sites\/2\/2023\/02\/9H0dqqofWiTswPH75WJ4SAZDiXDWwroq8rPelP9rFofZREWZSHy4oQ-cover-full-330x483.jpg\"\r\n                media=\"(min-width: 375px)\" \/>\r\n                <img decoding=\"async\" src=\"https:\/\/legrandcontinent.eu\/fr\/wp-content\/uploads\/sites\/2\/2023\/02\/9H0dqqofWiTswPH75WJ4SAZDiXDWwroq8rPelP9rFofZREWZSHy4oQ-cover-full-125x183.jpg\" \/>\r\n        <\/picture>\r\n                            \n            <\/a>\n<\/figure>\n\n\n<p>\u00ab&#160;Apr\u00e8s avoir prosp\u00e9r\u00e9 au Moyen-Orient et dix ans apr\u00e8s Serval \u2013 l\u2019intervention militaire fran\u00e7aise au Mali \u2013, les groupes djihadistes ont d\u00e9sormais \u00e9tendu dangereusement leur influence sur le continent africain. L\u2019implosion de la Libye, le renversement du r\u00e9gime de Ben Ali en Tunisie, la chute de Blaise Compaor\u00e9 au Burkina Faso et le retrait fran\u00e7ais apr\u00e8s l\u2019arriv\u00e9e des milices russes Wagner leur ont offert des opportunit\u00e9s inesp\u00e9r\u00e9es. Ces groupes occupent d\u00e9sormais des zones enti\u00e8res au Mali, au Tchad, au Burkina Faso, au Niger, jusqu\u2019au golfe de Guin\u00e9e.Fort de son exp\u00e9rience sur le terrain, Luis Martinez nous explique comment l\u2019une des r\u00e9gions les plus peupl\u00e9es et les plus jeunes de la plan\u00e8te est devenue la proie de l\u2019islam radical. Profitant des nombreuses failles int\u00e9rieures \u00e9conomiques, d\u00e9mographiques et politiques, les djihadistes offrent des solutions aux communaut\u00e9s locales, pauvres \u00e0 l\u2019extr\u00eame, en capitalisant sur un profond ressentiment post-colonial et l\u2019abandon de la part d\u2019\u00e9lites corrompues et indiff\u00e9rentes \u00e0 leur sort. Il y a urgence \u00e0 restaurer des \u00c9tats capables de s\u00e9curit\u00e9 et de stabilit\u00e9. Cet immense d\u00e9fi nous concerne tous.&#160;\u00bb<\/p>\n\n\n\n<p>Parution le 23 f\u00e9vrier<\/p>\n\n\n\n<p><a href=\"https:\/\/www.tallandier.com\/livre\/lafrique-le-prochain-califat\/\">Lire plus<\/a><\/p>\n","protected":false},"excerpt":{"rendered":"<p>D\u00e9couvrez notre s\u00e9lection de nouvelles parutions en sciences sociales pour le mois de f\u00e9vrier.<\/p>\n","protected":false},"author":3041,"featured_media":176258,"comment_status":"closed","ping_status":"closed","sticky":false,"template":"templates\/post-angles.php","format":"standard","meta":{"_acf_changed":false,"_trash_the_other_posts":false,"_yoast_wpseo_estimated-reading-time-minutes":16,"footnotes":""},"categories":[1734],"tags":[],"staff":[2508],"editorial_format":[],"serie":[],"audience":[],"geo":[2163],"class_list":["post-176006","post","type-post","status-publish","format-standard","hentry","category-doctrines","staff-florian-louis","geo-monde"],"acf":{"open_in_webview":false,"accent":false},"yoast_head":"<!-- This site is optimized with the Yoast SEO plugin v26.1.1 - https:\/\/yoast.com\/wordpress\/plugins\/seo\/ -->\n<title>15 livres \u00e0 lire en f\u00e9vrier | Le Grand Continent<\/title>\n<meta name=\"robots\" content=\"index, follow, max-snippet:-1, max-image-preview:large, max-video-preview:-1\" \/>\n<link rel=\"canonical\" href=\"https:\/\/legrandcontinent.eu\/fr\/2023\/02\/02\/15-livres-a-lire-en-fevrier-2\/\" \/>\n<meta property=\"og:locale\" content=\"fr_FR\" \/>\n<meta property=\"og:type\" content=\"article\" \/>\n<meta property=\"og:title\" content=\"15 livres \u00e0 lire en f\u00e9vrier | Le Grand Continent\" \/>\n<meta property=\"og:description\" content=\"D\u00e9couvrez notre s\u00e9lection de nouvelles parutions en sciences sociales pour le mois de f\u00e9vrier.\" \/>\n<meta property=\"og:url\" content=\"https:\/\/legrandcontinent.eu\/fr\/2023\/02\/02\/15-livres-a-lire-en-fevrier-2\/\" \/>\n<meta property=\"og:site_name\" content=\"Le Grand Continent\" \/>\n<meta property=\"article:published_time\" content=\"2023-02-02T14:55:18+00:00\" \/>\n<meta property=\"article:modified_time\" content=\"2023-02-02T14:55:38+00:00\" \/>\n<meta property=\"og:image\" content=\"https:\/\/legrandcontinent.eu\/fr\/wp-content\/uploads\/sites\/2\/2023\/02\/gc-livresfeb-scaled.jpg\" \/>\n\t<meta property=\"og:image:width\" content=\"2560\" \/>\n\t<meta property=\"og:image:height\" content=\"1440\" \/>\n\t<meta property=\"og:image:type\" content=\"image\/jpeg\" \/>\n<meta name=\"author\" content=\"Alexandre Antonio\" \/>\n<meta name=\"twitter:card\" content=\"summary_large_image\" \/>\n<meta name=\"twitter:image\" content=\"https:\/\/legrandcontinent.eu\/fr\/wp-content\/uploads\/sites\/2\/2023\/02\/gc-livresfeb-scaled.jpg\" \/>\n<meta name=\"twitter:label1\" content=\"\u00c9crit par\" \/>\n\t<meta name=\"twitter:data1\" content=\"Alexandre Antonio\" \/>\n\t<meta name=\"twitter:label2\" content=\"Dur\u00e9e de lecture estim\u00e9e\" \/>\n\t<meta name=\"twitter:data2\" content=\"16 minutes\" \/>\n<script type=\"application\/ld+json\" class=\"yoast-schema-graph\">{\"@context\":\"https:\/\/schema.org\",\"@graph\":[{\"@type\":\"WebPage\",\"@id\":\"https:\/\/legrandcontinent.eu\/fr\/2023\/02\/02\/15-livres-a-lire-en-fevrier-2\/\",\"url\":\"https:\/\/legrandcontinent.eu\/fr\/2023\/02\/02\/15-livres-a-lire-en-fevrier-2\/\",\"name\":\"15 livres \u00e0 lire en f\u00e9vrier | Le Grand Continent\",\"isPartOf\":{\"@id\":\"https:\/\/legrandcontinent.eu\/fr\/#website\"},\"primaryImageOfPage\":{\"@id\":\"https:\/\/legrandcontinent.eu\/fr\/2023\/02\/02\/15-livres-a-lire-en-fevrier-2\/#primaryimage\"},\"image\":{\"@id\":\"https:\/\/legrandcontinent.eu\/fr\/2023\/02\/02\/15-livres-a-lire-en-fevrier-2\/#primaryimage\"},\"thumbnailUrl\":\"https:\/\/legrandcontinent.eu\/fr\/wp-content\/uploads\/sites\/2\/2023\/02\/Capture-decran-2023-02-02-a-3.37.59-PM.png\",\"datePublished\":\"2023-02-02T14:55:18+00:00\",\"dateModified\":\"2023-02-02T14:55:38+00:00\",\"author\":{\"@id\":\"https:\/\/legrandcontinent.eu\/fr\/#\/schema\/person\/52f1217b490d99b0129aacfc21eb1a73\"},\"breadcrumb\":{\"@id\":\"https:\/\/legrandcontinent.eu\/fr\/2023\/02\/02\/15-livres-a-lire-en-fevrier-2\/#breadcrumb\"},\"inLanguage\":\"fr-FR\",\"potentialAction\":[{\"@type\":\"ReadAction\",\"target\":[\"https:\/\/legrandcontinent.eu\/fr\/2023\/02\/02\/15-livres-a-lire-en-fevrier-2\/\"]}]},{\"@type\":\"ImageObject\",\"inLanguage\":\"fr-FR\",\"@id\":\"https:\/\/legrandcontinent.eu\/fr\/2023\/02\/02\/15-livres-a-lire-en-fevrier-2\/#primaryimage\",\"url\":\"https:\/\/legrandcontinent.eu\/fr\/wp-content\/uploads\/sites\/2\/2023\/02\/Capture-decran-2023-02-02-a-3.37.59-PM.png\",\"contentUrl\":\"https:\/\/legrandcontinent.eu\/fr\/wp-content\/uploads\/sites\/2\/2023\/02\/Capture-decran-2023-02-02-a-3.37.59-PM.png\",\"width\":4096,\"height\":2304},{\"@type\":\"BreadcrumbList\",\"@id\":\"https:\/\/legrandcontinent.eu\/fr\/2023\/02\/02\/15-livres-a-lire-en-fevrier-2\/#breadcrumb\",\"itemListElement\":[{\"@type\":\"ListItem\",\"position\":1,\"name\":\"Accueil\",\"item\":\"https:\/\/legrandcontinent.eu\/fr\/\"},{\"@type\":\"ListItem\",\"position\":2,\"name\":\"15 livres \u00e0 lire en f\u00e9vrier\"}]},{\"@type\":\"WebSite\",\"@id\":\"https:\/\/legrandcontinent.eu\/fr\/#website\",\"url\":\"https:\/\/legrandcontinent.eu\/fr\/\",\"name\":\"Le Grand Continent\",\"description\":\"L&#039;\u00e9chelle pertinente\",\"potentialAction\":[{\"@type\":\"SearchAction\",\"target\":{\"@type\":\"EntryPoint\",\"urlTemplate\":\"https:\/\/legrandcontinent.eu\/fr\/?s={search_term_string}\"},\"query-input\":{\"@type\":\"PropertyValueSpecification\",\"valueRequired\":true,\"valueName\":\"search_term_string\"}}],\"inLanguage\":\"fr-FR\"},{\"@type\":\"Person\",\"@id\":\"https:\/\/legrandcontinent.eu\/fr\/#\/schema\/person\/52f1217b490d99b0129aacfc21eb1a73\",\"name\":\"Alexandre Antonio\",\"image\":{\"@type\":\"ImageObject\",\"inLanguage\":\"fr-FR\",\"@id\":\"https:\/\/legrandcontinent.eu\/fr\/#\/schema\/person\/image\/\",\"url\":\"https:\/\/secure.gravatar.com\/avatar\/952fdff634ecaaa1a050dd647639f0e9?s=96&d=mm&r=g\",\"contentUrl\":\"https:\/\/secure.gravatar.com\/avatar\/952fdff634ecaaa1a050dd647639f0e9?s=96&d=mm&r=g\",\"caption\":\"Alexandre Antonio\"}}]}<\/script>\n<!-- \/ Yoast SEO plugin. -->","yoast_head_json":{"title":"15 livres \u00e0 lire en f\u00e9vrier | Le Grand Continent","robots":{"index":"index","follow":"follow","max-snippet":"max-snippet:-1","max-image-preview":"max-image-preview:large","max-video-preview":"max-video-preview:-1"},"canonical":"https:\/\/legrandcontinent.eu\/fr\/2023\/02\/02\/15-livres-a-lire-en-fevrier-2\/","og_locale":"fr_FR","og_type":"article","og_title":"15 livres \u00e0 lire en f\u00e9vrier | Le Grand Continent","og_description":"D\u00e9couvrez notre s\u00e9lection de nouvelles parutions en sciences sociales pour le mois de f\u00e9vrier.","og_url":"https:\/\/legrandcontinent.eu\/fr\/2023\/02\/02\/15-livres-a-lire-en-fevrier-2\/","og_site_name":"Le Grand Continent","article_published_time":"2023-02-02T14:55:18+00:00","article_modified_time":"2023-02-02T14:55:38+00:00","og_image":[{"width":2560,"height":1440,"url":"https:\/\/legrandcontinent.eu\/fr\/wp-content\/uploads\/sites\/2\/2023\/02\/gc-livresfeb-scaled.jpg","type":"image\/jpeg"}],"author":"Alexandre Antonio","twitter_card":"summary_large_image","twitter_image":"https:\/\/legrandcontinent.eu\/fr\/wp-content\/uploads\/sites\/2\/2023\/02\/gc-livresfeb-scaled.jpg","twitter_misc":{"\u00c9crit par":"Alexandre Antonio","Dur\u00e9e de lecture estim\u00e9e":"16 minutes"},"schema":{"@context":"https:\/\/schema.org","@graph":[{"@type":"WebPage","@id":"https:\/\/legrandcontinent.eu\/fr\/2023\/02\/02\/15-livres-a-lire-en-fevrier-2\/","url":"https:\/\/legrandcontinent.eu\/fr\/2023\/02\/02\/15-livres-a-lire-en-fevrier-2\/","name":"15 livres \u00e0 lire en f\u00e9vrier | Le Grand Continent","isPartOf":{"@id":"https:\/\/legrandcontinent.eu\/fr\/#website"},"primaryImageOfPage":{"@id":"https:\/\/legrandcontinent.eu\/fr\/2023\/02\/02\/15-livres-a-lire-en-fevrier-2\/#primaryimage"},"image":{"@id":"https:\/\/legrandcontinent.eu\/fr\/2023\/02\/02\/15-livres-a-lire-en-fevrier-2\/#primaryimage"},"thumbnailUrl":"https:\/\/legrandcontinent.eu\/fr\/wp-content\/uploads\/sites\/2\/2023\/02\/Capture-decran-2023-02-02-a-3.37.59-PM.png","datePublished":"2023-02-02T14:55:18+00:00","dateModified":"2023-02-02T14:55:38+00:00","author":{"@id":"https:\/\/legrandcontinent.eu\/fr\/#\/schema\/person\/52f1217b490d99b0129aacfc21eb1a73"},"breadcrumb":{"@id":"https:\/\/legrandcontinent.eu\/fr\/2023\/02\/02\/15-livres-a-lire-en-fevrier-2\/#breadcrumb"},"inLanguage":"fr-FR","potentialAction":[{"@type":"ReadAction","target":["https:\/\/legrandcontinent.eu\/fr\/2023\/02\/02\/15-livres-a-lire-en-fevrier-2\/"]}]},{"@type":"ImageObject","inLanguage":"fr-FR","@id":"https:\/\/legrandcontinent.eu\/fr\/2023\/02\/02\/15-livres-a-lire-en-fevrier-2\/#primaryimage","url":"https:\/\/legrandcontinent.eu\/fr\/wp-content\/uploads\/sites\/2\/2023\/02\/Capture-decran-2023-02-02-a-3.37.59-PM.png","contentUrl":"https:\/\/legrandcontinent.eu\/fr\/wp-content\/uploads\/sites\/2\/2023\/02\/Capture-decran-2023-02-02-a-3.37.59-PM.png","width":4096,"height":2304},{"@type":"BreadcrumbList","@id":"https:\/\/legrandcontinent.eu\/fr\/2023\/02\/02\/15-livres-a-lire-en-fevrier-2\/#breadcrumb","itemListElement":[{"@type":"ListItem","position":1,"name":"Accueil","item":"https:\/\/legrandcontinent.eu\/fr\/"},{"@type":"ListItem","position":2,"name":"15 livres \u00e0 lire en f\u00e9vrier"}]},{"@type":"WebSite","@id":"https:\/\/legrandcontinent.eu\/fr\/#website","url":"https:\/\/legrandcontinent.eu\/fr\/","name":"Le Grand Continent","description":"L&#039;\u00e9chelle pertinente","potentialAction":[{"@type":"SearchAction","target":{"@type":"EntryPoint","urlTemplate":"https:\/\/legrandcontinent.eu\/fr\/?s={search_term_string}"},"query-input":{"@type":"PropertyValueSpecification","valueRequired":true,"valueName":"search_term_string"}}],"inLanguage":"fr-FR"},{"@type":"Person","@id":"https:\/\/legrandcontinent.eu\/fr\/#\/schema\/person\/52f1217b490d99b0129aacfc21eb1a73","name":"Alexandre Antonio","image":{"@type":"ImageObject","inLanguage":"fr-FR","@id":"https:\/\/legrandcontinent.eu\/fr\/#\/schema\/person\/image\/","url":"https:\/\/secure.gravatar.com\/avatar\/952fdff634ecaaa1a050dd647639f0e9?s=96&d=mm&r=g","contentUrl":"https:\/\/secure.gravatar.com\/avatar\/952fdff634ecaaa1a050dd647639f0e9?s=96&d=mm&r=g","caption":"Alexandre Antonio"}}]}},"lgc_categories":[{"id":1734,"name":"Livres","slug":"doctrines"}],"lgc_author":{"id":2508,"name":"Florian Louis","slug":"florian-louis"},"feature_image_summary":{"url":"https:\/\/legrandcontinent.eu\/fr\/wp-content\/uploads\/sites\/2\/2023\/02\/Capture-decran-2023-02-02-a-3.37.59-PM.png","width":4096,"height":2304,"alt":""},"feature_image_cover":{"url":"https:\/\/legrandcontinent.eu\/fr\/wp-content\/uploads\/sites\/2\/2023\/02\/Capture-decran-2023-02-02-a-3.37.59-PM.png","width":4096,"height":2304,"alt":""},"term_position_data":null,"_links":{"self":[{"href":"https:\/\/legrandcontinent.eu\/fr\/wp-json\/wp\/v2\/posts\/176006","targetHints":{"allow":["GET"]}}],"collection":[{"href":"https:\/\/legrandcontinent.eu\/fr\/wp-json\/wp\/v2\/posts"}],"about":[{"href":"https:\/\/legrandcontinent.eu\/fr\/wp-json\/wp\/v2\/types\/post"}],"author":[{"embeddable":true,"href":"https:\/\/legrandcontinent.eu\/fr\/wp-json\/wp\/v2\/users\/3041"}],"replies":[{"embeddable":true,"href":"https:\/\/legrandcontinent.eu\/fr\/wp-json\/wp\/v2\/comments?post=176006"}],"version-history":[{"count":0,"href":"https:\/\/legrandcontinent.eu\/fr\/wp-json\/wp\/v2\/posts\/176006\/revisions"}],"wp:featuredmedia":[{"embeddable":true,"href":"https:\/\/legrandcontinent.eu\/fr\/wp-json\/wp\/v2\/media\/176258"}],"wp:attachment":[{"href":"https:\/\/legrandcontinent.eu\/fr\/wp-json\/wp\/v2\/media?parent=176006"}],"wp:term":[{"taxonomy":"category","embeddable":true,"href":"https:\/\/legrandcontinent.eu\/fr\/wp-json\/wp\/v2\/categories?post=176006"},{"taxonomy":"post_tag","embeddable":true,"href":"https:\/\/legrandcontinent.eu\/fr\/wp-json\/wp\/v2\/tags?post=176006"},{"taxonomy":"staff","embeddable":true,"href":"https:\/\/legrandcontinent.eu\/fr\/wp-json\/wp\/v2\/staff?post=176006"},{"taxonomy":"editorial_format","embeddable":true,"href":"https:\/\/legrandcontinent.eu\/fr\/wp-json\/wp\/v2\/editorial_format?post=176006"},{"taxonomy":"serie","embeddable":true,"href":"https:\/\/legrandcontinent.eu\/fr\/wp-json\/wp\/v2\/serie?post=176006"},{"taxonomy":"audience","embeddable":true,"href":"https:\/\/legrandcontinent.eu\/fr\/wp-json\/wp\/v2\/audience?post=176006"},{"taxonomy":"geo","embeddable":true,"href":"https:\/\/legrandcontinent.eu\/fr\/wp-json\/wp\/v2\/geo?post=176006"}],"curies":[{"name":"wp","href":"https:\/\/api.w.org\/{rel}","templated":true}]}}