{"id":175639,"date":"2023-01-27T19:37:32","date_gmt":"2023-01-27T18:37:32","guid":{"rendered":"https:\/\/legrandcontinent.eu\/fr\/?p=175639"},"modified":"2023-01-27T19:37:33","modified_gmt":"2023-01-27T18:37:33","slug":"cartographier-la-livraison-de-chars-occidentaux-a-lukraine","status":"publish","type":"post","link":"https:\/\/legrandcontinent.eu\/fr\/2023\/01\/27\/cartographier-la-livraison-de-chars-occidentaux-a-lukraine\/","title":{"rendered":"Cartographier la livraison de chars occidentaux \u00e0 l\u2019Ukraine"},"content":{"rendered":"\n<p>La R\u00e9publique tch\u00e8que et la Pologne ont d\u00e9j\u00e0 livr\u00e9 \u00e0 l\u2019Ukraine des chars de conception sovi\u00e9tique au cours des derniers mois, respectivement 150 et 260. Les Pays-Bas ont quant \u00e0 eux co-financ\u00e9, aux c\u00f4t\u00e9s des \u00c9tats-Unis, 45 chars d\u2019assaut T-72M1 modernis\u00e9s achet\u00e9s aupr\u00e8s de la R\u00e9publique tch\u00e8que, dont les livraisons ont commenc\u00e9 en d\u00e9cembre.<\/p>\n\n\n\n<ul class=\"wp-block-list\">\n<li><a href=\"https:\/\/legrandcontinent.eu\/fr\/2023\/01\/25\/lallemagne-et-les-etats-unis-annoncent-la-livraison-de-chars-dassaut\/\">La livraison de chars de conception occidentale<\/a> (Leopard 2A6S et M1 Abrams) constitue une nouvelle \u00e9tape dans l\u2019assistance militaire apport\u00e9e \u00e0 l\u2019Ukraine. \u00c0 l\u2019approche du printemps, ils pourraient repr\u00e9senter un avantage tactique certain pour les forces ukrainiennes en raison de leur sup\u00e9riorit\u00e9 (distance de tir plus importante, capacit\u00e9 de frapper en mouvement, pr\u00e9cision accrue, moins vuln\u00e9rables aux armes anti-chars\u2026) par rapport \u00e0 leurs \u00e9quivalents sovi\u00e9tiques, pour certains \u00e2g\u00e9s de plus de 50 ans&nbsp;<span class='whitespace-nowrap'><span id='easy-footnote-1-175639' class='easy-footnote-margin-adjust'><\/span><span class='easy-footnote'><a href='https:\/\/legrandcontinent.eu\/fr\/2023\/01\/27\/cartographier-la-livraison-de-chars-occidentaux-a-lukraine\/#easy-footnote-bottom-1-175639' title='Dan Parsons, \u00ab&amp;#160;&lt;a href=&quot;https:\/\/www.thedrive.com\/the-war-zone\/ancient-russian-t-62-tanks-spotted-wearing-cage-armor-in-ukraine&quot;&gt;Ancient Russian T-62 Tanks Spotted Wearing Cage Armor In Ukraine&lt;\/a&gt;&amp;#160;\u00bb, &lt;em&gt;The Warzone&lt;\/em&gt;, 6 juin 2022.'><sup>1<\/sup><\/a><\/span><\/span>.<\/li>\n\n\n\n<li>L\u2019engagement de livraison de la part de Berlin a \u00e9galement \u00e9t\u00e9 accompagn\u00e9 de l\u2019annonce d\u2019approbation de la livraison de chars de fabrication allemande par la Pologne et d\u2019autres pays qui pourraient demander une autorisation.<\/li>\n<\/ul>\n\n\n\n<div class=\"iframe-container wp-block-image wp-block-image-medium  iframe-dw\">\n\t<div>\n\t\t<iframe class=\"absolute w-full h-full pin-t pin-l\" title=\"titolo\" aria-label=\"Interactive line chart\" src=\"\/\/datawrapper.dwcdn.net\/hHAUa\/\" scrolling=\"no\" frameborder=\"0\"><\/iframe>\n\t<\/div>\n<\/div>\n\n\n\n<p>L\u2019Allemagne, la Pologne et le Portugal sont les trois \u00c9tats-membres ayant annonc\u00e9 la livraison de chars d\u2019assaut \u00e0 l\u2019Ukraine cette semaine. En 2022, Varsovie avait d\u00e9j\u00e0 livr\u00e9 260 chars T-72 et PT-91.<\/p>\n\n\n\n<p>La Su\u00e8de, la Finlande, la Slovaquie, les Pays-Bas, la France et l\u2019Espagne consid\u00e8rent tous la livraison de chars d\u2019assaut, sans pour autant avoir fait d\u2019annonces \u00e0 ce sujet (au 27 janvier, \u00e0 19h).&nbsp;<\/p>\n\n\n\n<ul class=\"wp-block-list\">\n<li>Quatre de ces pays (Su\u00e8de, Finlande, Slovaquie et Espagne) disposent de chars d\u2019assaut Leopard 2, particuli\u00e8rement demand\u00e9s par l\u2019Ukraine.<\/li>\n<\/ul>\n\n\n\n<div class=\"iframe-container wp-block-image wp-block-image-medium  iframe-dw\">\n\t<div>\n\t\t<iframe class=\"absolute w-full h-full pin-t pin-l\" title=\"titolo\" aria-label=\"Interactive line chart\" src=\"\/\/datawrapper.dwcdn.net\/931g6\/\" scrolling=\"no\" frameborder=\"0\"><\/iframe>\n\t<\/div>\n<\/div>\n\n\n\n<p>Avec l\u2019Allemagne, les arm\u00e9es de 15 pays europ\u00e9ens (en prenant en compte la Turquie) sont dot\u00e9es de chars Leopard 2. Leur condition ainsi que le nombre d\u2019unit\u00e9s disponibles varie toutefois. La Gr\u00e8ce dispose de 353 mod\u00e8les \u2014 soit le nombre le plus important \u2014, tandis que le Portugal n\u2019en poss\u00e8de que 37. Parmi ces derniers, seulement 12 sont op\u00e9rationnels.<\/p>\n","protected":false},"excerpt":{"rendered":"<p>Les annonces de dons de Leopard 2 et de M1 Abrams par l\u2019Allemagne et les \u00c9tats-Unis ont contribu\u00e9 \u00e0 lever un tabou. Afin d\u2019y voir plus clair parmi les nombreuses annonces ayant suivi les d\u00e9cisions allemande et am\u00e9ricaine, nous proposons deux cartes synth\u00e9tiques.<\/p>\n","protected":false},"author":2622,"featured_media":175638,"comment_status":"closed","ping_status":"closed","sticky":false,"template":"templates\/post-briefings.php","format":"standard","meta":{"_acf_changed":false,"_trash_the_other_posts":false,"_yoast_wpseo_estimated-reading-time-minutes":2,"footnotes":""},"categories":[1732],"tags":[],"staff":[],"editorial_format":[],"serie":[],"audience":[],"geo":[1917],"class_list":["post-175639","post","type-post","status-publish","format-standard","hentry","category-guerre","geo-europe"],"acf":{"open_in_webview":false,"accent":false},"yoast_head":"<!-- This site is optimized with the Yoast SEO plugin v26.1.1 - https:\/\/yoast.com\/wordpress\/plugins\/seo\/ -->\n<title>Cartographier la livraison de chars occidentaux \u00e0 l\u2019Ukraine | Le Grand Continent<\/title>\n<meta name=\"robots\" content=\"index, follow, max-snippet:-1, max-image-preview:large, max-video-preview:-1\" \/>\n<link rel=\"canonical\" href=\"https:\/\/legrandcontinent.eu\/fr\/2023\/01\/27\/cartographier-la-livraison-de-chars-occidentaux-a-lukraine\/\" \/>\n<meta property=\"og:locale\" content=\"fr_FR\" \/>\n<meta property=\"og:type\" content=\"article\" \/>\n<meta property=\"og:title\" content=\"Cartographier la livraison de chars occidentaux \u00e0 l\u2019Ukraine | Le Grand Continent\" \/>\n<meta property=\"og:description\" content=\"Les annonces de dons de Leopard 2 et de M1 Abrams par l\u2019Allemagne et les \u00c9tats-Unis ont contribu\u00e9 \u00e0 lever un tabou. Afin d\u2019y voir plus clair parmi les nombreuses annonces ayant suivi les d\u00e9cisions allemande et am\u00e9ricaine, nous proposons deux cartes synth\u00e9tiques.\" \/>\n<meta property=\"og:url\" content=\"https:\/\/legrandcontinent.eu\/fr\/2023\/01\/27\/cartographier-la-livraison-de-chars-occidentaux-a-lukraine\/\" \/>\n<meta property=\"og:site_name\" content=\"Le Grand Continent\" \/>\n<meta property=\"article:published_time\" content=\"2023-01-27T18:37:32+00:00\" \/>\n<meta property=\"article:modified_time\" content=\"2023-01-27T18:37:33+00:00\" \/>\n<meta property=\"og:image\" content=\"https:\/\/legrandcontinent.eu\/fr\/wp-content\/uploads\/sites\/2\/2023\/01\/share-chars-update-ukraine.jpg\" \/>\n\t<meta property=\"og:image:width\" content=\"1914\" \/>\n\t<meta property=\"og:image:height\" content=\"1070\" \/>\n\t<meta property=\"og:image:type\" content=\"image\/jpeg\" \/>\n<meta name=\"author\" content=\"Marin Saillofest\" \/>\n<meta name=\"twitter:card\" content=\"summary_large_image\" \/>\n<meta name=\"twitter:image\" content=\"https:\/\/legrandcontinent.eu\/fr\/wp-content\/uploads\/sites\/2\/2023\/01\/share-chars-update-ukraine.jpg\" \/>\n<meta name=\"twitter:label1\" content=\"\u00c9crit par\" \/>\n\t<meta name=\"twitter:data1\" content=\"Marin Saillofest\" \/>\n\t<meta name=\"twitter:label2\" content=\"Dur\u00e9e de lecture estim\u00e9e\" \/>\n\t<meta name=\"twitter:data2\" content=\"2 minutes\" \/>\n<script type=\"application\/ld+json\" class=\"yoast-schema-graph\">{\"@context\":\"https:\/\/schema.org\",\"@graph\":[{\"@type\":\"WebPage\",\"@id\":\"https:\/\/legrandcontinent.eu\/fr\/2023\/01\/27\/cartographier-la-livraison-de-chars-occidentaux-a-lukraine\/\",\"url\":\"https:\/\/legrandcontinent.eu\/fr\/2023\/01\/27\/cartographier-la-livraison-de-chars-occidentaux-a-lukraine\/\",\"name\":\"Cartographier la livraison de chars occidentaux \u00e0 l\u2019Ukraine | Le Grand Continent\",\"isPartOf\":{\"@id\":\"https:\/\/legrandcontinent.eu\/fr\/#website\"},\"primaryImageOfPage\":{\"@id\":\"https:\/\/legrandcontinent.eu\/fr\/2023\/01\/27\/cartographier-la-livraison-de-chars-occidentaux-a-lukraine\/#primaryimage\"},\"image\":{\"@id\":\"https:\/\/legrandcontinent.eu\/fr\/2023\/01\/27\/cartographier-la-livraison-de-chars-occidentaux-a-lukraine\/#primaryimage\"},\"thumbnailUrl\":\"https:\/\/legrandcontinent.eu\/fr\/wp-content\/uploads\/sites\/2\/2023\/01\/scO05-positionnement-des-pays-europ-ens-vis-vis-de-l-envoi-de-chars-en-ukraine-copy-.png\",\"datePublished\":\"2023-01-27T18:37:32+00:00\",\"dateModified\":\"2023-01-27T18:37:33+00:00\",\"author\":{\"@id\":\"https:\/\/legrandcontinent.eu\/fr\/#\/schema\/person\/e4f85f52220fc7b4cc3cfdb86d88e833\"},\"breadcrumb\":{\"@id\":\"https:\/\/legrandcontinent.eu\/fr\/2023\/01\/27\/cartographier-la-livraison-de-chars-occidentaux-a-lukraine\/#breadcrumb\"},\"inLanguage\":\"fr-FR\",\"potentialAction\":[{\"@type\":\"ReadAction\",\"target\":[\"https:\/\/legrandcontinent.eu\/fr\/2023\/01\/27\/cartographier-la-livraison-de-chars-occidentaux-a-lukraine\/\"]}]},{\"@type\":\"ImageObject\",\"inLanguage\":\"fr-FR\",\"@id\":\"https:\/\/legrandcontinent.eu\/fr\/2023\/01\/27\/cartographier-la-livraison-de-chars-occidentaux-a-lukraine\/#primaryimage\",\"url\":\"https:\/\/legrandcontinent.eu\/fr\/wp-content\/uploads\/sites\/2\/2023\/01\/scO05-positionnement-des-pays-europ-ens-vis-vis-de-l-envoi-de-chars-en-ukraine-copy-.png\",\"contentUrl\":\"https:\/\/legrandcontinent.eu\/fr\/wp-content\/uploads\/sites\/2\/2023\/01\/scO05-positionnement-des-pays-europ-ens-vis-vis-de-l-envoi-de-chars-en-ukraine-copy-.png\",\"width\":1344,\"height\":1152},{\"@type\":\"BreadcrumbList\",\"@id\":\"https:\/\/legrandcontinent.eu\/fr\/2023\/01\/27\/cartographier-la-livraison-de-chars-occidentaux-a-lukraine\/#breadcrumb\",\"itemListElement\":[{\"@type\":\"ListItem\",\"position\":1,\"name\":\"Accueil\",\"item\":\"https:\/\/legrandcontinent.eu\/fr\/\"},{\"@type\":\"ListItem\",\"position\":2,\"name\":\"Cartographier la livraison de chars occidentaux \u00e0 l\u2019Ukraine\"}]},{\"@type\":\"WebSite\",\"@id\":\"https:\/\/legrandcontinent.eu\/fr\/#website\",\"url\":\"https:\/\/legrandcontinent.eu\/fr\/\",\"name\":\"Le Grand Continent\",\"description\":\"L&#039;\u00e9chelle pertinente\",\"potentialAction\":[{\"@type\":\"SearchAction\",\"target\":{\"@type\":\"EntryPoint\",\"urlTemplate\":\"https:\/\/legrandcontinent.eu\/fr\/?s={search_term_string}\"},\"query-input\":{\"@type\":\"PropertyValueSpecification\",\"valueRequired\":true,\"valueName\":\"search_term_string\"}}],\"inLanguage\":\"fr-FR\"},{\"@type\":\"Person\",\"@id\":\"https:\/\/legrandcontinent.eu\/fr\/#\/schema\/person\/e4f85f52220fc7b4cc3cfdb86d88e833\",\"name\":\"Marin Saillofest\",\"image\":{\"@type\":\"ImageObject\",\"inLanguage\":\"fr-FR\",\"@id\":\"https:\/\/legrandcontinent.eu\/fr\/#\/schema\/person\/image\/\",\"url\":\"https:\/\/secure.gravatar.com\/avatar\/87088698b4d967390c49ae6d4f1aa459?s=96&d=mm&r=g\",\"contentUrl\":\"https:\/\/secure.gravatar.com\/avatar\/87088698b4d967390c49ae6d4f1aa459?s=96&d=mm&r=g\",\"caption\":\"Marin Saillofest\"}}]}<\/script>\n<!-- \/ Yoast SEO plugin. -->","yoast_head_json":{"title":"Cartographier la livraison de chars occidentaux \u00e0 l\u2019Ukraine | Le Grand Continent","robots":{"index":"index","follow":"follow","max-snippet":"max-snippet:-1","max-image-preview":"max-image-preview:large","max-video-preview":"max-video-preview:-1"},"canonical":"https:\/\/legrandcontinent.eu\/fr\/2023\/01\/27\/cartographier-la-livraison-de-chars-occidentaux-a-lukraine\/","og_locale":"fr_FR","og_type":"article","og_title":"Cartographier la livraison de chars occidentaux \u00e0 l\u2019Ukraine | Le Grand Continent","og_description":"Les annonces de dons de Leopard 2 et de M1 Abrams par l\u2019Allemagne et les \u00c9tats-Unis ont contribu\u00e9 \u00e0 lever un tabou. Afin d\u2019y voir plus clair parmi les nombreuses annonces ayant suivi les d\u00e9cisions allemande et am\u00e9ricaine, nous proposons deux cartes synth\u00e9tiques.","og_url":"https:\/\/legrandcontinent.eu\/fr\/2023\/01\/27\/cartographier-la-livraison-de-chars-occidentaux-a-lukraine\/","og_site_name":"Le Grand Continent","article_published_time":"2023-01-27T18:37:32+00:00","article_modified_time":"2023-01-27T18:37:33+00:00","og_image":[{"width":1914,"height":1070,"url":"https:\/\/legrandcontinent.eu\/fr\/wp-content\/uploads\/sites\/2\/2023\/01\/share-chars-update-ukraine.jpg","type":"image\/jpeg"}],"author":"Marin Saillofest","twitter_card":"summary_large_image","twitter_image":"https:\/\/legrandcontinent.eu\/fr\/wp-content\/uploads\/sites\/2\/2023\/01\/share-chars-update-ukraine.jpg","twitter_misc":{"\u00c9crit par":"Marin Saillofest","Dur\u00e9e de lecture estim\u00e9e":"2 minutes"},"schema":{"@context":"https:\/\/schema.org","@graph":[{"@type":"WebPage","@id":"https:\/\/legrandcontinent.eu\/fr\/2023\/01\/27\/cartographier-la-livraison-de-chars-occidentaux-a-lukraine\/","url":"https:\/\/legrandcontinent.eu\/fr\/2023\/01\/27\/cartographier-la-livraison-de-chars-occidentaux-a-lukraine\/","name":"Cartographier la livraison de chars occidentaux \u00e0 l\u2019Ukraine | Le Grand Continent","isPartOf":{"@id":"https:\/\/legrandcontinent.eu\/fr\/#website"},"primaryImageOfPage":{"@id":"https:\/\/legrandcontinent.eu\/fr\/2023\/01\/27\/cartographier-la-livraison-de-chars-occidentaux-a-lukraine\/#primaryimage"},"image":{"@id":"https:\/\/legrandcontinent.eu\/fr\/2023\/01\/27\/cartographier-la-livraison-de-chars-occidentaux-a-lukraine\/#primaryimage"},"thumbnailUrl":"https:\/\/legrandcontinent.eu\/fr\/wp-content\/uploads\/sites\/2\/2023\/01\/scO05-positionnement-des-pays-europ-ens-vis-vis-de-l-envoi-de-chars-en-ukraine-copy-.png","datePublished":"2023-01-27T18:37:32+00:00","dateModified":"2023-01-27T18:37:33+00:00","author":{"@id":"https:\/\/legrandcontinent.eu\/fr\/#\/schema\/person\/e4f85f52220fc7b4cc3cfdb86d88e833"},"breadcrumb":{"@id":"https:\/\/legrandcontinent.eu\/fr\/2023\/01\/27\/cartographier-la-livraison-de-chars-occidentaux-a-lukraine\/#breadcrumb"},"inLanguage":"fr-FR","potentialAction":[{"@type":"ReadAction","target":["https:\/\/legrandcontinent.eu\/fr\/2023\/01\/27\/cartographier-la-livraison-de-chars-occidentaux-a-lukraine\/"]}]},{"@type":"ImageObject","inLanguage":"fr-FR","@id":"https:\/\/legrandcontinent.eu\/fr\/2023\/01\/27\/cartographier-la-livraison-de-chars-occidentaux-a-lukraine\/#primaryimage","url":"https:\/\/legrandcontinent.eu\/fr\/wp-content\/uploads\/sites\/2\/2023\/01\/scO05-positionnement-des-pays-europ-ens-vis-vis-de-l-envoi-de-chars-en-ukraine-copy-.png","contentUrl":"https:\/\/legrandcontinent.eu\/fr\/wp-content\/uploads\/sites\/2\/2023\/01\/scO05-positionnement-des-pays-europ-ens-vis-vis-de-l-envoi-de-chars-en-ukraine-copy-.png","width":1344,"height":1152},{"@type":"BreadcrumbList","@id":"https:\/\/legrandcontinent.eu\/fr\/2023\/01\/27\/cartographier-la-livraison-de-chars-occidentaux-a-lukraine\/#breadcrumb","itemListElement":[{"@type":"ListItem","position":1,"name":"Accueil","item":"https:\/\/legrandcontinent.eu\/fr\/"},{"@type":"ListItem","position":2,"name":"Cartographier la livraison de chars occidentaux \u00e0 l\u2019Ukraine"}]},{"@type":"WebSite","@id":"https:\/\/legrandcontinent.eu\/fr\/#website","url":"https:\/\/legrandcontinent.eu\/fr\/","name":"Le Grand Continent","description":"L&#039;\u00e9chelle pertinente","potentialAction":[{"@type":"SearchAction","target":{"@type":"EntryPoint","urlTemplate":"https:\/\/legrandcontinent.eu\/fr\/?s={search_term_string}"},"query-input":{"@type":"PropertyValueSpecification","valueRequired":true,"valueName":"search_term_string"}}],"inLanguage":"fr-FR"},{"@type":"Person","@id":"https:\/\/legrandcontinent.eu\/fr\/#\/schema\/person\/e4f85f52220fc7b4cc3cfdb86d88e833","name":"Marin Saillofest","image":{"@type":"ImageObject","inLanguage":"fr-FR","@id":"https:\/\/legrandcontinent.eu\/fr\/#\/schema\/person\/image\/","url":"https:\/\/secure.gravatar.com\/avatar\/87088698b4d967390c49ae6d4f1aa459?s=96&d=mm&r=g","contentUrl":"https:\/\/secure.gravatar.com\/avatar\/87088698b4d967390c49ae6d4f1aa459?s=96&d=mm&r=g","caption":"Marin Saillofest"}}]}},"lgc_categories":[{"id":1732,"name":"Guerre","slug":"guerre"}],"lgc_author":null,"feature_image_summary":{"url":"https:\/\/legrandcontinent.eu\/fr\/wp-content\/uploads\/sites\/2\/2023\/01\/scO05-positionnement-des-pays-europ-ens-vis-vis-de-l-envoi-de-chars-en-ukraine-copy-.png","width":1344,"height":1152,"alt":""},"feature_image_cover":null,"term_position_data":null,"_links":{"self":[{"href":"https:\/\/legrandcontinent.eu\/fr\/wp-json\/wp\/v2\/posts\/175639","targetHints":{"allow":["GET"]}}],"collection":[{"href":"https:\/\/legrandcontinent.eu\/fr\/wp-json\/wp\/v2\/posts"}],"about":[{"href":"https:\/\/legrandcontinent.eu\/fr\/wp-json\/wp\/v2\/types\/post"}],"author":[{"embeddable":true,"href":"https:\/\/legrandcontinent.eu\/fr\/wp-json\/wp\/v2\/users\/2622"}],"replies":[{"embeddable":true,"href":"https:\/\/legrandcontinent.eu\/fr\/wp-json\/wp\/v2\/comments?post=175639"}],"version-history":[{"count":0,"href":"https:\/\/legrandcontinent.eu\/fr\/wp-json\/wp\/v2\/posts\/175639\/revisions"}],"wp:featuredmedia":[{"embeddable":true,"href":"https:\/\/legrandcontinent.eu\/fr\/wp-json\/wp\/v2\/media\/175638"}],"wp:attachment":[{"href":"https:\/\/legrandcontinent.eu\/fr\/wp-json\/wp\/v2\/media?parent=175639"}],"wp:term":[{"taxonomy":"category","embeddable":true,"href":"https:\/\/legrandcontinent.eu\/fr\/wp-json\/wp\/v2\/categories?post=175639"},{"taxonomy":"post_tag","embeddable":true,"href":"https:\/\/legrandcontinent.eu\/fr\/wp-json\/wp\/v2\/tags?post=175639"},{"taxonomy":"staff","embeddable":true,"href":"https:\/\/legrandcontinent.eu\/fr\/wp-json\/wp\/v2\/staff?post=175639"},{"taxonomy":"editorial_format","embeddable":true,"href":"https:\/\/legrandcontinent.eu\/fr\/wp-json\/wp\/v2\/editorial_format?post=175639"},{"taxonomy":"serie","embeddable":true,"href":"https:\/\/legrandcontinent.eu\/fr\/wp-json\/wp\/v2\/serie?post=175639"},{"taxonomy":"audience","embeddable":true,"href":"https:\/\/legrandcontinent.eu\/fr\/wp-json\/wp\/v2\/audience?post=175639"},{"taxonomy":"geo","embeddable":true,"href":"https:\/\/legrandcontinent.eu\/fr\/wp-json\/wp\/v2\/geo?post=175639"}],"curies":[{"name":"wp","href":"https:\/\/api.w.org\/{rel}","templated":true}]}}