{"id":174338,"date":"2023-01-17T14:39:33","date_gmt":"2023-01-17T13:39:33","guid":{"rendered":"https:\/\/legrandcontinent.eu\/fr\/?p=174338"},"modified":"2023-01-17T14:39:34","modified_gmt":"2023-01-17T13:39:34","slug":"les-relations-economiques-franco-espagnoles","status":"publish","type":"post","link":"https:\/\/legrandcontinent.eu\/fr\/2023\/01\/17\/les-relations-economiques-franco-espagnoles\/","title":{"rendered":"Les relations \u00e9conomiques franco-espagnoles\u00a0"},"content":{"rendered":"\n<p>L\u2019Espagne (1 206 milliards d\u2019euros de PIB en 2021) est la quatri\u00e8me \u00e9conomie de l\u2019Union, derri\u00e8re l\u2019Allemagne (3 601 milliards), la France (2 500) et l\u2019Italie (1 782). En termes de richesse par habitant, le pays se situe \u00e0 la 14\u00e8me position avec 25\u202f500 \u20ac de PIB per capita en 2021, soit 28&#160;% inf\u00e9rieur \u00e0 la moyenne europ\u00e9enne (32\u202f430 \u20ac).<\/p>\n\n\n\n<div class=\"iframe-container wp-block-image wp-block-image-medium  iframe-dw\">\n\t<div>\n\t\t<iframe class=\"absolute w-full h-full pin-t pin-l\" title=\"titolo\" aria-label=\"Interactive line chart\" src=\"\/\/datawrapper.dwcdn.net\/lKl9k\/\" scrolling=\"no\" frameborder=\"0\"><\/iframe>\n\t<\/div>\n<\/div>\n\n\n\n<p>En d\u00e9cembre 2021, quelques semaines apr\u00e8s la signature du <a href=\"https:\/\/legrandcontinent.eu\/fr\/2021\/11\/24\/dans-les-coulisses-du-traite-du-quirinal-entre-la-france-et-litalie\/\">trait\u00e9 du Quirinal<\/a> entre la France et l\u2019Italie \u2014 lui-m\u00eame inspir\u00e9 du trait\u00e9 franco-allemand de l\u2019\u00c9lys\u00e9e de 1963 \u2014, le Premier ministre fran\u00e7ais Jean Castex annon\u00e7ait la signature d\u2019un trait\u00e9 similaire avec l\u2019Espagne.<\/p>\n\n\n\n<ul class=\"wp-block-list\">\n<li>Le principal sujet abord\u00e9 alors \u00e9tait \u00ab&#160;la gestion des flux migratoires \u00e0 la fois aux fronti\u00e8res ext\u00e9rieures de l&rsquo;Espagne, mais \u00e9galement aux fronti\u00e8res qui r\u00e9unissent nos deux pays&#160;\u00bb&nbsp;<span class='whitespace-nowrap'><span id='easy-footnote-1-174338' class='easy-footnote-margin-adjust'><\/span><span class='easy-footnote'><a href='https:\/\/legrandcontinent.eu\/fr\/2023\/01\/17\/les-relations-economiques-franco-espagnoles\/#easy-footnote-bottom-1-174338' title='&lt;a href=&quot;https:\/\/www.vie-publique.fr\/discours\/282920-jean-castex-10122021-plans-de-relance-cooperation-france-espagne&quot;&gt;D\u00e9claration de M. Jean Castex, Premier ministre, sur la crise sanitaire, les plans de relance de l&amp;rsquo;\u00e9conomie fran\u00e7aise et europ\u00e9enne et la coop\u00e9ration bilat\u00e9rale entre la France et l&amp;rsquo;Espagne&lt;\/a&gt;, 10 d\u00e9cembre 2021.'><sup>1<\/sup><\/a><\/span><\/span>.<\/li>\n\n\n\n<li>Depuis, <a href=\"https:\/\/legrandcontinent.eu\/fr\/2022\/11\/03\/observatoire-de-la-guerre-ecologique-energie-electricite-geopolitique-y-x\/\">l\u2019\u00e9nergie<\/a> s\u2019est pr\u00e9sent\u00e9e comme le principal domaine de coop\u00e9ration entre les deux pays.<\/li>\n\n\n\n<li>En d\u00e9cembre, Emmanuel Macron s\u2019\u00e9tait rendu \u00e0 Alicante pour pr\u00e9ciser, aux c\u00f4t\u00e9s d\u2019Ursula von der Leyen, de Pedro S\u00e1nchez et d\u2019Ant\u00f3nio Costa, les contours du \u00ab&#160;<a href=\"https:\/\/legrandcontinent.eu\/fr\/2022\/12\/09\/lespagne-et-le-portugal-veulent-devenir-la-reference-europeenne-en-matiere-dhydrogene-vert\/\">corridor H2Med<\/a>&#160;\u00bb, un gazoduc destin\u00e9 \u00e0 transporter de l\u2019hydrog\u00e8ne vert de la p\u00e9ninsule ib\u00e9rique \u00e0 l\u2019Europe centrale d\u2019ici 2030&nbsp;<span class='whitespace-nowrap'><span id='easy-footnote-2-174338' class='easy-footnote-margin-adjust'><\/span><span class='easy-footnote'><a href='https:\/\/legrandcontinent.eu\/fr\/2023\/01\/17\/les-relations-economiques-franco-espagnoles\/#easy-footnote-bottom-2-174338' title='&lt;a href=&quot;https:\/\/www.elysee.fr\/emmanuel-macron\/2022\/12\/09\/declaration-conjointe-a-loccasion-du-lancement-du-projet-h2med&quot;&gt;D\u00e9claration conjointe \u00e0 l&amp;rsquo;occasion du lancement du projet H2Med&lt;\/a&gt;, \u00c9lys\u00e9e, 9 d\u00e9cembre 2022.'><sup>2<\/sup><\/a><\/span><\/span>.<\/li>\n<\/ul>\n\n\n\n<div class=\"iframe-container wp-block-image wp-block-image-medium \">\n\t<div>\n\t\t<iframe class=\"absolute w-full h-full pin-t pin-l\" title=\"titolo\" aria-label=\"Interactive line chart\" src=\"\/\/flo.uri.sh\/visualisation\/12464514\/embed\" scrolling=\"no\" frameborder=\"0\"><\/iframe>\n\t<\/div>\n<\/div>\n\n\n\n<p>Le mat\u00e9riel \u00e9lectrique, l\u2019\u00e9lectricit\u00e9 ainsi que les hydrocarbures repr\u00e9sentaient pr\u00e8s de 10&#160;% des exportations fran\u00e7aises vers l\u2019Espagne sur la p\u00e9riode d\u00e9cembre 2021 &#8211; novembre 2022. La France a import\u00e9 quant \u00e0 elle pour l\u2019\u00e9quivalent de 3,89 milliards d\u2019euros d\u2019\u00e9lectricit\u00e9 en provenance d\u2019Espagne au cours de cette p\u00e9riode, soit 7,6&#160;% du total des exportations espagnoles vers la France.<\/p>\n\n\n\n<div class=\"iframe-container wp-block-image wp-block-image-medium \">\n\t<div>\n\t\t<iframe class=\"absolute w-full h-full pin-t pin-l\" title=\"titolo\" aria-label=\"Interactive line chart\" src=\"\/\/flo.uri.sh\/visualisation\/12464758\/embed\" scrolling=\"no\" frameborder=\"0\"><\/iframe>\n\t<\/div>\n<\/div>\n\n\n\n<p>Si la France est le premier partenaire commercial de l\u2019Espagne avec plus de 47 milliards d\u2019euros de volume d\u2019\u00e9change en 2020 (loin devant l\u2019Allemagne avec 33,9 milliards), Madrid n\u2019est que le quatri\u00e8me partenaire commercial de Paris, derri\u00e8re l\u2019Allemagne, la Chine et l\u2019Italie.<\/p>\n\n\n\n<div class=\"iframe-container wp-block-image wp-block-image-medium \">\n\t<div>\n\t\t<iframe class=\"absolute w-full h-full pin-t pin-l\" title=\"titolo\" aria-label=\"Interactive line chart\" src=\"\/\/flo.uri.sh\/visualisation\/12464319\/embed\" scrolling=\"no\" frameborder=\"0\"><\/iframe>\n\t<\/div>\n<\/div>\n\n\n\n<p>Depuis la fin des ann\u00e9es 2010, la balance commerciale s\u2019est creus\u00e9e en faveur de l\u2019Espagne. Si la France importait autant qu\u2019elle exportait vers l\u2019Espagne entre 2014 et 2019, le solde commercial s\u2019\u00e9tablissait \u00e0 -6,4 milliards d\u2019euros pour Paris au cours des 11 premiers mois de l\u2019ann\u00e9e 2022.<\/p>\n","protected":false},"excerpt":{"rendered":"<p>Jeudi 19 janvier, la France et l\u2019Espagne signeront un trait\u00e9 d\u2019amiti\u00e9 \u00e0 Barcelone. En amont de cette s\u00e9quence qui entend s\u2019appuyer sur le mod\u00e8le du trait\u00e9 du Quirinal, nous proposons un point sur l\u2019\u00e9conomie espagnole et la relation bilat\u00e9rale.<\/p>\n","protected":false},"author":2622,"featured_media":174337,"comment_status":"closed","ping_status":"closed","sticky":false,"template":"templates\/post-briefings.php","format":"standard","meta":{"_acf_changed":false,"_trash_the_other_posts":false,"_yoast_wpseo_estimated-reading-time-minutes":2,"footnotes":""},"categories":[1727],"tags":[],"staff":[],"editorial_format":[],"serie":[],"audience":[],"geo":[1917],"class_list":["post-174338","post","type-post","status-publish","format-standard","hentry","category-economie","geo-europe"],"acf":{"open_in_webview":false,"accent":false},"yoast_head":"<!-- This site is optimized with the Yoast SEO plugin v26.1.1 - https:\/\/yoast.com\/wordpress\/plugins\/seo\/ -->\n<title>Les relations \u00e9conomiques franco-espagnoles\u00a0 | Le Grand Continent<\/title>\n<meta name=\"robots\" content=\"index, follow, max-snippet:-1, max-image-preview:large, max-video-preview:-1\" \/>\n<link rel=\"canonical\" href=\"https:\/\/legrandcontinent.eu\/fr\/2023\/01\/17\/les-relations-economiques-franco-espagnoles\/\" \/>\n<meta property=\"og:locale\" content=\"fr_FR\" \/>\n<meta property=\"og:type\" content=\"article\" \/>\n<meta property=\"og:title\" content=\"Les relations \u00e9conomiques franco-espagnoles\u00a0 | Le Grand Continent\" \/>\n<meta property=\"og:description\" content=\"Jeudi 19 janvier, la France et l\u2019Espagne signeront un trait\u00e9 d\u2019amiti\u00e9 \u00e0 Barcelone. En amont de cette s\u00e9quence qui entend s\u2019appuyer sur le mod\u00e8le du trait\u00e9 du Quirinal, nous proposons un point sur l\u2019\u00e9conomie espagnole et la relation bilat\u00e9rale.\" \/>\n<meta property=\"og:url\" content=\"https:\/\/legrandcontinent.eu\/fr\/2023\/01\/17\/les-relations-economiques-franco-espagnoles\/\" \/>\n<meta property=\"og:site_name\" content=\"Le Grand Continent\" \/>\n<meta property=\"article:published_time\" content=\"2023-01-17T13:39:33+00:00\" \/>\n<meta property=\"article:modified_time\" content=\"2023-01-17T13:39:34+00:00\" \/>\n<meta property=\"og:image\" content=\"https:\/\/legrandcontinent.eu\/fr\/wp-content\/uploads\/sites\/2\/2023\/01\/gc-sanchez-macron-e1673953802343.jpg\" \/>\n\t<meta property=\"og:image:width\" content=\"1453\" \/>\n\t<meta property=\"og:image:height\" content=\"807\" \/>\n\t<meta property=\"og:image:type\" content=\"image\/jpeg\" \/>\n<meta name=\"author\" content=\"Marin Saillofest\" \/>\n<meta name=\"twitter:card\" content=\"summary_large_image\" \/>\n<meta name=\"twitter:image\" content=\"https:\/\/legrandcontinent.eu\/fr\/wp-content\/uploads\/sites\/2\/2023\/01\/gc-sanchez-macron-e1673953802343.jpg\" \/>\n<meta name=\"twitter:label1\" content=\"\u00c9crit par\" \/>\n\t<meta name=\"twitter:data1\" content=\"Marin Saillofest\" \/>\n\t<meta name=\"twitter:label2\" content=\"Dur\u00e9e de lecture estim\u00e9e\" \/>\n\t<meta name=\"twitter:data2\" content=\"2 minutes\" \/>\n<script type=\"application\/ld+json\" class=\"yoast-schema-graph\">{\"@context\":\"https:\/\/schema.org\",\"@graph\":[{\"@type\":\"WebPage\",\"@id\":\"https:\/\/legrandcontinent.eu\/fr\/2023\/01\/17\/les-relations-economiques-franco-espagnoles\/\",\"url\":\"https:\/\/legrandcontinent.eu\/fr\/2023\/01\/17\/les-relations-economiques-franco-espagnoles\/\",\"name\":\"Les relations \u00e9conomiques franco-espagnoles\u00a0 | Le Grand Continent\",\"isPartOf\":{\"@id\":\"https:\/\/legrandcontinent.eu\/fr\/#website\"},\"primaryImageOfPage\":{\"@id\":\"https:\/\/legrandcontinent.eu\/fr\/2023\/01\/17\/les-relations-economiques-franco-espagnoles\/#primaryimage\"},\"image\":{\"@id\":\"https:\/\/legrandcontinent.eu\/fr\/2023\/01\/17\/les-relations-economiques-franco-espagnoles\/#primaryimage\"},\"thumbnailUrl\":\"https:\/\/legrandcontinent.eu\/fr\/wp-content\/uploads\/sites\/2\/2023\/01\/Capture-de\u0301cran-2023-01-17-a\u0300-12.10.21.jpg\",\"datePublished\":\"2023-01-17T13:39:33+00:00\",\"dateModified\":\"2023-01-17T13:39:34+00:00\",\"author\":{\"@id\":\"https:\/\/legrandcontinent.eu\/fr\/#\/schema\/person\/e4f85f52220fc7b4cc3cfdb86d88e833\"},\"breadcrumb\":{\"@id\":\"https:\/\/legrandcontinent.eu\/fr\/2023\/01\/17\/les-relations-economiques-franco-espagnoles\/#breadcrumb\"},\"inLanguage\":\"fr-FR\",\"potentialAction\":[{\"@type\":\"ReadAction\",\"target\":[\"https:\/\/legrandcontinent.eu\/fr\/2023\/01\/17\/les-relations-economiques-franco-espagnoles\/\"]}]},{\"@type\":\"ImageObject\",\"inLanguage\":\"fr-FR\",\"@id\":\"https:\/\/legrandcontinent.eu\/fr\/2023\/01\/17\/les-relations-economiques-franco-espagnoles\/#primaryimage\",\"url\":\"https:\/\/legrandcontinent.eu\/fr\/wp-content\/uploads\/sites\/2\/2023\/01\/Capture-de\u0301cran-2023-01-17-a\u0300-12.10.21.jpg\",\"contentUrl\":\"https:\/\/legrandcontinent.eu\/fr\/wp-content\/uploads\/sites\/2\/2023\/01\/Capture-de\u0301cran-2023-01-17-a\u0300-12.10.21.jpg\",\"width\":1526,\"height\":940},{\"@type\":\"BreadcrumbList\",\"@id\":\"https:\/\/legrandcontinent.eu\/fr\/2023\/01\/17\/les-relations-economiques-franco-espagnoles\/#breadcrumb\",\"itemListElement\":[{\"@type\":\"ListItem\",\"position\":1,\"name\":\"Accueil\",\"item\":\"https:\/\/legrandcontinent.eu\/fr\/\"},{\"@type\":\"ListItem\",\"position\":2,\"name\":\"Les relations \u00e9conomiques franco-espagnoles\u00a0\"}]},{\"@type\":\"WebSite\",\"@id\":\"https:\/\/legrandcontinent.eu\/fr\/#website\",\"url\":\"https:\/\/legrandcontinent.eu\/fr\/\",\"name\":\"Le Grand Continent\",\"description\":\"L&#039;\u00e9chelle pertinente\",\"potentialAction\":[{\"@type\":\"SearchAction\",\"target\":{\"@type\":\"EntryPoint\",\"urlTemplate\":\"https:\/\/legrandcontinent.eu\/fr\/?s={search_term_string}\"},\"query-input\":{\"@type\":\"PropertyValueSpecification\",\"valueRequired\":true,\"valueName\":\"search_term_string\"}}],\"inLanguage\":\"fr-FR\"},{\"@type\":\"Person\",\"@id\":\"https:\/\/legrandcontinent.eu\/fr\/#\/schema\/person\/e4f85f52220fc7b4cc3cfdb86d88e833\",\"name\":\"Marin Saillofest\",\"image\":{\"@type\":\"ImageObject\",\"inLanguage\":\"fr-FR\",\"@id\":\"https:\/\/legrandcontinent.eu\/fr\/#\/schema\/person\/image\/\",\"url\":\"https:\/\/secure.gravatar.com\/avatar\/87088698b4d967390c49ae6d4f1aa459?s=96&d=mm&r=g\",\"contentUrl\":\"https:\/\/secure.gravatar.com\/avatar\/87088698b4d967390c49ae6d4f1aa459?s=96&d=mm&r=g\",\"caption\":\"Marin Saillofest\"}}]}<\/script>\n<!-- \/ Yoast SEO plugin. -->","yoast_head_json":{"title":"Les relations \u00e9conomiques franco-espagnoles\u00a0 | Le Grand Continent","robots":{"index":"index","follow":"follow","max-snippet":"max-snippet:-1","max-image-preview":"max-image-preview:large","max-video-preview":"max-video-preview:-1"},"canonical":"https:\/\/legrandcontinent.eu\/fr\/2023\/01\/17\/les-relations-economiques-franco-espagnoles\/","og_locale":"fr_FR","og_type":"article","og_title":"Les relations \u00e9conomiques franco-espagnoles\u00a0 | Le Grand Continent","og_description":"Jeudi 19 janvier, la France et l\u2019Espagne signeront un trait\u00e9 d\u2019amiti\u00e9 \u00e0 Barcelone. En amont de cette s\u00e9quence qui entend s\u2019appuyer sur le mod\u00e8le du trait\u00e9 du Quirinal, nous proposons un point sur l\u2019\u00e9conomie espagnole et la relation bilat\u00e9rale.","og_url":"https:\/\/legrandcontinent.eu\/fr\/2023\/01\/17\/les-relations-economiques-franco-espagnoles\/","og_site_name":"Le Grand Continent","article_published_time":"2023-01-17T13:39:33+00:00","article_modified_time":"2023-01-17T13:39:34+00:00","og_image":[{"width":1453,"height":807,"url":"https:\/\/legrandcontinent.eu\/fr\/wp-content\/uploads\/sites\/2\/2023\/01\/gc-sanchez-macron-e1673953802343.jpg","type":"image\/jpeg"}],"author":"Marin Saillofest","twitter_card":"summary_large_image","twitter_image":"https:\/\/legrandcontinent.eu\/fr\/wp-content\/uploads\/sites\/2\/2023\/01\/gc-sanchez-macron-e1673953802343.jpg","twitter_misc":{"\u00c9crit par":"Marin Saillofest","Dur\u00e9e de lecture estim\u00e9e":"2 minutes"},"schema":{"@context":"https:\/\/schema.org","@graph":[{"@type":"WebPage","@id":"https:\/\/legrandcontinent.eu\/fr\/2023\/01\/17\/les-relations-economiques-franco-espagnoles\/","url":"https:\/\/legrandcontinent.eu\/fr\/2023\/01\/17\/les-relations-economiques-franco-espagnoles\/","name":"Les relations \u00e9conomiques franco-espagnoles\u00a0 | Le Grand Continent","isPartOf":{"@id":"https:\/\/legrandcontinent.eu\/fr\/#website"},"primaryImageOfPage":{"@id":"https:\/\/legrandcontinent.eu\/fr\/2023\/01\/17\/les-relations-economiques-franco-espagnoles\/#primaryimage"},"image":{"@id":"https:\/\/legrandcontinent.eu\/fr\/2023\/01\/17\/les-relations-economiques-franco-espagnoles\/#primaryimage"},"thumbnailUrl":"https:\/\/legrandcontinent.eu\/fr\/wp-content\/uploads\/sites\/2\/2023\/01\/Capture-de\u0301cran-2023-01-17-a\u0300-12.10.21.jpg","datePublished":"2023-01-17T13:39:33+00:00","dateModified":"2023-01-17T13:39:34+00:00","author":{"@id":"https:\/\/legrandcontinent.eu\/fr\/#\/schema\/person\/e4f85f52220fc7b4cc3cfdb86d88e833"},"breadcrumb":{"@id":"https:\/\/legrandcontinent.eu\/fr\/2023\/01\/17\/les-relations-economiques-franco-espagnoles\/#breadcrumb"},"inLanguage":"fr-FR","potentialAction":[{"@type":"ReadAction","target":["https:\/\/legrandcontinent.eu\/fr\/2023\/01\/17\/les-relations-economiques-franco-espagnoles\/"]}]},{"@type":"ImageObject","inLanguage":"fr-FR","@id":"https:\/\/legrandcontinent.eu\/fr\/2023\/01\/17\/les-relations-economiques-franco-espagnoles\/#primaryimage","url":"https:\/\/legrandcontinent.eu\/fr\/wp-content\/uploads\/sites\/2\/2023\/01\/Capture-de\u0301cran-2023-01-17-a\u0300-12.10.21.jpg","contentUrl":"https:\/\/legrandcontinent.eu\/fr\/wp-content\/uploads\/sites\/2\/2023\/01\/Capture-de\u0301cran-2023-01-17-a\u0300-12.10.21.jpg","width":1526,"height":940},{"@type":"BreadcrumbList","@id":"https:\/\/legrandcontinent.eu\/fr\/2023\/01\/17\/les-relations-economiques-franco-espagnoles\/#breadcrumb","itemListElement":[{"@type":"ListItem","position":1,"name":"Accueil","item":"https:\/\/legrandcontinent.eu\/fr\/"},{"@type":"ListItem","position":2,"name":"Les relations \u00e9conomiques franco-espagnoles\u00a0"}]},{"@type":"WebSite","@id":"https:\/\/legrandcontinent.eu\/fr\/#website","url":"https:\/\/legrandcontinent.eu\/fr\/","name":"Le Grand Continent","description":"L&#039;\u00e9chelle pertinente","potentialAction":[{"@type":"SearchAction","target":{"@type":"EntryPoint","urlTemplate":"https:\/\/legrandcontinent.eu\/fr\/?s={search_term_string}"},"query-input":{"@type":"PropertyValueSpecification","valueRequired":true,"valueName":"search_term_string"}}],"inLanguage":"fr-FR"},{"@type":"Person","@id":"https:\/\/legrandcontinent.eu\/fr\/#\/schema\/person\/e4f85f52220fc7b4cc3cfdb86d88e833","name":"Marin Saillofest","image":{"@type":"ImageObject","inLanguage":"fr-FR","@id":"https:\/\/legrandcontinent.eu\/fr\/#\/schema\/person\/image\/","url":"https:\/\/secure.gravatar.com\/avatar\/87088698b4d967390c49ae6d4f1aa459?s=96&d=mm&r=g","contentUrl":"https:\/\/secure.gravatar.com\/avatar\/87088698b4d967390c49ae6d4f1aa459?s=96&d=mm&r=g","caption":"Marin Saillofest"}}]}},"lgc_categories":[{"id":1727,"name":"\u00c9conomie","slug":"economie"}],"lgc_author":null,"feature_image_summary":{"url":"https:\/\/legrandcontinent.eu\/fr\/wp-content\/uploads\/sites\/2\/2023\/01\/Capture-de\u0301cran-2023-01-17-a\u0300-12.10.21.jpg","width":1526,"height":940,"alt":""},"feature_image_cover":null,"term_position_data":null,"_links":{"self":[{"href":"https:\/\/legrandcontinent.eu\/fr\/wp-json\/wp\/v2\/posts\/174338","targetHints":{"allow":["GET"]}}],"collection":[{"href":"https:\/\/legrandcontinent.eu\/fr\/wp-json\/wp\/v2\/posts"}],"about":[{"href":"https:\/\/legrandcontinent.eu\/fr\/wp-json\/wp\/v2\/types\/post"}],"author":[{"embeddable":true,"href":"https:\/\/legrandcontinent.eu\/fr\/wp-json\/wp\/v2\/users\/2622"}],"replies":[{"embeddable":true,"href":"https:\/\/legrandcontinent.eu\/fr\/wp-json\/wp\/v2\/comments?post=174338"}],"version-history":[{"count":0,"href":"https:\/\/legrandcontinent.eu\/fr\/wp-json\/wp\/v2\/posts\/174338\/revisions"}],"wp:featuredmedia":[{"embeddable":true,"href":"https:\/\/legrandcontinent.eu\/fr\/wp-json\/wp\/v2\/media\/174337"}],"wp:attachment":[{"href":"https:\/\/legrandcontinent.eu\/fr\/wp-json\/wp\/v2\/media?parent=174338"}],"wp:term":[{"taxonomy":"category","embeddable":true,"href":"https:\/\/legrandcontinent.eu\/fr\/wp-json\/wp\/v2\/categories?post=174338"},{"taxonomy":"post_tag","embeddable":true,"href":"https:\/\/legrandcontinent.eu\/fr\/wp-json\/wp\/v2\/tags?post=174338"},{"taxonomy":"staff","embeddable":true,"href":"https:\/\/legrandcontinent.eu\/fr\/wp-json\/wp\/v2\/staff?post=174338"},{"taxonomy":"editorial_format","embeddable":true,"href":"https:\/\/legrandcontinent.eu\/fr\/wp-json\/wp\/v2\/editorial_format?post=174338"},{"taxonomy":"serie","embeddable":true,"href":"https:\/\/legrandcontinent.eu\/fr\/wp-json\/wp\/v2\/serie?post=174338"},{"taxonomy":"audience","embeddable":true,"href":"https:\/\/legrandcontinent.eu\/fr\/wp-json\/wp\/v2\/audience?post=174338"},{"taxonomy":"geo","embeddable":true,"href":"https:\/\/legrandcontinent.eu\/fr\/wp-json\/wp\/v2\/geo?post=174338"}],"curies":[{"name":"wp","href":"https:\/\/api.w.org\/{rel}","templated":true}]}}