{"id":174053,"date":"2023-01-13T10:32:56","date_gmt":"2023-01-13T09:32:56","guid":{"rendered":"https:\/\/legrandcontinent.eu\/fr\/?p=174053"},"modified":"2023-01-15T14:25:42","modified_gmt":"2023-01-15T13:25:42","slug":"lopinion-publique-de-la-chine-vis-a-vis-de-loccident","status":"publish","type":"post","link":"https:\/\/legrandcontinent.eu\/fr\/2023\/01\/13\/lopinion-publique-de-la-chine-vis-a-vis-de-loccident\/","title":{"rendered":"L\u2019opinion publique chinoise vis-\u00e0-vis de l\u2019Occident"},"content":{"rendered":"\n<p>Selon une enqu\u00eate du<em> Pew Research Center<\/em>&#160;:<\/p>\n\n\n\n<ul class=\"wp-block-list\">\n<li>Lorsque interrog\u00e9s \u00e0 propos de leur \u00ab&#160;perception&#160;\u00bb de la Chine, 81&#160;% des Australiens sond\u00e9s, 74&#160;% des Britanniques, 71&#160;% des Allemands et des n\u00e9erlandais, 85&#160;% des Su\u00e9dois et 73&#160;% des \u00c9tats-uniens disent avoir une opinion \u00ab&#160;d\u00e9favorable&#160;\u00bb ou \u00ab&#160;tr\u00e8s d\u00e9favorable&#160;\u00bb de la Chine&nbsp;<span class='whitespace-nowrap'><span id='easy-footnote-1-174053' class='easy-footnote-margin-adjust'><\/span><span class='easy-footnote'><a href='https:\/\/legrandcontinent.eu\/fr\/2023\/01\/13\/lopinion-publique-de-la-chine-vis-a-vis-de-loccident\/#easy-footnote-bottom-1-174053' title='Laura Silver, Kat Devlo, et Christine Huang, \u00ab&amp;#160;&lt;a href=&quot;https:\/\/www.pewresearch.org\/global\/2020\/10\/06\/unfavorable-views-of-china-reach-historic-highs-in-many-countries\/&quot;&gt;Unfavorable Views of China Reach Historic Highs in Many Countries&lt;\/a&gt;&amp;#160;\u00bb, Pew Research Center, 6 octobre 2020.'><sup>1<\/sup><\/a><\/span><\/span>.<\/li>\n\n\n\n<li>Ces opinions n\u00e9gatives sont \u00e0 leur niveau le plus \u00e9lev\u00e9 depuis les premiers sondages r\u00e9alis\u00e9s en 2002.<\/li>\n\n\n\n<li>Entre 2019 et 2020 cette tendance s\u2019est acc\u00e9l\u00e9r\u00e9e au Royaume-Uni (+24&#160;%), en Allemagne (+15&#160;%), aux Pays-Bas (+15&#160;%), en Su\u00e8de (+15&#160;%), aux \u00c9tats-Unis (+13&#160;%), en Cor\u00e9e du Sud (+12&#160;%) et en Espagne (+10&#160;%).<\/li>\n<\/ul>\n\n\n\n<div class=\"iframe-container wp-block-image wp-block-image-medium \">\n\t<div>\n\t\t<iframe class=\"absolute w-full h-full pin-t pin-l\" title=\"titolo\" aria-label=\"Interactive line chart\" src=\"\/\/flo.uri.sh\/visualisation\/12430727\/embed\" scrolling=\"no\" frameborder=\"0\"><\/iframe>\n\t<\/div>\n<\/div>\n\n\n\n<p>Une nouvelle \u00e9tude publi\u00e9e la semaine derni\u00e8re dans le <em>Journal of Current Chinese Affairs<\/em> fait \u00e9tat d\u2019un \u00e9cart important entre les differents pays occidentaux&nbsp;<span class='whitespace-nowrap'><span id='easy-footnote-2-174053' class='easy-footnote-margin-adjust'><\/span><span class='easy-footnote'><a href='https:\/\/legrandcontinent.eu\/fr\/2023\/01\/13\/lopinion-publique-de-la-chine-vis-a-vis-de-loccident\/#easy-footnote-bottom-2-174053' title='Liu, A. Y., Li, X., &amp;amp; Fang, S., \u00ab&amp;#160;&lt;a href=&quot;https:\/\/journals.sagepub.com\/doi\/10.1177\/18681026221139301&quot;&gt;Unpacking \u201cthe West\u201d&amp;#160;: Divergence and Asymmetry in Chinese Public Attitudes Towards Europe and the United States&lt;\/a&gt;&amp;#160;\u00bb, &lt;em&gt;Journal of Current Chinese Affairs&lt;\/em&gt;, 5 janvier 2023.'><sup>2<\/sup><\/a><\/span><\/span>.<\/p>\n\n\n\n<ul class=\"wp-block-list\">\n<li>Sur les dix pays pr\u00e9sents dans l\u2019\u00e9tude, les \u00c9tats-Unis sont le pays le plus mal per\u00e7u par les r\u00e9pondants avec plus de 70&#160;% d\u2019opinions d\u00e9favorables.<\/li>\n\n\n\n<li>Le Royaume-Uni arrive en deuxi\u00e8me position, avec pr\u00e8s de 50&#160;% d\u2019opinions n\u00e9gatives.<\/li>\n\n\n\n<li>L\u2019\u00e9cart entre la perception du Royaume-Uni et des autres pays europ\u00e9ens s\u2019explique par l\u2019alignement plus affich\u00e9 de la position britannique sur celle des \u00c9tats-Unis concernant la pression exerc\u00e9e sur la Chine relative aux origines de la pand\u00e9mie et \u00e0 la situation des <a href=\"https:\/\/legrandcontinent.eu\/fr\/2022\/09\/03\/pourquoi-le-rapport-de-lonu-sur-les-violations-des-droits-de-lhomme-au-xinjiang-est-il-crucial\/\">droits de l\u2019homme au Xinjiang<\/a>.<\/li>\n<\/ul>\n\n\n\n<div class=\"iframe-container wp-block-image wp-block-image-medium \">\n\t<div>\n\t\t<iframe class=\"absolute w-full h-full pin-t pin-l\" title=\"titolo\" aria-label=\"Interactive line chart\" src=\"\/\/flo.uri.sh\/visualisation\/12423790\/embed\" scrolling=\"no\" frameborder=\"0\"><\/iframe>\n\t<\/div>\n<\/div>\n\n\n\n<p>D&rsquo;autre part, l\u2019opinion publique chinoise semble voir les pays d&rsquo;Europe continentale sous un \u0153il beaucoup plus positif.<\/p>\n\n\n\n<ul class=\"wp-block-list\">\n<li>Les Chinois ayant une opinion favorable des pays europ\u00e9ens sont environ deux fois plus nombreux que ceux ayant une opinion d\u00e9favorable.<\/li>\n\n\n\n<li>L\u2019Allemagne est le pays le mieux per\u00e7u en Europe. 69&#160;% des Chinois interrog\u00e9s ont exprim\u00e9 une opinion \u00ab&#160;tr\u00e8s favorable&#160;\u00bb ou \u00ab&#160;plut\u00f4t favorable&#160;\u00bb de l&rsquo;Allemagne, tandis que seuls 23&#160;% en ont une opinion n\u00e9gative.<\/li>\n\n\n\n<li>Cette perception globalement positive peut s\u2019expliquer en partie par les liens \u00e9conomiques \u00e9troits entre les deux pays&#160;: les entrepreneurs allemands continuant <a href=\"https:\/\/legrandcontinent.eu\/fr\/2022\/11\/08\/les-entreprises-allemandes-continuent-dinvestir-massivement-en-chine\/\">d\u2019investir massivement en Chine<\/a>.<\/li>\n<\/ul>\n\n\n\n<div class=\"iframe-container wp-block-image wp-block-image-medium  iframe-dw\">\n\t<div>\n\t\t<iframe class=\"absolute w-full h-full pin-t pin-l\" title=\"titolo\" aria-label=\"Interactive line chart\" src=\"\/\/datawrapper.dwcdn.net\/QCNuG\/\" scrolling=\"no\" frameborder=\"0\"><\/iframe>\n\t<\/div>\n<\/div>\n\n\n\n<p>Si les opinions n\u00e9gatives des Chinois envers les pays europ\u00e9ens ont \u00e9t\u00e9 plut\u00f4t diffuses ces derni\u00e8res ann\u00e9es, cette tendance pourrait changer. Une enqu\u00eate men\u00e9e en 2019 par le <em>China Youth Daily<\/em> a r\u00e9v\u00e9l\u00e9 que les jeunes Chinois \u00ab&#160;n&rsquo;admirent plus l&rsquo;Occident&#160;\u00bb, 90&#160;% d&rsquo;entre eux se disant fiers des accomplissements de la Chine \u2014 ce qui se manifeste concr\u00e8tement par la mont\u00e9e en puissance de mouvements nationalistes comme la <a href=\"https:\/\/legrandcontinent.eu\/fr\/2022\/09\/10\/il-ny-a-pas-besoin-de-se-battre-comme-un-loup-guerrier-une-conversation-avec-xiang-lanxin\/\">politique du loup-guerrier<\/a> ou les <a href=\"https:\/\/legrandcontinent.eu\/fr\/2022\/12\/24\/les-little-pink-et-lavenir-de-la-jeunesse-chinoise\/\">Little Pink<\/a>&nbsp;<span class='whitespace-nowrap'><span id='easy-footnote-3-174053' class='easy-footnote-margin-adjust'><\/span><span class='easy-footnote'><a href='https:\/\/legrandcontinent.eu\/fr\/2023\/01\/13\/lopinion-publique-de-la-chine-vis-a-vis-de-loccident\/#easy-footnote-bottom-3-174053' title='Minxi Zhou, \u00ab&amp;#160;&lt;a href=&quot;https:\/\/news.cgtn.com\/news\/3d3d674d3349444e34457a6333566d54\/index.html&quot;&gt;China\u2019s Gen Z&amp;#160;: patriotic and no longer looking up to West&lt;\/a&gt;&amp;#160;\u00bb. &lt;em&gt;CGTN&lt;\/em&gt;, 3 mai 2019.'><sup>3<\/sup><\/a><\/span><\/span>.<\/p>\n","protected":false},"excerpt":{"rendered":"<p>Depuis la mise en place de la politique z\u00e9ro-Covid, la perception de la Chine par les pays occidentaux est devenue de plus en plus n\u00e9gative. L\u2019opinion publique chinoise a-t-elle la m\u00eame perception des pays europ\u00e9ens et des \u00c9tats-Unis&#160;&#160;?<\/p>\n","protected":false},"author":2622,"featured_media":174052,"comment_status":"closed","ping_status":"closed","sticky":false,"template":"templates\/post-briefings.php","format":"standard","meta":{"_acf_changed":false,"_trash_the_other_posts":false,"_yoast_wpseo_estimated-reading-time-minutes":3,"footnotes":""},"categories":[1731],"tags":[],"staff":[],"editorial_format":[],"serie":[],"audience":[],"geo":[531],"class_list":["post-174053","post","type-post","status-publish","format-standard","hentry","category-politique","geo-chine"],"acf":{"open_in_webview":false,"accent":false},"yoast_head":"<!-- This site is optimized with the Yoast SEO plugin v26.1.1 - https:\/\/yoast.com\/wordpress\/plugins\/seo\/ -->\n<title>L\u2019opinion publique chinoise vis-\u00e0-vis de l\u2019Occident | Le Grand Continent<\/title>\n<meta name=\"robots\" content=\"index, follow, max-snippet:-1, max-image-preview:large, max-video-preview:-1\" \/>\n<link rel=\"canonical\" href=\"https:\/\/legrandcontinent.eu\/fr\/2023\/01\/13\/lopinion-publique-de-la-chine-vis-a-vis-de-loccident\/\" \/>\n<meta property=\"og:locale\" content=\"fr_FR\" \/>\n<meta property=\"og:type\" content=\"article\" \/>\n<meta property=\"og:title\" content=\"L\u2019opinion publique chinoise vis-\u00e0-vis de l\u2019Occident | Le Grand Continent\" \/>\n<meta property=\"og:description\" content=\"Depuis la mise en place de la politique z\u00e9ro-Covid, la perception de la Chine par les pays occidentaux est devenue de plus en plus n\u00e9gative. L\u2019opinion publique chinoise a-t-elle la m\u00eame perception des pays europ\u00e9ens et des \u00c9tats-Unis&#160;?\" \/>\n<meta property=\"og:url\" content=\"https:\/\/legrandcontinent.eu\/fr\/2023\/01\/13\/lopinion-publique-de-la-chine-vis-a-vis-de-loccident\/\" \/>\n<meta property=\"og:site_name\" content=\"Le Grand Continent\" \/>\n<meta property=\"article:published_time\" content=\"2023-01-13T09:32:56+00:00\" \/>\n<meta property=\"article:modified_time\" content=\"2023-01-15T13:25:42+00:00\" \/>\n<meta property=\"og:image\" content=\"https:\/\/legrandcontinent.eu\/fr\/wp-content\/uploads\/sites\/2\/2023\/01\/gc-perception-Chine-Occident-scaled-e1673602004214.jpg\" \/>\n\t<meta property=\"og:image:width\" content=\"1453\" \/>\n\t<meta property=\"og:image:height\" content=\"815\" \/>\n\t<meta property=\"og:image:type\" content=\"image\/jpeg\" \/>\n<meta name=\"author\" content=\"Marin Saillofest\" \/>\n<meta name=\"twitter:card\" content=\"summary_large_image\" \/>\n<meta name=\"twitter:image\" content=\"https:\/\/legrandcontinent.eu\/fr\/wp-content\/uploads\/sites\/2\/2023\/01\/gc-perception-Chine-Occident-scaled-e1673602004214.jpg\" \/>\n<meta name=\"twitter:label1\" content=\"\u00c9crit par\" \/>\n\t<meta name=\"twitter:data1\" content=\"Marin Saillofest\" \/>\n\t<meta name=\"twitter:label2\" content=\"Dur\u00e9e de lecture estim\u00e9e\" \/>\n\t<meta name=\"twitter:data2\" content=\"3 minutes\" \/>\n<script type=\"application\/ld+json\" class=\"yoast-schema-graph\">{\"@context\":\"https:\/\/schema.org\",\"@graph\":[{\"@type\":\"WebPage\",\"@id\":\"https:\/\/legrandcontinent.eu\/fr\/2023\/01\/13\/lopinion-publique-de-la-chine-vis-a-vis-de-loccident\/\",\"url\":\"https:\/\/legrandcontinent.eu\/fr\/2023\/01\/13\/lopinion-publique-de-la-chine-vis-a-vis-de-loccident\/\",\"name\":\"L\u2019opinion publique chinoise vis-\u00e0-vis de l\u2019Occident | Le Grand Continent\",\"isPartOf\":{\"@id\":\"https:\/\/legrandcontinent.eu\/fr\/#website\"},\"primaryImageOfPage\":{\"@id\":\"https:\/\/legrandcontinent.eu\/fr\/2023\/01\/13\/lopinion-publique-de-la-chine-vis-a-vis-de-loccident\/#primaryimage\"},\"image\":{\"@id\":\"https:\/\/legrandcontinent.eu\/fr\/2023\/01\/13\/lopinion-publique-de-la-chine-vis-a-vis-de-loccident\/#primaryimage\"},\"thumbnailUrl\":\"https:\/\/legrandcontinent.eu\/fr\/wp-content\/uploads\/sites\/2\/2023\/01\/Capture-de\u0301cran-2023-01-13-a\u0300-10.26.54.jpg\",\"datePublished\":\"2023-01-13T09:32:56+00:00\",\"dateModified\":\"2023-01-15T13:25:42+00:00\",\"author\":{\"@id\":\"https:\/\/legrandcontinent.eu\/fr\/#\/schema\/person\/e4f85f52220fc7b4cc3cfdb86d88e833\"},\"breadcrumb\":{\"@id\":\"https:\/\/legrandcontinent.eu\/fr\/2023\/01\/13\/lopinion-publique-de-la-chine-vis-a-vis-de-loccident\/#breadcrumb\"},\"inLanguage\":\"fr-FR\",\"potentialAction\":[{\"@type\":\"ReadAction\",\"target\":[\"https:\/\/legrandcontinent.eu\/fr\/2023\/01\/13\/lopinion-publique-de-la-chine-vis-a-vis-de-loccident\/\"]}]},{\"@type\":\"ImageObject\",\"inLanguage\":\"fr-FR\",\"@id\":\"https:\/\/legrandcontinent.eu\/fr\/2023\/01\/13\/lopinion-publique-de-la-chine-vis-a-vis-de-loccident\/#primaryimage\",\"url\":\"https:\/\/legrandcontinent.eu\/fr\/wp-content\/uploads\/sites\/2\/2023\/01\/Capture-de\u0301cran-2023-01-13-a\u0300-10.26.54.jpg\",\"contentUrl\":\"https:\/\/legrandcontinent.eu\/fr\/wp-content\/uploads\/sites\/2\/2023\/01\/Capture-de\u0301cran-2023-01-13-a\u0300-10.26.54.jpg\",\"width\":1734,\"height\":940},{\"@type\":\"BreadcrumbList\",\"@id\":\"https:\/\/legrandcontinent.eu\/fr\/2023\/01\/13\/lopinion-publique-de-la-chine-vis-a-vis-de-loccident\/#breadcrumb\",\"itemListElement\":[{\"@type\":\"ListItem\",\"position\":1,\"name\":\"Accueil\",\"item\":\"https:\/\/legrandcontinent.eu\/fr\/\"},{\"@type\":\"ListItem\",\"position\":2,\"name\":\"L\u2019opinion publique chinoise vis-\u00e0-vis de l\u2019Occident\"}]},{\"@type\":\"WebSite\",\"@id\":\"https:\/\/legrandcontinent.eu\/fr\/#website\",\"url\":\"https:\/\/legrandcontinent.eu\/fr\/\",\"name\":\"Le Grand Continent\",\"description\":\"L&#039;\u00e9chelle pertinente\",\"potentialAction\":[{\"@type\":\"SearchAction\",\"target\":{\"@type\":\"EntryPoint\",\"urlTemplate\":\"https:\/\/legrandcontinent.eu\/fr\/?s={search_term_string}\"},\"query-input\":{\"@type\":\"PropertyValueSpecification\",\"valueRequired\":true,\"valueName\":\"search_term_string\"}}],\"inLanguage\":\"fr-FR\"},{\"@type\":\"Person\",\"@id\":\"https:\/\/legrandcontinent.eu\/fr\/#\/schema\/person\/e4f85f52220fc7b4cc3cfdb86d88e833\",\"name\":\"Marin Saillofest\",\"image\":{\"@type\":\"ImageObject\",\"inLanguage\":\"fr-FR\",\"@id\":\"https:\/\/legrandcontinent.eu\/fr\/#\/schema\/person\/image\/\",\"url\":\"https:\/\/secure.gravatar.com\/avatar\/87088698b4d967390c49ae6d4f1aa459?s=96&d=mm&r=g\",\"contentUrl\":\"https:\/\/secure.gravatar.com\/avatar\/87088698b4d967390c49ae6d4f1aa459?s=96&d=mm&r=g\",\"caption\":\"Marin Saillofest\"}}]}<\/script>\n<!-- \/ Yoast SEO plugin. -->","yoast_head_json":{"title":"L\u2019opinion publique chinoise vis-\u00e0-vis de l\u2019Occident | Le Grand Continent","robots":{"index":"index","follow":"follow","max-snippet":"max-snippet:-1","max-image-preview":"max-image-preview:large","max-video-preview":"max-video-preview:-1"},"canonical":"https:\/\/legrandcontinent.eu\/fr\/2023\/01\/13\/lopinion-publique-de-la-chine-vis-a-vis-de-loccident\/","og_locale":"fr_FR","og_type":"article","og_title":"L\u2019opinion publique chinoise vis-\u00e0-vis de l\u2019Occident | Le Grand Continent","og_description":"Depuis la mise en place de la politique z\u00e9ro-Covid, la perception de la Chine par les pays occidentaux est devenue de plus en plus n\u00e9gative. L\u2019opinion publique chinoise a-t-elle la m\u00eame perception des pays europ\u00e9ens et des \u00c9tats-Unis&#160;?","og_url":"https:\/\/legrandcontinent.eu\/fr\/2023\/01\/13\/lopinion-publique-de-la-chine-vis-a-vis-de-loccident\/","og_site_name":"Le Grand Continent","article_published_time":"2023-01-13T09:32:56+00:00","article_modified_time":"2023-01-15T13:25:42+00:00","og_image":[{"width":1453,"height":815,"url":"https:\/\/legrandcontinent.eu\/fr\/wp-content\/uploads\/sites\/2\/2023\/01\/gc-perception-Chine-Occident-scaled-e1673602004214.jpg","type":"image\/jpeg"}],"author":"Marin Saillofest","twitter_card":"summary_large_image","twitter_image":"https:\/\/legrandcontinent.eu\/fr\/wp-content\/uploads\/sites\/2\/2023\/01\/gc-perception-Chine-Occident-scaled-e1673602004214.jpg","twitter_misc":{"\u00c9crit par":"Marin Saillofest","Dur\u00e9e de lecture estim\u00e9e":"3 minutes"},"schema":{"@context":"https:\/\/schema.org","@graph":[{"@type":"WebPage","@id":"https:\/\/legrandcontinent.eu\/fr\/2023\/01\/13\/lopinion-publique-de-la-chine-vis-a-vis-de-loccident\/","url":"https:\/\/legrandcontinent.eu\/fr\/2023\/01\/13\/lopinion-publique-de-la-chine-vis-a-vis-de-loccident\/","name":"L\u2019opinion publique chinoise vis-\u00e0-vis de l\u2019Occident | Le Grand Continent","isPartOf":{"@id":"https:\/\/legrandcontinent.eu\/fr\/#website"},"primaryImageOfPage":{"@id":"https:\/\/legrandcontinent.eu\/fr\/2023\/01\/13\/lopinion-publique-de-la-chine-vis-a-vis-de-loccident\/#primaryimage"},"image":{"@id":"https:\/\/legrandcontinent.eu\/fr\/2023\/01\/13\/lopinion-publique-de-la-chine-vis-a-vis-de-loccident\/#primaryimage"},"thumbnailUrl":"https:\/\/legrandcontinent.eu\/fr\/wp-content\/uploads\/sites\/2\/2023\/01\/Capture-de\u0301cran-2023-01-13-a\u0300-10.26.54.jpg","datePublished":"2023-01-13T09:32:56+00:00","dateModified":"2023-01-15T13:25:42+00:00","author":{"@id":"https:\/\/legrandcontinent.eu\/fr\/#\/schema\/person\/e4f85f52220fc7b4cc3cfdb86d88e833"},"breadcrumb":{"@id":"https:\/\/legrandcontinent.eu\/fr\/2023\/01\/13\/lopinion-publique-de-la-chine-vis-a-vis-de-loccident\/#breadcrumb"},"inLanguage":"fr-FR","potentialAction":[{"@type":"ReadAction","target":["https:\/\/legrandcontinent.eu\/fr\/2023\/01\/13\/lopinion-publique-de-la-chine-vis-a-vis-de-loccident\/"]}]},{"@type":"ImageObject","inLanguage":"fr-FR","@id":"https:\/\/legrandcontinent.eu\/fr\/2023\/01\/13\/lopinion-publique-de-la-chine-vis-a-vis-de-loccident\/#primaryimage","url":"https:\/\/legrandcontinent.eu\/fr\/wp-content\/uploads\/sites\/2\/2023\/01\/Capture-de\u0301cran-2023-01-13-a\u0300-10.26.54.jpg","contentUrl":"https:\/\/legrandcontinent.eu\/fr\/wp-content\/uploads\/sites\/2\/2023\/01\/Capture-de\u0301cran-2023-01-13-a\u0300-10.26.54.jpg","width":1734,"height":940},{"@type":"BreadcrumbList","@id":"https:\/\/legrandcontinent.eu\/fr\/2023\/01\/13\/lopinion-publique-de-la-chine-vis-a-vis-de-loccident\/#breadcrumb","itemListElement":[{"@type":"ListItem","position":1,"name":"Accueil","item":"https:\/\/legrandcontinent.eu\/fr\/"},{"@type":"ListItem","position":2,"name":"L\u2019opinion publique chinoise vis-\u00e0-vis de l\u2019Occident"}]},{"@type":"WebSite","@id":"https:\/\/legrandcontinent.eu\/fr\/#website","url":"https:\/\/legrandcontinent.eu\/fr\/","name":"Le Grand Continent","description":"L&#039;\u00e9chelle pertinente","potentialAction":[{"@type":"SearchAction","target":{"@type":"EntryPoint","urlTemplate":"https:\/\/legrandcontinent.eu\/fr\/?s={search_term_string}"},"query-input":{"@type":"PropertyValueSpecification","valueRequired":true,"valueName":"search_term_string"}}],"inLanguage":"fr-FR"},{"@type":"Person","@id":"https:\/\/legrandcontinent.eu\/fr\/#\/schema\/person\/e4f85f52220fc7b4cc3cfdb86d88e833","name":"Marin Saillofest","image":{"@type":"ImageObject","inLanguage":"fr-FR","@id":"https:\/\/legrandcontinent.eu\/fr\/#\/schema\/person\/image\/","url":"https:\/\/secure.gravatar.com\/avatar\/87088698b4d967390c49ae6d4f1aa459?s=96&d=mm&r=g","contentUrl":"https:\/\/secure.gravatar.com\/avatar\/87088698b4d967390c49ae6d4f1aa459?s=96&d=mm&r=g","caption":"Marin Saillofest"}}]}},"lgc_categories":[{"id":1731,"name":"Politique","slug":"politique"}],"lgc_author":null,"feature_image_summary":{"url":"https:\/\/legrandcontinent.eu\/fr\/wp-content\/uploads\/sites\/2\/2023\/01\/Capture-de\u0301cran-2023-01-13-a\u0300-10.26.54.jpg","width":1734,"height":940,"alt":""},"feature_image_cover":null,"term_position_data":null,"_links":{"self":[{"href":"https:\/\/legrandcontinent.eu\/fr\/wp-json\/wp\/v2\/posts\/174053","targetHints":{"allow":["GET"]}}],"collection":[{"href":"https:\/\/legrandcontinent.eu\/fr\/wp-json\/wp\/v2\/posts"}],"about":[{"href":"https:\/\/legrandcontinent.eu\/fr\/wp-json\/wp\/v2\/types\/post"}],"author":[{"embeddable":true,"href":"https:\/\/legrandcontinent.eu\/fr\/wp-json\/wp\/v2\/users\/2622"}],"replies":[{"embeddable":true,"href":"https:\/\/legrandcontinent.eu\/fr\/wp-json\/wp\/v2\/comments?post=174053"}],"version-history":[{"count":0,"href":"https:\/\/legrandcontinent.eu\/fr\/wp-json\/wp\/v2\/posts\/174053\/revisions"}],"wp:featuredmedia":[{"embeddable":true,"href":"https:\/\/legrandcontinent.eu\/fr\/wp-json\/wp\/v2\/media\/174052"}],"wp:attachment":[{"href":"https:\/\/legrandcontinent.eu\/fr\/wp-json\/wp\/v2\/media?parent=174053"}],"wp:term":[{"taxonomy":"category","embeddable":true,"href":"https:\/\/legrandcontinent.eu\/fr\/wp-json\/wp\/v2\/categories?post=174053"},{"taxonomy":"post_tag","embeddable":true,"href":"https:\/\/legrandcontinent.eu\/fr\/wp-json\/wp\/v2\/tags?post=174053"},{"taxonomy":"staff","embeddable":true,"href":"https:\/\/legrandcontinent.eu\/fr\/wp-json\/wp\/v2\/staff?post=174053"},{"taxonomy":"editorial_format","embeddable":true,"href":"https:\/\/legrandcontinent.eu\/fr\/wp-json\/wp\/v2\/editorial_format?post=174053"},{"taxonomy":"serie","embeddable":true,"href":"https:\/\/legrandcontinent.eu\/fr\/wp-json\/wp\/v2\/serie?post=174053"},{"taxonomy":"audience","embeddable":true,"href":"https:\/\/legrandcontinent.eu\/fr\/wp-json\/wp\/v2\/audience?post=174053"},{"taxonomy":"geo","embeddable":true,"href":"https:\/\/legrandcontinent.eu\/fr\/wp-json\/wp\/v2\/geo?post=174053"}],"curies":[{"name":"wp","href":"https:\/\/api.w.org\/{rel}","templated":true}]}}