{"id":173133,"date":"2023-01-03T18:40:00","date_gmt":"2023-01-03T17:40:00","guid":{"rendered":"https:\/\/legrandcontinent.eu\/fr\/?p=173133"},"modified":"2023-01-03T18:09:35","modified_gmt":"2023-01-03T17:09:35","slug":"la-perception-de-leurope-centrale-vis-a-vis-des-refugies-ukrainiens","status":"publish","type":"post","link":"https:\/\/legrandcontinent.eu\/fr\/2023\/01\/03\/la-perception-de-leurope-centrale-vis-a-vis-des-refugies-ukrainiens\/","title":{"rendered":"La perception de l\u2019Europe centrale vis-\u00e0-vis des r\u00e9fugi\u00e9s ukrainiens"},"content":{"rendered":"\n<p>Depuis le d\u00e9but de l\u2019invasion russe de l&rsquo;Ukraine, plus de 7 millions d\u2019ukrainiens ont travers\u00e9 les fronti\u00e8res europ\u00e9ennes, trouvant en partie refuge dans les pays d\u2019Europe centrale et orientale.<\/p>\n\n\n\n<ul class=\"wp-block-list\">\n<li>En novembre 2022, environ 1,5 million de r\u00e9fugi\u00e9s ukrainiens \u00e9taient pr\u00e9sents en Pologne (environ 0,04 par habitant), 458 000 en R\u00e9publique tch\u00e8que (0,04 par habitant), 100 000 en Slovaquie (0,02 par habitant), et environ 31 000 en Hongrie (0,003 par habitant).<\/li>\n<\/ul>\n\n\n\n<div class=\"iframe-container wp-block-image wp-block-image-medium  iframe-dw\">\n\t<div>\n\t\t<iframe class=\"absolute w-full h-full pin-t pin-l\" title=\"titolo\" aria-label=\"Interactive line chart\" src=\"\/\/datawrapper.dwcdn.net\/8nMgU\/\" scrolling=\"no\" frameborder=\"0\"><\/iframe>\n\t<\/div>\n<\/div>\n\n\n\n<p>De mani\u00e8re g\u00e9n\u00e9rale, les pays du groupe de Visegr\u00e1d expriment un fort soutien en faveur des r\u00e9fugi\u00e9s ukrainiens selon le GLOBSEC&nbsp;<span class='whitespace-nowrap'><span id='easy-footnote-1-173133' class='easy-footnote-margin-adjust'><\/span><span class='easy-footnote'><a href='https:\/\/legrandcontinent.eu\/fr\/2023\/01\/03\/la-perception-de-leurope-centrale-vis-a-vis-des-refugies-ukrainiens\/#easy-footnote-bottom-1-173133' title='GLOBSEC, &lt;a href=&quot;https:\/\/www.globsec.org\/what-we-do\/press-releases\/new-report-shows-v4-population-supports-ukrainian-refugees-some&quot;&gt;New report shows that the V4 population supports Ukrainian refugees with some reservations&lt;\/a&gt;, 12 d\u00e9cembre 2022.'><sup>1<\/sup><\/a><\/span><\/span>, un think tank slovaque ind\u00e9pendant.<\/p>\n\n\n\n<ul class=\"wp-block-list\">\n<li>Une majorit\u00e9 de citoyens tch\u00e8ques (68&#160;%), hongrois (59&#160;%) et polonais (85&#160;%) ont une opinion favorable quant \u00e0 l\u2019accueil de r\u00e9fugi\u00e9s ukrainiens.&nbsp;<\/li>\n\n\n\n<li>La situation est diff\u00e9rente en Slovaquie o\u00f9 une majorit\u00e9 consid\u00e8re cet \u00e9tat de fait comme une \u00e9volution n\u00e9gative \u2014 <a href=\"https:\/\/legrandcontinent.eu\/fr\/2022\/12\/15\/les-opinions-russo-europeennes-dans-la-guerre-en-ukraine\/\">seulement 49&#160;%<\/a> des Slovaques approuvent le soutien apport\u00e9 par l\u2019Union europ\u00e9enne \u00e0 l\u2019Ukraine.<\/li>\n<\/ul>\n\n\n\n<div class=\"iframe-container wp-block-image wp-block-image-medium  iframe-dw\">\n\t<div>\n\t\t<iframe class=\"absolute w-full h-full pin-t pin-l\" title=\"titolo\" aria-label=\"Interactive line chart\" src=\"\/\/datawrapper.dwcdn.net\/SRN0F\/\" scrolling=\"no\" frameborder=\"0\"><\/iframe>\n\t<\/div>\n<\/div>\n\n\n\n<p>Tandis que la population des pays du Visegr\u00e1d est plut\u00f4t en faveur de l&rsquo;accueil de r\u00e9fugi\u00e9s, les opinions relatives au type d&rsquo;aide que ceux-ci devraient recevoir sont plus mitig\u00e9es.<\/p>\n\n\n\n<ul class=\"wp-block-list\">\n<li>68&#160;% des Slovaques interrog\u00e9s et 46&#160;% des Tch\u00e8ques pensent que l&rsquo;aide fournie aux r\u00e9fugi\u00e9s ukrainiens devrait \u00eatre r\u00e9duite.<\/li>\n\n\n\n<li>Une majorit\u00e9 des Slovaques consid\u00e8re \u00e9galement que ces derniers ne devraient pas avoir acc\u00e8s \u00e0 des soins de sant\u00e9 gratuits.<\/li>\n<\/ul>\n\n\n\n<div class=\"iframe-container wp-block-image wp-block-image-medium  iframe-dw\">\n\t<div>\n\t\t<iframe class=\"absolute w-full h-full pin-t pin-l\" title=\"titolo\" aria-label=\"Interactive line chart\" src=\"\/\/datawrapper.dwcdn.net\/STXY2\/\" scrolling=\"no\" frameborder=\"0\"><\/iframe>\n\t<\/div>\n<\/div>\n\n\n\n<p>Si 72&#160;% des Tch\u00e8ques et 84&#160;% des Polonais consid\u00e8rent que la Russie est responsable de la guerre en Ukraine, les Slovaques et les Hongrois sont plus partag\u00e9s.&nbsp;<\/p>\n\n\n\n<ul class=\"wp-block-list\">\n<li>43&#160;% des personnes interrog\u00e9es en Slovaquie rejettent la responsabilit\u00e9 de la guerre sur la Russie, mais 39&#160;% rejettent la faute sur les \u00c9tats-Unis et l&rsquo;OTAN.&nbsp;<\/li>\n\n\n\n<li>21&#160;% des Hongrois ne savent pas qui bl\u00e2mer, soit le chiffre le plus \u00e9lev\u00e9 parmi les pays du Visegr\u00e1d.<\/li>\n<\/ul>\n\n\n\n<div class=\"iframe-container wp-block-image wp-block-image-medium  iframe-dw\">\n\t<div>\n\t\t<iframe class=\"absolute w-full h-full pin-t pin-l\" title=\"titolo\" aria-label=\"Interactive line chart\" src=\"\/\/datawrapper.dwcdn.net\/YQi37\/\" scrolling=\"no\" frameborder=\"0\"><\/iframe>\n\t<\/div>\n<\/div>\n\n\n\n<p>Plus de 10 mois apr\u00e8s le d\u00e9but du conflit, le <a href=\"https:\/\/legrandcontinent.eu\/fr\/2022\/12\/15\/les-opinions-russo-europeennes-dans-la-guerre-en-ukraine\/\">soutien des Europ\u00e9ens<\/a> \u00e0 la politique d\u2019assistance \u00e0 l\u2019Ukraine demeure important (74&#160;% en moyenne \u00e0 l\u2019\u00e9chelle de l\u2019Union). Toutefois, la population slovaque est bien plus mitig\u00e9e. La question sera centrale alors que des \u00e9lections l\u00e9gislatives anticip\u00e9es \u2014 visant \u00e0 renouveler le Conseil national remport\u00e9 en 2020 par l\u2019alliance <a href=\"https:\/\/legrandcontinent.eu\/fr\/2020\/03\/02\/le-style-populiste-gagne-en-slovaquie-10-points-pour-comprendre-le-seisme-des-elections-legislatives\/\">populiste<\/a> regroupant les partis O\u013daNO et NOVA \u2014 pourraient \u00eatre organis\u00e9es dans les mois \u00e0 venir.<\/p>\n","protected":false},"excerpt":{"rendered":"<p>Presque un an apr\u00e8s le d\u00e9but de la guerre en Ukraine, de r\u00e9cents sondages indiquent qu\u2019une partie de la population des pays d\u2019Europe centrale, principalement en Slovaquie, est d\u00e9fiante vis-\u00e0-vis de l\u2019accueil des r\u00e9fugi\u00e9s ukrainiens.<\/p>\n","protected":false},"author":3041,"featured_media":173132,"comment_status":"closed","ping_status":"closed","sticky":false,"template":"templates\/post-briefings.php","format":"standard","meta":{"_acf_changed":false,"_trash_the_other_posts":false,"_yoast_wpseo_estimated-reading-time-minutes":2,"footnotes":""},"categories":[1731],"tags":[],"staff":[],"editorial_format":[],"serie":[],"audience":[],"geo":[1917],"class_list":["post-173133","post","type-post","status-publish","format-standard","hentry","category-politique","geo-europe"],"acf":{"open_in_webview":false,"accent":false,"_thumbnail_id":173132,"excerpt":"Presque un an apr\u00e8s le d\u00e9but de la guerre en Ukraine, de r\u00e9cents sondages indiquent qu\u2019une partie de la population des pays d\u2019Europe centrale, principalement en Slovaquie, est d\u00e9fiante vis-\u00e0-vis de l\u2019accueil des r\u00e9fugi\u00e9s ukrainiens.","display_date":"","new_abstract":true},"yoast_head":"<!-- This site is optimized with the Yoast SEO plugin v26.1.1 - https:\/\/yoast.com\/wordpress\/plugins\/seo\/ -->\n<title>La perception de l\u2019Europe centrale vis-\u00e0-vis des r\u00e9fugi\u00e9s ukrainiens | Le Grand Continent<\/title>\n<meta name=\"robots\" content=\"index, follow, max-snippet:-1, max-image-preview:large, max-video-preview:-1\" \/>\n<link rel=\"canonical\" href=\"https:\/\/legrandcontinent.eu\/fr\/2023\/01\/03\/la-perception-de-leurope-centrale-vis-a-vis-des-refugies-ukrainiens\/\" \/>\n<meta property=\"og:locale\" content=\"fr_FR\" \/>\n<meta property=\"og:type\" content=\"article\" \/>\n<meta property=\"og:title\" content=\"La perception de l\u2019Europe centrale vis-\u00e0-vis des r\u00e9fugi\u00e9s ukrainiens | Le Grand Continent\" \/>\n<meta property=\"og:description\" content=\"Presque un an apr\u00e8s le d\u00e9but de la guerre en Ukraine, de r\u00e9cents sondages indiquent qu\u2019une partie de la population des pays d\u2019Europe centrale, principalement en Slovaquie, est d\u00e9fiante vis-\u00e0-vis de l\u2019accueil des r\u00e9fugi\u00e9s ukrainiens.\" \/>\n<meta property=\"og:url\" content=\"https:\/\/legrandcontinent.eu\/fr\/2023\/01\/03\/la-perception-de-leurope-centrale-vis-a-vis-des-refugies-ukrainiens\/\" \/>\n<meta property=\"og:site_name\" content=\"Le Grand Continent\" \/>\n<meta property=\"article:published_time\" content=\"2023-01-03T17:40:00+00:00\" \/>\n<meta property=\"og:image\" content=\"https:\/\/legrandcontinent.eu\/fr\/wp-content\/uploads\/sites\/2\/2023\/01\/gc-refugies-ukrainiens-europe-centrale-scaled-e1672765188466.jpg\" \/>\n\t<meta property=\"og:image:width\" content=\"1453\" \/>\n\t<meta property=\"og:image:height\" content=\"837\" \/>\n\t<meta property=\"og:image:type\" content=\"image\/jpeg\" \/>\n<meta name=\"author\" content=\"Alexandre Antonio\" \/>\n<meta name=\"twitter:card\" content=\"summary_large_image\" \/>\n<meta name=\"twitter:image\" content=\"https:\/\/legrandcontinent.eu\/fr\/wp-content\/uploads\/sites\/2\/2023\/01\/gc-refugies-ukrainiens-europe-centrale-scaled-e1672765188466.jpg\" \/>\n<meta name=\"twitter:label1\" content=\"\u00c9crit par\" \/>\n\t<meta name=\"twitter:data1\" content=\"Alexandre Antonio\" \/>\n\t<meta name=\"twitter:label2\" content=\"Dur\u00e9e de lecture estim\u00e9e\" \/>\n\t<meta name=\"twitter:data2\" content=\"2 minutes\" \/>\n<script type=\"application\/ld+json\" class=\"yoast-schema-graph\">{\"@context\":\"https:\/\/schema.org\",\"@graph\":[{\"@type\":\"WebPage\",\"@id\":\"https:\/\/legrandcontinent.eu\/fr\/2023\/01\/03\/la-perception-de-leurope-centrale-vis-a-vis-des-refugies-ukrainiens\/\",\"url\":\"https:\/\/legrandcontinent.eu\/fr\/2023\/01\/03\/la-perception-de-leurope-centrale-vis-a-vis-des-refugies-ukrainiens\/\",\"name\":\"La perception de l\u2019Europe centrale vis-\u00e0-vis des r\u00e9fugi\u00e9s ukrainiens | Le Grand Continent\",\"isPartOf\":{\"@id\":\"https:\/\/legrandcontinent.eu\/fr\/#website\"},\"primaryImageOfPage\":{\"@id\":\"https:\/\/legrandcontinent.eu\/fr\/2023\/01\/03\/la-perception-de-leurope-centrale-vis-a-vis-des-refugies-ukrainiens\/#primaryimage\"},\"image\":{\"@id\":\"https:\/\/legrandcontinent.eu\/fr\/2023\/01\/03\/la-perception-de-leurope-centrale-vis-a-vis-des-refugies-ukrainiens\/#primaryimage\"},\"thumbnailUrl\":\"https:\/\/legrandcontinent.eu\/fr\/wp-content\/uploads\/sites\/2\/2023\/01\/SRN0F-comment-percevez-vous-les-r-fugi-s-ukrainiens-.png\",\"datePublished\":\"2023-01-03T17:40:00+00:00\",\"author\":{\"@id\":\"https:\/\/legrandcontinent.eu\/fr\/#\/schema\/person\/52f1217b490d99b0129aacfc21eb1a73\"},\"breadcrumb\":{\"@id\":\"https:\/\/legrandcontinent.eu\/fr\/2023\/01\/03\/la-perception-de-leurope-centrale-vis-a-vis-des-refugies-ukrainiens\/#breadcrumb\"},\"inLanguage\":\"fr-FR\",\"potentialAction\":[{\"@type\":\"ReadAction\",\"target\":[\"https:\/\/legrandcontinent.eu\/fr\/2023\/01\/03\/la-perception-de-leurope-centrale-vis-a-vis-des-refugies-ukrainiens\/\"]}]},{\"@type\":\"ImageObject\",\"inLanguage\":\"fr-FR\",\"@id\":\"https:\/\/legrandcontinent.eu\/fr\/2023\/01\/03\/la-perception-de-leurope-centrale-vis-a-vis-des-refugies-ukrainiens\/#primaryimage\",\"url\":\"https:\/\/legrandcontinent.eu\/fr\/wp-content\/uploads\/sites\/2\/2023\/01\/SRN0F-comment-percevez-vous-les-r-fugi-s-ukrainiens-.png\",\"contentUrl\":\"https:\/\/legrandcontinent.eu\/fr\/wp-content\/uploads\/sites\/2\/2023\/01\/SRN0F-comment-percevez-vous-les-r-fugi-s-ukrainiens-.png\",\"width\":1240,\"height\":840},{\"@type\":\"BreadcrumbList\",\"@id\":\"https:\/\/legrandcontinent.eu\/fr\/2023\/01\/03\/la-perception-de-leurope-centrale-vis-a-vis-des-refugies-ukrainiens\/#breadcrumb\",\"itemListElement\":[{\"@type\":\"ListItem\",\"position\":1,\"name\":\"Accueil\",\"item\":\"https:\/\/legrandcontinent.eu\/fr\/\"},{\"@type\":\"ListItem\",\"position\":2,\"name\":\"La perception de l\u2019Europe centrale vis-\u00e0-vis des r\u00e9fugi\u00e9s ukrainiens\"}]},{\"@type\":\"WebSite\",\"@id\":\"https:\/\/legrandcontinent.eu\/fr\/#website\",\"url\":\"https:\/\/legrandcontinent.eu\/fr\/\",\"name\":\"Le Grand Continent\",\"description\":\"L&#039;\u00e9chelle pertinente\",\"potentialAction\":[{\"@type\":\"SearchAction\",\"target\":{\"@type\":\"EntryPoint\",\"urlTemplate\":\"https:\/\/legrandcontinent.eu\/fr\/?s={search_term_string}\"},\"query-input\":{\"@type\":\"PropertyValueSpecification\",\"valueRequired\":true,\"valueName\":\"search_term_string\"}}],\"inLanguage\":\"fr-FR\"},{\"@type\":\"Person\",\"@id\":\"https:\/\/legrandcontinent.eu\/fr\/#\/schema\/person\/52f1217b490d99b0129aacfc21eb1a73\",\"name\":\"Alexandre Antonio\",\"image\":{\"@type\":\"ImageObject\",\"inLanguage\":\"fr-FR\",\"@id\":\"https:\/\/legrandcontinent.eu\/fr\/#\/schema\/person\/image\/\",\"url\":\"https:\/\/secure.gravatar.com\/avatar\/952fdff634ecaaa1a050dd647639f0e9?s=96&d=mm&r=g\",\"contentUrl\":\"https:\/\/secure.gravatar.com\/avatar\/952fdff634ecaaa1a050dd647639f0e9?s=96&d=mm&r=g\",\"caption\":\"Alexandre Antonio\"}}]}<\/script>\n<!-- \/ Yoast SEO plugin. -->","yoast_head_json":{"title":"La perception de l\u2019Europe centrale vis-\u00e0-vis des r\u00e9fugi\u00e9s ukrainiens | Le Grand Continent","robots":{"index":"index","follow":"follow","max-snippet":"max-snippet:-1","max-image-preview":"max-image-preview:large","max-video-preview":"max-video-preview:-1"},"canonical":"https:\/\/legrandcontinent.eu\/fr\/2023\/01\/03\/la-perception-de-leurope-centrale-vis-a-vis-des-refugies-ukrainiens\/","og_locale":"fr_FR","og_type":"article","og_title":"La perception de l\u2019Europe centrale vis-\u00e0-vis des r\u00e9fugi\u00e9s ukrainiens | Le Grand Continent","og_description":"Presque un an apr\u00e8s le d\u00e9but de la guerre en Ukraine, de r\u00e9cents sondages indiquent qu\u2019une partie de la population des pays d\u2019Europe centrale, principalement en Slovaquie, est d\u00e9fiante vis-\u00e0-vis de l\u2019accueil des r\u00e9fugi\u00e9s ukrainiens.","og_url":"https:\/\/legrandcontinent.eu\/fr\/2023\/01\/03\/la-perception-de-leurope-centrale-vis-a-vis-des-refugies-ukrainiens\/","og_site_name":"Le Grand Continent","article_published_time":"2023-01-03T17:40:00+00:00","og_image":[{"width":1453,"height":837,"url":"https:\/\/legrandcontinent.eu\/fr\/wp-content\/uploads\/sites\/2\/2023\/01\/gc-refugies-ukrainiens-europe-centrale-scaled-e1672765188466.jpg","type":"image\/jpeg"}],"author":"Alexandre Antonio","twitter_card":"summary_large_image","twitter_image":"https:\/\/legrandcontinent.eu\/fr\/wp-content\/uploads\/sites\/2\/2023\/01\/gc-refugies-ukrainiens-europe-centrale-scaled-e1672765188466.jpg","twitter_misc":{"\u00c9crit par":"Alexandre Antonio","Dur\u00e9e de lecture estim\u00e9e":"2 minutes"},"schema":{"@context":"https:\/\/schema.org","@graph":[{"@type":"WebPage","@id":"https:\/\/legrandcontinent.eu\/fr\/2023\/01\/03\/la-perception-de-leurope-centrale-vis-a-vis-des-refugies-ukrainiens\/","url":"https:\/\/legrandcontinent.eu\/fr\/2023\/01\/03\/la-perception-de-leurope-centrale-vis-a-vis-des-refugies-ukrainiens\/","name":"La perception de l\u2019Europe centrale vis-\u00e0-vis des r\u00e9fugi\u00e9s ukrainiens | Le Grand Continent","isPartOf":{"@id":"https:\/\/legrandcontinent.eu\/fr\/#website"},"primaryImageOfPage":{"@id":"https:\/\/legrandcontinent.eu\/fr\/2023\/01\/03\/la-perception-de-leurope-centrale-vis-a-vis-des-refugies-ukrainiens\/#primaryimage"},"image":{"@id":"https:\/\/legrandcontinent.eu\/fr\/2023\/01\/03\/la-perception-de-leurope-centrale-vis-a-vis-des-refugies-ukrainiens\/#primaryimage"},"thumbnailUrl":"https:\/\/legrandcontinent.eu\/fr\/wp-content\/uploads\/sites\/2\/2023\/01\/SRN0F-comment-percevez-vous-les-r-fugi-s-ukrainiens-.png","datePublished":"2023-01-03T17:40:00+00:00","author":{"@id":"https:\/\/legrandcontinent.eu\/fr\/#\/schema\/person\/52f1217b490d99b0129aacfc21eb1a73"},"breadcrumb":{"@id":"https:\/\/legrandcontinent.eu\/fr\/2023\/01\/03\/la-perception-de-leurope-centrale-vis-a-vis-des-refugies-ukrainiens\/#breadcrumb"},"inLanguage":"fr-FR","potentialAction":[{"@type":"ReadAction","target":["https:\/\/legrandcontinent.eu\/fr\/2023\/01\/03\/la-perception-de-leurope-centrale-vis-a-vis-des-refugies-ukrainiens\/"]}]},{"@type":"ImageObject","inLanguage":"fr-FR","@id":"https:\/\/legrandcontinent.eu\/fr\/2023\/01\/03\/la-perception-de-leurope-centrale-vis-a-vis-des-refugies-ukrainiens\/#primaryimage","url":"https:\/\/legrandcontinent.eu\/fr\/wp-content\/uploads\/sites\/2\/2023\/01\/SRN0F-comment-percevez-vous-les-r-fugi-s-ukrainiens-.png","contentUrl":"https:\/\/legrandcontinent.eu\/fr\/wp-content\/uploads\/sites\/2\/2023\/01\/SRN0F-comment-percevez-vous-les-r-fugi-s-ukrainiens-.png","width":1240,"height":840},{"@type":"BreadcrumbList","@id":"https:\/\/legrandcontinent.eu\/fr\/2023\/01\/03\/la-perception-de-leurope-centrale-vis-a-vis-des-refugies-ukrainiens\/#breadcrumb","itemListElement":[{"@type":"ListItem","position":1,"name":"Accueil","item":"https:\/\/legrandcontinent.eu\/fr\/"},{"@type":"ListItem","position":2,"name":"La perception de l\u2019Europe centrale vis-\u00e0-vis des r\u00e9fugi\u00e9s ukrainiens"}]},{"@type":"WebSite","@id":"https:\/\/legrandcontinent.eu\/fr\/#website","url":"https:\/\/legrandcontinent.eu\/fr\/","name":"Le Grand Continent","description":"L&#039;\u00e9chelle pertinente","potentialAction":[{"@type":"SearchAction","target":{"@type":"EntryPoint","urlTemplate":"https:\/\/legrandcontinent.eu\/fr\/?s={search_term_string}"},"query-input":{"@type":"PropertyValueSpecification","valueRequired":true,"valueName":"search_term_string"}}],"inLanguage":"fr-FR"},{"@type":"Person","@id":"https:\/\/legrandcontinent.eu\/fr\/#\/schema\/person\/52f1217b490d99b0129aacfc21eb1a73","name":"Alexandre Antonio","image":{"@type":"ImageObject","inLanguage":"fr-FR","@id":"https:\/\/legrandcontinent.eu\/fr\/#\/schema\/person\/image\/","url":"https:\/\/secure.gravatar.com\/avatar\/952fdff634ecaaa1a050dd647639f0e9?s=96&d=mm&r=g","contentUrl":"https:\/\/secure.gravatar.com\/avatar\/952fdff634ecaaa1a050dd647639f0e9?s=96&d=mm&r=g","caption":"Alexandre Antonio"}}]}},"lgc_categories":[{"id":1731,"name":"Politique","slug":"politique"}],"lgc_author":null,"feature_image_summary":{"url":"https:\/\/legrandcontinent.eu\/fr\/wp-content\/uploads\/sites\/2\/2023\/01\/SRN0F-comment-percevez-vous-les-r-fugi-s-ukrainiens-.png","width":1240,"height":840,"alt":""},"feature_image_cover":null,"term_position_data":null,"_links":{"self":[{"href":"https:\/\/legrandcontinent.eu\/fr\/wp-json\/wp\/v2\/posts\/173133","targetHints":{"allow":["GET"]}}],"collection":[{"href":"https:\/\/legrandcontinent.eu\/fr\/wp-json\/wp\/v2\/posts"}],"about":[{"href":"https:\/\/legrandcontinent.eu\/fr\/wp-json\/wp\/v2\/types\/post"}],"author":[{"embeddable":true,"href":"https:\/\/legrandcontinent.eu\/fr\/wp-json\/wp\/v2\/users\/3041"}],"replies":[{"embeddable":true,"href":"https:\/\/legrandcontinent.eu\/fr\/wp-json\/wp\/v2\/comments?post=173133"}],"version-history":[{"count":0,"href":"https:\/\/legrandcontinent.eu\/fr\/wp-json\/wp\/v2\/posts\/173133\/revisions"}],"wp:featuredmedia":[{"embeddable":true,"href":"https:\/\/legrandcontinent.eu\/fr\/wp-json\/wp\/v2\/media\/173132"}],"wp:attachment":[{"href":"https:\/\/legrandcontinent.eu\/fr\/wp-json\/wp\/v2\/media?parent=173133"}],"wp:term":[{"taxonomy":"category","embeddable":true,"href":"https:\/\/legrandcontinent.eu\/fr\/wp-json\/wp\/v2\/categories?post=173133"},{"taxonomy":"post_tag","embeddable":true,"href":"https:\/\/legrandcontinent.eu\/fr\/wp-json\/wp\/v2\/tags?post=173133"},{"taxonomy":"staff","embeddable":true,"href":"https:\/\/legrandcontinent.eu\/fr\/wp-json\/wp\/v2\/staff?post=173133"},{"taxonomy":"editorial_format","embeddable":true,"href":"https:\/\/legrandcontinent.eu\/fr\/wp-json\/wp\/v2\/editorial_format?post=173133"},{"taxonomy":"serie","embeddable":true,"href":"https:\/\/legrandcontinent.eu\/fr\/wp-json\/wp\/v2\/serie?post=173133"},{"taxonomy":"audience","embeddable":true,"href":"https:\/\/legrandcontinent.eu\/fr\/wp-json\/wp\/v2\/audience?post=173133"},{"taxonomy":"geo","embeddable":true,"href":"https:\/\/legrandcontinent.eu\/fr\/wp-json\/wp\/v2\/geo?post=173133"}],"curies":[{"name":"wp","href":"https:\/\/api.w.org\/{rel}","templated":true}]}}