{"id":171806,"date":"2022-12-19T17:16:05","date_gmt":"2022-12-19T16:16:05","guid":{"rendered":"https:\/\/legrandcontinent.eu\/fr\/?p=171806"},"modified":"2022-12-19T17:16:06","modified_gmt":"2022-12-19T16:16:06","slug":"signature-de-laccord-de-kunming-montreal-sur-la-biodiversite","status":"publish","type":"post","link":"https:\/\/legrandcontinent.eu\/fr\/2022\/12\/19\/signature-de-laccord-de-kunming-montreal-sur-la-biodiversite\/","title":{"rendered":"Signature de l\u2019accord de Kunming-Montr\u00e9al sur la biodiversit\u00e9"},"content":{"rendered":"\n<p>Une grande majorit\u00e9 des pays et parties ayant particip\u00e9 \u00e0 la <a href=\"https:\/\/legrandcontinent.eu\/fr\/2022\/12\/07\/les-perspectives-mondiales-pour-la-biodiversite\/\">COP 15<\/a> \u2014 qui s\u2019est achev\u00e9e aujourd\u2019hui \u2014 s\u2019accordent \u00e0 dire que l\u2019accord sign\u00e9 aujourd\u2019hui est historique de par sa dimension.<\/p>\n\n\n\n<figure class=\"wp-block-embed is-type-rich is-provider-twitter wp-block-embed-twitter\"><div class=\"wp-block-embed__wrapper\">\n<blockquote class=\"twitter-tweet\" data-width=\"550\" data-dnt=\"true\"><p lang=\"en\" dir=\"ltr\">\u2757\ufe0fWe are living a HISTORIC moment.<br><br>?Governments just adopted the Kunming-Montreal Global <a href=\"https:\/\/twitter.com\/hashtag\/Biodiversity?src=hash&amp;ref_src=twsrc%5Etfw\">#Biodiversity<\/a> Framework.<br><br>This landmark agreement <a href=\"https:\/\/twitter.com\/hashtag\/ForNature?src=hash&amp;ref_src=twsrc%5Etfw\">#ForNature<\/a> aims at halting &amp; reversing biodiversity loss by 2030.<a href=\"https:\/\/twitter.com\/hashtag\/NaturePositive?src=hash&amp;ref_src=twsrc%5Etfw\">#NaturePositive<\/a> <a href=\"https:\/\/twitter.com\/hashtag\/TeamEarth?src=hash&amp;ref_src=twsrc%5Etfw\">#TeamEarth<\/a> <a href=\"https:\/\/t.co\/zRwl49LoxS\">pic.twitter.com\/zRwl49LoxS<\/a><\/p>&mdash; Clement Metivier (@clemetivier) <a href=\"https:\/\/twitter.com\/clemetivier\/status\/1604759921693560832?ref_src=twsrc%5Etfw\">December 19, 2022<\/a><\/blockquote><script async src=\"https:\/\/platform.twitter.com\/widgets.js\" charset=\"utf-8\"><\/script>\n<\/div><\/figure>\n\n\n\n<p>Celui-ci, intitul\u00e9 \u00ab&#160;Cadre mondial pour la biodiversit\u00e9 de Kunming-Montr\u00e9al&#160;\u00bb, comporte plusieurs objectifs dont les plus importants sont&#160;:<\/p>\n\n\n\n<ul class=\"wp-block-list\">\n<li>la protection de 30&#160;% des zones terrestres et marines mondiales et la restauration de 30&#160;% des \u00e9cosyst\u00e8mes d\u00e9grad\u00e9s (aussi connu sous le nom de \u00ab&#160;programme 30\/30&#160;\u00bb&#160;;<\/li>\n\n\n\n<li>l\u2019augmentation \u00e0 30 milliards de dollars par an d\u2019ici 2030 des flux financiers d\u00e9di\u00e9s \u00e0 la biodiversit\u00e9 destin\u00e9s aux pays en d\u00e9veloppement&#160;;<\/li>\n\n\n\n<li>la cr\u00e9ation d\u2019un nouveau Fonds mondial pour la biodiversit\u00e9, au sein d\u2019une organisation d\u00e9j\u00e0 existante (le Fonds pour l&rsquo;environnement mondial, cr\u00e9\u00e9 en 1991)&nbsp;<span class='whitespace-nowrap'><span id='easy-footnote-1-171806' class='easy-footnote-margin-adjust'><\/span><span class='easy-footnote'><a href='https:\/\/legrandcontinent.eu\/fr\/2022\/12\/19\/signature-de-laccord-de-kunming-montreal-sur-la-biodiversite\/#easy-footnote-bottom-1-171806' title='&lt;a href=&quot;https:\/\/www.cbd.int\/doc\/c\/e6d3\/cd1d\/daf663719a03902a9b116c34\/cop-15-l-25-en.pdf&quot;&gt;Kunming-Montreal Global biodiversity framework Draft decision submitted by the President&lt;\/a&gt;, Convention on Biological Diversity, 18 d\u00e9cembre 2022.'><sup>1<\/sup><\/a><\/span><\/span>.<\/li>\n<\/ul>\n\n\n\n<div class=\"iframe-container wp-block-image wp-block-image-medium \">\n\t<div>\n\t\t<iframe class=\"absolute w-full h-full pin-t pin-l\" title=\"titolo\" aria-label=\"Interactive line chart\" src=\"\/\/flo.uri.sh\/visualisation\/12090920\/embed\" scrolling=\"no\" frameborder=\"0\"><\/iframe>\n\t<\/div>\n<\/div>\n\n\n\n<p>Actuellement, le montant total des \u00ab&#160;solutions prenant en compte la nature&#160;\u00bb (ou Nbs) \u2014 qui regroupent les actions visant \u00e0 prot\u00e9ger, conserver, restaurer, utiliser et g\u00e9rer de mani\u00e8re durable les \u00e9cosyst\u00e8mes \u2014 est de 154 milliards de dollars par an, selon les Nations unies. Celui-ci devrait tripler d\u2019ici 2030 pour limiter le r\u00e9chauffement climatique \u00e0 1,5\u00b0C, stopper la perte de biodiversit\u00e9 et atteindre la neutralit\u00e9 en mati\u00e8re de d\u00e9gradation des terres&nbsp;<span class='whitespace-nowrap'><span id='easy-footnote-2-171806' class='easy-footnote-margin-adjust'><\/span><span class='easy-footnote'><a href='https:\/\/legrandcontinent.eu\/fr\/2022\/12\/19\/signature-de-laccord-de-kunming-montreal-sur-la-biodiversite\/#easy-footnote-bottom-2-171806' title='&lt;a href=&quot;https:\/\/wedocs.unep.org\/bitstream\/handle\/20.500.11822\/41333\/state_finance_nature.pdf?sequence=3&quot;&gt;State of Finance for Nature&amp;#160;? Time to act&amp;#160;: Doubling finance flows into nature-based solutions by 2025 to deal with global crises&lt;\/a&gt;, Nations unies, 1er d\u00e9cembre 2022.'><sup>2<\/sup><\/a><\/span><\/span>.<\/p>\n\n\n\n<p>Ce sont principalement les pays du Sud qui font face \u00e0 la perte de la biodiversit\u00e9.<\/p>\n\n\n\n<ul class=\"wp-block-list\">\n<li>Selon l\u2019Indice plan\u00e8te vivante du WWF, 20&#160;% de la biodiversit\u00e9 en Europe, Asie centrale et Am\u00e9rique du Nord a \u00e9t\u00e9 perdue depuis 1970.<\/li>\n\n\n\n<li>Cette baisse est bien inf\u00e9rieure \u00e0 la moyenne mondiale de 69&#160;%, principalement tir\u00e9e vers le bas par l\u2019Am\u00e9rique latine et les Cara\u00efbes.<\/li>\n<\/ul>\n\n\n\n<div class=\"iframe-container wp-block-image wp-block-image-medium \">\n\t<div>\n\t\t<iframe class=\"absolute w-full h-full pin-t pin-l\" title=\"titolo\" aria-label=\"Interactive line chart\" src=\"\/\/flo.uri.sh\/visualisation\/12089562\/embed\" scrolling=\"no\" frameborder=\"0\"><\/iframe>\n\t<\/div>\n<\/div>\n\n\n\n<p>Plusieurs pays du Sud (R\u00e9publique d\u00e9mocratique du Congo, Cameroun et Ouganda notamment) se sont oppos\u00e9s \u00e0 l\u2019accord dans les derni\u00e8res heures de n\u00e9gociation en raison du montant jug\u00e9 trop faible des engagements financiers ainsi que de l\u2019utilisation d\u2019un Fonds d\u00e9j\u00e0 existant. Ces pr\u00e9occupations ont toutefois \u00e9t\u00e9 mises de c\u00f4t\u00e9 par le ministre de l\u2019\u00c9cologie et de l\u2019Environnement chinois assurant la pr\u00e9sidence du sommet, Huang Runqiu&nbsp;<span class='whitespace-nowrap'><span id='easy-footnote-3-171806' class='easy-footnote-margin-adjust'><\/span><span class='easy-footnote'><a href='https:\/\/legrandcontinent.eu\/fr\/2022\/12\/19\/signature-de-laccord-de-kunming-montreal-sur-la-biodiversite\/#easy-footnote-bottom-3-171806' title='Michael Casey, \u00ab&amp;#160;&lt;a href=&quot;https:\/\/apnews.com\/article\/china-united-nations-biodiversity-climate-and-environment-eee5683a8fac71540f94e9934031bd22?utm_source=dailybrief&amp;amp;utm_medium=email&amp;amp;utm_campaign=DailyBrief2022Dec19&amp;amp;utm_term=DailyNewsBrief&quot;&gt;Historic biodiversity agreement reached at UN conference&lt;\/a&gt;&amp;#160;\u00bb, &lt;em&gt;AP&lt;\/em&gt;, 19 d\u00e9cembre 2022.'><sup>3<\/sup><\/a><\/span><\/span>.<\/p>\n\n\n\n<ul class=\"wp-block-list\">\n<li>Malgr\u00e9 la port\u00e9e historique de l\u2019accord, plusieurs inconnues subsistent.<\/li>\n\n\n\n<li>Aucun m\u00e9canisme contraignant permettant de s\u2019assurer que les objectifs fix\u00e9s \u00e0 Montr\u00e9al seront respect\u00e9s ne figure dans l\u2019accord.<\/li>\n\n\n\n<li>Certains \u00e9l\u00e9ments du m\u00e9canisme de suivi des engagements devront \u00eatre pr\u00e9cis\u00e9s lors de la prochaine Conf\u00e9rence sur la Biodiversit\u00e9 qui se tiendra en Turquie, dans deux ans.<\/li>\n<\/ul>\n","protected":false},"excerpt":{"rendered":"<p>Aujourd\u2019hui, plus de 190 pays r\u00e9unis \u00e0 Montr\u00e9al pour la COP 15 se sont engag\u00e9s \u00e0 prot\u00e9ger 30&#160;&#160;% de la plan\u00e8te et restaurer 30&#160;&#160;% des \u00e9cosyst\u00e8mes perdus d\u2019ici 2030. Malgr\u00e9 la conclusion de cet accord historique, plusieurs pays du Sud consid\u00e8rent que les sommes promises pour la biodiversit\u00e9 demeurent trop faibles.<\/p>\n","protected":false},"author":2622,"featured_media":171810,"comment_status":"closed","ping_status":"closed","sticky":false,"template":"templates\/post-briefings.php","format":"standard","meta":{"_acf_changed":false,"_trash_the_other_posts":false,"_yoast_wpseo_estimated-reading-time-minutes":3,"footnotes":""},"categories":[1730],"tags":[],"staff":[],"editorial_format":[],"serie":[],"audience":[],"geo":[525],"class_list":["post-171806","post","type-post","status-publish","format-standard","hentry","category-energie-et-environnement","geo-ameriques"],"acf":{"open_in_webview":false,"accent":false},"yoast_head":"<!-- This site is optimized with the Yoast SEO plugin v26.1.1 - https:\/\/yoast.com\/wordpress\/plugins\/seo\/ -->\n<title>Signature de l\u2019accord de Kunming-Montr\u00e9al sur la biodiversit\u00e9 | Le Grand Continent<\/title>\n<meta name=\"robots\" content=\"index, follow, max-snippet:-1, max-image-preview:large, max-video-preview:-1\" \/>\n<link rel=\"canonical\" href=\"https:\/\/legrandcontinent.eu\/fr\/2022\/12\/19\/signature-de-laccord-de-kunming-montreal-sur-la-biodiversite\/\" \/>\n<meta property=\"og:locale\" content=\"fr_FR\" \/>\n<meta property=\"og:type\" content=\"article\" \/>\n<meta property=\"og:title\" content=\"Signature de l\u2019accord de Kunming-Montr\u00e9al sur la biodiversit\u00e9 | Le Grand Continent\" \/>\n<meta property=\"og:description\" content=\"Aujourd\u2019hui, plus de 190 pays r\u00e9unis \u00e0 Montr\u00e9al pour la COP 15 se sont engag\u00e9s \u00e0 prot\u00e9ger 30&#160;% de la plan\u00e8te et restaurer 30&#160;% des \u00e9cosyst\u00e8mes perdus d\u2019ici 2030. Malgr\u00e9 la conclusion de cet accord historique, plusieurs pays du Sud consid\u00e8rent que les sommes promises pour la biodiversit\u00e9 demeurent trop faibles.\" \/>\n<meta property=\"og:url\" content=\"https:\/\/legrandcontinent.eu\/fr\/2022\/12\/19\/signature-de-laccord-de-kunming-montreal-sur-la-biodiversite\/\" \/>\n<meta property=\"og:site_name\" content=\"Le Grand Continent\" \/>\n<meta property=\"article:published_time\" content=\"2022-12-19T16:16:05+00:00\" \/>\n<meta property=\"article:modified_time\" content=\"2022-12-19T16:16:06+00:00\" \/>\n<meta property=\"og:image\" content=\"https:\/\/legrandcontinent.eu\/fr\/wp-content\/uploads\/sites\/2\/2022\/12\/gc-COP15-Montreal-scaled-e1671466351824.jpg\" \/>\n\t<meta property=\"og:image:width\" content=\"1954\" \/>\n\t<meta property=\"og:image:height\" content=\"1125\" \/>\n\t<meta property=\"og:image:type\" content=\"image\/jpeg\" \/>\n<meta name=\"author\" content=\"Marin Saillofest\" \/>\n<meta name=\"twitter:card\" content=\"summary_large_image\" \/>\n<meta name=\"twitter:image\" content=\"https:\/\/legrandcontinent.eu\/fr\/wp-content\/uploads\/sites\/2\/2022\/12\/gc-COP15-Montreal-scaled-e1671466351824.jpg\" \/>\n<meta name=\"twitter:label1\" content=\"\u00c9crit par\" \/>\n\t<meta name=\"twitter:data1\" content=\"Marin Saillofest\" \/>\n\t<meta name=\"twitter:label2\" content=\"Dur\u00e9e de lecture estim\u00e9e\" \/>\n\t<meta name=\"twitter:data2\" content=\"3 minutes\" \/>\n<script type=\"application\/ld+json\" class=\"yoast-schema-graph\">{\"@context\":\"https:\/\/schema.org\",\"@graph\":[{\"@type\":\"WebPage\",\"@id\":\"https:\/\/legrandcontinent.eu\/fr\/2022\/12\/19\/signature-de-laccord-de-kunming-montreal-sur-la-biodiversite\/\",\"url\":\"https:\/\/legrandcontinent.eu\/fr\/2022\/12\/19\/signature-de-laccord-de-kunming-montreal-sur-la-biodiversite\/\",\"name\":\"Signature de l\u2019accord de Kunming-Montr\u00e9al sur la biodiversit\u00e9 | Le Grand Continent\",\"isPartOf\":{\"@id\":\"https:\/\/legrandcontinent.eu\/fr\/#website\"},\"primaryImageOfPage\":{\"@id\":\"https:\/\/legrandcontinent.eu\/fr\/2022\/12\/19\/signature-de-laccord-de-kunming-montreal-sur-la-biodiversite\/#primaryimage\"},\"image\":{\"@id\":\"https:\/\/legrandcontinent.eu\/fr\/2022\/12\/19\/signature-de-laccord-de-kunming-montreal-sur-la-biodiversite\/#primaryimage\"},\"thumbnailUrl\":\"https:\/\/legrandcontinent.eu\/fr\/wp-content\/uploads\/sites\/2\/2022\/12\/Capture-de\u0301cran-2022-12-19-a\u0300-17.13.03.jpg\",\"datePublished\":\"2022-12-19T16:16:05+00:00\",\"dateModified\":\"2022-12-19T16:16:06+00:00\",\"author\":{\"@id\":\"https:\/\/legrandcontinent.eu\/fr\/#\/schema\/person\/e4f85f52220fc7b4cc3cfdb86d88e833\"},\"breadcrumb\":{\"@id\":\"https:\/\/legrandcontinent.eu\/fr\/2022\/12\/19\/signature-de-laccord-de-kunming-montreal-sur-la-biodiversite\/#breadcrumb\"},\"inLanguage\":\"fr-FR\",\"potentialAction\":[{\"@type\":\"ReadAction\",\"target\":[\"https:\/\/legrandcontinent.eu\/fr\/2022\/12\/19\/signature-de-laccord-de-kunming-montreal-sur-la-biodiversite\/\"]}]},{\"@type\":\"ImageObject\",\"inLanguage\":\"fr-FR\",\"@id\":\"https:\/\/legrandcontinent.eu\/fr\/2022\/12\/19\/signature-de-laccord-de-kunming-montreal-sur-la-biodiversite\/#primaryimage\",\"url\":\"https:\/\/legrandcontinent.eu\/fr\/wp-content\/uploads\/sites\/2\/2022\/12\/Capture-de\u0301cran-2022-12-19-a\u0300-17.13.03.jpg\",\"contentUrl\":\"https:\/\/legrandcontinent.eu\/fr\/wp-content\/uploads\/sites\/2\/2022\/12\/Capture-de\u0301cran-2022-12-19-a\u0300-17.13.03.jpg\",\"width\":2546,\"height\":1194},{\"@type\":\"BreadcrumbList\",\"@id\":\"https:\/\/legrandcontinent.eu\/fr\/2022\/12\/19\/signature-de-laccord-de-kunming-montreal-sur-la-biodiversite\/#breadcrumb\",\"itemListElement\":[{\"@type\":\"ListItem\",\"position\":1,\"name\":\"Accueil\",\"item\":\"https:\/\/legrandcontinent.eu\/fr\/\"},{\"@type\":\"ListItem\",\"position\":2,\"name\":\"Signature de l\u2019accord de Kunming-Montr\u00e9al sur la biodiversit\u00e9\"}]},{\"@type\":\"WebSite\",\"@id\":\"https:\/\/legrandcontinent.eu\/fr\/#website\",\"url\":\"https:\/\/legrandcontinent.eu\/fr\/\",\"name\":\"Le Grand Continent\",\"description\":\"L&#039;\u00e9chelle pertinente\",\"potentialAction\":[{\"@type\":\"SearchAction\",\"target\":{\"@type\":\"EntryPoint\",\"urlTemplate\":\"https:\/\/legrandcontinent.eu\/fr\/?s={search_term_string}\"},\"query-input\":{\"@type\":\"PropertyValueSpecification\",\"valueRequired\":true,\"valueName\":\"search_term_string\"}}],\"inLanguage\":\"fr-FR\"},{\"@type\":\"Person\",\"@id\":\"https:\/\/legrandcontinent.eu\/fr\/#\/schema\/person\/e4f85f52220fc7b4cc3cfdb86d88e833\",\"name\":\"Marin Saillofest\",\"image\":{\"@type\":\"ImageObject\",\"inLanguage\":\"fr-FR\",\"@id\":\"https:\/\/legrandcontinent.eu\/fr\/#\/schema\/person\/image\/\",\"url\":\"https:\/\/secure.gravatar.com\/avatar\/87088698b4d967390c49ae6d4f1aa459?s=96&d=mm&r=g\",\"contentUrl\":\"https:\/\/secure.gravatar.com\/avatar\/87088698b4d967390c49ae6d4f1aa459?s=96&d=mm&r=g\",\"caption\":\"Marin Saillofest\"}}]}<\/script>\n<!-- \/ Yoast SEO plugin. -->","yoast_head_json":{"title":"Signature de l\u2019accord de Kunming-Montr\u00e9al sur la biodiversit\u00e9 | Le Grand Continent","robots":{"index":"index","follow":"follow","max-snippet":"max-snippet:-1","max-image-preview":"max-image-preview:large","max-video-preview":"max-video-preview:-1"},"canonical":"https:\/\/legrandcontinent.eu\/fr\/2022\/12\/19\/signature-de-laccord-de-kunming-montreal-sur-la-biodiversite\/","og_locale":"fr_FR","og_type":"article","og_title":"Signature de l\u2019accord de Kunming-Montr\u00e9al sur la biodiversit\u00e9 | Le Grand Continent","og_description":"Aujourd\u2019hui, plus de 190 pays r\u00e9unis \u00e0 Montr\u00e9al pour la COP 15 se sont engag\u00e9s \u00e0 prot\u00e9ger 30&#160;% de la plan\u00e8te et restaurer 30&#160;% des \u00e9cosyst\u00e8mes perdus d\u2019ici 2030. Malgr\u00e9 la conclusion de cet accord historique, plusieurs pays du Sud consid\u00e8rent que les sommes promises pour la biodiversit\u00e9 demeurent trop faibles.","og_url":"https:\/\/legrandcontinent.eu\/fr\/2022\/12\/19\/signature-de-laccord-de-kunming-montreal-sur-la-biodiversite\/","og_site_name":"Le Grand Continent","article_published_time":"2022-12-19T16:16:05+00:00","article_modified_time":"2022-12-19T16:16:06+00:00","og_image":[{"width":1954,"height":1125,"url":"https:\/\/legrandcontinent.eu\/fr\/wp-content\/uploads\/sites\/2\/2022\/12\/gc-COP15-Montreal-scaled-e1671466351824.jpg","type":"image\/jpeg"}],"author":"Marin Saillofest","twitter_card":"summary_large_image","twitter_image":"https:\/\/legrandcontinent.eu\/fr\/wp-content\/uploads\/sites\/2\/2022\/12\/gc-COP15-Montreal-scaled-e1671466351824.jpg","twitter_misc":{"\u00c9crit par":"Marin Saillofest","Dur\u00e9e de lecture estim\u00e9e":"3 minutes"},"schema":{"@context":"https:\/\/schema.org","@graph":[{"@type":"WebPage","@id":"https:\/\/legrandcontinent.eu\/fr\/2022\/12\/19\/signature-de-laccord-de-kunming-montreal-sur-la-biodiversite\/","url":"https:\/\/legrandcontinent.eu\/fr\/2022\/12\/19\/signature-de-laccord-de-kunming-montreal-sur-la-biodiversite\/","name":"Signature de l\u2019accord de Kunming-Montr\u00e9al sur la biodiversit\u00e9 | Le Grand Continent","isPartOf":{"@id":"https:\/\/legrandcontinent.eu\/fr\/#website"},"primaryImageOfPage":{"@id":"https:\/\/legrandcontinent.eu\/fr\/2022\/12\/19\/signature-de-laccord-de-kunming-montreal-sur-la-biodiversite\/#primaryimage"},"image":{"@id":"https:\/\/legrandcontinent.eu\/fr\/2022\/12\/19\/signature-de-laccord-de-kunming-montreal-sur-la-biodiversite\/#primaryimage"},"thumbnailUrl":"https:\/\/legrandcontinent.eu\/fr\/wp-content\/uploads\/sites\/2\/2022\/12\/Capture-de\u0301cran-2022-12-19-a\u0300-17.13.03.jpg","datePublished":"2022-12-19T16:16:05+00:00","dateModified":"2022-12-19T16:16:06+00:00","author":{"@id":"https:\/\/legrandcontinent.eu\/fr\/#\/schema\/person\/e4f85f52220fc7b4cc3cfdb86d88e833"},"breadcrumb":{"@id":"https:\/\/legrandcontinent.eu\/fr\/2022\/12\/19\/signature-de-laccord-de-kunming-montreal-sur-la-biodiversite\/#breadcrumb"},"inLanguage":"fr-FR","potentialAction":[{"@type":"ReadAction","target":["https:\/\/legrandcontinent.eu\/fr\/2022\/12\/19\/signature-de-laccord-de-kunming-montreal-sur-la-biodiversite\/"]}]},{"@type":"ImageObject","inLanguage":"fr-FR","@id":"https:\/\/legrandcontinent.eu\/fr\/2022\/12\/19\/signature-de-laccord-de-kunming-montreal-sur-la-biodiversite\/#primaryimage","url":"https:\/\/legrandcontinent.eu\/fr\/wp-content\/uploads\/sites\/2\/2022\/12\/Capture-de\u0301cran-2022-12-19-a\u0300-17.13.03.jpg","contentUrl":"https:\/\/legrandcontinent.eu\/fr\/wp-content\/uploads\/sites\/2\/2022\/12\/Capture-de\u0301cran-2022-12-19-a\u0300-17.13.03.jpg","width":2546,"height":1194},{"@type":"BreadcrumbList","@id":"https:\/\/legrandcontinent.eu\/fr\/2022\/12\/19\/signature-de-laccord-de-kunming-montreal-sur-la-biodiversite\/#breadcrumb","itemListElement":[{"@type":"ListItem","position":1,"name":"Accueil","item":"https:\/\/legrandcontinent.eu\/fr\/"},{"@type":"ListItem","position":2,"name":"Signature de l\u2019accord de Kunming-Montr\u00e9al sur la biodiversit\u00e9"}]},{"@type":"WebSite","@id":"https:\/\/legrandcontinent.eu\/fr\/#website","url":"https:\/\/legrandcontinent.eu\/fr\/","name":"Le Grand Continent","description":"L&#039;\u00e9chelle pertinente","potentialAction":[{"@type":"SearchAction","target":{"@type":"EntryPoint","urlTemplate":"https:\/\/legrandcontinent.eu\/fr\/?s={search_term_string}"},"query-input":{"@type":"PropertyValueSpecification","valueRequired":true,"valueName":"search_term_string"}}],"inLanguage":"fr-FR"},{"@type":"Person","@id":"https:\/\/legrandcontinent.eu\/fr\/#\/schema\/person\/e4f85f52220fc7b4cc3cfdb86d88e833","name":"Marin Saillofest","image":{"@type":"ImageObject","inLanguage":"fr-FR","@id":"https:\/\/legrandcontinent.eu\/fr\/#\/schema\/person\/image\/","url":"https:\/\/secure.gravatar.com\/avatar\/87088698b4d967390c49ae6d4f1aa459?s=96&d=mm&r=g","contentUrl":"https:\/\/secure.gravatar.com\/avatar\/87088698b4d967390c49ae6d4f1aa459?s=96&d=mm&r=g","caption":"Marin Saillofest"}}]}},"lgc_categories":[{"id":1730,"name":"\u00c9nergie et environnement","slug":"energie-et-environnement"}],"lgc_author":null,"feature_image_summary":{"url":"https:\/\/legrandcontinent.eu\/fr\/wp-content\/uploads\/sites\/2\/2022\/12\/Capture-de\u0301cran-2022-12-19-a\u0300-17.13.03.jpg","width":2546,"height":1194,"alt":""},"feature_image_cover":null,"term_position_data":null,"_links":{"self":[{"href":"https:\/\/legrandcontinent.eu\/fr\/wp-json\/wp\/v2\/posts\/171806","targetHints":{"allow":["GET"]}}],"collection":[{"href":"https:\/\/legrandcontinent.eu\/fr\/wp-json\/wp\/v2\/posts"}],"about":[{"href":"https:\/\/legrandcontinent.eu\/fr\/wp-json\/wp\/v2\/types\/post"}],"author":[{"embeddable":true,"href":"https:\/\/legrandcontinent.eu\/fr\/wp-json\/wp\/v2\/users\/2622"}],"replies":[{"embeddable":true,"href":"https:\/\/legrandcontinent.eu\/fr\/wp-json\/wp\/v2\/comments?post=171806"}],"version-history":[{"count":0,"href":"https:\/\/legrandcontinent.eu\/fr\/wp-json\/wp\/v2\/posts\/171806\/revisions"}],"wp:featuredmedia":[{"embeddable":true,"href":"https:\/\/legrandcontinent.eu\/fr\/wp-json\/wp\/v2\/media\/171810"}],"wp:attachment":[{"href":"https:\/\/legrandcontinent.eu\/fr\/wp-json\/wp\/v2\/media?parent=171806"}],"wp:term":[{"taxonomy":"category","embeddable":true,"href":"https:\/\/legrandcontinent.eu\/fr\/wp-json\/wp\/v2\/categories?post=171806"},{"taxonomy":"post_tag","embeddable":true,"href":"https:\/\/legrandcontinent.eu\/fr\/wp-json\/wp\/v2\/tags?post=171806"},{"taxonomy":"staff","embeddable":true,"href":"https:\/\/legrandcontinent.eu\/fr\/wp-json\/wp\/v2\/staff?post=171806"},{"taxonomy":"editorial_format","embeddable":true,"href":"https:\/\/legrandcontinent.eu\/fr\/wp-json\/wp\/v2\/editorial_format?post=171806"},{"taxonomy":"serie","embeddable":true,"href":"https:\/\/legrandcontinent.eu\/fr\/wp-json\/wp\/v2\/serie?post=171806"},{"taxonomy":"audience","embeddable":true,"href":"https:\/\/legrandcontinent.eu\/fr\/wp-json\/wp\/v2\/audience?post=171806"},{"taxonomy":"geo","embeddable":true,"href":"https:\/\/legrandcontinent.eu\/fr\/wp-json\/wp\/v2\/geo?post=171806"}],"curies":[{"name":"wp","href":"https:\/\/api.w.org\/{rel}","templated":true}]}}