{"id":170810,"date":"2022-12-09T12:46:06","date_gmt":"2022-12-09T11:46:06","guid":{"rendered":"https:\/\/legrandcontinent.eu\/fr\/?p=170810"},"modified":"2022-12-09T18:21:44","modified_gmt":"2022-12-09T17:21:44","slug":"le-defi-de-dina-boluarte-au-perou","status":"publish","type":"post","link":"https:\/\/legrandcontinent.eu\/fr\/2022\/12\/09\/le-defi-de-dina-boluarte-au-perou\/","title":{"rendered":"Le d\u00e9fi de Dina Boluarte au P\u00e9rou"},"content":{"rendered":"\n<h3 class=\"wp-block-heading\">Comment expliquer ce qu&rsquo;il se passe au P\u00e9rou&#160;?<\/h3>\n\n\n\n<p>Le P\u00e9rou conna\u00eet depuis plusieurs ann\u00e9es une crise institutionnelle. En ce sens, <a href=\"https:\/\/legrandcontinent.eu\/fr\/2022\/12\/08\/le-perou-apres-le-coup-manque-de-castillo\/\">ce qu\u2019il s\u2019est pass\u00e9 mercredi<\/a> n\u2019est pas nouveau. Ce qui est une bonne et une mauvaise nouvelle, c&rsquo;est la mani\u00e8re dont l&rsquo;\u00e9conomie a \u00e9t\u00e9 d\u00e9coupl\u00e9e de la politique.<\/p>\n\n\n\n<h3 class=\"wp-block-heading\">Pourquoi n&rsquo;a-t-il jamais vraiment r\u00e9ussi \u00e0 gouverner&#160;? Qu&rsquo;est-ce qui lui a manqu\u00e9&#160;?<\/h3>\n\n\n\n<p>Castillo a eu de s\u00e9rieux probl\u00e8mes avec la crise institutionnelle qui \u00e9tait l\u00e0 bien avant lui, mais ses d\u00e9cisions ont co\u00fbt\u00e9 cher.<\/p>\n\n\n\n<p>L\u2019ancien pr\u00e9sident a cherch\u00e9 refuge dans l&rsquo;Organisation des \u00c9tats am\u00e9ricains (OEA), qui s&rsquo;est av\u00e9r\u00e9e n&rsquo;avoir aucune cr\u00e9dibilit\u00e9 pour pouvoir parler de d\u00e9mocratie dans les pays o\u00f9 elle pr\u00e9tend travailler.<\/p>\n\n\n\n<div class=\"iframe-container wp-block-image wp-block-image-medium  iframe-dw\">\n\t<div>\n\t\t<iframe class=\"absolute w-full h-full pin-t pin-l\" title=\"titolo\" aria-label=\"Interactive line chart\" src=\"\/\/datawrapper.dwcdn.net\/71LoK\/\" scrolling=\"no\" frameborder=\"0\"><\/iframe>\n\t<\/div>\n<\/div>\n\n\n\n<h3 class=\"wp-block-heading\">Y avait-il une relation quelconque entre Castillo et le groupe de Puebla, et pourquoi&#160;?<\/h3>\n\n\n\n<p>Avant que Pedro Castillo ne prenne ses fonctions, nous avons pu le rencontrer et discuter avec le <a href=\"https:\/\/legrandcontinent.eu\/fr\/2020\/10\/24\/marco-enriquez-ominami\/\">Grupo de Puebla<\/a> \u2014 un forum politique et acad\u00e9mique compos\u00e9 de repr\u00e9sentants de la gauche politique latino-am\u00e9ricaine \u2014 aux c\u00f4t\u00e9s de Dina Boluarte, dans le cadre d\u2019une r\u00e9union protocolaire pour lui souhaiter bon courage pour sa pr\u00e9sidence.<\/p>\n\n\n\n<p>Par la suite, nous avons eu \u2014 avec le Grupo de Puebla \u2014 des relations avec Dina Boluarte, Ver\u00f3nika Mendoza, ancienne d\u00e9put\u00e9 p\u00e9ruvienne et candidate \u00e0 la pr\u00e9sidentielle de 2021, et avec Mocha Garc\u00eda Naranjo, ancienne secr\u00e9taire-g\u00e9n\u00e9rale du Partido Socialista p\u00e9ruvien.<\/p>\n\n\n\n<p>Nous avons toujours eu des relations tr\u00e8s difficiles avec le pr\u00e9sident Castillo, en raison de ses d\u00e9cisions&nbsp;<span class='whitespace-nowrap'><span id='easy-footnote-1-170810' class='easy-footnote-margin-adjust'><\/span><span class='easy-footnote'><a href='https:\/\/legrandcontinent.eu\/fr\/2022\/12\/09\/le-defi-de-dina-boluarte-au-perou\/#easy-footnote-bottom-1-170810' title='Je m&amp;rsquo;exprime ici \u00e0 titre personnel, et non en tant que porte-parole du Grupo de Puebla.'><sup>1<\/sup><\/a><\/span><\/span>.<\/p>\n\n\n\n<div class=\"iframe-container wp-block-image wp-block-image-medium  iframe-dw\">\n\t<div>\n\t\t<iframe class=\"absolute w-full h-full pin-t pin-l\" title=\"titolo\" aria-label=\"Interactive line chart\" src=\"\/\/datawrapper.dwcdn.net\/gLOGW\/\" scrolling=\"no\" frameborder=\"0\"><\/iframe>\n\t<\/div>\n<\/div>\n\n\n\n<h3 class=\"wp-block-heading\">Quelle est la r\u00e9action \u00e0 l&rsquo;auto-coup d&rsquo;Etat&#160;?<\/h3>\n\n\n\n<p>Il nous semble que le pr\u00e9sident a pris une d\u00e9cision complexe, et que c&rsquo;est maintenant \u00e0 Dina Boluarte de garantir la stabilit\u00e9 d\u00e9mocratique qu&rsquo;il n&rsquo;a pu obtenir.<\/p>\n\n\n\n<p>Ce qui a \u00e9chou\u00e9 dans cet \u00ab&#160;<a href=\"https:\/\/legrandcontinent.eu\/fr\/2022\/12\/08\/lapres-coup-detat-au-perou\/\">auto-coup d\u2019\u00c9tat<\/a>&#160;\u00bb, c&rsquo;est la l\u00e9gitimit\u00e9 institutionnelle&#160;; la l\u00e9gitimit\u00e9 du pr\u00e9sident Castillo, et un certain nombre d&rsquo;attaques tr\u00e8s vicieuses de la part d&rsquo;une opposition implacable \u2014 qui ne s&rsquo;est jamais int\u00e9ress\u00e9e au destin du pays, et qui a plut\u00f4t toujours fait passer avant toute chose son int\u00e9r\u00eat \u00e0 court terme.<\/p>\n\n\n\n<div class=\"iframe-container wp-block-image wp-block-image-medium  iframe-dw\">\n\t<div>\n\t\t<iframe class=\"absolute w-full h-full pin-t pin-l\" title=\"titolo\" aria-label=\"Interactive line chart\" src=\"\/\/datawrapper.dwcdn.net\/NCgEN\/\" scrolling=\"no\" frameborder=\"0\"><\/iframe>\n\t<\/div>\n<\/div>\n\n\n\n<h3 class=\"wp-block-heading\">Avec une popularit\u00e9 du Congr\u00e8s aussi faible dans l&rsquo;opinion publique p\u00e9ruvienne, que signifie d\u00e9fendre la d\u00e9mocratie au P\u00e9rou&#160;?<\/h3>\n\n\n\n<p>Aujourd&rsquo;hui, le syst\u00e8me politique p\u00e9ruvien montre, une fois de plus, un s\u00e9rieux probl\u00e8me de stabilit\u00e9, et Dina Boluarte devra&#160;: construire une base de soutien tr\u00e8s large&#160;; garantir qu\u2019elle saura travailler avec des secteurs \u00e9loign\u00e9s et construire un plan, une s\u00e9quence&#160;; au niveau international, il est important qu&rsquo;elle soit aid\u00e9e pour faire avancer la stabilit\u00e9 d\u00e9mocratique.<\/p>\n","protected":false},"excerpt":{"rendered":"<p>Apr\u00e8s la tentative de coup d\u2019\u00c9tat de l\u2019ex-pr\u00e9sident p\u00e9ruvien Pedro Castillo, sa vice-pr\u00e9sidente, Dina Boluarte, a \u00e9t\u00e9 investie par le Congr\u00e8s, devenant ainsi la premi\u00e8re femme \u00e0 diriger le pays. Nous avons pos\u00e9 5 questions \u00e0 l\u2019homme politique chilien Marco Enr\u00edquez-Ominami, membre du Grupo de Puebla, pour qui Dina Boluarte devra construire une base de soutien tr\u00e8s large pour faire avancer la stabilit\u00e9 d\u00e9mocratique.<\/p>\n","protected":false},"author":2622,"featured_media":170813,"comment_status":"closed","ping_status":"closed","sticky":false,"template":"templates\/post-briefings.php","format":"standard","meta":{"_acf_changed":false,"_trash_the_other_posts":false,"_yoast_wpseo_estimated-reading-time-minutes":3,"footnotes":""},"categories":[1731],"tags":[],"staff":[2946],"editorial_format":[],"serie":[],"audience":[],"geo":[525],"class_list":["post-170810","post","type-post","status-publish","format-standard","hentry","category-politique","staff-marco-enriquez-ominami","geo-ameriques"],"acf":{"open_in_webview":false,"accent":false},"yoast_head":"<!-- This site is optimized with the Yoast SEO plugin v26.1.1 - https:\/\/yoast.com\/wordpress\/plugins\/seo\/ -->\n<title>Le d\u00e9fi de Dina Boluarte au P\u00e9rou | Le Grand Continent<\/title>\n<meta name=\"robots\" content=\"index, follow, max-snippet:-1, max-image-preview:large, max-video-preview:-1\" \/>\n<link rel=\"canonical\" href=\"https:\/\/legrandcontinent.eu\/fr\/2022\/12\/09\/le-defi-de-dina-boluarte-au-perou\/\" \/>\n<meta property=\"og:locale\" content=\"fr_FR\" \/>\n<meta property=\"og:type\" content=\"article\" \/>\n<meta property=\"og:title\" content=\"Le d\u00e9fi de Dina Boluarte au P\u00e9rou | Le Grand Continent\" \/>\n<meta property=\"og:description\" content=\"Apr\u00e8s la tentative de coup d\u2019\u00c9tat de l\u2019ex-pr\u00e9sident p\u00e9ruvien Pedro Castillo, sa vice-pr\u00e9sidente, Dina Boluarte, a \u00e9t\u00e9 investie par le Congr\u00e8s, devenant ainsi la premi\u00e8re femme \u00e0 diriger le pays. Nous avons pos\u00e9 5 questions \u00e0 l\u2019homme politique chilien Marco Enr\u00edquez-Ominami, membre du Grupo de Puebla, pour qui Dina Boluarte devra construire une base de soutien tr\u00e8s large pour faire avancer la stabilit\u00e9 d\u00e9mocratique.\" \/>\n<meta property=\"og:url\" content=\"https:\/\/legrandcontinent.eu\/fr\/2022\/12\/09\/le-defi-de-dina-boluarte-au-perou\/\" \/>\n<meta property=\"og:site_name\" content=\"Le Grand Continent\" \/>\n<meta property=\"article:published_time\" content=\"2022-12-09T11:46:06+00:00\" \/>\n<meta property=\"article:modified_time\" content=\"2022-12-09T17:21:44+00:00\" \/>\n<meta property=\"og:image\" content=\"https:\/\/legrandcontinent.eu\/fr\/wp-content\/uploads\/sites\/2\/2022\/12\/gc-Dina-Boluarte-scaled-e1670584523214.jpg\" \/>\n\t<meta property=\"og:image:width\" content=\"1954\" \/>\n\t<meta property=\"og:image:height\" content=\"1124\" \/>\n\t<meta property=\"og:image:type\" content=\"image\/jpeg\" \/>\n<meta name=\"author\" content=\"Marin Saillofest\" \/>\n<meta name=\"twitter:card\" content=\"summary_large_image\" \/>\n<meta name=\"twitter:image\" content=\"https:\/\/legrandcontinent.eu\/fr\/wp-content\/uploads\/sites\/2\/2022\/12\/gc-Dina-Boluarte-scaled-e1670584523214.jpg\" \/>\n<meta name=\"twitter:label1\" content=\"\u00c9crit par\" \/>\n\t<meta name=\"twitter:data1\" content=\"Marin Saillofest\" \/>\n\t<meta name=\"twitter:label2\" content=\"Dur\u00e9e de lecture estim\u00e9e\" \/>\n\t<meta name=\"twitter:data2\" content=\"3 minutes\" \/>\n<script type=\"application\/ld+json\" class=\"yoast-schema-graph\">{\"@context\":\"https:\/\/schema.org\",\"@graph\":[{\"@type\":\"WebPage\",\"@id\":\"https:\/\/legrandcontinent.eu\/fr\/2022\/12\/09\/le-defi-de-dina-boluarte-au-perou\/\",\"url\":\"https:\/\/legrandcontinent.eu\/fr\/2022\/12\/09\/le-defi-de-dina-boluarte-au-perou\/\",\"name\":\"Le d\u00e9fi de Dina Boluarte au P\u00e9rou | Le Grand Continent\",\"isPartOf\":{\"@id\":\"https:\/\/legrandcontinent.eu\/fr\/#website\"},\"primaryImageOfPage\":{\"@id\":\"https:\/\/legrandcontinent.eu\/fr\/2022\/12\/09\/le-defi-de-dina-boluarte-au-perou\/#primaryimage\"},\"image\":{\"@id\":\"https:\/\/legrandcontinent.eu\/fr\/2022\/12\/09\/le-defi-de-dina-boluarte-au-perou\/#primaryimage\"},\"thumbnailUrl\":\"https:\/\/legrandcontinent.eu\/fr\/wp-content\/uploads\/sites\/2\/2022\/12\/71LoK-dur-e-des-mandats-des-pr-sidents-du-conseil-du-p-rou-2000-2022-.png\",\"datePublished\":\"2022-12-09T11:46:06+00:00\",\"dateModified\":\"2022-12-09T17:21:44+00:00\",\"author\":{\"@id\":\"https:\/\/legrandcontinent.eu\/fr\/#\/schema\/person\/e4f85f52220fc7b4cc3cfdb86d88e833\"},\"breadcrumb\":{\"@id\":\"https:\/\/legrandcontinent.eu\/fr\/2022\/12\/09\/le-defi-de-dina-boluarte-au-perou\/#breadcrumb\"},\"inLanguage\":\"fr-FR\",\"potentialAction\":[{\"@type\":\"ReadAction\",\"target\":[\"https:\/\/legrandcontinent.eu\/fr\/2022\/12\/09\/le-defi-de-dina-boluarte-au-perou\/\"]}]},{\"@type\":\"ImageObject\",\"inLanguage\":\"fr-FR\",\"@id\":\"https:\/\/legrandcontinent.eu\/fr\/2022\/12\/09\/le-defi-de-dina-boluarte-au-perou\/#primaryimage\",\"url\":\"https:\/\/legrandcontinent.eu\/fr\/wp-content\/uploads\/sites\/2\/2022\/12\/71LoK-dur-e-des-mandats-des-pr-sidents-du-conseil-du-p-rou-2000-2022-.png\",\"contentUrl\":\"https:\/\/legrandcontinent.eu\/fr\/wp-content\/uploads\/sites\/2\/2022\/12\/71LoK-dur-e-des-mandats-des-pr-sidents-du-conseil-du-p-rou-2000-2022-.png\",\"width\":2416,\"height\":1376},{\"@type\":\"BreadcrumbList\",\"@id\":\"https:\/\/legrandcontinent.eu\/fr\/2022\/12\/09\/le-defi-de-dina-boluarte-au-perou\/#breadcrumb\",\"itemListElement\":[{\"@type\":\"ListItem\",\"position\":1,\"name\":\"Accueil\",\"item\":\"https:\/\/legrandcontinent.eu\/fr\/\"},{\"@type\":\"ListItem\",\"position\":2,\"name\":\"Le d\u00e9fi de Dina Boluarte au P\u00e9rou\"}]},{\"@type\":\"WebSite\",\"@id\":\"https:\/\/legrandcontinent.eu\/fr\/#website\",\"url\":\"https:\/\/legrandcontinent.eu\/fr\/\",\"name\":\"Le Grand Continent\",\"description\":\"L&#039;\u00e9chelle pertinente\",\"potentialAction\":[{\"@type\":\"SearchAction\",\"target\":{\"@type\":\"EntryPoint\",\"urlTemplate\":\"https:\/\/legrandcontinent.eu\/fr\/?s={search_term_string}\"},\"query-input\":{\"@type\":\"PropertyValueSpecification\",\"valueRequired\":true,\"valueName\":\"search_term_string\"}}],\"inLanguage\":\"fr-FR\"},{\"@type\":\"Person\",\"@id\":\"https:\/\/legrandcontinent.eu\/fr\/#\/schema\/person\/e4f85f52220fc7b4cc3cfdb86d88e833\",\"name\":\"Marin Saillofest\",\"image\":{\"@type\":\"ImageObject\",\"inLanguage\":\"fr-FR\",\"@id\":\"https:\/\/legrandcontinent.eu\/fr\/#\/schema\/person\/image\/\",\"url\":\"https:\/\/secure.gravatar.com\/avatar\/87088698b4d967390c49ae6d4f1aa459?s=96&d=mm&r=g\",\"contentUrl\":\"https:\/\/secure.gravatar.com\/avatar\/87088698b4d967390c49ae6d4f1aa459?s=96&d=mm&r=g\",\"caption\":\"Marin Saillofest\"}}]}<\/script>\n<!-- \/ Yoast SEO plugin. -->","yoast_head_json":{"title":"Le d\u00e9fi de Dina Boluarte au P\u00e9rou | Le Grand Continent","robots":{"index":"index","follow":"follow","max-snippet":"max-snippet:-1","max-image-preview":"max-image-preview:large","max-video-preview":"max-video-preview:-1"},"canonical":"https:\/\/legrandcontinent.eu\/fr\/2022\/12\/09\/le-defi-de-dina-boluarte-au-perou\/","og_locale":"fr_FR","og_type":"article","og_title":"Le d\u00e9fi de Dina Boluarte au P\u00e9rou | Le Grand Continent","og_description":"Apr\u00e8s la tentative de coup d\u2019\u00c9tat de l\u2019ex-pr\u00e9sident p\u00e9ruvien Pedro Castillo, sa vice-pr\u00e9sidente, Dina Boluarte, a \u00e9t\u00e9 investie par le Congr\u00e8s, devenant ainsi la premi\u00e8re femme \u00e0 diriger le pays. Nous avons pos\u00e9 5 questions \u00e0 l\u2019homme politique chilien Marco Enr\u00edquez-Ominami, membre du Grupo de Puebla, pour qui Dina Boluarte devra construire une base de soutien tr\u00e8s large pour faire avancer la stabilit\u00e9 d\u00e9mocratique.","og_url":"https:\/\/legrandcontinent.eu\/fr\/2022\/12\/09\/le-defi-de-dina-boluarte-au-perou\/","og_site_name":"Le Grand Continent","article_published_time":"2022-12-09T11:46:06+00:00","article_modified_time":"2022-12-09T17:21:44+00:00","og_image":[{"width":1954,"height":1124,"url":"https:\/\/legrandcontinent.eu\/fr\/wp-content\/uploads\/sites\/2\/2022\/12\/gc-Dina-Boluarte-scaled-e1670584523214.jpg","type":"image\/jpeg"}],"author":"Marin Saillofest","twitter_card":"summary_large_image","twitter_image":"https:\/\/legrandcontinent.eu\/fr\/wp-content\/uploads\/sites\/2\/2022\/12\/gc-Dina-Boluarte-scaled-e1670584523214.jpg","twitter_misc":{"\u00c9crit par":"Marin Saillofest","Dur\u00e9e de lecture estim\u00e9e":"3 minutes"},"schema":{"@context":"https:\/\/schema.org","@graph":[{"@type":"WebPage","@id":"https:\/\/legrandcontinent.eu\/fr\/2022\/12\/09\/le-defi-de-dina-boluarte-au-perou\/","url":"https:\/\/legrandcontinent.eu\/fr\/2022\/12\/09\/le-defi-de-dina-boluarte-au-perou\/","name":"Le d\u00e9fi de Dina Boluarte au P\u00e9rou | Le Grand Continent","isPartOf":{"@id":"https:\/\/legrandcontinent.eu\/fr\/#website"},"primaryImageOfPage":{"@id":"https:\/\/legrandcontinent.eu\/fr\/2022\/12\/09\/le-defi-de-dina-boluarte-au-perou\/#primaryimage"},"image":{"@id":"https:\/\/legrandcontinent.eu\/fr\/2022\/12\/09\/le-defi-de-dina-boluarte-au-perou\/#primaryimage"},"thumbnailUrl":"https:\/\/legrandcontinent.eu\/fr\/wp-content\/uploads\/sites\/2\/2022\/12\/71LoK-dur-e-des-mandats-des-pr-sidents-du-conseil-du-p-rou-2000-2022-.png","datePublished":"2022-12-09T11:46:06+00:00","dateModified":"2022-12-09T17:21:44+00:00","author":{"@id":"https:\/\/legrandcontinent.eu\/fr\/#\/schema\/person\/e4f85f52220fc7b4cc3cfdb86d88e833"},"breadcrumb":{"@id":"https:\/\/legrandcontinent.eu\/fr\/2022\/12\/09\/le-defi-de-dina-boluarte-au-perou\/#breadcrumb"},"inLanguage":"fr-FR","potentialAction":[{"@type":"ReadAction","target":["https:\/\/legrandcontinent.eu\/fr\/2022\/12\/09\/le-defi-de-dina-boluarte-au-perou\/"]}]},{"@type":"ImageObject","inLanguage":"fr-FR","@id":"https:\/\/legrandcontinent.eu\/fr\/2022\/12\/09\/le-defi-de-dina-boluarte-au-perou\/#primaryimage","url":"https:\/\/legrandcontinent.eu\/fr\/wp-content\/uploads\/sites\/2\/2022\/12\/71LoK-dur-e-des-mandats-des-pr-sidents-du-conseil-du-p-rou-2000-2022-.png","contentUrl":"https:\/\/legrandcontinent.eu\/fr\/wp-content\/uploads\/sites\/2\/2022\/12\/71LoK-dur-e-des-mandats-des-pr-sidents-du-conseil-du-p-rou-2000-2022-.png","width":2416,"height":1376},{"@type":"BreadcrumbList","@id":"https:\/\/legrandcontinent.eu\/fr\/2022\/12\/09\/le-defi-de-dina-boluarte-au-perou\/#breadcrumb","itemListElement":[{"@type":"ListItem","position":1,"name":"Accueil","item":"https:\/\/legrandcontinent.eu\/fr\/"},{"@type":"ListItem","position":2,"name":"Le d\u00e9fi de Dina Boluarte au P\u00e9rou"}]},{"@type":"WebSite","@id":"https:\/\/legrandcontinent.eu\/fr\/#website","url":"https:\/\/legrandcontinent.eu\/fr\/","name":"Le Grand Continent","description":"L&#039;\u00e9chelle pertinente","potentialAction":[{"@type":"SearchAction","target":{"@type":"EntryPoint","urlTemplate":"https:\/\/legrandcontinent.eu\/fr\/?s={search_term_string}"},"query-input":{"@type":"PropertyValueSpecification","valueRequired":true,"valueName":"search_term_string"}}],"inLanguage":"fr-FR"},{"@type":"Person","@id":"https:\/\/legrandcontinent.eu\/fr\/#\/schema\/person\/e4f85f52220fc7b4cc3cfdb86d88e833","name":"Marin Saillofest","image":{"@type":"ImageObject","inLanguage":"fr-FR","@id":"https:\/\/legrandcontinent.eu\/fr\/#\/schema\/person\/image\/","url":"https:\/\/secure.gravatar.com\/avatar\/87088698b4d967390c49ae6d4f1aa459?s=96&d=mm&r=g","contentUrl":"https:\/\/secure.gravatar.com\/avatar\/87088698b4d967390c49ae6d4f1aa459?s=96&d=mm&r=g","caption":"Marin Saillofest"}}]}},"lgc_categories":[{"id":1731,"name":"Politique","slug":"politique"}],"lgc_author":{"id":2946,"name":"Marco Enr\u00edquez-Ominami","slug":"marco-enriquez-ominami"},"feature_image_summary":{"url":"https:\/\/legrandcontinent.eu\/fr\/wp-content\/uploads\/sites\/2\/2022\/12\/71LoK-dur-e-des-mandats-des-pr-sidents-du-conseil-du-p-rou-2000-2022-.png","width":2416,"height":1376,"alt":""},"feature_image_cover":null,"term_position_data":null,"_links":{"self":[{"href":"https:\/\/legrandcontinent.eu\/fr\/wp-json\/wp\/v2\/posts\/170810","targetHints":{"allow":["GET"]}}],"collection":[{"href":"https:\/\/legrandcontinent.eu\/fr\/wp-json\/wp\/v2\/posts"}],"about":[{"href":"https:\/\/legrandcontinent.eu\/fr\/wp-json\/wp\/v2\/types\/post"}],"author":[{"embeddable":true,"href":"https:\/\/legrandcontinent.eu\/fr\/wp-json\/wp\/v2\/users\/2622"}],"replies":[{"embeddable":true,"href":"https:\/\/legrandcontinent.eu\/fr\/wp-json\/wp\/v2\/comments?post=170810"}],"version-history":[{"count":0,"href":"https:\/\/legrandcontinent.eu\/fr\/wp-json\/wp\/v2\/posts\/170810\/revisions"}],"wp:featuredmedia":[{"embeddable":true,"href":"https:\/\/legrandcontinent.eu\/fr\/wp-json\/wp\/v2\/media\/170813"}],"wp:attachment":[{"href":"https:\/\/legrandcontinent.eu\/fr\/wp-json\/wp\/v2\/media?parent=170810"}],"wp:term":[{"taxonomy":"category","embeddable":true,"href":"https:\/\/legrandcontinent.eu\/fr\/wp-json\/wp\/v2\/categories?post=170810"},{"taxonomy":"post_tag","embeddable":true,"href":"https:\/\/legrandcontinent.eu\/fr\/wp-json\/wp\/v2\/tags?post=170810"},{"taxonomy":"staff","embeddable":true,"href":"https:\/\/legrandcontinent.eu\/fr\/wp-json\/wp\/v2\/staff?post=170810"},{"taxonomy":"editorial_format","embeddable":true,"href":"https:\/\/legrandcontinent.eu\/fr\/wp-json\/wp\/v2\/editorial_format?post=170810"},{"taxonomy":"serie","embeddable":true,"href":"https:\/\/legrandcontinent.eu\/fr\/wp-json\/wp\/v2\/serie?post=170810"},{"taxonomy":"audience","embeddable":true,"href":"https:\/\/legrandcontinent.eu\/fr\/wp-json\/wp\/v2\/audience?post=170810"},{"taxonomy":"geo","embeddable":true,"href":"https:\/\/legrandcontinent.eu\/fr\/wp-json\/wp\/v2\/geo?post=170810"}],"curies":[{"name":"wp","href":"https:\/\/api.w.org\/{rel}","templated":true}]}}