{"id":170579,"date":"2022-12-08T11:50:14","date_gmt":"2022-12-08T10:50:14","guid":{"rendered":"https:\/\/legrandcontinent.eu\/fr\/?p=170579"},"modified":"2022-12-08T11:50:59","modified_gmt":"2022-12-08T10:50:59","slug":"lapres-coup-detat-au-perou","status":"publish","type":"post","link":"https:\/\/legrandcontinent.eu\/fr\/2022\/12\/08\/lapres-coup-detat-au-perou\/","title":{"rendered":"L\u2019apr\u00e8s coup d\u2019\u00c9tat au P\u00e9rou"},"content":{"rendered":"\n<p>Candidat du parti de gauche P\u00e9rou libre (Per\u00fa Libre), Pedro Castillo est arriv\u00e9 au pouvoir \u00e0 Lima en juillet 2021, au second tour d\u2019une \u00e9lection tr\u00e8s serr\u00e9e l\u2019opposant \u00e0 Keiko Fujimori, fille de l\u2019ancien pr\u00e9sident Alberto Fujimori (1990-2000) et figure majeure de la droite p\u00e9ruvienne.<\/p>\n\n\n\n<div class=\"iframe-container wp-block-image wp-block-image-medium  iframe-dw\">\n\t<div>\n\t\t<iframe class=\"absolute w-full h-full pin-t pin-l\" title=\"titolo\" aria-label=\"Interactive line chart\" src=\"\/\/datawrapper.dwcdn.net\/gLOGW\/\" scrolling=\"no\" frameborder=\"0\"><\/iframe>\n\t<\/div>\n<\/div>\n\n\n\n<p>Avec un taux d\u2019approbation de 31&#160;% fin novembre, selon un sondage r\u00e9alis\u00e9 par le journal p\u00e9ruvien <em>La Rep\u00fablica<\/em>, la popularit\u00e9 du gouvernement de Pedro Castillo a chut\u00e9 de pr\u00e8s de moiti\u00e9 depuis son \u00e9lection.<\/p>\n\n\n\n<ul class=\"wp-block-list\">\n<li>Ses soutiens \u00e9taient surtout concentr\u00e9s dans les zones rurales du pays (45&#160;% en novembre contre 19&#160;% dans la m\u00e9tropole de Lima) et parmi les classes sociales les plus d\u00e9favoris\u00e9es&nbsp;<span class='whitespace-nowrap'><span id='easy-footnote-1-170579' class='easy-footnote-margin-adjust'><\/span><span class='easy-footnote'><a href='https:\/\/legrandcontinent.eu\/fr\/2022\/12\/08\/lapres-coup-detat-au-perou\/#easy-footnote-bottom-1-170579' title='\u00a0&lt;a href=&quot;https:\/\/data.larepublica.pe\/encuesta-iep-aprobacion-desaprobacion-peru-presidente-congreso-de-la-republica\/&quot;&gt;Si inhabilitan al presidente Pedro Castillo, un 87&amp;#160;% preferir\u00eda que se convoquen nuevas elecciones&lt;\/a&gt;, &lt;em&gt;La Rep\u00fablica&lt;\/em&gt;, novembre 2022.'><sup>1<\/sup><\/a><\/span><\/span>.<\/li>\n<\/ul>\n\n\n\n<div class=\"iframe-container wp-block-image wp-block-image-medium  iframe-dw\">\n\t<div>\n\t\t<iframe class=\"absolute w-full h-full pin-t pin-l\" title=\"titolo\" aria-label=\"Interactive line chart\" src=\"\/\/datawrapper.dwcdn.net\/N3P9y\/\" scrolling=\"no\" frameborder=\"0\"><\/iframe>\n\t<\/div>\n<\/div>\n\n\n\n<p>En ce qui concerne la popularit\u00e9 du pr\u00e9sident lui-m\u00eame, celle-ci \u00e9tait tomb\u00e9e \u00e0 23&#160;% en septembre, en hausse par rapport \u00e0 un record historiquement bas de 19&#160;% en avril selon un sondage <em>Ipsos<\/em>.<\/p>\n\n\n\n<div class=\"iframe-container wp-block-image wp-block-image-medium  iframe-dw\">\n\t<div>\n\t\t<iframe class=\"absolute w-full h-full pin-t pin-l\" title=\"titolo\" aria-label=\"Interactive line chart\" src=\"\/\/datawrapper.dwcdn.net\/cBzQe\/\" scrolling=\"no\" frameborder=\"0\"><\/iframe>\n\t<\/div>\n<\/div>\n\n\n\n<ul class=\"wp-block-list\">\n<li>En cause de l\u2019impopularit\u00e9 de Castillo&#160;: son <a href=\"https:\/\/legrandcontinent.eu\/fr\/2022\/12\/08\/le-perou-apres-le-coup-manque-de-castillo\/\">incapacit\u00e9 \u00e0 gouverner<\/a>, \u00e0 \u00e9laborer des politiques et sa propension \u00e0 nommer des personnalit\u00e9s clivantes et impopulaires \u00e0 des postes-clefs.<\/li>\n\n\n\n<li>Avec quatre pr\u00e9sidents du Conseil au cours de ses six premiers mois de mandat, le gouvernement Castillo d\u00e9tient le record de l\u2019instabilit\u00e9 politique au P\u00e9rou&nbsp;<span class='whitespace-nowrap'><span id='easy-footnote-2-170579' class='easy-footnote-margin-adjust'><\/span><span class='easy-footnote'><a href='https:\/\/legrandcontinent.eu\/fr\/2022\/12\/08\/lapres-coup-detat-au-perou\/#easy-footnote-bottom-2-170579' title='Diego Pajares Herrada, \u00ab&amp;#160;&lt;a href=&quot;https:\/\/rpp.pe\/politica\/gobierno\/pedro-castillo-y-el-peor-arranque-de-un-gobierno-en-los-ultimos-anos-ningun-presidente-nombro-tantos-pcm-en-sus-primeros-6-meses-de-gestion-noticia-1385335&quot;&gt;El peor arranque de un gobierno en los \u00faltimos a\u00f1os&amp;#160;: ning\u00fan presidente nombr\u00f3 tantos PCM en sus primeros 6 meses de gesti\u00f3n&lt;\/a&gt;&amp;#160;\u00bb, &lt;em&gt;RPP, &lt;\/em&gt;8 f\u00e9vrier 2022.'><sup>2<\/sup><\/a><\/span><\/span>.<\/li>\n<\/ul>\n\n\n\n<div class=\"iframe-container wp-block-image wp-block-image-medium  iframe-dw\">\n\t<div>\n\t\t<iframe class=\"absolute w-full h-full pin-t pin-l\" title=\"titolo\" aria-label=\"Interactive line chart\" src=\"\/\/datawrapper.dwcdn.net\/71LoK\/\" scrolling=\"no\" frameborder=\"0\"><\/iframe>\n\t<\/div>\n<\/div>\n\n\n\n<p>Tandis que plus de la moiti\u00e9 de la population p\u00e9ruvienne a du mal \u00e0 se nourrir en raison de l\u2019explosion du taux de pauvret\u00e9 et de l\u2019inflation \u2014 \u00e0 son niveau le plus \u00e9lev\u00e9 depuis 24 ans \u2014, Pedro Castillo annon\u00e7ait hier sa d\u00e9cision de dissoudre le Congr\u00e8s visant \u00e0 emp\u00eacher les d\u00e9put\u00e9s de voter sa destitution \u2014 le troisi\u00e8me vote de ce type en un an&nbsp;<span class='whitespace-nowrap'><span id='easy-footnote-3-170579' class='easy-footnote-margin-adjust'><\/span><span class='easy-footnote'><a href='https:\/\/legrandcontinent.eu\/fr\/2022\/12\/08\/lapres-coup-detat-au-perou\/#easy-footnote-bottom-3-170579' title='&lt;a href=&quot;https:\/\/news.un.org\/en\/story\/2022\/11\/1130737&quot;&gt;Peru\u2019s food crisis grows amid soaring prices and poverty&amp;#160;: FAO&lt;\/a&gt;, Nations unies, 17 novembre 2022.'><sup>3<\/sup><\/a><\/span><\/span>.<\/p>\n\n\n\n<ul class=\"wp-block-list\">\n<li>Cette destitution a r\u00e9v\u00e9l\u00e9 le faible soutien institutionnel dont b\u00e9n\u00e9ficiait Castillo&#160;: les membres de son gouvernement ont massivement d\u00e9missionn\u00e9, la Cour supr\u00eame a d\u00e9clar\u00e9 la d\u00e9cision inconstitutionnelle, l\u2019arm\u00e9e et la police ont d\u00e9clar\u00e9 qu&rsquo;elles ne le soutiendraient pas.<\/li>\n\n\n\n<li>Apr\u00e8s avoir cherch\u00e9 \u00e0 se r\u00e9fugier \u00e0 l\u2019ambassade du Mexique \u00e0 Lima, Castillo a finalement \u00e9t\u00e9 emprisonn\u00e9 et sa vice-pr\u00e9sidente, Dina Boluarte, lui a succ\u00e9d\u00e9 apr\u00e8s que le Congr\u00e8s ait destitu\u00e9 Castillo pour \u00ab&#160;incapacit\u00e9 morale&#160;\u00bb \u2014 ce qui avait fait chuter Pedro Pablo Kuczynski en 2018 et Martin Vizcarra en 2020.<\/li>\n<\/ul>\n\n\n\n<figure class=\"wp-block-embed is-type-rich is-provider-twitter wp-block-embed-twitter\"><div class=\"wp-block-embed__wrapper\">\n<blockquote class=\"twitter-tweet\" data-width=\"550\" data-dnt=\"true\"><p lang=\"es\" dir=\"ltr\">Saludo la juramentaci\u00f3n de Dina Boluarte como primera Presidenta del Per\u00fa. Deseo que su gesti\u00f3n se cumpla en respeto a la institucionalidad democr\u00e1tica, separaci\u00f3n de poderes y por el desarrollo de nuestro pa\u00eds. Para ello podr\u00e1 contar con el apoyo y respaldo de Fuerza Popular.(1)<\/p>&mdash; Keiko Fujimori (@KeikoFujimori) <a href=\"https:\/\/twitter.com\/KeikoFujimori\/status\/1600603956702547972?ref_src=twsrc%5Etfw\">December 7, 2022<\/a><\/blockquote><script async src=\"https:\/\/platform.twitter.com\/widgets.js\" charset=\"utf-8\"><\/script>\n<\/div><\/figure>\n\n\n\n<p>En accord avec la Constitution p\u00e9ruvienne, Boluarte devrait rester au pouvoir jusqu\u2019\u00e0 la fin du mandat initial de Castillo, en 2026. La destitution de celui-ci ne mettra toutefois pas fin aux tensions avec le Congr\u00e8s, au sein duquel la coalition dont fait partie Per\u00fa Libre est largement minoritaire. Si la premi\u00e8re femme pr\u00e9sidente du pays a demand\u00e9 \u00ab&#160;une tr\u00eave&#160;\u00bb \u00e0 l\u2019opposition, ses premi\u00e8res nominations seront un r\u00e9v\u00e9lateur du soutien dont elle dispose \u2014 et de sa capacit\u00e9 \u00e0 gouverner.<\/p>\n","protected":false},"excerpt":{"rendered":"<p>Apr\u00e8s avoir dissous le Congr\u00e8s de la R\u00e9publique pour emp\u00eacher celui-ci d&rsquo;examiner une motion de censure \u00e0 son encontre, Pedro Castillo, arriv\u00e9 au pouvoir en juillet 2021, a \u00e9t\u00e9 destitu\u00e9 pour \u00ab&#160;&#160;incapacit\u00e9 morale&#160;&#160;\u00bb&#160;&#160;: le troisi\u00e8me pr\u00e9sident depuis 2018.<\/p>\n","protected":false},"author":2622,"featured_media":170588,"comment_status":"closed","ping_status":"closed","sticky":false,"template":"templates\/post-briefings.php","format":"standard","meta":{"_acf_changed":false,"_trash_the_other_posts":false,"_yoast_wpseo_estimated-reading-time-minutes":3,"footnotes":""},"categories":[1731],"tags":[],"staff":[],"editorial_format":[],"serie":[],"audience":[],"geo":[525],"class_list":["post-170579","post","type-post","status-publish","format-standard","hentry","category-politique","geo-ameriques"],"acf":{"open_in_webview":false,"accent":false},"yoast_head":"<!-- This site is optimized with the Yoast SEO plugin v26.1.1 - https:\/\/yoast.com\/wordpress\/plugins\/seo\/ -->\n<title>L\u2019apr\u00e8s coup d\u2019\u00c9tat au P\u00e9rou | Le Grand Continent<\/title>\n<meta name=\"robots\" content=\"index, follow, max-snippet:-1, max-image-preview:large, max-video-preview:-1\" \/>\n<link rel=\"canonical\" href=\"https:\/\/legrandcontinent.eu\/fr\/2022\/12\/08\/lapres-coup-detat-au-perou\/\" \/>\n<meta property=\"og:locale\" content=\"fr_FR\" \/>\n<meta property=\"og:type\" content=\"article\" \/>\n<meta property=\"og:title\" content=\"L\u2019apr\u00e8s coup d\u2019\u00c9tat au P\u00e9rou | Le Grand Continent\" \/>\n<meta property=\"og:description\" content=\"Apr\u00e8s avoir dissous le Congr\u00e8s de la R\u00e9publique pour emp\u00eacher celui-ci d&#039;examiner une motion de censure \u00e0 son encontre, Pedro Castillo, arriv\u00e9 au pouvoir en juillet 2021, a \u00e9t\u00e9 destitu\u00e9 pour \u00ab&#160;incapacit\u00e9 morale&#160;\u00bb&#160;: le troisi\u00e8me pr\u00e9sident depuis 2018.\" \/>\n<meta property=\"og:url\" content=\"https:\/\/legrandcontinent.eu\/fr\/2022\/12\/08\/lapres-coup-detat-au-perou\/\" \/>\n<meta property=\"og:site_name\" content=\"Le Grand Continent\" \/>\n<meta property=\"article:published_time\" content=\"2022-12-08T10:50:14+00:00\" \/>\n<meta property=\"article:modified_time\" content=\"2022-12-08T10:50:59+00:00\" \/>\n<meta property=\"og:image\" content=\"https:\/\/legrandcontinent.eu\/fr\/wp-content\/uploads\/sites\/2\/2022\/12\/Capture-de\u0301cran-2022-12-08-a\u0300-11.16.18.jpg\" \/>\n\t<meta property=\"og:image:width\" content=\"2560\" \/>\n\t<meta property=\"og:image:height\" content=\"1440\" \/>\n\t<meta property=\"og:image:type\" content=\"image\/jpeg\" \/>\n<meta name=\"author\" content=\"Marin Saillofest\" \/>\n<meta name=\"twitter:card\" content=\"summary_large_image\" \/>\n<meta name=\"twitter:image\" content=\"https:\/\/legrandcontinent.eu\/fr\/wp-content\/uploads\/sites\/2\/2022\/12\/Capture-de\u0301cran-2022-12-08-a\u0300-11.16.18.jpg\" \/>\n<meta name=\"twitter:label1\" content=\"\u00c9crit par\" \/>\n\t<meta name=\"twitter:data1\" content=\"Marin Saillofest\" \/>\n\t<meta name=\"twitter:label2\" content=\"Dur\u00e9e de lecture estim\u00e9e\" \/>\n\t<meta name=\"twitter:data2\" content=\"3 minutes\" \/>\n<script type=\"application\/ld+json\" class=\"yoast-schema-graph\">{\"@context\":\"https:\/\/schema.org\",\"@graph\":[{\"@type\":\"WebPage\",\"@id\":\"https:\/\/legrandcontinent.eu\/fr\/2022\/12\/08\/lapres-coup-detat-au-perou\/\",\"url\":\"https:\/\/legrandcontinent.eu\/fr\/2022\/12\/08\/lapres-coup-detat-au-perou\/\",\"name\":\"L\u2019apr\u00e8s coup d\u2019\u00c9tat au P\u00e9rou | Le Grand Continent\",\"isPartOf\":{\"@id\":\"https:\/\/legrandcontinent.eu\/fr\/#website\"},\"primaryImageOfPage\":{\"@id\":\"https:\/\/legrandcontinent.eu\/fr\/2022\/12\/08\/lapres-coup-detat-au-perou\/#primaryimage\"},\"image\":{\"@id\":\"https:\/\/legrandcontinent.eu\/fr\/2022\/12\/08\/lapres-coup-detat-au-perou\/#primaryimage\"},\"thumbnailUrl\":\"https:\/\/legrandcontinent.eu\/fr\/wp-content\/uploads\/sites\/2\/2022\/12\/N3P9y-approuvez-vous-la-fa-on-dont-pedro-castillo-dirige-son-gouvernement-.png\",\"datePublished\":\"2022-12-08T10:50:14+00:00\",\"dateModified\":\"2022-12-08T10:50:59+00:00\",\"author\":{\"@id\":\"https:\/\/legrandcontinent.eu\/fr\/#\/schema\/person\/e4f85f52220fc7b4cc3cfdb86d88e833\"},\"breadcrumb\":{\"@id\":\"https:\/\/legrandcontinent.eu\/fr\/2022\/12\/08\/lapres-coup-detat-au-perou\/#breadcrumb\"},\"inLanguage\":\"fr-FR\",\"potentialAction\":[{\"@type\":\"ReadAction\",\"target\":[\"https:\/\/legrandcontinent.eu\/fr\/2022\/12\/08\/lapres-coup-detat-au-perou\/\"]}]},{\"@type\":\"ImageObject\",\"inLanguage\":\"fr-FR\",\"@id\":\"https:\/\/legrandcontinent.eu\/fr\/2022\/12\/08\/lapres-coup-detat-au-perou\/#primaryimage\",\"url\":\"https:\/\/legrandcontinent.eu\/fr\/wp-content\/uploads\/sites\/2\/2022\/12\/N3P9y-approuvez-vous-la-fa-on-dont-pedro-castillo-dirige-son-gouvernement-.png\",\"contentUrl\":\"https:\/\/legrandcontinent.eu\/fr\/wp-content\/uploads\/sites\/2\/2022\/12\/N3P9y-approuvez-vous-la-fa-on-dont-pedro-castillo-dirige-son-gouvernement-.png\",\"width\":1656,\"height\":1216},{\"@type\":\"BreadcrumbList\",\"@id\":\"https:\/\/legrandcontinent.eu\/fr\/2022\/12\/08\/lapres-coup-detat-au-perou\/#breadcrumb\",\"itemListElement\":[{\"@type\":\"ListItem\",\"position\":1,\"name\":\"Accueil\",\"item\":\"https:\/\/legrandcontinent.eu\/fr\/\"},{\"@type\":\"ListItem\",\"position\":2,\"name\":\"L\u2019apr\u00e8s coup d\u2019\u00c9tat au P\u00e9rou\"}]},{\"@type\":\"WebSite\",\"@id\":\"https:\/\/legrandcontinent.eu\/fr\/#website\",\"url\":\"https:\/\/legrandcontinent.eu\/fr\/\",\"name\":\"Le Grand Continent\",\"description\":\"L&#039;\u00e9chelle pertinente\",\"potentialAction\":[{\"@type\":\"SearchAction\",\"target\":{\"@type\":\"EntryPoint\",\"urlTemplate\":\"https:\/\/legrandcontinent.eu\/fr\/?s={search_term_string}\"},\"query-input\":{\"@type\":\"PropertyValueSpecification\",\"valueRequired\":true,\"valueName\":\"search_term_string\"}}],\"inLanguage\":\"fr-FR\"},{\"@type\":\"Person\",\"@id\":\"https:\/\/legrandcontinent.eu\/fr\/#\/schema\/person\/e4f85f52220fc7b4cc3cfdb86d88e833\",\"name\":\"Marin Saillofest\",\"image\":{\"@type\":\"ImageObject\",\"inLanguage\":\"fr-FR\",\"@id\":\"https:\/\/legrandcontinent.eu\/fr\/#\/schema\/person\/image\/\",\"url\":\"https:\/\/secure.gravatar.com\/avatar\/87088698b4d967390c49ae6d4f1aa459?s=96&d=mm&r=g\",\"contentUrl\":\"https:\/\/secure.gravatar.com\/avatar\/87088698b4d967390c49ae6d4f1aa459?s=96&d=mm&r=g\",\"caption\":\"Marin Saillofest\"}}]}<\/script>\n<!-- \/ Yoast SEO plugin. -->","yoast_head_json":{"title":"L\u2019apr\u00e8s coup d\u2019\u00c9tat au P\u00e9rou | Le Grand Continent","robots":{"index":"index","follow":"follow","max-snippet":"max-snippet:-1","max-image-preview":"max-image-preview:large","max-video-preview":"max-video-preview:-1"},"canonical":"https:\/\/legrandcontinent.eu\/fr\/2022\/12\/08\/lapres-coup-detat-au-perou\/","og_locale":"fr_FR","og_type":"article","og_title":"L\u2019apr\u00e8s coup d\u2019\u00c9tat au P\u00e9rou | Le Grand Continent","og_description":"Apr\u00e8s avoir dissous le Congr\u00e8s de la R\u00e9publique pour emp\u00eacher celui-ci d'examiner une motion de censure \u00e0 son encontre, Pedro Castillo, arriv\u00e9 au pouvoir en juillet 2021, a \u00e9t\u00e9 destitu\u00e9 pour \u00ab&#160;incapacit\u00e9 morale&#160;\u00bb&#160;: le troisi\u00e8me pr\u00e9sident depuis 2018.","og_url":"https:\/\/legrandcontinent.eu\/fr\/2022\/12\/08\/lapres-coup-detat-au-perou\/","og_site_name":"Le Grand Continent","article_published_time":"2022-12-08T10:50:14+00:00","article_modified_time":"2022-12-08T10:50:59+00:00","og_image":[{"width":2560,"height":1440,"url":"https:\/\/legrandcontinent.eu\/fr\/wp-content\/uploads\/sites\/2\/2022\/12\/Capture-de\u0301cran-2022-12-08-a\u0300-11.16.18.jpg","type":"image\/jpeg"}],"author":"Marin Saillofest","twitter_card":"summary_large_image","twitter_image":"https:\/\/legrandcontinent.eu\/fr\/wp-content\/uploads\/sites\/2\/2022\/12\/Capture-de\u0301cran-2022-12-08-a\u0300-11.16.18.jpg","twitter_misc":{"\u00c9crit par":"Marin Saillofest","Dur\u00e9e de lecture estim\u00e9e":"3 minutes"},"schema":{"@context":"https:\/\/schema.org","@graph":[{"@type":"WebPage","@id":"https:\/\/legrandcontinent.eu\/fr\/2022\/12\/08\/lapres-coup-detat-au-perou\/","url":"https:\/\/legrandcontinent.eu\/fr\/2022\/12\/08\/lapres-coup-detat-au-perou\/","name":"L\u2019apr\u00e8s coup d\u2019\u00c9tat au P\u00e9rou | Le Grand Continent","isPartOf":{"@id":"https:\/\/legrandcontinent.eu\/fr\/#website"},"primaryImageOfPage":{"@id":"https:\/\/legrandcontinent.eu\/fr\/2022\/12\/08\/lapres-coup-detat-au-perou\/#primaryimage"},"image":{"@id":"https:\/\/legrandcontinent.eu\/fr\/2022\/12\/08\/lapres-coup-detat-au-perou\/#primaryimage"},"thumbnailUrl":"https:\/\/legrandcontinent.eu\/fr\/wp-content\/uploads\/sites\/2\/2022\/12\/N3P9y-approuvez-vous-la-fa-on-dont-pedro-castillo-dirige-son-gouvernement-.png","datePublished":"2022-12-08T10:50:14+00:00","dateModified":"2022-12-08T10:50:59+00:00","author":{"@id":"https:\/\/legrandcontinent.eu\/fr\/#\/schema\/person\/e4f85f52220fc7b4cc3cfdb86d88e833"},"breadcrumb":{"@id":"https:\/\/legrandcontinent.eu\/fr\/2022\/12\/08\/lapres-coup-detat-au-perou\/#breadcrumb"},"inLanguage":"fr-FR","potentialAction":[{"@type":"ReadAction","target":["https:\/\/legrandcontinent.eu\/fr\/2022\/12\/08\/lapres-coup-detat-au-perou\/"]}]},{"@type":"ImageObject","inLanguage":"fr-FR","@id":"https:\/\/legrandcontinent.eu\/fr\/2022\/12\/08\/lapres-coup-detat-au-perou\/#primaryimage","url":"https:\/\/legrandcontinent.eu\/fr\/wp-content\/uploads\/sites\/2\/2022\/12\/N3P9y-approuvez-vous-la-fa-on-dont-pedro-castillo-dirige-son-gouvernement-.png","contentUrl":"https:\/\/legrandcontinent.eu\/fr\/wp-content\/uploads\/sites\/2\/2022\/12\/N3P9y-approuvez-vous-la-fa-on-dont-pedro-castillo-dirige-son-gouvernement-.png","width":1656,"height":1216},{"@type":"BreadcrumbList","@id":"https:\/\/legrandcontinent.eu\/fr\/2022\/12\/08\/lapres-coup-detat-au-perou\/#breadcrumb","itemListElement":[{"@type":"ListItem","position":1,"name":"Accueil","item":"https:\/\/legrandcontinent.eu\/fr\/"},{"@type":"ListItem","position":2,"name":"L\u2019apr\u00e8s coup d\u2019\u00c9tat au P\u00e9rou"}]},{"@type":"WebSite","@id":"https:\/\/legrandcontinent.eu\/fr\/#website","url":"https:\/\/legrandcontinent.eu\/fr\/","name":"Le Grand Continent","description":"L&#039;\u00e9chelle pertinente","potentialAction":[{"@type":"SearchAction","target":{"@type":"EntryPoint","urlTemplate":"https:\/\/legrandcontinent.eu\/fr\/?s={search_term_string}"},"query-input":{"@type":"PropertyValueSpecification","valueRequired":true,"valueName":"search_term_string"}}],"inLanguage":"fr-FR"},{"@type":"Person","@id":"https:\/\/legrandcontinent.eu\/fr\/#\/schema\/person\/e4f85f52220fc7b4cc3cfdb86d88e833","name":"Marin Saillofest","image":{"@type":"ImageObject","inLanguage":"fr-FR","@id":"https:\/\/legrandcontinent.eu\/fr\/#\/schema\/person\/image\/","url":"https:\/\/secure.gravatar.com\/avatar\/87088698b4d967390c49ae6d4f1aa459?s=96&d=mm&r=g","contentUrl":"https:\/\/secure.gravatar.com\/avatar\/87088698b4d967390c49ae6d4f1aa459?s=96&d=mm&r=g","caption":"Marin Saillofest"}}]}},"lgc_categories":[{"id":1731,"name":"Politique","slug":"politique"}],"lgc_author":null,"feature_image_summary":{"url":"https:\/\/legrandcontinent.eu\/fr\/wp-content\/uploads\/sites\/2\/2022\/12\/N3P9y-approuvez-vous-la-fa-on-dont-pedro-castillo-dirige-son-gouvernement-.png","width":1656,"height":1216,"alt":""},"feature_image_cover":null,"term_position_data":null,"_links":{"self":[{"href":"https:\/\/legrandcontinent.eu\/fr\/wp-json\/wp\/v2\/posts\/170579","targetHints":{"allow":["GET"]}}],"collection":[{"href":"https:\/\/legrandcontinent.eu\/fr\/wp-json\/wp\/v2\/posts"}],"about":[{"href":"https:\/\/legrandcontinent.eu\/fr\/wp-json\/wp\/v2\/types\/post"}],"author":[{"embeddable":true,"href":"https:\/\/legrandcontinent.eu\/fr\/wp-json\/wp\/v2\/users\/2622"}],"replies":[{"embeddable":true,"href":"https:\/\/legrandcontinent.eu\/fr\/wp-json\/wp\/v2\/comments?post=170579"}],"version-history":[{"count":0,"href":"https:\/\/legrandcontinent.eu\/fr\/wp-json\/wp\/v2\/posts\/170579\/revisions"}],"wp:featuredmedia":[{"embeddable":true,"href":"https:\/\/legrandcontinent.eu\/fr\/wp-json\/wp\/v2\/media\/170588"}],"wp:attachment":[{"href":"https:\/\/legrandcontinent.eu\/fr\/wp-json\/wp\/v2\/media?parent=170579"}],"wp:term":[{"taxonomy":"category","embeddable":true,"href":"https:\/\/legrandcontinent.eu\/fr\/wp-json\/wp\/v2\/categories?post=170579"},{"taxonomy":"post_tag","embeddable":true,"href":"https:\/\/legrandcontinent.eu\/fr\/wp-json\/wp\/v2\/tags?post=170579"},{"taxonomy":"staff","embeddable":true,"href":"https:\/\/legrandcontinent.eu\/fr\/wp-json\/wp\/v2\/staff?post=170579"},{"taxonomy":"editorial_format","embeddable":true,"href":"https:\/\/legrandcontinent.eu\/fr\/wp-json\/wp\/v2\/editorial_format?post=170579"},{"taxonomy":"serie","embeddable":true,"href":"https:\/\/legrandcontinent.eu\/fr\/wp-json\/wp\/v2\/serie?post=170579"},{"taxonomy":"audience","embeddable":true,"href":"https:\/\/legrandcontinent.eu\/fr\/wp-json\/wp\/v2\/audience?post=170579"},{"taxonomy":"geo","embeddable":true,"href":"https:\/\/legrandcontinent.eu\/fr\/wp-json\/wp\/v2\/geo?post=170579"}],"curies":[{"name":"wp","href":"https:\/\/api.w.org\/{rel}","templated":true}]}}