{"id":170503,"date":"2022-12-07T15:00:22","date_gmt":"2022-12-07T14:00:22","guid":{"rendered":"https:\/\/legrandcontinent.eu\/fr\/?p=170503"},"modified":"2022-12-07T15:21:57","modified_gmt":"2022-12-07T14:21:57","slug":"les-perspectives-mondiales-pour-la-biodiversite","status":"publish","type":"post","link":"https:\/\/legrandcontinent.eu\/fr\/2022\/12\/07\/les-perspectives-mondiales-pour-la-biodiversite\/","title":{"rendered":"Les perspectives mondiales pour la biodiversit\u00e9"},"content":{"rendered":"\n<p>La biodiversit\u00e9 d\u00e9signe l&rsquo;ensemble des \u00eatres vivants (mammif\u00e8res, reptiles, micro-organismes\u2026) et des \u00e9cosyst\u00e8mes dans lesquels ces derniers vivent. Entre 1970 et 2018, la population mondiale d\u2019animaux prot\u00e9g\u00e9s a chut\u00e9 de 69&#160;% selon WWF \u2014 94&#160;% en Am\u00e9rique latine et aux Cara\u00efbes&nbsp;<span class='whitespace-nowrap'><span id='easy-footnote-1-170503' class='easy-footnote-margin-adjust'><\/span><span class='easy-footnote'><a href='https:\/\/legrandcontinent.eu\/fr\/2022\/12\/07\/les-perspectives-mondiales-pour-la-biodiversite\/#easy-footnote-bottom-1-170503' title='&lt;a href=&quot;https:\/\/wwflpr.awsassets.panda.org\/downloads\/lpr_2022_full_report.pdf&quot;&gt;Living Planet Report 2022&lt;\/a&gt;, WWF.'><sup>1<\/sup><\/a><\/span><\/span>.<\/p>\n\n\n\n<div class=\"iframe-container wp-block-image wp-block-image-medium  iframe-dw\">\n\t<div>\n\t\t<iframe class=\"absolute w-full h-full pin-t pin-l\" title=\"titolo\" aria-label=\"Interactive line chart\" src=\"\/\/datawrapper.dwcdn.net\/HTUR2\/\" scrolling=\"no\" frameborder=\"0\"><\/iframe>\n\t<\/div>\n<\/div>\n\n\n\n<p>Si la biodiversit\u00e9 attire g\u00e9n\u00e9ralement moins d\u2019int\u00e9r\u00eat que le climat, elle constitue une question fondamentale de la transition environnementale en ce qu\u2019elle permet la pr\u00e9servation et la perp\u00e9tuation des \u00e9cosyst\u00e8mes, et donc de la vie sur Terre.<\/p>\n\n\n\n<ul class=\"wp-block-list\">\n<li>La COP15, qui devait initialement se tenir en 2019 en Chine \u2014 report\u00e9e \u00e0 cause de la pand\u00e9mie \u2014 va enclencher un nouveau cycle de n\u00e9gociations, le pr\u00e9c\u00e9dent s\u2019\u00e9tant d\u00e9roul\u00e9 de 2010 \u00e0 2020.&nbsp;<\/li>\n\n\n\n<li>Au-del\u00e0 des interdictions de substances nuisibles aux \u00e9cosyst\u00e8mes et aux financements, la grande question sera celle de la mise en place du programme dit \u00ab&#160;30\/30&#160;\u00bb&#160;: 30&#160;% de surfaces prot\u00e9g\u00e9es des activit\u00e9s humaines en mer et 30&#160;% sur terre.<\/li>\n<\/ul>\n\n\n\n<p>Ce programme sera notamment d\u00e9fendu par la \u00ab&#160;Coalition de haute ambition pour la nature et l&rsquo;homme&#160;\u00bb, co-pr\u00e9sid\u00e9e par le Costa Rica et la France, qui regroupe 114 pays.&nbsp;<\/p>\n\n\n\n<div class=\"iframe-container wp-block-image wp-block-image-medium  iframe-dw\">\n\t<div>\n\t\t<iframe class=\"absolute w-full h-full pin-t pin-l\" title=\"titolo\" aria-label=\"Interactive line chart\" src=\"\/\/datawrapper.dwcdn.net\/79XSy\/\" scrolling=\"no\" frameborder=\"0\"><\/iframe>\n\t<\/div>\n<\/div>\n\n\n\n<p>Le <a href=\"https:\/\/legrandcontinent.eu\/fr\/2022\/11\/21\/bilan-de-la-cop-27\/\">bilan de la COP 27<\/a> de Charm el-Cheikh traduit les faibles objectifs et engagements qui ont \u00e9t\u00e9 pris jusqu\u2019alors pour pr\u00e9server la biodiversit\u00e9. Si la cr\u00e9ation d\u2019un fonds visant \u00e0 compenser les \u00ab&#160;<a href=\"https:\/\/legrandcontinent.eu\/fr\/2022\/12\/05\/laide-publique-au-developpement-a-lage-des-consequences\/\">pertes et dommages<\/a>&#160;\u00bb subis par les pays les plus vuln\u00e9rables en raison du changement climatique indique que les pays riches sont dispos\u00e9s \u00e0 discuter de financements climats \u2014 important point de friction dans les n\u00e9gociations portant sur la biodiversit\u00e9 \u2014, un rapport des Nations unies indique que seuls 154 milliards de dollars par an sont consacr\u00e9s aux \u00ab&#160;solutions prenant en compte la nature&#160;\u00bb&nbsp;<span class='whitespace-nowrap'><span id='easy-footnote-2-170503' class='easy-footnote-margin-adjust'><\/span><span class='easy-footnote'><a href='https:\/\/legrandcontinent.eu\/fr\/2022\/12\/07\/les-perspectives-mondiales-pour-la-biodiversite\/#easy-footnote-bottom-2-170503' title='&lt;a href=&quot;https:\/\/wedocs.unep.org\/bitstream\/handle\/20.500.11822\/41333\/state_finance_nature.pdf?sequence=3&quot;&gt;State of Finance for Nature&amp;#160;? Time to act&amp;#160;: Doubling finance flows into nature-based solutions by 2025 to deal with global crises&lt;\/a&gt;, Nations unies, 1er d\u00e9cembre 2022.'><sup>2<\/sup><\/a><\/span><\/span>. Ce chiffre devrait tripler d\u2019ici 2030.<\/p>\n\n\n\n<div class=\"iframe-container wp-block-image wp-block-image-medium \">\n\t<div>\n\t\t<iframe class=\"absolute w-full h-full pin-t pin-l\" title=\"titolo\" aria-label=\"Interactive line chart\" src=\"\/\/flo.uri.sh\/visualisation\/12090920\/embed\" scrolling=\"no\" frameborder=\"0\"><\/iframe>\n\t<\/div>\n<\/div>\n\n\n\n<p>Ce sont principalement dans les r\u00e9gions abritant une proportion importante de pays \u00e0 revenus faibles et interm\u00e9diaires que la perte de biodiversit\u00e9 est la plus importante.<\/p>\n\n\n\n<ul class=\"wp-block-list\">\n<li>Selon l\u2019Indice plan\u00e8te vivante, seulement 20&#160;% de la biodiversit\u00e9 en Europe, Asie centrale et Am\u00e9rique du Nord a \u00e9t\u00e9 perdue depuis 1970.<\/li>\n\n\n\n<li>Cette baisse est bien inf\u00e9rieure \u00e0 la moyenne mondiale de 69&#160;%, principalement tir\u00e9e vers le bas par l\u2019Am\u00e9rique latine et les Cara\u00efbes qui auraient perdu 94&#160;% de leur biodiversit\u00e9 au cours des cinquante derni\u00e8res ann\u00e9es.<\/li>\n<\/ul>\n\n\n\n<div class=\"iframe-container wp-block-image wp-block-image-medium \">\n\t<div>\n\t\t<iframe class=\"absolute w-full h-full pin-t pin-l\" title=\"titolo\" aria-label=\"Interactive line chart\" src=\"\/\/flo.uri.sh\/visualisation\/12089562\/embed\" scrolling=\"no\" frameborder=\"0\"><\/iframe>\n\t<\/div>\n<\/div>\n\n\n\n<p><a href=\"https:\/\/legrandcontinent.eu\/fr\/2022\/10\/31\/lula-a-remporte-les-elections-au-bresil-que-va-t-il-se-passer-desormais\/\">L\u2019\u00e9lection de Lula<\/a> au Br\u00e9sil permet toutefois d\u2019esp\u00e9rer une inversion de cette tendance. Alors que le Br\u00e9sil abrite la plus importante concentration de biodiversit\u00e9 au monde, le gouvernement Bolsonaro a \u00e9t\u00e9 caract\u00e9ris\u00e9 par sa <a href=\"https:\/\/legrandcontinent.eu\/fr\/2022\/11\/14\/vers-la-creation-dun-ministere-des-peuples-autochtones-au-bresil\/\">strat\u00e9gie de destruction des politiques environnementales<\/a> mises en place par ses pr\u00e9d\u00e9cesseurs.<\/p>\n\n\n\n<div class=\"iframe-container wp-block-image wp-block-image-medium  iframe-dw\">\n\t<div>\n\t\t<iframe class=\"absolute w-full h-full pin-t pin-l\" title=\"titolo\" aria-label=\"Interactive line chart\" src=\"\/\/datawrapper.dwcdn.net\/M94vo\/\" scrolling=\"no\" frameborder=\"0\"><\/iframe>\n\t<\/div>\n<\/div>\n\n\n\n<p>Si le Br\u00e9sil a d\u00e9lib\u00e9r\u00e9ment fait obstruction aux n\u00e9gociations pr\u00e9c\u00e9dentes, emp\u00eachant la conclusion d&rsquo;un accord sur des objectifs tels que la protection d&rsquo;au moins 30&#160;% des terres et des mers d&rsquo;ici 2030 \u2014 selon la WWF et d\u2019autres organisations de protection de la nature \u2014, Lula a fait savoir que l&rsquo;environnement \u00e9tait l&rsquo;une de ses principales priorit\u00e9s&nbsp;<span class='whitespace-nowrap'><span id='easy-footnote-3-170503' class='easy-footnote-margin-adjust'><\/span><span class='easy-footnote'><a href='https:\/\/legrandcontinent.eu\/fr\/2022\/12\/07\/les-perspectives-mondiales-pour-la-biodiversite\/#easy-footnote-bottom-3-170503' title='\u00ab&amp;#160;&lt;a href=&quot;https:\/\/www.nature.com\/articles\/d41586-022-04329-5?utm_campaign=Carbon%20Brief%20Daily%20Briefing&amp;amp;utm_content=20221207&amp;amp;utm_medium=email&amp;amp;utm_source=Revue%20Daily&quot;&gt;World leaders must step up to put biodiversity deal on path to success&lt;\/a&gt;&amp;#160;\u00bb, &lt;em&gt;Nature&lt;\/em&gt;, 6 d\u00e9cembre 2022.'><sup>3<\/sup><\/a><\/span><\/span>.<\/p>\n","protected":false},"excerpt":{"rendered":"<p>Aujourd\u2019hui s\u2019ouvre la 15e Conf\u00e9rence des parties (COP15) consacr\u00e9e aux questions de biodiversit\u00e9, qui se tiendra \u00e0 Montr\u00e9al jusqu\u2019au 19 d\u00e9cembre. Apr\u00e8s le bilan mitig\u00e9 de la COP 27, les 194 \u00c9tats participants vont chercher \u00e0 se mettre d\u2019accord sur un nouvel accord international audacieux visant \u00e0 enrayer la perte globale de la biodiversit\u00e9.<\/p>\n","protected":false},"author":2622,"featured_media":170501,"comment_status":"closed","ping_status":"closed","sticky":false,"template":"templates\/post-briefings.php","format":"standard","meta":{"_acf_changed":false,"_trash_the_other_posts":false,"_yoast_wpseo_estimated-reading-time-minutes":3,"footnotes":""},"categories":[1730],"tags":[],"staff":[],"editorial_format":[],"serie":[],"audience":[],"geo":[2163],"class_list":["post-170503","post","type-post","status-publish","format-standard","hentry","category-energie-et-environnement","geo-monde"],"acf":{"open_in_webview":false,"accent":false},"yoast_head":"<!-- This site is optimized with the Yoast SEO plugin v26.1.1 - https:\/\/yoast.com\/wordpress\/plugins\/seo\/ -->\n<title>Les perspectives mondiales pour la biodiversit\u00e9 | Le Grand Continent<\/title>\n<meta name=\"robots\" content=\"index, follow, max-snippet:-1, max-image-preview:large, max-video-preview:-1\" \/>\n<link rel=\"canonical\" href=\"https:\/\/legrandcontinent.eu\/fr\/2022\/12\/07\/les-perspectives-mondiales-pour-la-biodiversite\/\" \/>\n<meta property=\"og:locale\" content=\"fr_FR\" \/>\n<meta property=\"og:type\" content=\"article\" \/>\n<meta property=\"og:title\" content=\"Les perspectives mondiales pour la biodiversit\u00e9 | Le Grand Continent\" \/>\n<meta property=\"og:description\" content=\"Aujourd\u2019hui s\u2019ouvre la 15e Conf\u00e9rence des parties (COP15) consacr\u00e9e aux questions de biodiversit\u00e9, qui se tiendra \u00e0 Montr\u00e9al jusqu\u2019au 19 d\u00e9cembre. Apr\u00e8s le bilan mitig\u00e9 de la COP 27, les 194 \u00c9tats participants vont chercher \u00e0 se mettre d\u2019accord sur un nouvel accord international audacieux visant \u00e0 enrayer la perte globale de la biodiversit\u00e9.\" \/>\n<meta property=\"og:url\" content=\"https:\/\/legrandcontinent.eu\/fr\/2022\/12\/07\/les-perspectives-mondiales-pour-la-biodiversite\/\" \/>\n<meta property=\"og:site_name\" content=\"Le Grand Continent\" \/>\n<meta property=\"article:published_time\" content=\"2022-12-07T14:00:22+00:00\" \/>\n<meta property=\"article:modified_time\" content=\"2022-12-07T14:21:57+00:00\" \/>\n<meta property=\"og:image\" content=\"https:\/\/legrandcontinent.eu\/fr\/wp-content\/uploads\/sites\/2\/2022\/12\/Capture-de\u0301cran-2022-12-07-a\u0300-14.46.19-1.jpg\" \/>\n\t<meta property=\"og:image:width\" content=\"2560\" \/>\n\t<meta property=\"og:image:height\" content=\"1440\" \/>\n\t<meta property=\"og:image:type\" content=\"image\/jpeg\" \/>\n<meta name=\"author\" content=\"Marin Saillofest\" \/>\n<meta name=\"twitter:card\" content=\"summary_large_image\" \/>\n<meta name=\"twitter:image\" content=\"https:\/\/legrandcontinent.eu\/fr\/wp-content\/uploads\/sites\/2\/2022\/12\/Capture-de\u0301cran-2022-12-07-a\u0300-14.46.19-1.jpg\" \/>\n<meta name=\"twitter:label1\" content=\"\u00c9crit par\" \/>\n\t<meta name=\"twitter:data1\" content=\"Marin Saillofest\" \/>\n\t<meta name=\"twitter:label2\" content=\"Dur\u00e9e de lecture estim\u00e9e\" \/>\n\t<meta name=\"twitter:data2\" content=\"3 minutes\" \/>\n<script type=\"application\/ld+json\" class=\"yoast-schema-graph\">{\"@context\":\"https:\/\/schema.org\",\"@graph\":[{\"@type\":\"WebPage\",\"@id\":\"https:\/\/legrandcontinent.eu\/fr\/2022\/12\/07\/les-perspectives-mondiales-pour-la-biodiversite\/\",\"url\":\"https:\/\/legrandcontinent.eu\/fr\/2022\/12\/07\/les-perspectives-mondiales-pour-la-biodiversite\/\",\"name\":\"Les perspectives mondiales pour la biodiversit\u00e9 | Le Grand Continent\",\"isPartOf\":{\"@id\":\"https:\/\/legrandcontinent.eu\/fr\/#website\"},\"primaryImageOfPage\":{\"@id\":\"https:\/\/legrandcontinent.eu\/fr\/2022\/12\/07\/les-perspectives-mondiales-pour-la-biodiversite\/#primaryimage\"},\"image\":{\"@id\":\"https:\/\/legrandcontinent.eu\/fr\/2022\/12\/07\/les-perspectives-mondiales-pour-la-biodiversite\/#primaryimage\"},\"thumbnailUrl\":\"https:\/\/legrandcontinent.eu\/fr\/wp-content\/uploads\/sites\/2\/2022\/12\/Capture-de\u0301cran-2022-12-07-a\u0300-14.43.27.jpg\",\"datePublished\":\"2022-12-07T14:00:22+00:00\",\"dateModified\":\"2022-12-07T14:21:57+00:00\",\"author\":{\"@id\":\"https:\/\/legrandcontinent.eu\/fr\/#\/schema\/person\/e4f85f52220fc7b4cc3cfdb86d88e833\"},\"breadcrumb\":{\"@id\":\"https:\/\/legrandcontinent.eu\/fr\/2022\/12\/07\/les-perspectives-mondiales-pour-la-biodiversite\/#breadcrumb\"},\"inLanguage\":\"fr-FR\",\"potentialAction\":[{\"@type\":\"ReadAction\",\"target\":[\"https:\/\/legrandcontinent.eu\/fr\/2022\/12\/07\/les-perspectives-mondiales-pour-la-biodiversite\/\"]}]},{\"@type\":\"ImageObject\",\"inLanguage\":\"fr-FR\",\"@id\":\"https:\/\/legrandcontinent.eu\/fr\/2022\/12\/07\/les-perspectives-mondiales-pour-la-biodiversite\/#primaryimage\",\"url\":\"https:\/\/legrandcontinent.eu\/fr\/wp-content\/uploads\/sites\/2\/2022\/12\/Capture-de\u0301cran-2022-12-07-a\u0300-14.43.27.jpg\",\"contentUrl\":\"https:\/\/legrandcontinent.eu\/fr\/wp-content\/uploads\/sites\/2\/2022\/12\/Capture-de\u0301cran-2022-12-07-a\u0300-14.43.27.jpg\",\"width\":1718,\"height\":1308},{\"@type\":\"BreadcrumbList\",\"@id\":\"https:\/\/legrandcontinent.eu\/fr\/2022\/12\/07\/les-perspectives-mondiales-pour-la-biodiversite\/#breadcrumb\",\"itemListElement\":[{\"@type\":\"ListItem\",\"position\":1,\"name\":\"Accueil\",\"item\":\"https:\/\/legrandcontinent.eu\/fr\/\"},{\"@type\":\"ListItem\",\"position\":2,\"name\":\"Les perspectives mondiales pour la biodiversit\u00e9\"}]},{\"@type\":\"WebSite\",\"@id\":\"https:\/\/legrandcontinent.eu\/fr\/#website\",\"url\":\"https:\/\/legrandcontinent.eu\/fr\/\",\"name\":\"Le Grand Continent\",\"description\":\"L&#039;\u00e9chelle pertinente\",\"potentialAction\":[{\"@type\":\"SearchAction\",\"target\":{\"@type\":\"EntryPoint\",\"urlTemplate\":\"https:\/\/legrandcontinent.eu\/fr\/?s={search_term_string}\"},\"query-input\":{\"@type\":\"PropertyValueSpecification\",\"valueRequired\":true,\"valueName\":\"search_term_string\"}}],\"inLanguage\":\"fr-FR\"},{\"@type\":\"Person\",\"@id\":\"https:\/\/legrandcontinent.eu\/fr\/#\/schema\/person\/e4f85f52220fc7b4cc3cfdb86d88e833\",\"name\":\"Marin Saillofest\",\"image\":{\"@type\":\"ImageObject\",\"inLanguage\":\"fr-FR\",\"@id\":\"https:\/\/legrandcontinent.eu\/fr\/#\/schema\/person\/image\/\",\"url\":\"https:\/\/secure.gravatar.com\/avatar\/87088698b4d967390c49ae6d4f1aa459?s=96&d=mm&r=g\",\"contentUrl\":\"https:\/\/secure.gravatar.com\/avatar\/87088698b4d967390c49ae6d4f1aa459?s=96&d=mm&r=g\",\"caption\":\"Marin Saillofest\"}}]}<\/script>\n<!-- \/ Yoast SEO plugin. -->","yoast_head_json":{"title":"Les perspectives mondiales pour la biodiversit\u00e9 | Le Grand Continent","robots":{"index":"index","follow":"follow","max-snippet":"max-snippet:-1","max-image-preview":"max-image-preview:large","max-video-preview":"max-video-preview:-1"},"canonical":"https:\/\/legrandcontinent.eu\/fr\/2022\/12\/07\/les-perspectives-mondiales-pour-la-biodiversite\/","og_locale":"fr_FR","og_type":"article","og_title":"Les perspectives mondiales pour la biodiversit\u00e9 | Le Grand Continent","og_description":"Aujourd\u2019hui s\u2019ouvre la 15e Conf\u00e9rence des parties (COP15) consacr\u00e9e aux questions de biodiversit\u00e9, qui se tiendra \u00e0 Montr\u00e9al jusqu\u2019au 19 d\u00e9cembre. Apr\u00e8s le bilan mitig\u00e9 de la COP 27, les 194 \u00c9tats participants vont chercher \u00e0 se mettre d\u2019accord sur un nouvel accord international audacieux visant \u00e0 enrayer la perte globale de la biodiversit\u00e9.","og_url":"https:\/\/legrandcontinent.eu\/fr\/2022\/12\/07\/les-perspectives-mondiales-pour-la-biodiversite\/","og_site_name":"Le Grand Continent","article_published_time":"2022-12-07T14:00:22+00:00","article_modified_time":"2022-12-07T14:21:57+00:00","og_image":[{"width":2560,"height":1440,"url":"https:\/\/legrandcontinent.eu\/fr\/wp-content\/uploads\/sites\/2\/2022\/12\/Capture-de\u0301cran-2022-12-07-a\u0300-14.46.19-1.jpg","type":"image\/jpeg"}],"author":"Marin Saillofest","twitter_card":"summary_large_image","twitter_image":"https:\/\/legrandcontinent.eu\/fr\/wp-content\/uploads\/sites\/2\/2022\/12\/Capture-de\u0301cran-2022-12-07-a\u0300-14.46.19-1.jpg","twitter_misc":{"\u00c9crit par":"Marin Saillofest","Dur\u00e9e de lecture estim\u00e9e":"3 minutes"},"schema":{"@context":"https:\/\/schema.org","@graph":[{"@type":"WebPage","@id":"https:\/\/legrandcontinent.eu\/fr\/2022\/12\/07\/les-perspectives-mondiales-pour-la-biodiversite\/","url":"https:\/\/legrandcontinent.eu\/fr\/2022\/12\/07\/les-perspectives-mondiales-pour-la-biodiversite\/","name":"Les perspectives mondiales pour la biodiversit\u00e9 | Le Grand Continent","isPartOf":{"@id":"https:\/\/legrandcontinent.eu\/fr\/#website"},"primaryImageOfPage":{"@id":"https:\/\/legrandcontinent.eu\/fr\/2022\/12\/07\/les-perspectives-mondiales-pour-la-biodiversite\/#primaryimage"},"image":{"@id":"https:\/\/legrandcontinent.eu\/fr\/2022\/12\/07\/les-perspectives-mondiales-pour-la-biodiversite\/#primaryimage"},"thumbnailUrl":"https:\/\/legrandcontinent.eu\/fr\/wp-content\/uploads\/sites\/2\/2022\/12\/Capture-de\u0301cran-2022-12-07-a\u0300-14.43.27.jpg","datePublished":"2022-12-07T14:00:22+00:00","dateModified":"2022-12-07T14:21:57+00:00","author":{"@id":"https:\/\/legrandcontinent.eu\/fr\/#\/schema\/person\/e4f85f52220fc7b4cc3cfdb86d88e833"},"breadcrumb":{"@id":"https:\/\/legrandcontinent.eu\/fr\/2022\/12\/07\/les-perspectives-mondiales-pour-la-biodiversite\/#breadcrumb"},"inLanguage":"fr-FR","potentialAction":[{"@type":"ReadAction","target":["https:\/\/legrandcontinent.eu\/fr\/2022\/12\/07\/les-perspectives-mondiales-pour-la-biodiversite\/"]}]},{"@type":"ImageObject","inLanguage":"fr-FR","@id":"https:\/\/legrandcontinent.eu\/fr\/2022\/12\/07\/les-perspectives-mondiales-pour-la-biodiversite\/#primaryimage","url":"https:\/\/legrandcontinent.eu\/fr\/wp-content\/uploads\/sites\/2\/2022\/12\/Capture-de\u0301cran-2022-12-07-a\u0300-14.43.27.jpg","contentUrl":"https:\/\/legrandcontinent.eu\/fr\/wp-content\/uploads\/sites\/2\/2022\/12\/Capture-de\u0301cran-2022-12-07-a\u0300-14.43.27.jpg","width":1718,"height":1308},{"@type":"BreadcrumbList","@id":"https:\/\/legrandcontinent.eu\/fr\/2022\/12\/07\/les-perspectives-mondiales-pour-la-biodiversite\/#breadcrumb","itemListElement":[{"@type":"ListItem","position":1,"name":"Accueil","item":"https:\/\/legrandcontinent.eu\/fr\/"},{"@type":"ListItem","position":2,"name":"Les perspectives mondiales pour la biodiversit\u00e9"}]},{"@type":"WebSite","@id":"https:\/\/legrandcontinent.eu\/fr\/#website","url":"https:\/\/legrandcontinent.eu\/fr\/","name":"Le Grand Continent","description":"L&#039;\u00e9chelle pertinente","potentialAction":[{"@type":"SearchAction","target":{"@type":"EntryPoint","urlTemplate":"https:\/\/legrandcontinent.eu\/fr\/?s={search_term_string}"},"query-input":{"@type":"PropertyValueSpecification","valueRequired":true,"valueName":"search_term_string"}}],"inLanguage":"fr-FR"},{"@type":"Person","@id":"https:\/\/legrandcontinent.eu\/fr\/#\/schema\/person\/e4f85f52220fc7b4cc3cfdb86d88e833","name":"Marin Saillofest","image":{"@type":"ImageObject","inLanguage":"fr-FR","@id":"https:\/\/legrandcontinent.eu\/fr\/#\/schema\/person\/image\/","url":"https:\/\/secure.gravatar.com\/avatar\/87088698b4d967390c49ae6d4f1aa459?s=96&d=mm&r=g","contentUrl":"https:\/\/secure.gravatar.com\/avatar\/87088698b4d967390c49ae6d4f1aa459?s=96&d=mm&r=g","caption":"Marin Saillofest"}}]}},"lgc_categories":[{"id":1730,"name":"\u00c9nergie et environnement","slug":"energie-et-environnement"}],"lgc_author":null,"feature_image_summary":{"url":"https:\/\/legrandcontinent.eu\/fr\/wp-content\/uploads\/sites\/2\/2022\/12\/Capture-de\u0301cran-2022-12-07-a\u0300-14.43.27.jpg","width":1718,"height":1308,"alt":""},"feature_image_cover":null,"term_position_data":null,"_links":{"self":[{"href":"https:\/\/legrandcontinent.eu\/fr\/wp-json\/wp\/v2\/posts\/170503","targetHints":{"allow":["GET"]}}],"collection":[{"href":"https:\/\/legrandcontinent.eu\/fr\/wp-json\/wp\/v2\/posts"}],"about":[{"href":"https:\/\/legrandcontinent.eu\/fr\/wp-json\/wp\/v2\/types\/post"}],"author":[{"embeddable":true,"href":"https:\/\/legrandcontinent.eu\/fr\/wp-json\/wp\/v2\/users\/2622"}],"replies":[{"embeddable":true,"href":"https:\/\/legrandcontinent.eu\/fr\/wp-json\/wp\/v2\/comments?post=170503"}],"version-history":[{"count":0,"href":"https:\/\/legrandcontinent.eu\/fr\/wp-json\/wp\/v2\/posts\/170503\/revisions"}],"wp:featuredmedia":[{"embeddable":true,"href":"https:\/\/legrandcontinent.eu\/fr\/wp-json\/wp\/v2\/media\/170501"}],"wp:attachment":[{"href":"https:\/\/legrandcontinent.eu\/fr\/wp-json\/wp\/v2\/media?parent=170503"}],"wp:term":[{"taxonomy":"category","embeddable":true,"href":"https:\/\/legrandcontinent.eu\/fr\/wp-json\/wp\/v2\/categories?post=170503"},{"taxonomy":"post_tag","embeddable":true,"href":"https:\/\/legrandcontinent.eu\/fr\/wp-json\/wp\/v2\/tags?post=170503"},{"taxonomy":"staff","embeddable":true,"href":"https:\/\/legrandcontinent.eu\/fr\/wp-json\/wp\/v2\/staff?post=170503"},{"taxonomy":"editorial_format","embeddable":true,"href":"https:\/\/legrandcontinent.eu\/fr\/wp-json\/wp\/v2\/editorial_format?post=170503"},{"taxonomy":"serie","embeddable":true,"href":"https:\/\/legrandcontinent.eu\/fr\/wp-json\/wp\/v2\/serie?post=170503"},{"taxonomy":"audience","embeddable":true,"href":"https:\/\/legrandcontinent.eu\/fr\/wp-json\/wp\/v2\/audience?post=170503"},{"taxonomy":"geo","embeddable":true,"href":"https:\/\/legrandcontinent.eu\/fr\/wp-json\/wp\/v2\/geo?post=170503"}],"curies":[{"name":"wp","href":"https:\/\/api.w.org\/{rel}","templated":true}]}}