{"id":163714,"date":"2022-10-17T10:07:23","date_gmt":"2022-10-17T08:07:23","guid":{"rendered":"https:\/\/legrandcontinent.eu\/fr\/?p=163714"},"modified":"2022-10-18T12:48:53","modified_gmt":"2022-10-18T10:48:53","slug":"les-crises-mondiales-nuisent-considerablement-a-la-lutte-contre-lextreme-pauvrete","status":"publish","type":"post","link":"https:\/\/legrandcontinent.eu\/fr\/2022\/10\/17\/les-crises-mondiales-nuisent-considerablement-a-la-lutte-contre-lextreme-pauvrete\/","title":{"rendered":"La lutte contre l\u2019extr\u00eame pauvret\u00e9 mise \u00e0 mal par le contexte g\u00e9opolitique"},"content":{"rendered":"\n<p>Selon les donn\u00e9es les plus r\u00e9centes de la Banque mondiale, presque 650 millions de personnes vivaient en-dessous du seuil international de pauvret\u00e9 en 2019, fix\u00e9 \u00e0 2,15 $ par jour.<\/p>\n\n\n\n<ul class=\"wp-block-list\">\n<li>Environ 10&#160;% de la population mondiale vit dans des conditions d\u2019extr\u00eame pauvret\u00e9 et a du mal \u00e0  satisfaire des besoins \u00e9l\u00e9mentaires tels que la sant\u00e9, l\u2019\u00e9ducation, l\u2019acc\u00e8s \u00e0 l\u2019eau potable et \u00e0 un syst\u00e8me sanitaire.\u00a0<\/li>\n\n\n\n<li>Dans le contexte actuel, les Nations unies estiment que 970 000 personnes risquent la famine en Afghanistan, en \u00c9thiopie, en Somalie, au Soudan du Sud et au Y\u00e9men. De plus, d\u2019ici la fin de l\u2019ann\u00e9e, la Banque mondiale estime que <a href=\"https:\/\/legrandcontinent.eu\/fr\/2022\/10\/06\/linflation-des-prix-alimentaires-met-en-danger-plus-de-200-millions-de-personnes-dans-le-monde\/?mc_cid=a3964bab43&amp;mc_eid=311bb1975a&amp;mc_cid=69455e768c&amp;mc_eid=8c64655674\">205 millions de personnes seront en situation de crise alimentaire voire de famine dans 45 pays<\/a>.<\/li>\n<\/ul>\n\n\n\n<div class=\"iframe-container wp-block-image wp-block-image-medium  iframe-dw\">\n\t<div>\n\t\t<iframe class=\"absolute w-full h-full pin-t pin-l\" title=\"titolo\" aria-label=\"Interactive line chart\" src=\"\/\/datawrapper.dwcdn.net\/n4RDM\/2\/ \" scrolling=\"no\" frameborder=\"0\"><\/iframe>\n\t<\/div>\n<\/div>\n\n\n\n<p>Plus g\u00e9n\u00e9ralement, la situation \u00e9conomique internationale ne pr\u00e9sage rien de bon pour la lutte contre la pauvret\u00e9. La semaine derni\u00e8re, <a href=\"https:\/\/legrandcontinent.eu\/fr\/2022\/10\/11\/litalie-et-lallemagne-vont-entrer-en-recession-en-2023-selon-le-fmi\/?mc_cid=69455e768c&amp;mc_eid=8c64655674\">le FMI a publi\u00e9 les pr\u00e9visions de croissance les plus faibles depuis 2001<\/a> \u2014 exceptions faites pour la pand\u00e9mie et la crise financi\u00e8re de 2008. Ainsi, l\u2019organisation pr\u00e9voit que la croissance mondiale devrait passer de 6&#160;% en 2021 \u00e0 3,2&#160;% en 2022, et seulement 2,7&#160;% en 2023.<\/p>\n\n\n\n<div class=\"iframe-container wp-block-image wp-block-image-medium  iframe-dw\">\n\t<div>\n\t\t<iframe class=\"absolute w-full h-full pin-t pin-l\" title=\"titolo\" aria-label=\"Interactive line chart\" src=\"\/\/datawrapper.dwcdn.net\/LyX1Y\/3\/\" scrolling=\"no\" frameborder=\"0\"><\/iframe>\n\t<\/div>\n<\/div>\n\n\n\n<p>Si une diminution consid\u00e9rable de l\u2019extr\u00eame pauvret\u00e9 a \u00e9t\u00e9 observ\u00e9e depuis les ann\u00e9es 1990, la pand\u00e9mie de Covid-19 a frein\u00e9 la dynamique qui devait aboutir \u00e0 moins de 600 millions de personnes pauvres dans le monde d\u2019ici 2022.<\/p>\n\n\n\n<ul class=\"wp-block-list\">\n<li>Selon les sc\u00e9narios actuels, ce chiffre est plut\u00f4t estim\u00e9 entre 667 et 685 millions de personnes&nbsp;<span class='whitespace-nowrap'><span id='easy-footnote-1-163714' class='easy-footnote-margin-adjust'><\/span><span class='easy-footnote'><a href='https:\/\/legrandcontinent.eu\/fr\/2022\/10\/17\/les-crises-mondiales-nuisent-considerablement-a-la-lutte-contre-lextreme-pauvrete\/#easy-footnote-bottom-1-163714' title='&lt;a href=&quot;https:\/\/openknowledge.worldbank.org\/bitstream\/handle\/10986\/37739\/9781464818936.pdf&quot;&gt;Poverty and Shared Prosperity 2022&amp;#160;: Correcting Course&lt;\/a&gt;, Banque mondiale, octobre 2022.'><sup>1<\/sup><\/a><\/span><\/span>.<\/li>\n\n\n\n<li>L\u2019inflation des prix des denr\u00e9e alimentaire touche le plus durement les populations vivant en Afrique subsaharienne.<\/li>\n<\/ul>\n\n\n\n<div class=\"iframe-container wp-block-image wp-block-image-medium  iframe-dw\">\n\t<div>\n\t\t<iframe class=\"absolute w-full h-full pin-t pin-l\" title=\"titolo\" aria-label=\"Interactive line chart\" src=\"\/\/datawrapper.dwcdn.net\/cNHxR\/1\/\" scrolling=\"no\" frameborder=\"0\"><\/iframe>\n\t<\/div>\n<\/div>\n\n\n\n<p>La guerre russe contre l\u2019Ukraine a consid\u00e9rablement aggrav\u00e9 la situation. Si les pr\u00e9visions actuelles se concr\u00e9tisent (ce que la situation g\u00e9opolitique semble pour le moment confirmer), il s&rsquo;agira de la deuxi\u00e8me pire ann\u00e9e de la lutte contre la pauvret\u00e9 dans le monde depuis 2000.<\/p>\n\n\n\n<p>Afin d\u2019enrayer cette tendance, la Banque mondiale recommande de mobiliser les outils budg\u00e9taires \u00e0 travers d\u2019importantes r\u00e9formes. Trois principaux axes sont mis en avant&#160;: des programmes d\u2019aides et d\u2019allocations visant les populations les plus pauvres, continuer les investissements \u00e0 long terme malgr\u00e9 la succession des crises et augmenter les recettes fiscales pour favoriser la distribution&nbsp;<span class='whitespace-nowrap'><span id='easy-footnote-2-163714' class='easy-footnote-margin-adjust'><\/span><span class='easy-footnote'><a href='https:\/\/legrandcontinent.eu\/fr\/2022\/10\/17\/les-crises-mondiales-nuisent-considerablement-a-la-lutte-contre-lextreme-pauvrete\/#easy-footnote-bottom-2-163714' title='&lt;a href=&quot;https:\/\/www.worldbank.org\/en\/news\/immersive-story\/2022\/10\/05\/covid-19-dealt-a-historic-blow-to-poverty-reduction&quot;&gt;Covid-19 dealt a historic blow to poverty reduction. Fiscal policy can help repair the damage&lt;\/a&gt;, Banque mondiale, 5 octobre 2022.'><sup>2<\/sup><\/a><\/span><\/span>.<\/p>\n","protected":false},"excerpt":{"rendered":"<p>Aujourd\u2019hui, c\u2019est la Journ\u00e9e internationale pour l&rsquo;\u00e9limination de la pauvret\u00e9. La lutte contre la pauvret\u00e9 dans le monde a \u00e9t\u00e9 fortement impact\u00e9 par la pand\u00e9mie de Covid-19, de l\u2019instabilit\u00e9 politique ainsi que de l\u2019inflation des prix alimentaires et de l\u2019\u00e9nergie. Selon la Banque mondiale, l\u2019objectif d\u2019\u00e9limination de l\u2019extr\u00eame pauvret\u00e9 d\u2019ici 2030 semble d\u00e9sormais hors de port\u00e9e.<\/p>\n","protected":false},"author":2622,"featured_media":163712,"comment_status":"closed","ping_status":"closed","sticky":false,"template":"templates\/post-briefings.php","format":"standard","meta":{"_acf_changed":false,"_trash_the_other_posts":false,"_yoast_wpseo_estimated-reading-time-minutes":3,"footnotes":""},"categories":[1727],"tags":[],"staff":[],"editorial_format":[],"serie":[],"audience":[],"geo":[2163],"class_list":["post-163714","post","type-post","status-publish","format-standard","hentry","category-economie","geo-monde"],"acf":{"open_in_webview":false,"accent":false,"_thumbnail_id":163712,"excerpt":"Aujourd\u2019hui, c\u2019est la Journ\u00e9e internationale pour l'\u00e9limination de la pauvret\u00e9. La lutte contre la pauvret\u00e9 dans le monde a \u00e9t\u00e9 fortement impact\u00e9 par la pand\u00e9mie de Covid-19, de l\u2019instabilit\u00e9 politique ainsi que de l\u2019inflation des prix alimentaires et de l\u2019\u00e9nergie. Selon la Banque mondiale, l\u2019objectif d\u2019\u00e9limination de l\u2019extr\u00eame pauvret\u00e9 d\u2019ici 2030 semble d\u00e9sormais hors de port\u00e9e.","display_date":"","new_abstract":true},"yoast_head":"<!-- This site is optimized with the Yoast SEO plugin v26.1.1 - https:\/\/yoast.com\/wordpress\/plugins\/seo\/ -->\n<title>La lutte contre l\u2019extr\u00eame pauvret\u00e9 mise \u00e0 mal par le contexte g\u00e9opolitique | Le Grand Continent<\/title>\n<meta name=\"robots\" content=\"index, follow, max-snippet:-1, max-image-preview:large, max-video-preview:-1\" \/>\n<link rel=\"canonical\" href=\"https:\/\/legrandcontinent.eu\/fr\/2022\/10\/17\/les-crises-mondiales-nuisent-considerablement-a-la-lutte-contre-lextreme-pauvrete\/\" \/>\n<meta property=\"og:locale\" content=\"fr_FR\" \/>\n<meta property=\"og:type\" content=\"article\" \/>\n<meta property=\"og:title\" content=\"La lutte contre l\u2019extr\u00eame pauvret\u00e9 mise \u00e0 mal par le contexte g\u00e9opolitique | Le Grand Continent\" \/>\n<meta property=\"og:description\" content=\"Aujourd\u2019hui, c\u2019est la Journ\u00e9e internationale pour l&#039;\u00e9limination de la pauvret\u00e9. La lutte contre la pauvret\u00e9 dans le monde a \u00e9t\u00e9 fortement impact\u00e9 par la pand\u00e9mie de Covid-19, de l\u2019instabilit\u00e9 politique ainsi que de l\u2019inflation des prix alimentaires et de l\u2019\u00e9nergie. Selon la Banque mondiale, l\u2019objectif d\u2019\u00e9limination de l\u2019extr\u00eame pauvret\u00e9 d\u2019ici 2030 semble d\u00e9sormais hors de port\u00e9e.\" \/>\n<meta property=\"og:url\" content=\"https:\/\/legrandcontinent.eu\/fr\/2022\/10\/17\/les-crises-mondiales-nuisent-considerablement-a-la-lutte-contre-lextreme-pauvrete\/\" \/>\n<meta property=\"og:site_name\" content=\"Le Grand Continent\" \/>\n<meta property=\"article:published_time\" content=\"2022-10-17T08:07:23+00:00\" \/>\n<meta property=\"article:modified_time\" content=\"2022-10-18T10:48:53+00:00\" \/>\n<meta property=\"og:image\" content=\"https:\/\/legrandcontinent.eu\/fr\/wp-content\/uploads\/sites\/2\/2022\/10\/Lutte-extreme-pauvrete_GC.jpg\" \/>\n\t<meta property=\"og:image:width\" content=\"1920\" \/>\n\t<meta property=\"og:image:height\" content=\"1103\" \/>\n\t<meta property=\"og:image:type\" content=\"image\/jpeg\" \/>\n<meta name=\"author\" content=\"Marin Saillofest\" \/>\n<meta name=\"twitter:card\" content=\"summary_large_image\" \/>\n<meta name=\"twitter:image\" content=\"https:\/\/legrandcontinent.eu\/fr\/wp-content\/uploads\/sites\/2\/2022\/10\/Lutte-extreme-pauvrete_GC.jpg\" \/>\n<meta name=\"twitter:label1\" content=\"\u00c9crit par\" \/>\n\t<meta name=\"twitter:data1\" content=\"Marin Saillofest\" \/>\n\t<meta name=\"twitter:label2\" content=\"Dur\u00e9e de lecture estim\u00e9e\" \/>\n\t<meta name=\"twitter:data2\" content=\"3 minutes\" \/>\n<script type=\"application\/ld+json\" class=\"yoast-schema-graph\">{\"@context\":\"https:\/\/schema.org\",\"@graph\":[{\"@type\":\"WebPage\",\"@id\":\"https:\/\/legrandcontinent.eu\/fr\/2022\/10\/17\/les-crises-mondiales-nuisent-considerablement-a-la-lutte-contre-lextreme-pauvrete\/\",\"url\":\"https:\/\/legrandcontinent.eu\/fr\/2022\/10\/17\/les-crises-mondiales-nuisent-considerablement-a-la-lutte-contre-lextreme-pauvrete\/\",\"name\":\"La lutte contre l\u2019extr\u00eame pauvret\u00e9 mise \u00e0 mal par le contexte g\u00e9opolitique | Le Grand Continent\",\"isPartOf\":{\"@id\":\"https:\/\/legrandcontinent.eu\/fr\/#website\"},\"primaryImageOfPage\":{\"@id\":\"https:\/\/legrandcontinent.eu\/fr\/2022\/10\/17\/les-crises-mondiales-nuisent-considerablement-a-la-lutte-contre-lextreme-pauvrete\/#primaryimage\"},\"image\":{\"@id\":\"https:\/\/legrandcontinent.eu\/fr\/2022\/10\/17\/les-crises-mondiales-nuisent-considerablement-a-la-lutte-contre-lextreme-pauvrete\/#primaryimage\"},\"thumbnailUrl\":\"https:\/\/legrandcontinent.eu\/fr\/wp-content\/uploads\/sites\/2\/2022\/10\/SIPA_01090302_000005-scaled.jpg\",\"datePublished\":\"2022-10-17T08:07:23+00:00\",\"dateModified\":\"2022-10-18T10:48:53+00:00\",\"author\":{\"@id\":\"https:\/\/legrandcontinent.eu\/fr\/#\/schema\/person\/e4f85f52220fc7b4cc3cfdb86d88e833\"},\"breadcrumb\":{\"@id\":\"https:\/\/legrandcontinent.eu\/fr\/2022\/10\/17\/les-crises-mondiales-nuisent-considerablement-a-la-lutte-contre-lextreme-pauvrete\/#breadcrumb\"},\"inLanguage\":\"fr-FR\",\"potentialAction\":[{\"@type\":\"ReadAction\",\"target\":[\"https:\/\/legrandcontinent.eu\/fr\/2022\/10\/17\/les-crises-mondiales-nuisent-considerablement-a-la-lutte-contre-lextreme-pauvrete\/\"]}]},{\"@type\":\"ImageObject\",\"inLanguage\":\"fr-FR\",\"@id\":\"https:\/\/legrandcontinent.eu\/fr\/2022\/10\/17\/les-crises-mondiales-nuisent-considerablement-a-la-lutte-contre-lextreme-pauvrete\/#primaryimage\",\"url\":\"https:\/\/legrandcontinent.eu\/fr\/wp-content\/uploads\/sites\/2\/2022\/10\/SIPA_01090302_000005-scaled.jpg\",\"contentUrl\":\"https:\/\/legrandcontinent.eu\/fr\/wp-content\/uploads\/sites\/2\/2022\/10\/SIPA_01090302_000005-scaled.jpg\",\"width\":2560,\"height\":1706,\"caption\":\"Hundreds gather at a wholesale market as local farmers bring jute fibres in by boats to sell in bulk at Jamalpur, Bangladesh. Photographer Abdul Momin, 31, from Bogura, Bangladesh said, \\\"Jute is a kind of natural shiny bast fibre. Jute has been grown for textile purposes on the Indian subcontinent for at least 5,000 years. I have sent another set of photos earlier which shows how farmers obtain jute fibre from jute plants.\\\" \\\"Brokers buy jute fibre directly from the farmers and later they sell them to various jute fibre factories where jute is used chiefly to make yarns, sacks and coarse cloth. Jute is cultivated in the rainy season.\\\" \\\"Bangladesh is the second largest producer of jute in the world with an estimated annual production of 1.6 million tons. Around 4 million farmers in Bangladesh are involved in jute cultivation.\\\" Please byline: Abdul Momin\/Solent News\/\/SOLENTNEWS_SIPA.1341\/2210061112\/Credit:Solent News\/SIPA\/2210061125\"},{\"@type\":\"BreadcrumbList\",\"@id\":\"https:\/\/legrandcontinent.eu\/fr\/2022\/10\/17\/les-crises-mondiales-nuisent-considerablement-a-la-lutte-contre-lextreme-pauvrete\/#breadcrumb\",\"itemListElement\":[{\"@type\":\"ListItem\",\"position\":1,\"name\":\"Accueil\",\"item\":\"https:\/\/legrandcontinent.eu\/fr\/\"},{\"@type\":\"ListItem\",\"position\":2,\"name\":\"La lutte contre l\u2019extr\u00eame pauvret\u00e9 mise \u00e0 mal par le contexte g\u00e9opolitique\"}]},{\"@type\":\"WebSite\",\"@id\":\"https:\/\/legrandcontinent.eu\/fr\/#website\",\"url\":\"https:\/\/legrandcontinent.eu\/fr\/\",\"name\":\"Le Grand Continent\",\"description\":\"L&#039;\u00e9chelle pertinente\",\"potentialAction\":[{\"@type\":\"SearchAction\",\"target\":{\"@type\":\"EntryPoint\",\"urlTemplate\":\"https:\/\/legrandcontinent.eu\/fr\/?s={search_term_string}\"},\"query-input\":{\"@type\":\"PropertyValueSpecification\",\"valueRequired\":true,\"valueName\":\"search_term_string\"}}],\"inLanguage\":\"fr-FR\"},{\"@type\":\"Person\",\"@id\":\"https:\/\/legrandcontinent.eu\/fr\/#\/schema\/person\/e4f85f52220fc7b4cc3cfdb86d88e833\",\"name\":\"Marin Saillofest\",\"image\":{\"@type\":\"ImageObject\",\"inLanguage\":\"fr-FR\",\"@id\":\"https:\/\/legrandcontinent.eu\/fr\/#\/schema\/person\/image\/\",\"url\":\"https:\/\/secure.gravatar.com\/avatar\/87088698b4d967390c49ae6d4f1aa459?s=96&d=mm&r=g\",\"contentUrl\":\"https:\/\/secure.gravatar.com\/avatar\/87088698b4d967390c49ae6d4f1aa459?s=96&d=mm&r=g\",\"caption\":\"Marin Saillofest\"}}]}<\/script>\n<!-- \/ Yoast SEO plugin. -->","yoast_head_json":{"title":"La lutte contre l\u2019extr\u00eame pauvret\u00e9 mise \u00e0 mal par le contexte g\u00e9opolitique | Le Grand Continent","robots":{"index":"index","follow":"follow","max-snippet":"max-snippet:-1","max-image-preview":"max-image-preview:large","max-video-preview":"max-video-preview:-1"},"canonical":"https:\/\/legrandcontinent.eu\/fr\/2022\/10\/17\/les-crises-mondiales-nuisent-considerablement-a-la-lutte-contre-lextreme-pauvrete\/","og_locale":"fr_FR","og_type":"article","og_title":"La lutte contre l\u2019extr\u00eame pauvret\u00e9 mise \u00e0 mal par le contexte g\u00e9opolitique | Le Grand Continent","og_description":"Aujourd\u2019hui, c\u2019est la Journ\u00e9e internationale pour l'\u00e9limination de la pauvret\u00e9. La lutte contre la pauvret\u00e9 dans le monde a \u00e9t\u00e9 fortement impact\u00e9 par la pand\u00e9mie de Covid-19, de l\u2019instabilit\u00e9 politique ainsi que de l\u2019inflation des prix alimentaires et de l\u2019\u00e9nergie. Selon la Banque mondiale, l\u2019objectif d\u2019\u00e9limination de l\u2019extr\u00eame pauvret\u00e9 d\u2019ici 2030 semble d\u00e9sormais hors de port\u00e9e.","og_url":"https:\/\/legrandcontinent.eu\/fr\/2022\/10\/17\/les-crises-mondiales-nuisent-considerablement-a-la-lutte-contre-lextreme-pauvrete\/","og_site_name":"Le Grand Continent","article_published_time":"2022-10-17T08:07:23+00:00","article_modified_time":"2022-10-18T10:48:53+00:00","og_image":[{"width":1920,"height":1103,"url":"https:\/\/legrandcontinent.eu\/fr\/wp-content\/uploads\/sites\/2\/2022\/10\/Lutte-extreme-pauvrete_GC.jpg","type":"image\/jpeg"}],"author":"Marin Saillofest","twitter_card":"summary_large_image","twitter_image":"https:\/\/legrandcontinent.eu\/fr\/wp-content\/uploads\/sites\/2\/2022\/10\/Lutte-extreme-pauvrete_GC.jpg","twitter_misc":{"\u00c9crit par":"Marin Saillofest","Dur\u00e9e de lecture estim\u00e9e":"3 minutes"},"schema":{"@context":"https:\/\/schema.org","@graph":[{"@type":"WebPage","@id":"https:\/\/legrandcontinent.eu\/fr\/2022\/10\/17\/les-crises-mondiales-nuisent-considerablement-a-la-lutte-contre-lextreme-pauvrete\/","url":"https:\/\/legrandcontinent.eu\/fr\/2022\/10\/17\/les-crises-mondiales-nuisent-considerablement-a-la-lutte-contre-lextreme-pauvrete\/","name":"La lutte contre l\u2019extr\u00eame pauvret\u00e9 mise \u00e0 mal par le contexte g\u00e9opolitique | Le Grand Continent","isPartOf":{"@id":"https:\/\/legrandcontinent.eu\/fr\/#website"},"primaryImageOfPage":{"@id":"https:\/\/legrandcontinent.eu\/fr\/2022\/10\/17\/les-crises-mondiales-nuisent-considerablement-a-la-lutte-contre-lextreme-pauvrete\/#primaryimage"},"image":{"@id":"https:\/\/legrandcontinent.eu\/fr\/2022\/10\/17\/les-crises-mondiales-nuisent-considerablement-a-la-lutte-contre-lextreme-pauvrete\/#primaryimage"},"thumbnailUrl":"https:\/\/legrandcontinent.eu\/fr\/wp-content\/uploads\/sites\/2\/2022\/10\/SIPA_01090302_000005-scaled.jpg","datePublished":"2022-10-17T08:07:23+00:00","dateModified":"2022-10-18T10:48:53+00:00","author":{"@id":"https:\/\/legrandcontinent.eu\/fr\/#\/schema\/person\/e4f85f52220fc7b4cc3cfdb86d88e833"},"breadcrumb":{"@id":"https:\/\/legrandcontinent.eu\/fr\/2022\/10\/17\/les-crises-mondiales-nuisent-considerablement-a-la-lutte-contre-lextreme-pauvrete\/#breadcrumb"},"inLanguage":"fr-FR","potentialAction":[{"@type":"ReadAction","target":["https:\/\/legrandcontinent.eu\/fr\/2022\/10\/17\/les-crises-mondiales-nuisent-considerablement-a-la-lutte-contre-lextreme-pauvrete\/"]}]},{"@type":"ImageObject","inLanguage":"fr-FR","@id":"https:\/\/legrandcontinent.eu\/fr\/2022\/10\/17\/les-crises-mondiales-nuisent-considerablement-a-la-lutte-contre-lextreme-pauvrete\/#primaryimage","url":"https:\/\/legrandcontinent.eu\/fr\/wp-content\/uploads\/sites\/2\/2022\/10\/SIPA_01090302_000005-scaled.jpg","contentUrl":"https:\/\/legrandcontinent.eu\/fr\/wp-content\/uploads\/sites\/2\/2022\/10\/SIPA_01090302_000005-scaled.jpg","width":2560,"height":1706,"caption":"Hundreds gather at a wholesale market as local farmers bring jute fibres in by boats to sell in bulk at Jamalpur, Bangladesh. Photographer Abdul Momin, 31, from Bogura, Bangladesh said, \"Jute is a kind of natural shiny bast fibre. Jute has been grown for textile purposes on the Indian subcontinent for at least 5,000 years. I have sent another set of photos earlier which shows how farmers obtain jute fibre from jute plants.\" \"Brokers buy jute fibre directly from the farmers and later they sell them to various jute fibre factories where jute is used chiefly to make yarns, sacks and coarse cloth. Jute is cultivated in the rainy season.\" \"Bangladesh is the second largest producer of jute in the world with an estimated annual production of 1.6 million tons. Around 4 million farmers in Bangladesh are involved in jute cultivation.\" Please byline: Abdul Momin\/Solent News\/\/SOLENTNEWS_SIPA.1341\/2210061112\/Credit:Solent News\/SIPA\/2210061125"},{"@type":"BreadcrumbList","@id":"https:\/\/legrandcontinent.eu\/fr\/2022\/10\/17\/les-crises-mondiales-nuisent-considerablement-a-la-lutte-contre-lextreme-pauvrete\/#breadcrumb","itemListElement":[{"@type":"ListItem","position":1,"name":"Accueil","item":"https:\/\/legrandcontinent.eu\/fr\/"},{"@type":"ListItem","position":2,"name":"La lutte contre l\u2019extr\u00eame pauvret\u00e9 mise \u00e0 mal par le contexte g\u00e9opolitique"}]},{"@type":"WebSite","@id":"https:\/\/legrandcontinent.eu\/fr\/#website","url":"https:\/\/legrandcontinent.eu\/fr\/","name":"Le Grand Continent","description":"L&#039;\u00e9chelle pertinente","potentialAction":[{"@type":"SearchAction","target":{"@type":"EntryPoint","urlTemplate":"https:\/\/legrandcontinent.eu\/fr\/?s={search_term_string}"},"query-input":{"@type":"PropertyValueSpecification","valueRequired":true,"valueName":"search_term_string"}}],"inLanguage":"fr-FR"},{"@type":"Person","@id":"https:\/\/legrandcontinent.eu\/fr\/#\/schema\/person\/e4f85f52220fc7b4cc3cfdb86d88e833","name":"Marin Saillofest","image":{"@type":"ImageObject","inLanguage":"fr-FR","@id":"https:\/\/legrandcontinent.eu\/fr\/#\/schema\/person\/image\/","url":"https:\/\/secure.gravatar.com\/avatar\/87088698b4d967390c49ae6d4f1aa459?s=96&d=mm&r=g","contentUrl":"https:\/\/secure.gravatar.com\/avatar\/87088698b4d967390c49ae6d4f1aa459?s=96&d=mm&r=g","caption":"Marin Saillofest"}}]}},"lgc_categories":[{"id":1727,"name":"\u00c9conomie","slug":"economie"}],"lgc_author":null,"feature_image_summary":{"url":"https:\/\/legrandcontinent.eu\/fr\/wp-content\/uploads\/sites\/2\/2022\/10\/SIPA_01090302_000005-scaled.jpg","width":2560,"height":1706,"alt":""},"feature_image_cover":null,"term_position_data":null,"_links":{"self":[{"href":"https:\/\/legrandcontinent.eu\/fr\/wp-json\/wp\/v2\/posts\/163714","targetHints":{"allow":["GET"]}}],"collection":[{"href":"https:\/\/legrandcontinent.eu\/fr\/wp-json\/wp\/v2\/posts"}],"about":[{"href":"https:\/\/legrandcontinent.eu\/fr\/wp-json\/wp\/v2\/types\/post"}],"author":[{"embeddable":true,"href":"https:\/\/legrandcontinent.eu\/fr\/wp-json\/wp\/v2\/users\/2622"}],"replies":[{"embeddable":true,"href":"https:\/\/legrandcontinent.eu\/fr\/wp-json\/wp\/v2\/comments?post=163714"}],"version-history":[{"count":0,"href":"https:\/\/legrandcontinent.eu\/fr\/wp-json\/wp\/v2\/posts\/163714\/revisions"}],"wp:featuredmedia":[{"embeddable":true,"href":"https:\/\/legrandcontinent.eu\/fr\/wp-json\/wp\/v2\/media\/163712"}],"wp:attachment":[{"href":"https:\/\/legrandcontinent.eu\/fr\/wp-json\/wp\/v2\/media?parent=163714"}],"wp:term":[{"taxonomy":"category","embeddable":true,"href":"https:\/\/legrandcontinent.eu\/fr\/wp-json\/wp\/v2\/categories?post=163714"},{"taxonomy":"post_tag","embeddable":true,"href":"https:\/\/legrandcontinent.eu\/fr\/wp-json\/wp\/v2\/tags?post=163714"},{"taxonomy":"staff","embeddable":true,"href":"https:\/\/legrandcontinent.eu\/fr\/wp-json\/wp\/v2\/staff?post=163714"},{"taxonomy":"editorial_format","embeddable":true,"href":"https:\/\/legrandcontinent.eu\/fr\/wp-json\/wp\/v2\/editorial_format?post=163714"},{"taxonomy":"serie","embeddable":true,"href":"https:\/\/legrandcontinent.eu\/fr\/wp-json\/wp\/v2\/serie?post=163714"},{"taxonomy":"audience","embeddable":true,"href":"https:\/\/legrandcontinent.eu\/fr\/wp-json\/wp\/v2\/audience?post=163714"},{"taxonomy":"geo","embeddable":true,"href":"https:\/\/legrandcontinent.eu\/fr\/wp-json\/wp\/v2\/geo?post=163714"}],"curies":[{"name":"wp","href":"https:\/\/api.w.org\/{rel}","templated":true}]}}