{"id":162185,"date":"2022-10-03T08:07:38","date_gmt":"2022-10-03T06:07:38","guid":{"rendered":"https:\/\/lgctesting.piramid.studio\/fr\/2022\/10\/03\/macron-a-berlin-pour-un-diner-de-travail-informel-avec-olaf-scholz-3\/"},"modified":"2022-10-11T11:58:32","modified_gmt":"2022-10-11T09:58:32","slug":"macron-a-berlin-pour-un-diner-de-travail-informel-avec-olaf-scholz-3","status":"publish","type":"post","link":"https:\/\/legrandcontinent.eu\/fr\/2022\/10\/03\/macron-a-berlin-pour-un-diner-de-travail-informel-avec-olaf-scholz-3\/","title":{"rendered":"Macron \u00e0 Berlin pour un d\u00eener de travail informel avec Olaf Scholz"},"content":{"rendered":"\n<ul class=\"wp-block-list\">\n<li>Ce lundi 3 octobre marque l\u2019anniversaire de la r\u00e9unification allemande de 1990. C\u2019est en ce jour de f\u00eate nationale qu\u2019Olaf Scholz a convi\u00e9 Emmanuel Macron \u00e0 un d\u00eener de travail informel qui ne sera pas suivi d\u2019une conf\u00e9rence de presse. L\u2019objectif est de chercher \u00e0 aligner les positions des deux grands pays europ\u00e9ens sur diff\u00e9rents dossiers cruciaux du moment.<\/li>\n<\/ul>\n\n\n\n<ul class=\"wp-block-list\">\n<li>Le premier est la crise \u00e9nerg\u00e9tique. En fin de semaine derni\u00e8re, Berlin annon\u00e7ait d\u00e9bloquer 200 milliards d\u2019euros pour mettre en place un bouclier tarifaire prot\u00e9geant les consommateurs de la mont\u00e9e des prix du gaz. Cette enveloppe constitue l\u2019aide gouvernementale la plus importante mise en place par le pays depuis le d\u00e9but de la guerre en Ukraine.<\/li>\n<\/ul>\n\n\n\n<div class=\"iframe-container wp-block-image wp-block-image-medium  iframe-dw\">\n\t<div>\n\t\t<iframe class=\"absolute w-full h-full pin-t pin-l\" title=\"titolo\" aria-label=\"Interactive line chart\" src=\"\/\/datawrapper.dwcdn.net\/jst6c\/2\/\" scrolling=\"no\" frameborder=\"0\"><\/iframe>\n\t<\/div>\n<\/div>\n\n\n\n<ul class=\"wp-block-list\">\n<li>Cette d\u00e9cision pourrait entra\u00eener des complications au niveau europ\u00e9en car les entreprises allemandes b\u00e9n\u00e9ficieront elles aussi d\u2019un prix du gaz plafonn\u00e9, tandis que les entreprises europ\u00e9ennes paient leur gaz au prix fort. De plus, Berlin s\u2019est jusqu\u2019\u00e0 maintenant oppos\u00e9 \u00e0 des mesures similaires prises \u00e0 l\u2019\u00e9chelle continentale, notamment la mise en place d\u2019un plafonnement du prix du gaz \u2014 <a href=\"https:\/\/legrandcontinent.eu\/fr\/2022\/09\/30\/accord-au-niveau-europeen-sur-des-mesures-durgence-pour-faire-face-a-la-hausse-des-prix-de-lenergie\/\">voulu par Paris et 14 autres \u00c9tats-membres<\/a>.<\/li>\n<\/ul>\n\n\n\n<ul class=\"wp-block-list\">\n<li>Ainsi, le pr\u00e9sident fran\u00e7ais essaiera tr\u00e8s certainement de convaincre Scholz de la n\u00e9cessaire solidarit\u00e9 (notamment \u00e9nerg\u00e9tique) europ\u00e9enne, <a href=\"https:\/\/legrandcontinent.eu\/fr\/2022\/06\/29\/la-solidarite-energetique-eprouvee-par-la-guerre-en-ukraine\/\">mise \u00e0 mal par la guerre en Ukraine<\/a>. D\u2019autres dossiers comme la r\u00e9forme des r\u00e8gles d\u2019unanimit\u00e9 ou bien le projet de gazoduc transpyr\u00e9n\u00e9en Midcat, dont l\u2019ach\u00e8vement est retard\u00e9 par Paris, devraient \u00e9galement \u00eatre mis sur la table.<\/li>\n<\/ul>\n\n\n\n<div class=\"iframe-container wp-block-image wp-block-image-medium  iframe-dw\">\n\t<div>\n\t\t<iframe class=\"absolute w-full h-full pin-t pin-l\" title=\"titolo\" aria-label=\"Interactive line chart\" src=\"\/\/datawrapper.dwcdn.net\/A8w4A\/2\/\" scrolling=\"no\" frameborder=\"0\"><\/iframe>\n\t<\/div>\n<\/div>\n\n\n\n<ul class=\"wp-block-list\">\n<li>La guerre en Ukraine et notamment l\u2019assistance s\u00e9curitaire fournie au gouvernement de Kyiv devrait \u00e9galement faire l\u2019objet de discussions. Depuis le d\u00e9but du conflit, Paris et Berlin sont critiqu\u00e9s pour ne pas fournir assez d\u2019\u00e9quipements militaires par rapport \u00e0 leurs r\u00e9serves et capacit\u00e9s&nbsp;<span class='whitespace-nowrap'><span id='easy-footnote-1-162185' class='easy-footnote-margin-adjust'><\/span><span class='easy-footnote'><a href='https:\/\/legrandcontinent.eu\/fr\/2022\/10\/03\/macron-a-berlin-pour-un-diner-de-travail-informel-avec-olaf-scholz-3\/#easy-footnote-bottom-1-162185' title='Hugh Schofield, \u00ab&amp;#160;&lt;a href=&quot;https:\/\/www.bbc.com\/news\/world-europe-63090644&quot;&gt;Ukraine war&amp;#160;: Questions over France&amp;rsquo;s weapons supply to Kyiv&lt;\/a&gt;&amp;#160;\u00bb, &lt;em&gt;BBC&lt;\/em&gt;, 3 octobre 2022.'><sup>1<\/sup><\/a><\/span><\/span>. Pour faire face \u00e0 ces critiques, la France se pr\u00e9pare \u00e0 livrer 6 \u00e0 12 canons C\u00e9sar suppl\u00e9mentaires, venant s\u2019ajouter aux 18 d\u00e9j\u00e0 fournis \u00e0 l\u2019arm\u00e9e ukrainienne&nbsp;<span class='whitespace-nowrap'><span id='easy-footnote-2-162185' class='easy-footnote-margin-adjust'><\/span><span class='easy-footnote'><a href='https:\/\/legrandcontinent.eu\/fr\/2022\/10\/03\/macron-a-berlin-pour-un-diner-de-travail-informel-avec-olaf-scholz-3\/#easy-footnote-bottom-2-162185' title='\u00ab&amp;#160;&lt;a href=&quot;https:\/\/www.ukrinform.net\/rubric-ato\/3583999-france-mulls-delivery-of-new-caesar-howitzers-to-ukraine-media.html&quot;&gt;France is preparing to deliver a new batch of Caesar self-propelled howitzers to Ukraine&lt;\/a&gt;&amp;#160;\u00bb, &lt;em&gt;Ukrinform&lt;\/em&gt;, 2 octobre 2022.'><sup>2<\/sup><\/a><\/span><\/span>.<\/li>\n<\/ul>\n\n\n\n<div class=\"iframe-container wp-block-image wp-block-image-medium  iframe-dw\">\n\t<div>\n\t\t<iframe class=\"absolute w-full h-full pin-t pin-l\" title=\"titolo\" aria-label=\"Interactive line chart\" src=\"\/\/datawrapper.dwcdn.net\/gb5ll\/2\/\" scrolling=\"no\" frameborder=\"0\"><\/iframe>\n\t<\/div>\n<\/div>\n\n\n\n<ul class=\"wp-block-list\">\n<li>Cette semaine qui s\u2019ouvre est particuli\u00e8rement charg\u00e9e pour le chancelier allemand qui s\u2019appr\u00eate \u00e0 s\u2019entretenir avec le Premier ministre n\u00e9erlandais Mark Rutte demain, et avec Pedro Sanchez mercredi. Vendredi dernier, les estimations d\u2019Eurostat laissaient voir que <a href=\"https:\/\/legrandcontinent.eu\/fr\/2022\/09\/30\/en-septembre-linflation-a-atteint-10-dans-la-zone-euro\/\">l\u2019inflation avait d\u00e9pass\u00e9 les 10&#160;% en Allemagne au mois de septembre<\/a> en glissement annuel, atteignant son niveau le plus haut depuis 70 ans.<\/li>\n<\/ul>\n","protected":false},"excerpt":{"rendered":"<p>Ce soir, Emmanuel Macron doit se rendre \u00e0 Berlin \u00e0 l&rsquo;occasion de la f\u00eate nationale allemande. L\u2019agenda des deux dirigeants sera charg\u00e9, faisant suite \u00e0 l\u2019annonce par le gouvernement allemand d\u2019une enveloppe de 200 milliards d\u2019euros pour faire face \u00e0 la hausse des prix du gaz. Les discussions porteront \u00e9galement sur l\u2019Ukraine, la premi\u00e8re r\u00e9union de la Communaut\u00e9 politique europ\u00e9enne ainsi que l\u2019\u00e9nergie.<\/p>\n","protected":false},"author":2622,"featured_media":161965,"comment_status":"open","ping_status":"open","sticky":false,"template":"templates\/post-briefings.php","format":"standard","meta":{"_acf_changed":false,"_trash_the_other_posts":false,"_yoast_wpseo_estimated-reading-time-minutes":3,"footnotes":""},"categories":[1731],"tags":[],"staff":[],"editorial_format":[],"serie":[],"audience":[],"geo":[1917],"class_list":["post-162185","post","type-post","status-publish","format-standard","hentry","category-politique","geo-europe"],"acf":{"open_in_webview":false,"accent":false,"_thumbnail_id":161965,"excerpt":"Ce soir, Emmanuel Macron doit se rendre \u00e0 Berlin \u00e0 l'occasion de la f\u00eate nationale allemande. L\u2019agenda des deux dirigeants sera charg\u00e9, faisant suite \u00e0 l\u2019annonce par le gouvernement allemand d\u2019une enveloppe de 200 milliards d\u2019euros pour faire face \u00e0 la hausse des prix du gaz. Les discussions porteront \u00e9galement sur l\u2019Ukraine, la premi\u00e8re r\u00e9union de la Communaut\u00e9 politique europ\u00e9enne ainsi que l\u2019\u00e9nergie.","display_date":"","new_abstract":true},"yoast_head":"<!-- This site is optimized with the Yoast SEO plugin v26.1.1 - https:\/\/yoast.com\/wordpress\/plugins\/seo\/ -->\n<title>Macron \u00e0 Berlin pour un d\u00eener de travail informel avec Olaf Scholz | Le Grand Continent<\/title>\n<meta name=\"robots\" content=\"index, follow, max-snippet:-1, max-image-preview:large, max-video-preview:-1\" \/>\n<link rel=\"canonical\" href=\"https:\/\/legrandcontinent.eu\/fr\/2022\/10\/03\/macron-a-berlin-pour-un-diner-de-travail-informel-avec-olaf-scholz-3\/\" \/>\n<meta property=\"og:locale\" content=\"fr_FR\" \/>\n<meta property=\"og:type\" content=\"article\" \/>\n<meta property=\"og:title\" content=\"Macron \u00e0 Berlin pour un d\u00eener de travail informel avec Olaf Scholz | Le Grand Continent\" \/>\n<meta property=\"og:description\" content=\"Ce soir, Emmanuel Macron doit se rendre \u00e0 Berlin \u00e0 l&#039;occasion de la f\u00eate nationale allemande. L\u2019agenda des deux dirigeants sera charg\u00e9, faisant suite \u00e0 l\u2019annonce par le gouvernement allemand d\u2019une enveloppe de 200 milliards d\u2019euros pour faire face \u00e0 la hausse des prix du gaz. Les discussions porteront \u00e9galement sur l\u2019Ukraine, la premi\u00e8re r\u00e9union de la Communaut\u00e9 politique europ\u00e9enne ainsi que l\u2019\u00e9nergie.\" \/>\n<meta property=\"og:url\" content=\"https:\/\/legrandcontinent.eu\/fr\/2022\/10\/03\/macron-a-berlin-pour-un-diner-de-travail-informel-avec-olaf-scholz-3\/\" \/>\n<meta property=\"og:site_name\" content=\"Le Grand Continent\" \/>\n<meta property=\"article:published_time\" content=\"2022-10-03T06:07:38+00:00\" \/>\n<meta property=\"article:modified_time\" content=\"2022-10-11T09:58:32+00:00\" \/>\n<meta name=\"author\" content=\"Marin Saillofest\" \/>\n<meta name=\"twitter:card\" content=\"summary_large_image\" \/>\n<meta name=\"twitter:label1\" content=\"\u00c9crit par\" \/>\n\t<meta name=\"twitter:data1\" content=\"Marin Saillofest\" \/>\n\t<meta name=\"twitter:label2\" content=\"Dur\u00e9e de lecture estim\u00e9e\" \/>\n\t<meta name=\"twitter:data2\" content=\"3 minutes\" \/>\n<script type=\"application\/ld+json\" class=\"yoast-schema-graph\">{\"@context\":\"https:\/\/schema.org\",\"@graph\":[{\"@type\":\"WebPage\",\"@id\":\"https:\/\/legrandcontinent.eu\/fr\/2022\/10\/03\/macron-a-berlin-pour-un-diner-de-travail-informel-avec-olaf-scholz-3\/\",\"url\":\"https:\/\/legrandcontinent.eu\/fr\/2022\/10\/03\/macron-a-berlin-pour-un-diner-de-travail-informel-avec-olaf-scholz-3\/\",\"name\":\"Macron \u00e0 Berlin pour un d\u00eener de travail informel avec Olaf Scholz | Le Grand Continent\",\"isPartOf\":{\"@id\":\"https:\/\/legrandcontinent.eu\/fr\/#website\"},\"primaryImageOfPage\":{\"@id\":\"https:\/\/legrandcontinent.eu\/fr\/2022\/10\/03\/macron-a-berlin-pour-un-diner-de-travail-informel-avec-olaf-scholz-3\/#primaryimage\"},\"image\":{\"@id\":\"https:\/\/legrandcontinent.eu\/fr\/2022\/10\/03\/macron-a-berlin-pour-un-diner-de-travail-informel-avec-olaf-scholz-3\/#primaryimage\"},\"thumbnailUrl\":\"https:\/\/legrandcontinent.eu\/fr\/wp-content\/uploads\/sites\/2\/2022\/10\/SIPA_AP22694951_000368-scaled-1.jpg\",\"datePublished\":\"2022-10-03T06:07:38+00:00\",\"dateModified\":\"2022-10-11T09:58:32+00:00\",\"author\":{\"@id\":\"https:\/\/legrandcontinent.eu\/fr\/#\/schema\/person\/e4f85f52220fc7b4cc3cfdb86d88e833\"},\"breadcrumb\":{\"@id\":\"https:\/\/legrandcontinent.eu\/fr\/2022\/10\/03\/macron-a-berlin-pour-un-diner-de-travail-informel-avec-olaf-scholz-3\/#breadcrumb\"},\"inLanguage\":\"fr-FR\",\"potentialAction\":[{\"@type\":\"ReadAction\",\"target\":[\"https:\/\/legrandcontinent.eu\/fr\/2022\/10\/03\/macron-a-berlin-pour-un-diner-de-travail-informel-avec-olaf-scholz-3\/\"]}]},{\"@type\":\"ImageObject\",\"inLanguage\":\"fr-FR\",\"@id\":\"https:\/\/legrandcontinent.eu\/fr\/2022\/10\/03\/macron-a-berlin-pour-un-diner-de-travail-informel-avec-olaf-scholz-3\/#primaryimage\",\"url\":\"https:\/\/legrandcontinent.eu\/fr\/wp-content\/uploads\/sites\/2\/2022\/10\/SIPA_AP22694951_000368-scaled-1.jpg\",\"contentUrl\":\"https:\/\/legrandcontinent.eu\/fr\/wp-content\/uploads\/sites\/2\/2022\/10\/SIPA_AP22694951_000368-scaled-1.jpg\",\"width\":2560,\"height\":1707,\"caption\":\"French President Emmanuel Macron speaks with Germany's Chancellor Olaf Scholz at the start of the second plenary session of the NATO summit in Madrid, Wednesday, June 29, 2022. North Atlantic Treaty Organization heads of state will meet for a NATO summit in Madrid from Tuesday through Thursday. (Eliot Blondet, Pool via AP)\/PAR150\/22180559356742\/POOL PHOTO FOR AP AND AFP ONLY\/2206291741\"},{\"@type\":\"BreadcrumbList\",\"@id\":\"https:\/\/legrandcontinent.eu\/fr\/2022\/10\/03\/macron-a-berlin-pour-un-diner-de-travail-informel-avec-olaf-scholz-3\/#breadcrumb\",\"itemListElement\":[{\"@type\":\"ListItem\",\"position\":1,\"name\":\"Accueil\",\"item\":\"https:\/\/legrandcontinent.eu\/fr\/\"},{\"@type\":\"ListItem\",\"position\":2,\"name\":\"Macron \u00e0 Berlin pour un d\u00eener de travail informel avec Olaf Scholz\"}]},{\"@type\":\"WebSite\",\"@id\":\"https:\/\/legrandcontinent.eu\/fr\/#website\",\"url\":\"https:\/\/legrandcontinent.eu\/fr\/\",\"name\":\"Le Grand Continent\",\"description\":\"L&#039;\u00e9chelle pertinente\",\"potentialAction\":[{\"@type\":\"SearchAction\",\"target\":{\"@type\":\"EntryPoint\",\"urlTemplate\":\"https:\/\/legrandcontinent.eu\/fr\/?s={search_term_string}\"},\"query-input\":{\"@type\":\"PropertyValueSpecification\",\"valueRequired\":true,\"valueName\":\"search_term_string\"}}],\"inLanguage\":\"fr-FR\"},{\"@type\":\"Person\",\"@id\":\"https:\/\/legrandcontinent.eu\/fr\/#\/schema\/person\/e4f85f52220fc7b4cc3cfdb86d88e833\",\"name\":\"Marin Saillofest\",\"image\":{\"@type\":\"ImageObject\",\"inLanguage\":\"fr-FR\",\"@id\":\"https:\/\/legrandcontinent.eu\/fr\/#\/schema\/person\/image\/\",\"url\":\"https:\/\/secure.gravatar.com\/avatar\/87088698b4d967390c49ae6d4f1aa459?s=96&d=mm&r=g\",\"contentUrl\":\"https:\/\/secure.gravatar.com\/avatar\/87088698b4d967390c49ae6d4f1aa459?s=96&d=mm&r=g\",\"caption\":\"Marin Saillofest\"}}]}<\/script>\n<!-- \/ Yoast SEO plugin. -->","yoast_head_json":{"title":"Macron \u00e0 Berlin pour un d\u00eener de travail informel avec Olaf Scholz | Le Grand Continent","robots":{"index":"index","follow":"follow","max-snippet":"max-snippet:-1","max-image-preview":"max-image-preview:large","max-video-preview":"max-video-preview:-1"},"canonical":"https:\/\/legrandcontinent.eu\/fr\/2022\/10\/03\/macron-a-berlin-pour-un-diner-de-travail-informel-avec-olaf-scholz-3\/","og_locale":"fr_FR","og_type":"article","og_title":"Macron \u00e0 Berlin pour un d\u00eener de travail informel avec Olaf Scholz | Le Grand Continent","og_description":"Ce soir, Emmanuel Macron doit se rendre \u00e0 Berlin \u00e0 l'occasion de la f\u00eate nationale allemande. L\u2019agenda des deux dirigeants sera charg\u00e9, faisant suite \u00e0 l\u2019annonce par le gouvernement allemand d\u2019une enveloppe de 200 milliards d\u2019euros pour faire face \u00e0 la hausse des prix du gaz. Les discussions porteront \u00e9galement sur l\u2019Ukraine, la premi\u00e8re r\u00e9union de la Communaut\u00e9 politique europ\u00e9enne ainsi que l\u2019\u00e9nergie.","og_url":"https:\/\/legrandcontinent.eu\/fr\/2022\/10\/03\/macron-a-berlin-pour-un-diner-de-travail-informel-avec-olaf-scholz-3\/","og_site_name":"Le Grand Continent","article_published_time":"2022-10-03T06:07:38+00:00","article_modified_time":"2022-10-11T09:58:32+00:00","author":"Marin Saillofest","twitter_card":"summary_large_image","twitter_misc":{"\u00c9crit par":"Marin Saillofest","Dur\u00e9e de lecture estim\u00e9e":"3 minutes"},"schema":{"@context":"https:\/\/schema.org","@graph":[{"@type":"WebPage","@id":"https:\/\/legrandcontinent.eu\/fr\/2022\/10\/03\/macron-a-berlin-pour-un-diner-de-travail-informel-avec-olaf-scholz-3\/","url":"https:\/\/legrandcontinent.eu\/fr\/2022\/10\/03\/macron-a-berlin-pour-un-diner-de-travail-informel-avec-olaf-scholz-3\/","name":"Macron \u00e0 Berlin pour un d\u00eener de travail informel avec Olaf Scholz | Le Grand Continent","isPartOf":{"@id":"https:\/\/legrandcontinent.eu\/fr\/#website"},"primaryImageOfPage":{"@id":"https:\/\/legrandcontinent.eu\/fr\/2022\/10\/03\/macron-a-berlin-pour-un-diner-de-travail-informel-avec-olaf-scholz-3\/#primaryimage"},"image":{"@id":"https:\/\/legrandcontinent.eu\/fr\/2022\/10\/03\/macron-a-berlin-pour-un-diner-de-travail-informel-avec-olaf-scholz-3\/#primaryimage"},"thumbnailUrl":"https:\/\/legrandcontinent.eu\/fr\/wp-content\/uploads\/sites\/2\/2022\/10\/SIPA_AP22694951_000368-scaled-1.jpg","datePublished":"2022-10-03T06:07:38+00:00","dateModified":"2022-10-11T09:58:32+00:00","author":{"@id":"https:\/\/legrandcontinent.eu\/fr\/#\/schema\/person\/e4f85f52220fc7b4cc3cfdb86d88e833"},"breadcrumb":{"@id":"https:\/\/legrandcontinent.eu\/fr\/2022\/10\/03\/macron-a-berlin-pour-un-diner-de-travail-informel-avec-olaf-scholz-3\/#breadcrumb"},"inLanguage":"fr-FR","potentialAction":[{"@type":"ReadAction","target":["https:\/\/legrandcontinent.eu\/fr\/2022\/10\/03\/macron-a-berlin-pour-un-diner-de-travail-informel-avec-olaf-scholz-3\/"]}]},{"@type":"ImageObject","inLanguage":"fr-FR","@id":"https:\/\/legrandcontinent.eu\/fr\/2022\/10\/03\/macron-a-berlin-pour-un-diner-de-travail-informel-avec-olaf-scholz-3\/#primaryimage","url":"https:\/\/legrandcontinent.eu\/fr\/wp-content\/uploads\/sites\/2\/2022\/10\/SIPA_AP22694951_000368-scaled-1.jpg","contentUrl":"https:\/\/legrandcontinent.eu\/fr\/wp-content\/uploads\/sites\/2\/2022\/10\/SIPA_AP22694951_000368-scaled-1.jpg","width":2560,"height":1707,"caption":"French President Emmanuel Macron speaks with Germany's Chancellor Olaf Scholz at the start of the second plenary session of the NATO summit in Madrid, Wednesday, June 29, 2022. North Atlantic Treaty Organization heads of state will meet for a NATO summit in Madrid from Tuesday through Thursday. (Eliot Blondet, Pool via AP)\/PAR150\/22180559356742\/POOL PHOTO FOR AP AND AFP ONLY\/2206291741"},{"@type":"BreadcrumbList","@id":"https:\/\/legrandcontinent.eu\/fr\/2022\/10\/03\/macron-a-berlin-pour-un-diner-de-travail-informel-avec-olaf-scholz-3\/#breadcrumb","itemListElement":[{"@type":"ListItem","position":1,"name":"Accueil","item":"https:\/\/legrandcontinent.eu\/fr\/"},{"@type":"ListItem","position":2,"name":"Macron \u00e0 Berlin pour un d\u00eener de travail informel avec Olaf Scholz"}]},{"@type":"WebSite","@id":"https:\/\/legrandcontinent.eu\/fr\/#website","url":"https:\/\/legrandcontinent.eu\/fr\/","name":"Le Grand Continent","description":"L&#039;\u00e9chelle pertinente","potentialAction":[{"@type":"SearchAction","target":{"@type":"EntryPoint","urlTemplate":"https:\/\/legrandcontinent.eu\/fr\/?s={search_term_string}"},"query-input":{"@type":"PropertyValueSpecification","valueRequired":true,"valueName":"search_term_string"}}],"inLanguage":"fr-FR"},{"@type":"Person","@id":"https:\/\/legrandcontinent.eu\/fr\/#\/schema\/person\/e4f85f52220fc7b4cc3cfdb86d88e833","name":"Marin Saillofest","image":{"@type":"ImageObject","inLanguage":"fr-FR","@id":"https:\/\/legrandcontinent.eu\/fr\/#\/schema\/person\/image\/","url":"https:\/\/secure.gravatar.com\/avatar\/87088698b4d967390c49ae6d4f1aa459?s=96&d=mm&r=g","contentUrl":"https:\/\/secure.gravatar.com\/avatar\/87088698b4d967390c49ae6d4f1aa459?s=96&d=mm&r=g","caption":"Marin Saillofest"}}]}},"lgc_categories":[{"id":1731,"name":"Politique","slug":"politique"}],"lgc_author":null,"feature_image_summary":{"url":"https:\/\/legrandcontinent.eu\/fr\/wp-content\/uploads\/sites\/2\/2022\/10\/SIPA_AP22694951_000368-scaled-1.jpg","width":2560,"height":1707,"alt":""},"feature_image_cover":null,"term_position_data":null,"_links":{"self":[{"href":"https:\/\/legrandcontinent.eu\/fr\/wp-json\/wp\/v2\/posts\/162185","targetHints":{"allow":["GET"]}}],"collection":[{"href":"https:\/\/legrandcontinent.eu\/fr\/wp-json\/wp\/v2\/posts"}],"about":[{"href":"https:\/\/legrandcontinent.eu\/fr\/wp-json\/wp\/v2\/types\/post"}],"author":[{"embeddable":true,"href":"https:\/\/legrandcontinent.eu\/fr\/wp-json\/wp\/v2\/users\/2622"}],"replies":[{"embeddable":true,"href":"https:\/\/legrandcontinent.eu\/fr\/wp-json\/wp\/v2\/comments?post=162185"}],"version-history":[{"count":0,"href":"https:\/\/legrandcontinent.eu\/fr\/wp-json\/wp\/v2\/posts\/162185\/revisions"}],"wp:featuredmedia":[{"embeddable":true,"href":"https:\/\/legrandcontinent.eu\/fr\/wp-json\/wp\/v2\/media\/161965"}],"wp:attachment":[{"href":"https:\/\/legrandcontinent.eu\/fr\/wp-json\/wp\/v2\/media?parent=162185"}],"wp:term":[{"taxonomy":"category","embeddable":true,"href":"https:\/\/legrandcontinent.eu\/fr\/wp-json\/wp\/v2\/categories?post=162185"},{"taxonomy":"post_tag","embeddable":true,"href":"https:\/\/legrandcontinent.eu\/fr\/wp-json\/wp\/v2\/tags?post=162185"},{"taxonomy":"staff","embeddable":true,"href":"https:\/\/legrandcontinent.eu\/fr\/wp-json\/wp\/v2\/staff?post=162185"},{"taxonomy":"editorial_format","embeddable":true,"href":"https:\/\/legrandcontinent.eu\/fr\/wp-json\/wp\/v2\/editorial_format?post=162185"},{"taxonomy":"serie","embeddable":true,"href":"https:\/\/legrandcontinent.eu\/fr\/wp-json\/wp\/v2\/serie?post=162185"},{"taxonomy":"audience","embeddable":true,"href":"https:\/\/legrandcontinent.eu\/fr\/wp-json\/wp\/v2\/audience?post=162185"},{"taxonomy":"geo","embeddable":true,"href":"https:\/\/legrandcontinent.eu\/fr\/wp-json\/wp\/v2\/geo?post=162185"}],"curies":[{"name":"wp","href":"https:\/\/api.w.org\/{rel}","templated":true}]}}