{"id":161189,"date":"2022-10-28T15:52:21","date_gmt":"2022-10-28T13:52:21","guid":{"rendered":"https:\/\/legrandcontinent.eu\/fr\/?p=161189"},"modified":"2023-06-14T15:40:15","modified_gmt":"2023-06-14T13:40:15","slug":"pourquoi-le-fascisme-nous-fait-il-toujours-aussi-peur","status":"publish","type":"post","link":"https:\/\/legrandcontinent.eu\/fr\/2022\/10\/28\/pourquoi-le-fascisme-nous-fait-il-toujours-aussi-peur\/","title":{"rendered":"Pourquoi le fascisme fait-il toujours aussi peur&#160;?"},"content":{"rendered":"\n<p class=\"has-drop-cap\">Pas un jour ne passe sans que n\u2019\u00e9mergent dans le d\u00e9bat des questions, des th\u00e9matiques ou des pol\u00e9miques li\u00e9es au fascisme, entendu non pas comme ph\u00e9nom\u00e8ne historique, mais comme une pr\u00e9sence politique et culturelle encombrante. Il ne s\u2019agit pas d\u2019un vague appel \u00e0 l&rsquo;autoritarisme ou \u00e0 des politiques de droite, mais d\u2019une v\u00e9ritable demande de fascisme et de rappels sp\u00e9cifiques \u00e0 son leader et fondateur. Il serait trop long d\u2019en dresser le catalogue exhaustif. Une telle liste, en Italie, incluerait les nouvelles locales, o\u00f9 plusieurs candidats au poste de conseiller municipal font l&rsquo;\u00e9loge du Duce, ou le serveur qui s&rsquo;excuse avec l&rsquo;image de Mussolini \u00ab&#160;pour avoir servi des n\u00e8gres&#160;\u00bb, \u00e0 la r\u00e9flexion politique o\u00f9 Silvio Berlusconi se vante d&rsquo;avoir \u00ab&#160;l\u00e9gitim\u00e9&#160;\u00bb non pas la droite mais, explicitement, \u00ab&#160;les fascistes&#160;\u00bb, en passant par le monde culturel o\u00f9 le film <em>Sono tornato<\/em> (<em>Je suis de retour<\/em>), dans lequel le retour de Mussolini en Italie est imagin\u00e9 sur un mode satirique, a eu un grand \u00e9cho.<\/p>\n\n\n\n<p>Que dire aussi des pol\u00e9miques \u00e0 rallonge sur l\u2019ouverture de mus\u00e9es sur le fascisme \u2014 \u00e0 Predappio, Milan, Rome \u2014 et du vol, aux archives nationales, de 970 drapeaux brandis lors de la marche sur Rome, retrouv\u00e9s plus tard, mais qui constituent une m\u00e9taphore du refus du fascisme \u00e0 se laisser enfermer dans un fond d\u2019archives. \u00c0 l\u2019ordre du jour des pol\u00e9miques r\u00e9centes, on trouve aussi les controverses sur les symboles architecturaux du <em>Ventennio fascista<\/em>, toujours assez manifestes un peu partout sur le territoire italien et dans certains cas m\u00eame mis en valeur \u2014 sans mentionner le <em>merchandising<\/em> iconographique diffus qui signale l\u2019existence d\u2019un vrai march\u00e9 de la nostalgie, et pas uniquement \u00e0 Predappio \u2014 lieu de s\u00e9pulture de Mussolini. Comme tout ce qui r\u00e9pond aux logiques de march\u00e9, si cela prosp\u00e8re, cela veut dire qu\u2019il y a un march\u00e9.<\/p>\n\n\n\n\n\n<figure class=\"wp-block-image wp-block-image-large\"\n    data-shadow=\"false\"\n    data-use-original-file=\"false\">\n    <a\n        data-pswp-src=\"https:\/\/legrandcontinent.eu\/fr\/wp-content\/uploads\/sites\/2\/2022\/10\/SIPA_REX40409247_000056-scaled-e1666961645913.jpg\"\n        class=\"inline-block gallery-item no-underline \"\n        data-pswp-width=\"2361\"\n        data-pswp-height=\"1440\">\n                                        <picture>\r\n                    <source\r\n                srcset=\"https:\/\/legrandcontinent.eu\/fr\/wp-content\/uploads\/sites\/2\/2022\/10\/SIPA_REX40409247_000056-scaled-e1666961645913-330x201.jpg\"\r\n                media=\"(max-width: 374px)\" \/>\r\n                    <source\r\n                srcset=\"https:\/\/legrandcontinent.eu\/fr\/wp-content\/uploads\/sites\/2\/2022\/10\/SIPA_REX40409247_000056-scaled-e1666961645913-690x421.jpg\"\r\n                media=\"(max-width: 989px)\" \/>\r\n                    <source\r\n                srcset=\"https:\/\/legrandcontinent.eu\/fr\/wp-content\/uploads\/sites\/2\/2022\/10\/SIPA_REX40409247_000056-scaled-e1666961645913-1340x817.jpg\"\r\n                media=\"(min-width: 990px)\" \/>\r\n                <img decoding=\"async\" src=\"https:\/\/legrandcontinent.eu\/fr\/wp-content\/uploads\/sites\/2\/2022\/10\/SIPA_REX40409247_000056-scaled-e1666961645913-125x76.jpg\" \/>\r\n        <\/picture>\r\n                            \n                    <figcaption class=\"pswp-caption-content \">Des bi\u00e8res \u00e0 l&rsquo;effigie de Mussolini en vente \u00e0 Predappio \u00a9 REX Shutterstock<\/figcaption>\n            <\/a>\n<\/figure>\n\n\n<p>Il est donc l\u00e9gitime de se demander pourquoi ce pass\u00e9 non seulement ne passe pas, mais est surtout en train de devenir un inqui\u00e9tant sc\u00e9nario de la normalit\u00e9 d\u2019aujourd\u2019hui&#160;? Pourquoi assiste-t-on \u00e0 la multiplication des formations politiques qui se rappellent, de fa\u00e7on plus ou moins explicite, au r\u00e9gime pass\u00e9 en utilisant comme levier les th\u00e8mes identitaires&#160;? Il est important de se le demander explicitement \u00e9galement parce que la voie \u00ab&#160;judiciaire&#160;\u00bb ne suffit pas et, \u00e0 tout le moins, ne r\u00e9soudrait pas le probl\u00e8me. Les tribunaux ne reconnaissent en effet pratiquement jamais l\u2019infraction d\u2019\u00ab&#160;apologie du fascisme&#160;\u00bb, pourtant interdite par la Constitution. M\u00eame les propositions visant \u00e0 introduire par voie l\u00e9gislative le d\u00e9lit de propagande du r\u00e9gime fasciste et nazi-fasciste, comme cela a \u00e9t\u00e9 le cas r\u00e9cemment avec le \u00ab&#160;projet de loi Fiano&#160;\u00bb, suscitent des r\u00e9actions perplexes car elles risqueraient, dit-on, de limiter la libert\u00e9 d&rsquo;expression dans les sph\u00e8res scientifiques et \u00e9ducatives et ne contribueraient certainement pas \u00e0 venir \u00e0 bout du filon de l&rsquo;imagerie n\u00e9o-fasciste.<\/p>\n\n\n\n<p>Le ph\u00e9nom\u00e8ne, il est vrai, est en partie accentu\u00e9 par <a href=\"https:\/\/legrandcontinent.eu\/fr\/2022\/09\/23\/le-crepuscule-de-la-technocratie-en-italie\/\">la perception du d\u00e9clin \u00e9conomique<\/a> et le r\u00e9cit d&rsquo;une crise qui se nourrit de l&rsquo;augmentation des flux migratoires et des difficult\u00e9s dans lesquelles se d\u00e9bat le projet europ\u00e9en. Mais tout cela n&rsquo;explique-t-il pas au contraire la sp\u00e9cificit\u00e9 italienne du probl\u00e8me&#160;: pourquoi l&rsquo;Italie, 75 ans apr\u00e8s la fin du nazi-fascisme, continue-t-elle d&rsquo;avoir le fascisme pour horizon dans son agenda politique quotidien et ne l\u2019a pas d\u00e9finitivement transform\u00e9 en objet d&rsquo;investigation historique pure&#160;? Certes, dans tous les pays existent \u2014&nbsp;et parfois prosp\u00e8rent \u2014 des formations politiques qui se r\u00e9f\u00e8rent express\u00e9ment au nazi-fascisme. Mais en Italie, le ph\u00e9nom\u00e8ne est per\u00e7u comme une menace politique concr\u00e8te de mani\u00e8re particuli\u00e8rement forte. Et si nous ne pouvons certainement pas oublier que c&rsquo;est nous qui l&rsquo;avons invent\u00e9e, il est \u00e9galement vrai que nous avons d\u00e9sormais une longue histoire de d\u00e9mocratie r\u00e9publicaine derri\u00e8re nous.<\/p>\n\n\n\n<figure class=\"wp-block-pullquote\"><blockquote><p>Pourquoi l&rsquo;Italie, 75 ans apr\u00e8s la fin du nazi-fascisme, continue-t-elle d&rsquo;avoir le fascisme pour horizon dans son agenda politique quotidien et ne l\u2019a pas d\u00e9finitivement transform\u00e9 en objet d&rsquo;investigation historique pure&#160;? <\/p><cite>Fulvio Cammarano<\/cite><\/blockquote><\/figure>\n\n\n\n<p>Pourquoi, alors, Mussolini continue-t-il \u00e0 nous \u00ab&#160;inqui\u00e9ter&#160;\u00bb&#160;? La r\u00e9ponse la plus connue \u2014 \u00ab&#160;nous n&rsquo;avons jamais r\u00e9gl\u00e9 nos comptes avec le fascisme&#160;\u00bb \u2014 n&rsquo;est pas une r\u00e9ponse, mais une fa\u00e7on de l&rsquo;\u00e9viter. Il ne fait aucun doute qu&rsquo;au moment du <em>redde rationem<\/em>, \u00e0 la fin de la guerre, les raisons d&rsquo;opportunit\u00e9 \u2014&nbsp;et dans certains cas d&rsquo;opportunisme \u2014&nbsp;ont prim\u00e9 (surtout gr\u00e2ce \u00e0 Togliatti) sur l&rsquo;exigence d&rsquo;arriver \u00e0 une purge compl\u00e8te, au moins des personnalit\u00e9s publiques compromises avec le r\u00e9gime. Pour l&rsquo;Occident, cependant, ce n&rsquo;\u00e9tait certainement plus la priorit\u00e9 dans un monde qui \u00e9tait sur le point d&rsquo;entrer <a href=\"https:\/\/legrandcontinent.eu\/fr\/2022\/07\/12\/la-deuxieme-guerre-froide\/\">dans le tunnel de la Guerre froide<\/a>. En Italie, le sentiment dominant invitait \u00e0 tourner rapidement la page, dans la conviction que la discontinuit\u00e9 du r\u00e9gime sauverait la continuit\u00e9 de l&rsquo;\u00c9tat et int\u00e9grerait ces cultures politiques \u2014 la catholique et la social-communiste \u2014 qui se pr\u00e9paraient \u00e0 gouverner mais qui, vingt ans plus t\u00f4t seulement, pouvaient encore \u00eatre consid\u00e9r\u00e9es comme anti-syst\u00e8me. Que cette discontinuit\u00e9 soit en fait le r\u00e9sultat surtout de la guerre, de l&rsquo;intervention des anglo-am\u00e9ricains et du sacrifice de la minorit\u00e9 d&rsquo;Italiens qui ont pris les armes pour combattre le fascisme \u2014 et non la r\u00e9pulsion explicite de la majorit\u00e9 de la population \u2014 n&rsquo;a jamais \u00e9t\u00e9 consid\u00e9r\u00e9 comme un probl\u00e8me s\u00e9rieux pour le processus de d\u00e9veloppement du syst\u00e8me d\u00e9mocratique. Cependant, il semble difficile d&rsquo;imaginer comment tout cela, \u00e0 commencer par la purge rat\u00e9e et les difficult\u00e9s politiques et \u00e9conomiques d&rsquo;aujourd&rsquo;hui, peut r\u00e9ellement expliquer, au seuil de nos ann\u00e9es Vingt, les raisons de la persistance g\u00e9n\u00e9ralis\u00e9e de l&rsquo;imagerie fasciste en Italie.<\/p>\n\n\n\n<p>Pour r\u00e9gler r\u00e9ellement nos comptes avec le fascisme, une nouvelle lecture de l&rsquo;histoire d&rsquo;Italie s&rsquo;impose, sans laquelle tout le monde continuera \u00e0 voir midi \u00e0 sa porte. Il est insens\u00e9 de continuer \u00e0 penser que l\u2019on peut isoler les deux d\u00e9cennies fascistes en les imaginant, \u00e0 la mani\u00e8re de Benedetto Croce, comme une sorte de parenth\u00e8se dans l\u2019histoire politique italienne. Les premiers qui se sont empress\u00e9s de tenter de liquider la dette ont \u00e9t\u00e9 les vainqueurs&#160;: apr\u00e8s la guerre, des personnalit\u00e9s issues des milieux populaires avaient l\u2019appui des Italiens, la responsabilit\u00e9 du fascisme a donc \u00e9t\u00e9 attribu\u00e9e exclusivement aux notables lib\u00e9raux qui avaient ouvert les portes du r\u00e9gime. Trop facile. Comprendre le fascisme signifie au contraire se plonger dans toute l&rsquo;histoire du contexte national et international dans lequel le pays a \u00e9volu\u00e9 \u00e0 partir des vingt derni\u00e8res ann\u00e9es du XIXe si\u00e8cle, \u00e0 la recherche des raisons pour lesquelles la culture des libert\u00e9s et des droits de citoyennet\u00e9 qui aurait rendu difficile, voire impossible, le consensus \u00e9lev\u00e9 en faveur du r\u00e9gime fasciste ne s&rsquo;est jamais d\u00e9velopp\u00e9e en Italie. Cette carence est le r\u00e9sultat de choix politiques pr\u00e9cis, dont les responsables sont nombreux, \u00e0 commencer par la famille de Savoie. Victor Emmanuel III, parlant des rapports entre la dynastie, d&rsquo;une part, et la nation et le peuple, d&rsquo;autre part, rappelle qu&rsquo;il appartenait \u00e0 ce dernier \u00ab&#160;de se pr\u00e9occuper de la conservation des libert\u00e9s publiques, auxquelles il n&rsquo;aurait pas port\u00e9 atteinte en son nom propre [&#8230;] mais qu&rsquo;il n&rsquo;avait pas \u00e0 d\u00e9fendre, car telle n&rsquo;\u00e9tait pas sa t\u00e2che.&#160;\u00bb<\/p>\n\n\n\n<figure class=\"wp-block-pullquote\"><blockquote><p>Comprendre le fascisme signifie se plonger dans toute l&rsquo;histoire du contexte national et international dans lequel le pays a \u00e9volu\u00e9 \u00e0 partir des vingt derni\u00e8res ann\u00e9es du XIXe si\u00e8cle, \u00e0 la recherche des raisons pour lesquelles la culture des libert\u00e9s et des droits de citoyennet\u00e9 qui aurait rendu difficile, voire impossible, le consensus \u00e9lev\u00e9 en faveur du r\u00e9gime fasciste ne s&rsquo;est jamais d\u00e9velopp\u00e9e en Italie.<\/p><cite>Fulvio Cammarano<\/cite><\/blockquote><\/figure>\n\n\n\n<p>Pour le garibaldianisme aussi, les priorit\u00e9s dans la fondation de la nation \u00e9taient autres. Giuseppe Pitr\u00e8, qui avait combattu aux c\u00f4t\u00e9s du grand homme confiait \u00e0 un ami&#160;: \u00ab&#160;Bien que j&rsquo;\u00e9pouse le programme de la libert\u00e9 la plus compl\u00e8te, l&rsquo;heure ne me semble pas venue de pouvoir le mettre en \u0153uvre&#160;; elle ne viendra pas non plus si la question de la nationalit\u00e9 n&rsquo;est pas d&rsquo;abord r\u00e9solue.&#160;\u00bb Ce n&rsquo;est pas autrement qu&rsquo;Antonio Colocci, d\u00e9put\u00e9 de la Gauche historique, \u00e9crit \u00e0 sa femme en 1861&#160;: \u00ab&#160;maintenant, pour nous, il n&rsquo;y a pas tant besoin de libert\u00e9 que d&rsquo;un gouvernement fort [&#8230;]&#160;; quand un jour nous serons forts [&#8230;] la libert\u00e9 ne manquera pas.&#160;\u00bb La libert\u00e9, en sus, pouvait \u00eatre dangereuse en ce qu\u2019elle fomentait le m\u00e9contentement. \u00ab&#160;Sur la base d&rsquo;une id\u00e9ologie absurde, contraire \u00e0 toute r\u00e9alit\u00e9 et \u00e0 tout syst\u00e8me exp\u00e9rimental \u2014 note le conservateur Alessandro Guiccioli dans son journal en 1878 \u2014 nous avons cr\u00e9\u00e9 le droit \u00e0 la prosp\u00e9rit\u00e9. Il en r\u00e9sulte que ceux qui ne l&rsquo;ont pas, c&rsquo;est-\u00e0-dire presque tout le monde, se croient \u00ab&#160;fraud\u00e9s&#160;\u00bb de ce \u00e0 quoi ils ont droit.&#160;\u00bb<\/p>\n\n\n\n<p>Apr\u00e8s l&rsquo;unification, la peur de la \u00ab&#160;pl\u00e8be&#160;\u00bb et la m\u00e9fiance \u00e0 l&rsquo;\u00e9gard d&rsquo;un \u00ab&#160;pays r\u00e9el&#160;\u00bb m\u00e9connu et inqui\u00e9tant avaient convaincu les \u00e9lites lib\u00e9rales de \u00ab&#160;faire&#160;\u00bb les Italiens par la discipline et l&rsquo;administration, en \u00e9vitant la politisation, qui fut au contraire prise en charge par les catholiques et les socialistes dans l&rsquo;intention, toutefois, non pas d&rsquo;int\u00e9grer les citoyens par les droits, mais de les \u00e9loigner poliment, avec des m\u00e9thodes et des objectifs diff\u00e9rents, de l&rsquo;\u00c9tat italien, consid\u00e9r\u00e9 comme inique et pr\u00e9varicateur. Avec le Syllabus de 1864, Pie IX avait d\u00e9finitivement clarifi\u00e9 la doctrine de l&rsquo;\u00c9glise catholique en condamnant \u00ab&#160;la large facult\u00e9 accord\u00e9e \u00e0 tous de manifester ouvertement et en public toute opinion et toute pens\u00e9e&#160;\u00bb, car elle conduisait \u00ab&#160;\u00e0 corrompre plus facilement les m\u0153urs et les esprits du peuple, et \u00e0 r\u00e9pandre la peste de l&rsquo;indiff\u00e9rentisme&#160;\u00bb. Aucune force politique alors \u2014 \u00e0 l&rsquo;exception de quelques minorit\u00e9s radicales bient\u00f4t marginalis\u00e9es \u2014 ne pensait en termes d&rsquo;int\u00e9gration patriotique par le biais du conflit politique et de la conqu\u00eate m\u00e9diatis\u00e9e des droits et libert\u00e9s politiques. C&rsquo;est pourquoi l&rsquo;<em>establishment<\/em> politique de l&rsquo;Italie post-unification a toujours \u00e9t\u00e9 obs\u00e9d\u00e9 par les radicaux plut\u00f4t que par les socialistes.<\/p>\n\n\n\n<figure class=\"wp-block-pullquote\"><blockquote><p>Aucune force politique ne pensait en termes d&rsquo;int\u00e9gration patriotique par le biais du conflit politique et de la conqu\u00eate m\u00e9diatis\u00e9e des droits et libert\u00e9s politiques. C&rsquo;est pourquoi l&rsquo;<em>establishment<\/em> politique de l&rsquo;Italie post-unification a toujours \u00e9t\u00e9 obs\u00e9d\u00e9 par les radicaux plut\u00f4t que par les socialistes.<\/p><cite>Fulvio Cammarano<\/cite><\/blockquote><\/figure>\n\n\n\n<p>Guglielmo Ferrero, l&rsquo;un des intellectuels les plus influents de la fin du XIXe si\u00e8cle, tranchait ainsi&#160;: \u00ab&#160;Il est vrai que si une partie des classes cultiv\u00e9es en Italie est indiff\u00e9rente aux questions de libert\u00e9, une autre est une fervente admiratrice des m\u00e9thodes de gouvernement les plus violentes. L&rsquo;Italie n&rsquo;est pas m\u00fbre pour la libert\u00e9, elle ne la comprend pas et ne la ressent pas&#160;\u00bb. Ce n&rsquo;est pas pour rien que l&rsquo;histoire de l&rsquo;Italie, unique parmi les histoires des grands pays europ\u00e9ens, ne conna\u00eet pas de batailles de la rue pour la conqu\u00eate des droits de citoyennet\u00e9. Si on exclut le Risorgimento et les entreprises insurrectionnelles entre 1848 et 1870, il y a eu en Italie tr\u00e8s peu de luttes dans lesquelles les revendications \u00e9conomiques des travailleurs n&rsquo;\u00e9taient pas en jeu \u2014&nbsp;et ces quelques batailles se sont presque toutes centr\u00e9es sur le conflit entre nationalistes-internationalistes qui a commenc\u00e9 apr\u00e8s la guerre de Libye. Le socialisme avait en effet occup\u00e9 les rues avec une fr\u00e9quence croissante pour r\u00e9clamer de meilleures conditions mat\u00e9rielles pour les millions de salari\u00e9s de l&rsquo;industrie et de la campagne.<\/p>\n\n\n\n\n\n<figure class=\"wp-block-image wp-block-image-large\"\n    data-shadow=\"false\"\n    data-use-original-file=\"false\">\n    <a\n        data-pswp-src=\"https:\/\/legrandcontinent.eu\/fr\/wp-content\/uploads\/sites\/2\/2022\/10\/SIPA_AP22734313_000011-scaled.jpg\"\n        class=\"inline-block gallery-item no-underline \"\n        data-pswp-width=\"2560\"\n        data-pswp-height=\"1707\">\n                                        <picture>\r\n                    <source\r\n                srcset=\"https:\/\/legrandcontinent.eu\/fr\/wp-content\/uploads\/sites\/2\/2022\/10\/SIPA_AP22734313_000011-330x220.jpg\"\r\n                media=\"(max-width: 374px)\" \/>\r\n                    <source\r\n                srcset=\"https:\/\/legrandcontinent.eu\/fr\/wp-content\/uploads\/sites\/2\/2022\/10\/SIPA_AP22734313_000011-690x460.jpg\"\r\n                media=\"(max-width: 989px)\" \/>\r\n                    <source\r\n                srcset=\"https:\/\/legrandcontinent.eu\/fr\/wp-content\/uploads\/sites\/2\/2022\/10\/SIPA_AP22734313_000011-1340x893.jpg\"\r\n                media=\"(min-width: 990px)\" \/>\r\n                <img decoding=\"async\" src=\"https:\/\/legrandcontinent.eu\/fr\/wp-content\/uploads\/sites\/2\/2022\/10\/SIPA_AP22734313_000011-125x83.jpg\" \/>\r\n        <\/picture>\r\n                            \n                    <figcaption class=\"pswp-caption-content \">\u00a9 AP Photo\/Luca Bruno<\/figcaption>\n            <\/a>\n<\/figure>\n\n\n<p>Si, au d\u00e9part, le retard des \u00ab&#160;derniers venus&#160;\u00bb rendait ces luttes prioritaires et in\u00e9vitables, par la suite, leur s\u00e9paration persistante de la demande d&rsquo;extension des droits est devenue pr\u00e9judiciable \u00e0 la d\u00e9mocratie lib\u00e9rale souvent codifi\u00e9e sur le papier, mais souvent vid\u00e9e dans la mise en \u0153uvre concr\u00e8te de ses principes, qui, comme on le sait, n\u00e9cessite une participation d\u00e9cisive par le bas pour \u00eatre efficace.&nbsp;<\/p>\n\n\n\n<p>Pour mieux comprendre l\u2019ampleur de cette l\u00e9thargie, il peut \u00eatre utile de faire une br\u00e8ve analyse comparative du r\u00f4le jou\u00e9 par la pression populaire en faveur de l&rsquo;extension du droit de vote dans un r\u00e9gime parlementaire \u00e0 suffrage restreint comme la Grande-Bretagne, o\u00f9 se sont propag\u00e9es d\u2019importantes manifestations publiques qui ont mis en \u00e9chec la classe dirigeante britannique d\u00e8s le d\u00e9but du XIXe si\u00e8cle. Le massacre de Peterloo en 1819, par exemple, est issu d&rsquo;un rassemblement de plus de 60 000 hommes et femmes organis\u00e9 pour obtenir une repr\u00e9sentation politique pour Manchester. Mais surtout, il faut se rappeler que la deuxi\u00e8me loi de r\u00e9forme de 1867, qui garantissait l&rsquo;acc\u00e8s le vote \u00e0 un million de travailleurs, a \u00e9t\u00e9 adopt\u00e9e dans l&rsquo;urgence sous la pression d&rsquo;un m\u00e9contentement aigu qui laissait pr\u00e9sager de graves dangers pour la stabilit\u00e9 du syst\u00e8me politique britannique. Le chartisme lui-m\u00eame, d\u00e8s 1842, avait adress\u00e9 une p\u00e9tition \u00e0 trois millions d&rsquo;ouvriers pour obtenir un vote secret pour chaque homme adulte. Des affrontements de rue au sujet du suffrage ont m\u00eame eu lieu au d\u00e9but du XXe si\u00e8cle dans l&rsquo;Empire austro-hongrois, avant que le suffrage universel masculin ne soit accord\u00e9 en 1907.<\/p>\n\n\n\n<p>En Italie, le climat \u00e9tait exactement oppos\u00e9&#160;: pas de pression populaire ni de manifestations pour r\u00e9clamer l&rsquo;extension du suffrage, \u00e0 tel point que la r\u00e9forme de 1882 a \u00e9t\u00e9 accord\u00e9e au ralenti par la gauche historique, apr\u00e8s des d\u00e9bats \u00e9puisants, sans que la moindre tension ne soit ressentie. De m\u00eame que la demande de suffrage universel formul\u00e9e \u00e0 l&rsquo;\u00e9poque par quelques repr\u00e9sentants conservateurs n&rsquo;a jamais eu le soutien de ceux qui en b\u00e9n\u00e9ficieraient. Il en va de m\u00eame pour le suffrage universel masculin, octroy\u00e9 d&rsquo;en haut par Giolitti en 1912 et accueilli m\u00eame avec perplexit\u00e9 par certains socialistes. Le silence des femmes, c&rsquo;est-\u00e0-dire leur absence des manifestations, est \u00e9galement significatif \u00e0 cet \u00e9gard, ce qui est encore plus \u00e9vident si on le compare \u00e0 la pr\u00e9sence publique des suffragettes britanniques, fran\u00e7aises, am\u00e9ricaines et de celles de nombreux autres pays.<\/p>\n\n\n\n<p>Au-del\u00e0 du degr\u00e9 diff\u00e9rent de maturit\u00e9 politique des classes populaires, r\u00e9sultat de parcours historiques diff\u00e9rents, la question \u00e9lectorale en Italie sert de test d\u00e9cisif au manque d&rsquo;attention aux questions de participation et de droits civiques, \u00e0 commencer par les forces politiques de masse&#160;: socialistes et populaires. Ayant \u00e9clips\u00e9 la culture de la libert\u00e9 de Mazzini en tant qu&rsquo;\u00e9thique des droits et des devoirs, les r\u00e9formistes et les maximalistes se sont disput\u00e9s la direction du jeune parti socialiste, en mettant au centre soit les mod\u00e8les productifs et les am\u00e9liorations mat\u00e9rielles, soit la r\u00e9volution prol\u00e9tarienne, mais en ignorant totalement, de fait, le probl\u00e8me de la citoyennet\u00e9&#160;: en 1919, lors d&rsquo;un d\u00e9bat \u00e0 Bologne sur la repr\u00e9sentation proportionnelle, les socialistes ont fait \u00e9chouer l&rsquo;initiative en criant&#160;: \u00ab&#160;D&rsquo;autres probl\u00e8mes plus pressants se posent aujourd&rsquo;hui au prol\u00e9tariat, qui ne s&rsquo;int\u00e9resse pas du tout \u00e0 la question \u00e9lectorale&#160;!&#160;\u00bb M\u00eame en quittant la sph\u00e8re \u00e9lectorale, le tableau n&rsquo;a pas chang\u00e9&#160;: le projet de loi sur le divorce \u2014\u00a0un acquis d\u00e9j\u00e0 pr\u00e9sent dans nombre de pays europ\u00e9ens \u2014 pr\u00e9sent\u00e9 avec obstination par le Premier ministre Giuseppe Zanardelli en 1902, fut non seulement rejet\u00e9 par 400 voix contre (seulement 13 en faveur), mais m\u00eame raill\u00e9 au sein d\u2019une m\u00eame majorit\u00e9 d\u00e9sireuse de ne pas ouvrir \u00ab&#160;inutilement&#160;\u00bb de front conflictuel avec les catholiques.<\/p>\n\n\n\n<figure class=\"wp-block-pullquote\"><blockquote><p>La question \u00e9lectorale en Italie sert de test d\u00e9cisif au manque d&rsquo;attention aux questions de participation et de droits civiques, \u00e0 commencer par les forces politiques de masse&#160;: socialistes et populaires.<\/p><cite>Fulvio Cammarano<\/cite><\/blockquote><\/figure>\n\n\n\n<p>C&rsquo;est le manque d&rsquo;int\u00e9r\u00eat pour ces valeurs de la vie collective, ainsi que l&rsquo;incapacit\u00e9 \u00e0 lancer un processus r\u00e9volutionnaire efficace, qui ont affaibli la cr\u00e9dibilit\u00e9 de l&rsquo;opposition socialiste contre l&rsquo;enracinement rapide et indolore du fascisme parmi les Italiens&nbsp;\u2014 lesquels, \u00e0 ce moment-l\u00e0, ne consid\u00e9raient pas la perte du pluralisme et de la libert\u00e9 comme un prix particuli\u00e8rement \u00e9lev\u00e9 \u00e0 payer en \u00e9change de l&rsquo;ordre, du prestige international et de la protection \u00e9conomique. Ce n&rsquo;est donc pas un hasard si la question des libert\u00e9s et des droits comme fondement d&rsquo;une nouvelle citoyennet\u00e9 consciente est devenue le mot d&rsquo;ordre lanc\u00e9 par un lib\u00e9ral h\u00e9r\u00e9tique comme Piero Gobetti et repris uniquement par des sections minoritaires et en perte de vitesse de l&rsquo;actionnisme, du radicalisme et du socialisme lib\u00e9ral. Le fascisme, \u00e9crit Gobetti, \u00ab&#160;est une tutelle paternelle avant [&#8230;] la dictature&#160;: en maintenant les Italiens dans un \u00e9tat de minorit\u00e9, Mussolini les a soulag\u00e9s de la lutte pour les droits et de la charge de les exercer&#160;\u00bb. C&rsquo;\u00e9tait pr\u00e9cis\u00e9ment son objectif&#160;: \u00ab&#160;gu\u00e9rir les Italiens de <a href=\"https:\/\/legrandcontinent.eu\/fr\/2020\/11\/24\/les-moins-nombreux-contre-les-plus-nombreux\/\">la lutte politique<\/a>&#160;\u00bb.<\/p>\n\n\n\n<p>La question \u00e0 laquelle il est donc essentiel de pr\u00eater attention aujourd&rsquo;hui, si l&rsquo;on veut vraiment aborder la question du fascisme, est que la dur\u00e9e du r\u00e9gime et le consensus dont il a b\u00e9n\u00e9fici\u00e9 ne peuvent \u00eatre s\u00e9par\u00e9s d&rsquo;une r\u00e9alit\u00e9 populaire qui, pr\u00e9dispos\u00e9e \u00e0 l&rsquo;indiff\u00e9rence \u00e0 l&rsquo;\u00e9gard de la question de la libert\u00e9 et de la lutte politique, avait accept\u00e9 cet \u00e9tat de minorit\u00e9. Il faut dire, cependant, que cette insensibilit\u00e9 a \u00e9t\u00e9 cultiv\u00e9e et entretenue par toutes les grandes forces politiques h\u00e9g\u00e9moniques de notre histoire&#160;: la majorit\u00e9 du lib\u00e9ralisme post-Risorgimento consid\u00e9rait que la culture de la conqu\u00eate des droits et libert\u00e9s collectifs \u00e9tait dangereuse et pr\u00e9matur\u00e9e&#160;; pour la gauche de classe cela \u00e9tait superflue et pour les catholiques, il s&rsquo;agissait d&rsquo;une approche erron\u00e9e et mat\u00e9rialiste, le constitutionnalisme n&rsquo;\u00e9tant que le \u00ab&#160;fruit empoisonn\u00e9&#160;\u00bb de la r\u00e9volution.<\/p>\n\n\n\n<p>Cette distance \u2014 sinon hostilit\u00e9 \u2014 caract\u00e9risait les convictions profondes de la plupart des classes dirigeantes et des oppositions, fa\u00e7onnant profond\u00e9ment la culture politique du pays, m\u00eame apr\u00e8s la chute du fascisme. Si un syst\u00e8me moderne et tr\u00e8s avanc\u00e9 de garantie et de d\u00e9fense des libert\u00e9s individuelles et collectives a \u00e9t\u00e9 \u00e9labor\u00e9 par les constituants \u2014 ce qui prouve que les \u00e9lites et les intellectuels \u00e9taient pleinement conscients de l&rsquo;importance de ces valeurs \u2014, il s&rsquo;est av\u00e9r\u00e9 une fois de plus que la volont\u00e9 de la classe politique d&rsquo;imposer une strat\u00e9gie de mise en \u0153uvre d\u00e9cisive des principes constitutionnels \u00e9tait tr\u00e8s faible. Non seulement divers articles indispensables \u00e0 l&rsquo;\u00e9largissement des marges de la citoyennet\u00e9 active \u2014&nbsp;Cour constitutionnelle, \u00e9chelle r\u00e9gionale, r\u00e9f\u00e9rendum \u2014 sont rest\u00e9s longtemps fig\u00e9s par la suspicion mutuelle qui unissait d\u00e9mocrates-chr\u00e9tiens et communistes, mais surtout, tout un univers juridique et social hostile \u00e0 la culture des droits a continu\u00e9 \u00e0 se maintenir en vie \u2014 on pense, entre autres, \u00e0 la permanence de larges pans du code p\u00e9nal fasciste, le fameux code Rocco \u2014 au milieu de l&rsquo;indiff\u00e9rence substantielle de la majorit\u00e9 des Italiens.<\/p>\n\n\n\n<figure class=\"wp-block-pullquote\"><blockquote><p>Tout l\u2019objectif de Mussolini se trouve r\u00e9sum\u00e9e dans une formule&#160;: \u00ab&#160;gu\u00e9rir les Italiens de la lutte politique&#160;\u00bb.<\/p><cite>Fulvio Cammarano<\/cite><\/blockquote><\/figure>\n\n\n\n<p>Ce fut l&rsquo;explosion lib\u00e9ratrice, hors de la logique partisane, du mouvement de 1968 \u2014&nbsp;\u00ab&#160;une rare saison de bonheur public&#160;\u00bb, comme l&rsquo;a appel\u00e9 Anna Rossi-Doria \u2014 avec toutes ses contradictions, qui a mis fin \u00e0 l&rsquo;absence s\u00e9culaire des luttes publiques pour les droits et les libert\u00e9s. De mani\u00e8re significative, les ann\u00e9es qui suivent verront une acc\u00e9l\u00e9ration de la l\u00e9gislation sur les droits civils, \u00e9galement gr\u00e2ce \u00e0 la diffusion de la pratique r\u00e9f\u00e9rendaire et au nouveau protagonisme social qui trouve dans le petit parti radical et le mouvement f\u00e9ministe les principales r\u00e9f\u00e9rences de l&rsquo;expansion de la sph\u00e8re de libert\u00e9.<\/p>\n\n\n\n<p>Ce moment est celui de l\u2019adoption de lois sur des questions d\u00e9cisives pour les droits individuels et sociaux&#160;: divorce, objection de conscience au service militaire, droit de la famille, avortement \u2014 pour ne citer que les normes les plus importantes entr\u00e9es en vigueur en quelques ann\u00e9es. Cela semblait \u00eatre le d\u00e9but d&rsquo;une prise de conscience qui n&rsquo;avait jamais exist\u00e9 auparavant et qui, partant des besoins et des d\u00e9sirs individuels et collectifs, de l&rsquo;intol\u00e9rance envers le conformisme culturel et les coutumes, para\u00eet \u00eatre le pr\u00e9sage d\u2019une mutation des mentalit\u00e9s et une mani\u00e8re diff\u00e9rente de comprendre la citoyennet\u00e9.<\/p>\n\n\n\n<p>Ce ne fut pas le cas. D&rsquo;autre part, comme le rappelait Machiavel en son temps, le moment l\u00e9gislatif n&rsquo;est pas l&rsquo;aboutissement d&rsquo;un conflit, mais le r\u00e9sultat d&rsquo;un processus toujours ouvert qu&rsquo;il serait erron\u00e9 de consid\u00e9rer comme achev\u00e9. Par cons\u00e9quent, ces mouvements et ces r\u00e9alisations, aid\u00e9s \u00e9galement par les ann\u00e9es du terrorisme et la \u00ab&#160;strat\u00e9gie de la tension&#160;\u00bb, n&rsquo;ont pas produit un changement profond du \u00ab&#160;sentiment civique&#160;\u00bb des Italiens. C&rsquo;est pr\u00e9cis\u00e9ment en r\u00e9f\u00e9rence \u00e0 ces ann\u00e9es-l\u00e0 que nous devons nous interroger sur les raisons pour lesquelles ce n&rsquo;est qu&rsquo;en Italie qu&rsquo;il a \u00e9t\u00e9 consid\u00e9r\u00e9 possible d&rsquo;imaginer, de la part de certains appareils d&rsquo;\u00c9tat \u00ab&#160;d\u00e9vi\u00e9s&#160;\u00bb, une modalit\u00e9 meurtri\u00e8re pour mettre fin aux processus de d\u00e9mocratisation en cours. Vraisemblablement, malgr\u00e9 la sous-estimation de la capacit\u00e9 de r\u00e9ponse des institutions r\u00e9publicaines et l&rsquo;\u00e9troitesse du cadre rigide des relations internationales, cette hypoth\u00e8se subversive a d\u00fb sembler fonctionnelle pr\u00e9cis\u00e9ment \u00e0 la lumi\u00e8re de la fragilit\u00e9 reconnue de la conscience d\u00e9mocratique d&rsquo;un pays qui avait fait croire aux cercles golpistes que troquer la libert\u00e9 contre le retour \u00e0 l&rsquo;ordre \u00e9tait tout \u00e0 fait envisageable.<\/p>\n\n\n\n<figure class=\"wp-block-pullquote\"><blockquote><p>Comme le rappelait Machiavel, le moment l\u00e9gislatif n&rsquo;est pas l&rsquo;aboutissement d&rsquo;un conflit, mais le r\u00e9sultat d&rsquo;un processus toujours ouvert qu&rsquo;il serait erron\u00e9 de consid\u00e9rer comme achev\u00e9.<\/p><cite>Fulvio Cammarano<\/cite><\/blockquote><\/figure>\n\n\n\n<p>Une chose est certaine, c&rsquo;est que depuis ce moment, la question des droits collectifs est redevenue superflue par rapport au probl\u00e8me de l&rsquo;\u00e9galit\u00e9 \u00e9conomique \u2014 les droits qui comptent sont avant tout les droits syndicaux, sur lesquels l&rsquo;ombre de la nouvelle \u00e8re de Thatcher et Reagan commence \u00e0 planer \u2014 ou \u00e0 \u00eatre index\u00e9e sur la satisfaction des d\u00e9sirs individuels au sein d&rsquo;une nouvelle culture de consommation. Ce sont les ann\u00e9es 1980, charg\u00e9es de revendications pour plus de libert\u00e9 personnelle, qui ont conduit au r\u00e9sultat paradoxal d&rsquo;un clivage dans lequel les droits, surtout avec le d\u00e9but du nouveau mill\u00e9naire, ont \u00e9t\u00e9 pr\u00e9sent\u00e9s comme un luxe de l&rsquo;\u00e9lite, tandis que le r\u00e9cit populiste a ramen\u00e9 au centre la question de l&rsquo;ordre et de la s\u00e9curit\u00e9 contre la crise \u00e9conomique&#160;: la pr\u00e9servation des emplois en \u00e9change de droits acquis, syndicaux ou autres. Que dire de l&rsquo;acceptation p\u00e9renne et indiff\u00e9rente de la violence inique du \u00ab&#160;caporalato&#160;\u00bb ou de l&rsquo;absence de r\u00e9action de la place publique et de la soci\u00e9t\u00e9 civile face \u00e0 des \u00e9v\u00e9nements tels que le passage \u00e0 tabac de manifestants dans la caserne de Bolzaneto \u00e0 G\u00eanes, o\u00f9 l\u2019on fut contraint de constater l&rsquo;absence des garanties les plus \u00e9l\u00e9mentaires de l&rsquo;<em>habeas corpus<\/em>, ou inviolabilit\u00e9 personnelle, codifi\u00e9es dans le droit anglais depuis le XIIe si\u00e8cle&#160;?<\/p>\n\n\n\n\n\n<figure class=\"wp-block-image wp-block-image-large\"\n    data-shadow=\"false\"\n    data-use-original-file=\"false\">\n    <a\n        data-pswp-src=\"https:\/\/legrandcontinent.eu\/fr\/wp-content\/uploads\/sites\/2\/2022\/10\/SIPA_AP22733888_000013-scaled.jpg\"\n        class=\"inline-block gallery-item no-underline \"\n        data-pswp-width=\"2560\"\n        data-pswp-height=\"1706\">\n                                        <picture>\r\n                    <source\r\n                srcset=\"https:\/\/legrandcontinent.eu\/fr\/wp-content\/uploads\/sites\/2\/2022\/10\/SIPA_AP22733888_000013-330x220.jpg\"\r\n                media=\"(max-width: 374px)\" \/>\r\n                    <source\r\n                srcset=\"https:\/\/legrandcontinent.eu\/fr\/wp-content\/uploads\/sites\/2\/2022\/10\/SIPA_AP22733888_000013-690x460.jpg\"\r\n                media=\"(max-width: 989px)\" \/>\r\n                    <source\r\n                srcset=\"https:\/\/legrandcontinent.eu\/fr\/wp-content\/uploads\/sites\/2\/2022\/10\/SIPA_AP22733888_000013-1340x893.jpg\"\r\n                media=\"(min-width: 990px)\" \/>\r\n                <img decoding=\"async\" src=\"https:\/\/legrandcontinent.eu\/fr\/wp-content\/uploads\/sites\/2\/2022\/10\/SIPA_AP22733888_000013-125x83.jpg\" \/>\r\n        <\/picture>\r\n                            \n                    <figcaption class=\"pswp-caption-content \">\u00a9 AP Photo\/Gregorio Borgia<\/figcaption>\n            <\/a>\n<\/figure>\n\n\n<p>L&rsquo;histoire de l\u2019Italie se r\u00e9v\u00e8le ainsi \u00eatre une histoire de fragilit\u00e9 dans l&rsquo;enracinement du principe de la citoyennet\u00e9 collective, d&rsquo;une identit\u00e9 nationale \u00e0 construire sur le conflit politique indispensable pour cimenter la conscience de la place des droits et des libert\u00e9s collectives. Cette fragilit\u00e9 est la cl\u00e9 pour d\u00e9chiffrer les causes de la mont\u00e9e actuelle de l&rsquo;imaginaire fasciste, toujours pas entrav\u00e9e par des anticorps suffisamment puissants au sein d\u2019une soci\u00e9t\u00e9 qui n&rsquo;a pas vu \u2014&nbsp;sauf exceptions importantes et minoritaires \u2014 dans la d\u00e9fense des libert\u00e9s et des droits civils un barrage insurmontable.<\/p>\n\n\n\n<p>Face \u00e0 cette faiblesse, l&rsquo;alerte cons\u00e9quente et permanente des militants politiques et des intellectuels sur un \u00ab&#160;retour du fascisme&#160;\u00bb, provoqu\u00e9 par des \u00e9v\u00e9nements et des propositions de droite, nationalistes ou m\u00eame simplement conservatrices, ne devrait donc pas para\u00eetre \u00e9trange, aussi pathologique qu&rsquo;elle puisse para\u00eetre. Il s&rsquo;agit d&rsquo;une alarme qui est \u00e0 la fois exag\u00e9r\u00e9e et fond\u00e9e&#160;: la peur du fascisme aujourd&rsquo;hui est avant tout la m\u00e9fiance de la majorit\u00e9 des Italiens et elle d\u00e9coule de la conviction plus ou moins inconsciente que, aujourd&rsquo;hui comme hier, de nombreux concitoyens ne s&rsquo;y opposerait pas s\u2019il \u00e9tait justifi\u00e9 au nom de l&rsquo;ordre \u00e9conomique ou social et de la s\u00e9curit\u00e9. Et c&rsquo;est peut-\u00eatre la raison pour laquelle nos comptes avec le fascisme ne sont pas tout \u00e0 fait r\u00e9gl\u00e9. Car si la peur est plus que justifi\u00e9e, l&rsquo;auto-absolution, elle, ne l&rsquo;est pas.<\/p>\n\n\n\n<figure class=\"wp-block-pullquote\"><blockquote><p>La peur du fascisme aujourd&rsquo;hui est avant tout la m\u00e9fiance de la majorit\u00e9 des Italiens et elle d\u00e9coule de la conviction plus ou moins inconsciente que, aujourd&rsquo;hui comme hier, de nombreux concitoyens ne s&rsquo;y opposerait pas s\u2019il \u00e9tait justifi\u00e9 au nom de l&rsquo;ordre \u00e9conomique ou social et de la s\u00e9curit\u00e9.<\/p><cite>Fulvio Cammarano<\/cite><\/blockquote><\/figure>\n\n\n\n<p>Le probl\u00e8me de ceux qui voient le danger d&rsquo;un renouveau fasciste n&rsquo;est pas tant \u2014&nbsp;et pas seulement \u2014 celui, souvent r\u00e9p\u00e9t\u00e9 \u00e0 droite, de faire de l&rsquo;\u00e9lectoralisme sur l&rsquo;antifascisme  \u2014 ce qui a toujours \u00e9t\u00e9 une tentation non n\u00e9gligeable \u00e0 gauche. Le probl\u00e8me est bien plut\u00f4t celui, plus difficile \u00e0 admettre, de ne pas s&rsquo;engager, c&rsquo;est-\u00e0-dire de rejeter l&rsquo;id\u00e9e qu&rsquo;une partie substantielle de la culture politique lib\u00e9rale, d&rsquo;abord, puis populaire \u2014&nbsp;catholique et de gauche \u2014 a contribu\u00e9 historiquement \u00e0 affaiblir les fondements politiques et civils d&rsquo;une nation qui est devenue ce qu\u2019elle est sans jamais se passionner pour les valeurs de la d\u00e9mocratie des droits et des libert\u00e9s.<\/p>\n","protected":false},"excerpt":{"rendered":"<p>Cent ans apr\u00e8s la marche sur Rome, le spectre fasciste n&rsquo;a pas disparu. En Italie, il est quotidiennement visible dans l&rsquo;architecture, il \u00e9merge dans les d\u00e9bats politiques, \u00e0 la t\u00e9l\u00e9vision, dans les m\u00e9dias. Selon l&rsquo;historien Fulvio Cammarano, le travail de m\u00e9moire reste en partie \u00e0 faire. Mais il faut, surtout, se replonger dans l&rsquo;histoire politique italienne pour comprendre les raisons de sa permanence inqui\u00e9tante.<\/p>\n","protected":false},"author":10,"featured_media":165496,"comment_status":"open","ping_status":"open","sticky":false,"template":"templates\/post-angles.php","format":"standard","meta":{"_acf_changed":false,"_trash_the_other_posts":false,"_yoast_wpseo_estimated-reading-time-minutes":21,"footnotes":""},"categories":[2024],"tags":[],"staff":[3240],"editorial_format":[],"serie":[],"audience":[],"geo":[543],"class_list":["post-161189","post","type-post","status-publish","format-standard","hentry","category-histoire","staff-fulvio-cammarano","geo-mediterranee"],"acf":{"open_in_webview":false,"accent":false},"yoast_head":"<!-- This site is optimized with the Yoast SEO plugin v26.1.1 - https:\/\/yoast.com\/wordpress\/plugins\/seo\/ -->\n<title>Pourquoi le fascisme fait-il toujours aussi peur ? | Le Grand Continent<\/title>\n<meta name=\"robots\" content=\"index, follow, max-snippet:-1, max-image-preview:large, max-video-preview:-1\" \/>\n<link rel=\"canonical\" href=\"https:\/\/legrandcontinent.eu\/fr\/2022\/10\/28\/pourquoi-le-fascisme-nous-fait-il-toujours-aussi-peur\/\" \/>\n<meta property=\"og:locale\" content=\"fr_FR\" \/>\n<meta property=\"og:type\" content=\"article\" \/>\n<meta property=\"og:title\" content=\"Pourquoi le fascisme fait-il toujours aussi peur ? | Le Grand Continent\" \/>\n<meta property=\"og:description\" content=\"Cent ans apr\u00e8s la marche sur Rome, le spectre fasciste n&#039;a pas disparu. En Italie, il est quotidiennement visible dans l&#039;architecture, il \u00e9merge dans les d\u00e9bats politiques, \u00e0 la t\u00e9l\u00e9vision, dans les m\u00e9dias. Selon l&#039;historien Fulvio Cammarano, le travail de m\u00e9moire reste en partie \u00e0 faire. Mais il faut, surtout, se replonger dans l&#039;histoire politique italienne pour comprendre les raisons de sa permanence inqui\u00e9tante.\" \/>\n<meta property=\"og:url\" content=\"https:\/\/legrandcontinent.eu\/fr\/2022\/10\/28\/pourquoi-le-fascisme-nous-fait-il-toujours-aussi-peur\/\" \/>\n<meta property=\"og:site_name\" content=\"Le Grand Continent\" \/>\n<meta property=\"article:published_time\" content=\"2022-10-28T13:52:21+00:00\" \/>\n<meta property=\"article:modified_time\" content=\"2023-06-14T13:40:15+00:00\" \/>\n<meta property=\"og:image\" content=\"https:\/\/legrandcontinent.eu\/fr\/wp-content\/uploads\/sites\/2\/2022\/10\/gc-muss-scaled.jpg\" \/>\n\t<meta property=\"og:image:width\" content=\"2560\" \/>\n\t<meta property=\"og:image:height\" content=\"1435\" \/>\n\t<meta property=\"og:image:type\" content=\"image\/jpeg\" \/>\n<meta name=\"author\" content=\"Matheo Malik\" \/>\n<meta name=\"twitter:card\" content=\"summary_large_image\" \/>\n<meta name=\"twitter:image\" content=\"https:\/\/legrandcontinent.eu\/fr\/wp-content\/uploads\/sites\/2\/2022\/10\/gc-muss-scaled.jpg\" \/>\n<meta name=\"twitter:label1\" content=\"\u00c9crit par\" \/>\n\t<meta name=\"twitter:data1\" content=\"Matheo Malik\" \/>\n\t<meta name=\"twitter:label2\" content=\"Dur\u00e9e de lecture estim\u00e9e\" \/>\n\t<meta name=\"twitter:data2\" content=\"21 minutes\" \/>\n<script type=\"application\/ld+json\" class=\"yoast-schema-graph\">{\"@context\":\"https:\/\/schema.org\",\"@graph\":[{\"@type\":\"WebPage\",\"@id\":\"https:\/\/legrandcontinent.eu\/fr\/2022\/10\/28\/pourquoi-le-fascisme-nous-fait-il-toujours-aussi-peur\/\",\"url\":\"https:\/\/legrandcontinent.eu\/fr\/2022\/10\/28\/pourquoi-le-fascisme-nous-fait-il-toujours-aussi-peur\/\",\"name\":\"Pourquoi le fascisme fait-il toujours aussi peur ? | Le Grand Continent\",\"isPartOf\":{\"@id\":\"https:\/\/legrandcontinent.eu\/fr\/#website\"},\"primaryImageOfPage\":{\"@id\":\"https:\/\/legrandcontinent.eu\/fr\/2022\/10\/28\/pourquoi-le-fascisme-nous-fait-il-toujours-aussi-peur\/#primaryimage\"},\"image\":{\"@id\":\"https:\/\/legrandcontinent.eu\/fr\/2022\/10\/28\/pourquoi-le-fascisme-nous-fait-il-toujours-aussi-peur\/#primaryimage\"},\"thumbnailUrl\":\"https:\/\/legrandcontinent.eu\/fr\/wp-content\/uploads\/sites\/2\/2022\/10\/SIPA_00882081_000011-scaled.jpg\",\"datePublished\":\"2022-10-28T13:52:21+00:00\",\"dateModified\":\"2023-06-14T13:40:15+00:00\",\"author\":{\"@id\":\"https:\/\/legrandcontinent.eu\/fr\/#\/schema\/person\/a1c2123a1ef5abd663fcde8f63063d45\"},\"breadcrumb\":{\"@id\":\"https:\/\/legrandcontinent.eu\/fr\/2022\/10\/28\/pourquoi-le-fascisme-nous-fait-il-toujours-aussi-peur\/#breadcrumb\"},\"inLanguage\":\"fr-FR\",\"potentialAction\":[{\"@type\":\"ReadAction\",\"target\":[\"https:\/\/legrandcontinent.eu\/fr\/2022\/10\/28\/pourquoi-le-fascisme-nous-fait-il-toujours-aussi-peur\/\"]}]},{\"@type\":\"ImageObject\",\"inLanguage\":\"fr-FR\",\"@id\":\"https:\/\/legrandcontinent.eu\/fr\/2022\/10\/28\/pourquoi-le-fascisme-nous-fait-il-toujours-aussi-peur\/#primaryimage\",\"url\":\"https:\/\/legrandcontinent.eu\/fr\/wp-content\/uploads\/sites\/2\/2022\/10\/SIPA_00882081_000011-scaled.jpg\",\"contentUrl\":\"https:\/\/legrandcontinent.eu\/fr\/wp-content\/uploads\/sites\/2\/2022\/10\/SIPA_00882081_000011-scaled.jpg\",\"width\":2560,\"height\":1707,\"caption\":\"Fascists coming from all over Italy celebrate the anniversary of the 1922 march on Rome, when the fascist movement led by Benito Mussolini took power\/\/BRANCOLINIROBERTO_1640011\/Credit:Roberto Brancolini\/SIPA\/1810281645\"},{\"@type\":\"BreadcrumbList\",\"@id\":\"https:\/\/legrandcontinent.eu\/fr\/2022\/10\/28\/pourquoi-le-fascisme-nous-fait-il-toujours-aussi-peur\/#breadcrumb\",\"itemListElement\":[{\"@type\":\"ListItem\",\"position\":1,\"name\":\"Accueil\",\"item\":\"https:\/\/legrandcontinent.eu\/fr\/\"},{\"@type\":\"ListItem\",\"position\":2,\"name\":\"Pourquoi le fascisme fait-il toujours aussi peur&#160;?\"}]},{\"@type\":\"WebSite\",\"@id\":\"https:\/\/legrandcontinent.eu\/fr\/#website\",\"url\":\"https:\/\/legrandcontinent.eu\/fr\/\",\"name\":\"Le Grand Continent\",\"description\":\"L&#039;\u00e9chelle pertinente\",\"potentialAction\":[{\"@type\":\"SearchAction\",\"target\":{\"@type\":\"EntryPoint\",\"urlTemplate\":\"https:\/\/legrandcontinent.eu\/fr\/?s={search_term_string}\"},\"query-input\":{\"@type\":\"PropertyValueSpecification\",\"valueRequired\":true,\"valueName\":\"search_term_string\"}}],\"inLanguage\":\"fr-FR\"},{\"@type\":\"Person\",\"@id\":\"https:\/\/legrandcontinent.eu\/fr\/#\/schema\/person\/a1c2123a1ef5abd663fcde8f63063d45\",\"name\":\"Matheo Malik\",\"image\":{\"@type\":\"ImageObject\",\"inLanguage\":\"fr-FR\",\"@id\":\"https:\/\/legrandcontinent.eu\/fr\/#\/schema\/person\/image\/\",\"url\":\"https:\/\/secure.gravatar.com\/avatar\/62cbadb9f7f0804282928747d8d2051d?s=96&d=mm&r=g\",\"contentUrl\":\"https:\/\/secure.gravatar.com\/avatar\/62cbadb9f7f0804282928747d8d2051d?s=96&d=mm&r=g\",\"caption\":\"Matheo Malik\"}}]}<\/script>\n<!-- \/ Yoast SEO plugin. -->","yoast_head_json":{"title":"Pourquoi le fascisme fait-il toujours aussi peur ? | Le Grand Continent","robots":{"index":"index","follow":"follow","max-snippet":"max-snippet:-1","max-image-preview":"max-image-preview:large","max-video-preview":"max-video-preview:-1"},"canonical":"https:\/\/legrandcontinent.eu\/fr\/2022\/10\/28\/pourquoi-le-fascisme-nous-fait-il-toujours-aussi-peur\/","og_locale":"fr_FR","og_type":"article","og_title":"Pourquoi le fascisme fait-il toujours aussi peur ? | Le Grand Continent","og_description":"Cent ans apr\u00e8s la marche sur Rome, le spectre fasciste n'a pas disparu. En Italie, il est quotidiennement visible dans l'architecture, il \u00e9merge dans les d\u00e9bats politiques, \u00e0 la t\u00e9l\u00e9vision, dans les m\u00e9dias. Selon l'historien Fulvio Cammarano, le travail de m\u00e9moire reste en partie \u00e0 faire. Mais il faut, surtout, se replonger dans l'histoire politique italienne pour comprendre les raisons de sa permanence inqui\u00e9tante.","og_url":"https:\/\/legrandcontinent.eu\/fr\/2022\/10\/28\/pourquoi-le-fascisme-nous-fait-il-toujours-aussi-peur\/","og_site_name":"Le Grand Continent","article_published_time":"2022-10-28T13:52:21+00:00","article_modified_time":"2023-06-14T13:40:15+00:00","og_image":[{"width":2560,"height":1435,"url":"https:\/\/legrandcontinent.eu\/fr\/wp-content\/uploads\/sites\/2\/2022\/10\/gc-muss-scaled.jpg","type":"image\/jpeg"}],"author":"Matheo Malik","twitter_card":"summary_large_image","twitter_image":"https:\/\/legrandcontinent.eu\/fr\/wp-content\/uploads\/sites\/2\/2022\/10\/gc-muss-scaled.jpg","twitter_misc":{"\u00c9crit par":"Matheo Malik","Dur\u00e9e de lecture estim\u00e9e":"21 minutes"},"schema":{"@context":"https:\/\/schema.org","@graph":[{"@type":"WebPage","@id":"https:\/\/legrandcontinent.eu\/fr\/2022\/10\/28\/pourquoi-le-fascisme-nous-fait-il-toujours-aussi-peur\/","url":"https:\/\/legrandcontinent.eu\/fr\/2022\/10\/28\/pourquoi-le-fascisme-nous-fait-il-toujours-aussi-peur\/","name":"Pourquoi le fascisme fait-il toujours aussi peur ? | Le Grand Continent","isPartOf":{"@id":"https:\/\/legrandcontinent.eu\/fr\/#website"},"primaryImageOfPage":{"@id":"https:\/\/legrandcontinent.eu\/fr\/2022\/10\/28\/pourquoi-le-fascisme-nous-fait-il-toujours-aussi-peur\/#primaryimage"},"image":{"@id":"https:\/\/legrandcontinent.eu\/fr\/2022\/10\/28\/pourquoi-le-fascisme-nous-fait-il-toujours-aussi-peur\/#primaryimage"},"thumbnailUrl":"https:\/\/legrandcontinent.eu\/fr\/wp-content\/uploads\/sites\/2\/2022\/10\/SIPA_00882081_000011-scaled.jpg","datePublished":"2022-10-28T13:52:21+00:00","dateModified":"2023-06-14T13:40:15+00:00","author":{"@id":"https:\/\/legrandcontinent.eu\/fr\/#\/schema\/person\/a1c2123a1ef5abd663fcde8f63063d45"},"breadcrumb":{"@id":"https:\/\/legrandcontinent.eu\/fr\/2022\/10\/28\/pourquoi-le-fascisme-nous-fait-il-toujours-aussi-peur\/#breadcrumb"},"inLanguage":"fr-FR","potentialAction":[{"@type":"ReadAction","target":["https:\/\/legrandcontinent.eu\/fr\/2022\/10\/28\/pourquoi-le-fascisme-nous-fait-il-toujours-aussi-peur\/"]}]},{"@type":"ImageObject","inLanguage":"fr-FR","@id":"https:\/\/legrandcontinent.eu\/fr\/2022\/10\/28\/pourquoi-le-fascisme-nous-fait-il-toujours-aussi-peur\/#primaryimage","url":"https:\/\/legrandcontinent.eu\/fr\/wp-content\/uploads\/sites\/2\/2022\/10\/SIPA_00882081_000011-scaled.jpg","contentUrl":"https:\/\/legrandcontinent.eu\/fr\/wp-content\/uploads\/sites\/2\/2022\/10\/SIPA_00882081_000011-scaled.jpg","width":2560,"height":1707,"caption":"Fascists coming from all over Italy celebrate the anniversary of the 1922 march on Rome, when the fascist movement led by Benito Mussolini took power\/\/BRANCOLINIROBERTO_1640011\/Credit:Roberto Brancolini\/SIPA\/1810281645"},{"@type":"BreadcrumbList","@id":"https:\/\/legrandcontinent.eu\/fr\/2022\/10\/28\/pourquoi-le-fascisme-nous-fait-il-toujours-aussi-peur\/#breadcrumb","itemListElement":[{"@type":"ListItem","position":1,"name":"Accueil","item":"https:\/\/legrandcontinent.eu\/fr\/"},{"@type":"ListItem","position":2,"name":"Pourquoi le fascisme fait-il toujours aussi peur&#160;?"}]},{"@type":"WebSite","@id":"https:\/\/legrandcontinent.eu\/fr\/#website","url":"https:\/\/legrandcontinent.eu\/fr\/","name":"Le Grand Continent","description":"L&#039;\u00e9chelle pertinente","potentialAction":[{"@type":"SearchAction","target":{"@type":"EntryPoint","urlTemplate":"https:\/\/legrandcontinent.eu\/fr\/?s={search_term_string}"},"query-input":{"@type":"PropertyValueSpecification","valueRequired":true,"valueName":"search_term_string"}}],"inLanguage":"fr-FR"},{"@type":"Person","@id":"https:\/\/legrandcontinent.eu\/fr\/#\/schema\/person\/a1c2123a1ef5abd663fcde8f63063d45","name":"Matheo Malik","image":{"@type":"ImageObject","inLanguage":"fr-FR","@id":"https:\/\/legrandcontinent.eu\/fr\/#\/schema\/person\/image\/","url":"https:\/\/secure.gravatar.com\/avatar\/62cbadb9f7f0804282928747d8d2051d?s=96&d=mm&r=g","contentUrl":"https:\/\/secure.gravatar.com\/avatar\/62cbadb9f7f0804282928747d8d2051d?s=96&d=mm&r=g","caption":"Matheo Malik"}}]}},"lgc_categories":[{"id":2024,"name":"Histoire","slug":"histoire"}],"lgc_author":{"id":3240,"name":"Fulvio Cammarano","slug":"fulvio-cammarano"},"feature_image_summary":{"url":"https:\/\/legrandcontinent.eu\/fr\/wp-content\/uploads\/sites\/2\/2022\/10\/SIPA_00882081_000011-scaled.jpg","width":2560,"height":1707,"alt":""},"feature_image_cover":{"url":"https:\/\/legrandcontinent.eu\/fr\/wp-content\/uploads\/sites\/2\/2022\/10\/SIPA_00882081_000011-scaled.jpg","width":2560,"height":1707,"alt":""},"term_position_data":null,"_links":{"self":[{"href":"https:\/\/legrandcontinent.eu\/fr\/wp-json\/wp\/v2\/posts\/161189","targetHints":{"allow":["GET"]}}],"collection":[{"href":"https:\/\/legrandcontinent.eu\/fr\/wp-json\/wp\/v2\/posts"}],"about":[{"href":"https:\/\/legrandcontinent.eu\/fr\/wp-json\/wp\/v2\/types\/post"}],"author":[{"embeddable":true,"href":"https:\/\/legrandcontinent.eu\/fr\/wp-json\/wp\/v2\/users\/10"}],"replies":[{"embeddable":true,"href":"https:\/\/legrandcontinent.eu\/fr\/wp-json\/wp\/v2\/comments?post=161189"}],"version-history":[{"count":0,"href":"https:\/\/legrandcontinent.eu\/fr\/wp-json\/wp\/v2\/posts\/161189\/revisions"}],"wp:featuredmedia":[{"embeddable":true,"href":"https:\/\/legrandcontinent.eu\/fr\/wp-json\/wp\/v2\/media\/165496"}],"wp:attachment":[{"href":"https:\/\/legrandcontinent.eu\/fr\/wp-json\/wp\/v2\/media?parent=161189"}],"wp:term":[{"taxonomy":"category","embeddable":true,"href":"https:\/\/legrandcontinent.eu\/fr\/wp-json\/wp\/v2\/categories?post=161189"},{"taxonomy":"post_tag","embeddable":true,"href":"https:\/\/legrandcontinent.eu\/fr\/wp-json\/wp\/v2\/tags?post=161189"},{"taxonomy":"staff","embeddable":true,"href":"https:\/\/legrandcontinent.eu\/fr\/wp-json\/wp\/v2\/staff?post=161189"},{"taxonomy":"editorial_format","embeddable":true,"href":"https:\/\/legrandcontinent.eu\/fr\/wp-json\/wp\/v2\/editorial_format?post=161189"},{"taxonomy":"serie","embeddable":true,"href":"https:\/\/legrandcontinent.eu\/fr\/wp-json\/wp\/v2\/serie?post=161189"},{"taxonomy":"audience","embeddable":true,"href":"https:\/\/legrandcontinent.eu\/fr\/wp-json\/wp\/v2\/audience?post=161189"},{"taxonomy":"geo","embeddable":true,"href":"https:\/\/legrandcontinent.eu\/fr\/wp-json\/wp\/v2\/geo?post=161189"}],"curies":[{"name":"wp","href":"https:\/\/api.w.org\/{rel}","templated":true}]}}