{"id":159166,"date":"2022-09-20T14:52:53","date_gmt":"2022-09-20T12:52:53","guid":{"rendered":"https:\/\/legrandcontinent.eu\/fr\/?p=159166"},"modified":"2022-09-20T15:25:49","modified_gmt":"2022-09-20T13:25:49","slug":"pour-la-premiere-fois-des-fonds-europeens-a-destination-de-la-hongrie-pourraient-etre-suspendus","status":"publish","type":"post","link":"https:\/\/legrandcontinent.eu\/fr\/2022\/09\/20\/pour-la-premiere-fois-des-fonds-europeens-a-destination-de-la-hongrie-pourraient-etre-suspendus\/","title":{"rendered":"Des fonds europ\u00e9ens \u00e0 destination de la Hongrie pourraient \u00eatre suspendus"},"content":{"rendered":"\n<ul class=\"wp-block-list\">\n<li>Jeudi dernier, le Parlement europ\u00e9en adoptait un rapport l\u2019amenant \u00e0 <a href=\"https:\/\/legrandcontinent.eu\/fr\/2022\/09\/15\/la-hongrie-ne-peut-plus-etre-consideree-comme-une-democratie-selon-le-parlement-europeen\/\">ne plus consid\u00e9rer la Hongrie comme une d\u00e9mocratie<\/a> mais comme un \u00ab&#160;r\u00e9gime hybride d\u2019autocratie \u00e9lectorale&#160;\u00bb. Dimanche, la Commission a propos\u00e9 la suspension d\u2019une partie de fonds europ\u00e9ens \u00e0 destination de Budapest.<\/li>\n<\/ul>\n\n\n\n<ul class=\"wp-block-list\">\n<li>La proposition de la Commission europ\u00e9enne concerne la suspension \u00ab&#160;de 65&#160;% des engagements relatifs \u00e0 trois programmes op\u00e9rationnels relevant de la politique de coh\u00e9sion, pour un montant estim\u00e9 \u00e0 7,5 milliards d&rsquo;euros (soit un tiers des fonds de coh\u00e9sion totaux allou\u00e9s au pays&#160;\u00bb.<\/li>\n<\/ul>\n\n\n\n<div class=\"iframe-container wp-block-image wp-block-image-medium  iframe-dw\">\n\t<div>\n\t\t<iframe class=\"absolute w-full h-full pin-t pin-l\" title=\"titolo\" aria-label=\"Interactive line chart\" src=\"\/\/datawrapper.dwcdn.net\/6XUPH\/1\/\" scrolling=\"no\" frameborder=\"0\"><\/iframe>\n\t<\/div>\n<\/div>\n\n\n\n<ul class=\"wp-block-list\">\n<li>Pour que les mesures soient adopt\u00e9es, il faut toutefois que la d\u00e9cision soit soutenue par les \u00c9tats membres. Cependant, le vote ne se fera pas \u00e0 l\u2019unanimit\u00e9 mais \u00e0 la majorit\u00e9 qualifi\u00e9e, de telle mani\u00e8re que celui-ci ne pourra pas \u00eatre bloqu\u00e9 par la Pologne.\u00a0<\/li>\n<\/ul>\n\n\n\n<ul class=\"wp-block-list\">\n<li>Lors de la r\u00e9union des commissaires europ\u00e9ens de dimanche, ils ont tous vot\u00e9 en faveur de la d\u00e9cision, m\u00eame Janusz Wojciechowski, le commissaire europ\u00e9en \u00e0 l\u2019Agriculture et au D\u00e9veloppement rural, de nationalit\u00e9 polonaise et membre du parti Droit et justice. Celui-ci a d\u00e9clar\u00e9 que sa \u00ab&#160;position sur cette question n&rsquo;\u00e9tait pas diff\u00e9rente de celle du commissaire hongrois&#160;\u00bb.\u00a0&nbsp;<span class='whitespace-nowrap'><span id='easy-footnote-1-159166' class='easy-footnote-margin-adjust'><\/span><span class='easy-footnote'><a href='https:\/\/legrandcontinent.eu\/fr\/2022\/09\/20\/pour-la-premiere-fois-des-fonds-europeens-a-destination-de-la-hongrie-pourraient-etre-suspendus\/#easy-footnote-bottom-1-159166' title='\u00a0&lt;a href=&quot;https:\/\/legrandcontinent.eu\/fr\/?p=159166&amp;amp;preview=true&amp;amp;_thumbnail_id=159167&quot;&gt;Tweet de Janusz Wojciechowski&lt;\/a&gt;, 18 septembre 2022.'><sup>1<\/sup><\/a><\/span><\/span>.<\/li>\n<\/ul>\n\n\n\n<div class=\"iframe-container wp-block-image wp-block-image-medium  iframe-dw\">\n\t<div>\n\t\t<iframe class=\"absolute w-full h-full pin-t pin-l\" title=\"titolo\" aria-label=\"Interactive line chart\" src=\"\/\/datawrapper.dwcdn.net\/K4OfV\/3\/\" scrolling=\"no\" frameborder=\"0\"><\/iframe>\n\t<\/div>\n<\/div>\n\n\n\n<ul class=\"wp-block-list\">\n<li>Budapest a jusqu&rsquo;au 19 novembre pour mettre en place des \u00ab&#160;mesures correctives&#160;\u00bb visant \u00e0 se conformer aux exigences de l\u2019Union en mati\u00e8re de lutte anticorruption, de r\u00e9gulation des march\u00e9s publics et d\u2019utilisation des fonds de l\u2019Union europ\u00e9enne.<\/li>\n<\/ul>\n\n\n\n<ul class=\"wp-block-list\">\n<li>Le Conseil dispose d\u2019une dur\u00e9e d\u2019un mois \u2014 qui pourra \u00eatre prolong\u00e9e de deux mois en raison de circonstances exceptionnelles \u2014 pour prendre une d\u00e9cision relative \u00e0 la suspension ou non de versements de fonds. La r\u00e9union d\u2019aujourd\u2019hui est \u00e9galement d\u00e9di\u00e9e \u00e0 la pr\u00e9paration du conseil europ\u00e9en qui doit se tenir les 20 et 21 octobre prochains.<\/li>\n<\/ul>\n","protected":false},"excerpt":{"rendered":"<p>Aujourd\u2019hui se tient le Conseil des affaires g\u00e9n\u00e9rales sous pr\u00e9sidence tch\u00e8que. La question de l\u2019\u00e9tat de droit y occupera une place importante, faisant suite aux r\u00e9centes d\u00e9clarations d\u2019Ursula von der Leyen relatives \u00e0 la suspension d\u2019une partie des versements de fonds europ\u00e9ens \u00e0 destination de la Hongrie. C\u2019est au Conseil que la d\u00e9cision finale appartiendra.<\/p>\n","protected":false},"author":2622,"featured_media":159167,"comment_status":"open","ping_status":"open","sticky":false,"template":"templates\/post-briefings.php","format":"standard","meta":{"_acf_changed":false,"_trash_the_other_posts":false,"_yoast_wpseo_estimated-reading-time-minutes":2,"footnotes":""},"categories":[1731],"tags":[],"staff":[],"editorial_format":[],"serie":[],"audience":[],"geo":[1917],"class_list":["post-159166","post","type-post","status-publish","format-standard","hentry","category-politique","geo-europe"],"acf":{"open_in_webview":false,"accent":false,"_thumbnail_id":159167,"excerpt":"Aujourd\u2019hui se tient le Conseil des affaires g\u00e9n\u00e9rales sous pr\u00e9sidence tch\u00e8que. La question de l\u2019\u00e9tat de droit y occupera une place importante, faisant suite aux r\u00e9centes d\u00e9clarations d\u2019Ursula von der Leyen relatives \u00e0 la suspension d\u2019une partie des versements de fonds europ\u00e9ens \u00e0 destination de la Hongrie. C\u2019est au Conseil que la d\u00e9cision finale appartiendra.","display_date":"","new_abstract":true},"yoast_head":"<!-- This site is optimized with the Yoast SEO plugin v26.1.1 - https:\/\/yoast.com\/wordpress\/plugins\/seo\/ -->\n<title>Des fonds europ\u00e9ens \u00e0 destination de la Hongrie pourraient \u00eatre suspendus | Le Grand Continent<\/title>\n<meta name=\"robots\" content=\"index, follow, max-snippet:-1, max-image-preview:large, max-video-preview:-1\" \/>\n<link rel=\"canonical\" href=\"https:\/\/legrandcontinent.eu\/fr\/2022\/09\/20\/pour-la-premiere-fois-des-fonds-europeens-a-destination-de-la-hongrie-pourraient-etre-suspendus\/\" \/>\n<meta property=\"og:locale\" content=\"fr_FR\" \/>\n<meta property=\"og:type\" content=\"article\" \/>\n<meta property=\"og:title\" content=\"Des fonds europ\u00e9ens \u00e0 destination de la Hongrie pourraient \u00eatre suspendus | Le Grand Continent\" \/>\n<meta property=\"og:description\" content=\"Aujourd\u2019hui se tient le Conseil des affaires g\u00e9n\u00e9rales sous pr\u00e9sidence tch\u00e8que. La question de l\u2019\u00e9tat de droit y occupera une place importante, faisant suite aux r\u00e9centes d\u00e9clarations d\u2019Ursula von der Leyen relatives \u00e0 la suspension d\u2019une partie des versements de fonds europ\u00e9ens \u00e0 destination de la Hongrie. C\u2019est au Conseil que la d\u00e9cision finale appartiendra.\" \/>\n<meta property=\"og:url\" content=\"https:\/\/legrandcontinent.eu\/fr\/2022\/09\/20\/pour-la-premiere-fois-des-fonds-europeens-a-destination-de-la-hongrie-pourraient-etre-suspendus\/\" \/>\n<meta property=\"og:site_name\" content=\"Le Grand Continent\" \/>\n<meta property=\"article:published_time\" content=\"2022-09-20T12:52:53+00:00\" \/>\n<meta property=\"article:modified_time\" content=\"2022-09-20T13:25:49+00:00\" \/>\n<meta property=\"og:image\" content=\"https:\/\/legrandcontinent.eu\/fr\/wp-content\/uploads\/sites\/2\/2022\/09\/Suspension-fonds-Hongrie_GC.jpg\" \/>\n\t<meta property=\"og:image:width\" content=\"1920\" \/>\n\t<meta property=\"og:image:height\" content=\"1107\" \/>\n\t<meta property=\"og:image:type\" content=\"image\/jpeg\" \/>\n<meta name=\"author\" content=\"Marin Saillofest\" \/>\n<meta name=\"twitter:card\" content=\"summary_large_image\" \/>\n<meta name=\"twitter:image\" content=\"https:\/\/legrandcontinent.eu\/fr\/wp-content\/uploads\/sites\/2\/2022\/09\/Suspension-fonds-Hongrie_GC.jpg\" \/>\n<meta name=\"twitter:label1\" content=\"\u00c9crit par\" \/>\n\t<meta name=\"twitter:data1\" content=\"Marin Saillofest\" \/>\n\t<meta name=\"twitter:label2\" content=\"Dur\u00e9e de lecture estim\u00e9e\" \/>\n\t<meta name=\"twitter:data2\" content=\"2 minutes\" \/>\n<script type=\"application\/ld+json\" class=\"yoast-schema-graph\">{\"@context\":\"https:\/\/schema.org\",\"@graph\":[{\"@type\":\"WebPage\",\"@id\":\"https:\/\/legrandcontinent.eu\/fr\/2022\/09\/20\/pour-la-premiere-fois-des-fonds-europeens-a-destination-de-la-hongrie-pourraient-etre-suspendus\/\",\"url\":\"https:\/\/legrandcontinent.eu\/fr\/2022\/09\/20\/pour-la-premiere-fois-des-fonds-europeens-a-destination-de-la-hongrie-pourraient-etre-suspendus\/\",\"name\":\"Des fonds europ\u00e9ens \u00e0 destination de la Hongrie pourraient \u00eatre suspendus | Le Grand Continent\",\"isPartOf\":{\"@id\":\"https:\/\/legrandcontinent.eu\/fr\/#website\"},\"primaryImageOfPage\":{\"@id\":\"https:\/\/legrandcontinent.eu\/fr\/2022\/09\/20\/pour-la-premiere-fois-des-fonds-europeens-a-destination-de-la-hongrie-pourraient-etre-suspendus\/#primaryimage\"},\"image\":{\"@id\":\"https:\/\/legrandcontinent.eu\/fr\/2022\/09\/20\/pour-la-premiere-fois-des-fonds-europeens-a-destination-de-la-hongrie-pourraient-etre-suspendus\/#primaryimage\"},\"thumbnailUrl\":\"https:\/\/legrandcontinent.eu\/fr\/wp-content\/uploads\/sites\/2\/2022\/09\/SIPA_AP22719995_000003-scaled.jpg\",\"datePublished\":\"2022-09-20T12:52:53+00:00\",\"dateModified\":\"2022-09-20T13:25:49+00:00\",\"author\":{\"@id\":\"https:\/\/legrandcontinent.eu\/fr\/#\/schema\/person\/e4f85f52220fc7b4cc3cfdb86d88e833\"},\"breadcrumb\":{\"@id\":\"https:\/\/legrandcontinent.eu\/fr\/2022\/09\/20\/pour-la-premiere-fois-des-fonds-europeens-a-destination-de-la-hongrie-pourraient-etre-suspendus\/#breadcrumb\"},\"inLanguage\":\"fr-FR\",\"potentialAction\":[{\"@type\":\"ReadAction\",\"target\":[\"https:\/\/legrandcontinent.eu\/fr\/2022\/09\/20\/pour-la-premiere-fois-des-fonds-europeens-a-destination-de-la-hongrie-pourraient-etre-suspendus\/\"]}]},{\"@type\":\"ImageObject\",\"inLanguage\":\"fr-FR\",\"@id\":\"https:\/\/legrandcontinent.eu\/fr\/2022\/09\/20\/pour-la-premiere-fois-des-fonds-europeens-a-destination-de-la-hongrie-pourraient-etre-suspendus\/#primaryimage\",\"url\":\"https:\/\/legrandcontinent.eu\/fr\/wp-content\/uploads\/sites\/2\/2022\/09\/SIPA_AP22719995_000003-scaled.jpg\",\"contentUrl\":\"https:\/\/legrandcontinent.eu\/fr\/wp-content\/uploads\/sites\/2\/2022\/09\/SIPA_AP22719995_000003-scaled.jpg\",\"width\":2560,\"height\":1801,\"caption\":\"Hungary's Prime Minister Viktor Orban listens to Serbian President Aleksandar Vucic during their talks in Belgrade, Serbia, Friday, Sept. 16, 2022. Orban is on a one day working visit to Serbia. (AP Photo\/Darko Vojinovic)\/XDMV103\/22259282382554\/\/2209161000\"},{\"@type\":\"BreadcrumbList\",\"@id\":\"https:\/\/legrandcontinent.eu\/fr\/2022\/09\/20\/pour-la-premiere-fois-des-fonds-europeens-a-destination-de-la-hongrie-pourraient-etre-suspendus\/#breadcrumb\",\"itemListElement\":[{\"@type\":\"ListItem\",\"position\":1,\"name\":\"Accueil\",\"item\":\"https:\/\/legrandcontinent.eu\/fr\/\"},{\"@type\":\"ListItem\",\"position\":2,\"name\":\"Des fonds europ\u00e9ens \u00e0 destination de la Hongrie pourraient \u00eatre suspendus\"}]},{\"@type\":\"WebSite\",\"@id\":\"https:\/\/legrandcontinent.eu\/fr\/#website\",\"url\":\"https:\/\/legrandcontinent.eu\/fr\/\",\"name\":\"Le Grand Continent\",\"description\":\"L&#039;\u00e9chelle pertinente\",\"potentialAction\":[{\"@type\":\"SearchAction\",\"target\":{\"@type\":\"EntryPoint\",\"urlTemplate\":\"https:\/\/legrandcontinent.eu\/fr\/?s={search_term_string}\"},\"query-input\":{\"@type\":\"PropertyValueSpecification\",\"valueRequired\":true,\"valueName\":\"search_term_string\"}}],\"inLanguage\":\"fr-FR\"},{\"@type\":\"Person\",\"@id\":\"https:\/\/legrandcontinent.eu\/fr\/#\/schema\/person\/e4f85f52220fc7b4cc3cfdb86d88e833\",\"name\":\"Marin Saillofest\",\"image\":{\"@type\":\"ImageObject\",\"inLanguage\":\"fr-FR\",\"@id\":\"https:\/\/legrandcontinent.eu\/fr\/#\/schema\/person\/image\/\",\"url\":\"https:\/\/secure.gravatar.com\/avatar\/87088698b4d967390c49ae6d4f1aa459?s=96&d=mm&r=g\",\"contentUrl\":\"https:\/\/secure.gravatar.com\/avatar\/87088698b4d967390c49ae6d4f1aa459?s=96&d=mm&r=g\",\"caption\":\"Marin Saillofest\"}}]}<\/script>\n<!-- \/ Yoast SEO plugin. -->","yoast_head_json":{"title":"Des fonds europ\u00e9ens \u00e0 destination de la Hongrie pourraient \u00eatre suspendus | Le Grand Continent","robots":{"index":"index","follow":"follow","max-snippet":"max-snippet:-1","max-image-preview":"max-image-preview:large","max-video-preview":"max-video-preview:-1"},"canonical":"https:\/\/legrandcontinent.eu\/fr\/2022\/09\/20\/pour-la-premiere-fois-des-fonds-europeens-a-destination-de-la-hongrie-pourraient-etre-suspendus\/","og_locale":"fr_FR","og_type":"article","og_title":"Des fonds europ\u00e9ens \u00e0 destination de la Hongrie pourraient \u00eatre suspendus | Le Grand Continent","og_description":"Aujourd\u2019hui se tient le Conseil des affaires g\u00e9n\u00e9rales sous pr\u00e9sidence tch\u00e8que. La question de l\u2019\u00e9tat de droit y occupera une place importante, faisant suite aux r\u00e9centes d\u00e9clarations d\u2019Ursula von der Leyen relatives \u00e0 la suspension d\u2019une partie des versements de fonds europ\u00e9ens \u00e0 destination de la Hongrie. C\u2019est au Conseil que la d\u00e9cision finale appartiendra.","og_url":"https:\/\/legrandcontinent.eu\/fr\/2022\/09\/20\/pour-la-premiere-fois-des-fonds-europeens-a-destination-de-la-hongrie-pourraient-etre-suspendus\/","og_site_name":"Le Grand Continent","article_published_time":"2022-09-20T12:52:53+00:00","article_modified_time":"2022-09-20T13:25:49+00:00","og_image":[{"width":1920,"height":1107,"url":"https:\/\/legrandcontinent.eu\/fr\/wp-content\/uploads\/sites\/2\/2022\/09\/Suspension-fonds-Hongrie_GC.jpg","type":"image\/jpeg"}],"author":"Marin Saillofest","twitter_card":"summary_large_image","twitter_image":"https:\/\/legrandcontinent.eu\/fr\/wp-content\/uploads\/sites\/2\/2022\/09\/Suspension-fonds-Hongrie_GC.jpg","twitter_misc":{"\u00c9crit par":"Marin Saillofest","Dur\u00e9e de lecture estim\u00e9e":"2 minutes"},"schema":{"@context":"https:\/\/schema.org","@graph":[{"@type":"WebPage","@id":"https:\/\/legrandcontinent.eu\/fr\/2022\/09\/20\/pour-la-premiere-fois-des-fonds-europeens-a-destination-de-la-hongrie-pourraient-etre-suspendus\/","url":"https:\/\/legrandcontinent.eu\/fr\/2022\/09\/20\/pour-la-premiere-fois-des-fonds-europeens-a-destination-de-la-hongrie-pourraient-etre-suspendus\/","name":"Des fonds europ\u00e9ens \u00e0 destination de la Hongrie pourraient \u00eatre suspendus | Le Grand Continent","isPartOf":{"@id":"https:\/\/legrandcontinent.eu\/fr\/#website"},"primaryImageOfPage":{"@id":"https:\/\/legrandcontinent.eu\/fr\/2022\/09\/20\/pour-la-premiere-fois-des-fonds-europeens-a-destination-de-la-hongrie-pourraient-etre-suspendus\/#primaryimage"},"image":{"@id":"https:\/\/legrandcontinent.eu\/fr\/2022\/09\/20\/pour-la-premiere-fois-des-fonds-europeens-a-destination-de-la-hongrie-pourraient-etre-suspendus\/#primaryimage"},"thumbnailUrl":"https:\/\/legrandcontinent.eu\/fr\/wp-content\/uploads\/sites\/2\/2022\/09\/SIPA_AP22719995_000003-scaled.jpg","datePublished":"2022-09-20T12:52:53+00:00","dateModified":"2022-09-20T13:25:49+00:00","author":{"@id":"https:\/\/legrandcontinent.eu\/fr\/#\/schema\/person\/e4f85f52220fc7b4cc3cfdb86d88e833"},"breadcrumb":{"@id":"https:\/\/legrandcontinent.eu\/fr\/2022\/09\/20\/pour-la-premiere-fois-des-fonds-europeens-a-destination-de-la-hongrie-pourraient-etre-suspendus\/#breadcrumb"},"inLanguage":"fr-FR","potentialAction":[{"@type":"ReadAction","target":["https:\/\/legrandcontinent.eu\/fr\/2022\/09\/20\/pour-la-premiere-fois-des-fonds-europeens-a-destination-de-la-hongrie-pourraient-etre-suspendus\/"]}]},{"@type":"ImageObject","inLanguage":"fr-FR","@id":"https:\/\/legrandcontinent.eu\/fr\/2022\/09\/20\/pour-la-premiere-fois-des-fonds-europeens-a-destination-de-la-hongrie-pourraient-etre-suspendus\/#primaryimage","url":"https:\/\/legrandcontinent.eu\/fr\/wp-content\/uploads\/sites\/2\/2022\/09\/SIPA_AP22719995_000003-scaled.jpg","contentUrl":"https:\/\/legrandcontinent.eu\/fr\/wp-content\/uploads\/sites\/2\/2022\/09\/SIPA_AP22719995_000003-scaled.jpg","width":2560,"height":1801,"caption":"Hungary's Prime Minister Viktor Orban listens to Serbian President Aleksandar Vucic during their talks in Belgrade, Serbia, Friday, Sept. 16, 2022. Orban is on a one day working visit to Serbia. (AP Photo\/Darko Vojinovic)\/XDMV103\/22259282382554\/\/2209161000"},{"@type":"BreadcrumbList","@id":"https:\/\/legrandcontinent.eu\/fr\/2022\/09\/20\/pour-la-premiere-fois-des-fonds-europeens-a-destination-de-la-hongrie-pourraient-etre-suspendus\/#breadcrumb","itemListElement":[{"@type":"ListItem","position":1,"name":"Accueil","item":"https:\/\/legrandcontinent.eu\/fr\/"},{"@type":"ListItem","position":2,"name":"Des fonds europ\u00e9ens \u00e0 destination de la Hongrie pourraient \u00eatre suspendus"}]},{"@type":"WebSite","@id":"https:\/\/legrandcontinent.eu\/fr\/#website","url":"https:\/\/legrandcontinent.eu\/fr\/","name":"Le Grand Continent","description":"L&#039;\u00e9chelle pertinente","potentialAction":[{"@type":"SearchAction","target":{"@type":"EntryPoint","urlTemplate":"https:\/\/legrandcontinent.eu\/fr\/?s={search_term_string}"},"query-input":{"@type":"PropertyValueSpecification","valueRequired":true,"valueName":"search_term_string"}}],"inLanguage":"fr-FR"},{"@type":"Person","@id":"https:\/\/legrandcontinent.eu\/fr\/#\/schema\/person\/e4f85f52220fc7b4cc3cfdb86d88e833","name":"Marin Saillofest","image":{"@type":"ImageObject","inLanguage":"fr-FR","@id":"https:\/\/legrandcontinent.eu\/fr\/#\/schema\/person\/image\/","url":"https:\/\/secure.gravatar.com\/avatar\/87088698b4d967390c49ae6d4f1aa459?s=96&d=mm&r=g","contentUrl":"https:\/\/secure.gravatar.com\/avatar\/87088698b4d967390c49ae6d4f1aa459?s=96&d=mm&r=g","caption":"Marin Saillofest"}}]}},"lgc_categories":[{"id":1731,"name":"Politique","slug":"politique"}],"lgc_author":null,"feature_image_summary":{"url":"https:\/\/legrandcontinent.eu\/fr\/wp-content\/uploads\/sites\/2\/2022\/09\/SIPA_AP22719995_000003-scaled.jpg","width":2560,"height":1801,"alt":""},"feature_image_cover":null,"term_position_data":null,"_links":{"self":[{"href":"https:\/\/legrandcontinent.eu\/fr\/wp-json\/wp\/v2\/posts\/159166","targetHints":{"allow":["GET"]}}],"collection":[{"href":"https:\/\/legrandcontinent.eu\/fr\/wp-json\/wp\/v2\/posts"}],"about":[{"href":"https:\/\/legrandcontinent.eu\/fr\/wp-json\/wp\/v2\/types\/post"}],"author":[{"embeddable":true,"href":"https:\/\/legrandcontinent.eu\/fr\/wp-json\/wp\/v2\/users\/2622"}],"replies":[{"embeddable":true,"href":"https:\/\/legrandcontinent.eu\/fr\/wp-json\/wp\/v2\/comments?post=159166"}],"version-history":[{"count":0,"href":"https:\/\/legrandcontinent.eu\/fr\/wp-json\/wp\/v2\/posts\/159166\/revisions"}],"wp:featuredmedia":[{"embeddable":true,"href":"https:\/\/legrandcontinent.eu\/fr\/wp-json\/wp\/v2\/media\/159167"}],"wp:attachment":[{"href":"https:\/\/legrandcontinent.eu\/fr\/wp-json\/wp\/v2\/media?parent=159166"}],"wp:term":[{"taxonomy":"category","embeddable":true,"href":"https:\/\/legrandcontinent.eu\/fr\/wp-json\/wp\/v2\/categories?post=159166"},{"taxonomy":"post_tag","embeddable":true,"href":"https:\/\/legrandcontinent.eu\/fr\/wp-json\/wp\/v2\/tags?post=159166"},{"taxonomy":"staff","embeddable":true,"href":"https:\/\/legrandcontinent.eu\/fr\/wp-json\/wp\/v2\/staff?post=159166"},{"taxonomy":"editorial_format","embeddable":true,"href":"https:\/\/legrandcontinent.eu\/fr\/wp-json\/wp\/v2\/editorial_format?post=159166"},{"taxonomy":"serie","embeddable":true,"href":"https:\/\/legrandcontinent.eu\/fr\/wp-json\/wp\/v2\/serie?post=159166"},{"taxonomy":"audience","embeddable":true,"href":"https:\/\/legrandcontinent.eu\/fr\/wp-json\/wp\/v2\/audience?post=159166"},{"taxonomy":"geo","embeddable":true,"href":"https:\/\/legrandcontinent.eu\/fr\/wp-json\/wp\/v2\/geo?post=159166"}],"curies":[{"name":"wp","href":"https:\/\/api.w.org\/{rel}","templated":true}]}}