{"id":157309,"date":"2022-09-09T16:46:03","date_gmt":"2022-09-09T14:46:03","guid":{"rendered":"https:\/\/legrandcontinent.eu\/fr\/?p=157309"},"modified":"2022-09-09T19:49:34","modified_gmt":"2022-09-09T17:49:34","slug":"retour-sur-les-70-annees-du-regne-delisabeth-ii","status":"publish","type":"post","link":"https:\/\/legrandcontinent.eu\/fr\/2022\/09\/09\/retour-sur-les-70-annees-du-regne-delisabeth-ii\/","title":{"rendered":"Les 70 ans de r\u00e8gne d&rsquo;\u00c9lisabeth II en 3 graphiques"},"content":{"rendered":"\n<ul class=\"wp-block-list\">\n<li>Le r\u00e8gne d\u2019\u00c9lisabeth II a marqu\u00e9 l\u2019histoire du XXe si\u00e8cle non seulement au Royaume-Uni, mais \u00e9galement \u00e0 travers le monde. Selon Buckingham Palace, en 2016, la reine avait visit\u00e9 plus de 117 pays \u00e0 travers le monde et parcouru plus d\u20191 500 000 kilom\u00e8tres.&nbsp;<\/li>\n<\/ul>\n\n\n\n<div class=\"iframe-container wp-block-image wp-block-image-medium  iframe-dw\">\n\t<div>\n\t\t<iframe class=\"absolute w-full h-full pin-t pin-l\" title=\"titolo\" aria-label=\"Interactive line chart\" src=\"\/\/datawrapper.dwcdn.net\/acaR9\/1\/\" scrolling=\"no\" frameborder=\"0\"><\/iframe>\n\t<\/div>\n<\/div>\n\n\n\n<ul class=\"wp-block-list\">\n<li>Entre 1952 et 2022, elle a conduit des visites officielles et a rencontr\u00e9 les chefs d\u2019\u00c9tat et de gouvernement de plus de 50 pays \u2014 sans compter les visites au sein du Commonwealth, ni celles ne comportant pas de caract\u00e8re officiel. Les \u00c9tats qu\u2019elle a le plus visit\u00e9 en qualit\u00e9 de Reine d\u2019Angleterre sont l\u2019Allemagne (7 visites officielles), la France (6 visites) et les \u00c9tats-Unis (5 visites). Au sein du Commonwealth, c\u2019est au Canada o\u00f9 elle s\u2019est le plus rendue, avec 32 visites entre 1957 et 2010&nbsp;<span class='whitespace-nowrap'><span id='easy-footnote-1-157309' class='easy-footnote-margin-adjust'><\/span><span class='easy-footnote'><a href='https:\/\/legrandcontinent.eu\/fr\/2022\/09\/09\/retour-sur-les-70-annees-du-regne-delisabeth-ii\/#easy-footnote-bottom-1-157309' title='\u00ab&amp;#160;&lt;a href=&quot;https:\/\/www.reuters.com\/world\/uk\/factbox-queen-elizabeths-reign-numbers-2022-09-08\/&quot;&gt;Factbox&amp;#160;: Queen Elizabeth&amp;rsquo;s reign in numbers&lt;\/a&gt;&amp;#160;\u00bb, &lt;em&gt;Reuters&lt;\/em&gt;, 8 septembre 2022.'><sup>1<\/sup><\/a><\/span><\/span>.<\/li>\n<\/ul>\n\n\n\n<div class=\"iframe-container wp-block-image wp-block-image-medium  iframe-dw\">\n\t<div>\n\t\t<iframe class=\"absolute w-full h-full pin-t pin-l\" title=\"titolo\" aria-label=\"Interactive line chart\" src=\"\/\/datawrapper.dwcdn.net\/uhYs9\/2\/\" scrolling=\"no\" frameborder=\"0\"><\/iframe>\n\t<\/div>\n<\/div>\n\n\n\n<ul class=\"wp-block-list\">\n<li>Si elle acc\u00e8de au tr\u00f4ne en f\u00e9vrier 1952, elle n\u2019a jamais rencontr\u00e9 Staline, d\u00e9c\u00e9d\u00e9 un an plus tard, en mars 1953. Elle a par contre connu et c\u00f4toy\u00e9 15 Premiers ministres britanniques diff\u00e9rents au cours de ses 70 ann\u00e9es sur le tr\u00f4ne, de Winston Churchill de 1952 \u00e0 1955 \u00e0 Liz Truss, qu\u2019elle n\u2019aura rencontr\u00e9e qu\u2019un fois depuis que cette derni\u00e8re a acc\u00e9d\u00e9 au 10 Downing Street.<\/li>\n<\/ul>\n\n\n\n<ul class=\"wp-block-list\">\n<li>Au cours de son r\u00e8gne, 14 pr\u00e9sidents am\u00e9ricains se sont succ\u00e9d\u00e9, 10 dirigeants sovi\u00e9tiques puis russes ainsi que 7 papes. Au total, elle aura v\u00e9cu et t\u00e9moign\u00e9 de plus d\u2019un tiers de l\u2019histoire des \u00c9tats-Unis (depuis la ratification de la Constitution le 21 juin 1788) au cours de son vivant.<\/li>\n<\/ul>\n\n\n\n<div class=\"iframe-container wp-block-image wp-block-image-large  iframe-dw\">\n\t<div>\n\t\t<iframe class=\"absolute w-full h-full pin-t pin-l\" title=\"titolo\" aria-label=\"Interactive line chart\" src=\"\/\/datawrapper.dwcdn.net\/Lu29w\/7\/\" scrolling=\"no\" frameborder=\"0\"><\/iframe>\n\t<\/div>\n<\/div>\n\n\n\n<ul class=\"wp-block-list\">\n<li>Ses ann\u00e9es pass\u00e9es en tant que reine permettent \u00e9galement d\u2019appr\u00e9cier une partie importante de l\u2019histoire et des avanc\u00e9es technologiques du XXe si\u00e8cle. En 1958, elle est la premi\u00e8re personne au Royaume-Uni \u00e0 effectuer un appel longue distance sans l\u2019assistance d\u2019un op\u00e9rateur, de Bristol \u00e0 \u00c9dimbourg. Au cours d\u2019une visite au Royal Signals and Radar Establishment en 1976, elle devient la premi\u00e8re monarque au monde \u00e0 envoyer un email. En 1957, elle prononce son premier discours de No\u00ebl \u00e0 la t\u00e9l\u00e9vision puis, en 2014, elle devient l\u2019une des premi\u00e8res personnalit\u00e9s de son rang \u00e0 envoyer un tweet.<\/li>\n<\/ul>\n\n\n\n<figure class=\"wp-block-embed is-type-rich is-provider-twitter wp-block-embed-twitter\"><div class=\"wp-block-embed__wrapper\">\n<blockquote class=\"twitter-tweet\" data-width=\"550\" data-dnt=\"true\"><p lang=\"qme\" dir=\"ltr\"><a href=\"https:\/\/twitter.com\/hashtag\/TheQueenTweets?src=hash&amp;ref_src=twsrc%5Etfw\">#TheQueenTweets<\/a> <a href=\"http:\/\/t.co\/jz69LOlGcD\">pic.twitter.com\/jz69LOlGcD<\/a><\/p>&mdash; The Royal Family (@RoyalFamily) <a href=\"https:\/\/twitter.com\/RoyalFamily\/status\/525597566495637504?ref_src=twsrc%5Etfw\">October 24, 2014<\/a><\/blockquote><script async src=\"https:\/\/platform.twitter.com\/widgets.js\" charset=\"utf-8\"><\/script>\n<\/div><\/figure>\n\n\n\n<ul class=\"wp-block-list\">\n<li>En 2017, <a href=\"https:\/\/legrandcontinent.eu\/fr\/2017\/12\/18\/la-couronne-dernier-joyau-du-royaume-uni\/\">dans nos colonnes<\/a>, Baptiste Roger-Lacan soulevait d\u00e9j\u00e0 la question pos\u00e9e par les frictions entre les nouvelles technologies ainsi que les formes modernes de communication et l\u2019institution anachronique qu\u2019est la monarchie britannique. Dans <a href=\"https:\/\/legrandcontinent.eu\/fr\/2022\/09\/08\/apres-elisabeth-ii-langleterre-dans-linterregne\/\">un article publi\u00e9 apr\u00e8s le d\u00e9c\u00e8s d\u2019\u00c9lisabeth II<\/a>, il rappelle la r\u00e9alit\u00e9 paradoxale de son r\u00e8gne&#160;: \u00ab&#160;\u00e0 mesure que l\u2019influence globale du Royaume-Uni a diminu\u00e9 et que le pays a paru toujours plus obnubil\u00e9 par une forme de fantasme post-imp\u00e9rial, sa souveraine est devenue une personnalit\u00e9 mondiale [&#8230;] aucune t\u00eate couronn\u00e9e ne jouit de l\u2019aura qu\u2019elle a su construire&#160;\u00bb.<\/li>\n<\/ul>\n","protected":false},"excerpt":{"rendered":"<p>La reine \u00c9lisabeth II vient de d\u00e9c\u00e9der hier au ch\u00e2teau de Balmoral, en \u00c9cosse. Couronn\u00e9e le 2 juin 1953, \u00e0 l\u2019\u00e2ge de 27 ans, elle est la monarque britannique ayant r\u00e9gn\u00e9 le plus longtemps de l\u2019histoire de la couronne. Pour saisir l\u2019ampleur des transformations qui ont travers\u00e9 le Royaume-Uni durant ses ann\u00e9es sur le tr\u00f4ne ainsi que l\u2019importance de son r\u00e8gne, nous vous proposons un retour sur ces 70 ann\u00e9es en chiffres.<\/p>\n","protected":false},"author":2622,"featured_media":157310,"comment_status":"open","ping_status":"open","sticky":false,"template":"templates\/post-briefings.php","format":"standard","meta":{"_acf_changed":false,"_trash_the_other_posts":false,"_yoast_wpseo_estimated-reading-time-minutes":3,"footnotes":""},"categories":[2024],"tags":[],"staff":[],"editorial_format":[],"serie":[],"audience":[],"geo":[1917],"class_list":["post-157309","post","type-post","status-publish","format-standard","hentry","category-histoire","geo-europe"],"acf":{"open_in_webview":false,"accent":false,"_thumbnail_id":157310,"excerpt":"La reine \u00c9lisabeth II vient de d\u00e9c\u00e9der hier au ch\u00e2teau de Balmoral, en \u00c9cosse. Couronn\u00e9e le 2 juin 1953, \u00e0 l\u2019\u00e2ge de 27 ans, elle est la monarque britannique ayant r\u00e9gn\u00e9 le plus longtemps de l\u2019histoire de la couronne. Pour saisir l\u2019ampleur des transformations qui ont travers\u00e9 le Royaume-Uni durant ses ann\u00e9es sur le tr\u00f4ne ainsi que l\u2019importance de son r\u00e8gne, nous vous proposons un retour sur ces 70 ann\u00e9es en chiffres.","display_date":"","new_abstract":true},"yoast_head":"<!-- This site is optimized with the Yoast SEO plugin v26.1.1 - https:\/\/yoast.com\/wordpress\/plugins\/seo\/ -->\n<title>Les 70 ans de r\u00e8gne d&#039;\u00c9lisabeth II en 3 graphiques | Le Grand Continent<\/title>\n<meta name=\"robots\" content=\"index, follow, max-snippet:-1, max-image-preview:large, max-video-preview:-1\" \/>\n<link rel=\"canonical\" href=\"https:\/\/legrandcontinent.eu\/fr\/2022\/09\/09\/retour-sur-les-70-annees-du-regne-delisabeth-ii\/\" \/>\n<meta property=\"og:locale\" content=\"fr_FR\" \/>\n<meta property=\"og:type\" content=\"article\" \/>\n<meta property=\"og:title\" content=\"Les 70 ans de r\u00e8gne d&#039;\u00c9lisabeth II en 3 graphiques | Le Grand Continent\" \/>\n<meta property=\"og:description\" content=\"La reine \u00c9lisabeth II vient de d\u00e9c\u00e9der hier au ch\u00e2teau de Balmoral, en \u00c9cosse. Couronn\u00e9e le 2 juin 1953, \u00e0 l\u2019\u00e2ge de 27 ans, elle est la monarque britannique ayant r\u00e9gn\u00e9 le plus longtemps de l\u2019histoire de la couronne. Pour saisir l\u2019ampleur des transformations qui ont travers\u00e9 le Royaume-Uni durant ses ann\u00e9es sur le tr\u00f4ne ainsi que l\u2019importance de son r\u00e8gne, nous vous proposons un retour sur ces 70 ann\u00e9es en chiffres.\" \/>\n<meta property=\"og:url\" content=\"https:\/\/legrandcontinent.eu\/fr\/2022\/09\/09\/retour-sur-les-70-annees-du-regne-delisabeth-ii\/\" \/>\n<meta property=\"og:site_name\" content=\"Le Grand Continent\" \/>\n<meta property=\"article:published_time\" content=\"2022-09-09T14:46:03+00:00\" \/>\n<meta property=\"article:modified_time\" content=\"2022-09-09T17:49:34+00:00\" \/>\n<meta property=\"og:image\" content=\"https:\/\/legrandcontinent.eu\/fr\/wp-content\/uploads\/sites\/2\/2022\/09\/retour-regne-Elisabeth-II-GC.jpg\" \/>\n\t<meta property=\"og:image:width\" content=\"1919\" \/>\n\t<meta property=\"og:image:height\" content=\"1103\" \/>\n\t<meta property=\"og:image:type\" content=\"image\/jpeg\" \/>\n<meta name=\"author\" content=\"Marin Saillofest\" \/>\n<meta name=\"twitter:card\" content=\"summary_large_image\" \/>\n<meta name=\"twitter:image\" content=\"https:\/\/legrandcontinent.eu\/fr\/wp-content\/uploads\/sites\/2\/2022\/09\/retour-regne-Elisabeth-II-GC.jpg\" \/>\n<meta name=\"twitter:label1\" content=\"\u00c9crit par\" \/>\n\t<meta name=\"twitter:data1\" content=\"Marin Saillofest\" \/>\n\t<meta name=\"twitter:label2\" content=\"Dur\u00e9e de lecture estim\u00e9e\" \/>\n\t<meta name=\"twitter:data2\" content=\"3 minutes\" \/>\n<script type=\"application\/ld+json\" class=\"yoast-schema-graph\">{\"@context\":\"https:\/\/schema.org\",\"@graph\":[{\"@type\":\"WebPage\",\"@id\":\"https:\/\/legrandcontinent.eu\/fr\/2022\/09\/09\/retour-sur-les-70-annees-du-regne-delisabeth-ii\/\",\"url\":\"https:\/\/legrandcontinent.eu\/fr\/2022\/09\/09\/retour-sur-les-70-annees-du-regne-delisabeth-ii\/\",\"name\":\"Les 70 ans de r\u00e8gne d'\u00c9lisabeth II en 3 graphiques | Le Grand Continent\",\"isPartOf\":{\"@id\":\"https:\/\/legrandcontinent.eu\/fr\/#website\"},\"primaryImageOfPage\":{\"@id\":\"https:\/\/legrandcontinent.eu\/fr\/2022\/09\/09\/retour-sur-les-70-annees-du-regne-delisabeth-ii\/#primaryimage\"},\"image\":{\"@id\":\"https:\/\/legrandcontinent.eu\/fr\/2022\/09\/09\/retour-sur-les-70-annees-du-regne-delisabeth-ii\/#primaryimage\"},\"thumbnailUrl\":\"https:\/\/legrandcontinent.eu\/fr\/wp-content\/uploads\/sites\/2\/2022\/09\/SIPA_AP20430807_000001-1-scaled.jpg\",\"datePublished\":\"2022-09-09T14:46:03+00:00\",\"dateModified\":\"2022-09-09T17:49:34+00:00\",\"author\":{\"@id\":\"https:\/\/legrandcontinent.eu\/fr\/#\/schema\/person\/e4f85f52220fc7b4cc3cfdb86d88e833\"},\"breadcrumb\":{\"@id\":\"https:\/\/legrandcontinent.eu\/fr\/2022\/09\/09\/retour-sur-les-70-annees-du-regne-delisabeth-ii\/#breadcrumb\"},\"inLanguage\":\"fr-FR\",\"potentialAction\":[{\"@type\":\"ReadAction\",\"target\":[\"https:\/\/legrandcontinent.eu\/fr\/2022\/09\/09\/retour-sur-les-70-annees-du-regne-delisabeth-ii\/\"]}]},{\"@type\":\"ImageObject\",\"inLanguage\":\"fr-FR\",\"@id\":\"https:\/\/legrandcontinent.eu\/fr\/2022\/09\/09\/retour-sur-les-70-annees-du-regne-delisabeth-ii\/#primaryimage\",\"url\":\"https:\/\/legrandcontinent.eu\/fr\/wp-content\/uploads\/sites\/2\/2022\/09\/SIPA_AP20430807_000001-1-scaled.jpg\",\"contentUrl\":\"https:\/\/legrandcontinent.eu\/fr\/wp-content\/uploads\/sites\/2\/2022\/09\/SIPA_AP20430807_000001-1-scaled.jpg\",\"width\":2560,\"height\":2550,\"caption\":\"** FILE ** Britain's Queen Elizabeth II addresses a vast gathering of more than a quarter of a million at the Ramlila Grounds, a huge public meeting place, outside the walls of Old Delhi, India, in this Jan. 28, 1961 file photo. The Queen will celebrate her 85th birthday on April 21, 2011. (AP Photo)\/INDIA_BRITAIN_QUEEN_AT_85_LON172\/\/0604180959\"},{\"@type\":\"BreadcrumbList\",\"@id\":\"https:\/\/legrandcontinent.eu\/fr\/2022\/09\/09\/retour-sur-les-70-annees-du-regne-delisabeth-ii\/#breadcrumb\",\"itemListElement\":[{\"@type\":\"ListItem\",\"position\":1,\"name\":\"Accueil\",\"item\":\"https:\/\/legrandcontinent.eu\/fr\/\"},{\"@type\":\"ListItem\",\"position\":2,\"name\":\"Les 70 ans de r\u00e8gne d&rsquo;\u00c9lisabeth II en 3 graphiques\"}]},{\"@type\":\"WebSite\",\"@id\":\"https:\/\/legrandcontinent.eu\/fr\/#website\",\"url\":\"https:\/\/legrandcontinent.eu\/fr\/\",\"name\":\"Le Grand Continent\",\"description\":\"L&#039;\u00e9chelle pertinente\",\"potentialAction\":[{\"@type\":\"SearchAction\",\"target\":{\"@type\":\"EntryPoint\",\"urlTemplate\":\"https:\/\/legrandcontinent.eu\/fr\/?s={search_term_string}\"},\"query-input\":{\"@type\":\"PropertyValueSpecification\",\"valueRequired\":true,\"valueName\":\"search_term_string\"}}],\"inLanguage\":\"fr-FR\"},{\"@type\":\"Person\",\"@id\":\"https:\/\/legrandcontinent.eu\/fr\/#\/schema\/person\/e4f85f52220fc7b4cc3cfdb86d88e833\",\"name\":\"Marin Saillofest\",\"image\":{\"@type\":\"ImageObject\",\"inLanguage\":\"fr-FR\",\"@id\":\"https:\/\/legrandcontinent.eu\/fr\/#\/schema\/person\/image\/\",\"url\":\"https:\/\/secure.gravatar.com\/avatar\/87088698b4d967390c49ae6d4f1aa459?s=96&d=mm&r=g\",\"contentUrl\":\"https:\/\/secure.gravatar.com\/avatar\/87088698b4d967390c49ae6d4f1aa459?s=96&d=mm&r=g\",\"caption\":\"Marin Saillofest\"}}]}<\/script>\n<!-- \/ Yoast SEO plugin. -->","yoast_head_json":{"title":"Les 70 ans de r\u00e8gne d'\u00c9lisabeth II en 3 graphiques | Le Grand Continent","robots":{"index":"index","follow":"follow","max-snippet":"max-snippet:-1","max-image-preview":"max-image-preview:large","max-video-preview":"max-video-preview:-1"},"canonical":"https:\/\/legrandcontinent.eu\/fr\/2022\/09\/09\/retour-sur-les-70-annees-du-regne-delisabeth-ii\/","og_locale":"fr_FR","og_type":"article","og_title":"Les 70 ans de r\u00e8gne d'\u00c9lisabeth II en 3 graphiques | Le Grand Continent","og_description":"La reine \u00c9lisabeth II vient de d\u00e9c\u00e9der hier au ch\u00e2teau de Balmoral, en \u00c9cosse. Couronn\u00e9e le 2 juin 1953, \u00e0 l\u2019\u00e2ge de 27 ans, elle est la monarque britannique ayant r\u00e9gn\u00e9 le plus longtemps de l\u2019histoire de la couronne. Pour saisir l\u2019ampleur des transformations qui ont travers\u00e9 le Royaume-Uni durant ses ann\u00e9es sur le tr\u00f4ne ainsi que l\u2019importance de son r\u00e8gne, nous vous proposons un retour sur ces 70 ann\u00e9es en chiffres.","og_url":"https:\/\/legrandcontinent.eu\/fr\/2022\/09\/09\/retour-sur-les-70-annees-du-regne-delisabeth-ii\/","og_site_name":"Le Grand Continent","article_published_time":"2022-09-09T14:46:03+00:00","article_modified_time":"2022-09-09T17:49:34+00:00","og_image":[{"width":1919,"height":1103,"url":"https:\/\/legrandcontinent.eu\/fr\/wp-content\/uploads\/sites\/2\/2022\/09\/retour-regne-Elisabeth-II-GC.jpg","type":"image\/jpeg"}],"author":"Marin Saillofest","twitter_card":"summary_large_image","twitter_image":"https:\/\/legrandcontinent.eu\/fr\/wp-content\/uploads\/sites\/2\/2022\/09\/retour-regne-Elisabeth-II-GC.jpg","twitter_misc":{"\u00c9crit par":"Marin Saillofest","Dur\u00e9e de lecture estim\u00e9e":"3 minutes"},"schema":{"@context":"https:\/\/schema.org","@graph":[{"@type":"WebPage","@id":"https:\/\/legrandcontinent.eu\/fr\/2022\/09\/09\/retour-sur-les-70-annees-du-regne-delisabeth-ii\/","url":"https:\/\/legrandcontinent.eu\/fr\/2022\/09\/09\/retour-sur-les-70-annees-du-regne-delisabeth-ii\/","name":"Les 70 ans de r\u00e8gne d'\u00c9lisabeth II en 3 graphiques | Le Grand Continent","isPartOf":{"@id":"https:\/\/legrandcontinent.eu\/fr\/#website"},"primaryImageOfPage":{"@id":"https:\/\/legrandcontinent.eu\/fr\/2022\/09\/09\/retour-sur-les-70-annees-du-regne-delisabeth-ii\/#primaryimage"},"image":{"@id":"https:\/\/legrandcontinent.eu\/fr\/2022\/09\/09\/retour-sur-les-70-annees-du-regne-delisabeth-ii\/#primaryimage"},"thumbnailUrl":"https:\/\/legrandcontinent.eu\/fr\/wp-content\/uploads\/sites\/2\/2022\/09\/SIPA_AP20430807_000001-1-scaled.jpg","datePublished":"2022-09-09T14:46:03+00:00","dateModified":"2022-09-09T17:49:34+00:00","author":{"@id":"https:\/\/legrandcontinent.eu\/fr\/#\/schema\/person\/e4f85f52220fc7b4cc3cfdb86d88e833"},"breadcrumb":{"@id":"https:\/\/legrandcontinent.eu\/fr\/2022\/09\/09\/retour-sur-les-70-annees-du-regne-delisabeth-ii\/#breadcrumb"},"inLanguage":"fr-FR","potentialAction":[{"@type":"ReadAction","target":["https:\/\/legrandcontinent.eu\/fr\/2022\/09\/09\/retour-sur-les-70-annees-du-regne-delisabeth-ii\/"]}]},{"@type":"ImageObject","inLanguage":"fr-FR","@id":"https:\/\/legrandcontinent.eu\/fr\/2022\/09\/09\/retour-sur-les-70-annees-du-regne-delisabeth-ii\/#primaryimage","url":"https:\/\/legrandcontinent.eu\/fr\/wp-content\/uploads\/sites\/2\/2022\/09\/SIPA_AP20430807_000001-1-scaled.jpg","contentUrl":"https:\/\/legrandcontinent.eu\/fr\/wp-content\/uploads\/sites\/2\/2022\/09\/SIPA_AP20430807_000001-1-scaled.jpg","width":2560,"height":2550,"caption":"** FILE ** Britain's Queen Elizabeth II addresses a vast gathering of more than a quarter of a million at the Ramlila Grounds, a huge public meeting place, outside the walls of Old Delhi, India, in this Jan. 28, 1961 file photo. The Queen will celebrate her 85th birthday on April 21, 2011. (AP Photo)\/INDIA_BRITAIN_QUEEN_AT_85_LON172\/\/0604180959"},{"@type":"BreadcrumbList","@id":"https:\/\/legrandcontinent.eu\/fr\/2022\/09\/09\/retour-sur-les-70-annees-du-regne-delisabeth-ii\/#breadcrumb","itemListElement":[{"@type":"ListItem","position":1,"name":"Accueil","item":"https:\/\/legrandcontinent.eu\/fr\/"},{"@type":"ListItem","position":2,"name":"Les 70 ans de r\u00e8gne d&rsquo;\u00c9lisabeth II en 3 graphiques"}]},{"@type":"WebSite","@id":"https:\/\/legrandcontinent.eu\/fr\/#website","url":"https:\/\/legrandcontinent.eu\/fr\/","name":"Le Grand Continent","description":"L&#039;\u00e9chelle pertinente","potentialAction":[{"@type":"SearchAction","target":{"@type":"EntryPoint","urlTemplate":"https:\/\/legrandcontinent.eu\/fr\/?s={search_term_string}"},"query-input":{"@type":"PropertyValueSpecification","valueRequired":true,"valueName":"search_term_string"}}],"inLanguage":"fr-FR"},{"@type":"Person","@id":"https:\/\/legrandcontinent.eu\/fr\/#\/schema\/person\/e4f85f52220fc7b4cc3cfdb86d88e833","name":"Marin Saillofest","image":{"@type":"ImageObject","inLanguage":"fr-FR","@id":"https:\/\/legrandcontinent.eu\/fr\/#\/schema\/person\/image\/","url":"https:\/\/secure.gravatar.com\/avatar\/87088698b4d967390c49ae6d4f1aa459?s=96&d=mm&r=g","contentUrl":"https:\/\/secure.gravatar.com\/avatar\/87088698b4d967390c49ae6d4f1aa459?s=96&d=mm&r=g","caption":"Marin Saillofest"}}]}},"lgc_categories":[{"id":2024,"name":"Histoire","slug":"histoire"}],"lgc_author":null,"feature_image_summary":{"url":"https:\/\/legrandcontinent.eu\/fr\/wp-content\/uploads\/sites\/2\/2022\/09\/SIPA_AP20430807_000001-1-scaled.jpg","width":2560,"height":2550,"alt":""},"feature_image_cover":null,"term_position_data":null,"_links":{"self":[{"href":"https:\/\/legrandcontinent.eu\/fr\/wp-json\/wp\/v2\/posts\/157309","targetHints":{"allow":["GET"]}}],"collection":[{"href":"https:\/\/legrandcontinent.eu\/fr\/wp-json\/wp\/v2\/posts"}],"about":[{"href":"https:\/\/legrandcontinent.eu\/fr\/wp-json\/wp\/v2\/types\/post"}],"author":[{"embeddable":true,"href":"https:\/\/legrandcontinent.eu\/fr\/wp-json\/wp\/v2\/users\/2622"}],"replies":[{"embeddable":true,"href":"https:\/\/legrandcontinent.eu\/fr\/wp-json\/wp\/v2\/comments?post=157309"}],"version-history":[{"count":0,"href":"https:\/\/legrandcontinent.eu\/fr\/wp-json\/wp\/v2\/posts\/157309\/revisions"}],"wp:featuredmedia":[{"embeddable":true,"href":"https:\/\/legrandcontinent.eu\/fr\/wp-json\/wp\/v2\/media\/157310"}],"wp:attachment":[{"href":"https:\/\/legrandcontinent.eu\/fr\/wp-json\/wp\/v2\/media?parent=157309"}],"wp:term":[{"taxonomy":"category","embeddable":true,"href":"https:\/\/legrandcontinent.eu\/fr\/wp-json\/wp\/v2\/categories?post=157309"},{"taxonomy":"post_tag","embeddable":true,"href":"https:\/\/legrandcontinent.eu\/fr\/wp-json\/wp\/v2\/tags?post=157309"},{"taxonomy":"staff","embeddable":true,"href":"https:\/\/legrandcontinent.eu\/fr\/wp-json\/wp\/v2\/staff?post=157309"},{"taxonomy":"editorial_format","embeddable":true,"href":"https:\/\/legrandcontinent.eu\/fr\/wp-json\/wp\/v2\/editorial_format?post=157309"},{"taxonomy":"serie","embeddable":true,"href":"https:\/\/legrandcontinent.eu\/fr\/wp-json\/wp\/v2\/serie?post=157309"},{"taxonomy":"audience","embeddable":true,"href":"https:\/\/legrandcontinent.eu\/fr\/wp-json\/wp\/v2\/audience?post=157309"},{"taxonomy":"geo","embeddable":true,"href":"https:\/\/legrandcontinent.eu\/fr\/wp-json\/wp\/v2\/geo?post=157309"}],"curies":[{"name":"wp","href":"https:\/\/api.w.org\/{rel}","templated":true}]}}